{"id":77,"name":"Hendrik Coers","url":"","description":"Hendrik Coers ist einer der beiden Gesch\u00e4ftsf\u00fchrer der Aventem GmbH in Hilden, die als Technikdienstleister be- vorzugt anspruchsvolle Events best\u00fcckt. Die Firma hat 60 feste Mitarbeiter:innen und equipped 600 Veranstaltungen im Jahr. In den entsprechenden Fachrankings der letzten Jahre belegt Aventem immer vordere Pl\u00e4tze.","link":"https:\/\/www.memo-media.de\/blog\/author\/hendrik-coers\/","slug":"hendrik-coers","avatar_urls":{"24":"https:\/\/www.memo-media.de\/blog\/wp-content\/uploads\/2024\/04\/img_2829-scaled-e1714040583837-150x150.jpeg","48":"https:\/\/www.memo-media.de\/blog\/wp-content\/uploads\/2024\/04\/img_2829-scaled-e1714040583837-150x150.jpeg","96":"https:\/\/www.memo-media.de\/blog\/wp-content\/uploads\/2024\/04\/img_2829-scaled-e1714040583837-150x150.jpeg"},"meta":[],"yoast_head":"<!-- This site is optimized with the Yoast SEO Premium plugin v20.5 (Yoast SEO v20.5) - https:\/\/yoast.com\/wordpress\/plugins\/seo\/ -->\n<title>Hendrik Coers, Autor bei memo-media Blog f\u00fcr die Eventplanung<\/title>\n<meta name=\"robots\" content=\"noindex, follow\" \/>\n<meta property=\"og:locale\" content=\"de_DE\" \/>\n<meta property=\"og:type\" content=\"profile\" \/>\n<meta property=\"og:title\" content=\"Hendrik Coers\" \/>\n<meta property=\"og:url\" content=\"https:\/\/www.memo-media.de\/blog\/author\/hendrik-coers\/\" \/>\n<meta property=\"og:site_name\" content=\"memo-media Blog f\u00fcr die Eventplanung\" \/>\n<meta property=\"og:image\" content=\"https:\/\/www.memo-media.de\/blog\/wp-content\/uploads\/2024\/04\/img_2829-scaled-e1714040583837.jpeg\" \/>\n\t<meta property=\"og:image:width\" content=\"1728\" \/>\n\t<meta property=\"og:image:height\" content=\"2214\" \/>\n\t<meta property=\"og:image:type\" content=\"image\/jpeg\" \/>\n<script type=\"application\/ld+json\" class=\"yoast-schema-graph\">{\"@context\":\"https:\/\/schema.org\",\"@graph\":[{\"@type\":\"ProfilePage\",\"@id\":\"https:\/\/www.memo-media.de\/blog\/author\/hendrik-coers\/\",\"url\":\"https:\/\/www.memo-media.de\/blog\/author\/hendrik-coers\/\",\"name\":\"Hendrik Coers, Autor bei memo-media Blog f\u00fcr die Eventplanung\",\"isPartOf\":{\"@id\":\"https:\/\/www.memo-media.de\/blog\/#website\"},\"breadcrumb\":{\"@id\":\"https:\/\/www.memo-media.de\/blog\/author\/hendrik-coers\/#breadcrumb\"},\"inLanguage\":\"de\",\"potentialAction\":[{\"@type\":\"ReadAction\",\"target\":[\"https:\/\/www.memo-media.de\/blog\/author\/hendrik-coers\/\"]}]},{\"@type\":\"BreadcrumbList\",\"@id\":\"https:\/\/www.memo-media.de\/blog\/author\/hendrik-coers\/#breadcrumb\",\"itemListElement\":[{\"@type\":\"ListItem\",\"position\":1,\"name\":\"Home\",\"item\":\"https:\/\/www.memo-media.de\/blog\/\"},{\"@type\":\"ListItem\",\"position\":2,\"name\":\"Archiv f\u00fcr Hendrik Coers\"}]},{\"@type\":\"WebSite\",\"@id\":\"https:\/\/www.memo-media.de\/blog\/#website\",\"url\":\"https:\/\/www.memo-media.de\/blog\/\",\"name\":\"memo-media Blog f\u00fcr die Eventplanung\",\"description\":\"News und Facts aus der Eventbranche f\u00fcr die Eventbranche\",\"potentialAction\":[{\"@type\":\"SearchAction\",\"target\":{\"@type\":\"EntryPoint\",\"urlTemplate\":\"https:\/\/www.memo-media.de\/blog\/?s={search_term_string}\"},\"query-input\":\"required name=search_term_string\"}],\"inLanguage\":\"de\"},{\"@type\":\"Person\",\"@id\":\"https:\/\/www.memo-media.de\/blog\/#\/schema\/person\/21f9a6d66ab4fefe23435c57558ba3c2\",\"name\":\"Hendrik Coers\",\"image\":{\"@type\":\"ImageObject\",\"inLanguage\":\"de\",\"@id\":\"https:\/\/www.memo-media.de\/blog\/#\/schema\/person\/image\/\",\"url\":\"https:\/\/www.memo-media.de\/blog\/wp-content\/uploads\/2024\/04\/img_2829-scaled-e1714040583837-150x150.jpeg\",\"contentUrl\":\"https:\/\/www.memo-media.de\/blog\/wp-content\/uploads\/2024\/04\/img_2829-scaled-e1714040583837-150x150.jpeg\",\"caption\":\"Hendrik Coers\"},\"description\":\"Hendrik Coers ist einer der beiden Gesch\u00e4ftsf\u00fchrer der Aventem GmbH in Hilden, die als Technikdienstleister be- vorzugt anspruchsvolle Events best\u00fcckt. Die Firma hat 60 feste Mitarbeiter:innen und equipped 600 Veranstaltungen im Jahr. In den entsprechenden Fachrankings der letzten Jahre belegt Aventem immer vordere Pl\u00e4tze.\",\"mainEntityOfPage\":{\"@id\":\"https:\/\/www.memo-media.de\/blog\/author\/hendrik-coers\/\"}}]}<\/script>\n<!-- \/ Yoast SEO Premium plugin. -->","yoast_head_json":{"title":"Hendrik Coers, Autor bei memo-media Blog f\u00fcr die Eventplanung","robots":{"index":"noindex","follow":"follow"},"og_locale":"de_DE","og_type":"profile","og_title":"Hendrik Coers","og_url":"https:\/\/www.memo-media.de\/blog\/author\/hendrik-coers\/","og_site_name":"memo-media Blog f\u00fcr die Eventplanung","og_image":[{"width":1728,"height":2214,"url":"https:\/\/www.memo-media.de\/blog\/wp-content\/uploads\/2024\/04\/img_2829-scaled-e1714040583837.jpeg","type":"image\/jpeg"}],"schema":{"@context":"https:\/\/schema.org","@graph":[{"@type":"ProfilePage","@id":"https:\/\/www.memo-media.de\/blog\/author\/hendrik-coers\/","url":"https:\/\/www.memo-media.de\/blog\/author\/hendrik-coers\/","name":"Hendrik Coers, Autor bei memo-media Blog f\u00fcr die Eventplanung","isPartOf":{"@id":"https:\/\/www.memo-media.de\/blog\/#website"},"breadcrumb":{"@id":"https:\/\/www.memo-media.de\/blog\/author\/hendrik-coers\/#breadcrumb"},"inLanguage":"de","potentialAction":[{"@type":"ReadAction","target":["https:\/\/www.memo-media.de\/blog\/author\/hendrik-coers\/"]}]},{"@type":"BreadcrumbList","@id":"https:\/\/www.memo-media.de\/blog\/author\/hendrik-coers\/#breadcrumb","itemListElement":[{"@type":"ListItem","position":1,"name":"Home","item":"https:\/\/www.memo-media.de\/blog\/"},{"@type":"ListItem","position":2,"name":"Archiv f\u00fcr Hendrik Coers"}]},{"@type":"WebSite","@id":"https:\/\/www.memo-media.de\/blog\/#website","url":"https:\/\/www.memo-media.de\/blog\/","name":"memo-media Blog f\u00fcr die Eventplanung","description":"News und Facts aus der Eventbranche f\u00fcr die Eventbranche","potentialAction":[{"@type":"SearchAction","target":{"@type":"EntryPoint","urlTemplate":"https:\/\/www.memo-media.de\/blog\/?s={search_term_string}"},"query-input":"required name=search_term_string"}],"inLanguage":"de"},{"@type":"Person","@id":"https:\/\/www.memo-media.de\/blog\/#\/schema\/person\/21f9a6d66ab4fefe23435c57558ba3c2","name":"Hendrik Coers","image":{"@type":"ImageObject","inLanguage":"de","@id":"https:\/\/www.memo-media.de\/blog\/#\/schema\/person\/image\/","url":"https:\/\/www.memo-media.de\/blog\/wp-content\/uploads\/2024\/04\/img_2829-scaled-e1714040583837-150x150.jpeg","contentUrl":"https:\/\/www.memo-media.de\/blog\/wp-content\/uploads\/2024\/04\/img_2829-scaled-e1714040583837-150x150.jpeg","caption":"Hendrik Coers"},"description":"Hendrik Coers ist einer der beiden Gesch\u00e4ftsf\u00fchrer der Aventem GmbH in Hilden, die als Technikdienstleister be- vorzugt anspruchsvolle Events best\u00fcckt. Die Firma hat 60 feste Mitarbeiter:innen und equipped 600 Veranstaltungen im Jahr. In den entsprechenden Fachrankings der letzten Jahre belegt Aventem immer vordere Pl\u00e4tze.","mainEntityOfPage":{"@id":"https:\/\/www.memo-media.de\/blog\/author\/hendrik-coers\/"}}]}},"_links":{"self":[{"href":"https:\/\/www.memo-media.de\/blog\/wp-json\/wp\/v2\/users\/77"}],"collection":[{"href":"https:\/\/www.memo-media.de\/blog\/wp-json\/wp\/v2\/users"}]}}