{"id":35,"name":"Karin Wolffrom","url":"http:\/\/www.memo-media.de","description":"Karin Wolffrom bereichert seit Januar 2018 das Team von memo-media. Als Gr\u00fcnderin der Online-Plattform www.catering-guides.de verf\u00fcgt sie \u00fcber ein vielseitiges Wissen \u00fcber die Cateringbranche und freut sich vor allem dar\u00fcber, dass das Thema Catering erneut in den Mittelpunkt von Veranstaltungen r\u00fcckt und nicht mehr nur als S\u00e4ttigungsfaktor betrachtet wird. Ihr KnowHow gibt sie auch als Gastdozentin an der DHBW Ravensburg weiter.","link":"https:\/\/www.memo-media.de\/blog\/author\/karin-wolffrom\/","slug":"karin-wolffrom","avatar_urls":{"24":"https:\/\/www.memo-media.de\/blog\/wp-content\/uploads\/2018\/01\/mg_1540-large-150x150.jpg","48":"https:\/\/www.memo-media.de\/blog\/wp-content\/uploads\/2018\/01\/mg_1540-large-150x150.jpg","96":"https:\/\/www.memo-media.de\/blog\/wp-content\/uploads\/2018\/01\/mg_1540-large-150x150.jpg"},"meta":[],"yoast_head":"<!-- This site is optimized with the Yoast SEO Premium plugin v20.5 (Yoast SEO v20.5) - https:\/\/yoast.com\/wordpress\/plugins\/seo\/ -->\n<title>Karin Wolffrom, Autor bei memo-media Blog f\u00fcr die Eventplanung<\/title>\n<meta name=\"robots\" content=\"noindex, follow\" \/>\n<meta property=\"og:locale\" content=\"de_DE\" \/>\n<meta property=\"og:type\" content=\"profile\" \/>\n<meta property=\"og:title\" content=\"Karin Wolffrom\" \/>\n<meta property=\"og:url\" content=\"https:\/\/www.memo-media.de\/blog\/author\/karin-wolffrom\/\" \/>\n<meta property=\"og:site_name\" content=\"memo-media Blog f\u00fcr die Eventplanung\" \/>\n<meta property=\"og:image\" content=\"https:\/\/www.memo-media.de\/blog\/wp-content\/uploads\/2018\/01\/mg_1540-large.jpg\" \/>\n\t<meta property=\"og:image:width\" content=\"1092\" \/>\n\t<meta property=\"og:image:height\" content=\"1080\" \/>\n\t<meta property=\"og:image:type\" content=\"image\/jpeg\" \/>\n<script type=\"application\/ld+json\" class=\"yoast-schema-graph\">{\"@context\":\"https:\/\/schema.org\",\"@graph\":[{\"@type\":\"ProfilePage\",\"@id\":\"https:\/\/www.memo-media.de\/blog\/author\/karin-wolffrom\/\",\"url\":\"https:\/\/www.memo-media.de\/blog\/author\/karin-wolffrom\/\",\"name\":\"Karin Wolffrom, Autor bei memo-media Blog f\u00fcr die Eventplanung\",\"isPartOf\":{\"@id\":\"https:\/\/www.memo-media.de\/blog\/#website\"},\"breadcrumb\":{\"@id\":\"https:\/\/www.memo-media.de\/blog\/author\/karin-wolffrom\/#breadcrumb\"},\"inLanguage\":\"de\",\"potentialAction\":[{\"@type\":\"ReadAction\",\"target\":[\"https:\/\/www.memo-media.de\/blog\/author\/karin-wolffrom\/\"]}]},{\"@type\":\"BreadcrumbList\",\"@id\":\"https:\/\/www.memo-media.de\/blog\/author\/karin-wolffrom\/#breadcrumb\",\"itemListElement\":[{\"@type\":\"ListItem\",\"position\":1,\"name\":\"Home\",\"item\":\"https:\/\/www.memo-media.de\/blog\/\"},{\"@type\":\"ListItem\",\"position\":2,\"name\":\"Archiv f\u00fcr Karin Wolffrom\"}]},{\"@type\":\"WebSite\",\"@id\":\"https:\/\/www.memo-media.de\/blog\/#website\",\"url\":\"https:\/\/www.memo-media.de\/blog\/\",\"name\":\"memo-media Blog f\u00fcr die Eventplanung\",\"description\":\"News und Facts aus der Eventbranche f\u00fcr die Eventbranche\",\"potentialAction\":[{\"@type\":\"SearchAction\",\"target\":{\"@type\":\"EntryPoint\",\"urlTemplate\":\"https:\/\/www.memo-media.de\/blog\/?s={search_term_string}\"},\"query-input\":\"required name=search_term_string\"}],\"inLanguage\":\"de\"},{\"@type\":\"Person\",\"@id\":\"https:\/\/www.memo-media.de\/blog\/#\/schema\/person\/10d940514becad2f83a8c6e964b433b1\",\"name\":\"Karin Wolffrom\",\"image\":{\"@type\":\"ImageObject\",\"inLanguage\":\"de\",\"@id\":\"https:\/\/www.memo-media.de\/blog\/#\/schema\/person\/image\/\",\"url\":\"https:\/\/www.memo-media.de\/blog\/wp-content\/uploads\/2018\/01\/mg_1540-large-150x150.jpg\",\"contentUrl\":\"https:\/\/www.memo-media.de\/blog\/wp-content\/uploads\/2018\/01\/mg_1540-large-150x150.jpg\",\"caption\":\"Karin Wolffrom\"},\"description\":\"Karin Wolffrom bereichert seit Januar 2018 das Team von memo-media. Als Gr\u00fcnderin der Online-Plattform www.catering-guides.de verf\u00fcgt sie \u00fcber ein vielseitiges Wissen \u00fcber die Cateringbranche und freut sich vor allem dar\u00fcber, dass das Thema Catering erneut in den Mittelpunkt von Veranstaltungen r\u00fcckt und nicht mehr nur als S\u00e4ttigungsfaktor betrachtet wird. Ihr KnowHow gibt sie auch als Gastdozentin an der DHBW Ravensburg weiter.\",\"sameAs\":[\"http:\/\/www.memo-media.de\"],\"mainEntityOfPage\":{\"@id\":\"https:\/\/www.memo-media.de\/blog\/author\/karin-wolffrom\/\"}}]}<\/script>\n<!-- \/ Yoast SEO Premium plugin. -->","yoast_head_json":{"title":"Karin Wolffrom, Autor bei memo-media Blog f\u00fcr die Eventplanung","robots":{"index":"noindex","follow":"follow"},"og_locale":"de_DE","og_type":"profile","og_title":"Karin Wolffrom","og_url":"https:\/\/www.memo-media.de\/blog\/author\/karin-wolffrom\/","og_site_name":"memo-media Blog f\u00fcr die Eventplanung","og_image":[{"width":1092,"height":1080,"url":"https:\/\/www.memo-media.de\/blog\/wp-content\/uploads\/2018\/01\/mg_1540-large.jpg","type":"image\/jpeg"}],"schema":{"@context":"https:\/\/schema.org","@graph":[{"@type":"ProfilePage","@id":"https:\/\/www.memo-media.de\/blog\/author\/karin-wolffrom\/","url":"https:\/\/www.memo-media.de\/blog\/author\/karin-wolffrom\/","name":"Karin Wolffrom, Autor bei memo-media Blog f\u00fcr die Eventplanung","isPartOf":{"@id":"https:\/\/www.memo-media.de\/blog\/#website"},"breadcrumb":{"@id":"https:\/\/www.memo-media.de\/blog\/author\/karin-wolffrom\/#breadcrumb"},"inLanguage":"de","potentialAction":[{"@type":"ReadAction","target":["https:\/\/www.memo-media.de\/blog\/author\/karin-wolffrom\/"]}]},{"@type":"BreadcrumbList","@id":"https:\/\/www.memo-media.de\/blog\/author\/karin-wolffrom\/#breadcrumb","itemListElement":[{"@type":"ListItem","position":1,"name":"Home","item":"https:\/\/www.memo-media.de\/blog\/"},{"@type":"ListItem","position":2,"name":"Archiv f\u00fcr Karin Wolffrom"}]},{"@type":"WebSite","@id":"https:\/\/www.memo-media.de\/blog\/#website","url":"https:\/\/www.memo-media.de\/blog\/","name":"memo-media Blog f\u00fcr die Eventplanung","description":"News und Facts aus der Eventbranche f\u00fcr die Eventbranche","potentialAction":[{"@type":"SearchAction","target":{"@type":"EntryPoint","urlTemplate":"https:\/\/www.memo-media.de\/blog\/?s={search_term_string}"},"query-input":"required name=search_term_string"}],"inLanguage":"de"},{"@type":"Person","@id":"https:\/\/www.memo-media.de\/blog\/#\/schema\/person\/10d940514becad2f83a8c6e964b433b1","name":"Karin Wolffrom","image":{"@type":"ImageObject","inLanguage":"de","@id":"https:\/\/www.memo-media.de\/blog\/#\/schema\/person\/image\/","url":"https:\/\/www.memo-media.de\/blog\/wp-content\/uploads\/2018\/01\/mg_1540-large-150x150.jpg","contentUrl":"https:\/\/www.memo-media.de\/blog\/wp-content\/uploads\/2018\/01\/mg_1540-large-150x150.jpg","caption":"Karin Wolffrom"},"description":"Karin Wolffrom bereichert seit Januar 2018 das Team von memo-media. Als Gr\u00fcnderin der Online-Plattform www.catering-guides.de verf\u00fcgt sie \u00fcber ein vielseitiges Wissen \u00fcber die Cateringbranche und freut sich vor allem dar\u00fcber, dass das Thema Catering erneut in den Mittelpunkt von Veranstaltungen r\u00fcckt und nicht mehr nur als S\u00e4ttigungsfaktor betrachtet wird. Ihr KnowHow gibt sie auch als Gastdozentin an der DHBW Ravensburg weiter.","sameAs":["http:\/\/www.memo-media.de"],"mainEntityOfPage":{"@id":"https:\/\/www.memo-media.de\/blog\/author\/karin-wolffrom\/"}}]}},"_links":{"self":[{"href":"https:\/\/www.memo-media.de\/blog\/wp-json\/wp\/v2\/users\/35"}],"collection":[{"href":"https:\/\/www.memo-media.de\/blog\/wp-json\/wp\/v2\/users"}]}}