{"id":9971,"date":"2019-10-08T14:00:56","date_gmt":"2019-10-08T12:00:56","guid":{"rendered":"https:\/\/www.memo-media.de\/blog\/?p=9971"},"modified":"2023-05-24T13:36:09","modified_gmt":"2023-05-24T11:36:09","slug":"mietmoebel-fuer-veranstaltungen-und-messen","status":"publish","type":"post","link":"https:\/\/www.memo-media.de\/blog\/mietmoebel-fuer-veranstaltungen-und-messen\/","title":{"rendered":"Immer passende Mietm\u00f6bel f\u00fcr Veranstaltungen und Messen von Event Rent"},"content":{"rendered":"<p>Auch wenn ich damit wahrscheinlich nicht zum deutschen Durchschnitt geh\u00f6re: Ich bin kein echter Fu\u00dfballfan. Dachte ich jedenfalls \u2013 bis ich vor wenigen Wochen auf einer Veranstaltung in der D\u00fcsseldorfer Merkur Spiel Arena, der Heimspiel Arena von Fortuna D\u00fcsseldorf und dem KFC Uerdingen 05, eingeladen war. <a href=\"https:\/\/www.eventrent.de\/\" target=\"_blank\" rel=\"noopener noreferrer\">Event Rent<\/a>, Experte in Sachen Mietm\u00f6bel f\u00fcr Veranstaltungen, war f\u00fcr <a href=\"https:\/\/www.eventrent.de\/de\/shop\/mobiliar\/theken\/\" target=\"_blank\" rel=\"noopener noreferrer\">Theken<\/a>, Tische, St\u00fchle, Bars, Catering-Bedarf, Teppiche sowie Teile des Messeequipments im gro\u00dfen VIP-Bereich und der zwei tempor\u00e4r erschaffenen Tagungsr\u00e4ume verantwortlich. Und ich durfte etwas ganz Besonderes erleben: Ins Geschehen der gro\u00dfen Messe und Party, die mitten auf dem Spielfeld stattfand, wurden die G\u00e4ste durch den Spielertunnel gelotst! Ein unglaubliches Gef\u00fchl, dort zu feiern, wo sonst die ganz Gro\u00dfen kicken. Statt einer Fu\u00dfballmannschaft waren 1.500 G\u00e4ste geladen \u2013 und durften dort feiern, essen und trinken.<\/p>\n<h3>20 Sattelz\u00fcge mit Material<\/h3>\n<div id=\"attachment_9979\" style=\"width: 310px\" class=\"wp-caption alignleft\"><a href=\"https:\/\/www.memo-media.de\/blog\/wp-content\/uploads\/2019\/10\/event-rent-mietmoebel-fuer-veranstaltungen-2.jpg\"><img aria-describedby=\"caption-attachment-9979\" decoding=\"async\" loading=\"lazy\" class=\"wp-image-9979 size-medium\" src=\"https:\/\/www.memo-media.de\/blog\/wp-content\/uploads\/2019\/10\/event-rent-mietmoebel-fuer-veranstaltungen-2-300x225.jpg\" alt=\"Zwischen Auf- und Abbau im Stadion lag nur wenig Zeit. \" width=\"300\" height=\"225\" srcset=\"https:\/\/www.memo-media.de\/blog\/wp-content\/uploads\/2019\/10\/event-rent-mietmoebel-fuer-veranstaltungen-2-300x225.jpg 300w, https:\/\/www.memo-media.de\/blog\/wp-content\/uploads\/2019\/10\/event-rent-mietmoebel-fuer-veranstaltungen-2-768x576.jpg 768w, https:\/\/www.memo-media.de\/blog\/wp-content\/uploads\/2019\/10\/event-rent-mietmoebel-fuer-veranstaltungen-2-72x54.jpg 72w, https:\/\/www.memo-media.de\/blog\/wp-content\/uploads\/2019\/10\/event-rent-mietmoebel-fuer-veranstaltungen-2-335x251.jpg 335w, https:\/\/www.memo-media.de\/blog\/wp-content\/uploads\/2019\/10\/event-rent-mietmoebel-fuer-veranstaltungen-2.jpg 1000w\" sizes=\"(max-width: 300px) 100vw, 300px\" \/><\/a><p id=\"caption-attachment-9979\" class=\"wp-caption-text\">Zwischen Auf- und Abbau im Stadion lag nur wenig Zeit.<\/p><\/div>\n<p>Aber anstatt nur den Rummel zu genie\u00dfen, wollte ich es nat\u00fcrlich genauer wissen: Wieso ist hier kein Rasen, sondern Teppichboden? Wo kommen das Mobiliar und die Bauten her? Und was passiert, wenn hier in ein paar Tagen wieder Fu\u00dfball gespielt werden soll? Fragen, die mir Marketing-Expertin Nadine Bollrath und Jens Bungert, frisch gebackenes Mitglied der Gesch\u00e4ftsf\u00fchrung von <a href=\"https:\/\/www.eventrent.de\/de\/ihre-ansprechpartner\/\" target=\"_blank\" rel=\"noopener noreferrer\">Event Rent<\/a>, beantwortet haben, als ich sie nach der Veranstaltung in Bocholt besucht habe. \u201eDie Veranstaltung in D\u00fcsseldorf war eine echte Herausforderung\u201c, erkl\u00e4rt Jens Bungert. \u201eDenn zwischen dem Auf- und dem Abbau lag aufgrund des aktiven Spielbetriebs, der dort stattfindet, nur wenig Zeit.\u201c Um genau zu sein, nur ein paar Tage\u2013 in dieser Zeit wurden 18 Sattelz\u00fcge voll Mietm\u00f6bel f\u00fcr Veranstaltungen und anderem Material in die Arena geschafft, Teppich wurde verlegt, St\u00fchle &amp; Tische, sowie mehr als 100 Meter an Theken auf- und wieder abgebaut, so dass im direkten Anschluss der neue Fu\u00dfballrasen verlegt werden konnte.<\/p>\n<p>Jens Bungerts Augen leuchten, als er davon erz\u00e4hlt \u2013 er ist stolz dass er und sein Team diese Aufgabe so gut gemeistert haben. Sein Highlight? \u201eDie Begeisterung der G\u00e4ste zu sp\u00fcren, die wirklich komplett fasziniert waren\u201c, erz\u00e4hlt er.<\/p>\n<h3>Mietm\u00f6bel f\u00fcr Veranstaltungen werden gem\u00fctlicher<\/h3>\n<div id=\"attachment_9980\" style=\"width: 310px\" class=\"wp-caption alignright\"><a href=\"https:\/\/www.memo-media.de\/blog\/wp-content\/uploads\/2019\/10\/event-rent-mietmoebel-fuer-veranstaltungen-3.jpg\"><img aria-describedby=\"caption-attachment-9980\" decoding=\"async\" loading=\"lazy\" class=\"wp-image-9980 size-medium\" src=\"https:\/\/www.memo-media.de\/blog\/wp-content\/uploads\/2019\/10\/event-rent-mietmoebel-fuer-veranstaltungen-3-300x200.jpg\" alt=\"Mietm\u00f6bel f\u00fcr Veranstaltungen im angesagten Shabby Chic. \" width=\"300\" height=\"200\" srcset=\"https:\/\/www.memo-media.de\/blog\/wp-content\/uploads\/2019\/10\/event-rent-mietmoebel-fuer-veranstaltungen-3-300x200.jpg 300w, https:\/\/www.memo-media.de\/blog\/wp-content\/uploads\/2019\/10\/event-rent-mietmoebel-fuer-veranstaltungen-3-768x512.jpg 768w, https:\/\/www.memo-media.de\/blog\/wp-content\/uploads\/2019\/10\/event-rent-mietmoebel-fuer-veranstaltungen-3-335x223.jpg 335w, https:\/\/www.memo-media.de\/blog\/wp-content\/uploads\/2019\/10\/event-rent-mietmoebel-fuer-veranstaltungen-3.jpg 1000w\" sizes=\"(max-width: 300px) 100vw, 300px\" \/><\/a><p id=\"caption-attachment-9980\" class=\"wp-caption-text\">Mietm\u00f6bel f\u00fcr Veranstaltungen im angesagten Shabby Chic.<\/p><\/div>\n<p>Fasziniert war ich auch, aber nicht nur vom besonderen Flair im Stadion, sondern auch dem Mobiliar, das dort aufgebaut war. Alles passte perfekt zur Umgebung, jedes St\u00fcck schien aufeinander abgestimmt. \u201eWir beraten unsere Kunden immer eingehend, welche Mietm\u00f6bel f\u00fcr Veranstaltungen zu ihnen passen und in welche Richtung sie gehen sollten\u201c, sagt Nadine Bollrath. Sterile Loungem\u00f6bel oder gem\u00fctliche Vintage-St\u00fccke mit Perserteppich und Dekolampen? \u201eWir sind viel auf Messen unterwegs, um keinen Trend zu verpassen\u201c, so Nadine Bollrath. \u201eUnd uns f\u00e4llt auf, dass viele Veranstalter es heute lieber gem\u00fctlich wollen.\u201c Dunkles Echtholz mit Stahlf\u00fc\u00dfen in Gold, Shabby Chic oder kultige alte Fahr- oder Motorr\u00e4der, die zu Theken umfunktioniert wurden: Die M\u00f6glichkeiten, die Event Rent bietet, sind riesig \u2013 genauso wie das Lager. Auf die Frage, welche Gr\u00f6\u00dfenordnung an Events das Unternehmen mit seinem Mobiliar f\u00fcr Veranstaltungen eigentlich ausstatten kann, lacht Jens Bungert. \u201eWir kennen eigentlich keine Grenzen\u201c, sagt er. \u201eWir wollen mit unserem Team immer alles f\u00fcr unsere Kunden m\u00f6glich machen.\u201c.<\/p>\n<h3>Servicepartner seit vielen Jahren<\/h3>\n<div id=\"attachment_9981\" style=\"width: 310px\" class=\"wp-caption alignleft\"><a href=\"https:\/\/www.memo-media.de\/blog\/wp-content\/uploads\/2019\/10\/event-rent-mietmoebel-fuer-veranstaltungen-4.jpg\"><img aria-describedby=\"caption-attachment-9981\" decoding=\"async\" loading=\"lazy\" class=\"wp-image-9981 size-medium\" src=\"https:\/\/www.memo-media.de\/blog\/wp-content\/uploads\/2019\/10\/event-rent-mietmoebel-fuer-veranstaltungen-4-300x225.jpg\" alt=\"Blickfang: Ein Fahrrad als Theke. \" width=\"300\" height=\"225\" srcset=\"https:\/\/www.memo-media.de\/blog\/wp-content\/uploads\/2019\/10\/event-rent-mietmoebel-fuer-veranstaltungen-4-300x225.jpg 300w, https:\/\/www.memo-media.de\/blog\/wp-content\/uploads\/2019\/10\/event-rent-mietmoebel-fuer-veranstaltungen-4-768x576.jpg 768w, https:\/\/www.memo-media.de\/blog\/wp-content\/uploads\/2019\/10\/event-rent-mietmoebel-fuer-veranstaltungen-4-72x54.jpg 72w, https:\/\/www.memo-media.de\/blog\/wp-content\/uploads\/2019\/10\/event-rent-mietmoebel-fuer-veranstaltungen-4-335x251.jpg 335w, https:\/\/www.memo-media.de\/blog\/wp-content\/uploads\/2019\/10\/event-rent-mietmoebel-fuer-veranstaltungen-4.jpg 1000w\" sizes=\"(max-width: 300px) 100vw, 300px\" \/><\/a><p id=\"caption-attachment-9981\" class=\"wp-caption-text\">Blickfang: Ein Fahrrad als Theke.<\/p><\/div>\n<p>Das sch\u00e4tzt auch die Messe D\u00fcsseldorf, bei der <a href=\"https:\/\/www.eventrent.de\/\" target=\"_blank\" rel=\"noopener noreferrer\">Event Rent <\/a>bereits seit zw\u00f6lf Jahren als Servicepartner f\u00fcr <a href=\"https:\/\/www.memo-media.de\/blog\/nachhaltigkeit-nonfood-catering\/\">Mietequipment<\/a> f\u00fcr Veranstaltungen seine Dienste leistet \u2013 und das spricht sich herum: Seit kurzem ist der Verleiher auch bevorzugter Partner der Dortmunder Westfalenhallen sowie der Motorworld auf der Zeche Ewald in Herten. Event Rent baut auf einen engen pers\u00f6nlichen Kontakten, einen umfangreichen, individuellen Service und auf eine lange und partnerschaftliche Kundebeziehung. Einige von ihnen kennt Jens Bungert sogar noch aus seiner Kindheit, als er in seiner Freizeit schon nebenbei im Familienbetrieb seines Vaters geholfen hat.<\/p>\n<a  class=\"pixcode  pixcode--btn  btn  btn--large  btn--beta\" href=\"https:\/\/www.eventbranchenverzeichnis.de\/details\/event-rent-16392.html\" target=\"_blank\">Hier gibt es den Kontakt.<\/a>\n<p>&nbsp;<\/p>\n","protected":false},"excerpt":{"rendered":"<p>Auch wenn ich damit wahrscheinlich nicht zum deutschen Durchschnitt geh\u00f6re: Ich bin kein echter Fu\u00dfballfan. Dachte ich jedenfalls \u2013 bis&#8230;<\/p>\n","protected":false},"author":29,"featured_media":9978,"comment_status":"closed","ping_status":"open","sticky":false,"template":"","format":"standard","meta":[],"categories":[10],"tags":[948,946,1738,1819,124,1820],"yoast_head":"<!-- This site is optimized with the Yoast SEO Premium plugin v20.5 (Yoast SEO v20.5) - https:\/\/yoast.com\/wordpress\/plugins\/seo\/ -->\n<title>Mietm\u00f6bel f\u00fcr Veranstaltungen und Messen von Event Rent<\/title>\n<meta name=\"description\" content=\"Immer die passenden Mietm\u00f6bel f\u00fcr Veranstaltungen: Event Rent ist Experte f\u00fcr Theken, Tische, St\u00fchle, Bars, Catering-Bedarf, Teppiche und vieles andere.\" \/>\n<meta name=\"robots\" content=\"index, follow, max-snippet:-1, max-image-preview:large, max-video-preview:-1\" \/>\n<link rel=\"canonical\" href=\"https:\/\/www.memo-media.de\/blog\/mietmoebel-fuer-veranstaltungen-und-messen\/\" \/>\n<meta property=\"og:locale\" content=\"de_DE\" \/>\n<meta property=\"og:type\" content=\"article\" \/>\n<meta property=\"og:title\" content=\"Immer passende Mietm\u00f6bel f\u00fcr Veranstaltungen und Messen von Event Rent\" \/>\n<meta property=\"og:description\" content=\"Immer die passenden Mietm\u00f6bel f\u00fcr Veranstaltungen: Event Rent ist Experte f\u00fcr Theken, Tische, St\u00fchle, Bars, Catering-Bedarf, Teppiche und vieles andere.\" \/>\n<meta property=\"og:url\" content=\"https:\/\/www.memo-media.de\/blog\/mietmoebel-fuer-veranstaltungen-und-messen\/\" \/>\n<meta property=\"og:site_name\" content=\"memo-media Blog f\u00fcr die Eventplanung\" \/>\n<meta property=\"article:published_time\" content=\"2019-10-08T12:00:56+00:00\" \/>\n<meta property=\"article:modified_time\" content=\"2023-05-24T11:36:09+00:00\" \/>\n<meta property=\"og:image\" content=\"https:\/\/www.memo-media.de\/blog\/wp-content\/uploads\/2019\/10\/event-rent-mietmoebel-fuer-veranstaltungen-1.jpg\" \/>\n\t<meta property=\"og:image:width\" content=\"1050\" \/>\n\t<meta property=\"og:image:height\" content=\"804\" \/>\n\t<meta property=\"og:image:type\" content=\"image\/jpeg\" \/>\n<meta name=\"author\" content=\"Julia Gundelach\" \/>\n<meta name=\"twitter:label1\" content=\"Verfasst von\" \/>\n\t<meta name=\"twitter:data1\" content=\"Julia Gundelach\" \/>\n\t<meta name=\"twitter:label2\" content=\"Gesch\u00e4tzte Lesezeit\" \/>\n\t<meta name=\"twitter:data2\" content=\"4\u00a0Minuten\" \/>\n<script type=\"application\/ld+json\" class=\"yoast-schema-graph\">{\"@context\":\"https:\/\/schema.org\",\"@graph\":[{\"@type\":\"WebPage\",\"@id\":\"https:\/\/www.memo-media.de\/blog\/mietmoebel-fuer-veranstaltungen-und-messen\/\",\"url\":\"https:\/\/www.memo-media.de\/blog\/mietmoebel-fuer-veranstaltungen-und-messen\/\",\"name\":\"Mietm\u00f6bel f\u00fcr Veranstaltungen und Messen von Event Rent\",\"isPartOf\":{\"@id\":\"https:\/\/www.memo-media.de\/blog\/#website\"},\"datePublished\":\"2019-10-08T12:00:56+00:00\",\"dateModified\":\"2023-05-24T11:36:09+00:00\",\"author\":{\"@id\":\"https:\/\/www.memo-media.de\/blog\/#\/schema\/person\/b01cd365604b7a1226e889d3e8e6f56d\"},\"description\":\"Immer die passenden Mietm\u00f6bel f\u00fcr Veranstaltungen: Event Rent ist Experte f\u00fcr Theken, Tische, St\u00fchle, Bars, Catering-Bedarf, Teppiche und vieles andere.\",\"breadcrumb\":{\"@id\":\"https:\/\/www.memo-media.de\/blog\/mietmoebel-fuer-veranstaltungen-und-messen\/#breadcrumb\"},\"inLanguage\":\"de\",\"potentialAction\":[{\"@type\":\"ReadAction\",\"target\":[\"https:\/\/www.memo-media.de\/blog\/mietmoebel-fuer-veranstaltungen-und-messen\/\"]}]},{\"@type\":\"BreadcrumbList\",\"@id\":\"https:\/\/www.memo-media.de\/blog\/mietmoebel-fuer-veranstaltungen-und-messen\/#breadcrumb\",\"itemListElement\":[{\"@type\":\"ListItem\",\"position\":1,\"name\":\"Home\",\"item\":\"https:\/\/www.memo-media.de\/blog\/\"},{\"@type\":\"ListItem\",\"position\":2,\"name\":\"Immer passende Mietm\u00f6bel f\u00fcr Veranstaltungen und Messen von Event Rent\"}]},{\"@type\":\"WebSite\",\"@id\":\"https:\/\/www.memo-media.de\/blog\/#website\",\"url\":\"https:\/\/www.memo-media.de\/blog\/\",\"name\":\"memo-media Blog f\u00fcr die Eventplanung\",\"description\":\"News und Facts aus der Eventbranche f\u00fcr die Eventbranche\",\"potentialAction\":[{\"@type\":\"SearchAction\",\"target\":{\"@type\":\"EntryPoint\",\"urlTemplate\":\"https:\/\/www.memo-media.de\/blog\/?s={search_term_string}\"},\"query-input\":\"required name=search_term_string\"}],\"inLanguage\":\"de\"},{\"@type\":\"Person\",\"@id\":\"https:\/\/www.memo-media.de\/blog\/#\/schema\/person\/b01cd365604b7a1226e889d3e8e6f56d\",\"name\":\"Julia Gundelach\",\"image\":{\"@type\":\"ImageObject\",\"inLanguage\":\"de\",\"@id\":\"https:\/\/www.memo-media.de\/blog\/#\/schema\/person\/image\/\",\"url\":\"https:\/\/www.memo-media.de\/blog\/wp-content\/uploads\/2021\/05\/julia-gundelach-150x150.jpg\",\"contentUrl\":\"https:\/\/www.memo-media.de\/blog\/wp-content\/uploads\/2021\/05\/julia-gundelach-150x150.jpg\",\"caption\":\"Julia Gundelach\"},\"description\":\"Julia Gundelach ist seit 2016 Teil des memo-media-Teams und bloggt am liebsten \u00fcber actionreiche Eventformate, die sie auch selbst mal testen darf. Als freie Redakteurin ist sie spezialisiert auf die Bereiche Marketing, PR und Werbung, aber auch auf neue Themen in der Veranstaltungswirtschaft. Zum Gl\u00fcck, denn eine buntere, vielf\u00e4ltigere und \u00fcberraschendere Welt, als das Event-Business kann sie sich nicht vorstellen!\",\"url\":\"https:\/\/www.memo-media.de\/blog\/author\/anna-steinberg\/\"}]}<\/script>\n<!-- \/ Yoast SEO Premium plugin. -->","yoast_head_json":{"title":"Mietm\u00f6bel f\u00fcr Veranstaltungen und Messen von Event Rent","description":"Immer die passenden Mietm\u00f6bel f\u00fcr Veranstaltungen: Event Rent ist Experte f\u00fcr Theken, Tische, St\u00fchle, Bars, Catering-Bedarf, Teppiche und vieles andere.","robots":{"index":"index","follow":"follow","max-snippet":"max-snippet:-1","max-image-preview":"max-image-preview:large","max-video-preview":"max-video-preview:-1"},"canonical":"https:\/\/www.memo-media.de\/blog\/mietmoebel-fuer-veranstaltungen-und-messen\/","og_locale":"de_DE","og_type":"article","og_title":"Immer passende Mietm\u00f6bel f\u00fcr Veranstaltungen und Messen von Event Rent","og_description":"Immer die passenden Mietm\u00f6bel f\u00fcr Veranstaltungen: Event Rent ist Experte f\u00fcr Theken, Tische, St\u00fchle, Bars, Catering-Bedarf, Teppiche und vieles andere.","og_url":"https:\/\/www.memo-media.de\/blog\/mietmoebel-fuer-veranstaltungen-und-messen\/","og_site_name":"memo-media Blog f\u00fcr die Eventplanung","article_published_time":"2019-10-08T12:00:56+00:00","article_modified_time":"2023-05-24T11:36:09+00:00","og_image":[{"width":1050,"height":804,"url":"https:\/\/www.memo-media.de\/blog\/wp-content\/uploads\/2019\/10\/event-rent-mietmoebel-fuer-veranstaltungen-1.jpg","type":"image\/jpeg"}],"author":"Julia Gundelach","twitter_misc":{"Verfasst von":"Julia Gundelach","Gesch\u00e4tzte Lesezeit":"4\u00a0Minuten"},"schema":{"@context":"https:\/\/schema.org","@graph":[{"@type":"WebPage","@id":"https:\/\/www.memo-media.de\/blog\/mietmoebel-fuer-veranstaltungen-und-messen\/","url":"https:\/\/www.memo-media.de\/blog\/mietmoebel-fuer-veranstaltungen-und-messen\/","name":"Mietm\u00f6bel f\u00fcr Veranstaltungen und Messen von Event Rent","isPartOf":{"@id":"https:\/\/www.memo-media.de\/blog\/#website"},"datePublished":"2019-10-08T12:00:56+00:00","dateModified":"2023-05-24T11:36:09+00:00","author":{"@id":"https:\/\/www.memo-media.de\/blog\/#\/schema\/person\/b01cd365604b7a1226e889d3e8e6f56d"},"description":"Immer die passenden Mietm\u00f6bel f\u00fcr Veranstaltungen: Event Rent ist Experte f\u00fcr Theken, Tische, St\u00fchle, Bars, Catering-Bedarf, Teppiche und vieles andere.","breadcrumb":{"@id":"https:\/\/www.memo-media.de\/blog\/mietmoebel-fuer-veranstaltungen-und-messen\/#breadcrumb"},"inLanguage":"de","potentialAction":[{"@type":"ReadAction","target":["https:\/\/www.memo-media.de\/blog\/mietmoebel-fuer-veranstaltungen-und-messen\/"]}]},{"@type":"BreadcrumbList","@id":"https:\/\/www.memo-media.de\/blog\/mietmoebel-fuer-veranstaltungen-und-messen\/#breadcrumb","itemListElement":[{"@type":"ListItem","position":1,"name":"Home","item":"https:\/\/www.memo-media.de\/blog\/"},{"@type":"ListItem","position":2,"name":"Immer passende Mietm\u00f6bel f\u00fcr Veranstaltungen und Messen von Event Rent"}]},{"@type":"WebSite","@id":"https:\/\/www.memo-media.de\/blog\/#website","url":"https:\/\/www.memo-media.de\/blog\/","name":"memo-media Blog f\u00fcr die Eventplanung","description":"News und Facts aus der Eventbranche f\u00fcr die Eventbranche","potentialAction":[{"@type":"SearchAction","target":{"@type":"EntryPoint","urlTemplate":"https:\/\/www.memo-media.de\/blog\/?s={search_term_string}"},"query-input":"required name=search_term_string"}],"inLanguage":"de"},{"@type":"Person","@id":"https:\/\/www.memo-media.de\/blog\/#\/schema\/person\/b01cd365604b7a1226e889d3e8e6f56d","name":"Julia Gundelach","image":{"@type":"ImageObject","inLanguage":"de","@id":"https:\/\/www.memo-media.de\/blog\/#\/schema\/person\/image\/","url":"https:\/\/www.memo-media.de\/blog\/wp-content\/uploads\/2021\/05\/julia-gundelach-150x150.jpg","contentUrl":"https:\/\/www.memo-media.de\/blog\/wp-content\/uploads\/2021\/05\/julia-gundelach-150x150.jpg","caption":"Julia Gundelach"},"description":"Julia Gundelach ist seit 2016 Teil des memo-media-Teams und bloggt am liebsten \u00fcber actionreiche Eventformate, die sie auch selbst mal testen darf. Als freie Redakteurin ist sie spezialisiert auf die Bereiche Marketing, PR und Werbung, aber auch auf neue Themen in der Veranstaltungswirtschaft. Zum Gl\u00fcck, denn eine buntere, vielf\u00e4ltigere und \u00fcberraschendere Welt, als das Event-Business kann sie sich nicht vorstellen!","url":"https:\/\/www.memo-media.de\/blog\/author\/anna-steinberg\/"}]}},"_links":{"self":[{"href":"https:\/\/www.memo-media.de\/blog\/wp-json\/wp\/v2\/posts\/9971"}],"collection":[{"href":"https:\/\/www.memo-media.de\/blog\/wp-json\/wp\/v2\/posts"}],"about":[{"href":"https:\/\/www.memo-media.de\/blog\/wp-json\/wp\/v2\/types\/post"}],"author":[{"embeddable":true,"href":"https:\/\/www.memo-media.de\/blog\/wp-json\/wp\/v2\/users\/29"}],"replies":[{"embeddable":true,"href":"https:\/\/www.memo-media.de\/blog\/wp-json\/wp\/v2\/comments?post=9971"}],"version-history":[{"count":19,"href":"https:\/\/www.memo-media.de\/blog\/wp-json\/wp\/v2\/posts\/9971\/revisions"}],"predecessor-version":[{"id":16126,"href":"https:\/\/www.memo-media.de\/blog\/wp-json\/wp\/v2\/posts\/9971\/revisions\/16126"}],"wp:featuredmedia":[{"embeddable":true,"href":"https:\/\/www.memo-media.de\/blog\/wp-json\/wp\/v2\/media\/9978"}],"wp:attachment":[{"href":"https:\/\/www.memo-media.de\/blog\/wp-json\/wp\/v2\/media?parent=9971"}],"wp:term":[{"taxonomy":"category","embeddable":true,"href":"https:\/\/www.memo-media.de\/blog\/wp-json\/wp\/v2\/categories?post=9971"},{"taxonomy":"post_tag","embeddable":true,"href":"https:\/\/www.memo-media.de\/blog\/wp-json\/wp\/v2\/tags?post=9971"}],"curies":[{"name":"wp","href":"https:\/\/api.w.org\/{rel}","templated":true}]}}