{"id":9726,"date":"2019-09-06T12:00:30","date_gmt":"2019-09-06T10:00:30","guid":{"rendered":"https:\/\/www.memo-media.de\/blog\/?p=9726"},"modified":"2024-03-28T10:22:40","modified_gmt":"2024-03-28T08:22:40","slug":"hazel-brugger","status":"publish","type":"post","link":"https:\/\/www.memo-media.de\/blog\/hazel-brugger\/","title":{"rendered":"Hazel Brugger &#8211; Die Querdenkerin"},"content":{"rendered":"<p>Mit ihren Liveauftritten sorgt die Stand-Up-Comedian Hazel Brugger regelm\u00e4\u00dfig f\u00fcr Furore und r\u00e4umt einen Preis nach dem anderen ab. Bewaffnet mit tiefschwarzem Humor und einem begnadet b\u00f6sen Blick auf die Dinge des Alltags tourt sie mit ihrem aktuellen Soloprogramm \u00bbTropical\u00ab durch den deutschsprachigen Raum.<\/p>\n<p>Bei ihren Eins\u00e4tzen als Au\u00dfenreporterin f\u00fcr die ZDF-Heute- Show sagt sie zu Politikern manchmal Dinge wie: \u00bbAch, Sie riechen gut!\u00ab Der so Angesprochene f\u00e4llt aus allen Sprachroutinen und steht v\u00f6llig entwaffnet zur humoristischen Weiterverarbeitung bereit, unf\u00e4hig den beunruhigenden Geschmack ihrer Fragen mit der angenehmen Erscheinung der Fragestellerin in Einklang zu bringen.<\/p>\n<div id=\"attachment_9669\" style=\"width: 310px\" class=\"wp-caption alignleft\"><a href=\"https:\/\/www.memo-media.de\/blog\/wp-content\/uploads\/2019\/07\/pressefoto-brugger-6-tropicalfoto-noelle-guidon-custom.jpg\"><img aria-describedby=\"caption-attachment-9669\" decoding=\"async\" loading=\"lazy\" class=\"wp-image-9669 size-medium\" src=\"https:\/\/www.memo-media.de\/blog\/wp-content\/uploads\/2019\/07\/pressefoto-brugger-6-tropicalfoto-noelle-guidon-custom-300x200.jpg\" alt=\"Hazel Brugger ist die Frau mit dem begnadet b\u00f6sen Blick\" width=\"300\" height=\"200\" srcset=\"https:\/\/www.memo-media.de\/blog\/wp-content\/uploads\/2019\/07\/pressefoto-brugger-6-tropicalfoto-noelle-guidon-custom-300x200.jpg 300w, https:\/\/www.memo-media.de\/blog\/wp-content\/uploads\/2019\/07\/pressefoto-brugger-6-tropicalfoto-noelle-guidon-custom-768x513.jpg 768w, https:\/\/www.memo-media.de\/blog\/wp-content\/uploads\/2019\/07\/pressefoto-brugger-6-tropicalfoto-noelle-guidon-custom-335x224.jpg 335w, https:\/\/www.memo-media.de\/blog\/wp-content\/uploads\/2019\/07\/pressefoto-brugger-6-tropicalfoto-noelle-guidon-custom.jpg 1000w\" sizes=\"(max-width: 300px) 100vw, 300px\" \/><\/a><p id=\"caption-attachment-9669\" class=\"wp-caption-text\">Hazel Brugger ist die Frau mit dem begnadet b\u00f6sen Blick<\/p><\/div>\n<p>\u00bbBevor man gezeugt wird, ist die Welt noch in Ordnung\u00ab hei\u00dft eine ihrer Kolumnen in der 2016 erschienenen Sammlung: \u00bbIch bin so h\u00fcbsch\u00ab. Geboren wurde die heute 25-j\u00e4hrige US-Amerikanerin in San Diego, denn ihr Vater, ein Schweizer Neuropsychologe, bekleidete dort eine Stelle an der Universit\u00e4t. Familie Brugger, zu der ihre Mutter, eine Englischlehrerin, und zwei \u00e4ltere Br\u00fcder geh\u00f6ren, zog dann wieder zur\u00fcck in die Schweiz, wo Hazel in der N\u00e4he von Z\u00fcrich aufwuchs.<\/p>\n<p>Hazel Bruggers humoristische Initiation begann im Familienkreis mit dem Anschauen von Monty-Python-Sketchen. Erfreulicherweise stuften ihre Eltern die schr\u00e4gen Briten als kindertauglich ein. So sah Brugger als Dreij\u00e4hrige, wie ein Mann sich in einem Restaurant vollstopft, bis er platzt, und lernte f\u00fcr ihre Zukunft von den Besten ihres Faches. Auch ihr Vater erwies sich als vorz\u00fcglicher Humor-Katalysator. Den unartigen Kindern zeigte er zur Strafe gerne mal verst\u00f6rende Fotos aus dem Gesundheitslexikon: von Frauen mit Schilddr\u00fcsen\u00fcberfunktion. Oder er brachte ihnen von einem Kongress Lollies mit, die der Form eines Gehirns nachempfunden waren. Seit ihrer Kindheit, so Brugger, kenne sie nicht nur die genauen Bezeichnungen bestimmter Hirnregionen, sondern k\u00f6nne auch niemanden mehr anschauen, ohne sich gleichzeitig dessen Gehirn vorzustellen.<\/p>\n<p>Mit ihrem eigenen Gehirn begann sie zun\u00e4chst ein Philosophiestudium. Dass Brugger ihr Erkenntnisstreben \u00fcber den Sinn des Lebens schlie\u00dflich auf der B\u00fchne und zum gro\u00dfen Vergn\u00fcgen aller aus\u00fcben w\u00fcrde, war weder geplant noch vorhersehbar. Mit 17 Jahren nahm sie an einem Poetry Slam teil, den, so Brugger, \u00bbParalympics unter den Literaturwissenschaftlern\u00ab. Bereits als Poetry Slamerin wurde sie gefeiert und mit Preisen bedacht. Sp\u00e4ter bekam sie dann Auszeichnungen, die einen eigentlich nur in reiferem Lebensalter zuteilwerden, unter anderem den Deutschen Comedypreis, den Salzburger Stier, den Swiss Comedy Award und den Deutschen Kleinkunstpreis.<\/p>\n<div id=\"attachment_9668\" style=\"width: 234px\" class=\"wp-caption alignright\"><a href=\"https:\/\/www.memo-media.de\/blog\/wp-content\/uploads\/2019\/07\/pressefoto-brugger-1-tropicalfoto-peter-hauser-custom.jpg\"><img aria-describedby=\"caption-attachment-9668\" decoding=\"async\" loading=\"lazy\" class=\"wp-image-9668 size-medium\" src=\"https:\/\/www.memo-media.de\/blog\/wp-content\/uploads\/2019\/07\/pressefoto-brugger-1-tropicalfoto-peter-hauser-custom-224x300.jpg\" alt=\"Auftreten w\u00fcrde Hazel Brugger auch wenn keiner zusieht, aber das w\u00e4re dann eine psychische St\u00f6rung.\" width=\"224\" height=\"300\" srcset=\"https:\/\/www.memo-media.de\/blog\/wp-content\/uploads\/2019\/07\/pressefoto-brugger-1-tropicalfoto-peter-hauser-custom-224x300.jpg 224w, https:\/\/www.memo-media.de\/blog\/wp-content\/uploads\/2019\/07\/pressefoto-brugger-1-tropicalfoto-peter-hauser-custom-335x448.jpg 335w, https:\/\/www.memo-media.de\/blog\/wp-content\/uploads\/2019\/07\/pressefoto-brugger-1-tropicalfoto-peter-hauser-custom.jpg 747w\" sizes=\"(max-width: 224px) 100vw, 224px\" \/><\/a><p id=\"caption-attachment-9668\" class=\"wp-caption-text\">Auftreten w\u00fcrde Hazel Brugger auch wenn keiner zusieht, aber das w\u00e4re dann eine psychische St\u00f6rung.<\/p><\/div>\n<p>Sie w\u00fcrde, so erkl\u00e4rt sie ihrem Publikum in einer unwiderstehlichen Mischung aus Koketterie und Bekenntnis, auch auftreten, wenn niemand zuschauen w\u00fcrde. Doch dann sei es offiziell eine psychische St\u00f6rung, durch die Anwesenheit der Zuschauer immerhin noch Kleinkunst. Letztere, von Brugger in schn\u00f6rkelloser Eleganz serviert, kann man in \u00bbTropical\u00ab live genie\u00dfen. In ihrem zweiten Soloprogramm kommt alles zur Sprache, was sich in letzter Zeit im Wahrnehmungsuniversum der Querdenkerin angereichert hat: Fragen nach den besten Drogen, nach Einschlafhilfen bei Schlafst\u00f6rungen oder warum Rechtspopulisten die besseren Liebhaber sind. Und w\u00e4hrend sie die Schlingen und Pfeile des Seins auf der B\u00fchne luzide und saukomisch seziert, liefert sie dem Publikum wieder konventionssprengende Strategien zur Alltagsbew\u00e4ltigung.<\/p>\n<p>Hazel Brugger ist ein Diamant im Humorgewerbe, dessen Verstand, geschliffen von den Zumutungen des Alltags, auf der B\u00fchne kontraphobisch funkelt. Sie kommt gerne gleich auf den Punkt. Und, sie wei\u00df nicht nur sehr genau wo im Gehirn der G-Punkt, der Gyrus Angularis, liegt, sie kann auch verdammt gut mit diesem Assoziationsareal umgehen. In \u00bbTropical\u00ab \u00f6ffnet sie dem Publikum die T\u00fcr in das ihre. Ein magischer Zugang, den man auf gar keinen Fall verpassen sollte!<\/p>\n<p>Super spannend, oder?! \u00dcbrigens: Das richtige Unterhaltungsprogramm macht jede Veranstaltung unvergesslich. Wenn du auf der Suche nach einer Idee f\u00fcr deine n\u00e4chste Feier bist, schau doch mal bei <a href=\"http:\/\/www.goforartists.com\">www.goforartists.com<\/a> vorbei. Ein Angebot f\u00fcr die kinderleichte K\u00fcnstlerbuchung vom Team von memo-media.<\/p>\n","protected":false},"excerpt":{"rendered":"<p>Mit ihren Liveauftritten sorgt die Stand-Up-Comedian Hazel Brugger regelm\u00e4\u00dfig f\u00fcr Furore und r\u00e4umt einen Preis nach dem anderen ab. Bewaffnet&#8230;<\/p>\n","protected":false},"author":2,"featured_media":9662,"comment_status":"closed","ping_status":"open","sticky":false,"template":"","format":"standard","meta":[],"categories":[9],"tags":[522,209,2126,150,245,576,121],"yoast_head":"<!-- This site is optimized with the Yoast SEO Premium plugin v20.5 (Yoast SEO v20.5) - https:\/\/yoast.com\/wordpress\/plugins\/seo\/ -->\n<title>Hazel Brugger - Die Querdenkerin<\/title>\n<meta name=\"description\" content=\"Mit ihrem aktuellen Soloprogramm &quot;Tropical&quot; tourt Hazel Brugger im Moment durch Deutschland. Doch wie kam es \u00fcberhaupt dazu?\" \/>\n<meta name=\"robots\" content=\"index, follow, max-snippet:-1, max-image-preview:large, max-video-preview:-1\" \/>\n<link rel=\"canonical\" href=\"https:\/\/www.memo-media.de\/blog\/hazel-brugger\/\" \/>\n<meta property=\"og:locale\" content=\"de_DE\" \/>\n<meta property=\"og:type\" content=\"article\" \/>\n<meta property=\"og:title\" content=\"Hazel Brugger - Die Querdenkerin\" \/>\n<meta property=\"og:description\" content=\"Mit ihrem aktuellen Soloprogramm &quot;Tropical&quot; tourt Hazel Brugger im Moment durch Deutschland. Doch wie kam es \u00fcberhaupt dazu?\" \/>\n<meta property=\"og:url\" content=\"https:\/\/www.memo-media.de\/blog\/hazel-brugger\/\" \/>\n<meta property=\"og:site_name\" content=\"memo-media Blog f\u00fcr die Eventplanung\" \/>\n<meta property=\"article:author\" content=\"https:\/\/www.facebook.com\/memomedia\" \/>\n<meta property=\"article:published_time\" content=\"2019-09-06T10:00:30+00:00\" \/>\n<meta property=\"article:modified_time\" content=\"2024-03-28T08:22:40+00:00\" \/>\n<meta property=\"og:image\" content=\"https:\/\/www.memo-media.de\/blog\/wp-content\/uploads\/2019\/07\/buehnenfoto_5_brugger_foto_peter_hauser-custom.jpg\" \/>\n\t<meta property=\"og:image:width\" content=\"1050\" \/>\n\t<meta property=\"og:image:height\" content=\"700\" \/>\n\t<meta property=\"og:image:type\" content=\"image\/jpeg\" \/>\n<meta name=\"author\" content=\"Kerstin Meisner\" \/>\n<meta name=\"twitter:label1\" content=\"Verfasst von\" \/>\n\t<meta name=\"twitter:data1\" content=\"Kerstin Meisner\" \/>\n\t<meta name=\"twitter:label2\" content=\"Gesch\u00e4tzte Lesezeit\" \/>\n\t<meta name=\"twitter:data2\" content=\"4\u00a0Minuten\" \/>\n<script type=\"application\/ld+json\" class=\"yoast-schema-graph\">{\"@context\":\"https:\/\/schema.org\",\"@graph\":[{\"@type\":\"WebPage\",\"@id\":\"https:\/\/www.memo-media.de\/blog\/hazel-brugger\/\",\"url\":\"https:\/\/www.memo-media.de\/blog\/hazel-brugger\/\",\"name\":\"Hazel Brugger - Die Querdenkerin\",\"isPartOf\":{\"@id\":\"https:\/\/www.memo-media.de\/blog\/#website\"},\"datePublished\":\"2019-09-06T10:00:30+00:00\",\"dateModified\":\"2024-03-28T08:22:40+00:00\",\"author\":{\"@id\":\"https:\/\/www.memo-media.de\/blog\/#\/schema\/person\/4a9ebc406469558526f2f3e5dd7a7ab0\"},\"description\":\"Mit ihrem aktuellen Soloprogramm \\\"Tropical\\\" tourt Hazel Brugger im Moment durch Deutschland. Doch wie kam es \u00fcberhaupt dazu?\",\"breadcrumb\":{\"@id\":\"https:\/\/www.memo-media.de\/blog\/hazel-brugger\/#breadcrumb\"},\"inLanguage\":\"de\",\"potentialAction\":[{\"@type\":\"ReadAction\",\"target\":[\"https:\/\/www.memo-media.de\/blog\/hazel-brugger\/\"]}]},{\"@type\":\"BreadcrumbList\",\"@id\":\"https:\/\/www.memo-media.de\/blog\/hazel-brugger\/#breadcrumb\",\"itemListElement\":[{\"@type\":\"ListItem\",\"position\":1,\"name\":\"Home\",\"item\":\"https:\/\/www.memo-media.de\/blog\/\"},{\"@type\":\"ListItem\",\"position\":2,\"name\":\"Hazel Brugger &#8211; Die Querdenkerin\"}]},{\"@type\":\"WebSite\",\"@id\":\"https:\/\/www.memo-media.de\/blog\/#website\",\"url\":\"https:\/\/www.memo-media.de\/blog\/\",\"name\":\"memo-media Blog f\u00fcr die Eventplanung\",\"description\":\"News und Facts aus der Eventbranche f\u00fcr die Eventbranche\",\"potentialAction\":[{\"@type\":\"SearchAction\",\"target\":{\"@type\":\"EntryPoint\",\"urlTemplate\":\"https:\/\/www.memo-media.de\/blog\/?s={search_term_string}\"},\"query-input\":\"required name=search_term_string\"}],\"inLanguage\":\"de\"},{\"@type\":\"Person\",\"@id\":\"https:\/\/www.memo-media.de\/blog\/#\/schema\/person\/4a9ebc406469558526f2f3e5dd7a7ab0\",\"name\":\"Kerstin Meisner\",\"image\":{\"@type\":\"ImageObject\",\"inLanguage\":\"de\",\"@id\":\"https:\/\/www.memo-media.de\/blog\/#\/schema\/person\/image\/\",\"url\":\"https:\/\/www.memo-media.de\/blog\/wp-content\/uploads\/2022\/10\/kerstin-meisner_2022_03-mittel-150x150.jpg\",\"contentUrl\":\"https:\/\/www.memo-media.de\/blog\/wp-content\/uploads\/2022\/10\/kerstin-meisner_2022_03-mittel-150x150.jpg\",\"caption\":\"Kerstin Meisner\"},\"description\":\"Kerstin Meisner hat memo-media im Dezember 2000 gegr\u00fcndet. Die Website www.memo-media.de ist im Juni 2001 online gegangen und das erste Handbuch memo-media erschien im Herbst 2001. Seit 2007 wird das Magazin showcases von ihr als Herausgeberin herausgebracht, 2016 folgten die Eventmoods. Kerstin Meisner ist auch Chefredakteurin des memo-media Blogs f\u00fcr die Eventplanung und des monatlichen Eventbranchenbriefs, dem memoLetter.\",\"sameAs\":[\"https:\/\/www.memo-media.de\",\"https:\/\/www.facebook.com\/memomedia\"],\"url\":\"https:\/\/www.memo-media.de\/blog\/author\/kerstin-meisner\/\"}]}<\/script>\n<!-- \/ Yoast SEO Premium plugin. -->","yoast_head_json":{"title":"Hazel Brugger - Die Querdenkerin","description":"Mit ihrem aktuellen Soloprogramm \"Tropical\" tourt Hazel Brugger im Moment durch Deutschland. Doch wie kam es \u00fcberhaupt dazu?","robots":{"index":"index","follow":"follow","max-snippet":"max-snippet:-1","max-image-preview":"max-image-preview:large","max-video-preview":"max-video-preview:-1"},"canonical":"https:\/\/www.memo-media.de\/blog\/hazel-brugger\/","og_locale":"de_DE","og_type":"article","og_title":"Hazel Brugger - Die Querdenkerin","og_description":"Mit ihrem aktuellen Soloprogramm \"Tropical\" tourt Hazel Brugger im Moment durch Deutschland. Doch wie kam es \u00fcberhaupt dazu?","og_url":"https:\/\/www.memo-media.de\/blog\/hazel-brugger\/","og_site_name":"memo-media Blog f\u00fcr die Eventplanung","article_author":"https:\/\/www.facebook.com\/memomedia","article_published_time":"2019-09-06T10:00:30+00:00","article_modified_time":"2024-03-28T08:22:40+00:00","og_image":[{"width":1050,"height":700,"url":"https:\/\/www.memo-media.de\/blog\/wp-content\/uploads\/2019\/07\/buehnenfoto_5_brugger_foto_peter_hauser-custom.jpg","type":"image\/jpeg"}],"author":"Kerstin Meisner","twitter_misc":{"Verfasst von":"Kerstin Meisner","Gesch\u00e4tzte Lesezeit":"4\u00a0Minuten"},"schema":{"@context":"https:\/\/schema.org","@graph":[{"@type":"WebPage","@id":"https:\/\/www.memo-media.de\/blog\/hazel-brugger\/","url":"https:\/\/www.memo-media.de\/blog\/hazel-brugger\/","name":"Hazel Brugger - Die Querdenkerin","isPartOf":{"@id":"https:\/\/www.memo-media.de\/blog\/#website"},"datePublished":"2019-09-06T10:00:30+00:00","dateModified":"2024-03-28T08:22:40+00:00","author":{"@id":"https:\/\/www.memo-media.de\/blog\/#\/schema\/person\/4a9ebc406469558526f2f3e5dd7a7ab0"},"description":"Mit ihrem aktuellen Soloprogramm \"Tropical\" tourt Hazel Brugger im Moment durch Deutschland. Doch wie kam es \u00fcberhaupt dazu?","breadcrumb":{"@id":"https:\/\/www.memo-media.de\/blog\/hazel-brugger\/#breadcrumb"},"inLanguage":"de","potentialAction":[{"@type":"ReadAction","target":["https:\/\/www.memo-media.de\/blog\/hazel-brugger\/"]}]},{"@type":"BreadcrumbList","@id":"https:\/\/www.memo-media.de\/blog\/hazel-brugger\/#breadcrumb","itemListElement":[{"@type":"ListItem","position":1,"name":"Home","item":"https:\/\/www.memo-media.de\/blog\/"},{"@type":"ListItem","position":2,"name":"Hazel Brugger &#8211; Die Querdenkerin"}]},{"@type":"WebSite","@id":"https:\/\/www.memo-media.de\/blog\/#website","url":"https:\/\/www.memo-media.de\/blog\/","name":"memo-media Blog f\u00fcr die Eventplanung","description":"News und Facts aus der Eventbranche f\u00fcr die Eventbranche","potentialAction":[{"@type":"SearchAction","target":{"@type":"EntryPoint","urlTemplate":"https:\/\/www.memo-media.de\/blog\/?s={search_term_string}"},"query-input":"required name=search_term_string"}],"inLanguage":"de"},{"@type":"Person","@id":"https:\/\/www.memo-media.de\/blog\/#\/schema\/person\/4a9ebc406469558526f2f3e5dd7a7ab0","name":"Kerstin Meisner","image":{"@type":"ImageObject","inLanguage":"de","@id":"https:\/\/www.memo-media.de\/blog\/#\/schema\/person\/image\/","url":"https:\/\/www.memo-media.de\/blog\/wp-content\/uploads\/2022\/10\/kerstin-meisner_2022_03-mittel-150x150.jpg","contentUrl":"https:\/\/www.memo-media.de\/blog\/wp-content\/uploads\/2022\/10\/kerstin-meisner_2022_03-mittel-150x150.jpg","caption":"Kerstin Meisner"},"description":"Kerstin Meisner hat memo-media im Dezember 2000 gegr\u00fcndet. Die Website www.memo-media.de ist im Juni 2001 online gegangen und das erste Handbuch memo-media erschien im Herbst 2001. Seit 2007 wird das Magazin showcases von ihr als Herausgeberin herausgebracht, 2016 folgten die Eventmoods. Kerstin Meisner ist auch Chefredakteurin des memo-media Blogs f\u00fcr die Eventplanung und des monatlichen Eventbranchenbriefs, dem memoLetter.","sameAs":["https:\/\/www.memo-media.de","https:\/\/www.facebook.com\/memomedia"],"url":"https:\/\/www.memo-media.de\/blog\/author\/kerstin-meisner\/"}]}},"_links":{"self":[{"href":"https:\/\/www.memo-media.de\/blog\/wp-json\/wp\/v2\/posts\/9726"}],"collection":[{"href":"https:\/\/www.memo-media.de\/blog\/wp-json\/wp\/v2\/posts"}],"about":[{"href":"https:\/\/www.memo-media.de\/blog\/wp-json\/wp\/v2\/types\/post"}],"author":[{"embeddable":true,"href":"https:\/\/www.memo-media.de\/blog\/wp-json\/wp\/v2\/users\/2"}],"replies":[{"embeddable":true,"href":"https:\/\/www.memo-media.de\/blog\/wp-json\/wp\/v2\/comments?post=9726"}],"version-history":[{"count":6,"href":"https:\/\/www.memo-media.de\/blog\/wp-json\/wp\/v2\/posts\/9726\/revisions"}],"predecessor-version":[{"id":17231,"href":"https:\/\/www.memo-media.de\/blog\/wp-json\/wp\/v2\/posts\/9726\/revisions\/17231"}],"wp:featuredmedia":[{"embeddable":true,"href":"https:\/\/www.memo-media.de\/blog\/wp-json\/wp\/v2\/media\/9662"}],"wp:attachment":[{"href":"https:\/\/www.memo-media.de\/blog\/wp-json\/wp\/v2\/media?parent=9726"}],"wp:term":[{"taxonomy":"category","embeddable":true,"href":"https:\/\/www.memo-media.de\/blog\/wp-json\/wp\/v2\/categories?post=9726"},{"taxonomy":"post_tag","embeddable":true,"href":"https:\/\/www.memo-media.de\/blog\/wp-json\/wp\/v2\/tags?post=9726"}],"curies":[{"name":"wp","href":"https:\/\/api.w.org\/{rel}","templated":true}]}}