{"id":9694,"date":"2019-09-03T14:00:15","date_gmt":"2019-09-03T12:00:15","guid":{"rendered":"https:\/\/www.memo-media.de\/blog\/?p=9694"},"modified":"2020-04-03T09:35:12","modified_gmt":"2020-04-03T07:35:12","slug":"augen-auf-emotionen-an-tanz-als-geschichtenerzaehler","status":"publish","type":"post","link":"https:\/\/www.memo-media.de\/blog\/augen-auf-emotionen-an-tanz-als-geschichtenerzaehler\/","title":{"rendered":"Augen auf, Emotionen an! &#8211; Tanz als Geschichtenerz\u00e4hler"},"content":{"rendered":"<p>In jeder Art des [memo_kategorie id=1774]Tanzunterrichtes[\/memo_kategorie] lernt man anfangs die Technik. H\u00f6rt sich trocken an. Und ist auch so. Nat\u00fcrlich geh\u00f6rt dazu Talent. Die k\u00f6rperlichen Voraussetzungen m\u00fcssen ebenso stimmen. Das Wesentlichste aber ist die Emotion. Es braucht alles. Die Emotion, die du als T\u00e4nzer empfindest und vermittelst. Keine Samba ohne Feuer, kein Ballett ohne Liebe und Leid, kein Breakdance ohne Coolness.<\/p>\n<p><a href=\"https:\/\/www.memo-media.de\/blog\/wp-content\/uploads\/2019\/07\/cimg0456-custom.jpg\"><img decoding=\"async\" loading=\"lazy\" class=\"size-medium wp-image-9663 alignright\" src=\"https:\/\/www.memo-media.de\/blog\/wp-content\/uploads\/2019\/07\/cimg0456-custom-300x225.jpg\" alt=\"\" width=\"300\" height=\"225\" srcset=\"https:\/\/www.memo-media.de\/blog\/wp-content\/uploads\/2019\/07\/cimg0456-custom-300x225.jpg 300w, https:\/\/www.memo-media.de\/blog\/wp-content\/uploads\/2019\/07\/cimg0456-custom-768x576.jpg 768w, https:\/\/www.memo-media.de\/blog\/wp-content\/uploads\/2019\/07\/cimg0456-custom-72x54.jpg 72w, https:\/\/www.memo-media.de\/blog\/wp-content\/uploads\/2019\/07\/cimg0456-custom-335x251.jpg 335w, https:\/\/www.memo-media.de\/blog\/wp-content\/uploads\/2019\/07\/cimg0456-custom.jpg 1000w\" sizes=\"(max-width: 300px) 100vw, 300px\" \/><\/a>Die Sprache des Tanzes ist dabei international: Esperanto mit Armen und Beinen, Zeichensprache in harmonischer Bewegung. Und genau das macht den Tanz weit \u00fcber den k\u00fcnstlerischen Ansatz hinaus interessant. Es muss nicht immer nur beim Backgroundtanz f\u00fcr Gesangsinterpreten bleiben. Tanz ist abendf\u00fcllend und erz\u00e4hlt Geschichten, die weitaus gr\u00f6\u00dfer sind als blo\u00dfe Episoden oder nur der optische Eyecatcher am Rande.<\/p>\n<p>Bei [memo_kategorie id=1620]Corporate Events[\/memo_kategorie] ist es die grunds\u00e4tzliche Positionierung des Unternehmens und seines Produktes, das dar\u00fcber entscheidet, ob und wenn ja wo, wie und in welchem Umfang Tanz in Veranstaltungskonzepte eingebunden wird.<\/p>\n<p>Bereits fr\u00fcher gab es Kooperationen zwischen Kunst und Kommerz, eine Kultur der M\u00e4zene als F\u00f6rderer der K\u00fcnste. Auch das Verh\u00e4ltnis hat sich weiterentwickelt. Heute gilt es, die Balance in der Zusammenarbeit zu finden, die einerseits eine kommerzielle Nutzung der Kunst erm\u00f6glicht, ohne sie ihrer Substanz, n\u00e4mlich der Qualit\u00e4t und Inhalte, zu berauben.<\/p>\n<p>Selbst im \u00f6ffentlichen Leben halten Performances Einzug, um Inhalte zu vermitteln: So verst\u00e4ndlich, als dass der Laie Anspruch und Inhalt erkennen kann. Aber dennoch nicht zu reduziert, dass sie eben f\u00fcr den Kunstbeflissenen noch als solche wahrgenommen und gesch\u00e4tzt werden kann.<\/p>\n<div id=\"attachment_9665\" style=\"width: 310px\" class=\"wp-caption alignleft\"><a href=\"https:\/\/www.memo-media.de\/blog\/wp-content\/uploads\/2019\/07\/fotobonn-9208-custom.jpg\"><img aria-describedby=\"caption-attachment-9665\" decoding=\"async\" loading=\"lazy\" class=\"wp-image-9665 size-medium\" src=\"https:\/\/www.memo-media.de\/blog\/wp-content\/uploads\/2019\/07\/fotobonn-9208-custom-300x201.jpg\" alt=\"Frank Johannes Knepper lebt den Tanz.\" width=\"300\" height=\"201\" srcset=\"https:\/\/www.memo-media.de\/blog\/wp-content\/uploads\/2019\/07\/fotobonn-9208-custom-300x201.jpg 300w, https:\/\/www.memo-media.de\/blog\/wp-content\/uploads\/2019\/07\/fotobonn-9208-custom-768x514.jpg 768w, https:\/\/www.memo-media.de\/blog\/wp-content\/uploads\/2019\/07\/fotobonn-9208-custom-335x224.jpg 335w, https:\/\/www.memo-media.de\/blog\/wp-content\/uploads\/2019\/07\/fotobonn-9208-custom.jpg 1000w\" sizes=\"(max-width: 300px) 100vw, 300px\" \/><\/a><p id=\"caption-attachment-9665\" class=\"wp-caption-text\">Frank Johannes Knepper lebt den Tanz.<\/p><\/div>\n<p>Nicht umsonst nennen es die Gelehrten in der professionellen Tanzausbildung \u00bbDie schwere Kunst der leichten Unterhaltung\u00ab. Es w\u00e4re doch zu schade, wenn der Tanz zum Tingel-Tangel-Genre verkommen w\u00fcrde oder sich so abgehoben zeigt, dass Otto-Normal-Zuschauer ihn nicht mehr verstehen k\u00f6nnen. Aber wem sonst sollte dieser Spagat gelingen, wenn nicht dem Tanz selbst.<\/p>\n<p>Frank Johannes Knepper ist Ballettmeister und Choreograf. Mit seinem Ensemble der Musical\u2019N Dance Company Contraire fertigt er Auftragsarbeiten jedweder Art mit den Mitteln der darstellenden K\u00fcnste, Tanz, Gesang, Schauspiel mit dem Schwerpunkt Corporate Events, Businesstheater.<\/p>\n","protected":false},"excerpt":{"rendered":"<p>In jeder Art des [memo_kategorie id=1774]Tanzunterrichtes[\/memo_kategorie] lernt man anfangs die Technik. H\u00f6rt sich trocken an. Und ist auch so. Nat\u00fcrlich&#8230;<\/p>\n","protected":false},"author":2,"featured_media":9664,"comment_status":"closed","ping_status":"open","sticky":false,"template":"","format":"standard","meta":[],"categories":[5,12],"tags":[59,20,278,2038,150,245,576,313,1804,328,57],"yoast_head":"<!-- This site is optimized with the Yoast SEO Premium plugin v20.5 (Yoast SEO v20.5) - https:\/\/yoast.com\/wordpress\/plugins\/seo\/ -->\n<title>Tanz als Bindeglied zwischen Kunst und Alltag<\/title>\n<meta name=\"description\" content=\"Choreograf Frank Johannes Knepper erkl\u00e4rt, was Tanz als Stilmittel so besonders macht und warum Emotionen so wichtig sind.\" \/>\n<meta name=\"robots\" content=\"index, follow, max-snippet:-1, max-image-preview:large, max-video-preview:-1\" \/>\n<link rel=\"canonical\" href=\"https:\/\/www.memo-media.de\/blog\/augen-auf-emotionen-an-tanz-als-geschichtenerzaehler\/\" \/>\n<meta property=\"og:locale\" content=\"de_DE\" \/>\n<meta property=\"og:type\" content=\"article\" \/>\n<meta property=\"og:title\" content=\"Augen auf, Emotionen an! - Tanz als Geschichtenerz\u00e4hler\" \/>\n<meta property=\"og:description\" content=\"Choreograf Frank Johannes Knepper erkl\u00e4rt, was Tanz als Stilmittel so besonders macht und warum Emotionen so wichtig sind.\" \/>\n<meta property=\"og:url\" content=\"https:\/\/www.memo-media.de\/blog\/augen-auf-emotionen-an-tanz-als-geschichtenerzaehler\/\" \/>\n<meta property=\"og:site_name\" content=\"memo-media Blog f\u00fcr die Eventplanung\" \/>\n<meta property=\"article:author\" content=\"https:\/\/www.facebook.com\/memomedia\" \/>\n<meta property=\"article:published_time\" content=\"2019-09-03T12:00:15+00:00\" \/>\n<meta property=\"article:modified_time\" content=\"2020-04-03T07:35:12+00:00\" \/>\n<meta property=\"og:image\" content=\"https:\/\/www.memo-media.de\/blog\/wp-content\/uploads\/2019\/07\/fotobonn-2506-custom.jpg\" \/>\n\t<meta property=\"og:image:width\" content=\"1050\" \/>\n\t<meta property=\"og:image:height\" content=\"700\" \/>\n\t<meta property=\"og:image:type\" content=\"image\/jpeg\" \/>\n<meta name=\"author\" content=\"Kerstin Meisner\" \/>\n<meta name=\"twitter:label1\" content=\"Verfasst von\" \/>\n\t<meta name=\"twitter:data1\" content=\"Kerstin Meisner\" \/>\n\t<meta name=\"twitter:label2\" content=\"Gesch\u00e4tzte Lesezeit\" \/>\n\t<meta name=\"twitter:data2\" content=\"2\u00a0Minuten\" \/>\n<script type=\"application\/ld+json\" class=\"yoast-schema-graph\">{\"@context\":\"https:\/\/schema.org\",\"@graph\":[{\"@type\":\"WebPage\",\"@id\":\"https:\/\/www.memo-media.de\/blog\/augen-auf-emotionen-an-tanz-als-geschichtenerzaehler\/\",\"url\":\"https:\/\/www.memo-media.de\/blog\/augen-auf-emotionen-an-tanz-als-geschichtenerzaehler\/\",\"name\":\"Tanz als Bindeglied zwischen Kunst und Alltag\",\"isPartOf\":{\"@id\":\"https:\/\/www.memo-media.de\/blog\/#website\"},\"datePublished\":\"2019-09-03T12:00:15+00:00\",\"dateModified\":\"2020-04-03T07:35:12+00:00\",\"author\":{\"@id\":\"https:\/\/www.memo-media.de\/blog\/#\/schema\/person\/4a9ebc406469558526f2f3e5dd7a7ab0\"},\"description\":\"Choreograf Frank Johannes Knepper erkl\u00e4rt, was Tanz als Stilmittel so besonders macht und warum Emotionen so wichtig sind.\",\"breadcrumb\":{\"@id\":\"https:\/\/www.memo-media.de\/blog\/augen-auf-emotionen-an-tanz-als-geschichtenerzaehler\/#breadcrumb\"},\"inLanguage\":\"de\",\"potentialAction\":[{\"@type\":\"ReadAction\",\"target\":[\"https:\/\/www.memo-media.de\/blog\/augen-auf-emotionen-an-tanz-als-geschichtenerzaehler\/\"]}]},{\"@type\":\"BreadcrumbList\",\"@id\":\"https:\/\/www.memo-media.de\/blog\/augen-auf-emotionen-an-tanz-als-geschichtenerzaehler\/#breadcrumb\",\"itemListElement\":[{\"@type\":\"ListItem\",\"position\":1,\"name\":\"Home\",\"item\":\"https:\/\/www.memo-media.de\/blog\/\"},{\"@type\":\"ListItem\",\"position\":2,\"name\":\"Augen auf, Emotionen an! &#8211; Tanz als Geschichtenerz\u00e4hler\"}]},{\"@type\":\"WebSite\",\"@id\":\"https:\/\/www.memo-media.de\/blog\/#website\",\"url\":\"https:\/\/www.memo-media.de\/blog\/\",\"name\":\"memo-media Blog f\u00fcr die Eventplanung\",\"description\":\"News und Facts aus der Eventbranche f\u00fcr die Eventbranche\",\"potentialAction\":[{\"@type\":\"SearchAction\",\"target\":{\"@type\":\"EntryPoint\",\"urlTemplate\":\"https:\/\/www.memo-media.de\/blog\/?s={search_term_string}\"},\"query-input\":\"required name=search_term_string\"}],\"inLanguage\":\"de\"},{\"@type\":\"Person\",\"@id\":\"https:\/\/www.memo-media.de\/blog\/#\/schema\/person\/4a9ebc406469558526f2f3e5dd7a7ab0\",\"name\":\"Kerstin Meisner\",\"image\":{\"@type\":\"ImageObject\",\"inLanguage\":\"de\",\"@id\":\"https:\/\/www.memo-media.de\/blog\/#\/schema\/person\/image\/\",\"url\":\"https:\/\/www.memo-media.de\/blog\/wp-content\/uploads\/2022\/10\/kerstin-meisner_2022_03-mittel-150x150.jpg\",\"contentUrl\":\"https:\/\/www.memo-media.de\/blog\/wp-content\/uploads\/2022\/10\/kerstin-meisner_2022_03-mittel-150x150.jpg\",\"caption\":\"Kerstin Meisner\"},\"description\":\"Kerstin Meisner hat memo-media im Dezember 2000 gegr\u00fcndet. Die Website www.memo-media.de ist im Juni 2001 online gegangen und das erste Handbuch memo-media erschien im Herbst 2001. Seit 2007 wird das Magazin showcases von ihr als Herausgeberin herausgebracht, 2016 folgten die Eventmoods. Kerstin Meisner ist auch Chefredakteurin des memo-media Blogs f\u00fcr die Eventplanung und des monatlichen Eventbranchenbriefs, dem memoLetter.\",\"sameAs\":[\"https:\/\/www.memo-media.de\",\"https:\/\/www.facebook.com\/memomedia\"],\"url\":\"https:\/\/www.memo-media.de\/blog\/author\/kerstin-meisner\/\"}]}<\/script>\n<!-- \/ Yoast SEO Premium plugin. -->","yoast_head_json":{"title":"Tanz als Bindeglied zwischen Kunst und Alltag","description":"Choreograf Frank Johannes Knepper erkl\u00e4rt, was Tanz als Stilmittel so besonders macht und warum Emotionen so wichtig sind.","robots":{"index":"index","follow":"follow","max-snippet":"max-snippet:-1","max-image-preview":"max-image-preview:large","max-video-preview":"max-video-preview:-1"},"canonical":"https:\/\/www.memo-media.de\/blog\/augen-auf-emotionen-an-tanz-als-geschichtenerzaehler\/","og_locale":"de_DE","og_type":"article","og_title":"Augen auf, Emotionen an! - Tanz als Geschichtenerz\u00e4hler","og_description":"Choreograf Frank Johannes Knepper erkl\u00e4rt, was Tanz als Stilmittel so besonders macht und warum Emotionen so wichtig sind.","og_url":"https:\/\/www.memo-media.de\/blog\/augen-auf-emotionen-an-tanz-als-geschichtenerzaehler\/","og_site_name":"memo-media Blog f\u00fcr die Eventplanung","article_author":"https:\/\/www.facebook.com\/memomedia","article_published_time":"2019-09-03T12:00:15+00:00","article_modified_time":"2020-04-03T07:35:12+00:00","og_image":[{"width":1050,"height":700,"url":"https:\/\/www.memo-media.de\/blog\/wp-content\/uploads\/2019\/07\/fotobonn-2506-custom.jpg","type":"image\/jpeg"}],"author":"Kerstin Meisner","twitter_misc":{"Verfasst von":"Kerstin Meisner","Gesch\u00e4tzte Lesezeit":"2\u00a0Minuten"},"schema":{"@context":"https:\/\/schema.org","@graph":[{"@type":"WebPage","@id":"https:\/\/www.memo-media.de\/blog\/augen-auf-emotionen-an-tanz-als-geschichtenerzaehler\/","url":"https:\/\/www.memo-media.de\/blog\/augen-auf-emotionen-an-tanz-als-geschichtenerzaehler\/","name":"Tanz als Bindeglied zwischen Kunst und Alltag","isPartOf":{"@id":"https:\/\/www.memo-media.de\/blog\/#website"},"datePublished":"2019-09-03T12:00:15+00:00","dateModified":"2020-04-03T07:35:12+00:00","author":{"@id":"https:\/\/www.memo-media.de\/blog\/#\/schema\/person\/4a9ebc406469558526f2f3e5dd7a7ab0"},"description":"Choreograf Frank Johannes Knepper erkl\u00e4rt, was Tanz als Stilmittel so besonders macht und warum Emotionen so wichtig sind.","breadcrumb":{"@id":"https:\/\/www.memo-media.de\/blog\/augen-auf-emotionen-an-tanz-als-geschichtenerzaehler\/#breadcrumb"},"inLanguage":"de","potentialAction":[{"@type":"ReadAction","target":["https:\/\/www.memo-media.de\/blog\/augen-auf-emotionen-an-tanz-als-geschichtenerzaehler\/"]}]},{"@type":"BreadcrumbList","@id":"https:\/\/www.memo-media.de\/blog\/augen-auf-emotionen-an-tanz-als-geschichtenerzaehler\/#breadcrumb","itemListElement":[{"@type":"ListItem","position":1,"name":"Home","item":"https:\/\/www.memo-media.de\/blog\/"},{"@type":"ListItem","position":2,"name":"Augen auf, Emotionen an! &#8211; Tanz als Geschichtenerz\u00e4hler"}]},{"@type":"WebSite","@id":"https:\/\/www.memo-media.de\/blog\/#website","url":"https:\/\/www.memo-media.de\/blog\/","name":"memo-media Blog f\u00fcr die Eventplanung","description":"News und Facts aus der Eventbranche f\u00fcr die Eventbranche","potentialAction":[{"@type":"SearchAction","target":{"@type":"EntryPoint","urlTemplate":"https:\/\/www.memo-media.de\/blog\/?s={search_term_string}"},"query-input":"required name=search_term_string"}],"inLanguage":"de"},{"@type":"Person","@id":"https:\/\/www.memo-media.de\/blog\/#\/schema\/person\/4a9ebc406469558526f2f3e5dd7a7ab0","name":"Kerstin Meisner","image":{"@type":"ImageObject","inLanguage":"de","@id":"https:\/\/www.memo-media.de\/blog\/#\/schema\/person\/image\/","url":"https:\/\/www.memo-media.de\/blog\/wp-content\/uploads\/2022\/10\/kerstin-meisner_2022_03-mittel-150x150.jpg","contentUrl":"https:\/\/www.memo-media.de\/blog\/wp-content\/uploads\/2022\/10\/kerstin-meisner_2022_03-mittel-150x150.jpg","caption":"Kerstin Meisner"},"description":"Kerstin Meisner hat memo-media im Dezember 2000 gegr\u00fcndet. Die Website www.memo-media.de ist im Juni 2001 online gegangen und das erste Handbuch memo-media erschien im Herbst 2001. Seit 2007 wird das Magazin showcases von ihr als Herausgeberin herausgebracht, 2016 folgten die Eventmoods. Kerstin Meisner ist auch Chefredakteurin des memo-media Blogs f\u00fcr die Eventplanung und des monatlichen Eventbranchenbriefs, dem memoLetter.","sameAs":["https:\/\/www.memo-media.de","https:\/\/www.facebook.com\/memomedia"],"url":"https:\/\/www.memo-media.de\/blog\/author\/kerstin-meisner\/"}]}},"_links":{"self":[{"href":"https:\/\/www.memo-media.de\/blog\/wp-json\/wp\/v2\/posts\/9694"}],"collection":[{"href":"https:\/\/www.memo-media.de\/blog\/wp-json\/wp\/v2\/posts"}],"about":[{"href":"https:\/\/www.memo-media.de\/blog\/wp-json\/wp\/v2\/types\/post"}],"author":[{"embeddable":true,"href":"https:\/\/www.memo-media.de\/blog\/wp-json\/wp\/v2\/users\/2"}],"replies":[{"embeddable":true,"href":"https:\/\/www.memo-media.de\/blog\/wp-json\/wp\/v2\/comments?post=9694"}],"version-history":[{"count":1,"href":"https:\/\/www.memo-media.de\/blog\/wp-json\/wp\/v2\/posts\/9694\/revisions"}],"predecessor-version":[{"id":9695,"href":"https:\/\/www.memo-media.de\/blog\/wp-json\/wp\/v2\/posts\/9694\/revisions\/9695"}],"wp:featuredmedia":[{"embeddable":true,"href":"https:\/\/www.memo-media.de\/blog\/wp-json\/wp\/v2\/media\/9664"}],"wp:attachment":[{"href":"https:\/\/www.memo-media.de\/blog\/wp-json\/wp\/v2\/media?parent=9694"}],"wp:term":[{"taxonomy":"category","embeddable":true,"href":"https:\/\/www.memo-media.de\/blog\/wp-json\/wp\/v2\/categories?post=9694"},{"taxonomy":"post_tag","embeddable":true,"href":"https:\/\/www.memo-media.de\/blog\/wp-json\/wp\/v2\/tags?post=9694"}],"curies":[{"name":"wp","href":"https:\/\/api.w.org\/{rel}","templated":true}]}}