{"id":9339,"date":"2019-05-28T14:00:52","date_gmt":"2019-05-28T12:00:52","guid":{"rendered":"https:\/\/www.memo-media.de\/blog\/?p=9339"},"modified":"2020-04-02T15:20:17","modified_gmt":"2020-04-02T13:20:17","slug":"trennwaende-mieten-bei-carpe-event-productions","status":"publish","type":"post","link":"https:\/\/www.memo-media.de\/blog\/trennwaende-mieten-bei-carpe-event-productions\/","title":{"rendered":"Trennw\u00e4nde mieten bei carpe event productions: click &#8211; und fertig"},"content":{"rendered":"<p>\u201eEs ist ein bisschen wie Lego f\u00fcr Gro\u00dfe\u201c \u2013 so hat mir Mira Spoo-Sonntag beschrieben, worum sich unser Gespr\u00e4ch f\u00fcr meinen n\u00e4chsten Blogartikel zum Thema Trennw\u00e4nde mieten genau handeln wird. Und weil ich Lego so liebe \u2013 denn es ist so einfach und trotzdem genial \u2013, konnte ich unser Treffen kaum erwarten. Als es dann so weit war und mir die Gesch\u00e4ftsf\u00fchrerin von <a href=\"https:\/\/www.carpe-event.de\/\" target=\"_blank\" rel=\"noopener noreferrer\">carpe event productions<\/a>, wo man die Trennw\u00e4nde mieten kann, das innovative System auf der Messe in K\u00f6ln gezeigt hat, habe ich schnell gemerkt: Einfach und genial ist die click.wand auch!<\/p>\n<h3>Flexibel und schnell aufgebaut<\/h3>\n<div id=\"attachment_9344\" style=\"width: 310px\" class=\"wp-caption alignleft\"><a href=\"https:\/\/www.memo-media.de\/blog\/wp-content\/uploads\/2019\/06\/trennwaende-mieten-3.jpg\"><img aria-describedby=\"caption-attachment-9344\" decoding=\"async\" loading=\"lazy\" class=\"wp-image-9344 size-medium\" src=\"https:\/\/www.memo-media.de\/blog\/wp-content\/uploads\/2019\/06\/trennwaende-mieten-3-300x200.jpg\" alt=\"Stabil, homogen - und individuell: Die click.wand. \" width=\"300\" height=\"200\" srcset=\"https:\/\/www.memo-media.de\/blog\/wp-content\/uploads\/2019\/06\/trennwaende-mieten-3-300x200.jpg 300w, https:\/\/www.memo-media.de\/blog\/wp-content\/uploads\/2019\/06\/trennwaende-mieten-3-768x512.jpg 768w, https:\/\/www.memo-media.de\/blog\/wp-content\/uploads\/2019\/06\/trennwaende-mieten-3-335x223.jpg 335w, https:\/\/www.memo-media.de\/blog\/wp-content\/uploads\/2019\/06\/trennwaende-mieten-3.jpg 1000w\" sizes=\"(max-width: 300px) 100vw, 300px\" \/><\/a><p id=\"caption-attachment-9344\" class=\"wp-caption-text\">Stabil, homogen &#8211; und individuell: Die click.wand.<\/p><\/div>\n<p>\u201eUnser <a href=\"https:\/\/www.carpe-event.de\/click-wand-system\/\" target=\"_blank\" rel=\"noopener noreferrer\">Trennwandsystem <\/a>hat den Vorteil, dass es wahnsinnig flexibel und schnell aufgebaut ist\u201c, erkl\u00e4rt Mira Spoo-Sonntag. Denn: F\u00fcr die Montage braucht man praktisch kein Werkzeug \u2013 und trotzdem sind die Wandelemente extrem stabil und homogen. Ganze 2.500 Laufmeter an click.wand hat der Event-Dienstleister auf Lager. \u201eDamit k\u00f6nnen wir mehrere Kilometer Wand bauen, und das in sehr kurzer Zeit\u201c, verdeutlicht Frau Spoo-Sonntag. Die einzelnen Module, die es in unterschiedlichen Breiten und H\u00f6hen (von 2,50 bis 3 Meter, man kann sie auch auf 5 Meter aufstocken) gibt, lassen sich beliebig kombinieren \u2013 sogar in Sternform. Dazu gibt es verschiedenste T\u00fcren, LED-Beleuchtung, Rahmen, Blenden, Haken und vieles mehr an Zubeh\u00f6r.<\/p>\n<h3>Trennw\u00e4nde mieten im individuellen Design<\/h3>\n<div id=\"attachment_9343\" style=\"width: 310px\" class=\"wp-caption alignright\"><a href=\"https:\/\/www.memo-media.de\/blog\/wp-content\/uploads\/2019\/06\/trennwaende-mieten-2.jpg\"><img aria-describedby=\"caption-attachment-9343\" decoding=\"async\" loading=\"lazy\" class=\"wp-image-9343 size-medium\" src=\"https:\/\/www.memo-media.de\/blog\/wp-content\/uploads\/2019\/06\/trennwaende-mieten-2-300x225.jpg\" alt=\"Auch ein Hingucker: Trennw\u00e4nde mieten als Rauml\u00f6sung\" width=\"300\" height=\"225\" srcset=\"https:\/\/www.memo-media.de\/blog\/wp-content\/uploads\/2019\/06\/trennwaende-mieten-2-300x225.jpg 300w, https:\/\/www.memo-media.de\/blog\/wp-content\/uploads\/2019\/06\/trennwaende-mieten-2-768x576.jpg 768w, https:\/\/www.memo-media.de\/blog\/wp-content\/uploads\/2019\/06\/trennwaende-mieten-2-72x54.jpg 72w, https:\/\/www.memo-media.de\/blog\/wp-content\/uploads\/2019\/06\/trennwaende-mieten-2-335x251.jpg 335w, https:\/\/www.memo-media.de\/blog\/wp-content\/uploads\/2019\/06\/trennwaende-mieten-2.jpg 1000w\" sizes=\"(max-width: 300px) 100vw, 300px\" \/><\/a><p id=\"caption-attachment-9343\" class=\"wp-caption-text\">Auch ein Hingucker: Trennw\u00e4nde mieten als Rauml\u00f6sung<\/p><\/div>\n<p>Als fester Rahmenvertragspartner der Messe K\u00f6ln befindet sich ein Teil des Lagerbestands der <a href=\"https:\/\/www.carpe-event.de\/click-wand-system\/\" target=\"_blank\" rel=\"noopener noreferrer\">click.wand<\/a> von carpe event direkt in unmittelbarer N\u00e4he. Aktuell im Aufbau konnte ich sie dort gleich an mehreren Stellen im Einsatz bestaunen. Das nicht nur in wei\u00df oder schwarz, in denen es die Einzelteile als Grundausstattung gibt, sondern beklebt mit Logos und Designs, beschriftet, beh\u00e4ngt und komplett in den Farben der jeweiligen CI. Dazu werden die Wandelemente mit Folie beklebt, gestrichen oder tapeziert. Tapeziert? \u201eGenau\u201c, sagt die Expertin. \u201eWenn Sie bei uns Trennw\u00e4nde mieten, k\u00f6nnen Sie damit eigentlich alles machen. Nur eines nicht: N\u00e4gel oder Schrauben anbringen.\u201c Doch selbst daf\u00fcr gibt es spezielle Module, an denen man auch schwere Sachen wie z.B. Monitore befestigen kann, und das auch mit N\u00e4geln und Schrauben. Denn die Wandelemente halten einiges aus. Und sind extrem langlebig und nachhaltig, erfahre ich. \u201eSeit wir das System bei uns in der Firma vor etwa 12 Jahren entwickelt haben, sind immer noch dieselben Elemente im Einsatz\u201c, so Mira Spoo-Sonntag. Trennw\u00e4nde mieten bei <a href=\"https:\/\/www.carpe-event.de\/\" target=\"_blank\" rel=\"noopener noreferrer\">carpe event<\/a> bedeutet, so gut wie keinen M\u00fcll zu produzieren. \u201eIch werde nie vergessen, wie wir auf einer Messe einmal mehrere hundert Laufmeter Wand aufgebaut haben. Nach der \u00dcbergabe an den Kunden verlie\u00dfen wir die Veranstaltungshalle mit einem winzigen M\u00fcllsack voll Papiert\u00fccher, die von der Reinigung vor Ort \u00fcbriggeblieben sind. Das nenne ich nachhaltig\u201c, erinnert sie sich gerne.<\/p>\n<h3>\u00dcberall im Einsatz, wo R\u00e4ume abgegrenzt werden sollen<\/h3>\n<div id=\"attachment_9345\" style=\"width: 310px\" class=\"wp-caption alignleft\"><a href=\"https:\/\/www.memo-media.de\/blog\/wp-content\/uploads\/2019\/06\/trennwaende-mieten-4.jpg\"><img aria-describedby=\"caption-attachment-9345\" decoding=\"async\" loading=\"lazy\" class=\"wp-image-9345 size-medium\" src=\"https:\/\/www.memo-media.de\/blog\/wp-content\/uploads\/2019\/06\/trennwaende-mieten-4-300x169.jpg\" alt=\"Nicht nur am Messestand im Einsatz - auch als B\u00fchnenhintergrund sieht die click.wand gut aus. \" width=\"300\" height=\"169\" srcset=\"https:\/\/www.memo-media.de\/blog\/wp-content\/uploads\/2019\/06\/trennwaende-mieten-4-300x169.jpg 300w, https:\/\/www.memo-media.de\/blog\/wp-content\/uploads\/2019\/06\/trennwaende-mieten-4-768x432.jpg 768w, https:\/\/www.memo-media.de\/blog\/wp-content\/uploads\/2019\/06\/trennwaende-mieten-4-335x189.jpg 335w, https:\/\/www.memo-media.de\/blog\/wp-content\/uploads\/2019\/06\/trennwaende-mieten-4.jpg 1000w\" sizes=\"(max-width: 300px) 100vw, 300px\" \/><\/a><p id=\"caption-attachment-9345\" class=\"wp-caption-text\">Nicht nur am Messestand im Einsatz &#8211; auch als B\u00fchnenhintergrund sieht die click.wand gut aus.<\/p><\/div>\n<p>Ist die <a href=\"https:\/\/www.carpe-event.de\/click-wand-system\/\" target=\"_blank\" rel=\"noopener noreferrer\">click.wand<\/a> denn nur f\u00fcr den Einsatz auf der Messe geeignet, m\u00f6chte ich noch wissen. \u201eAbsolut nicht\u201c, erkl\u00e4rt die Gesch\u00e4ftsf\u00fchrerin. \u201eMan kann die Trennw\u00e4nde mieten f\u00fcr alle Veranstaltungen, auf denen bestimmte Bereiche abgegrenzt werden sollen: Raum-in-Raum-Bauten, K\u00fcchen, Besprechungskabinen, Garderoben, gro\u00dfe R\u00e4ume, in denen kleine R\u00e4ume geschaffen werden sollen, in Zelten, als B\u00fchnenr\u00fcckwand oder Sichtschutz vor Baubereichen\u201c. Als Full-Service-Partner und Ideengeber f\u00fcr seine Kunden k\u00fcmmert sich carpe event productions neben der click.wand \u00fcbrigens auch um Dekoration, Veranstaltungs- und Messebau. Sogar Tische, Theken oder Regalb\u00f6den werden aus dem Stellwandsystem konstruiert, das so einfach und genial ist.<\/p>\n<p>Bei mir hat es \u201eclick\u201c gemacht \u2013 ich bin begeistert!<\/p>\n<p>Wenn ihr mehr zu dem click.wand-System erfahren wollt, ruft einfach mal an bei <a href=\"https:\/\/www.eventbranchenverzeichnis.de\/details\/carpe-event-productions-gmbh-co-kg-15647.html\">Mira -Spoo-Sonntag<\/a>.<\/p>\n","protected":false},"excerpt":{"rendered":"<p>\u201eEs ist ein bisschen wie Lego f\u00fcr Gro\u00dfe\u201c \u2013 so hat mir Mira Spoo-Sonntag beschrieben, worum sich unser Gespr\u00e4ch f\u00fcr&#8230;<\/p>\n","protected":false},"author":29,"featured_media":9342,"comment_status":"closed","ping_status":"open","sticky":false,"template":"","format":"standard","meta":[],"categories":[10],"tags":[2017,1735,1734,1732,1733,824,1731],"yoast_head":"<!-- This site is optimized with the Yoast SEO Premium plugin v20.5 (Yoast SEO v20.5) - https:\/\/yoast.com\/wordpress\/plugins\/seo\/ -->\n<title>Trennw\u00e4nde mieten bei carpe event productions: click - und fertig<\/title>\n<meta name=\"description\" content=\"Sie sind einfach, flexibel, robust - und nachhaltig: Bei carpe event kann man Trennw\u00e4nde mieten als Messestand, B\u00fchnenr\u00fcckwand, Rauml\u00f6sung und vieles mehr.\" \/>\n<meta name=\"robots\" content=\"index, follow, max-snippet:-1, max-image-preview:large, max-video-preview:-1\" \/>\n<link rel=\"canonical\" href=\"https:\/\/www.memo-media.de\/blog\/trennwaende-mieten-bei-carpe-event-productions\/\" \/>\n<meta property=\"og:locale\" content=\"de_DE\" \/>\n<meta property=\"og:type\" content=\"article\" \/>\n<meta property=\"og:title\" content=\"Trennw\u00e4nde mieten bei carpe event productions: click - und fertig\" \/>\n<meta property=\"og:description\" content=\"Sie sind einfach, flexibel, robust - und nachhaltig: Bei carpe event kann man Trennw\u00e4nde mieten als Messestand, B\u00fchnenr\u00fcckwand, Rauml\u00f6sung und vieles mehr.\" \/>\n<meta property=\"og:url\" content=\"https:\/\/www.memo-media.de\/blog\/trennwaende-mieten-bei-carpe-event-productions\/\" \/>\n<meta property=\"og:site_name\" content=\"memo-media Blog f\u00fcr die Eventplanung\" \/>\n<meta property=\"article:published_time\" content=\"2019-05-28T12:00:52+00:00\" \/>\n<meta property=\"article:modified_time\" content=\"2020-04-02T13:20:17+00:00\" \/>\n<meta property=\"og:image\" content=\"https:\/\/www.memo-media.de\/blog\/wp-content\/uploads\/2019\/06\/trennwaende-mieten-1.jpg\" \/>\n\t<meta property=\"og:image:width\" content=\"1050\" \/>\n\t<meta property=\"og:image:height\" content=\"804\" \/>\n\t<meta property=\"og:image:type\" content=\"image\/jpeg\" \/>\n<meta name=\"author\" content=\"Julia Gundelach\" \/>\n<meta name=\"twitter:label1\" content=\"Verfasst von\" \/>\n\t<meta name=\"twitter:data1\" content=\"Julia Gundelach\" \/>\n\t<meta name=\"twitter:label2\" content=\"Gesch\u00e4tzte Lesezeit\" \/>\n\t<meta name=\"twitter:data2\" content=\"3\u00a0Minuten\" \/>\n<script type=\"application\/ld+json\" class=\"yoast-schema-graph\">{\"@context\":\"https:\/\/schema.org\",\"@graph\":[{\"@type\":\"WebPage\",\"@id\":\"https:\/\/www.memo-media.de\/blog\/trennwaende-mieten-bei-carpe-event-productions\/\",\"url\":\"https:\/\/www.memo-media.de\/blog\/trennwaende-mieten-bei-carpe-event-productions\/\",\"name\":\"Trennw\u00e4nde mieten bei carpe event productions: click - und fertig\",\"isPartOf\":{\"@id\":\"https:\/\/www.memo-media.de\/blog\/#website\"},\"datePublished\":\"2019-05-28T12:00:52+00:00\",\"dateModified\":\"2020-04-02T13:20:17+00:00\",\"author\":{\"@id\":\"https:\/\/www.memo-media.de\/blog\/#\/schema\/person\/b01cd365604b7a1226e889d3e8e6f56d\"},\"description\":\"Sie sind einfach, flexibel, robust - und nachhaltig: Bei carpe event kann man Trennw\u00e4nde mieten als Messestand, B\u00fchnenr\u00fcckwand, Rauml\u00f6sung und vieles mehr.\",\"breadcrumb\":{\"@id\":\"https:\/\/www.memo-media.de\/blog\/trennwaende-mieten-bei-carpe-event-productions\/#breadcrumb\"},\"inLanguage\":\"de\",\"potentialAction\":[{\"@type\":\"ReadAction\",\"target\":[\"https:\/\/www.memo-media.de\/blog\/trennwaende-mieten-bei-carpe-event-productions\/\"]}]},{\"@type\":\"BreadcrumbList\",\"@id\":\"https:\/\/www.memo-media.de\/blog\/trennwaende-mieten-bei-carpe-event-productions\/#breadcrumb\",\"itemListElement\":[{\"@type\":\"ListItem\",\"position\":1,\"name\":\"Home\",\"item\":\"https:\/\/www.memo-media.de\/blog\/\"},{\"@type\":\"ListItem\",\"position\":2,\"name\":\"Trennw\u00e4nde mieten bei carpe event productions: click &#8211; und fertig\"}]},{\"@type\":\"WebSite\",\"@id\":\"https:\/\/www.memo-media.de\/blog\/#website\",\"url\":\"https:\/\/www.memo-media.de\/blog\/\",\"name\":\"memo-media Blog f\u00fcr die Eventplanung\",\"description\":\"News und Facts aus der Eventbranche f\u00fcr die Eventbranche\",\"potentialAction\":[{\"@type\":\"SearchAction\",\"target\":{\"@type\":\"EntryPoint\",\"urlTemplate\":\"https:\/\/www.memo-media.de\/blog\/?s={search_term_string}\"},\"query-input\":\"required name=search_term_string\"}],\"inLanguage\":\"de\"},{\"@type\":\"Person\",\"@id\":\"https:\/\/www.memo-media.de\/blog\/#\/schema\/person\/b01cd365604b7a1226e889d3e8e6f56d\",\"name\":\"Julia Gundelach\",\"image\":{\"@type\":\"ImageObject\",\"inLanguage\":\"de\",\"@id\":\"https:\/\/www.memo-media.de\/blog\/#\/schema\/person\/image\/\",\"url\":\"https:\/\/www.memo-media.de\/blog\/wp-content\/uploads\/2021\/05\/julia-gundelach-150x150.jpg\",\"contentUrl\":\"https:\/\/www.memo-media.de\/blog\/wp-content\/uploads\/2021\/05\/julia-gundelach-150x150.jpg\",\"caption\":\"Julia Gundelach\"},\"description\":\"Julia Gundelach ist seit 2016 Teil des memo-media-Teams und bloggt am liebsten \u00fcber actionreiche Eventformate, die sie auch selbst mal testen darf. Als freie Redakteurin ist sie spezialisiert auf die Bereiche Marketing, PR und Werbung, aber auch auf neue Themen in der Veranstaltungswirtschaft. Zum Gl\u00fcck, denn eine buntere, vielf\u00e4ltigere und \u00fcberraschendere Welt, als das Event-Business kann sie sich nicht vorstellen!\",\"url\":\"https:\/\/www.memo-media.de\/blog\/author\/anna-steinberg\/\"}]}<\/script>\n<!-- \/ Yoast SEO Premium plugin. -->","yoast_head_json":{"title":"Trennw\u00e4nde mieten bei carpe event productions: click - und fertig","description":"Sie sind einfach, flexibel, robust - und nachhaltig: Bei carpe event kann man Trennw\u00e4nde mieten als Messestand, B\u00fchnenr\u00fcckwand, Rauml\u00f6sung und vieles mehr.","robots":{"index":"index","follow":"follow","max-snippet":"max-snippet:-1","max-image-preview":"max-image-preview:large","max-video-preview":"max-video-preview:-1"},"canonical":"https:\/\/www.memo-media.de\/blog\/trennwaende-mieten-bei-carpe-event-productions\/","og_locale":"de_DE","og_type":"article","og_title":"Trennw\u00e4nde mieten bei carpe event productions: click - und fertig","og_description":"Sie sind einfach, flexibel, robust - und nachhaltig: Bei carpe event kann man Trennw\u00e4nde mieten als Messestand, B\u00fchnenr\u00fcckwand, Rauml\u00f6sung und vieles mehr.","og_url":"https:\/\/www.memo-media.de\/blog\/trennwaende-mieten-bei-carpe-event-productions\/","og_site_name":"memo-media Blog f\u00fcr die Eventplanung","article_published_time":"2019-05-28T12:00:52+00:00","article_modified_time":"2020-04-02T13:20:17+00:00","og_image":[{"width":1050,"height":804,"url":"https:\/\/www.memo-media.de\/blog\/wp-content\/uploads\/2019\/06\/trennwaende-mieten-1.jpg","type":"image\/jpeg"}],"author":"Julia Gundelach","twitter_misc":{"Verfasst von":"Julia Gundelach","Gesch\u00e4tzte Lesezeit":"3\u00a0Minuten"},"schema":{"@context":"https:\/\/schema.org","@graph":[{"@type":"WebPage","@id":"https:\/\/www.memo-media.de\/blog\/trennwaende-mieten-bei-carpe-event-productions\/","url":"https:\/\/www.memo-media.de\/blog\/trennwaende-mieten-bei-carpe-event-productions\/","name":"Trennw\u00e4nde mieten bei carpe event productions: click - und fertig","isPartOf":{"@id":"https:\/\/www.memo-media.de\/blog\/#website"},"datePublished":"2019-05-28T12:00:52+00:00","dateModified":"2020-04-02T13:20:17+00:00","author":{"@id":"https:\/\/www.memo-media.de\/blog\/#\/schema\/person\/b01cd365604b7a1226e889d3e8e6f56d"},"description":"Sie sind einfach, flexibel, robust - und nachhaltig: Bei carpe event kann man Trennw\u00e4nde mieten als Messestand, B\u00fchnenr\u00fcckwand, Rauml\u00f6sung und vieles mehr.","breadcrumb":{"@id":"https:\/\/www.memo-media.de\/blog\/trennwaende-mieten-bei-carpe-event-productions\/#breadcrumb"},"inLanguage":"de","potentialAction":[{"@type":"ReadAction","target":["https:\/\/www.memo-media.de\/blog\/trennwaende-mieten-bei-carpe-event-productions\/"]}]},{"@type":"BreadcrumbList","@id":"https:\/\/www.memo-media.de\/blog\/trennwaende-mieten-bei-carpe-event-productions\/#breadcrumb","itemListElement":[{"@type":"ListItem","position":1,"name":"Home","item":"https:\/\/www.memo-media.de\/blog\/"},{"@type":"ListItem","position":2,"name":"Trennw\u00e4nde mieten bei carpe event productions: click &#8211; und fertig"}]},{"@type":"WebSite","@id":"https:\/\/www.memo-media.de\/blog\/#website","url":"https:\/\/www.memo-media.de\/blog\/","name":"memo-media Blog f\u00fcr die Eventplanung","description":"News und Facts aus der Eventbranche f\u00fcr die Eventbranche","potentialAction":[{"@type":"SearchAction","target":{"@type":"EntryPoint","urlTemplate":"https:\/\/www.memo-media.de\/blog\/?s={search_term_string}"},"query-input":"required name=search_term_string"}],"inLanguage":"de"},{"@type":"Person","@id":"https:\/\/www.memo-media.de\/blog\/#\/schema\/person\/b01cd365604b7a1226e889d3e8e6f56d","name":"Julia Gundelach","image":{"@type":"ImageObject","inLanguage":"de","@id":"https:\/\/www.memo-media.de\/blog\/#\/schema\/person\/image\/","url":"https:\/\/www.memo-media.de\/blog\/wp-content\/uploads\/2021\/05\/julia-gundelach-150x150.jpg","contentUrl":"https:\/\/www.memo-media.de\/blog\/wp-content\/uploads\/2021\/05\/julia-gundelach-150x150.jpg","caption":"Julia Gundelach"},"description":"Julia Gundelach ist seit 2016 Teil des memo-media-Teams und bloggt am liebsten \u00fcber actionreiche Eventformate, die sie auch selbst mal testen darf. Als freie Redakteurin ist sie spezialisiert auf die Bereiche Marketing, PR und Werbung, aber auch auf neue Themen in der Veranstaltungswirtschaft. Zum Gl\u00fcck, denn eine buntere, vielf\u00e4ltigere und \u00fcberraschendere Welt, als das Event-Business kann sie sich nicht vorstellen!","url":"https:\/\/www.memo-media.de\/blog\/author\/anna-steinberg\/"}]}},"_links":{"self":[{"href":"https:\/\/www.memo-media.de\/blog\/wp-json\/wp\/v2\/posts\/9339"}],"collection":[{"href":"https:\/\/www.memo-media.de\/blog\/wp-json\/wp\/v2\/posts"}],"about":[{"href":"https:\/\/www.memo-media.de\/blog\/wp-json\/wp\/v2\/types\/post"}],"author":[{"embeddable":true,"href":"https:\/\/www.memo-media.de\/blog\/wp-json\/wp\/v2\/users\/29"}],"replies":[{"embeddable":true,"href":"https:\/\/www.memo-media.de\/blog\/wp-json\/wp\/v2\/comments?post=9339"}],"version-history":[{"count":7,"href":"https:\/\/www.memo-media.de\/blog\/wp-json\/wp\/v2\/posts\/9339\/revisions"}],"predecessor-version":[{"id":9568,"href":"https:\/\/www.memo-media.de\/blog\/wp-json\/wp\/v2\/posts\/9339\/revisions\/9568"}],"wp:featuredmedia":[{"embeddable":true,"href":"https:\/\/www.memo-media.de\/blog\/wp-json\/wp\/v2\/media\/9342"}],"wp:attachment":[{"href":"https:\/\/www.memo-media.de\/blog\/wp-json\/wp\/v2\/media?parent=9339"}],"wp:term":[{"taxonomy":"category","embeddable":true,"href":"https:\/\/www.memo-media.de\/blog\/wp-json\/wp\/v2\/categories?post=9339"},{"taxonomy":"post_tag","embeddable":true,"href":"https:\/\/www.memo-media.de\/blog\/wp-json\/wp\/v2\/tags?post=9339"}],"curies":[{"name":"wp","href":"https:\/\/api.w.org\/{rel}","templated":true}]}}