{"id":9270,"date":"2019-05-24T12:00:34","date_gmt":"2019-05-24T10:00:34","guid":{"rendered":"https:\/\/www.memo-media.de\/blog\/?p=9270"},"modified":"2024-02-19T11:32:18","modified_gmt":"2024-02-19T09:32:18","slug":"jobs-in-der-eventbranche-party-rent-mit-neuem-karriereportal","status":"publish","type":"post","link":"https:\/\/www.memo-media.de\/blog\/jobs-in-der-eventbranche-party-rent-mit-neuem-karriereportal\/","title":{"rendered":"Jobs in der Eventbranche: Party Rent mit neuem Karriereportal"},"content":{"rendered":"<p>Was meinen Sie: Wie viel Zeit Ihres Lebens verbringen Sie am Arbeitsplatz? Die H\u00e4lfte? Oder vielleicht sogar ein bisschen mehr? Ich kann Sie beruhigen. Es ist zwar weniger als ein Viertel. Aber: Untersuchungen zufolge wendet ein durchschnittlicher Erwachsener genauso viel Zeit f\u00fcr seine Arbeit auf wie f\u00fcr Essen und Trinken zusammen! Umso wichtiger, dass auch der Job Spa\u00df macht und ausgewogen ist wie eine gute Mahlzeit \u2013 nat\u00fcrlich auch, wenn es um Jobs in der Eventbranche geht. <a href=\"https:\/\/www.partyrent.com\/de\/\" target=\"_blank\" rel=\"noopener noreferrer\">Party Rent<\/a>, einer der gr\u00f6\u00dften Eventausstatter Deutschlands, hat das passende Rezept daf\u00fcr gefunden und uns f\u00fcr den Blog die Zutaten verraten.<\/p>\n<h3>Lockeres Umfeld, flache Hierarchien<\/h3>\n<div id=\"attachment_9273\" style=\"width: 310px\" class=\"wp-caption alignleft\"><a href=\"https:\/\/www.memo-media.de\/blog\/wp-content\/uploads\/2019\/06\/jobs-in-der-eventbranche-1.jpg\"><img aria-describedby=\"caption-attachment-9273\" decoding=\"async\" loading=\"lazy\" class=\"wp-image-9273 size-medium\" src=\"https:\/\/www.memo-media.de\/blog\/wp-content\/uploads\/2019\/06\/jobs-in-der-eventbranche-1-300x200.jpg\" alt=\"Mit dem neuen Portal finden die richtigen Bewerber die richtigen Jobs in der Eventbranche. \" width=\"300\" height=\"200\" srcset=\"https:\/\/www.memo-media.de\/blog\/wp-content\/uploads\/2019\/06\/jobs-in-der-eventbranche-1-300x200.jpg 300w, https:\/\/www.memo-media.de\/blog\/wp-content\/uploads\/2019\/06\/jobs-in-der-eventbranche-1-768x512.jpg 768w, https:\/\/www.memo-media.de\/blog\/wp-content\/uploads\/2019\/06\/jobs-in-der-eventbranche-1-335x223.jpg 335w, https:\/\/www.memo-media.de\/blog\/wp-content\/uploads\/2019\/06\/jobs-in-der-eventbranche-1.jpg 1000w\" sizes=\"(max-width: 300px) 100vw, 300px\" \/><\/a><p id=\"caption-attachment-9273\" class=\"wp-caption-text\">Mit dem neuen Portal finden die richtigen Bewerber die richtigen Jobs in der Eventbranche.<\/p><\/div>\n<p>\u201eIch sch\u00e4tze das lockere Umfeld hier bei Party Rent\u201c, sagt Party Rent-Mitarbeiterin Sandra Bollmann. \u201eDie Hierarchien sind flach, Entscheidungen treffen wir im Team. Mein Job ist vielseitig und kreativ, und es wird nie langweilig\u201c, erkl\u00e4rt die sympathische Vertriebsleiterin am M\u00fcnchner Standort. \u201eDa bleibt sogar noch Zeit f\u00fcr mein Hobby, das Joggen \u2013 und nat\u00fcrlich meine geliebten Reisen als Ausgleich zum Job.\u201c Dass der Eventausstatter ein attraktiver Arbeitgeber ist, spricht sich offenbar herum: Von 250 in 2010 haben sich die Mitarbeiterzahlen inzwischen auf 950 gesteigert. Aber: Mit mehr als 20 Standorten in ganz Europa ist es nicht immer leicht, die passenden Jobs in der Eventbranche mit den richtigen Mitarbeitern zu besetzen. Stellenanzeigen waren auf den einzelnen Seiten oft versteckt und schwer auffindbar. Das ist jetzt vorbei: Mit der neuen Karriereseite <a href=\"https:\/\/jobs.partyrent.com\/\" target=\"_blank\" rel=\"noopener noreferrer\">jobs.partyrent.com<\/a> finden sich nicht nur s\u00e4mtliche offene Stellen auf einen Blick, sondern verpackt in Videos und Interviews auch viel Mehrwert f\u00fcr Bewerber, der die Vorz\u00fcge von Party Rent als Arbeitgeber in den Mittelpunkt r\u00fcckt.<\/p>\n<h3>Jobs in der Eventbranche bei Party Rent auf einen Blick<\/h3>\n<div id=\"attachment_9275\" style=\"width: 310px\" class=\"wp-caption alignright\"><a href=\"https:\/\/www.memo-media.de\/blog\/wp-content\/uploads\/2019\/06\/jobs-in-der-eventbranche-3.jpg\"><img aria-describedby=\"caption-attachment-9275\" decoding=\"async\" loading=\"lazy\" class=\"wp-image-9275 size-medium\" src=\"https:\/\/www.memo-media.de\/blog\/wp-content\/uploads\/2019\/06\/jobs-in-der-eventbranche-3-300x220.jpg\" alt=\"Ausgleich ist wichtig - das wei\u00df der Eventausstatter. \" width=\"300\" height=\"220\" srcset=\"https:\/\/www.memo-media.de\/blog\/wp-content\/uploads\/2019\/06\/jobs-in-der-eventbranche-3-300x220.jpg 300w, https:\/\/www.memo-media.de\/blog\/wp-content\/uploads\/2019\/06\/jobs-in-der-eventbranche-3-768x564.jpg 768w, https:\/\/www.memo-media.de\/blog\/wp-content\/uploads\/2019\/06\/jobs-in-der-eventbranche-3-72x54.jpg 72w, https:\/\/www.memo-media.de\/blog\/wp-content\/uploads\/2019\/06\/jobs-in-der-eventbranche-3-335x246.jpg 335w, https:\/\/www.memo-media.de\/blog\/wp-content\/uploads\/2019\/06\/jobs-in-der-eventbranche-3.jpg 1000w\" sizes=\"(max-width: 300px) 100vw, 300px\" \/><\/a><p id=\"caption-attachment-9275\" class=\"wp-caption-text\">Ausgleich ist wichtig &#8211; das wei\u00df der Eventausstatter.<\/p><\/div>\n<p>Mit nur einem Klick kann man sehen, wie viele offene Stellen es an welchen Standorten gibt. Und sp\u00fcrt schon beim Lesen der Stellenanzeigen: Die Atmosph\u00e4re hier ist lockerer, der Umgangston freundschaftlich, die Stellenangebote lesen sich wie Einladungen und nicht wie Beipackzettel. Bewerbern macht das Mut \u2013 und nimmt ihnen die Scheu. Auch Laura Joachim hat ihren Ausbildungsplatz bei Party Rent gefunden. \u201eEigentlich wollte ich etwas ganz Anderes machen. Aber in der Ausbildung hier bei Party Rent kann ich mitbestimmen, was ich lernen m\u00f6chte und darf Projekte auch vor Ort in den Locations begleiten, das gef\u00e4llt mir einfach\u201c, sagt die junge Event-Expertin. Wer sich \u00fcber das neue Karriereportal auf Jobs in der Eventbranche bewerben m\u00f6chte, hat es leicht: Mit einem <a href=\"https:\/\/jobs.partyrent.com\/de\/bewerben\" target=\"_blank\" rel=\"noopener noreferrer\">Klick <\/a>kann man sich die Stellenbeschreibungen am Wunsch-Standort anschauen \u2013 und per Klick sofort bewerben. Statt dr\u00f6ger Anforderungsprofile hei\u00dft es hier: Du hast was drauf, Du kommst viel rum \u2013 und wir k\u00f6nnen auch was!<\/p>\n<h3>Lebenslauf und Anschreiben per Klick<\/h3>\n<div id=\"attachment_9274\" style=\"width: 310px\" class=\"wp-caption alignleft\"><a href=\"https:\/\/www.memo-media.de\/blog\/wp-content\/uploads\/2019\/06\/jobs-in-der-eventbranche-2.jpg\"><img aria-describedby=\"caption-attachment-9274\" decoding=\"async\" loading=\"lazy\" class=\"wp-image-9274 size-medium\" src=\"https:\/\/www.memo-media.de\/blog\/wp-content\/uploads\/2019\/06\/jobs-in-der-eventbranche-2-300x200.jpg\" alt=\"Ein Klick - und schon kann man sich bewerben. \" width=\"300\" height=\"200\" srcset=\"https:\/\/www.memo-media.de\/blog\/wp-content\/uploads\/2019\/06\/jobs-in-der-eventbranche-2-300x200.jpg 300w, https:\/\/www.memo-media.de\/blog\/wp-content\/uploads\/2019\/06\/jobs-in-der-eventbranche-2-768x512.jpg 768w, https:\/\/www.memo-media.de\/blog\/wp-content\/uploads\/2019\/06\/jobs-in-der-eventbranche-2-335x223.jpg 335w, https:\/\/www.memo-media.de\/blog\/wp-content\/uploads\/2019\/06\/jobs-in-der-eventbranche-2.jpg 1000w\" sizes=\"(max-width: 300px) 100vw, 300px\" \/><\/a><p id=\"caption-attachment-9274\" class=\"wp-caption-text\">Ein Klick &#8211; und schon kann man sich bewerben.<\/p><\/div>\n<p>Wenn alles passt, nur noch Anschreiben und Lebenslauf hochladen \u2013 und dann erstmal zur\u00fccklehnen und abwarten. Und wer sich immer noch nicht sicher ist, findet auf dem neuen Job-Portal ganze 950 <a href=\"https:\/\/jobs.partyrent.com\/de\/wir-sind-die-party-rent-group\" target=\"_blank\" rel=\"noopener noreferrer\">Gr\u00fcnde<\/a>, warum Party Rent der richtige Arbeitgeber f\u00fcr Jobs in der Eventbranche ist. Vom Tellerw\u00e4scher bis zum Key Account Manager! \u201eSchlie\u00dflich sollen sich nicht nur unsere Kunden, sondern auch unsere Mitarbeiter immer auf uns verlassen k\u00f6nnen\u201c, hei\u00dft es bei dem Eventausstatter. Das richtige Rezept daf\u00fcr hat Party Rent offenbar gefunden!<\/p>\n<p>&nbsp;<\/p>\n<p><a href=\"https:\/\/www.eventbranchenverzeichnis.de\/details\/party-rent-group-europaweiter-dienstleister-fuer-eventausstattung-13905.html\" target=\"_blank\" rel=\"noopener noreferrer\">Hier <\/a>gibt es den Kontakt.<\/p>\n<p>&nbsp;<\/p>\n<p><iframe loading=\"lazy\" title=\"YouTube video player\" src=\"https:\/\/www.youtube.com\/embed\/pgjlC71jnm8\" width=\"560\" height=\"315\" frameborder=\"0\" allowfullscreen=\"allowfullscreen\"><\/iframe><\/p>\n","protected":false},"excerpt":{"rendered":"<p>Was meinen Sie: Wie viel Zeit Ihres Lebens verbringen Sie am Arbeitsplatz? Die H\u00e4lfte? Oder vielleicht sogar ein bisschen mehr?&#8230;<\/p>\n","protected":false},"author":29,"featured_media":9272,"comment_status":"closed","ping_status":"open","sticky":false,"template":"","format":"standard","meta":[],"categories":[10],"tags":[1719,1722,1724,1720,1721,868,1725,1723],"yoast_head":"<!-- This site is optimized with the Yoast SEO Premium plugin v20.5 (Yoast SEO v20.5) - https:\/\/yoast.com\/wordpress\/plugins\/seo\/ -->\n<title>Jobs in der Eventbranche: Party Rent mit neuem Karriereportal<\/title>\n<meta name=\"description\" content=\"Auf der neuen Karriereseite finden sich nicht nur Jobs in der Eventbranche bei Party Rent, sondern auch die Vorz\u00fcge des Eventausstatters als Arbeitgeber.\" \/>\n<meta name=\"robots\" content=\"index, follow, max-snippet:-1, max-image-preview:large, max-video-preview:-1\" \/>\n<link rel=\"canonical\" href=\"https:\/\/www.memo-media.de\/blog\/jobs-in-der-eventbranche-party-rent-mit-neuem-karriereportal\/\" \/>\n<meta property=\"og:locale\" content=\"de_DE\" \/>\n<meta property=\"og:type\" content=\"article\" \/>\n<meta property=\"og:title\" content=\"Jobs in der Eventbranche: Party Rent mit neuem Karriereportal\" \/>\n<meta property=\"og:description\" content=\"Auf der neuen Karriereseite finden sich nicht nur Jobs in der Eventbranche bei Party Rent, sondern auch die Vorz\u00fcge des Eventausstatters als Arbeitgeber.\" \/>\n<meta property=\"og:url\" content=\"https:\/\/www.memo-media.de\/blog\/jobs-in-der-eventbranche-party-rent-mit-neuem-karriereportal\/\" \/>\n<meta property=\"og:site_name\" content=\"memo-media Blog f\u00fcr die Eventplanung\" \/>\n<meta property=\"article:published_time\" content=\"2019-05-24T10:00:34+00:00\" \/>\n<meta property=\"article:modified_time\" content=\"2024-02-19T09:32:18+00:00\" \/>\n<meta property=\"og:image\" content=\"https:\/\/www.memo-media.de\/blog\/wp-content\/uploads\/2019\/06\/jobs-in-der-eventbranche-.jpg\" \/>\n\t<meta property=\"og:image:width\" content=\"1050\" \/>\n\t<meta property=\"og:image:height\" content=\"804\" \/>\n\t<meta property=\"og:image:type\" content=\"image\/jpeg\" \/>\n<meta name=\"author\" content=\"Julia Gundelach\" \/>\n<meta name=\"twitter:label1\" content=\"Verfasst von\" \/>\n\t<meta name=\"twitter:data1\" content=\"Julia Gundelach\" \/>\n\t<meta name=\"twitter:label2\" content=\"Gesch\u00e4tzte Lesezeit\" \/>\n\t<meta name=\"twitter:data2\" content=\"4\u00a0Minuten\" \/>\n<script type=\"application\/ld+json\" class=\"yoast-schema-graph\">{\"@context\":\"https:\/\/schema.org\",\"@graph\":[{\"@type\":\"WebPage\",\"@id\":\"https:\/\/www.memo-media.de\/blog\/jobs-in-der-eventbranche-party-rent-mit-neuem-karriereportal\/\",\"url\":\"https:\/\/www.memo-media.de\/blog\/jobs-in-der-eventbranche-party-rent-mit-neuem-karriereportal\/\",\"name\":\"Jobs in der Eventbranche: Party Rent mit neuem Karriereportal\",\"isPartOf\":{\"@id\":\"https:\/\/www.memo-media.de\/blog\/#website\"},\"datePublished\":\"2019-05-24T10:00:34+00:00\",\"dateModified\":\"2024-02-19T09:32:18+00:00\",\"author\":{\"@id\":\"https:\/\/www.memo-media.de\/blog\/#\/schema\/person\/b01cd365604b7a1226e889d3e8e6f56d\"},\"description\":\"Auf der neuen Karriereseite finden sich nicht nur Jobs in der Eventbranche bei Party Rent, sondern auch die Vorz\u00fcge des Eventausstatters als Arbeitgeber.\",\"breadcrumb\":{\"@id\":\"https:\/\/www.memo-media.de\/blog\/jobs-in-der-eventbranche-party-rent-mit-neuem-karriereportal\/#breadcrumb\"},\"inLanguage\":\"de\",\"potentialAction\":[{\"@type\":\"ReadAction\",\"target\":[\"https:\/\/www.memo-media.de\/blog\/jobs-in-der-eventbranche-party-rent-mit-neuem-karriereportal\/\"]}]},{\"@type\":\"BreadcrumbList\",\"@id\":\"https:\/\/www.memo-media.de\/blog\/jobs-in-der-eventbranche-party-rent-mit-neuem-karriereportal\/#breadcrumb\",\"itemListElement\":[{\"@type\":\"ListItem\",\"position\":1,\"name\":\"Home\",\"item\":\"https:\/\/www.memo-media.de\/blog\/\"},{\"@type\":\"ListItem\",\"position\":2,\"name\":\"Jobs in der Eventbranche: Party Rent mit neuem Karriereportal\"}]},{\"@type\":\"WebSite\",\"@id\":\"https:\/\/www.memo-media.de\/blog\/#website\",\"url\":\"https:\/\/www.memo-media.de\/blog\/\",\"name\":\"memo-media Blog f\u00fcr die Eventplanung\",\"description\":\"News und Facts aus der Eventbranche f\u00fcr die Eventbranche\",\"potentialAction\":[{\"@type\":\"SearchAction\",\"target\":{\"@type\":\"EntryPoint\",\"urlTemplate\":\"https:\/\/www.memo-media.de\/blog\/?s={search_term_string}\"},\"query-input\":\"required name=search_term_string\"}],\"inLanguage\":\"de\"},{\"@type\":\"Person\",\"@id\":\"https:\/\/www.memo-media.de\/blog\/#\/schema\/person\/b01cd365604b7a1226e889d3e8e6f56d\",\"name\":\"Julia Gundelach\",\"image\":{\"@type\":\"ImageObject\",\"inLanguage\":\"de\",\"@id\":\"https:\/\/www.memo-media.de\/blog\/#\/schema\/person\/image\/\",\"url\":\"https:\/\/www.memo-media.de\/blog\/wp-content\/uploads\/2021\/05\/julia-gundelach-150x150.jpg\",\"contentUrl\":\"https:\/\/www.memo-media.de\/blog\/wp-content\/uploads\/2021\/05\/julia-gundelach-150x150.jpg\",\"caption\":\"Julia Gundelach\"},\"description\":\"Julia Gundelach ist seit 2016 Teil des memo-media-Teams und bloggt am liebsten \u00fcber actionreiche Eventformate, die sie auch selbst mal testen darf. Als freie Redakteurin ist sie spezialisiert auf die Bereiche Marketing, PR und Werbung, aber auch auf neue Themen in der Veranstaltungswirtschaft. Zum Gl\u00fcck, denn eine buntere, vielf\u00e4ltigere und \u00fcberraschendere Welt, als das Event-Business kann sie sich nicht vorstellen!\",\"url\":\"https:\/\/www.memo-media.de\/blog\/author\/anna-steinberg\/\"}]}<\/script>\n<!-- \/ Yoast SEO Premium plugin. -->","yoast_head_json":{"title":"Jobs in der Eventbranche: Party Rent mit neuem Karriereportal","description":"Auf der neuen Karriereseite finden sich nicht nur Jobs in der Eventbranche bei Party Rent, sondern auch die Vorz\u00fcge des Eventausstatters als Arbeitgeber.","robots":{"index":"index","follow":"follow","max-snippet":"max-snippet:-1","max-image-preview":"max-image-preview:large","max-video-preview":"max-video-preview:-1"},"canonical":"https:\/\/www.memo-media.de\/blog\/jobs-in-der-eventbranche-party-rent-mit-neuem-karriereportal\/","og_locale":"de_DE","og_type":"article","og_title":"Jobs in der Eventbranche: Party Rent mit neuem Karriereportal","og_description":"Auf der neuen Karriereseite finden sich nicht nur Jobs in der Eventbranche bei Party Rent, sondern auch die Vorz\u00fcge des Eventausstatters als Arbeitgeber.","og_url":"https:\/\/www.memo-media.de\/blog\/jobs-in-der-eventbranche-party-rent-mit-neuem-karriereportal\/","og_site_name":"memo-media Blog f\u00fcr die Eventplanung","article_published_time":"2019-05-24T10:00:34+00:00","article_modified_time":"2024-02-19T09:32:18+00:00","og_image":[{"width":1050,"height":804,"url":"https:\/\/www.memo-media.de\/blog\/wp-content\/uploads\/2019\/06\/jobs-in-der-eventbranche-.jpg","type":"image\/jpeg"}],"author":"Julia Gundelach","twitter_misc":{"Verfasst von":"Julia Gundelach","Gesch\u00e4tzte Lesezeit":"4\u00a0Minuten"},"schema":{"@context":"https:\/\/schema.org","@graph":[{"@type":"WebPage","@id":"https:\/\/www.memo-media.de\/blog\/jobs-in-der-eventbranche-party-rent-mit-neuem-karriereportal\/","url":"https:\/\/www.memo-media.de\/blog\/jobs-in-der-eventbranche-party-rent-mit-neuem-karriereportal\/","name":"Jobs in der Eventbranche: Party Rent mit neuem Karriereportal","isPartOf":{"@id":"https:\/\/www.memo-media.de\/blog\/#website"},"datePublished":"2019-05-24T10:00:34+00:00","dateModified":"2024-02-19T09:32:18+00:00","author":{"@id":"https:\/\/www.memo-media.de\/blog\/#\/schema\/person\/b01cd365604b7a1226e889d3e8e6f56d"},"description":"Auf der neuen Karriereseite finden sich nicht nur Jobs in der Eventbranche bei Party Rent, sondern auch die Vorz\u00fcge des Eventausstatters als Arbeitgeber.","breadcrumb":{"@id":"https:\/\/www.memo-media.de\/blog\/jobs-in-der-eventbranche-party-rent-mit-neuem-karriereportal\/#breadcrumb"},"inLanguage":"de","potentialAction":[{"@type":"ReadAction","target":["https:\/\/www.memo-media.de\/blog\/jobs-in-der-eventbranche-party-rent-mit-neuem-karriereportal\/"]}]},{"@type":"BreadcrumbList","@id":"https:\/\/www.memo-media.de\/blog\/jobs-in-der-eventbranche-party-rent-mit-neuem-karriereportal\/#breadcrumb","itemListElement":[{"@type":"ListItem","position":1,"name":"Home","item":"https:\/\/www.memo-media.de\/blog\/"},{"@type":"ListItem","position":2,"name":"Jobs in der Eventbranche: Party Rent mit neuem Karriereportal"}]},{"@type":"WebSite","@id":"https:\/\/www.memo-media.de\/blog\/#website","url":"https:\/\/www.memo-media.de\/blog\/","name":"memo-media Blog f\u00fcr die Eventplanung","description":"News und Facts aus der Eventbranche f\u00fcr die Eventbranche","potentialAction":[{"@type":"SearchAction","target":{"@type":"EntryPoint","urlTemplate":"https:\/\/www.memo-media.de\/blog\/?s={search_term_string}"},"query-input":"required name=search_term_string"}],"inLanguage":"de"},{"@type":"Person","@id":"https:\/\/www.memo-media.de\/blog\/#\/schema\/person\/b01cd365604b7a1226e889d3e8e6f56d","name":"Julia Gundelach","image":{"@type":"ImageObject","inLanguage":"de","@id":"https:\/\/www.memo-media.de\/blog\/#\/schema\/person\/image\/","url":"https:\/\/www.memo-media.de\/blog\/wp-content\/uploads\/2021\/05\/julia-gundelach-150x150.jpg","contentUrl":"https:\/\/www.memo-media.de\/blog\/wp-content\/uploads\/2021\/05\/julia-gundelach-150x150.jpg","caption":"Julia Gundelach"},"description":"Julia Gundelach ist seit 2016 Teil des memo-media-Teams und bloggt am liebsten \u00fcber actionreiche Eventformate, die sie auch selbst mal testen darf. Als freie Redakteurin ist sie spezialisiert auf die Bereiche Marketing, PR und Werbung, aber auch auf neue Themen in der Veranstaltungswirtschaft. Zum Gl\u00fcck, denn eine buntere, vielf\u00e4ltigere und \u00fcberraschendere Welt, als das Event-Business kann sie sich nicht vorstellen!","url":"https:\/\/www.memo-media.de\/blog\/author\/anna-steinberg\/"}]}},"_links":{"self":[{"href":"https:\/\/www.memo-media.de\/blog\/wp-json\/wp\/v2\/posts\/9270"}],"collection":[{"href":"https:\/\/www.memo-media.de\/blog\/wp-json\/wp\/v2\/posts"}],"about":[{"href":"https:\/\/www.memo-media.de\/blog\/wp-json\/wp\/v2\/types\/post"}],"author":[{"embeddable":true,"href":"https:\/\/www.memo-media.de\/blog\/wp-json\/wp\/v2\/users\/29"}],"replies":[{"embeddable":true,"href":"https:\/\/www.memo-media.de\/blog\/wp-json\/wp\/v2\/comments?post=9270"}],"version-history":[{"count":9,"href":"https:\/\/www.memo-media.de\/blog\/wp-json\/wp\/v2\/posts\/9270\/revisions"}],"predecessor-version":[{"id":17077,"href":"https:\/\/www.memo-media.de\/blog\/wp-json\/wp\/v2\/posts\/9270\/revisions\/17077"}],"wp:featuredmedia":[{"embeddable":true,"href":"https:\/\/www.memo-media.de\/blog\/wp-json\/wp\/v2\/media\/9272"}],"wp:attachment":[{"href":"https:\/\/www.memo-media.de\/blog\/wp-json\/wp\/v2\/media?parent=9270"}],"wp:term":[{"taxonomy":"category","embeddable":true,"href":"https:\/\/www.memo-media.de\/blog\/wp-json\/wp\/v2\/categories?post=9270"},{"taxonomy":"post_tag","embeddable":true,"href":"https:\/\/www.memo-media.de\/blog\/wp-json\/wp\/v2\/tags?post=9270"}],"curies":[{"name":"wp","href":"https:\/\/api.w.org\/{rel}","templated":true}]}}