{"id":874,"date":"2014-10-14T13:41:14","date_gmt":"2014-10-14T11:41:14","guid":{"rendered":"http:\/\/www.memo-media.de\/blog\/?p=874"},"modified":"2024-08-19T12:52:10","modified_gmt":"2024-08-19T10:52:10","slug":"perpedalo-stylische-citycruiser-auf-promotion-tour","status":"publish","type":"post","link":"https:\/\/www.memo-media.de\/blog\/perpedalo-stylische-citycruiser-auf-promotion-tour\/","title":{"rendered":"perpedalo: Stylische CityCruiser auf Promotion-Tour"},"content":{"rendered":"<p>Das K\u00f6lner Unternehmen <a title=\"Perpedalo\" href=\"http:\/\/www.perpedalo.de\/\" target=\"_blank\" rel=\"noopener noreferrer\">perpedalo Velomarketing und Event<\/a> ist f\u00fcr so ziemlich jeden Spa\u00df zu haben. Als der TV-Sender Super RTL vor einiger Zeit die Werbetrommel f\u00fcr seine neue Kinderserie \u201eMike, der Ritter\u201c r\u00fchren wollte, verwandelte perpedalo seine <a title=\"CityCruiser\" href=\"https:\/\/www.perpedalo.de\" target=\"_blank\" rel=\"noopener noreferrer\">CityCruiser<\/a> mit einem Vollbranding in mittelalterliche Kutschen und steckte seine Fahrer in Ritterkost\u00fcme. So chauffierten die dann ihre Passagiere durch die Domstadt und bescherten Super RTL damit die beste <a title=\"Promotion mit perpedalo\" href=\"https:\/\/www.perpedalo.de\/mediadaten-download\/\" target=\"_blank\" rel=\"noopener noreferrer\">Promotion<\/a>. Doch das war l\u00e4ngst nicht der au\u00dfergew\u00f6hnlichste Kundenwunsch, von dem perpedalo-Chef Johannes Wittig erz\u00e4hlen kann.<\/p>\n<div id=\"attachment_882\" style=\"width: 310px\" class=\"wp-caption alignright\"><a href=\"https:\/\/www.memo-media.de\/blog\/wp-content\/uploads\/2014\/10\/perpedalo4.jpg\"><img aria-describedby=\"caption-attachment-882\" decoding=\"async\" loading=\"lazy\" class=\"size-medium wp-image-882\" src=\"https:\/\/www.memo-media.de\/blog\/wp-content\/uploads\/2014\/10\/perpedalo4-300x199.jpg\" alt=\"Mike, der Ritter, unterwegs mit perpedalo durch K\u00f6ln\" width=\"300\" height=\"199\" srcset=\"https:\/\/www.memo-media.de\/blog\/wp-content\/uploads\/2014\/10\/perpedalo4-300x199.jpg 300w, https:\/\/www.memo-media.de\/blog\/wp-content\/uploads\/2014\/10\/perpedalo4-1024x681.jpg 1024w, https:\/\/www.memo-media.de\/blog\/wp-content\/uploads\/2014\/10\/perpedalo4-335x222.jpg 335w, https:\/\/www.memo-media.de\/blog\/wp-content\/uploads\/2014\/10\/perpedalo4-1050x698.jpg 1050w, https:\/\/www.memo-media.de\/blog\/wp-content\/uploads\/2014\/10\/perpedalo4.jpg 1736w\" sizes=\"(max-width: 300px) 100vw, 300px\" \/><\/a><p id=\"caption-attachment-882\" class=\"wp-caption-text\">Mike, die Ritter, unterwegs mit perpedalo durch K\u00f6ln f\u00fcr Super RTL<\/p><\/div>\n<p>Was tut man nicht alles, um seine Kunden <a title=\"Gl\u00fcckliche Kunden mit Perpedalo\" href=\"https:\/\/www.perpedalo.de\/bildergalerie\/\" target=\"_blank\" rel=\"noopener noreferrer\">gl\u00fccklich<\/a> zu machen. Als Johannes Wittig in seiner Anfangszeit noch alleine mit seiner thail\u00e4ndischen Rikscha auf den Stra\u00dfen K\u00f6lns unterwegs war, kam einmal ein P\u00e4rchen mit einem ganz besonderen Anliegen auf ihn zu. Die beiden wollten heiraten und mit dem Fahrradtaxi vom Standesamt abgeholt werden &#8211; was bis dahin noch nicht weiter ungew\u00f6hnlich war \u2013, allerdings sollte Johannes Wittig als Fahrer dabei ein Batman-Kost\u00fcm tragen.<\/p>\n<h2>Aus dem Ein-Mann-Betrieb ist mittlerweile ein Unternehmen mit 25 Fahrern geworden<\/h2>\n<p>Der ehemalige Sozialarbeiter muss heute, \u00fcber 20 Jahre sp\u00e4ter, immer noch lachen, wenn er an die Maske und das schwarze Cape zur\u00fcck denkt: \u201eDer Typ war wahrscheinlich ein Comic-Fan. Ich habe ihm den Wunsch aber gerne erf\u00fcllt.\u201c Heute muss Johannes Wittig nicht mehr selbst in die Pedale treten und kann solche Auftr\u00e4ge seinen Angestellten \u00fcberlassen. Rund 25 Fahrer arbeiten derzeit f\u00fcr den 54-J\u00e4hrigen und aus der einen Rikscha von damals ist mittlerweile ein stattlicher Fuhrpark mit acht Rikschas (auch Velocabs genannt) und 14 CityCruisern geworden. Die funktionieren ganz \u00e4hnlich wie die Rikschas, nur dass sie windschnittiger sind, mehr Werbefl\u00e4che bieten und einen Elektromotor mit an Bord haben, um dem Fahrer wenigstens ein bisschen Arbeit abzunehmen.<\/p>\n<div id=\"attachment_881\" style=\"width: 310px\" class=\"wp-caption alignleft\"><a href=\"https:\/\/www.memo-media.de\/blog\/wp-content\/uploads\/2014\/10\/perpedalo3.jpg\"><img aria-describedby=\"caption-attachment-881\" decoding=\"async\" loading=\"lazy\" class=\"size-medium wp-image-881\" src=\"https:\/\/www.memo-media.de\/blog\/wp-content\/uploads\/2014\/10\/perpedalo3-300x229.jpg\" alt=\"8 Rikschas und 14 Citycruiser kreuzen f\u00fcr perpedalo durch K\u00f6ln\" width=\"300\" height=\"229\" srcset=\"https:\/\/www.memo-media.de\/blog\/wp-content\/uploads\/2014\/10\/perpedalo3-300x229.jpg 300w, https:\/\/www.memo-media.de\/blog\/wp-content\/uploads\/2014\/10\/perpedalo3-1024x784.jpg 1024w, https:\/\/www.memo-media.de\/blog\/wp-content\/uploads\/2014\/10\/perpedalo3-335x256.jpg 335w, https:\/\/www.memo-media.de\/blog\/wp-content\/uploads\/2014\/10\/perpedalo3-72x54.jpg 72w, https:\/\/www.memo-media.de\/blog\/wp-content\/uploads\/2014\/10\/perpedalo3-1050x804.jpg 1050w, https:\/\/www.memo-media.de\/blog\/wp-content\/uploads\/2014\/10\/perpedalo3.jpg 1500w\" sizes=\"(max-width: 300px) 100vw, 300px\" \/><\/a><p id=\"caption-attachment-881\" class=\"wp-caption-text\">8 Rikschas und 14 Citycruiser kreuzen f\u00fcr perpedalo durch K\u00f6ln<\/p><\/div>\n<h2>Unternehmen sch\u00e4tzen die modernen und umweltschonenden CityCruiser als ideale Werbefl\u00e4che<\/h2>\n<p>Gerade bei Unternehmen sind die CityCruiser wegen ihres modernen Designs und des umweltfreundlichen Antriebs schwer beliebt, sei es als originelle Idee f\u00fcr Firmenveranstaltungen und Incentives oder als <a title=\"Perpedalo bietet attraktive Werbefl\u00e4chen\" href=\"https:\/\/www.perpedalo.de\/fahrzeuge\/\" target=\"_blank\" rel=\"noopener noreferrer\">attraktive Werbefl\u00e4che<\/a>, die jeden Tag an den wichtigsten Punkten in K\u00f6ln pr\u00e4sent ist und dort f\u00fcr m\u00e4chtig Aufmerksamkeit sorgt. Viele gro\u00dfe Firmen wie Vodafone oder Samsung haben bereits f\u00fcr Shop-Er\u00f6ffnungen, <a title=\"Messe-Shuttle von perpedalo\" href=\"https:\/\/www.perpedalo.de\/messe-kongress\/\" target=\"_blank\" rel=\"noopener noreferrer\">Messen<\/a> oder \u00c4hnliches davon Gebrauch gemacht. Momentan hat perpedalo eine Kooperation mit dem Kinder- und Jugendhospiz Balthasar, f\u00fcr das es auf einigen seiner Fahrzeuge wirbt.<\/p>\n<div id=\"attachment_883\" style=\"width: 310px\" class=\"wp-caption alignright\"><a href=\"https:\/\/www.memo-media.de\/blog\/wp-content\/uploads\/2014\/10\/perpedalo5.jpg\"><img aria-describedby=\"caption-attachment-883\" decoding=\"async\" loading=\"lazy\" class=\"size-medium wp-image-883\" src=\"https:\/\/www.memo-media.de\/blog\/wp-content\/uploads\/2014\/10\/perpedalo5-300x225.jpg\" alt=\"perpedalo shuttlet f\u00fcr Samsung\" width=\"300\" height=\"225\" srcset=\"https:\/\/www.memo-media.de\/blog\/wp-content\/uploads\/2014\/10\/perpedalo5-300x225.jpg 300w, https:\/\/www.memo-media.de\/blog\/wp-content\/uploads\/2014\/10\/perpedalo5-1024x768.jpg 1024w, https:\/\/www.memo-media.de\/blog\/wp-content\/uploads\/2014\/10\/perpedalo5-72x54.jpg 72w, https:\/\/www.memo-media.de\/blog\/wp-content\/uploads\/2014\/10\/perpedalo5-335x251.jpg 335w, https:\/\/www.memo-media.de\/blog\/wp-content\/uploads\/2014\/10\/perpedalo5-1050x787.jpg 1050w, https:\/\/www.memo-media.de\/blog\/wp-content\/uploads\/2014\/10\/perpedalo5.jpg 1500w\" sizes=\"(max-width: 300px) 100vw, 300px\" \/><\/a><p id=\"caption-attachment-883\" class=\"wp-caption-text\">perpedalo shuttelt f\u00fcr Samsung in Form einer \u00fcberlebensgro\u00dfen Kamera<\/p><\/div>\n<p>&nbsp;<\/p>\n<p>Das Angebot von\u00a0[memo_eintrag kundennummer=123582]perpedalo[\/memo_eintrag] ist gro\u00df und reicht von einfachen Taxifahrten \u00fcber Stadttouren zu den Sehensw\u00fcrdigkeiten K\u00f6lns bis hin zu Specials wie der Rikscha-Brauhaustour oder dem K\u00f6lschen Kultur-Picknick. All das kann auf Wunsch auch mit einer Schifffahrt oder einer Segwaystour kombiniert werden. Besonders beliebt ist der Rikscha-Service auch bei Hochzeiten (in der Regel ohne Batman-Kost\u00fcm). F\u00fcr Junggesellenabschiede gibt es die so genannten Conference-Bikes, auf denen bis zu sieben Fahrer im Kreis sitzen und sich gemeinsam abstrampeln k\u00f6nnen, bevor sich die Gruppe ins K\u00f6lner Nachtleben st\u00fcrzt.<\/p>\n<h2>Bis zu 100 Kilometer legt ein Fahrer von perpedalo an guten Tagen zur\u00fcck<\/h2>\n<div id=\"attachment_879\" style=\"width: 310px\" class=\"wp-caption alignleft\"><a href=\"https:\/\/www.memo-media.de\/blog\/wp-content\/uploads\/2014\/10\/perpedalo1.jpg\"><img aria-describedby=\"caption-attachment-879\" decoding=\"async\" loading=\"lazy\" class=\"size-medium wp-image-879\" src=\"https:\/\/www.memo-media.de\/blog\/wp-content\/uploads\/2014\/10\/perpedalo1-300x200.jpg\" alt=\"Rund 100 Kilometer legen die Fahrer an guten Tagen zur\u00fcck\" width=\"300\" height=\"200\" srcset=\"https:\/\/www.memo-media.de\/blog\/wp-content\/uploads\/2014\/10\/perpedalo1-300x200.jpg 300w, https:\/\/www.memo-media.de\/blog\/wp-content\/uploads\/2014\/10\/perpedalo1-1024x682.jpg 1024w, https:\/\/www.memo-media.de\/blog\/wp-content\/uploads\/2014\/10\/perpedalo1-335x223.jpg 335w, https:\/\/www.memo-media.de\/blog\/wp-content\/uploads\/2014\/10\/perpedalo1-1050x700.jpg 1050w, https:\/\/www.memo-media.de\/blog\/wp-content\/uploads\/2014\/10\/perpedalo1.jpg 1500w\" sizes=\"(max-width: 300px) 100vw, 300px\" \/><\/a><p id=\"caption-attachment-879\" class=\"wp-caption-text\">Rund 100 Kilometer legen die Fahrer an guten Tagen zur\u00fcck<\/p><\/div>\n<p>Die Anforderungen an die Fahrer von perpedalo sind gro\u00df. Zum einen m\u00fcssen sie k\u00f6rperlich fit genug sein, um an guten Tagen bis zu 100 Kilometer durch die Stadt zu d\u00fcsen. Zum anderen sprechen sie idealerweise noch die eine oder andere Fremdsprache und besitzen Stadtf\u00fchrerqualit\u00e4ten. \u201eWir laden neue Fahrer zu einem Vorstellungsgespr\u00e4ch ein und machen einen kleinen Test mit ihnen. Dann merkt man relativ schnell, ob sie zu uns passen\u201c, sagt Johannes Wittig, der zumindest das mit der Fitness bei hoch verdienten Fahrern nicht ganz so genau nimmt: \u201eEines unserer Velocabs haben wir mit einem Elektromotor ausger\u00fcstet, damit unser Senior, der 67 Jahre alt ist, noch damit fahren kann\u201c, erz\u00e4hlt er. Eine gute Tat, die Batman sicher nicht besser hingekriegt h\u00e4tte.<\/p>\n<p>P.S.: Ich habe schon oft damit gelieb\u00e4ugelt, mich mal von einem solchen Gef\u00e4hrt durch die Stadt kutschieren zu lassen. Bisher hatte ich aber immer Skrupel, weil mir die Fahrer so leid taten. Jetzt, wo ich aber wei\u00df, dass die gar nicht komplett selbst fahren m\u00fcssen und elektronische Hilfe haben, will ich das unbedingt mal ausprobieren. Rikschas, nehmt euch in Acht! Ich komme!<\/p>\n","protected":false},"excerpt":{"rendered":"<p>Das K\u00f6lner Unternehmen perpedalo Velomarketing und Event ist f\u00fcr so ziemlich jeden Spa\u00df zu haben. Als der TV-Sender Super RTL&#8230;<\/p>\n","protected":false},"author":2,"featured_media":878,"comment_status":"closed","ping_status":"closed","sticky":false,"template":"","format":"standard","meta":[],"categories":[4,10],"tags":[156,155,160,159,158,157,1985,154],"yoast_head":"<!-- This site is optimized with the Yoast SEO Premium plugin v20.5 (Yoast SEO v20.5) - https:\/\/yoast.com\/wordpress\/plugins\/seo\/ -->\n<title>perpedalo: Stylische CityCruiser auf Promotion-Tour<\/title>\n<meta name=\"description\" content=\"Die Rikschas von perpedalo bei Unternehmen wegen ihres modernen Designs und des umweltfreundlichen Antriebs f\u00fcr Firmenveranstaltungen und Incentives beliebt\" \/>\n<meta name=\"robots\" content=\"index, follow, max-snippet:-1, max-image-preview:large, max-video-preview:-1\" \/>\n<link rel=\"canonical\" href=\"https:\/\/www.memo-media.de\/blog\/perpedalo-stylische-citycruiser-auf-promotion-tour\/\" \/>\n<meta property=\"og:locale\" content=\"de_DE\" \/>\n<meta property=\"og:type\" content=\"article\" \/>\n<meta property=\"og:title\" content=\"perpedalo: Stylische CityCruiser auf Promotion-Tour\" \/>\n<meta property=\"og:description\" content=\"Die Rikschas von perpedalo bei Unternehmen wegen ihres modernen Designs und des umweltfreundlichen Antriebs f\u00fcr Firmenveranstaltungen und Incentives beliebt\" \/>\n<meta property=\"og:url\" content=\"https:\/\/www.memo-media.de\/blog\/perpedalo-stylische-citycruiser-auf-promotion-tour\/\" \/>\n<meta property=\"og:site_name\" content=\"memo-media Blog f\u00fcr die Eventplanung\" \/>\n<meta property=\"article:author\" content=\"https:\/\/www.facebook.com\/memomedia\" \/>\n<meta property=\"article:published_time\" content=\"2014-10-14T11:41:14+00:00\" \/>\n<meta property=\"article:modified_time\" content=\"2024-08-19T10:52:10+00:00\" \/>\n<meta property=\"og:image\" content=\"https:\/\/www.memo-media.de\/blog\/wp-content\/uploads\/2014\/10\/header2_perpedalo.jpg\" \/>\n\t<meta property=\"og:image:width\" content=\"1500\" \/>\n\t<meta property=\"og:image:height\" content=\"1149\" \/>\n\t<meta property=\"og:image:type\" content=\"image\/jpeg\" \/>\n<meta name=\"author\" content=\"Kerstin Meisner\" \/>\n<meta name=\"twitter:label1\" content=\"Verfasst von\" \/>\n\t<meta name=\"twitter:data1\" content=\"Kerstin Meisner\" \/>\n\t<meta name=\"twitter:label2\" content=\"Gesch\u00e4tzte Lesezeit\" \/>\n\t<meta name=\"twitter:data2\" content=\"4\u00a0Minuten\" \/>\n<script type=\"application\/ld+json\" class=\"yoast-schema-graph\">{\"@context\":\"https:\/\/schema.org\",\"@graph\":[{\"@type\":\"WebPage\",\"@id\":\"https:\/\/www.memo-media.de\/blog\/perpedalo-stylische-citycruiser-auf-promotion-tour\/\",\"url\":\"https:\/\/www.memo-media.de\/blog\/perpedalo-stylische-citycruiser-auf-promotion-tour\/\",\"name\":\"perpedalo: Stylische CityCruiser auf Promotion-Tour\",\"isPartOf\":{\"@id\":\"https:\/\/www.memo-media.de\/blog\/#website\"},\"datePublished\":\"2014-10-14T11:41:14+00:00\",\"dateModified\":\"2024-08-19T10:52:10+00:00\",\"author\":{\"@id\":\"https:\/\/www.memo-media.de\/blog\/#\/schema\/person\/4a9ebc406469558526f2f3e5dd7a7ab0\"},\"description\":\"Die Rikschas von perpedalo bei Unternehmen wegen ihres modernen Designs und des umweltfreundlichen Antriebs f\u00fcr Firmenveranstaltungen und Incentives beliebt\",\"breadcrumb\":{\"@id\":\"https:\/\/www.memo-media.de\/blog\/perpedalo-stylische-citycruiser-auf-promotion-tour\/#breadcrumb\"},\"inLanguage\":\"de\",\"potentialAction\":[{\"@type\":\"ReadAction\",\"target\":[\"https:\/\/www.memo-media.de\/blog\/perpedalo-stylische-citycruiser-auf-promotion-tour\/\"]}]},{\"@type\":\"BreadcrumbList\",\"@id\":\"https:\/\/www.memo-media.de\/blog\/perpedalo-stylische-citycruiser-auf-promotion-tour\/#breadcrumb\",\"itemListElement\":[{\"@type\":\"ListItem\",\"position\":1,\"name\":\"Home\",\"item\":\"https:\/\/www.memo-media.de\/blog\/\"},{\"@type\":\"ListItem\",\"position\":2,\"name\":\"perpedalo: Stylische CityCruiser auf Promotion-Tour\"}]},{\"@type\":\"WebSite\",\"@id\":\"https:\/\/www.memo-media.de\/blog\/#website\",\"url\":\"https:\/\/www.memo-media.de\/blog\/\",\"name\":\"memo-media Blog f\u00fcr die Eventplanung\",\"description\":\"News und Facts aus der Eventbranche f\u00fcr die Eventbranche\",\"potentialAction\":[{\"@type\":\"SearchAction\",\"target\":{\"@type\":\"EntryPoint\",\"urlTemplate\":\"https:\/\/www.memo-media.de\/blog\/?s={search_term_string}\"},\"query-input\":\"required name=search_term_string\"}],\"inLanguage\":\"de\"},{\"@type\":\"Person\",\"@id\":\"https:\/\/www.memo-media.de\/blog\/#\/schema\/person\/4a9ebc406469558526f2f3e5dd7a7ab0\",\"name\":\"Kerstin Meisner\",\"image\":{\"@type\":\"ImageObject\",\"inLanguage\":\"de\",\"@id\":\"https:\/\/www.memo-media.de\/blog\/#\/schema\/person\/image\/\",\"url\":\"https:\/\/www.memo-media.de\/blog\/wp-content\/uploads\/2022\/10\/kerstin-meisner_2022_03-mittel-150x150.jpg\",\"contentUrl\":\"https:\/\/www.memo-media.de\/blog\/wp-content\/uploads\/2022\/10\/kerstin-meisner_2022_03-mittel-150x150.jpg\",\"caption\":\"Kerstin Meisner\"},\"description\":\"Kerstin Meisner hat memo-media im Dezember 2000 gegr\u00fcndet. Die Website www.memo-media.de ist im Juni 2001 online gegangen und das erste Handbuch memo-media erschien im Herbst 2001. Seit 2007 wird das Magazin showcases von ihr als Herausgeberin herausgebracht, 2016 folgten die Eventmoods. Kerstin Meisner ist auch Chefredakteurin des memo-media Blogs f\u00fcr die Eventplanung und des monatlichen Eventbranchenbriefs, dem memoLetter.\",\"sameAs\":[\"https:\/\/www.memo-media.de\",\"https:\/\/www.facebook.com\/memomedia\"],\"url\":\"https:\/\/www.memo-media.de\/blog\/author\/kerstin-meisner\/\"}]}<\/script>\n<!-- \/ Yoast SEO Premium plugin. -->","yoast_head_json":{"title":"perpedalo: Stylische CityCruiser auf Promotion-Tour","description":"Die Rikschas von perpedalo bei Unternehmen wegen ihres modernen Designs und des umweltfreundlichen Antriebs f\u00fcr Firmenveranstaltungen und Incentives beliebt","robots":{"index":"index","follow":"follow","max-snippet":"max-snippet:-1","max-image-preview":"max-image-preview:large","max-video-preview":"max-video-preview:-1"},"canonical":"https:\/\/www.memo-media.de\/blog\/perpedalo-stylische-citycruiser-auf-promotion-tour\/","og_locale":"de_DE","og_type":"article","og_title":"perpedalo: Stylische CityCruiser auf Promotion-Tour","og_description":"Die Rikschas von perpedalo bei Unternehmen wegen ihres modernen Designs und des umweltfreundlichen Antriebs f\u00fcr Firmenveranstaltungen und Incentives beliebt","og_url":"https:\/\/www.memo-media.de\/blog\/perpedalo-stylische-citycruiser-auf-promotion-tour\/","og_site_name":"memo-media Blog f\u00fcr die Eventplanung","article_author":"https:\/\/www.facebook.com\/memomedia","article_published_time":"2014-10-14T11:41:14+00:00","article_modified_time":"2024-08-19T10:52:10+00:00","og_image":[{"width":1500,"height":1149,"url":"https:\/\/www.memo-media.de\/blog\/wp-content\/uploads\/2014\/10\/header2_perpedalo.jpg","type":"image\/jpeg"}],"author":"Kerstin Meisner","twitter_misc":{"Verfasst von":"Kerstin Meisner","Gesch\u00e4tzte Lesezeit":"4\u00a0Minuten"},"schema":{"@context":"https:\/\/schema.org","@graph":[{"@type":"WebPage","@id":"https:\/\/www.memo-media.de\/blog\/perpedalo-stylische-citycruiser-auf-promotion-tour\/","url":"https:\/\/www.memo-media.de\/blog\/perpedalo-stylische-citycruiser-auf-promotion-tour\/","name":"perpedalo: Stylische CityCruiser auf Promotion-Tour","isPartOf":{"@id":"https:\/\/www.memo-media.de\/blog\/#website"},"datePublished":"2014-10-14T11:41:14+00:00","dateModified":"2024-08-19T10:52:10+00:00","author":{"@id":"https:\/\/www.memo-media.de\/blog\/#\/schema\/person\/4a9ebc406469558526f2f3e5dd7a7ab0"},"description":"Die Rikschas von perpedalo bei Unternehmen wegen ihres modernen Designs und des umweltfreundlichen Antriebs f\u00fcr Firmenveranstaltungen und Incentives beliebt","breadcrumb":{"@id":"https:\/\/www.memo-media.de\/blog\/perpedalo-stylische-citycruiser-auf-promotion-tour\/#breadcrumb"},"inLanguage":"de","potentialAction":[{"@type":"ReadAction","target":["https:\/\/www.memo-media.de\/blog\/perpedalo-stylische-citycruiser-auf-promotion-tour\/"]}]},{"@type":"BreadcrumbList","@id":"https:\/\/www.memo-media.de\/blog\/perpedalo-stylische-citycruiser-auf-promotion-tour\/#breadcrumb","itemListElement":[{"@type":"ListItem","position":1,"name":"Home","item":"https:\/\/www.memo-media.de\/blog\/"},{"@type":"ListItem","position":2,"name":"perpedalo: Stylische CityCruiser auf Promotion-Tour"}]},{"@type":"WebSite","@id":"https:\/\/www.memo-media.de\/blog\/#website","url":"https:\/\/www.memo-media.de\/blog\/","name":"memo-media Blog f\u00fcr die Eventplanung","description":"News und Facts aus der Eventbranche f\u00fcr die Eventbranche","potentialAction":[{"@type":"SearchAction","target":{"@type":"EntryPoint","urlTemplate":"https:\/\/www.memo-media.de\/blog\/?s={search_term_string}"},"query-input":"required name=search_term_string"}],"inLanguage":"de"},{"@type":"Person","@id":"https:\/\/www.memo-media.de\/blog\/#\/schema\/person\/4a9ebc406469558526f2f3e5dd7a7ab0","name":"Kerstin Meisner","image":{"@type":"ImageObject","inLanguage":"de","@id":"https:\/\/www.memo-media.de\/blog\/#\/schema\/person\/image\/","url":"https:\/\/www.memo-media.de\/blog\/wp-content\/uploads\/2022\/10\/kerstin-meisner_2022_03-mittel-150x150.jpg","contentUrl":"https:\/\/www.memo-media.de\/blog\/wp-content\/uploads\/2022\/10\/kerstin-meisner_2022_03-mittel-150x150.jpg","caption":"Kerstin Meisner"},"description":"Kerstin Meisner hat memo-media im Dezember 2000 gegr\u00fcndet. Die Website www.memo-media.de ist im Juni 2001 online gegangen und das erste Handbuch memo-media erschien im Herbst 2001. Seit 2007 wird das Magazin showcases von ihr als Herausgeberin herausgebracht, 2016 folgten die Eventmoods. Kerstin Meisner ist auch Chefredakteurin des memo-media Blogs f\u00fcr die Eventplanung und des monatlichen Eventbranchenbriefs, dem memoLetter.","sameAs":["https:\/\/www.memo-media.de","https:\/\/www.facebook.com\/memomedia"],"url":"https:\/\/www.memo-media.de\/blog\/author\/kerstin-meisner\/"}]}},"_links":{"self":[{"href":"https:\/\/www.memo-media.de\/blog\/wp-json\/wp\/v2\/posts\/874"}],"collection":[{"href":"https:\/\/www.memo-media.de\/blog\/wp-json\/wp\/v2\/posts"}],"about":[{"href":"https:\/\/www.memo-media.de\/blog\/wp-json\/wp\/v2\/types\/post"}],"author":[{"embeddable":true,"href":"https:\/\/www.memo-media.de\/blog\/wp-json\/wp\/v2\/users\/2"}],"replies":[{"embeddable":true,"href":"https:\/\/www.memo-media.de\/blog\/wp-json\/wp\/v2\/comments?post=874"}],"version-history":[{"count":18,"href":"https:\/\/www.memo-media.de\/blog\/wp-json\/wp\/v2\/posts\/874\/revisions"}],"predecessor-version":[{"id":17709,"href":"https:\/\/www.memo-media.de\/blog\/wp-json\/wp\/v2\/posts\/874\/revisions\/17709"}],"wp:featuredmedia":[{"embeddable":true,"href":"https:\/\/www.memo-media.de\/blog\/wp-json\/wp\/v2\/media\/878"}],"wp:attachment":[{"href":"https:\/\/www.memo-media.de\/blog\/wp-json\/wp\/v2\/media?parent=874"}],"wp:term":[{"taxonomy":"category","embeddable":true,"href":"https:\/\/www.memo-media.de\/blog\/wp-json\/wp\/v2\/categories?post=874"},{"taxonomy":"post_tag","embeddable":true,"href":"https:\/\/www.memo-media.de\/blog\/wp-json\/wp\/v2\/tags?post=874"}],"curies":[{"name":"wp","href":"https:\/\/api.w.org\/{rel}","templated":true}]}}