{"id":8589,"date":"2018-12-14T09:00:22","date_gmt":"2018-12-14T07:00:22","guid":{"rendered":"https:\/\/www.memo-media.de\/blog\/?p=8589"},"modified":"2024-08-19T12:52:39","modified_gmt":"2024-08-19T10:52:39","slug":"csr-bei-jmt-neue-designermoebel-aus-kunststoffabfaellen","status":"publish","type":"post","link":"https:\/\/www.memo-media.de\/blog\/csr-bei-jmt-neue-designermoebel-aus-kunststoffabfaellen\/","title":{"rendered":"CSR bei JMT: Neue Designerm\u00f6bel aus Kunststoffabf\u00e4llen"},"content":{"rendered":"<p>Einen besseren Zeitpunkt f\u00fcr den neuesten Coup von <a href=\"https:\/\/www.jmt.de\/de_DE\/\" target=\"_blank\" rel=\"noopener noreferrer\">JMT <\/a>k\u00f6nnte es wohl nicht geben. Denn gerade jetzt, wo die Menschen anfangen zu begreifen, welche Auswirkungen der Klimawandel auf unser Leben haben k\u00f6nnte, verk\u00fcndet der Spezialist f\u00fcr hochwertige Originale weltweiter Designer: H\u00f6rt auf zu reden, lasst uns anfangen! Und das ist alles andere als ein leeres Versprechen. Sondern ein Beitrag zu nachhaltigem Unternehmertum in der Lifecomm-Branche und der Grundstein f\u00fcr eine einzigartige Partnerschaft. Und f\u00fcr mich ein Grund, mich mit Katja Rosinski von JMT zu unterhalten, die mir alles \u00fcber die neue Kooperation und ihre Designerm\u00f6bel erz\u00e4hlen soll.<\/p>\n<h3>Designerm\u00f6bel aus PET-Flaschen aus den Gew\u00e4ssern<\/h3>\n<div id=\"attachment_8597\" style=\"width: 310px\" class=\"wp-caption alignleft\"><a href=\"https:\/\/www.memo-media.de\/blog\/wp-content\/uploads\/2018\/12\/jmt-plastic-whale-designmoebel-3.jpg\"><img aria-describedby=\"caption-attachment-8597\" decoding=\"async\" loading=\"lazy\" class=\"wp-image-8597 size-medium\" src=\"https:\/\/www.memo-media.de\/blog\/wp-content\/uploads\/2018\/12\/jmt-plastic-whale-designmoebel-3-300x200.jpg\" alt=\"Designer Marius Smit macht M\u00f6bel aus Abf\u00e4llen. (Bild Boudewijn Bollman)\" width=\"300\" height=\"200\" srcset=\"https:\/\/www.memo-media.de\/blog\/wp-content\/uploads\/2018\/12\/jmt-plastic-whale-designmoebel-3-300x200.jpg 300w, https:\/\/www.memo-media.de\/blog\/wp-content\/uploads\/2018\/12\/jmt-plastic-whale-designmoebel-3-768x512.jpg 768w, https:\/\/www.memo-media.de\/blog\/wp-content\/uploads\/2018\/12\/jmt-plastic-whale-designmoebel-3-335x223.jpg 335w, https:\/\/www.memo-media.de\/blog\/wp-content\/uploads\/2018\/12\/jmt-plastic-whale-designmoebel-3.jpg 1000w\" sizes=\"(max-width: 300px) 100vw, 300px\" \/><\/a><p id=\"caption-attachment-8597\" class=\"wp-caption-text\">Designer Marius Smit macht M\u00f6bel aus Abf\u00e4llen. (Bild Boudewijn Bollman)<\/p><\/div>\n<p>\u201eCorporate Social Responsibility ist uns wichtig\u201c, sagt Katja Rosinski. \u201eDeshalb haben wir sofort die einzigartige Gelegenheit genutzt, Launching Partner von Plastic Whale und dem M\u00f6belhersteller Vepa zu werden.\u201c Plastic Whale ist ein niederl\u00e4ndisches Kunststofffischerei-Unternehmen \u2013 um genau zu sein: das erste professionelle Plastikfischereiunternehmen der Welt. Es fischt in Amsterdam und Rotterdam gemeinsam mit Tausenden von Menschen jedes Jahr Kunststoff aus den Gew\u00e4ssern. Die Mission: das Wasser der Welt kunststofffrei zu machen. Indem viele Menschen eingebunden werden, m\u00f6chte das soziale Unternehmen ein Bewusstsein f\u00fcr das Problem schaffen. Und in Kooperation mit dem M\u00f6belhersteller Vepa kommt dabei auch noch etwas Neues und Nachhaltiges heraus: Aus den Plastikabf\u00e4llen werden <a href=\"https:\/\/www.memo-media.de\/blog\/nachhaltigkeit-nonfood-catering\/\">Designerm\u00f6bel<\/a> gefertigt. \u201eMit unserem starken Netzwerk in Europa sorgen wir als exklusiver Launch-Partner in den Niederlanden, Spanien, Belgien, Frankreich und Deutschland f\u00fcr den Vertrieb und die Bekanntheit der recycelten M\u00f6bel\u201c, erkl\u00e4rt Katja Rosinski in unserem Gespr\u00e4ch. Der <a href=\"https:\/\/www.jmt.de\/de_DE\/mietmoebel\" target=\"_blank\" rel=\"noopener noreferrer\">Mietm\u00f6bel<\/a>-Spezialist soll als starker Partner nicht nur die M\u00f6bel an die breite Masse vermitteln \u2013 sondern auch die Botschaft, die diese mit sich bringen. Die M\u00f6bel-Kollektion soll Anfang 2019 in den Market eingef\u00fchrt werden, die f\u00fcr die Vermietung geeigneten Gegenst\u00e4nde werden in das regul\u00e4re Sortiment von JMT aufgenommen.<\/p>\n<h3>Wale als Design-Inspiration<\/h3>\n<div id=\"attachment_8599\" style=\"width: 310px\" class=\"wp-caption alignright\"><a href=\"https:\/\/www.memo-media.de\/blog\/wp-content\/uploads\/2018\/12\/jmt-plastic-whale-designmoebel-5.jpg\"><img aria-describedby=\"caption-attachment-8599\" decoding=\"async\" loading=\"lazy\" class=\"wp-image-8599 size-medium\" src=\"https:\/\/www.memo-media.de\/blog\/wp-content\/uploads\/2018\/12\/jmt-plastic-whale-designmoebel-5-300x211.jpg\" alt=\"Jetzt hei\u00dft es, vermietungstaugliche Designerm\u00f6bel zu entwerfen - dazu sitzt JMT mit seinen Partnern gemeinsam am Tisch. \" width=\"300\" height=\"211\" srcset=\"https:\/\/www.memo-media.de\/blog\/wp-content\/uploads\/2018\/12\/jmt-plastic-whale-designmoebel-5-300x211.jpg 300w, https:\/\/www.memo-media.de\/blog\/wp-content\/uploads\/2018\/12\/jmt-plastic-whale-designmoebel-5-768x539.jpg 768w, https:\/\/www.memo-media.de\/blog\/wp-content\/uploads\/2018\/12\/jmt-plastic-whale-designmoebel-5-335x235.jpg 335w, https:\/\/www.memo-media.de\/blog\/wp-content\/uploads\/2018\/12\/jmt-plastic-whale-designmoebel-5.jpg 1000w\" sizes=\"(max-width: 300px) 100vw, 300px\" \/><\/a><p id=\"caption-attachment-8599\" class=\"wp-caption-text\">Jetzt hei\u00dft es, vermietungstaugliche Designerm\u00f6bel zu entwerfen &#8211; dazu sitzt JMT mit seinen Partnern gemeinsam am Tisch.<\/p><\/div>\n<p>Und endlich darf ich auch einen Blick auf die recycelten Designerm\u00f6bel werfen \u2013 und bin begeistert! Der nachhaltige grau-gr\u00fcne Filzstuhl \u201eFelt\u201c hat es mir besonders angetan, weil er nicht nur toll aussieht, sondern auch noch super bequem ist. Auch stylische Designerst\u00fchle mit Holzf\u00fc\u00dfen und lange au\u00dfergew\u00f6hnliche Tische, die mich in ihrer Form irgendwie an einen auftauchenden Wal erinnern, zeigt mir Katja Rosinski. \u201eDas ist kein Zufall\u201c, erkl\u00e4rt sie. \u201eDer Wal als das wohl beeindruckendste Lebewesen der Meere hat die Designer inspiriert.\u201c Diese M\u00f6bel gibt es im Moment noch nicht im Sortiment von JMT, denn jetzt geht es erst einmal darum, f\u00fcr die Vermietung geeignete M\u00f6bel zu entwickeln. Dazu sitzt JMT mit dem Designer und dem M\u00f6belhersteller gemeinsam am Tisch. Ich bin gespannt, was sie sich einfallen lassen!<\/p>\n<h3>Stories statt Mietm\u00f6bel<\/h3>\n<div id=\"attachment_8598\" style=\"width: 310px\" class=\"wp-caption alignleft\"><a href=\"https:\/\/www.memo-media.de\/blog\/wp-content\/uploads\/2018\/12\/jmt-plastic-whale-designmoebel-4.jpg\"><img aria-describedby=\"caption-attachment-8598\" decoding=\"async\" loading=\"lazy\" class=\"wp-image-8598 size-medium\" src=\"https:\/\/www.memo-media.de\/blog\/wp-content\/uploads\/2018\/12\/jmt-plastic-whale-designmoebel-4-300x261.jpg\" alt=\"&quot;Felt&quot; gibt es im Sortiment von JMT bereits zu mieten. \" width=\"300\" height=\"261\" srcset=\"https:\/\/www.memo-media.de\/blog\/wp-content\/uploads\/2018\/12\/jmt-plastic-whale-designmoebel-4-300x261.jpg 300w, https:\/\/www.memo-media.de\/blog\/wp-content\/uploads\/2018\/12\/jmt-plastic-whale-designmoebel-4-768x667.jpg 768w, https:\/\/www.memo-media.de\/blog\/wp-content\/uploads\/2018\/12\/jmt-plastic-whale-designmoebel-4-335x291.jpg 335w, https:\/\/www.memo-media.de\/blog\/wp-content\/uploads\/2018\/12\/jmt-plastic-whale-designmoebel-4.jpg 1000w\" sizes=\"(max-width: 300px) 100vw, 300px\" \/><\/a><p id=\"caption-attachment-8598\" class=\"wp-caption-text\">&#8220;Felt&#8221; gibt es im Sortiment von JMT bereits zu mieten.<\/p><\/div>\n<p>Wer sich entscheidet, seine Veranstaltung mit diesen Designs auszustatten, bekommt so viel mehr als nur <a href=\"https:\/\/www.jmt.de\/de_DE\/service\/service\/unsere-dienstleistungen\" target=\"_blank\" rel=\"noopener noreferrer\">Mietm\u00f6bel<\/a>. Sondern etwas zu erz\u00e4hlen, denn diese Designerm\u00f6bel bringen eine Geschichte mit \u2013 und sind dabei modern, minimalistisch und einfach sch\u00f6n. Und vielleicht ist die Nachhaltigkeit auch ansteckend, hofft man bei JMT. Denn wenn die Kunden die Idee annehmen und das Problem mit der Kunststoffsuppe im Meer (80 Prozent aller Abf\u00e4lle, die im Meer landen, bestehen aus Plastik) mit angehen, dann wird das Meer ein bisschen sauberer und die Welt vielleicht ein kleines bisschen besser.<\/p>\n<a  class=\"pixcode  pixcode--btn  btn  btn--large  btn--beta\" href=\"https:\/\/www.eventbranchenverzeichnis.de\/details\/jmt-eventservice-gmbh-10441.html\" target=\"_blank\">Hier geht es zu JMT.<\/a>\n","protected":false},"excerpt":{"rendered":"<p>Einen besseren Zeitpunkt f\u00fcr den neuesten Coup von JMT k\u00f6nnte es wohl nicht geben. Denn gerade jetzt, wo die Menschen&#8230;<\/p>\n","protected":false},"author":29,"featured_media":8595,"comment_status":"closed","ping_status":"open","sticky":false,"template":"","format":"standard","meta":[],"categories":[10],"tags":[1605,1541,322,1187,1606,124,874,1289,1290],"yoast_head":"<!-- This site is optimized with the Yoast SEO Premium plugin v20.5 (Yoast SEO v20.5) - https:\/\/yoast.com\/wordpress\/plugins\/seo\/ -->\n<title>CSR bei JMT: Neue Designerm\u00f6bel aus Kunststoffabf\u00e4llen<\/title>\n<meta name=\"description\" content=\"Designerm\u00f6bel mieten, die aus Amsterdams Grachten gefischt wurden? Bei JMT kein Problem - und Nachhaltigkeit gibt es auch noch dazu!\" \/>\n<meta name=\"robots\" content=\"index, follow, max-snippet:-1, max-image-preview:large, max-video-preview:-1\" \/>\n<link rel=\"canonical\" href=\"https:\/\/www.memo-media.de\/blog\/csr-bei-jmt-neue-designermoebel-aus-kunststoffabfaellen\/\" \/>\n<meta property=\"og:locale\" content=\"de_DE\" \/>\n<meta property=\"og:type\" content=\"article\" \/>\n<meta property=\"og:title\" content=\"CSR bei JMT: Neue Designerm\u00f6bel aus Kunststoffabf\u00e4llen\" \/>\n<meta property=\"og:description\" content=\"Designerm\u00f6bel mieten, die aus Amsterdams Grachten gefischt wurden? Bei JMT kein Problem - und Nachhaltigkeit gibt es auch noch dazu!\" \/>\n<meta property=\"og:url\" content=\"https:\/\/www.memo-media.de\/blog\/csr-bei-jmt-neue-designermoebel-aus-kunststoffabfaellen\/\" \/>\n<meta property=\"og:site_name\" content=\"memo-media Blog f\u00fcr die Eventplanung\" \/>\n<meta property=\"article:published_time\" content=\"2018-12-14T07:00:22+00:00\" \/>\n<meta property=\"article:modified_time\" content=\"2024-08-19T10:52:39+00:00\" \/>\n<meta property=\"og:image\" content=\"https:\/\/www.memo-media.de\/blog\/wp-content\/uploads\/2018\/12\/jmt-plastic-whale-designmoebel-1.jpg\" \/>\n\t<meta property=\"og:image:width\" content=\"1050\" \/>\n\t<meta property=\"og:image:height\" content=\"804\" \/>\n\t<meta property=\"og:image:type\" content=\"image\/jpeg\" \/>\n<meta name=\"author\" content=\"Julia Gundelach\" \/>\n<meta name=\"twitter:label1\" content=\"Verfasst von\" \/>\n\t<meta name=\"twitter:data1\" content=\"Julia Gundelach\" \/>\n\t<meta name=\"twitter:label2\" content=\"Gesch\u00e4tzte Lesezeit\" \/>\n\t<meta name=\"twitter:data2\" content=\"4\u00a0Minuten\" \/>\n<script type=\"application\/ld+json\" class=\"yoast-schema-graph\">{\"@context\":\"https:\/\/schema.org\",\"@graph\":[{\"@type\":\"WebPage\",\"@id\":\"https:\/\/www.memo-media.de\/blog\/csr-bei-jmt-neue-designermoebel-aus-kunststoffabfaellen\/\",\"url\":\"https:\/\/www.memo-media.de\/blog\/csr-bei-jmt-neue-designermoebel-aus-kunststoffabfaellen\/\",\"name\":\"CSR bei JMT: Neue Designerm\u00f6bel aus Kunststoffabf\u00e4llen\",\"isPartOf\":{\"@id\":\"https:\/\/www.memo-media.de\/blog\/#website\"},\"datePublished\":\"2018-12-14T07:00:22+00:00\",\"dateModified\":\"2024-08-19T10:52:39+00:00\",\"author\":{\"@id\":\"https:\/\/www.memo-media.de\/blog\/#\/schema\/person\/b01cd365604b7a1226e889d3e8e6f56d\"},\"description\":\"Designerm\u00f6bel mieten, die aus Amsterdams Grachten gefischt wurden? Bei JMT kein Problem - und Nachhaltigkeit gibt es auch noch dazu!\",\"breadcrumb\":{\"@id\":\"https:\/\/www.memo-media.de\/blog\/csr-bei-jmt-neue-designermoebel-aus-kunststoffabfaellen\/#breadcrumb\"},\"inLanguage\":\"de\",\"potentialAction\":[{\"@type\":\"ReadAction\",\"target\":[\"https:\/\/www.memo-media.de\/blog\/csr-bei-jmt-neue-designermoebel-aus-kunststoffabfaellen\/\"]}]},{\"@type\":\"BreadcrumbList\",\"@id\":\"https:\/\/www.memo-media.de\/blog\/csr-bei-jmt-neue-designermoebel-aus-kunststoffabfaellen\/#breadcrumb\",\"itemListElement\":[{\"@type\":\"ListItem\",\"position\":1,\"name\":\"Home\",\"item\":\"https:\/\/www.memo-media.de\/blog\/\"},{\"@type\":\"ListItem\",\"position\":2,\"name\":\"CSR bei JMT: Neue Designerm\u00f6bel aus Kunststoffabf\u00e4llen\"}]},{\"@type\":\"WebSite\",\"@id\":\"https:\/\/www.memo-media.de\/blog\/#website\",\"url\":\"https:\/\/www.memo-media.de\/blog\/\",\"name\":\"memo-media Blog f\u00fcr die Eventplanung\",\"description\":\"News und Facts aus der Eventbranche f\u00fcr die Eventbranche\",\"potentialAction\":[{\"@type\":\"SearchAction\",\"target\":{\"@type\":\"EntryPoint\",\"urlTemplate\":\"https:\/\/www.memo-media.de\/blog\/?s={search_term_string}\"},\"query-input\":\"required name=search_term_string\"}],\"inLanguage\":\"de\"},{\"@type\":\"Person\",\"@id\":\"https:\/\/www.memo-media.de\/blog\/#\/schema\/person\/b01cd365604b7a1226e889d3e8e6f56d\",\"name\":\"Julia Gundelach\",\"image\":{\"@type\":\"ImageObject\",\"inLanguage\":\"de\",\"@id\":\"https:\/\/www.memo-media.de\/blog\/#\/schema\/person\/image\/\",\"url\":\"https:\/\/www.memo-media.de\/blog\/wp-content\/uploads\/2021\/05\/julia-gundelach-150x150.jpg\",\"contentUrl\":\"https:\/\/www.memo-media.de\/blog\/wp-content\/uploads\/2021\/05\/julia-gundelach-150x150.jpg\",\"caption\":\"Julia Gundelach\"},\"description\":\"Julia Gundelach ist seit 2016 Teil des memo-media-Teams und bloggt am liebsten \u00fcber actionreiche Eventformate, die sie auch selbst mal testen darf. Als freie Redakteurin ist sie spezialisiert auf die Bereiche Marketing, PR und Werbung, aber auch auf neue Themen in der Veranstaltungswirtschaft. Zum Gl\u00fcck, denn eine buntere, vielf\u00e4ltigere und \u00fcberraschendere Welt, als das Event-Business kann sie sich nicht vorstellen!\",\"url\":\"https:\/\/www.memo-media.de\/blog\/author\/anna-steinberg\/\"}]}<\/script>\n<!-- \/ Yoast SEO Premium plugin. -->","yoast_head_json":{"title":"CSR bei JMT: Neue Designerm\u00f6bel aus Kunststoffabf\u00e4llen","description":"Designerm\u00f6bel mieten, die aus Amsterdams Grachten gefischt wurden? Bei JMT kein Problem - und Nachhaltigkeit gibt es auch noch dazu!","robots":{"index":"index","follow":"follow","max-snippet":"max-snippet:-1","max-image-preview":"max-image-preview:large","max-video-preview":"max-video-preview:-1"},"canonical":"https:\/\/www.memo-media.de\/blog\/csr-bei-jmt-neue-designermoebel-aus-kunststoffabfaellen\/","og_locale":"de_DE","og_type":"article","og_title":"CSR bei JMT: Neue Designerm\u00f6bel aus Kunststoffabf\u00e4llen","og_description":"Designerm\u00f6bel mieten, die aus Amsterdams Grachten gefischt wurden? Bei JMT kein Problem - und Nachhaltigkeit gibt es auch noch dazu!","og_url":"https:\/\/www.memo-media.de\/blog\/csr-bei-jmt-neue-designermoebel-aus-kunststoffabfaellen\/","og_site_name":"memo-media Blog f\u00fcr die Eventplanung","article_published_time":"2018-12-14T07:00:22+00:00","article_modified_time":"2024-08-19T10:52:39+00:00","og_image":[{"width":1050,"height":804,"url":"https:\/\/www.memo-media.de\/blog\/wp-content\/uploads\/2018\/12\/jmt-plastic-whale-designmoebel-1.jpg","type":"image\/jpeg"}],"author":"Julia Gundelach","twitter_misc":{"Verfasst von":"Julia Gundelach","Gesch\u00e4tzte Lesezeit":"4\u00a0Minuten"},"schema":{"@context":"https:\/\/schema.org","@graph":[{"@type":"WebPage","@id":"https:\/\/www.memo-media.de\/blog\/csr-bei-jmt-neue-designermoebel-aus-kunststoffabfaellen\/","url":"https:\/\/www.memo-media.de\/blog\/csr-bei-jmt-neue-designermoebel-aus-kunststoffabfaellen\/","name":"CSR bei JMT: Neue Designerm\u00f6bel aus Kunststoffabf\u00e4llen","isPartOf":{"@id":"https:\/\/www.memo-media.de\/blog\/#website"},"datePublished":"2018-12-14T07:00:22+00:00","dateModified":"2024-08-19T10:52:39+00:00","author":{"@id":"https:\/\/www.memo-media.de\/blog\/#\/schema\/person\/b01cd365604b7a1226e889d3e8e6f56d"},"description":"Designerm\u00f6bel mieten, die aus Amsterdams Grachten gefischt wurden? Bei JMT kein Problem - und Nachhaltigkeit gibt es auch noch dazu!","breadcrumb":{"@id":"https:\/\/www.memo-media.de\/blog\/csr-bei-jmt-neue-designermoebel-aus-kunststoffabfaellen\/#breadcrumb"},"inLanguage":"de","potentialAction":[{"@type":"ReadAction","target":["https:\/\/www.memo-media.de\/blog\/csr-bei-jmt-neue-designermoebel-aus-kunststoffabfaellen\/"]}]},{"@type":"BreadcrumbList","@id":"https:\/\/www.memo-media.de\/blog\/csr-bei-jmt-neue-designermoebel-aus-kunststoffabfaellen\/#breadcrumb","itemListElement":[{"@type":"ListItem","position":1,"name":"Home","item":"https:\/\/www.memo-media.de\/blog\/"},{"@type":"ListItem","position":2,"name":"CSR bei JMT: Neue Designerm\u00f6bel aus Kunststoffabf\u00e4llen"}]},{"@type":"WebSite","@id":"https:\/\/www.memo-media.de\/blog\/#website","url":"https:\/\/www.memo-media.de\/blog\/","name":"memo-media Blog f\u00fcr die Eventplanung","description":"News und Facts aus der Eventbranche f\u00fcr die Eventbranche","potentialAction":[{"@type":"SearchAction","target":{"@type":"EntryPoint","urlTemplate":"https:\/\/www.memo-media.de\/blog\/?s={search_term_string}"},"query-input":"required name=search_term_string"}],"inLanguage":"de"},{"@type":"Person","@id":"https:\/\/www.memo-media.de\/blog\/#\/schema\/person\/b01cd365604b7a1226e889d3e8e6f56d","name":"Julia Gundelach","image":{"@type":"ImageObject","inLanguage":"de","@id":"https:\/\/www.memo-media.de\/blog\/#\/schema\/person\/image\/","url":"https:\/\/www.memo-media.de\/blog\/wp-content\/uploads\/2021\/05\/julia-gundelach-150x150.jpg","contentUrl":"https:\/\/www.memo-media.de\/blog\/wp-content\/uploads\/2021\/05\/julia-gundelach-150x150.jpg","caption":"Julia Gundelach"},"description":"Julia Gundelach ist seit 2016 Teil des memo-media-Teams und bloggt am liebsten \u00fcber actionreiche Eventformate, die sie auch selbst mal testen darf. Als freie Redakteurin ist sie spezialisiert auf die Bereiche Marketing, PR und Werbung, aber auch auf neue Themen in der Veranstaltungswirtschaft. Zum Gl\u00fcck, denn eine buntere, vielf\u00e4ltigere und \u00fcberraschendere Welt, als das Event-Business kann sie sich nicht vorstellen!","url":"https:\/\/www.memo-media.de\/blog\/author\/anna-steinberg\/"}]}},"_links":{"self":[{"href":"https:\/\/www.memo-media.de\/blog\/wp-json\/wp\/v2\/posts\/8589"}],"collection":[{"href":"https:\/\/www.memo-media.de\/blog\/wp-json\/wp\/v2\/posts"}],"about":[{"href":"https:\/\/www.memo-media.de\/blog\/wp-json\/wp\/v2\/types\/post"}],"author":[{"embeddable":true,"href":"https:\/\/www.memo-media.de\/blog\/wp-json\/wp\/v2\/users\/29"}],"replies":[{"embeddable":true,"href":"https:\/\/www.memo-media.de\/blog\/wp-json\/wp\/v2\/comments?post=8589"}],"version-history":[{"count":8,"href":"https:\/\/www.memo-media.de\/blog\/wp-json\/wp\/v2\/posts\/8589\/revisions"}],"predecessor-version":[{"id":17710,"href":"https:\/\/www.memo-media.de\/blog\/wp-json\/wp\/v2\/posts\/8589\/revisions\/17710"}],"wp:featuredmedia":[{"embeddable":true,"href":"https:\/\/www.memo-media.de\/blog\/wp-json\/wp\/v2\/media\/8595"}],"wp:attachment":[{"href":"https:\/\/www.memo-media.de\/blog\/wp-json\/wp\/v2\/media?parent=8589"}],"wp:term":[{"taxonomy":"category","embeddable":true,"href":"https:\/\/www.memo-media.de\/blog\/wp-json\/wp\/v2\/categories?post=8589"},{"taxonomy":"post_tag","embeddable":true,"href":"https:\/\/www.memo-media.de\/blog\/wp-json\/wp\/v2\/tags?post=8589"}],"curies":[{"name":"wp","href":"https:\/\/api.w.org\/{rel}","templated":true}]}}