{"id":8458,"date":"2018-11-09T08:31:34","date_gmt":"2018-11-09T06:31:34","guid":{"rendered":"https:\/\/www.memo-media.de\/blog\/?p=8458"},"modified":"2020-06-19T11:03:14","modified_gmt":"2020-06-19T09:03:14","slug":"experte-fuer-sicherheitskonzept-fuer-veranstaltungen","status":"publish","type":"post","link":"https:\/\/www.memo-media.de\/blog\/experte-fuer-sicherheitskonzept-fuer-veranstaltungen\/","title":{"rendered":"Ihr Experte f\u00fcr das Sicherheitskonzept f\u00fcr Veranstaltungen: Thorsten Vorkefeld"},"content":{"rendered":"<p>In der Veranstaltungsplanung ist er einer der wichtigsten M\u00e4nner. Aber nicht, weil er am Ende f\u00fcr die gro\u00dfe Show auf der B\u00fchne sorgt \u2013 seine Themen spielen sich meistens hinter den Kulissen ab und geh\u00f6ren f\u00fcr die Besucher zu einem gut geplanten Event wie selbstverst\u00e4ndlich dazu. <a href=\"https:\/\/www.sachverstaendiger.events\/\u00fcber-thorsten-vorkefeld\/\" target=\"_blank\" rel=\"noopener noreferrer\">Thorsten Vorkefeld<\/a> ist zertifizierter <a href=\"https:\/\/www.sachverstaendiger.events\/\" target=\"_blank\" rel=\"noopener noreferrer\">Sachverst\u00e4ndiger <\/a>und erarbeitet das Sicherheitskonzept f\u00fcr Veranstaltungen. Notausg\u00e4nge, Unwetter, kritisches Besucherverhalten \u2013 was sind eigentlich sicherheitsrelevante Ereignisse, von denen so oft die Rede ist? Und wie kann man diese bereits im Vorfeld absch\u00e4tzen? Das wollten wir f\u00fcr unseren neuen Blogartikel unbedingt erfahren. Bei pechschwarzem Kaffee, selbst gebackenen Keksen und mit quirliger Fellnase (in Form einer H\u00fctehund-Mix-H\u00fcndin) hat uns der Experte in seinem B\u00fcro in der N\u00e4he von Osnabr\u00fcck ausf\u00fchrlich erkl\u00e4rt, was man zum Thema Sicherheitskonzept f\u00fcr Veranstaltungen wissen muss.<\/p>\n<h3>Jeden Personenschaden ausschlie\u00dfen und Sachsch\u00e4den vermeiden<\/h3>\n<div id=\"attachment_8491\" style=\"width: 310px\" class=\"wp-caption alignleft\"><a href=\"https:\/\/www.memo-media.de\/blog\/wp-content\/uploads\/2018\/11\/tv-2-von-7.jpg\"><img aria-describedby=\"caption-attachment-8491\" decoding=\"async\" loading=\"lazy\" class=\"wp-image-8491 size-medium\" src=\"https:\/\/www.memo-media.de\/blog\/wp-content\/uploads\/2018\/11\/tv-2-von-7-300x200.jpg\" alt=\"Thorsten Vorkfeld Experte f\u00fcr das Sicherheitskonzept f\u00fcr Veranstaltungen\" width=\"300\" height=\"200\" srcset=\"https:\/\/www.memo-media.de\/blog\/wp-content\/uploads\/2018\/11\/tv-2-von-7-300x200.jpg 300w, https:\/\/www.memo-media.de\/blog\/wp-content\/uploads\/2018\/11\/tv-2-von-7-768x512.jpg 768w, https:\/\/www.memo-media.de\/blog\/wp-content\/uploads\/2018\/11\/tv-2-von-7-335x223.jpg 335w, https:\/\/www.memo-media.de\/blog\/wp-content\/uploads\/2018\/11\/tv-2-von-7.jpg 1000w\" sizes=\"(max-width: 300px) 100vw, 300px\" \/><\/a><p id=\"caption-attachment-8491\" class=\"wp-caption-text\">Thorsten Vorkefeld Experte f\u00fcr das Sicherheitskonzept f\u00fcr Veranstaltungen<\/p><\/div>\n<p>Sein Ziel ist klar: \u201eEine Veranstaltung muss in jeder Hinsicht sicher sein. Das hei\u00dft, jeglicher Personenschaden muss ausgeschlossen werden.\u201c Das gelingt, indem Thorsten Vorkefeld ein <a href=\"https:\/\/www.sachverstaendiger.events\/aktuelles\/\" target=\"_blank\" rel=\"noopener noreferrer\">Event <\/a>zun\u00e4chst einer ganzheitlichen Gef\u00e4hrdungsanalyse unterzieht: Welche Art von Veranstaltung ist geplant? Wie viele und welche Besucher werden erwartet? Gibt es ausreichend Fluchtwege? Wo k\u00f6nnten Engstellen entstehen? Wie gut ist die L\u00f6schwasserversorgung? Passen die barrierefreien Angebote zu der erwarteten G\u00e4stestruktur? Solche Fragen muss der <a href=\"https:\/\/www.sachverstaendiger.events\/leistungen\/\" target=\"_blank\" rel=\"noopener noreferrer\">Sachverst\u00e4ndige <\/a>beantworten, bevor er ein Sicherheitskonzept f\u00fcr Veranstaltungen erstellt. Dabei kommt ihm neben seiner Qualifikation vor allen Dingen sein riesiger Erfahrungsschatz zugute. Seit mehr als 30 Jahren ist Thorsten Vorkefeld in der Veranstaltungsbranche t\u00e4tig \u2013 in seinem weiteren beruflichen T\u00e4tigkeitsfeld, der Firma <a href=\"https:\/\/www.vorlights.de\/\" target=\"_blank\" rel=\"noopener noreferrer\">Vorlights<\/a>, bietet er seit Jahrzehnten neben Eventtechnik auch Sicherheitsmodule wie netzunabh\u00e4ngige Gro\u00dffl\u00e4chenbeleuchtung oder akkugest\u00fctzte Beschallungst\u00fcrme f\u00fcr Sicherheitsdurchsagen an. Gesetzliche Vorgaben, die Versammlungsst\u00e4tten-Verordnung und das Sprengstoffgesetz kennt er aus dem Effeff. So war es ein logischer Schritt f\u00fcr ihn, vor einigen Jahren die Zusatzqualifikation als zertifizierter Sachverst\u00e4ndiger f\u00fcr Events zu erlangen sowie jetzt an der TH K\u00f6ln die Weiterbildung zum Fachplaner f\u00fcr Besuchersicherheit zu absolvieren. Und: Spektakul\u00e4re Effekte sind bei Vorkefeld nicht nur Teil des Sicherheitskonzepts f\u00fcr Veranstaltungen. Als staatlich anerkannter Pyrotechniker kennt er auch die andere Seite \u2013 und profitiert f\u00fcr seine Gefahrenanalysen einerseits von der breit gef\u00e4cherten Erfahrung, andererseits von der oftmals so wichtigen Intuition.<\/p>\n<h3>Sicherheitskonzept f\u00fcr Veranstaltungen oft vorgeschrieben<\/h3>\n<div id=\"attachment_8462\" style=\"width: 310px\" class=\"wp-caption alignright\"><a href=\"https:\/\/www.memo-media.de\/blog\/wp-content\/uploads\/2018\/11\/sicherheitskonzept-fuer-veranstaltungen-3.jpg\"><img aria-describedby=\"caption-attachment-8462\" decoding=\"async\" loading=\"lazy\" class=\"wp-image-8462 size-medium\" src=\"https:\/\/www.memo-media.de\/blog\/wp-content\/uploads\/2018\/11\/sicherheitskonzept-fuer-veranstaltungen-3-300x226.jpg\" alt=\"So sieht eine Multikopteraufnahme zur Beurteilung von Stand- und Bewegungsfl\u00e4chen auf einem Volksfest aus. \" width=\"300\" height=\"226\" srcset=\"https:\/\/www.memo-media.de\/blog\/wp-content\/uploads\/2018\/11\/sicherheitskonzept-fuer-veranstaltungen-3-300x226.jpg 300w, https:\/\/www.memo-media.de\/blog\/wp-content\/uploads\/2018\/11\/sicherheitskonzept-fuer-veranstaltungen-3-768x579.jpg 768w, https:\/\/www.memo-media.de\/blog\/wp-content\/uploads\/2018\/11\/sicherheitskonzept-fuer-veranstaltungen-3-72x54.jpg 72w, https:\/\/www.memo-media.de\/blog\/wp-content\/uploads\/2018\/11\/sicherheitskonzept-fuer-veranstaltungen-3-335x253.jpg 335w, https:\/\/www.memo-media.de\/blog\/wp-content\/uploads\/2018\/11\/sicherheitskonzept-fuer-veranstaltungen-3.jpg 1000w\" sizes=\"(max-width: 300px) 100vw, 300px\" \/><\/a><p id=\"caption-attachment-8462\" class=\"wp-caption-text\">So sieht eine Multikopteraufnahme zur Beurteilung von Stand- und Bewegungsfl\u00e4chen auf einem Volksfest aus.<\/p><\/div>\n<p>Aber wer braucht eigentlich ein Sicherheitskonzept f\u00fcr Veranstaltungen? \u201eDas kommt auf die Art des Events an\u201c, erkl\u00e4rt <a href=\"https:\/\/www.sachverstaendiger.events\/kontakt\/\" target=\"_blank\" rel=\"noopener noreferrer\">Thorsten Vorkefeld<\/a>. \u201eZwingend vorgeschrieben ist es bei mehr als 5.000 Besucherpl\u00e4tzen, unabh\u00e4ngig von der tats\u00e4chlichen Besucherzahl.\u201c Aber auch kleinere Versammlungsst\u00e4tten im Au\u00dfenbereich mit 1.000 G\u00e4sten erfordern ein qualifiziertes R\u00e4umungskonzept. \u201eEs gibt auch andere F\u00e4lle. Wenn Sie zum Beispiel ein Konzert auf einer historischen Burg mit Zugbr\u00fccke planen, brauchen Sie in der Regel ein Sicherheitskonzept f\u00fcr diese Veranstaltung. Selbst wenn nur 400 \u201eseri\u00f6se\u201c G\u00e4ste erwartet werden \u2013 und keine Randale.\u201c Stromausfall, Blitzschlag, Personenstr\u00f6me oder Durchgangsbreiten sind Themen, die auch bei kleineren Events von hoher Relevanz sind. \u201eWenn die Location keine bestehende Versammlungsst\u00e4tte ist \u2013 das gilt zum Beispiel auch f\u00fcr ein kleines Festival auf dem freien Feld \u2013 ist ein Sicherheitskonzept nicht nur ein Anliegen des Veranstalters, sondern wird auch oftmals beh\u00f6rdlich gefordert.\u201c Apropos. Wie sieht so ein Konzept eigentlich aus, wenn es fertig ist? Thorsten Vorkefeld zeigt es mir: Statt Papierschlacht in Beamtendeutsch dr\u00fcckt mir der Sachverst\u00e4ndige ein \u00fcbersichtliches und gegliedertes Dokument in die Hand. Selbst ich als Laie verstehe schnell, wovon hier die Rede ist. Wer hat was zu tun, wenn welches Ereignis eintritt? Dazu gibt es einen Anhang mit \u00dcbersichtspl\u00e4nen, Handlungsanleitungen f\u00fcr die unterschiedlichen Beteiligten, Hydrantenpl\u00e4ne etc. Dinge, die einem als Besucher nicht auffallen \u2013 zumindest nicht im Normalfall.<\/p>\n<p>Nach dem zweiten Kaffee hat uns Thorsten Vorkefeld \u00fcbrigens erst einmal ein gro\u00dfes Glas Wasser hingestellt. Der Mann denkt eben an alles.<\/p>\n<p>&nbsp;<\/p>\n<p>Den Kontakt gibt es [memo_eintrag kundennummer=154503]hier[\/memo_eintrag]. Alle weiteren Informationen finden Sie unter <a href=\"https:\/\/www.sachverstaendiger.events\/\" target=\"_blank\" rel=\"noopener noreferrer\">www.sachverstaendiger.events<\/a>.<\/p>\n","protected":false},"excerpt":{"rendered":"<p>In der Veranstaltungsplanung ist er einer der wichtigsten M\u00e4nner. Aber nicht, weil er am Ende f\u00fcr die gro\u00dfe Show auf&#8230;<\/p>\n","protected":false},"author":29,"featured_media":8459,"comment_status":"closed","ping_status":"open","sticky":false,"template":"","format":"standard","meta":[],"categories":[10],"tags":[1574,194,1573,1043,1045,1885],"yoast_head":"<!-- This site is optimized with the Yoast SEO Premium plugin v20.5 (Yoast SEO v20.5) - https:\/\/yoast.com\/wordpress\/plugins\/seo\/ -->\n<title>Experte f\u00fcr das Sicherheitskonzept f\u00fcr Veranstaltungen<\/title>\n<meta name=\"description\" content=\"Ein Sicherheitskonzept f\u00fcr Veranstaltungen ist oft vorgeschrieben und ein wichtiger Punkt in der Planung. Thorsten Vorkefeld erkl\u00e4rt, worauf es ankommt.\" \/>\n<meta name=\"robots\" content=\"index, follow, max-snippet:-1, max-image-preview:large, max-video-preview:-1\" \/>\n<link rel=\"canonical\" href=\"https:\/\/www.memo-media.de\/blog\/experte-fuer-sicherheitskonzept-fuer-veranstaltungen\/\" \/>\n<meta property=\"og:locale\" content=\"de_DE\" \/>\n<meta property=\"og:type\" content=\"article\" \/>\n<meta property=\"og:title\" content=\"Ihr Experte f\u00fcr das Sicherheitskonzept f\u00fcr Veranstaltungen: Thorsten Vorkefeld\" \/>\n<meta property=\"og:description\" content=\"Ein Sicherheitskonzept f\u00fcr Veranstaltungen ist oft vorgeschrieben und ein wichtiger Punkt in der Planung. Thorsten Vorkefeld erkl\u00e4rt, worauf es ankommt.\" \/>\n<meta property=\"og:url\" content=\"https:\/\/www.memo-media.de\/blog\/experte-fuer-sicherheitskonzept-fuer-veranstaltungen\/\" \/>\n<meta property=\"og:site_name\" content=\"memo-media Blog f\u00fcr die Eventplanung\" \/>\n<meta property=\"article:published_time\" content=\"2018-11-09T06:31:34+00:00\" \/>\n<meta property=\"article:modified_time\" content=\"2020-06-19T09:03:14+00:00\" \/>\n<meta property=\"og:image\" content=\"https:\/\/www.memo-media.de\/blog\/wp-content\/uploads\/2018\/11\/sicherheitskonzept-fuer-veranstaltungen-1.jpg\" \/>\n\t<meta property=\"og:image:width\" content=\"1050\" \/>\n\t<meta property=\"og:image:height\" content=\"804\" \/>\n\t<meta property=\"og:image:type\" content=\"image\/jpeg\" \/>\n<meta name=\"author\" content=\"Julia Gundelach\" \/>\n<meta name=\"twitter:label1\" content=\"Verfasst von\" \/>\n\t<meta name=\"twitter:data1\" content=\"Julia Gundelach\" \/>\n\t<meta name=\"twitter:label2\" content=\"Gesch\u00e4tzte Lesezeit\" \/>\n\t<meta name=\"twitter:data2\" content=\"4\u00a0Minuten\" \/>\n<script type=\"application\/ld+json\" class=\"yoast-schema-graph\">{\"@context\":\"https:\/\/schema.org\",\"@graph\":[{\"@type\":\"WebPage\",\"@id\":\"https:\/\/www.memo-media.de\/blog\/experte-fuer-sicherheitskonzept-fuer-veranstaltungen\/\",\"url\":\"https:\/\/www.memo-media.de\/blog\/experte-fuer-sicherheitskonzept-fuer-veranstaltungen\/\",\"name\":\"Experte f\u00fcr das Sicherheitskonzept f\u00fcr Veranstaltungen\",\"isPartOf\":{\"@id\":\"https:\/\/www.memo-media.de\/blog\/#website\"},\"datePublished\":\"2018-11-09T06:31:34+00:00\",\"dateModified\":\"2020-06-19T09:03:14+00:00\",\"author\":{\"@id\":\"https:\/\/www.memo-media.de\/blog\/#\/schema\/person\/b01cd365604b7a1226e889d3e8e6f56d\"},\"description\":\"Ein Sicherheitskonzept f\u00fcr Veranstaltungen ist oft vorgeschrieben und ein wichtiger Punkt in der Planung. Thorsten Vorkefeld erkl\u00e4rt, worauf es ankommt.\",\"breadcrumb\":{\"@id\":\"https:\/\/www.memo-media.de\/blog\/experte-fuer-sicherheitskonzept-fuer-veranstaltungen\/#breadcrumb\"},\"inLanguage\":\"de\",\"potentialAction\":[{\"@type\":\"ReadAction\",\"target\":[\"https:\/\/www.memo-media.de\/blog\/experte-fuer-sicherheitskonzept-fuer-veranstaltungen\/\"]}]},{\"@type\":\"BreadcrumbList\",\"@id\":\"https:\/\/www.memo-media.de\/blog\/experte-fuer-sicherheitskonzept-fuer-veranstaltungen\/#breadcrumb\",\"itemListElement\":[{\"@type\":\"ListItem\",\"position\":1,\"name\":\"Home\",\"item\":\"https:\/\/www.memo-media.de\/blog\/\"},{\"@type\":\"ListItem\",\"position\":2,\"name\":\"Ihr Experte f\u00fcr das Sicherheitskonzept f\u00fcr Veranstaltungen: Thorsten Vorkefeld\"}]},{\"@type\":\"WebSite\",\"@id\":\"https:\/\/www.memo-media.de\/blog\/#website\",\"url\":\"https:\/\/www.memo-media.de\/blog\/\",\"name\":\"memo-media Blog f\u00fcr die Eventplanung\",\"description\":\"News und Facts aus der Eventbranche f\u00fcr die Eventbranche\",\"potentialAction\":[{\"@type\":\"SearchAction\",\"target\":{\"@type\":\"EntryPoint\",\"urlTemplate\":\"https:\/\/www.memo-media.de\/blog\/?s={search_term_string}\"},\"query-input\":\"required name=search_term_string\"}],\"inLanguage\":\"de\"},{\"@type\":\"Person\",\"@id\":\"https:\/\/www.memo-media.de\/blog\/#\/schema\/person\/b01cd365604b7a1226e889d3e8e6f56d\",\"name\":\"Julia Gundelach\",\"image\":{\"@type\":\"ImageObject\",\"inLanguage\":\"de\",\"@id\":\"https:\/\/www.memo-media.de\/blog\/#\/schema\/person\/image\/\",\"url\":\"https:\/\/www.memo-media.de\/blog\/wp-content\/uploads\/2021\/05\/julia-gundelach-150x150.jpg\",\"contentUrl\":\"https:\/\/www.memo-media.de\/blog\/wp-content\/uploads\/2021\/05\/julia-gundelach-150x150.jpg\",\"caption\":\"Julia Gundelach\"},\"description\":\"Julia Gundelach ist seit 2016 Teil des memo-media-Teams und bloggt am liebsten \u00fcber actionreiche Eventformate, die sie auch selbst mal testen darf. Als freie Redakteurin ist sie spezialisiert auf die Bereiche Marketing, PR und Werbung, aber auch auf neue Themen in der Veranstaltungswirtschaft. Zum Gl\u00fcck, denn eine buntere, vielf\u00e4ltigere und \u00fcberraschendere Welt, als das Event-Business kann sie sich nicht vorstellen!\",\"url\":\"https:\/\/www.memo-media.de\/blog\/author\/anna-steinberg\/\"}]}<\/script>\n<!-- \/ Yoast SEO Premium plugin. -->","yoast_head_json":{"title":"Experte f\u00fcr das Sicherheitskonzept f\u00fcr Veranstaltungen","description":"Ein Sicherheitskonzept f\u00fcr Veranstaltungen ist oft vorgeschrieben und ein wichtiger Punkt in der Planung. Thorsten Vorkefeld erkl\u00e4rt, worauf es ankommt.","robots":{"index":"index","follow":"follow","max-snippet":"max-snippet:-1","max-image-preview":"max-image-preview:large","max-video-preview":"max-video-preview:-1"},"canonical":"https:\/\/www.memo-media.de\/blog\/experte-fuer-sicherheitskonzept-fuer-veranstaltungen\/","og_locale":"de_DE","og_type":"article","og_title":"Ihr Experte f\u00fcr das Sicherheitskonzept f\u00fcr Veranstaltungen: Thorsten Vorkefeld","og_description":"Ein Sicherheitskonzept f\u00fcr Veranstaltungen ist oft vorgeschrieben und ein wichtiger Punkt in der Planung. Thorsten Vorkefeld erkl\u00e4rt, worauf es ankommt.","og_url":"https:\/\/www.memo-media.de\/blog\/experte-fuer-sicherheitskonzept-fuer-veranstaltungen\/","og_site_name":"memo-media Blog f\u00fcr die Eventplanung","article_published_time":"2018-11-09T06:31:34+00:00","article_modified_time":"2020-06-19T09:03:14+00:00","og_image":[{"width":1050,"height":804,"url":"https:\/\/www.memo-media.de\/blog\/wp-content\/uploads\/2018\/11\/sicherheitskonzept-fuer-veranstaltungen-1.jpg","type":"image\/jpeg"}],"author":"Julia Gundelach","twitter_misc":{"Verfasst von":"Julia Gundelach","Gesch\u00e4tzte Lesezeit":"4\u00a0Minuten"},"schema":{"@context":"https:\/\/schema.org","@graph":[{"@type":"WebPage","@id":"https:\/\/www.memo-media.de\/blog\/experte-fuer-sicherheitskonzept-fuer-veranstaltungen\/","url":"https:\/\/www.memo-media.de\/blog\/experte-fuer-sicherheitskonzept-fuer-veranstaltungen\/","name":"Experte f\u00fcr das Sicherheitskonzept f\u00fcr Veranstaltungen","isPartOf":{"@id":"https:\/\/www.memo-media.de\/blog\/#website"},"datePublished":"2018-11-09T06:31:34+00:00","dateModified":"2020-06-19T09:03:14+00:00","author":{"@id":"https:\/\/www.memo-media.de\/blog\/#\/schema\/person\/b01cd365604b7a1226e889d3e8e6f56d"},"description":"Ein Sicherheitskonzept f\u00fcr Veranstaltungen ist oft vorgeschrieben und ein wichtiger Punkt in der Planung. Thorsten Vorkefeld erkl\u00e4rt, worauf es ankommt.","breadcrumb":{"@id":"https:\/\/www.memo-media.de\/blog\/experte-fuer-sicherheitskonzept-fuer-veranstaltungen\/#breadcrumb"},"inLanguage":"de","potentialAction":[{"@type":"ReadAction","target":["https:\/\/www.memo-media.de\/blog\/experte-fuer-sicherheitskonzept-fuer-veranstaltungen\/"]}]},{"@type":"BreadcrumbList","@id":"https:\/\/www.memo-media.de\/blog\/experte-fuer-sicherheitskonzept-fuer-veranstaltungen\/#breadcrumb","itemListElement":[{"@type":"ListItem","position":1,"name":"Home","item":"https:\/\/www.memo-media.de\/blog\/"},{"@type":"ListItem","position":2,"name":"Ihr Experte f\u00fcr das Sicherheitskonzept f\u00fcr Veranstaltungen: Thorsten Vorkefeld"}]},{"@type":"WebSite","@id":"https:\/\/www.memo-media.de\/blog\/#website","url":"https:\/\/www.memo-media.de\/blog\/","name":"memo-media Blog f\u00fcr die Eventplanung","description":"News und Facts aus der Eventbranche f\u00fcr die Eventbranche","potentialAction":[{"@type":"SearchAction","target":{"@type":"EntryPoint","urlTemplate":"https:\/\/www.memo-media.de\/blog\/?s={search_term_string}"},"query-input":"required name=search_term_string"}],"inLanguage":"de"},{"@type":"Person","@id":"https:\/\/www.memo-media.de\/blog\/#\/schema\/person\/b01cd365604b7a1226e889d3e8e6f56d","name":"Julia Gundelach","image":{"@type":"ImageObject","inLanguage":"de","@id":"https:\/\/www.memo-media.de\/blog\/#\/schema\/person\/image\/","url":"https:\/\/www.memo-media.de\/blog\/wp-content\/uploads\/2021\/05\/julia-gundelach-150x150.jpg","contentUrl":"https:\/\/www.memo-media.de\/blog\/wp-content\/uploads\/2021\/05\/julia-gundelach-150x150.jpg","caption":"Julia Gundelach"},"description":"Julia Gundelach ist seit 2016 Teil des memo-media-Teams und bloggt am liebsten \u00fcber actionreiche Eventformate, die sie auch selbst mal testen darf. Als freie Redakteurin ist sie spezialisiert auf die Bereiche Marketing, PR und Werbung, aber auch auf neue Themen in der Veranstaltungswirtschaft. Zum Gl\u00fcck, denn eine buntere, vielf\u00e4ltigere und \u00fcberraschendere Welt, als das Event-Business kann sie sich nicht vorstellen!","url":"https:\/\/www.memo-media.de\/blog\/author\/anna-steinberg\/"}]}},"_links":{"self":[{"href":"https:\/\/www.memo-media.de\/blog\/wp-json\/wp\/v2\/posts\/8458"}],"collection":[{"href":"https:\/\/www.memo-media.de\/blog\/wp-json\/wp\/v2\/posts"}],"about":[{"href":"https:\/\/www.memo-media.de\/blog\/wp-json\/wp\/v2\/types\/post"}],"author":[{"embeddable":true,"href":"https:\/\/www.memo-media.de\/blog\/wp-json\/wp\/v2\/users\/29"}],"replies":[{"embeddable":true,"href":"https:\/\/www.memo-media.de\/blog\/wp-json\/wp\/v2\/comments?post=8458"}],"version-history":[{"count":10,"href":"https:\/\/www.memo-media.de\/blog\/wp-json\/wp\/v2\/posts\/8458\/revisions"}],"predecessor-version":[{"id":11773,"href":"https:\/\/www.memo-media.de\/blog\/wp-json\/wp\/v2\/posts\/8458\/revisions\/11773"}],"wp:featuredmedia":[{"embeddable":true,"href":"https:\/\/www.memo-media.de\/blog\/wp-json\/wp\/v2\/media\/8459"}],"wp:attachment":[{"href":"https:\/\/www.memo-media.de\/blog\/wp-json\/wp\/v2\/media?parent=8458"}],"wp:term":[{"taxonomy":"category","embeddable":true,"href":"https:\/\/www.memo-media.de\/blog\/wp-json\/wp\/v2\/categories?post=8458"},{"taxonomy":"post_tag","embeddable":true,"href":"https:\/\/www.memo-media.de\/blog\/wp-json\/wp\/v2\/tags?post=8458"}],"curies":[{"name":"wp","href":"https:\/\/api.w.org\/{rel}","templated":true}]}}