{"id":8405,"date":"2018-10-21T12:00:55","date_gmt":"2018-10-21T10:00:55","guid":{"rendered":"https:\/\/www.memo-media.de\/blog\/?p=8405"},"modified":"2024-02-19T11:20:32","modified_gmt":"2024-02-19T09:20:32","slug":"visionaere-der-eventbranche","status":"publish","type":"post","link":"https:\/\/www.memo-media.de\/blog\/visionaere-der-eventbranche\/","title":{"rendered":"Vision\u00e4re der Eventbranche in der neuen showcases"},"content":{"rendered":"<p class=\"p1\">\u201eDesign oder doch nicht sein\u201c lautet die Frage in der <a href=\"https:\/\/www.memo-media.de\/showcases-magazin\/marken-und-kunstwelten-die-verzuecken-106.html\">aktuellen Ausgabe von showcases<\/a>, dem memo-media-Magazin f\u00fcr die Event- und Unternehmenskommunikation. Dieses Mal tauchen wir ein in die Geschichten und Innovationen ausgew\u00e4hlter Vision\u00e4re der Eventbranche. In der Rubrik Talking Heads zum Beispiel geht es um das Projekt BrandEx \u2013 das neue Festival in Dortmund, auf das eine ganze Branche hinfiebert. Und auch im Feature sowie im Glossary nehmen wir besondere Marken- und Kunstwelten unter die Lupe.<\/p>\n<h3 class=\"p1\">Kunstwelten und ihre Sch\u00f6pfer<\/h3>\n<div id=\"attachment_8426\" style=\"width: 310px\" class=\"wp-caption alignright\"><a href=\"https:\/\/www.memo-media.de\/blog\/wp-content\/uploads\/2018\/10\/dl-h-021.jpg\"><img aria-describedby=\"caption-attachment-8426\" decoding=\"async\" loading=\"lazy\" class=\"wp-image-8426 size-medium\" src=\"https:\/\/www.memo-media.de\/blog\/wp-content\/uploads\/2018\/10\/dl-h-021-300x220.jpg\" alt=\"Vision\u00e4re der Eventbranche\" width=\"300\" height=\"220\" srcset=\"https:\/\/www.memo-media.de\/blog\/wp-content\/uploads\/2018\/10\/dl-h-021-300x220.jpg 300w, https:\/\/www.memo-media.de\/blog\/wp-content\/uploads\/2018\/10\/dl-h-021-768x564.jpg 768w, https:\/\/www.memo-media.de\/blog\/wp-content\/uploads\/2018\/10\/dl-h-021-1024x752.jpg 1024w, https:\/\/www.memo-media.de\/blog\/wp-content\/uploads\/2018\/10\/dl-h-021-72x54.jpg 72w, https:\/\/www.memo-media.de\/blog\/wp-content\/uploads\/2018\/10\/dl-h-021-335x246.jpg 335w, https:\/\/www.memo-media.de\/blog\/wp-content\/uploads\/2018\/10\/dl-h-021-1050x771.jpg 1050w, https:\/\/www.memo-media.de\/blog\/wp-content\/uploads\/2018\/10\/dl-h-021.jpg 1990w\" sizes=\"(max-width: 300px) 100vw, 300px\" \/><\/a><p id=\"caption-attachment-8426\" class=\"wp-caption-text\">Walt Disney enth\u00fcllt seine Pl\u00e4ne f\u00fcr Disneyland einem nationalen Fernsehpublikum w\u00e4hrend der Premiere von &#8220;Disneyland&#8221; der Fernsehshow, October 27, 1954.<\/p><\/div>\n<p class=\"p1\">Jeder kennt sie. Diese Marken, die ganze Welten um sich geschaffen haben. Das Disneyland, die Autostadt oder auch das Operndorf Afrika sind mit Visionen gef\u00fcllte R\u00e4ume, die ihren Weg in die Wirklichkeit gefunden haben. Im Feature \u201eDie Architektur der Tr\u00e4ume\u201c werfen wir einen Blick auf eben diese Welten und ihre Hintergrundgeschichten.<\/p>\n<h3 class=\"p1\">Und \u00fcberhaupt ist alles klar<\/h3>\n<div id=\"attachment_8427\" style=\"width: 310px\" class=\"wp-caption alignleft\"><a href=\"https:\/\/www.memo-media.de\/blog\/wp-content\/uploads\/2018\/10\/-tine-acke-gg5p0358.jpg\"><img aria-describedby=\"caption-attachment-8427\" decoding=\"async\" loading=\"lazy\" class=\"wp-image-8427 size-medium\" src=\"https:\/\/www.memo-media.de\/blog\/wp-content\/uploads\/2018\/10\/-tine-acke-gg5p0358-300x211.jpg\" alt=\"Vision\u00e4re der Eventbranche showcases\" width=\"300\" height=\"211\" srcset=\"https:\/\/www.memo-media.de\/blog\/wp-content\/uploads\/2018\/10\/-tine-acke-gg5p0358-300x211.jpg 300w, https:\/\/www.memo-media.de\/blog\/wp-content\/uploads\/2018\/10\/-tine-acke-gg5p0358-768x540.jpg 768w, https:\/\/www.memo-media.de\/blog\/wp-content\/uploads\/2018\/10\/-tine-acke-gg5p0358-1024x719.jpg 1024w, https:\/\/www.memo-media.de\/blog\/wp-content\/uploads\/2018\/10\/-tine-acke-gg5p0358-335x235.jpg 335w, https:\/\/www.memo-media.de\/blog\/wp-content\/uploads\/2018\/10\/-tine-acke-gg5p0358-1050x738.jpg 1050w, https:\/\/www.memo-media.de\/blog\/wp-content\/uploads\/2018\/10\/-tine-acke-gg5p0358.jpg 1990w\" sizes=\"(max-width: 300px) 100vw, 300px\" \/><\/a><p id=\"caption-attachment-8427\" class=\"wp-caption-text\">Im Glossary: Corny Littmann \u00fcber die Brandworld \u00bbPanik City \u2013 Die Udo Lindenberg Experience\u00ab<\/p><\/div>\n<p class=\"p1\">Das Glossary schlie\u00dft sich an das spannende Thema der Markenwelten an. F\u00fcr die aktuelle Ausgabe konnten wir Corny Littmann gewinnen, der von einer ganz speziellen Brandworld erz\u00e4hlt: \u00bbPanik City \u2013 Die Udo Lindenberg Experience\u00ab. Sie ist das j\u00fcngste Kind in der Littmannfamilie und auf Hamburgs Reeperbahn im Klubhaus St. Pauli zu Hause. Corny Littmann, obwohl selbst in M\u00fcnster und Berlin geboren und aufgewachsen, ist l\u00e4ngst eine Hamburger Marke. Im Glossary verr\u00e4t er, warum es h\u00f6chste Zeit f\u00fcr diese mulitmediale Erlebniswelt war und was Udo Lindenberg zu einer lebenden Legende macht.<\/p>\n<h3 class=\"p1\">Die Begegner \u2013 Talking Heads<\/h3>\n<div id=\"attachment_8429\" style=\"width: 310px\" class=\"wp-caption alignright\"><a href=\"https:\/\/www.memo-media.de\/blog\/wp-content\/uploads\/2018\/10\/brandex_apply-now-high-res.jpg\"><img aria-describedby=\"caption-attachment-8429\" decoding=\"async\" loading=\"lazy\" class=\"wp-image-8429 size-medium\" src=\"https:\/\/www.memo-media.de\/blog\/wp-content\/uploads\/2018\/10\/brandex_apply-now-high-res-300x200.jpg\" alt=\"Vision\u00e4re der Eventbranche showcases\" width=\"300\" height=\"200\" srcset=\"https:\/\/www.memo-media.de\/blog\/wp-content\/uploads\/2018\/10\/brandex_apply-now-high-res-300x200.jpg 300w, https:\/\/www.memo-media.de\/blog\/wp-content\/uploads\/2018\/10\/brandex_apply-now-high-res-768x512.jpg 768w, https:\/\/www.memo-media.de\/blog\/wp-content\/uploads\/2018\/10\/brandex_apply-now-high-res-1024x683.jpg 1024w, https:\/\/www.memo-media.de\/blog\/wp-content\/uploads\/2018\/10\/brandex_apply-now-high-res-335x223.jpg 335w, https:\/\/www.memo-media.de\/blog\/wp-content\/uploads\/2018\/10\/brandex_apply-now-high-res-1050x700.jpg 1050w, https:\/\/www.memo-media.de\/blog\/wp-content\/uploads\/2018\/10\/brandex_apply-now-high-res.jpg 1990w\" sizes=\"(max-width: 300px) 100vw, 300px\" \/><\/a><p id=\"caption-attachment-8429\" class=\"wp-caption-text\">Vision\u00e4re der Eventbranche loben ein neues Festival aus: BrandEx.<\/p><\/div>\n<p class=\"p1\">Wenn vier wichtige Protagonisten der Eventbranche zusammenr\u00fccken, um ein neues Festival auszuloben, dann sorgt das f\u00fcr ordentlich Aufsehen. In der Rubrik \u201eTalking Heads\u201c haben wir mit den Initiatoren des Projekts BrandEx gesprochen. Ihr Ziel: ein neues Festival und eine Transformation der Branchen-Awards. Am 15. Januar 2019 ist es in der Messe Dortmund so weit. BrandEx soll zum exklusiven Talk- und Performance-Forum f\u00fcr die ganze Branche werden.<\/p>\n<h3 class=\"p1\">Event-R\u00e4ume mit Charakter<\/h3>\n<p class=\"p1\">Kein showacses ohne <a href=\"https:\/\/www.memo-media.de\/service\/specials.php\">Special mit ausgew\u00e4hlten Kurz-Portraits<\/a>. Dieses Mal kredenzen wir eine bunte Palette an Locations, die Eventtr\u00e4ume als Eventr\u00e4ume befl\u00fcgeln. Ob auf dem Wasser, zwischen technischen Rarit\u00e4ten oder auf einem Weingut \u2013 es gibt so viele [memo_rubrik id=1809]Veranstaltungslocations[\/memo_rubrik], die mit dem gewissen Etwas begeistern.<\/p>\n<h3 class=\"p1\">Das neue showcases zum Thema Vision\u00e4re der Eventbranche bestellen<\/h3>\n<p class=\"p1\">Eventmanager, Veranstalter und Kommunikationsverantwortliche k\u00f6nnen ein kostenfreies Probeexemplar der <a href=\"https:\/\/www.memo-media.de\/showcases-magazin\/marken-und-kunstwelten-die-verzuecken-106.html\">neuen\u00a0 Ausgabe von showcases<\/a>\u00a0 per Mail an <a href=\"mailto:showcases@memo-media.de\">showcases@memo-media.de<\/a>\u00a0 oder telefonisch unter 02296-900946 bestellen. In der n\u00e4chsten showcases geht es um das Thema Technik im Event- und Kunstbereich. Wir durchleuchten das gesamte Spektrum und stellen Neuheiten und unsere Favoriten vor.<\/p>\n","protected":false},"excerpt":{"rendered":"<p>\u201eDesign oder doch nicht sein\u201c lautet die Frage in der aktuellen Ausgabe von showcases, dem memo-media-Magazin f\u00fcr die Event- und&#8230;<\/p>\n","protected":false},"author":21,"featured_media":8434,"comment_status":"closed","ping_status":"open","sticky":false,"template":"","format":"standard","meta":[],"categories":[5,7],"tags":[20,856,576,121,368,1561,1562],"yoast_head":"<!-- This site is optimized with the Yoast SEO Premium plugin v20.5 (Yoast SEO v20.5) - https:\/\/yoast.com\/wordpress\/plugins\/seo\/ -->\n<title>Vision\u00e4re der Eventbranche in der neuen showcases<\/title>\n<meta name=\"description\" content=\"In der aktuellen Ausgabe von showcases von memo-media tauchen wir ein in die Geschichten und Innovationen ausgew\u00e4hlter Vision\u00e4re der Eventbranche.\" \/>\n<meta name=\"robots\" content=\"index, follow, max-snippet:-1, max-image-preview:large, max-video-preview:-1\" \/>\n<link rel=\"canonical\" href=\"https:\/\/www.memo-media.de\/blog\/visionaere-der-eventbranche\/\" \/>\n<meta property=\"og:locale\" content=\"de_DE\" \/>\n<meta property=\"og:type\" content=\"article\" \/>\n<meta property=\"og:title\" content=\"Vision\u00e4re der Eventbranche in der neuen showcases\" \/>\n<meta property=\"og:description\" content=\"In der aktuellen Ausgabe von showcases von memo-media tauchen wir ein in die Geschichten und Innovationen ausgew\u00e4hlter Vision\u00e4re der Eventbranche.\" \/>\n<meta property=\"og:url\" content=\"https:\/\/www.memo-media.de\/blog\/visionaere-der-eventbranche\/\" \/>\n<meta property=\"og:site_name\" content=\"memo-media Blog f\u00fcr die Eventplanung\" \/>\n<meta property=\"article:published_time\" content=\"2018-10-21T10:00:55+00:00\" \/>\n<meta property=\"article:modified_time\" content=\"2024-02-19T09:20:32+00:00\" \/>\n<meta property=\"og:image\" content=\"https:\/\/www.memo-media.de\/blog\/wp-content\/uploads\/2018\/10\/showcases-head.jpg\" \/>\n\t<meta property=\"og:image:width\" content=\"1050\" \/>\n\t<meta property=\"og:image:height\" content=\"804\" \/>\n\t<meta property=\"og:image:type\" content=\"image\/jpeg\" \/>\n<meta name=\"author\" content=\"Tabea Lettau\" \/>\n<meta name=\"twitter:label1\" content=\"Verfasst von\" \/>\n\t<meta name=\"twitter:data1\" content=\"Tabea Lettau\" \/>\n\t<meta name=\"twitter:label2\" content=\"Gesch\u00e4tzte Lesezeit\" \/>\n\t<meta name=\"twitter:data2\" content=\"2\u00a0Minuten\" \/>\n<script type=\"application\/ld+json\" class=\"yoast-schema-graph\">{\"@context\":\"https:\/\/schema.org\",\"@graph\":[{\"@type\":\"WebPage\",\"@id\":\"https:\/\/www.memo-media.de\/blog\/visionaere-der-eventbranche\/\",\"url\":\"https:\/\/www.memo-media.de\/blog\/visionaere-der-eventbranche\/\",\"name\":\"Vision\u00e4re der Eventbranche in der neuen showcases\",\"isPartOf\":{\"@id\":\"https:\/\/www.memo-media.de\/blog\/#website\"},\"datePublished\":\"2018-10-21T10:00:55+00:00\",\"dateModified\":\"2024-02-19T09:20:32+00:00\",\"author\":{\"@id\":\"https:\/\/www.memo-media.de\/blog\/#\/schema\/person\/b2be3eb5c595160c885d721d60aba2b3\"},\"description\":\"In der aktuellen Ausgabe von showcases von memo-media tauchen wir ein in die Geschichten und Innovationen ausgew\u00e4hlter Vision\u00e4re der Eventbranche.\",\"breadcrumb\":{\"@id\":\"https:\/\/www.memo-media.de\/blog\/visionaere-der-eventbranche\/#breadcrumb\"},\"inLanguage\":\"de\",\"potentialAction\":[{\"@type\":\"ReadAction\",\"target\":[\"https:\/\/www.memo-media.de\/blog\/visionaere-der-eventbranche\/\"]}]},{\"@type\":\"BreadcrumbList\",\"@id\":\"https:\/\/www.memo-media.de\/blog\/visionaere-der-eventbranche\/#breadcrumb\",\"itemListElement\":[{\"@type\":\"ListItem\",\"position\":1,\"name\":\"Home\",\"item\":\"https:\/\/www.memo-media.de\/blog\/\"},{\"@type\":\"ListItem\",\"position\":2,\"name\":\"Vision\u00e4re der Eventbranche in der neuen showcases\"}]},{\"@type\":\"WebSite\",\"@id\":\"https:\/\/www.memo-media.de\/blog\/#website\",\"url\":\"https:\/\/www.memo-media.de\/blog\/\",\"name\":\"memo-media Blog f\u00fcr die Eventplanung\",\"description\":\"News und Facts aus der Eventbranche f\u00fcr die Eventbranche\",\"potentialAction\":[{\"@type\":\"SearchAction\",\"target\":{\"@type\":\"EntryPoint\",\"urlTemplate\":\"https:\/\/www.memo-media.de\/blog\/?s={search_term_string}\"},\"query-input\":\"required name=search_term_string\"}],\"inLanguage\":\"de\"},{\"@type\":\"Person\",\"@id\":\"https:\/\/www.memo-media.de\/blog\/#\/schema\/person\/b2be3eb5c595160c885d721d60aba2b3\",\"name\":\"Tabea Lettau\",\"image\":{\"@type\":\"ImageObject\",\"inLanguage\":\"de\",\"@id\":\"https:\/\/www.memo-media.de\/blog\/#\/schema\/person\/image\/\",\"url\":\"https:\/\/www.memo-media.de\/blog\/wp-content\/uploads\/2024\/02\/tabea_lettau_redakteurin_memo-media-150x150.jpg\",\"contentUrl\":\"https:\/\/www.memo-media.de\/blog\/wp-content\/uploads\/2024\/02\/tabea_lettau_redakteurin_memo-media-150x150.jpg\",\"caption\":\"Tabea Lettau\"},\"description\":\"Tabea Lettau hat an der Universit\u00e4t Siegen Kommunikations- und Wirtschaftswissenschaften studiert. Bereits w\u00e4hrend ihres Studiums machte sie sich als Redakteurin und Content-Managerin selbstst\u00e4ndig. Seit 2015 ist sie als Freiberuflerin Teil des memo-media-Teams und schreibt u. a. f\u00fcr den Blog, das Magazin showcases und den monatlichen memoLetter. Die inspirierenden Geschichten und Visionen der Menschen in der Eventbranche zu erfahren, erf\u00fcllt sie daran ganz besonders. Neben ihrer freiberuflichen T\u00e4tigkeit realisiert sie auch eigene Online-Projekte und hat zwei B\u00fccher geschrieben.\",\"url\":\"https:\/\/www.memo-media.de\/blog\/author\/tabea-lettau\/\"}]}<\/script>\n<!-- \/ Yoast SEO Premium plugin. -->","yoast_head_json":{"title":"Vision\u00e4re der Eventbranche in der neuen showcases","description":"In der aktuellen Ausgabe von showcases von memo-media tauchen wir ein in die Geschichten und Innovationen ausgew\u00e4hlter Vision\u00e4re der Eventbranche.","robots":{"index":"index","follow":"follow","max-snippet":"max-snippet:-1","max-image-preview":"max-image-preview:large","max-video-preview":"max-video-preview:-1"},"canonical":"https:\/\/www.memo-media.de\/blog\/visionaere-der-eventbranche\/","og_locale":"de_DE","og_type":"article","og_title":"Vision\u00e4re der Eventbranche in der neuen showcases","og_description":"In der aktuellen Ausgabe von showcases von memo-media tauchen wir ein in die Geschichten und Innovationen ausgew\u00e4hlter Vision\u00e4re der Eventbranche.","og_url":"https:\/\/www.memo-media.de\/blog\/visionaere-der-eventbranche\/","og_site_name":"memo-media Blog f\u00fcr die Eventplanung","article_published_time":"2018-10-21T10:00:55+00:00","article_modified_time":"2024-02-19T09:20:32+00:00","og_image":[{"width":1050,"height":804,"url":"https:\/\/www.memo-media.de\/blog\/wp-content\/uploads\/2018\/10\/showcases-head.jpg","type":"image\/jpeg"}],"author":"Tabea Lettau","twitter_misc":{"Verfasst von":"Tabea Lettau","Gesch\u00e4tzte Lesezeit":"2\u00a0Minuten"},"schema":{"@context":"https:\/\/schema.org","@graph":[{"@type":"WebPage","@id":"https:\/\/www.memo-media.de\/blog\/visionaere-der-eventbranche\/","url":"https:\/\/www.memo-media.de\/blog\/visionaere-der-eventbranche\/","name":"Vision\u00e4re der Eventbranche in der neuen showcases","isPartOf":{"@id":"https:\/\/www.memo-media.de\/blog\/#website"},"datePublished":"2018-10-21T10:00:55+00:00","dateModified":"2024-02-19T09:20:32+00:00","author":{"@id":"https:\/\/www.memo-media.de\/blog\/#\/schema\/person\/b2be3eb5c595160c885d721d60aba2b3"},"description":"In der aktuellen Ausgabe von showcases von memo-media tauchen wir ein in die Geschichten und Innovationen ausgew\u00e4hlter Vision\u00e4re der Eventbranche.","breadcrumb":{"@id":"https:\/\/www.memo-media.de\/blog\/visionaere-der-eventbranche\/#breadcrumb"},"inLanguage":"de","potentialAction":[{"@type":"ReadAction","target":["https:\/\/www.memo-media.de\/blog\/visionaere-der-eventbranche\/"]}]},{"@type":"BreadcrumbList","@id":"https:\/\/www.memo-media.de\/blog\/visionaere-der-eventbranche\/#breadcrumb","itemListElement":[{"@type":"ListItem","position":1,"name":"Home","item":"https:\/\/www.memo-media.de\/blog\/"},{"@type":"ListItem","position":2,"name":"Vision\u00e4re der Eventbranche in der neuen showcases"}]},{"@type":"WebSite","@id":"https:\/\/www.memo-media.de\/blog\/#website","url":"https:\/\/www.memo-media.de\/blog\/","name":"memo-media Blog f\u00fcr die Eventplanung","description":"News und Facts aus der Eventbranche f\u00fcr die Eventbranche","potentialAction":[{"@type":"SearchAction","target":{"@type":"EntryPoint","urlTemplate":"https:\/\/www.memo-media.de\/blog\/?s={search_term_string}"},"query-input":"required name=search_term_string"}],"inLanguage":"de"},{"@type":"Person","@id":"https:\/\/www.memo-media.de\/blog\/#\/schema\/person\/b2be3eb5c595160c885d721d60aba2b3","name":"Tabea Lettau","image":{"@type":"ImageObject","inLanguage":"de","@id":"https:\/\/www.memo-media.de\/blog\/#\/schema\/person\/image\/","url":"https:\/\/www.memo-media.de\/blog\/wp-content\/uploads\/2024\/02\/tabea_lettau_redakteurin_memo-media-150x150.jpg","contentUrl":"https:\/\/www.memo-media.de\/blog\/wp-content\/uploads\/2024\/02\/tabea_lettau_redakteurin_memo-media-150x150.jpg","caption":"Tabea Lettau"},"description":"Tabea Lettau hat an der Universit\u00e4t Siegen Kommunikations- und Wirtschaftswissenschaften studiert. Bereits w\u00e4hrend ihres Studiums machte sie sich als Redakteurin und Content-Managerin selbstst\u00e4ndig. Seit 2015 ist sie als Freiberuflerin Teil des memo-media-Teams und schreibt u. a. f\u00fcr den Blog, das Magazin showcases und den monatlichen memoLetter. Die inspirierenden Geschichten und Visionen der Menschen in der Eventbranche zu erfahren, erf\u00fcllt sie daran ganz besonders. Neben ihrer freiberuflichen T\u00e4tigkeit realisiert sie auch eigene Online-Projekte und hat zwei B\u00fccher geschrieben.","url":"https:\/\/www.memo-media.de\/blog\/author\/tabea-lettau\/"}]}},"_links":{"self":[{"href":"https:\/\/www.memo-media.de\/blog\/wp-json\/wp\/v2\/posts\/8405"}],"collection":[{"href":"https:\/\/www.memo-media.de\/blog\/wp-json\/wp\/v2\/posts"}],"about":[{"href":"https:\/\/www.memo-media.de\/blog\/wp-json\/wp\/v2\/types\/post"}],"author":[{"embeddable":true,"href":"https:\/\/www.memo-media.de\/blog\/wp-json\/wp\/v2\/users\/21"}],"replies":[{"embeddable":true,"href":"https:\/\/www.memo-media.de\/blog\/wp-json\/wp\/v2\/comments?post=8405"}],"version-history":[{"count":9,"href":"https:\/\/www.memo-media.de\/blog\/wp-json\/wp\/v2\/posts\/8405\/revisions"}],"predecessor-version":[{"id":17064,"href":"https:\/\/www.memo-media.de\/blog\/wp-json\/wp\/v2\/posts\/8405\/revisions\/17064"}],"wp:featuredmedia":[{"embeddable":true,"href":"https:\/\/www.memo-media.de\/blog\/wp-json\/wp\/v2\/media\/8434"}],"wp:attachment":[{"href":"https:\/\/www.memo-media.de\/blog\/wp-json\/wp\/v2\/media?parent=8405"}],"wp:term":[{"taxonomy":"category","embeddable":true,"href":"https:\/\/www.memo-media.de\/blog\/wp-json\/wp\/v2\/categories?post=8405"},{"taxonomy":"post_tag","embeddable":true,"href":"https:\/\/www.memo-media.de\/blog\/wp-json\/wp\/v2\/tags?post=8405"}],"curies":[{"name":"wp","href":"https:\/\/api.w.org\/{rel}","templated":true}]}}