{"id":8291,"date":"2018-10-12T11:51:48","date_gmt":"2018-10-12T09:51:48","guid":{"rendered":"https:\/\/www.memo-media.de\/blog\/?p=8291"},"modified":"2021-08-09T08:19:08","modified_gmt":"2021-08-09T06:19:08","slug":"aufblasbarer-pavillon-fuer-kleinere-flaechen-das-neue-xc-3-von-x-gloo","status":"publish","type":"post","link":"https:\/\/www.memo-media.de\/blog\/aufblasbarer-pavillon-fuer-kleinere-flaechen-das-neue-xc-3-von-x-gloo\/","title":{"rendered":"Aufblasbarer Pavillon f\u00fcr kleinere Fl\u00e4chen: Das neue XC 3 von X GLOO"},"content":{"rendered":"<p>Wenn man mit Sven K\u00fcnzel von <a href=\"https:\/\/xgloo.com\/\" target=\"_blank\" rel=\"noopener noreferrer\">X GLOO <\/a>spricht, wartet man immer darauf, ob da nicht noch ein Haken kommt. Denn die aufblasbaren Zelte, die im von X GLOO stehen, sind nicht nur ein toller Blickfang und haben ein einzigartiges Design, sondern sind auch im Handumdrehen aufgebaut und transportiert. Klingt fast zu sch\u00f6n, um wahr zu sein! Braucht man dazu keine komplizierten Anleitungen oder lange Video-Tutorials? Keineswegs. Bei einem Messebesuch, wo ein aufblasbarer Pavillon im Einsatz war, konnten wir uns einmal mehr davon \u00fcberzeugen, wie praktisch, sch\u00f6n und einfach die mobilen <a href=\"https:\/\/xgloo.com\/shop\/aufblasbare-zelte\/xc-3\/xc-3-aufblasbares-zelt\" target=\"_blank\" rel=\"noopener noreferrer\">Locations <\/a>von X GLOO sind.<\/p>\n<h3>Neu im Portfolio: Kleinerer aufblasbarer Pavillon f\u00fcr kleinere Events<\/h3>\n<div id=\"attachment_8294\" style=\"width: 310px\" class=\"wp-caption alignleft\"><a href=\"https:\/\/www.memo-media.de\/blog\/wp-content\/uploads\/2018\/09\/x-gloo-aufblasbarer-pavillon-3.jpg\"><img aria-describedby=\"caption-attachment-8294\" decoding=\"async\" loading=\"lazy\" class=\"wp-image-8294 size-medium\" src=\"https:\/\/www.memo-media.de\/blog\/wp-content\/uploads\/2018\/09\/x-gloo-aufblasbarer-pavillon-3-300x169.jpg\" alt=\"Klein und trotzdem ganz gro\u00df: Aufblasbarer Pavillon von X GLOO. \" width=\"300\" height=\"169\" srcset=\"https:\/\/www.memo-media.de\/blog\/wp-content\/uploads\/2018\/09\/x-gloo-aufblasbarer-pavillon-3-300x169.jpg 300w, https:\/\/www.memo-media.de\/blog\/wp-content\/uploads\/2018\/09\/x-gloo-aufblasbarer-pavillon-3-768x432.jpg 768w, https:\/\/www.memo-media.de\/blog\/wp-content\/uploads\/2018\/09\/x-gloo-aufblasbarer-pavillon-3-335x189.jpg 335w, https:\/\/www.memo-media.de\/blog\/wp-content\/uploads\/2018\/09\/x-gloo-aufblasbarer-pavillon-3.jpg 1000w\" sizes=\"(max-width: 300px) 100vw, 300px\" \/><\/a><p id=\"caption-attachment-8294\" class=\"wp-caption-text\">Klein und trotzdem ganz gro\u00df: Aufblasbarer Pavillon von X GLOO.<\/p><\/div>\n<p>Wir haben den Experten f\u00fcr aufblasbare Zelte schon einmal am Firmensitz in Marquartstein besucht \u2013 und waren begeistert von den mobilen Locations mit ihrer markanten Form. Neu im Portfoliovon X GLOO: das <a href=\"https:\/\/xgloo.com\/shop\/aufblasbare-zelte\/xc-3\/xc-3-aufblasbares-zelt\" target=\"_blank\" rel=\"noopener noreferrer\">XC 3<\/a>, also ein kleinerer aufblasbarer Pavillon. In den Gr\u00f6\u00dfen 4 x 4 Meter, 5 x 5, 6 x 6 und 8 x 8 gibt es die Zelte schon l\u00e4nger. \u201eJetzt war es an der Zeit, dass wir auch eine kleinere Variante auf den Markt bringen\u201c, erkl\u00e4rt mir Sven K\u00fcnzel. Denn: Viele Messest\u00e4nde oder Ausstellungsfl\u00e4chen sind kleiner und kommen etwa auf eine Fl\u00e4che von 3 x 3 Meter. Dort l\u00e4sst sich der aufblasbare Pavillon \u201eXC 3\u201c im 3 x 3-Format perfekt unterbringen. Da die Beine der kleineren Variante etwas steiler sind, kommt die \u00fcberdachte Fl\u00e4che fast an den gr\u00f6\u00dferen Bruder mit 4 x 4 Metern heran, braucht aber weniger Grundfl\u00e4che. \u201eF\u00fcr kleinere Events, M\u00e4rkte oder St\u00e4nde in der Fu\u00dfg\u00e4ngerzone, wo nicht viel Platz zur Verf\u00fcgung steht, ist das genau die richtige Variante\u201c, sagt Sven K\u00fcnzel. Genau wie seine gr\u00f6\u00dferen Geschwister ist der aufblasbare Pavillon auch in der kleineren Variante aus hochwertigen Materialien gefertigt \u2013 zum Gro\u00dfteil in Europa. Er ist komplett bedruckbar.. Per Rei\u00dfverschluss lassen sich bis zu vier Seitenw\u00e4nde anbringen (auch mit T\u00fcrwand) und\/oder zwei XC 3-Zelte miteinander verbinden.<\/p>\n<h3><strong>Leicht zu transportieren, einfach auf- und abzubauen<\/strong><\/h3>\n<div id=\"attachment_8293\" style=\"width: 310px\" class=\"wp-caption alignright\"><a href=\"https:\/\/www.memo-media.de\/blog\/wp-content\/uploads\/2018\/09\/x-gloo-aufblasbarer-pavillon-2.jpg\"><img aria-describedby=\"caption-attachment-8293\" decoding=\"async\" loading=\"lazy\" class=\"wp-image-8293 size-medium\" src=\"https:\/\/www.memo-media.de\/blog\/wp-content\/uploads\/2018\/09\/x-gloo-aufblasbarer-pavillon-2-300x200.jpg\" alt=\"Auch f\u00fcr den Outdoor-Bereich perfekt: Das XC 3. \" width=\"300\" height=\"200\" srcset=\"https:\/\/www.memo-media.de\/blog\/wp-content\/uploads\/2018\/09\/x-gloo-aufblasbarer-pavillon-2-300x200.jpg 300w, https:\/\/www.memo-media.de\/blog\/wp-content\/uploads\/2018\/09\/x-gloo-aufblasbarer-pavillon-2-768x512.jpg 768w, https:\/\/www.memo-media.de\/blog\/wp-content\/uploads\/2018\/09\/x-gloo-aufblasbarer-pavillon-2-335x223.jpg 335w, https:\/\/www.memo-media.de\/blog\/wp-content\/uploads\/2018\/09\/x-gloo-aufblasbarer-pavillon-2.jpg 1000w\" sizes=\"(max-width: 300px) 100vw, 300px\" \/><\/a><p id=\"caption-attachment-8293\" class=\"wp-caption-text\">Auch f\u00fcr den Outdoor-Bereich perfekt: Das XC 3.<\/p><\/div>\n<p>Weiterer Vorteil: Der kleinere aufblasbare Pavillon wiegt gerade mal acht Kilogramm und ist damit extrem leicht zu <a href=\"https:\/\/xgloo.com\/shop\/aufblasbare-zelte\/xc-3\/xc-3-aufblasbares-zelt\" target=\"_blank\" rel=\"noopener noreferrer\">transportieren <\/a>und vor allem auch einfach auf- und abzubauen. Eine Person schafft das locker alleine, verspricht Sven K\u00fcnzel und l\u00e4sst es mich zum Beweis direkt auf der Messe testen. Er dr\u00fcckt mir einen kleinen schwarzen Rucksack in die Hand. Auch eine Handpumpe ist dabei, der Rest erkl\u00e4rt sich von selbst. Keine f\u00fcnf Minuten muss ich pumpen, bis das bunt bedruckte XC 3 vor mir steht. Etwa 10 Personen finden gem\u00fctlich darunter Platz! Im Rucksack befindet sich auch ein Abspannset und spezielle transportable Ballastierungen, die man bei Bedarf direkt vor Ort mit Wasser oder Kieselsteinen bef\u00fcllen kann. Und dann kommt der Teil, wo ich ja doch noch den Haken vermute: Ich soll das Zelt auch selbst wieder abbauen und im Rucksack verstauen! Wenn ich daran denke, wie oft ich mich schon gewundert habe, wie mein Schlafsack jemals in seine H\u00fclle gepasst hat, oder ich mein Strandzelt gewaltsam in die Transporttasche quetschen musste&#8230; Ich \u00f6ffne die Ventile, der aufblasbare Pavillon f\u00e4llt in sich zusammen. Dann lege ich die Beine \u00fcbereinander und falte das Zelt zusammen \u2013 easypeasy, w\u00fcrde mein kleiner Neffe sagen \u2013 es geht kinderleicht und man kann dabei wirklich nichts falsch machen. Es l\u00e4sst sich ohne Quetschen ganz einfach in den Rucksack stecken \u2013 samt Zubeh\u00f6r. Ich bin begeistert \u2013 und wei\u00df jetzt sicher: einen Haken gibt es nicht!<\/p>\n[memo_eintrag kundennummer=135571]Hier[\/memo_eintrag] gibt es den Kontakt.<\/p>\n","protected":false},"excerpt":{"rendered":"<p>Wenn man mit Sven K\u00fcnzel von X GLOO spricht, wartet man immer darauf, ob da nicht noch ein Haken kommt&#8230;.<\/p>\n","protected":false},"author":29,"featured_media":8292,"comment_status":"closed","ping_status":"open","sticky":false,"template":"","format":"standard","meta":[],"categories":[10],"tags":[1538,1083,1535,1537,1536,1539,2067,205,1329],"yoast_head":"<!-- This site is optimized with the Yoast SEO Premium plugin v20.5 (Yoast SEO v20.5) - https:\/\/yoast.com\/wordpress\/plugins\/seo\/ -->\n<title>Aufblasbarer Pavillon f\u00fcr kleinere Fl\u00e4chen: Das neue XC 3 von X GLOO<\/title>\n<meta name=\"description\" content=\"Klein, leicht, praktisch - und easy im Handling: XC 3, ein neuer aufblasbarer Pavillon von X GLOO, passt auf kleinere Messest\u00e4nde und ist unschlagbar einfach in der Handhabung. Ganz ohne Haken!\" \/>\n<meta name=\"robots\" content=\"index, follow, max-snippet:-1, max-image-preview:large, max-video-preview:-1\" \/>\n<link rel=\"canonical\" href=\"https:\/\/www.memo-media.de\/blog\/aufblasbarer-pavillon-fuer-kleinere-flaechen-das-neue-xc-3-von-x-gloo\/\" \/>\n<meta property=\"og:locale\" content=\"de_DE\" \/>\n<meta property=\"og:type\" content=\"article\" \/>\n<meta property=\"og:title\" content=\"Aufblasbarer Pavillon f\u00fcr kleinere Fl\u00e4chen: Das neue XC 3 von X GLOO\" \/>\n<meta property=\"og:description\" content=\"Klein, leicht, praktisch - und easy im Handling: XC 3, ein neuer aufblasbarer Pavillon von X GLOO, passt auf kleinere Messest\u00e4nde und ist unschlagbar einfach in der Handhabung. Ganz ohne Haken!\" \/>\n<meta property=\"og:url\" content=\"https:\/\/www.memo-media.de\/blog\/aufblasbarer-pavillon-fuer-kleinere-flaechen-das-neue-xc-3-von-x-gloo\/\" \/>\n<meta property=\"og:site_name\" content=\"memo-media Blog f\u00fcr die Eventplanung\" \/>\n<meta property=\"article:published_time\" content=\"2018-10-12T09:51:48+00:00\" \/>\n<meta property=\"article:modified_time\" content=\"2021-08-09T06:19:08+00:00\" \/>\n<meta property=\"og:image\" content=\"https:\/\/www.memo-media.de\/blog\/wp-content\/uploads\/2018\/09\/x-gloo-aufblasbarer-pavillon-1.jpg\" \/>\n\t<meta property=\"og:image:width\" content=\"1050\" \/>\n\t<meta property=\"og:image:height\" content=\"804\" \/>\n\t<meta property=\"og:image:type\" content=\"image\/jpeg\" \/>\n<meta name=\"author\" content=\"Julia Gundelach\" \/>\n<meta name=\"twitter:label1\" content=\"Verfasst von\" \/>\n\t<meta name=\"twitter:data1\" content=\"Julia Gundelach\" \/>\n\t<meta name=\"twitter:label2\" content=\"Gesch\u00e4tzte Lesezeit\" \/>\n\t<meta name=\"twitter:data2\" content=\"3\u00a0Minuten\" \/>\n<script type=\"application\/ld+json\" class=\"yoast-schema-graph\">{\"@context\":\"https:\/\/schema.org\",\"@graph\":[{\"@type\":\"WebPage\",\"@id\":\"https:\/\/www.memo-media.de\/blog\/aufblasbarer-pavillon-fuer-kleinere-flaechen-das-neue-xc-3-von-x-gloo\/\",\"url\":\"https:\/\/www.memo-media.de\/blog\/aufblasbarer-pavillon-fuer-kleinere-flaechen-das-neue-xc-3-von-x-gloo\/\",\"name\":\"Aufblasbarer Pavillon f\u00fcr kleinere Fl\u00e4chen: Das neue XC 3 von X GLOO\",\"isPartOf\":{\"@id\":\"https:\/\/www.memo-media.de\/blog\/#website\"},\"datePublished\":\"2018-10-12T09:51:48+00:00\",\"dateModified\":\"2021-08-09T06:19:08+00:00\",\"author\":{\"@id\":\"https:\/\/www.memo-media.de\/blog\/#\/schema\/person\/b01cd365604b7a1226e889d3e8e6f56d\"},\"description\":\"Klein, leicht, praktisch - und easy im Handling: XC 3, ein neuer aufblasbarer Pavillon von X GLOO, passt auf kleinere Messest\u00e4nde und ist unschlagbar einfach in der Handhabung. Ganz ohne Haken!\",\"breadcrumb\":{\"@id\":\"https:\/\/www.memo-media.de\/blog\/aufblasbarer-pavillon-fuer-kleinere-flaechen-das-neue-xc-3-von-x-gloo\/#breadcrumb\"},\"inLanguage\":\"de\",\"potentialAction\":[{\"@type\":\"ReadAction\",\"target\":[\"https:\/\/www.memo-media.de\/blog\/aufblasbarer-pavillon-fuer-kleinere-flaechen-das-neue-xc-3-von-x-gloo\/\"]}]},{\"@type\":\"BreadcrumbList\",\"@id\":\"https:\/\/www.memo-media.de\/blog\/aufblasbarer-pavillon-fuer-kleinere-flaechen-das-neue-xc-3-von-x-gloo\/#breadcrumb\",\"itemListElement\":[{\"@type\":\"ListItem\",\"position\":1,\"name\":\"Home\",\"item\":\"https:\/\/www.memo-media.de\/blog\/\"},{\"@type\":\"ListItem\",\"position\":2,\"name\":\"Aufblasbarer Pavillon f\u00fcr kleinere Fl\u00e4chen: Das neue XC 3 von X GLOO\"}]},{\"@type\":\"WebSite\",\"@id\":\"https:\/\/www.memo-media.de\/blog\/#website\",\"url\":\"https:\/\/www.memo-media.de\/blog\/\",\"name\":\"memo-media Blog f\u00fcr die Eventplanung\",\"description\":\"News und Facts aus der Eventbranche f\u00fcr die Eventbranche\",\"potentialAction\":[{\"@type\":\"SearchAction\",\"target\":{\"@type\":\"EntryPoint\",\"urlTemplate\":\"https:\/\/www.memo-media.de\/blog\/?s={search_term_string}\"},\"query-input\":\"required name=search_term_string\"}],\"inLanguage\":\"de\"},{\"@type\":\"Person\",\"@id\":\"https:\/\/www.memo-media.de\/blog\/#\/schema\/person\/b01cd365604b7a1226e889d3e8e6f56d\",\"name\":\"Julia Gundelach\",\"image\":{\"@type\":\"ImageObject\",\"inLanguage\":\"de\",\"@id\":\"https:\/\/www.memo-media.de\/blog\/#\/schema\/person\/image\/\",\"url\":\"https:\/\/www.memo-media.de\/blog\/wp-content\/uploads\/2021\/05\/julia-gundelach-150x150.jpg\",\"contentUrl\":\"https:\/\/www.memo-media.de\/blog\/wp-content\/uploads\/2021\/05\/julia-gundelach-150x150.jpg\",\"caption\":\"Julia Gundelach\"},\"description\":\"Julia Gundelach ist seit 2016 Teil des memo-media-Teams und bloggt am liebsten \u00fcber actionreiche Eventformate, die sie auch selbst mal testen darf. Als freie Redakteurin ist sie spezialisiert auf die Bereiche Marketing, PR und Werbung, aber auch auf neue Themen in der Veranstaltungswirtschaft. Zum Gl\u00fcck, denn eine buntere, vielf\u00e4ltigere und \u00fcberraschendere Welt, als das Event-Business kann sie sich nicht vorstellen!\",\"url\":\"https:\/\/www.memo-media.de\/blog\/author\/anna-steinberg\/\"}]}<\/script>\n<!-- \/ Yoast SEO Premium plugin. -->","yoast_head_json":{"title":"Aufblasbarer Pavillon f\u00fcr kleinere Fl\u00e4chen: Das neue XC 3 von X GLOO","description":"Klein, leicht, praktisch - und easy im Handling: XC 3, ein neuer aufblasbarer Pavillon von X GLOO, passt auf kleinere Messest\u00e4nde und ist unschlagbar einfach in der Handhabung. Ganz ohne Haken!","robots":{"index":"index","follow":"follow","max-snippet":"max-snippet:-1","max-image-preview":"max-image-preview:large","max-video-preview":"max-video-preview:-1"},"canonical":"https:\/\/www.memo-media.de\/blog\/aufblasbarer-pavillon-fuer-kleinere-flaechen-das-neue-xc-3-von-x-gloo\/","og_locale":"de_DE","og_type":"article","og_title":"Aufblasbarer Pavillon f\u00fcr kleinere Fl\u00e4chen: Das neue XC 3 von X GLOO","og_description":"Klein, leicht, praktisch - und easy im Handling: XC 3, ein neuer aufblasbarer Pavillon von X GLOO, passt auf kleinere Messest\u00e4nde und ist unschlagbar einfach in der Handhabung. Ganz ohne Haken!","og_url":"https:\/\/www.memo-media.de\/blog\/aufblasbarer-pavillon-fuer-kleinere-flaechen-das-neue-xc-3-von-x-gloo\/","og_site_name":"memo-media Blog f\u00fcr die Eventplanung","article_published_time":"2018-10-12T09:51:48+00:00","article_modified_time":"2021-08-09T06:19:08+00:00","og_image":[{"width":1050,"height":804,"url":"https:\/\/www.memo-media.de\/blog\/wp-content\/uploads\/2018\/09\/x-gloo-aufblasbarer-pavillon-1.jpg","type":"image\/jpeg"}],"author":"Julia Gundelach","twitter_misc":{"Verfasst von":"Julia Gundelach","Gesch\u00e4tzte Lesezeit":"3\u00a0Minuten"},"schema":{"@context":"https:\/\/schema.org","@graph":[{"@type":"WebPage","@id":"https:\/\/www.memo-media.de\/blog\/aufblasbarer-pavillon-fuer-kleinere-flaechen-das-neue-xc-3-von-x-gloo\/","url":"https:\/\/www.memo-media.de\/blog\/aufblasbarer-pavillon-fuer-kleinere-flaechen-das-neue-xc-3-von-x-gloo\/","name":"Aufblasbarer Pavillon f\u00fcr kleinere Fl\u00e4chen: Das neue XC 3 von X GLOO","isPartOf":{"@id":"https:\/\/www.memo-media.de\/blog\/#website"},"datePublished":"2018-10-12T09:51:48+00:00","dateModified":"2021-08-09T06:19:08+00:00","author":{"@id":"https:\/\/www.memo-media.de\/blog\/#\/schema\/person\/b01cd365604b7a1226e889d3e8e6f56d"},"description":"Klein, leicht, praktisch - und easy im Handling: XC 3, ein neuer aufblasbarer Pavillon von X GLOO, passt auf kleinere Messest\u00e4nde und ist unschlagbar einfach in der Handhabung. Ganz ohne Haken!","breadcrumb":{"@id":"https:\/\/www.memo-media.de\/blog\/aufblasbarer-pavillon-fuer-kleinere-flaechen-das-neue-xc-3-von-x-gloo\/#breadcrumb"},"inLanguage":"de","potentialAction":[{"@type":"ReadAction","target":["https:\/\/www.memo-media.de\/blog\/aufblasbarer-pavillon-fuer-kleinere-flaechen-das-neue-xc-3-von-x-gloo\/"]}]},{"@type":"BreadcrumbList","@id":"https:\/\/www.memo-media.de\/blog\/aufblasbarer-pavillon-fuer-kleinere-flaechen-das-neue-xc-3-von-x-gloo\/#breadcrumb","itemListElement":[{"@type":"ListItem","position":1,"name":"Home","item":"https:\/\/www.memo-media.de\/blog\/"},{"@type":"ListItem","position":2,"name":"Aufblasbarer Pavillon f\u00fcr kleinere Fl\u00e4chen: Das neue XC 3 von X GLOO"}]},{"@type":"WebSite","@id":"https:\/\/www.memo-media.de\/blog\/#website","url":"https:\/\/www.memo-media.de\/blog\/","name":"memo-media Blog f\u00fcr die Eventplanung","description":"News und Facts aus der Eventbranche f\u00fcr die Eventbranche","potentialAction":[{"@type":"SearchAction","target":{"@type":"EntryPoint","urlTemplate":"https:\/\/www.memo-media.de\/blog\/?s={search_term_string}"},"query-input":"required name=search_term_string"}],"inLanguage":"de"},{"@type":"Person","@id":"https:\/\/www.memo-media.de\/blog\/#\/schema\/person\/b01cd365604b7a1226e889d3e8e6f56d","name":"Julia Gundelach","image":{"@type":"ImageObject","inLanguage":"de","@id":"https:\/\/www.memo-media.de\/blog\/#\/schema\/person\/image\/","url":"https:\/\/www.memo-media.de\/blog\/wp-content\/uploads\/2021\/05\/julia-gundelach-150x150.jpg","contentUrl":"https:\/\/www.memo-media.de\/blog\/wp-content\/uploads\/2021\/05\/julia-gundelach-150x150.jpg","caption":"Julia Gundelach"},"description":"Julia Gundelach ist seit 2016 Teil des memo-media-Teams und bloggt am liebsten \u00fcber actionreiche Eventformate, die sie auch selbst mal testen darf. Als freie Redakteurin ist sie spezialisiert auf die Bereiche Marketing, PR und Werbung, aber auch auf neue Themen in der Veranstaltungswirtschaft. Zum Gl\u00fcck, denn eine buntere, vielf\u00e4ltigere und \u00fcberraschendere Welt, als das Event-Business kann sie sich nicht vorstellen!","url":"https:\/\/www.memo-media.de\/blog\/author\/anna-steinberg\/"}]}},"_links":{"self":[{"href":"https:\/\/www.memo-media.de\/blog\/wp-json\/wp\/v2\/posts\/8291"}],"collection":[{"href":"https:\/\/www.memo-media.de\/blog\/wp-json\/wp\/v2\/posts"}],"about":[{"href":"https:\/\/www.memo-media.de\/blog\/wp-json\/wp\/v2\/types\/post"}],"author":[{"embeddable":true,"href":"https:\/\/www.memo-media.de\/blog\/wp-json\/wp\/v2\/users\/29"}],"replies":[{"embeddable":true,"href":"https:\/\/www.memo-media.de\/blog\/wp-json\/wp\/v2\/comments?post=8291"}],"version-history":[{"count":11,"href":"https:\/\/www.memo-media.de\/blog\/wp-json\/wp\/v2\/posts\/8291\/revisions"}],"predecessor-version":[{"id":13822,"href":"https:\/\/www.memo-media.de\/blog\/wp-json\/wp\/v2\/posts\/8291\/revisions\/13822"}],"wp:featuredmedia":[{"embeddable":true,"href":"https:\/\/www.memo-media.de\/blog\/wp-json\/wp\/v2\/media\/8292"}],"wp:attachment":[{"href":"https:\/\/www.memo-media.de\/blog\/wp-json\/wp\/v2\/media?parent=8291"}],"wp:term":[{"taxonomy":"category","embeddable":true,"href":"https:\/\/www.memo-media.de\/blog\/wp-json\/wp\/v2\/categories?post=8291"},{"taxonomy":"post_tag","embeddable":true,"href":"https:\/\/www.memo-media.de\/blog\/wp-json\/wp\/v2\/tags?post=8291"}],"curies":[{"name":"wp","href":"https:\/\/api.w.org\/{rel}","templated":true}]}}