{"id":825,"date":"2014-10-02T16:13:03","date_gmt":"2014-10-02T14:13:03","guid":{"rendered":"http:\/\/www.memo-media.de\/blog\/?p=825"},"modified":"2014-10-02T18:12:04","modified_gmt":"2014-10-02T16:12:04","slug":"licht-und-klangkuenstler","status":"publish","type":"post","link":"https:\/\/www.memo-media.de\/blog\/licht-und-klangkuenstler\/","title":{"rendered":"Licht- und Klangk\u00fcnstler"},"content":{"rendered":"<h2>Licht- und Klangk\u00fcnstler stehen im Fokus des memo-media Magazins showcases 4-2014<\/h2>\n<p>Wir geben uns gerne die M\u00fche, f\u00fcr Sie im Magazin <a title=\"memo-media Magazin showcases\" href=\"https:\/\/www.memo-media.de\/service\/showcases.php\" target=\"_blank\">showcases<\/a> die Diamanten unter den vielen Kieseln am Strand der E- und U-Kultur herauszusuchen. F\u00fcr uns ist das pure Entdeckerleidenschaft und so finden wir auch die besonderen Klangk\u00fcnstler, DJs und Lichtartisten f\u00fcr Ihre Events. Da wir auch gerne in die Zukunft schauen, sind wir ganz begeistert von dem K\u00fcnstlerquartett <a title=\"Data Garden\" href=\"https:\/\/www.datagarden.org\/\" target=\"_blank\">Data Garden<\/a> aus Philadelphia, das mit lebenden Pflanzen tanzbare Biofeedbackmusik macht. Wir stellen sie Feature vor &#8211; neben Hanna Hansen, Peter Schilske, Betty Bizarre und anderen.<\/p>\n<h2>Westbam als Gastautor<\/h2>\n<p>Im Glossary erz\u00e4hlt dieses Mal der DJ und Mayday-Mitbegr\u00fcnder <a title=\"Westbam\" href=\"http:\/\/www.westbam.de\/\" target=\"_blank\">Westbam<\/a> von den Urspr\u00fcngen des Goa-Sounds, Rave und Trance. H\u00e4ttenSie gedacht, dass Westbam unfreiwilliger Initiator des Goa-Sounds ist? Wir sind \u00fcberrascht und am\u00fcsiert.<\/p>\n<h2>Nicht von dieser Welt&#8230;<\/h2>\n<p>&#8230; sind die Kost\u00fcme der neuen Show &#8220;The Wyld &#8211; Nicht von dieser Welt&#8221; des Berliner <a title=\"Friedrichstadtpalast\" href=\"https:\/\/www.palast-berlin.eu\/\" target=\"_blank\">Friedrichstadtpalasts<\/a>, die wir schon vorab als Vorgeschmack auf die Premiere am 7. Oktober ver\u00f6ffentlichen durften. Wir sind gespannt, ob auch diese Showproduktion wieder alle Rekorde bricht, denn egal, ob f\u00fcr jung oder alt, schreiben die Shows des Friedrichstadtpalastes Showgeschichte.<\/p>\n<h2>Schwertschluckerin Jewels<\/h2>\n<p>Ein\u00a0 weiterer Edelstein ist die Schwertschluckerin Jewels, der wir ein Portrait gewidmet haben. Es gibt nur vier weibliche Mitglieder bei der &#8220;Sword Swallowers Association International&#8221;. Und wir denken, Jewels ist die sch\u00f6nste unter den[memo_rubrik id=342] Schwertschluckern[\/memo_rubrik].<\/p>\n<h2>Das GlasBlasSing Quintett<\/h2>\n<p>Das immer wieder erlebenswerte\u00a0[memo_eintrag kundennummer=126958]GlasBlasSing Quintett[\/memo_eintrag] ist eine weitere Preziose, die wir Ihnen nicht vorenthalten wollen. Die f\u00fcnf Wahlberliner Freunde sind aus einer Bierlaune heraus auf die Flaschent\u00f6ne gekommen &#8211; wir freuen uns immer wieder dar\u00fcber.<\/p>\n<h2>Artistensch\u00fcler<\/h2>\n<p>Und die Sch\u00fcler der[memo_eintrag kundennummer=132893] Staatlichen Artistenschule Berlin[\/memo_eintrag], die wir seit drei Jahren begleiten, kommen nun schon in die Pubert\u00e4t. Emily hat ihre Ausbildung leider abgebrochen. Tim und Luzie machen aber weiter. Die Ausbildung an der staatlichen Artistenschule Berlin verlangt den Jugendlichen viel ab.\u00a0\u00a0[memo_rubrik id=353]Artisten[\/memo_rubrik] sind Leistungssportler &#8211; das darf man nicht vergessen!<\/p>\n<p>Wer das aktuelle Magazin showcases gerne probelesen m\u00f6chte, kann sich bei uns unter +49 (0)2296 &#8211; 900946 telefonisch melden oder an showcases@memo-media.de eine Bestellmail senden. showcases kostet im Jahresabo grade mal 26,00 Euro\u00a0 &#8211; ein fairer Preis f\u00fcr eine eigenst\u00e4ndige Fachredaktion und dem Verzicht auf \u00fcbernommenen PR-Geschichten.<\/p>\n","protected":false},"excerpt":{"rendered":"<p>Licht- und Klangk\u00fcnstler stehen im Fokus des memo-media Magazins showcases 4-2014 Wir geben uns gerne die M\u00fche, f\u00fcr Sie im&#8230;<\/p>\n","protected":false},"author":2,"featured_media":832,"comment_status":"closed","ping_status":"closed","sticky":false,"template":"","format":"standard","meta":[],"categories":[8],"tags":[142,141,140,121,139],"yoast_head":"<!-- This site is optimized with the Yoast SEO Premium plugin v20.5 (Yoast SEO v20.5) - https:\/\/yoast.com\/wordpress\/plugins\/seo\/ -->\n<title>Licht- und Klangk\u00fcnstler im Magazin showcases von memo-media<\/title>\n<meta name=\"description\" content=\"Licht- und Klangk\u00fcnstler stehen im Fokus des Magazins showcases 3-2014. Westbam erz\u00e4hlt \u00fcber die Urspr\u00fcnge des Goa-Sounds und wir stellen Eventk\u00fcnstler vor.\" \/>\n<meta name=\"robots\" content=\"index, follow, max-snippet:-1, max-image-preview:large, max-video-preview:-1\" \/>\n<link rel=\"canonical\" href=\"https:\/\/www.memo-media.de\/blog\/licht-und-klangkuenstler\/\" \/>\n<meta property=\"og:locale\" content=\"de_DE\" \/>\n<meta property=\"og:type\" content=\"article\" \/>\n<meta property=\"og:title\" content=\"Licht- und Klangk\u00fcnstler\" \/>\n<meta property=\"og:description\" content=\"Licht- und Klangk\u00fcnstler stehen im Fokus des Magazins showcases 3-2014. Westbam erz\u00e4hlt \u00fcber die Urspr\u00fcnge des Goa-Sounds und wir stellen Eventk\u00fcnstler vor.\" \/>\n<meta property=\"og:url\" content=\"https:\/\/www.memo-media.de\/blog\/licht-und-klangkuenstler\/\" \/>\n<meta property=\"og:site_name\" content=\"memo-media Blog f\u00fcr die Eventplanung\" \/>\n<meta property=\"article:author\" content=\"https:\/\/www.facebook.com\/memomedia\" \/>\n<meta property=\"article:published_time\" content=\"2014-10-02T14:13:03+00:00\" \/>\n<meta property=\"article:modified_time\" content=\"2014-10-02T16:12:04+00:00\" \/>\n<meta property=\"og:image\" content=\"https:\/\/www.memo-media.de\/blog\/wp-content\/uploads\/2014\/10\/lichtgestalten-blog.gif\" \/>\n\t<meta property=\"og:image:width\" content=\"1500\" \/>\n\t<meta property=\"og:image:height\" content=\"1133\" \/>\n\t<meta property=\"og:image:type\" content=\"image\/gif\" \/>\n<meta name=\"author\" content=\"Kerstin Meisner\" \/>\n<meta name=\"twitter:label1\" content=\"Verfasst von\" \/>\n\t<meta name=\"twitter:data1\" content=\"Kerstin Meisner\" \/>\n\t<meta name=\"twitter:label2\" content=\"Gesch\u00e4tzte Lesezeit\" \/>\n\t<meta name=\"twitter:data2\" content=\"2\u00a0Minuten\" \/>\n<script type=\"application\/ld+json\" class=\"yoast-schema-graph\">{\"@context\":\"https:\/\/schema.org\",\"@graph\":[{\"@type\":\"WebPage\",\"@id\":\"https:\/\/www.memo-media.de\/blog\/licht-und-klangkuenstler\/\",\"url\":\"https:\/\/www.memo-media.de\/blog\/licht-und-klangkuenstler\/\",\"name\":\"Licht- und Klangk\u00fcnstler im Magazin showcases von memo-media\",\"isPartOf\":{\"@id\":\"https:\/\/www.memo-media.de\/blog\/#website\"},\"datePublished\":\"2014-10-02T14:13:03+00:00\",\"dateModified\":\"2014-10-02T16:12:04+00:00\",\"author\":{\"@id\":\"https:\/\/www.memo-media.de\/blog\/#\/schema\/person\/4a9ebc406469558526f2f3e5dd7a7ab0\"},\"description\":\"Licht- und Klangk\u00fcnstler stehen im Fokus des Magazins showcases 3-2014. Westbam erz\u00e4hlt \u00fcber die Urspr\u00fcnge des Goa-Sounds und wir stellen Eventk\u00fcnstler vor.\",\"breadcrumb\":{\"@id\":\"https:\/\/www.memo-media.de\/blog\/licht-und-klangkuenstler\/#breadcrumb\"},\"inLanguage\":\"de\",\"potentialAction\":[{\"@type\":\"ReadAction\",\"target\":[\"https:\/\/www.memo-media.de\/blog\/licht-und-klangkuenstler\/\"]}]},{\"@type\":\"BreadcrumbList\",\"@id\":\"https:\/\/www.memo-media.de\/blog\/licht-und-klangkuenstler\/#breadcrumb\",\"itemListElement\":[{\"@type\":\"ListItem\",\"position\":1,\"name\":\"Home\",\"item\":\"https:\/\/www.memo-media.de\/blog\/\"},{\"@type\":\"ListItem\",\"position\":2,\"name\":\"Licht- und Klangk\u00fcnstler\"}]},{\"@type\":\"WebSite\",\"@id\":\"https:\/\/www.memo-media.de\/blog\/#website\",\"url\":\"https:\/\/www.memo-media.de\/blog\/\",\"name\":\"memo-media Blog f\u00fcr die Eventplanung\",\"description\":\"News und Facts aus der Eventbranche f\u00fcr die Eventbranche\",\"potentialAction\":[{\"@type\":\"SearchAction\",\"target\":{\"@type\":\"EntryPoint\",\"urlTemplate\":\"https:\/\/www.memo-media.de\/blog\/?s={search_term_string}\"},\"query-input\":\"required name=search_term_string\"}],\"inLanguage\":\"de\"},{\"@type\":\"Person\",\"@id\":\"https:\/\/www.memo-media.de\/blog\/#\/schema\/person\/4a9ebc406469558526f2f3e5dd7a7ab0\",\"name\":\"Kerstin Meisner\",\"image\":{\"@type\":\"ImageObject\",\"inLanguage\":\"de\",\"@id\":\"https:\/\/www.memo-media.de\/blog\/#\/schema\/person\/image\/\",\"url\":\"https:\/\/www.memo-media.de\/blog\/wp-content\/uploads\/2022\/10\/kerstin-meisner_2022_03-mittel-150x150.jpg\",\"contentUrl\":\"https:\/\/www.memo-media.de\/blog\/wp-content\/uploads\/2022\/10\/kerstin-meisner_2022_03-mittel-150x150.jpg\",\"caption\":\"Kerstin Meisner\"},\"description\":\"Kerstin Meisner hat memo-media im Dezember 2000 gegr\u00fcndet. Die Website www.memo-media.de ist im Juni 2001 online gegangen und das erste Handbuch memo-media erschien im Herbst 2001. Seit 2007 wird das Magazin showcases von ihr als Herausgeberin herausgebracht, 2016 folgten die Eventmoods. Kerstin Meisner ist auch Chefredakteurin des memo-media Blogs f\u00fcr die Eventplanung und des monatlichen Eventbranchenbriefs, dem memoLetter.\",\"sameAs\":[\"https:\/\/www.memo-media.de\",\"https:\/\/www.facebook.com\/memomedia\"],\"url\":\"https:\/\/www.memo-media.de\/blog\/author\/kerstin-meisner\/\"}]}<\/script>\n<!-- \/ Yoast SEO Premium plugin. -->","yoast_head_json":{"title":"Licht- und Klangk\u00fcnstler im Magazin showcases von memo-media","description":"Licht- und Klangk\u00fcnstler stehen im Fokus des Magazins showcases 3-2014. Westbam erz\u00e4hlt \u00fcber die Urspr\u00fcnge des Goa-Sounds und wir stellen Eventk\u00fcnstler vor.","robots":{"index":"index","follow":"follow","max-snippet":"max-snippet:-1","max-image-preview":"max-image-preview:large","max-video-preview":"max-video-preview:-1"},"canonical":"https:\/\/www.memo-media.de\/blog\/licht-und-klangkuenstler\/","og_locale":"de_DE","og_type":"article","og_title":"Licht- und Klangk\u00fcnstler","og_description":"Licht- und Klangk\u00fcnstler stehen im Fokus des Magazins showcases 3-2014. Westbam erz\u00e4hlt \u00fcber die Urspr\u00fcnge des Goa-Sounds und wir stellen Eventk\u00fcnstler vor.","og_url":"https:\/\/www.memo-media.de\/blog\/licht-und-klangkuenstler\/","og_site_name":"memo-media Blog f\u00fcr die Eventplanung","article_author":"https:\/\/www.facebook.com\/memomedia","article_published_time":"2014-10-02T14:13:03+00:00","article_modified_time":"2014-10-02T16:12:04+00:00","og_image":[{"width":1500,"height":1133,"url":"https:\/\/www.memo-media.de\/blog\/wp-content\/uploads\/2014\/10\/lichtgestalten-blog.gif","type":"image\/gif"}],"author":"Kerstin Meisner","twitter_misc":{"Verfasst von":"Kerstin Meisner","Gesch\u00e4tzte Lesezeit":"2\u00a0Minuten"},"schema":{"@context":"https:\/\/schema.org","@graph":[{"@type":"WebPage","@id":"https:\/\/www.memo-media.de\/blog\/licht-und-klangkuenstler\/","url":"https:\/\/www.memo-media.de\/blog\/licht-und-klangkuenstler\/","name":"Licht- und Klangk\u00fcnstler im Magazin showcases von memo-media","isPartOf":{"@id":"https:\/\/www.memo-media.de\/blog\/#website"},"datePublished":"2014-10-02T14:13:03+00:00","dateModified":"2014-10-02T16:12:04+00:00","author":{"@id":"https:\/\/www.memo-media.de\/blog\/#\/schema\/person\/4a9ebc406469558526f2f3e5dd7a7ab0"},"description":"Licht- und Klangk\u00fcnstler stehen im Fokus des Magazins showcases 3-2014. Westbam erz\u00e4hlt \u00fcber die Urspr\u00fcnge des Goa-Sounds und wir stellen Eventk\u00fcnstler vor.","breadcrumb":{"@id":"https:\/\/www.memo-media.de\/blog\/licht-und-klangkuenstler\/#breadcrumb"},"inLanguage":"de","potentialAction":[{"@type":"ReadAction","target":["https:\/\/www.memo-media.de\/blog\/licht-und-klangkuenstler\/"]}]},{"@type":"BreadcrumbList","@id":"https:\/\/www.memo-media.de\/blog\/licht-und-klangkuenstler\/#breadcrumb","itemListElement":[{"@type":"ListItem","position":1,"name":"Home","item":"https:\/\/www.memo-media.de\/blog\/"},{"@type":"ListItem","position":2,"name":"Licht- und Klangk\u00fcnstler"}]},{"@type":"WebSite","@id":"https:\/\/www.memo-media.de\/blog\/#website","url":"https:\/\/www.memo-media.de\/blog\/","name":"memo-media Blog f\u00fcr die Eventplanung","description":"News und Facts aus der Eventbranche f\u00fcr die Eventbranche","potentialAction":[{"@type":"SearchAction","target":{"@type":"EntryPoint","urlTemplate":"https:\/\/www.memo-media.de\/blog\/?s={search_term_string}"},"query-input":"required name=search_term_string"}],"inLanguage":"de"},{"@type":"Person","@id":"https:\/\/www.memo-media.de\/blog\/#\/schema\/person\/4a9ebc406469558526f2f3e5dd7a7ab0","name":"Kerstin Meisner","image":{"@type":"ImageObject","inLanguage":"de","@id":"https:\/\/www.memo-media.de\/blog\/#\/schema\/person\/image\/","url":"https:\/\/www.memo-media.de\/blog\/wp-content\/uploads\/2022\/10\/kerstin-meisner_2022_03-mittel-150x150.jpg","contentUrl":"https:\/\/www.memo-media.de\/blog\/wp-content\/uploads\/2022\/10\/kerstin-meisner_2022_03-mittel-150x150.jpg","caption":"Kerstin Meisner"},"description":"Kerstin Meisner hat memo-media im Dezember 2000 gegr\u00fcndet. Die Website www.memo-media.de ist im Juni 2001 online gegangen und das erste Handbuch memo-media erschien im Herbst 2001. Seit 2007 wird das Magazin showcases von ihr als Herausgeberin herausgebracht, 2016 folgten die Eventmoods. Kerstin Meisner ist auch Chefredakteurin des memo-media Blogs f\u00fcr die Eventplanung und des monatlichen Eventbranchenbriefs, dem memoLetter.","sameAs":["https:\/\/www.memo-media.de","https:\/\/www.facebook.com\/memomedia"],"url":"https:\/\/www.memo-media.de\/blog\/author\/kerstin-meisner\/"}]}},"_links":{"self":[{"href":"https:\/\/www.memo-media.de\/blog\/wp-json\/wp\/v2\/posts\/825"}],"collection":[{"href":"https:\/\/www.memo-media.de\/blog\/wp-json\/wp\/v2\/posts"}],"about":[{"href":"https:\/\/www.memo-media.de\/blog\/wp-json\/wp\/v2\/types\/post"}],"author":[{"embeddable":true,"href":"https:\/\/www.memo-media.de\/blog\/wp-json\/wp\/v2\/users\/2"}],"replies":[{"embeddable":true,"href":"https:\/\/www.memo-media.de\/blog\/wp-json\/wp\/v2\/comments?post=825"}],"version-history":[{"count":11,"href":"https:\/\/www.memo-media.de\/blog\/wp-json\/wp\/v2\/posts\/825\/revisions"}],"predecessor-version":[{"id":837,"href":"https:\/\/www.memo-media.de\/blog\/wp-json\/wp\/v2\/posts\/825\/revisions\/837"}],"wp:featuredmedia":[{"embeddable":true,"href":"https:\/\/www.memo-media.de\/blog\/wp-json\/wp\/v2\/media\/832"}],"wp:attachment":[{"href":"https:\/\/www.memo-media.de\/blog\/wp-json\/wp\/v2\/media?parent=825"}],"wp:term":[{"taxonomy":"category","embeddable":true,"href":"https:\/\/www.memo-media.de\/blog\/wp-json\/wp\/v2\/categories?post=825"},{"taxonomy":"post_tag","embeddable":true,"href":"https:\/\/www.memo-media.de\/blog\/wp-json\/wp\/v2\/tags?post=825"}],"curies":[{"name":"wp","href":"https:\/\/api.w.org\/{rel}","templated":true}]}}