{"id":8036,"date":"2018-08-07T15:46:38","date_gmt":"2018-08-07T13:46:38","guid":{"rendered":"https:\/\/www.memo-media.de\/blog\/?p=8036"},"modified":"2020-04-09T07:50:12","modified_gmt":"2020-04-09T05:50:12","slug":"kinderbetreuung-fuer-unternehmen-von-proki","status":"publish","type":"post","link":"https:\/\/www.memo-media.de\/blog\/kinderbetreuung-fuer-unternehmen-von-proki\/","title":{"rendered":"Kinderbetreuung f\u00fcr Unternehmen von Proki Kinderevents"},"content":{"rendered":"<p>Viele Eltern kennen das: Man hetzt sich ab, um seine lieben Kleinen nach einem anstrengenden Arbeitstag nicht zu lange in Kita oder Hort warten zu lassen. Doch anstatt gl\u00e4nzender Augen, wenn sie einen sehen, gibt es Tr\u00e4nen und dicke Luft. Mama ist zu fr\u00fch, das Kind will noch spielen und l\u00e4ngst noch nicht nach Hause. Hand aufs Herz: Was gibt es eigentlich besseres? Das Kind f\u00fchlt sich so wohl, dass es noch bleiben m\u00f6chte \u2013 das h\u00f6chste Lob f\u00fcr jede Betreuung. Davon kann auch Jenny Gewehr ein Lied singen. Vor knapp 20 Jahren gr\u00fcndete sie gemeinsam mit Matthias H\u00f6fele das Unternehmen<a href=\"https:\/\/www.proki-events.de\/\" target=\"_blank\" rel=\"noopener noreferrer\"> Proki Kinderevents <\/a>und bietet neben kurzfristiger und flexibler Kinderbetreuung f\u00fcr Unternehmen bspw. bei Seminaren oder Tagungen auch <a href=\"https:\/\/www.proki-events.de\/\" target=\"_blank\" rel=\"noopener noreferrer\">Kinderevents <\/a>und Erlebnisprogramme an. \u201eDass die Kids nicht nach Hause m\u00f6chten, ist bei uns wirklich schon normal\u201c, lacht die sympathische Gr\u00fcnderin, als ich sie f\u00fcr einen Blogartikel rund um Kinderbetreuung f\u00fcr Unternehmen in Bonn getroffen habe.<\/p>\n<h3>Kinderbetreuung f\u00fcr Unternehmen in der Ferienzeit: Flexibel, professionell und mit jeder Menge Spa\u00df<\/h3>\n<div id=\"attachment_8042\" style=\"width: 310px\" class=\"wp-caption alignleft\"><a href=\"https:\/\/www.memo-media.de\/blog\/wp-content\/uploads\/2018\/07\/kinderbetreuung-fuer-unternehmen-proki1.jpg\"><img aria-describedby=\"caption-attachment-8042\" decoding=\"async\" loading=\"lazy\" class=\"wp-image-8042 size-medium\" src=\"https:\/\/www.memo-media.de\/blog\/wp-content\/uploads\/2018\/07\/kinderbetreuung-fuer-unternehmen-proki1-300x248.jpg\" alt=\"Geschenk f\u00fcr eine Betreuerin - das sagt alles!\" width=\"300\" height=\"248\" srcset=\"https:\/\/www.memo-media.de\/blog\/wp-content\/uploads\/2018\/07\/kinderbetreuung-fuer-unternehmen-proki1-300x248.jpg 300w, https:\/\/www.memo-media.de\/blog\/wp-content\/uploads\/2018\/07\/kinderbetreuung-fuer-unternehmen-proki1-768x635.jpg 768w, https:\/\/www.memo-media.de\/blog\/wp-content\/uploads\/2018\/07\/kinderbetreuung-fuer-unternehmen-proki1-335x277.jpg 335w, https:\/\/www.memo-media.de\/blog\/wp-content\/uploads\/2018\/07\/kinderbetreuung-fuer-unternehmen-proki1.jpg 1000w\" sizes=\"(max-width: 300px) 100vw, 300px\" \/><\/a><p id=\"caption-attachment-8042\" class=\"wp-caption-text\">Geschenk f\u00fcr eine Betreuerin &#8211; das sagt alles!<\/p><\/div>\n<p>\u201eGerade jetzt in der Ferienzeit m\u00f6chten viele Unternehmen eine <a href=\"https:\/\/www.proki-events.de\/betriebliche-kinderbetreuung.html\" target=\"_blank\" rel=\"noopener noreferrer\">Betreuung <\/a>f\u00fcr die Kinder ihrer Mitarbeiter organisieren\u201c, sagt die diplomierte Kinder-Eventmanagerin. \u201eDenn so zeigen sie, dass sie ein familienfreundliches Unternehmen sind \u2013 und steigern die Zufriedenheit und Bindung der Belegschaft.\u201c Mit einem festen Netzwerk aus \u00fcber 300 Betreuern an sieben Standorten in Deutschland und der Schweiz (Berlin, Bonn, Frankfurt am Main, M\u00fcnchen, W\u00fcrzburg, Freiburg, Hunzenschwil) ist die geballte Nachfrage in den Ferien f\u00fcr Proki aber kein Problem. \u201eWir sind extrem flexibel\u201c, sagt Jenny Gewehr. Das hei\u00dft, ob ein Unternehmen nur einen Tag <a href=\"https:\/\/www.proki-events.de\/kindermitbringtage.html\" target=\"_blank\" rel=\"noopener noreferrer\">Betreuung <\/a>braucht oder sechs Wochen, f\u00fcr nur wenige Kinder oder mehrere gro\u00dfe Gruppen, kurzzeitig oder ganztags, f\u00fcr Kinder von null oder zw\u00f6lf Jahren: Proki k\u00fcmmert sich um die richtigen Betreuer und das passende Programm. Die R\u00e4umlichkeiten stellt in der Regel das Unternehmen, alles andere \u00fcbernimmt das Proki-Team. \u201eBevor wir mit unserem mobilen Kindergarten anr\u00fccken, machen wir einen Location-Check\u201c, erkl\u00e4rt die Proki-Chefin. Denn: Sicherheit ist das oberste Gebot, und in Firmengeb\u00e4uden, in denen sich selten Kinder aufhalten, lauern oft Gefahren, die sonst niemand bemerkt. Das eigene Sicherheitskonzept kennen alle Proki-Betreuer, das Team ist speziell geschult und kennt sich auch im Umgang mit Allergikern oder anderen Besonderheiten aus.<\/p>\n<h3>Mobiler Kindergarten mit Material<\/h3>\n<div id=\"attachment_8044\" style=\"width: 310px\" class=\"wp-caption alignright\"><a href=\"https:\/\/www.memo-media.de\/blog\/wp-content\/uploads\/2018\/07\/kinderbetreuung-fuer-unternehmen-proki3.jpg\"><img aria-describedby=\"caption-attachment-8044\" decoding=\"async\" loading=\"lazy\" class=\"wp-image-8044 size-medium\" src=\"https:\/\/www.memo-media.de\/blog\/wp-content\/uploads\/2018\/07\/kinderbetreuung-fuer-unternehmen-proki3-300x206.jpg\" alt=\"Jenny Gewehr nimmt mit Proki die Kinderbetreuung f\u00fcr Unternehmen in die Hand.\" width=\"300\" height=\"206\" srcset=\"https:\/\/www.memo-media.de\/blog\/wp-content\/uploads\/2018\/07\/kinderbetreuung-fuer-unternehmen-proki3-300x206.jpg 300w, https:\/\/www.memo-media.de\/blog\/wp-content\/uploads\/2018\/07\/kinderbetreuung-fuer-unternehmen-proki3-768x528.jpg 768w, https:\/\/www.memo-media.de\/blog\/wp-content\/uploads\/2018\/07\/kinderbetreuung-fuer-unternehmen-proki3-335x230.jpg 335w, https:\/\/www.memo-media.de\/blog\/wp-content\/uploads\/2018\/07\/kinderbetreuung-fuer-unternehmen-proki3.jpg 1000w\" sizes=\"(max-width: 300px) 100vw, 300px\" \/><\/a><p id=\"caption-attachment-8044\" class=\"wp-caption-text\">Jenny Gewehr nimmt mit Proki die Kinderbetreuung f\u00fcr Unternehmen in die Hand.<\/p><\/div>\n<p>Und dann wird es bunt! Hochwertige Spielsachen, f\u00fcr die das <a href=\"https:\/\/www.proki-events.de\/agentur.html\" target=\"_blank\" rel=\"noopener noreferrer\">Proki-Team<\/a> regelm\u00e4\u00dfig auf die Spielwarenmesse f\u00e4hrt, Bastelmaterial, Kuschelecken, B\u00fccher, Experimente oder selbst kreierte und gebaute Module: Aus einem leeren Raum wird ein kindersicheres Paradies. Auch Bewegung, frische Luft und immer viel Kreativit\u00e4t stehen auf dem Programm \u2013 wenn es passt, auch mit Bezug zum Unternehmen. \u201eBei einem Automobilhersteller haben wir mit den Kindern Elektromotoren gebaut\u201c, erz\u00e4hlt die Kids-Expertin. \u201eDas war echt ein Highlight, auch f\u00fcr die Eltern beim Abholen \u2013 die Papas h\u00e4tten am liebsten mitgemacht!\u201c Auch Kindertage gibt es im Programm f\u00fcr die Kinderbetreuung f\u00fcr Unternehmen bei Proki. So k\u00f6nnen Firmen zum Beispiel schulfreie Tage \u00fcberbr\u00fccken, die kein Feiertag sind \u2013 wie der Bu\u00df- und Bettag in Bayern. Bei gro\u00dfen Unternehmen kommen da schnell 300 Kinder zusammen, die Programm und Betreuung brauchen. Mit etwa einem individuellen Kinder-Erlebnistag f\u00fcr eine <a href=\"https:\/\/www.proki-events.de\/betriebliche-ferienbetreuung--programme.html\" target=\"_blank\" rel=\"noopener noreferrer\">Kinderbetreuung <\/a>im Unternehmen oder einem spannenden Ausflug bspw. ins Fu\u00dfballstadion macht Proki dann nicht nur die Kinder, sondern auch die Eltern gl\u00fccklich. Oder im Rahmen von Tagungen, wo eine Kinderbetreuung f\u00fcr Unternehmen n\u00f6tig wird, in Krankheitsf\u00e4llen oder bei anderen Gelegenheiten, wo Firmen signalisieren m\u00f6chten: Ihr seid nicht allein, wir sind f\u00fcr Familien da. Dann k\u00f6nnen sich Mama und Papa nach der Arbeit ruhig ein bisschen mehr Zeit mit dem Abholen lassen.<\/p>\n","protected":false},"excerpt":{"rendered":"<p>Viele Eltern kennen das: Man hetzt sich ab, um seine lieben Kleinen nach einem anstrengenden Arbeitstag nicht zu lange in&#8230;<\/p>\n","protected":false},"author":29,"featured_media":8041,"comment_status":"closed","ping_status":"open","sticky":false,"template":"","format":"standard","meta":[],"categories":[10],"tags":[604,165,601,1555,919,1469,2090],"yoast_head":"<!-- This site is optimized with the Yoast SEO Premium plugin v20.5 (Yoast SEO v20.5) - https:\/\/yoast.com\/wordpress\/plugins\/seo\/ -->\n<title>Kinderbetreuung f\u00fcr Unternehmen von Proki Kinderevents<\/title>\n<meta name=\"description\" content=\"Kinder, die nicht nach Hause m\u00f6chten, wenn sie abgeholt werden sind bei der Kinderbetreuung f\u00fcr Unternehmen von Proki der Normalfall. Mehr dazu im Blog.\" \/>\n<meta name=\"robots\" content=\"index, follow, max-snippet:-1, max-image-preview:large, max-video-preview:-1\" \/>\n<link rel=\"canonical\" href=\"https:\/\/www.memo-media.de\/blog\/kinderbetreuung-fuer-unternehmen-von-proki\/\" \/>\n<meta property=\"og:locale\" content=\"de_DE\" \/>\n<meta property=\"og:type\" content=\"article\" \/>\n<meta property=\"og:title\" content=\"Kinderbetreuung f\u00fcr Unternehmen von Proki Kinderevents\" \/>\n<meta property=\"og:description\" content=\"Kinder, die nicht nach Hause m\u00f6chten, wenn sie abgeholt werden sind bei der Kinderbetreuung f\u00fcr Unternehmen von Proki der Normalfall. Mehr dazu im Blog.\" \/>\n<meta property=\"og:url\" content=\"https:\/\/www.memo-media.de\/blog\/kinderbetreuung-fuer-unternehmen-von-proki\/\" \/>\n<meta property=\"og:site_name\" content=\"memo-media Blog f\u00fcr die Eventplanung\" \/>\n<meta property=\"article:published_time\" content=\"2018-08-07T13:46:38+00:00\" \/>\n<meta property=\"article:modified_time\" content=\"2020-04-09T05:50:12+00:00\" \/>\n<meta property=\"og:image\" content=\"https:\/\/www.memo-media.de\/blog\/wp-content\/uploads\/2018\/07\/kinderbetreuung-fuer-unternehmen-proki-beitrag.jpg\" \/>\n\t<meta property=\"og:image:width\" content=\"1050\" \/>\n\t<meta property=\"og:image:height\" content=\"804\" \/>\n\t<meta property=\"og:image:type\" content=\"image\/jpeg\" \/>\n<meta name=\"author\" content=\"Julia Gundelach\" \/>\n<meta name=\"twitter:label1\" content=\"Verfasst von\" \/>\n\t<meta name=\"twitter:data1\" content=\"Julia Gundelach\" \/>\n\t<meta name=\"twitter:label2\" content=\"Gesch\u00e4tzte Lesezeit\" \/>\n\t<meta name=\"twitter:data2\" content=\"3\u00a0Minuten\" \/>\n<script type=\"application\/ld+json\" class=\"yoast-schema-graph\">{\"@context\":\"https:\/\/schema.org\",\"@graph\":[{\"@type\":\"WebPage\",\"@id\":\"https:\/\/www.memo-media.de\/blog\/kinderbetreuung-fuer-unternehmen-von-proki\/\",\"url\":\"https:\/\/www.memo-media.de\/blog\/kinderbetreuung-fuer-unternehmen-von-proki\/\",\"name\":\"Kinderbetreuung f\u00fcr Unternehmen von Proki Kinderevents\",\"isPartOf\":{\"@id\":\"https:\/\/www.memo-media.de\/blog\/#website\"},\"datePublished\":\"2018-08-07T13:46:38+00:00\",\"dateModified\":\"2020-04-09T05:50:12+00:00\",\"author\":{\"@id\":\"https:\/\/www.memo-media.de\/blog\/#\/schema\/person\/b01cd365604b7a1226e889d3e8e6f56d\"},\"description\":\"Kinder, die nicht nach Hause m\u00f6chten, wenn sie abgeholt werden sind bei der Kinderbetreuung f\u00fcr Unternehmen von Proki der Normalfall. Mehr dazu im Blog.\",\"breadcrumb\":{\"@id\":\"https:\/\/www.memo-media.de\/blog\/kinderbetreuung-fuer-unternehmen-von-proki\/#breadcrumb\"},\"inLanguage\":\"de\",\"potentialAction\":[{\"@type\":\"ReadAction\",\"target\":[\"https:\/\/www.memo-media.de\/blog\/kinderbetreuung-fuer-unternehmen-von-proki\/\"]}]},{\"@type\":\"BreadcrumbList\",\"@id\":\"https:\/\/www.memo-media.de\/blog\/kinderbetreuung-fuer-unternehmen-von-proki\/#breadcrumb\",\"itemListElement\":[{\"@type\":\"ListItem\",\"position\":1,\"name\":\"Home\",\"item\":\"https:\/\/www.memo-media.de\/blog\/\"},{\"@type\":\"ListItem\",\"position\":2,\"name\":\"Kinderbetreuung f\u00fcr Unternehmen von Proki Kinderevents\"}]},{\"@type\":\"WebSite\",\"@id\":\"https:\/\/www.memo-media.de\/blog\/#website\",\"url\":\"https:\/\/www.memo-media.de\/blog\/\",\"name\":\"memo-media Blog f\u00fcr die Eventplanung\",\"description\":\"News und Facts aus der Eventbranche f\u00fcr die Eventbranche\",\"potentialAction\":[{\"@type\":\"SearchAction\",\"target\":{\"@type\":\"EntryPoint\",\"urlTemplate\":\"https:\/\/www.memo-media.de\/blog\/?s={search_term_string}\"},\"query-input\":\"required name=search_term_string\"}],\"inLanguage\":\"de\"},{\"@type\":\"Person\",\"@id\":\"https:\/\/www.memo-media.de\/blog\/#\/schema\/person\/b01cd365604b7a1226e889d3e8e6f56d\",\"name\":\"Julia Gundelach\",\"image\":{\"@type\":\"ImageObject\",\"inLanguage\":\"de\",\"@id\":\"https:\/\/www.memo-media.de\/blog\/#\/schema\/person\/image\/\",\"url\":\"https:\/\/www.memo-media.de\/blog\/wp-content\/uploads\/2021\/05\/julia-gundelach-150x150.jpg\",\"contentUrl\":\"https:\/\/www.memo-media.de\/blog\/wp-content\/uploads\/2021\/05\/julia-gundelach-150x150.jpg\",\"caption\":\"Julia Gundelach\"},\"description\":\"Julia Gundelach ist seit 2016 Teil des memo-media-Teams und bloggt am liebsten \u00fcber actionreiche Eventformate, die sie auch selbst mal testen darf. Als freie Redakteurin ist sie spezialisiert auf die Bereiche Marketing, PR und Werbung, aber auch auf neue Themen in der Veranstaltungswirtschaft. Zum Gl\u00fcck, denn eine buntere, vielf\u00e4ltigere und \u00fcberraschendere Welt, als das Event-Business kann sie sich nicht vorstellen!\",\"url\":\"https:\/\/www.memo-media.de\/blog\/author\/anna-steinberg\/\"}]}<\/script>\n<!-- \/ Yoast SEO Premium plugin. -->","yoast_head_json":{"title":"Kinderbetreuung f\u00fcr Unternehmen von Proki Kinderevents","description":"Kinder, die nicht nach Hause m\u00f6chten, wenn sie abgeholt werden sind bei der Kinderbetreuung f\u00fcr Unternehmen von Proki der Normalfall. Mehr dazu im Blog.","robots":{"index":"index","follow":"follow","max-snippet":"max-snippet:-1","max-image-preview":"max-image-preview:large","max-video-preview":"max-video-preview:-1"},"canonical":"https:\/\/www.memo-media.de\/blog\/kinderbetreuung-fuer-unternehmen-von-proki\/","og_locale":"de_DE","og_type":"article","og_title":"Kinderbetreuung f\u00fcr Unternehmen von Proki Kinderevents","og_description":"Kinder, die nicht nach Hause m\u00f6chten, wenn sie abgeholt werden sind bei der Kinderbetreuung f\u00fcr Unternehmen von Proki der Normalfall. Mehr dazu im Blog.","og_url":"https:\/\/www.memo-media.de\/blog\/kinderbetreuung-fuer-unternehmen-von-proki\/","og_site_name":"memo-media Blog f\u00fcr die Eventplanung","article_published_time":"2018-08-07T13:46:38+00:00","article_modified_time":"2020-04-09T05:50:12+00:00","og_image":[{"width":1050,"height":804,"url":"https:\/\/www.memo-media.de\/blog\/wp-content\/uploads\/2018\/07\/kinderbetreuung-fuer-unternehmen-proki-beitrag.jpg","type":"image\/jpeg"}],"author":"Julia Gundelach","twitter_misc":{"Verfasst von":"Julia Gundelach","Gesch\u00e4tzte Lesezeit":"3\u00a0Minuten"},"schema":{"@context":"https:\/\/schema.org","@graph":[{"@type":"WebPage","@id":"https:\/\/www.memo-media.de\/blog\/kinderbetreuung-fuer-unternehmen-von-proki\/","url":"https:\/\/www.memo-media.de\/blog\/kinderbetreuung-fuer-unternehmen-von-proki\/","name":"Kinderbetreuung f\u00fcr Unternehmen von Proki Kinderevents","isPartOf":{"@id":"https:\/\/www.memo-media.de\/blog\/#website"},"datePublished":"2018-08-07T13:46:38+00:00","dateModified":"2020-04-09T05:50:12+00:00","author":{"@id":"https:\/\/www.memo-media.de\/blog\/#\/schema\/person\/b01cd365604b7a1226e889d3e8e6f56d"},"description":"Kinder, die nicht nach Hause m\u00f6chten, wenn sie abgeholt werden sind bei der Kinderbetreuung f\u00fcr Unternehmen von Proki der Normalfall. Mehr dazu im Blog.","breadcrumb":{"@id":"https:\/\/www.memo-media.de\/blog\/kinderbetreuung-fuer-unternehmen-von-proki\/#breadcrumb"},"inLanguage":"de","potentialAction":[{"@type":"ReadAction","target":["https:\/\/www.memo-media.de\/blog\/kinderbetreuung-fuer-unternehmen-von-proki\/"]}]},{"@type":"BreadcrumbList","@id":"https:\/\/www.memo-media.de\/blog\/kinderbetreuung-fuer-unternehmen-von-proki\/#breadcrumb","itemListElement":[{"@type":"ListItem","position":1,"name":"Home","item":"https:\/\/www.memo-media.de\/blog\/"},{"@type":"ListItem","position":2,"name":"Kinderbetreuung f\u00fcr Unternehmen von Proki Kinderevents"}]},{"@type":"WebSite","@id":"https:\/\/www.memo-media.de\/blog\/#website","url":"https:\/\/www.memo-media.de\/blog\/","name":"memo-media Blog f\u00fcr die Eventplanung","description":"News und Facts aus der Eventbranche f\u00fcr die Eventbranche","potentialAction":[{"@type":"SearchAction","target":{"@type":"EntryPoint","urlTemplate":"https:\/\/www.memo-media.de\/blog\/?s={search_term_string}"},"query-input":"required name=search_term_string"}],"inLanguage":"de"},{"@type":"Person","@id":"https:\/\/www.memo-media.de\/blog\/#\/schema\/person\/b01cd365604b7a1226e889d3e8e6f56d","name":"Julia Gundelach","image":{"@type":"ImageObject","inLanguage":"de","@id":"https:\/\/www.memo-media.de\/blog\/#\/schema\/person\/image\/","url":"https:\/\/www.memo-media.de\/blog\/wp-content\/uploads\/2021\/05\/julia-gundelach-150x150.jpg","contentUrl":"https:\/\/www.memo-media.de\/blog\/wp-content\/uploads\/2021\/05\/julia-gundelach-150x150.jpg","caption":"Julia Gundelach"},"description":"Julia Gundelach ist seit 2016 Teil des memo-media-Teams und bloggt am liebsten \u00fcber actionreiche Eventformate, die sie auch selbst mal testen darf. Als freie Redakteurin ist sie spezialisiert auf die Bereiche Marketing, PR und Werbung, aber auch auf neue Themen in der Veranstaltungswirtschaft. Zum Gl\u00fcck, denn eine buntere, vielf\u00e4ltigere und \u00fcberraschendere Welt, als das Event-Business kann sie sich nicht vorstellen!","url":"https:\/\/www.memo-media.de\/blog\/author\/anna-steinberg\/"}]}},"_links":{"self":[{"href":"https:\/\/www.memo-media.de\/blog\/wp-json\/wp\/v2\/posts\/8036"}],"collection":[{"href":"https:\/\/www.memo-media.de\/blog\/wp-json\/wp\/v2\/posts"}],"about":[{"href":"https:\/\/www.memo-media.de\/blog\/wp-json\/wp\/v2\/types\/post"}],"author":[{"embeddable":true,"href":"https:\/\/www.memo-media.de\/blog\/wp-json\/wp\/v2\/users\/29"}],"replies":[{"embeddable":true,"href":"https:\/\/www.memo-media.de\/blog\/wp-json\/wp\/v2\/comments?post=8036"}],"version-history":[{"count":4,"href":"https:\/\/www.memo-media.de\/blog\/wp-json\/wp\/v2\/posts\/8036\/revisions"}],"predecessor-version":[{"id":11140,"href":"https:\/\/www.memo-media.de\/blog\/wp-json\/wp\/v2\/posts\/8036\/revisions\/11140"}],"wp:featuredmedia":[{"embeddable":true,"href":"https:\/\/www.memo-media.de\/blog\/wp-json\/wp\/v2\/media\/8041"}],"wp:attachment":[{"href":"https:\/\/www.memo-media.de\/blog\/wp-json\/wp\/v2\/media?parent=8036"}],"wp:term":[{"taxonomy":"category","embeddable":true,"href":"https:\/\/www.memo-media.de\/blog\/wp-json\/wp\/v2\/categories?post=8036"},{"taxonomy":"post_tag","embeddable":true,"href":"https:\/\/www.memo-media.de\/blog\/wp-json\/wp\/v2\/tags?post=8036"}],"curies":[{"name":"wp","href":"https:\/\/api.w.org\/{rel}","templated":true}]}}