{"id":7856,"date":"2018-07-03T08:59:06","date_gmt":"2018-07-03T06:59:06","guid":{"rendered":"https:\/\/www.memo-media.de\/blog\/?p=7856"},"modified":"2021-05-25T12:13:45","modified_gmt":"2021-05-25T10:13:45","slug":"location-mit-turbo-der-nuerburgring-als-messestandort","status":"publish","type":"post","link":"https:\/\/www.memo-media.de\/blog\/location-mit-turbo-der-nuerburgring-als-messestandort\/","title":{"rendered":"Location mit Turbo: Der N\u00fcrburgring als Messestandort"},"content":{"rendered":"<p>Der <a href=\"https:\/\/nuerburgring.de\/\" target=\"_blank\" rel=\"noopener noreferrer\">N\u00fcrburgring <\/a>ist hierzulande wohl fast jedem ein Begriff \u2013 und untrennbar verkn\u00fcpft mit Attributen wie Geschwindigkeit, PS und Motorsport. Was aber viele nicht wissen: Der legend\u00e4re und sagenumwobene Veranstaltungsort ist viel mehr als eine ber\u00fchmte Rennstrecke! Und gerade die Kombination aus Motorsport und Eventfl\u00e4che ist es, die den N\u00fcrburgring als Messestandort auch f\u00fcr Veranstalter so spannend macht und Events im wahrsten Sinne des Wortes auf die \u00dcberholspur bringt. Zwei gro\u00dfe Messeveranstalter nutzten das allein im Juni f\u00fcr sich und locken zahlreiche Besucher an die Rennstrecke und in die umliegende Region. Grund genug, uns mit den Betreibern dieser spannenden und einzigartigen Location einmal zu unterhalten.<\/p>\n<div id=\"attachment_7857\" style=\"width: 310px\" class=\"wp-caption alignleft\"><a href=\"https:\/\/www.memo-media.de\/blog\/wp-content\/uploads\/2018\/06\/nuerburgring-als-messestandort-1.jpg\"><img aria-describedby=\"caption-attachment-7857\" decoding=\"async\" loading=\"lazy\" class=\"wp-image-7857 size-medium\" src=\"https:\/\/www.memo-media.de\/blog\/wp-content\/uploads\/2018\/06\/nuerburgring-als-messestandort-1-300x230.jpg\" alt=\"Gleich zwei Mal wurde der N\u00fcrburgring als Messestandort allein im Juni genutzt. \" width=\"300\" height=\"230\" srcset=\"https:\/\/www.memo-media.de\/blog\/wp-content\/uploads\/2018\/06\/nuerburgring-als-messestandort-1-300x230.jpg 300w, https:\/\/www.memo-media.de\/blog\/wp-content\/uploads\/2018\/06\/nuerburgring-als-messestandort-1-768x588.jpg 768w, https:\/\/www.memo-media.de\/blog\/wp-content\/uploads\/2018\/06\/nuerburgring-als-messestandort-1-335x257.jpg 335w, https:\/\/www.memo-media.de\/blog\/wp-content\/uploads\/2018\/06\/nuerburgring-als-messestandort-1-203x157.jpg 203w, https:\/\/www.memo-media.de\/blog\/wp-content\/uploads\/2018\/06\/nuerburgring-als-messestandort-1-72x54.jpg 72w, https:\/\/www.memo-media.de\/blog\/wp-content\/uploads\/2018\/06\/nuerburgring-als-messestandort-1.jpg 1000w\" sizes=\"(max-width: 300px) 100vw, 300px\" \/><\/a><p id=\"caption-attachment-7857\" class=\"wp-caption-text\">Gleich zwei Mal wurde der N\u00fcrburgring als Messestandort allein im Juni genutzt.<\/p><\/div>\n<h3>Multifunktionale Business- und Eventlocation<\/h3>\n<p><strong>\u00a0<\/strong>\u201eDer N\u00fcrburgring ist ein wachsender Tagungs- und <a href=\"https:\/\/nuerburgring.de\/business#vip-business\" target=\"_blank\" rel=\"noopener noreferrer\">Messe-Standort<\/a>. Er hat sich in den letzten Jahren zu einer wahren multifunktionalen Business- und <a href=\"http:\/\/www.nuerburgring.de\/business-vip\/firmenevents.html\" target=\"_blank\" rel=\"noopener noreferrer\">Eventlocation <\/a>entwickelt\u201c, sagt Alexander Gerhard von der N\u00fcrburgring 1927 GmbH &amp; Co. KG in unserem Gespr\u00e4ch. Denn: Legend\u00e4re Motorsport-Atmosph\u00e4re trifft hier auf hochmoderne Veranstaltungsfl\u00e4chen \u2013 ein Synergieeffekt, den es so in Deutschland nicht noch einmal gibt. Gleich zwei Messen nutzten das allein im Juni f\u00fcr sich: Das bfp Fuhrpark-FORUM und die HolzLand-EXPO, die mit mehreren tausend Teilnehmern auf rund 15.000 Quadratmetern <a href=\"https:\/\/nuerburgring.de\/business#locations\" target=\"_blank\" rel=\"noopener noreferrer\">Veranstaltungsfl\u00e4che <\/a>im ring\u00b0boulevard und der ring\u00b0arena stattfanden. \u201eAuch unsere zahlreichen Zusatzangebote rund um das Thema Motorsport kamen auf beiden Messen zum Einsatz\u201c, freut sich Alexander Gerhard. Schlie\u00dflich wollen auch Messeveranstalter ihren Besuchern mehr bieten als reine Produktpr\u00e4sentationen. Die M\u00f6glichkeiten, die der N\u00fcrburgring als Messestandort daf\u00fcr bietet, sind so spannend, das man sie alle am liebsten sofort ausprobieren will \u2013 auch als nicht gerade eingefleischter Motorsport-Fan: Fahrerlebnisse, Backstage-Touren, Kartfahren oder ein Museum machen als <a href=\"https:\/\/nuerburgring.de\/business#corporate\" target=\"_blank\" rel=\"noopener noreferrer\">Zusatzangebote <\/a>Messen auf dem <a href=\"https:\/\/nuerburgring.de\/business\/corporate-events\/references\" target=\"_blank\" rel=\"noopener noreferrer\">N\u00fcrburgring <\/a>zum Erlebnis.<\/p>\n<div id=\"attachment_3426\" style=\"width: 310px\" class=\"wp-caption alignright\"><a href=\"https:\/\/www.memo-media.de\/blog\/wp-content\/uploads\/2016\/02\/ring2.jpg\"><img aria-describedby=\"caption-attachment-3426\" decoding=\"async\" loading=\"lazy\" class=\"wp-image-3426 size-medium\" src=\"https:\/\/www.memo-media.de\/blog\/wp-content\/uploads\/2016\/02\/ring2-300x200.jpg\" alt=\"Deutschlands bekannteste Rennstrecke. Robert Kah\" width=\"300\" height=\"200\" srcset=\"https:\/\/www.memo-media.de\/blog\/wp-content\/uploads\/2016\/02\/ring2-300x200.jpg 300w, https:\/\/www.memo-media.de\/blog\/wp-content\/uploads\/2016\/02\/ring2-1024x681.jpg 1024w, https:\/\/www.memo-media.de\/blog\/wp-content\/uploads\/2016\/02\/ring2-335x223.jpg 335w, https:\/\/www.memo-media.de\/blog\/wp-content\/uploads\/2016\/02\/ring2-1050x699.jpg 1050w, https:\/\/www.memo-media.de\/blog\/wp-content\/uploads\/2016\/02\/ring2.jpg 2000w\" sizes=\"(max-width: 300px) 100vw, 300px\" \/><\/a><p id=\"caption-attachment-3426\" class=\"wp-caption-text\">Deutschlands bekannteste Rennstrecke. Robert Kah<\/p><\/div>\n<h3>Zwei gro\u00dfe Ausstellungen auf dem N\u00fcrburgring als Messestandort<\/h3>\n<p>Beim bfp Fuhrpark-FORUM mit 150 Ausstellern und rund 3.000 Besuchern aus der Fuhrparkbranche konnten die G\u00e4ste neue Modelle der Automobilhersteller testen \u2013 nat\u00fcrlich direkt auf der Grand-Prix-Strecke, die zu den modernsten und sichersten Rennstrecken der Welt geh\u00f6rt und sicher nicht nur PS-Anh\u00e4nger begeistern kann. Dazu kamen Vortr\u00e4ge, Mini-Seminare und Experten-Fragerunden, aber auch spannende Fahrsicherheitstrainings.<\/p>\n<div id=\"attachment_7858\" style=\"width: 310px\" class=\"wp-caption alignleft\"><a href=\"https:\/\/www.memo-media.de\/blog\/wp-content\/uploads\/2018\/06\/nuerburgring-als-messestandort-2.jpg\"><img aria-describedby=\"caption-attachment-7858\" decoding=\"async\" loading=\"lazy\" class=\"wp-image-7858 size-medium\" src=\"https:\/\/www.memo-media.de\/blog\/wp-content\/uploads\/2018\/06\/nuerburgring-als-messestandort-2-300x200.jpg\" alt=\"Messe mit eingebautem Turbo. \" width=\"300\" height=\"200\" srcset=\"https:\/\/www.memo-media.de\/blog\/wp-content\/uploads\/2018\/06\/nuerburgring-als-messestandort-2-300x200.jpg 300w, https:\/\/www.memo-media.de\/blog\/wp-content\/uploads\/2018\/06\/nuerburgring-als-messestandort-2-768x512.jpg 768w, https:\/\/www.memo-media.de\/blog\/wp-content\/uploads\/2018\/06\/nuerburgring-als-messestandort-2-335x223.jpg 335w, https:\/\/www.memo-media.de\/blog\/wp-content\/uploads\/2018\/06\/nuerburgring-als-messestandort-2.jpg 1000w\" sizes=\"(max-width: 300px) 100vw, 300px\" \/><\/a><p id=\"caption-attachment-7858\" class=\"wp-caption-text\">Messe mit eingebautem Turbo.<\/p><\/div>\n<p>Gleich eine Woche sp\u00e4ter fand die HolzLand-EXPO 2018 auf dem N\u00fcrburgring statt. In diesem Jahr mit passendem Motto: \u201eGemeinsam Vollgas geben\u201c. \u201eAber das Motto passte nicht nur zur Location, sondern auch zum Programm\u201c, erkl\u00e4rt Gerhard: Neben der Messe fanden Rennveranstaltungen mit Siegerehrung statt, aber auch andere Erlebnisse wie ein Blick hinter die Kulissen bei der Backstage-Tour, ein Besuch des Motorsport-Erlebnismuseums und ein Rennstreckenerlebnis f\u00fcr die Besucher mit dem eigenen PKW, einem gemieteten Sportwagen oder als Co-Pilot. Solche Erlebnisse bleiben Messebesuchern ganz sicher noch lange in Erinnerung. Denn der N\u00fcrburgring ist die l\u00e4ngste und spektakul\u00e4rste Rennstrecke Deutschlands \u2013 da kann ein <a href=\"https:\/\/nuerburgring.de\/business\/vip-business\/hospitality\" target=\"_blank\" rel=\"noopener noreferrer\">Messeauftritt <\/a>ja nur legend\u00e4r werden.<\/p>\n","protected":false},"excerpt":{"rendered":"<p>Der N\u00fcrburgring ist hierzulande wohl fast jedem ein Begriff \u2013 und untrennbar verkn\u00fcpft mit Attributen wie Geschwindigkeit, PS und Motorsport&#8230;.<\/p>\n","protected":false},"author":29,"featured_media":7859,"comment_status":"closed","ping_status":"open","sticky":false,"template":"","format":"standard","meta":[],"categories":[11,22],"tags":[1436,1437,79,1434,1435,176],"yoast_head":"<!-- This site is optimized with the Yoast SEO Premium plugin v20.5 (Yoast SEO v20.5) - https:\/\/yoast.com\/wordpress\/plugins\/seo\/ -->\n<title>Location mit Turbo: Der N\u00fcrburgring als Messestandort<\/title>\n<meta name=\"description\" content=\"Deutschlands bekannteste Rennstrecke ist nicht nur was f\u00fcr Motorsportfans. Der N\u00fcrburgring als Messestandort begeistert Aussteller und Besucher - Grund genug f\u00fcr uns, uns f\u00fcr den Blog f\u00fcr die Eventplanung mal dort umzusehen.\" \/>\n<meta name=\"robots\" content=\"index, follow, max-snippet:-1, max-image-preview:large, max-video-preview:-1\" \/>\n<link rel=\"canonical\" href=\"https:\/\/www.memo-media.de\/blog\/location-mit-turbo-der-nuerburgring-als-messestandort\/\" \/>\n<meta property=\"og:locale\" content=\"de_DE\" \/>\n<meta property=\"og:type\" content=\"article\" \/>\n<meta property=\"og:title\" content=\"Location mit Turbo: Der N\u00fcrburgring als Messestandort\" \/>\n<meta property=\"og:description\" content=\"Deutschlands bekannteste Rennstrecke ist nicht nur was f\u00fcr Motorsportfans. Der N\u00fcrburgring als Messestandort begeistert Aussteller und Besucher - Grund genug f\u00fcr uns, uns f\u00fcr den Blog f\u00fcr die Eventplanung mal dort umzusehen.\" \/>\n<meta property=\"og:url\" content=\"https:\/\/www.memo-media.de\/blog\/location-mit-turbo-der-nuerburgring-als-messestandort\/\" \/>\n<meta property=\"og:site_name\" content=\"memo-media Blog f\u00fcr die Eventplanung\" \/>\n<meta property=\"article:published_time\" content=\"2018-07-03T06:59:06+00:00\" \/>\n<meta property=\"article:modified_time\" content=\"2021-05-25T10:13:45+00:00\" \/>\n<meta property=\"og:image\" content=\"https:\/\/www.memo-media.de\/blog\/wp-content\/uploads\/2018\/06\/nuerburgring-als-messestandort-beitrag.jpg\" \/>\n\t<meta property=\"og:image:width\" content=\"1050\" \/>\n\t<meta property=\"og:image:height\" content=\"804\" \/>\n\t<meta property=\"og:image:type\" content=\"image\/jpeg\" \/>\n<meta name=\"author\" content=\"Julia Gundelach\" \/>\n<meta name=\"twitter:label1\" content=\"Verfasst von\" \/>\n\t<meta name=\"twitter:data1\" content=\"Julia Gundelach\" \/>\n\t<meta name=\"twitter:label2\" content=\"Gesch\u00e4tzte Lesezeit\" \/>\n\t<meta name=\"twitter:data2\" content=\"3\u00a0Minuten\" \/>\n<script type=\"application\/ld+json\" class=\"yoast-schema-graph\">{\"@context\":\"https:\/\/schema.org\",\"@graph\":[{\"@type\":\"WebPage\",\"@id\":\"https:\/\/www.memo-media.de\/blog\/location-mit-turbo-der-nuerburgring-als-messestandort\/\",\"url\":\"https:\/\/www.memo-media.de\/blog\/location-mit-turbo-der-nuerburgring-als-messestandort\/\",\"name\":\"Location mit Turbo: Der N\u00fcrburgring als Messestandort\",\"isPartOf\":{\"@id\":\"https:\/\/www.memo-media.de\/blog\/#website\"},\"datePublished\":\"2018-07-03T06:59:06+00:00\",\"dateModified\":\"2021-05-25T10:13:45+00:00\",\"author\":{\"@id\":\"https:\/\/www.memo-media.de\/blog\/#\/schema\/person\/b01cd365604b7a1226e889d3e8e6f56d\"},\"description\":\"Deutschlands bekannteste Rennstrecke ist nicht nur was f\u00fcr Motorsportfans. Der N\u00fcrburgring als Messestandort begeistert Aussteller und Besucher - Grund genug f\u00fcr uns, uns f\u00fcr den Blog f\u00fcr die Eventplanung mal dort umzusehen.\",\"breadcrumb\":{\"@id\":\"https:\/\/www.memo-media.de\/blog\/location-mit-turbo-der-nuerburgring-als-messestandort\/#breadcrumb\"},\"inLanguage\":\"de\",\"potentialAction\":[{\"@type\":\"ReadAction\",\"target\":[\"https:\/\/www.memo-media.de\/blog\/location-mit-turbo-der-nuerburgring-als-messestandort\/\"]}]},{\"@type\":\"BreadcrumbList\",\"@id\":\"https:\/\/www.memo-media.de\/blog\/location-mit-turbo-der-nuerburgring-als-messestandort\/#breadcrumb\",\"itemListElement\":[{\"@type\":\"ListItem\",\"position\":1,\"name\":\"Home\",\"item\":\"https:\/\/www.memo-media.de\/blog\/\"},{\"@type\":\"ListItem\",\"position\":2,\"name\":\"Location mit Turbo: Der N\u00fcrburgring als Messestandort\"}]},{\"@type\":\"WebSite\",\"@id\":\"https:\/\/www.memo-media.de\/blog\/#website\",\"url\":\"https:\/\/www.memo-media.de\/blog\/\",\"name\":\"memo-media Blog f\u00fcr die Eventplanung\",\"description\":\"News und Facts aus der Eventbranche f\u00fcr die Eventbranche\",\"potentialAction\":[{\"@type\":\"SearchAction\",\"target\":{\"@type\":\"EntryPoint\",\"urlTemplate\":\"https:\/\/www.memo-media.de\/blog\/?s={search_term_string}\"},\"query-input\":\"required name=search_term_string\"}],\"inLanguage\":\"de\"},{\"@type\":\"Person\",\"@id\":\"https:\/\/www.memo-media.de\/blog\/#\/schema\/person\/b01cd365604b7a1226e889d3e8e6f56d\",\"name\":\"Julia Gundelach\",\"image\":{\"@type\":\"ImageObject\",\"inLanguage\":\"de\",\"@id\":\"https:\/\/www.memo-media.de\/blog\/#\/schema\/person\/image\/\",\"url\":\"https:\/\/www.memo-media.de\/blog\/wp-content\/uploads\/2021\/05\/julia-gundelach-150x150.jpg\",\"contentUrl\":\"https:\/\/www.memo-media.de\/blog\/wp-content\/uploads\/2021\/05\/julia-gundelach-150x150.jpg\",\"caption\":\"Julia Gundelach\"},\"description\":\"Julia Gundelach ist seit 2016 Teil des memo-media-Teams und bloggt am liebsten \u00fcber actionreiche Eventformate, die sie auch selbst mal testen darf. Als freie Redakteurin ist sie spezialisiert auf die Bereiche Marketing, PR und Werbung, aber auch auf neue Themen in der Veranstaltungswirtschaft. Zum Gl\u00fcck, denn eine buntere, vielf\u00e4ltigere und \u00fcberraschendere Welt, als das Event-Business kann sie sich nicht vorstellen!\",\"url\":\"https:\/\/www.memo-media.de\/blog\/author\/anna-steinberg\/\"}]}<\/script>\n<!-- \/ Yoast SEO Premium plugin. -->","yoast_head_json":{"title":"Location mit Turbo: Der N\u00fcrburgring als Messestandort","description":"Deutschlands bekannteste Rennstrecke ist nicht nur was f\u00fcr Motorsportfans. Der N\u00fcrburgring als Messestandort begeistert Aussteller und Besucher - Grund genug f\u00fcr uns, uns f\u00fcr den Blog f\u00fcr die Eventplanung mal dort umzusehen.","robots":{"index":"index","follow":"follow","max-snippet":"max-snippet:-1","max-image-preview":"max-image-preview:large","max-video-preview":"max-video-preview:-1"},"canonical":"https:\/\/www.memo-media.de\/blog\/location-mit-turbo-der-nuerburgring-als-messestandort\/","og_locale":"de_DE","og_type":"article","og_title":"Location mit Turbo: Der N\u00fcrburgring als Messestandort","og_description":"Deutschlands bekannteste Rennstrecke ist nicht nur was f\u00fcr Motorsportfans. Der N\u00fcrburgring als Messestandort begeistert Aussteller und Besucher - Grund genug f\u00fcr uns, uns f\u00fcr den Blog f\u00fcr die Eventplanung mal dort umzusehen.","og_url":"https:\/\/www.memo-media.de\/blog\/location-mit-turbo-der-nuerburgring-als-messestandort\/","og_site_name":"memo-media Blog f\u00fcr die Eventplanung","article_published_time":"2018-07-03T06:59:06+00:00","article_modified_time":"2021-05-25T10:13:45+00:00","og_image":[{"width":1050,"height":804,"url":"https:\/\/www.memo-media.de\/blog\/wp-content\/uploads\/2018\/06\/nuerburgring-als-messestandort-beitrag.jpg","type":"image\/jpeg"}],"author":"Julia Gundelach","twitter_misc":{"Verfasst von":"Julia Gundelach","Gesch\u00e4tzte Lesezeit":"3\u00a0Minuten"},"schema":{"@context":"https:\/\/schema.org","@graph":[{"@type":"WebPage","@id":"https:\/\/www.memo-media.de\/blog\/location-mit-turbo-der-nuerburgring-als-messestandort\/","url":"https:\/\/www.memo-media.de\/blog\/location-mit-turbo-der-nuerburgring-als-messestandort\/","name":"Location mit Turbo: Der N\u00fcrburgring als Messestandort","isPartOf":{"@id":"https:\/\/www.memo-media.de\/blog\/#website"},"datePublished":"2018-07-03T06:59:06+00:00","dateModified":"2021-05-25T10:13:45+00:00","author":{"@id":"https:\/\/www.memo-media.de\/blog\/#\/schema\/person\/b01cd365604b7a1226e889d3e8e6f56d"},"description":"Deutschlands bekannteste Rennstrecke ist nicht nur was f\u00fcr Motorsportfans. Der N\u00fcrburgring als Messestandort begeistert Aussteller und Besucher - Grund genug f\u00fcr uns, uns f\u00fcr den Blog f\u00fcr die Eventplanung mal dort umzusehen.","breadcrumb":{"@id":"https:\/\/www.memo-media.de\/blog\/location-mit-turbo-der-nuerburgring-als-messestandort\/#breadcrumb"},"inLanguage":"de","potentialAction":[{"@type":"ReadAction","target":["https:\/\/www.memo-media.de\/blog\/location-mit-turbo-der-nuerburgring-als-messestandort\/"]}]},{"@type":"BreadcrumbList","@id":"https:\/\/www.memo-media.de\/blog\/location-mit-turbo-der-nuerburgring-als-messestandort\/#breadcrumb","itemListElement":[{"@type":"ListItem","position":1,"name":"Home","item":"https:\/\/www.memo-media.de\/blog\/"},{"@type":"ListItem","position":2,"name":"Location mit Turbo: Der N\u00fcrburgring als Messestandort"}]},{"@type":"WebSite","@id":"https:\/\/www.memo-media.de\/blog\/#website","url":"https:\/\/www.memo-media.de\/blog\/","name":"memo-media Blog f\u00fcr die Eventplanung","description":"News und Facts aus der Eventbranche f\u00fcr die Eventbranche","potentialAction":[{"@type":"SearchAction","target":{"@type":"EntryPoint","urlTemplate":"https:\/\/www.memo-media.de\/blog\/?s={search_term_string}"},"query-input":"required name=search_term_string"}],"inLanguage":"de"},{"@type":"Person","@id":"https:\/\/www.memo-media.de\/blog\/#\/schema\/person\/b01cd365604b7a1226e889d3e8e6f56d","name":"Julia Gundelach","image":{"@type":"ImageObject","inLanguage":"de","@id":"https:\/\/www.memo-media.de\/blog\/#\/schema\/person\/image\/","url":"https:\/\/www.memo-media.de\/blog\/wp-content\/uploads\/2021\/05\/julia-gundelach-150x150.jpg","contentUrl":"https:\/\/www.memo-media.de\/blog\/wp-content\/uploads\/2021\/05\/julia-gundelach-150x150.jpg","caption":"Julia Gundelach"},"description":"Julia Gundelach ist seit 2016 Teil des memo-media-Teams und bloggt am liebsten \u00fcber actionreiche Eventformate, die sie auch selbst mal testen darf. Als freie Redakteurin ist sie spezialisiert auf die Bereiche Marketing, PR und Werbung, aber auch auf neue Themen in der Veranstaltungswirtschaft. Zum Gl\u00fcck, denn eine buntere, vielf\u00e4ltigere und \u00fcberraschendere Welt, als das Event-Business kann sie sich nicht vorstellen!","url":"https:\/\/www.memo-media.de\/blog\/author\/anna-steinberg\/"}]}},"_links":{"self":[{"href":"https:\/\/www.memo-media.de\/blog\/wp-json\/wp\/v2\/posts\/7856"}],"collection":[{"href":"https:\/\/www.memo-media.de\/blog\/wp-json\/wp\/v2\/posts"}],"about":[{"href":"https:\/\/www.memo-media.de\/blog\/wp-json\/wp\/v2\/types\/post"}],"author":[{"embeddable":true,"href":"https:\/\/www.memo-media.de\/blog\/wp-json\/wp\/v2\/users\/29"}],"replies":[{"embeddable":true,"href":"https:\/\/www.memo-media.de\/blog\/wp-json\/wp\/v2\/comments?post=7856"}],"version-history":[{"count":11,"href":"https:\/\/www.memo-media.de\/blog\/wp-json\/wp\/v2\/posts\/7856\/revisions"}],"predecessor-version":[{"id":13404,"href":"https:\/\/www.memo-media.de\/blog\/wp-json\/wp\/v2\/posts\/7856\/revisions\/13404"}],"wp:featuredmedia":[{"embeddable":true,"href":"https:\/\/www.memo-media.de\/blog\/wp-json\/wp\/v2\/media\/7859"}],"wp:attachment":[{"href":"https:\/\/www.memo-media.de\/blog\/wp-json\/wp\/v2\/media?parent=7856"}],"wp:term":[{"taxonomy":"category","embeddable":true,"href":"https:\/\/www.memo-media.de\/blog\/wp-json\/wp\/v2\/categories?post=7856"},{"taxonomy":"post_tag","embeddable":true,"href":"https:\/\/www.memo-media.de\/blog\/wp-json\/wp\/v2\/tags?post=7856"}],"curies":[{"name":"wp","href":"https:\/\/api.w.org\/{rel}","templated":true}]}}