{"id":7211,"date":"2018-05-08T10:00:12","date_gmt":"2018-05-08T08:00:12","guid":{"rendered":"https:\/\/www.memo-media.de\/blog\/?p=7211"},"modified":"2022-04-26T16:28:04","modified_gmt":"2022-04-26T14:28:04","slug":"markus-pabst-der-tarantino-des-varietes","status":"publish","type":"post","link":"https:\/\/www.memo-media.de\/blog\/markus-pabst-der-tarantino-des-varietes\/","title":{"rendered":"3 Fragen an: Markus Pabst, der &#8220;Tarantino&#8221; des Variet\u00e9s"},"content":{"rendered":"<p>Markus Pabst gilt als Punk und Tarantino des Variet\u00e9. Vor zehn Jahren gr\u00fcndete er mit [memo_eintrag kundennummer=139694]Base Berlin[\/memo_eintrag] eine Plattform junger selbst\u00e4ndiger [memo_rubrik id=3556]Kreativer[\/memo_rubrik], mit Shows wie \u201eSoap\u201c erreichte er internationale Ber\u00fchmtheit. Dar\u00fcber wollten wir mehr erfahren!<\/p>\n<h3>Interview mit Markus Pabst<\/h3>\n<div id=\"attachment_7219\" style=\"width: 310px\" class=\"wp-caption alignleft\"><a href=\"https:\/\/www.memo-media.de\/blog\/wp-content\/uploads\/2018\/06\/pabst-base.jpg\"><img aria-describedby=\"caption-attachment-7219\" decoding=\"async\" loading=\"lazy\" class=\"wp-image-7219 size-medium\" src=\"https:\/\/www.memo-media.de\/blog\/wp-content\/uploads\/2018\/06\/pabst-base-300x276.jpg\" alt=\"Markus Pabst gilt als Punk und Tarantino des Variet\u00e9\" width=\"300\" height=\"276\" srcset=\"https:\/\/www.memo-media.de\/blog\/wp-content\/uploads\/2018\/06\/pabst-base-300x276.jpg 300w, https:\/\/www.memo-media.de\/blog\/wp-content\/uploads\/2018\/06\/pabst-base-768x707.jpg 768w, https:\/\/www.memo-media.de\/blog\/wp-content\/uploads\/2018\/06\/pabst-base-335x309.jpg 335w, https:\/\/www.memo-media.de\/blog\/wp-content\/uploads\/2018\/06\/pabst-base.jpg 1000w\" sizes=\"(max-width: 300px) 100vw, 300px\" \/><\/a><p id=\"caption-attachment-7219\" class=\"wp-caption-text\">Markus Pabst gilt als Punk und Tarantino des Variet\u00e9<\/p><\/div>\n<p><em>memo-media: Herr Pabst, w<\/em><em>ie sind Sie zum Variet\u00e9 gekommen?<\/em><\/p>\n<p>&#8220;Theater war schon immer meine gro\u00dfe Leidenschaft. Mein erstes Drehbuch f\u00fcr das ZDF habe ich mit 18 geschrieben, und kurz darauf ein Studententheater gestartet, das wir uns mit [memo_rubrik id=348]Jonglieren[\/memo_rubrik] auf Stra\u00dfenfesten finanziert haben. Sp\u00e4ter kam ein gr\u00f6\u00dferes Projekt mit Breakdancern, BMX-Fahrern und Jongleuren dazu \u2013 schon damals galt ich mit meiner Truppe als \u201ejung und wild\u201c. So ging es immer weiter, eins kam zum anderen. Auch zum Beispiel mein St\u00fcck Soap: Das entstand ja im Keller damals, geplant war eine Spielzeit von etwa drei Monaten. Inzwischen l\u00e4uft es seit elf Jahren! Und wir waren schon sehr fr\u00fch international unterwegs.&#8221;<\/p>\n<h3>&#8220;Mein erstes Drehbuch habe ich mit 18 geschrieben&#8221;, Markus Pabst<\/h3>\n<p><em>Stichwort international: Sie reisen viel, sind viel im Ausland. Was ist in anderen L\u00e4ndern beim Variet\u00e9 anders als hier?<\/em><\/p>\n<p>&#8220;Zun\u00e4chst mal: ich bin gerne hier &#8211; und mindestens genauso gerne auch woanders. In Deutschland war das Variet\u00e9 schon viel fr\u00fcher da, als in England oder Australien. Australien sch\u00e4tze ich f\u00fcr das gute Wetter \u2013 und die gute Stimmung, mit der die Leute schon ins Theater gehen. Grunds\u00e4tzlich funktionieren alle St\u00fccke aber auch woanders, auch wenn der Humor hier und dort anders ist und man \u2013 neben der Sprache \u2013 auch andere Kleinigkeiten anpassen muss, zum Beispiel manche Lieder. Gute Shows sprechen sich herum, egal wo. Grunds\u00e4tzlich ist es mir wichtig, dass [memo_rubrik id=1527]Zirkus [\/memo_rubrik]und Variet\u00e9 eigentlich f\u00fcr alle da sind. Ich m\u00f6chte normale Menschen mit meinen St\u00fccken erreichen, nicht nur privilegierte Theaterschichten. Das vergessen manche.&#8221;<\/p>\n<p><em><a href=\"https:\/\/www.memo-media.de\/blog\/wp-content\/uploads\/2018\/06\/pabst-2_base.jpg\"><img decoding=\"async\" loading=\"lazy\" class=\"size-medium wp-image-7218 alignright\" src=\"https:\/\/www.memo-media.de\/blog\/wp-content\/uploads\/2018\/06\/pabst-2_base-300x300.jpg\" alt=\"\" width=\"300\" height=\"300\" srcset=\"https:\/\/www.memo-media.de\/blog\/wp-content\/uploads\/2018\/06\/pabst-2_base-300x300.jpg 300w, https:\/\/www.memo-media.de\/blog\/wp-content\/uploads\/2018\/06\/pabst-2_base-150x150.jpg 150w, https:\/\/www.memo-media.de\/blog\/wp-content\/uploads\/2018\/06\/pabst-2_base-768x768.jpg 768w, https:\/\/www.memo-media.de\/blog\/wp-content\/uploads\/2018\/06\/pabst-2_base-335x335.jpg 335w, https:\/\/www.memo-media.de\/blog\/wp-content\/uploads\/2018\/06\/pabst-2_base.jpg 1000w\" sizes=\"(max-width: 300px) 100vw, 300px\" \/><\/a>Sie gelten als Tarantino des Variet\u00e9s \u2013 welche Spuren werden Sie mal hinterlassen?<\/em><\/p>\n<p>&#8220;Auch wenn meine St\u00fccke total unterschiedlich sind, tragen sie alle meine ganz eigene Handschrift. Meine und unsere, nat\u00fcrlich arbeiten wir im Team. Charakteristisch ist, dass es immer ein bisschen \u201eanders\u201c ist. Man fragt sich am Anfang immer \u201eGeht das \u00fcberhaupt?\u201c Ja, es geht. Und daraus entsteht dann eine Bewegung, bei der auch andere mitmachen. So wird es weitergetragen. Au\u00dferdem gehen aus unseren Produktionen immer tolle Talente hervor, auch die tragen es weiter. Daraus entstehen wieder eigene Shows. Grunds\u00e4tzlich kann man mich gutb\u00fcrgerlich sicher als \u201eschr\u00e4g\u201c bezeichnen \u2013 und es funktioniert!&#8221;<\/p>\n<p>&nbsp;<\/p>\n<p>Weitere Infos zu <a href=\"https:\/\/www.base-berlin.com\">Base Berlin<\/a> gibt es auf [memo_eintrag kundennummer=139694]memo-media.de[\/memo_eintrag].<\/p>\n","protected":false},"excerpt":{"rendered":"<p>Markus Pabst gilt als Punk und Tarantino des Variet\u00e9. Vor zehn Jahren gr\u00fcndete er mit [memo_eintrag kundennummer=139694]Base Berlin[\/memo_eintrag] eine Plattform&#8230;<\/p>\n","protected":false},"author":29,"featured_media":7220,"comment_status":"closed","ping_status":"open","sticky":false,"template":"","format":"standard","meta":[],"categories":[1367,9],"tags":[29,1375,1356,306,471,149],"yoast_head":"<!-- This site is optimized with the Yoast SEO Premium plugin v20.5 (Yoast SEO v20.5) - https:\/\/yoast.com\/wordpress\/plugins\/seo\/ -->\n<title>3 Fragen an: Markus Pabst, der &quot;Tarantino&quot; des Variet\u00e9s<\/title>\n<meta name=\"description\" content=\"Markus Pabst gilt als der Tarantino des Variet\u00e9s. Wir haben den sympathischen und kreativen Kopf im Interview im Blog f\u00fcr die Eventplanung dazu befragt, wie er \u00fcberhaupt zum Variet\u00e9 gekommen ist.\" \/>\n<meta name=\"robots\" content=\"index, follow, max-snippet:-1, max-image-preview:large, max-video-preview:-1\" \/>\n<link rel=\"canonical\" href=\"https:\/\/www.memo-media.de\/blog\/markus-pabst-der-tarantino-des-varietes\/\" \/>\n<meta property=\"og:locale\" content=\"de_DE\" \/>\n<meta property=\"og:type\" content=\"article\" \/>\n<meta property=\"og:title\" content=\"3 Fragen an: Markus Pabst, der &quot;Tarantino&quot; des Variet\u00e9s\" \/>\n<meta property=\"og:description\" content=\"Markus Pabst gilt als der Tarantino des Variet\u00e9s. Wir haben den sympathischen und kreativen Kopf im Interview im Blog f\u00fcr die Eventplanung dazu befragt, wie er \u00fcberhaupt zum Variet\u00e9 gekommen ist.\" \/>\n<meta property=\"og:url\" content=\"https:\/\/www.memo-media.de\/blog\/markus-pabst-der-tarantino-des-varietes\/\" \/>\n<meta property=\"og:site_name\" content=\"memo-media Blog f\u00fcr die Eventplanung\" \/>\n<meta property=\"article:published_time\" content=\"2018-05-08T08:00:12+00:00\" \/>\n<meta property=\"article:modified_time\" content=\"2022-04-26T14:28:04+00:00\" \/>\n<meta property=\"og:image\" content=\"https:\/\/www.memo-media.de\/blog\/wp-content\/uploads\/2018\/06\/pabst-beitragsbild.jpg\" \/>\n\t<meta property=\"og:image:width\" content=\"886\" \/>\n\t<meta property=\"og:image:height\" content=\"804\" \/>\n\t<meta property=\"og:image:type\" content=\"image\/jpeg\" \/>\n<meta name=\"author\" content=\"Julia Gundelach\" \/>\n<meta name=\"twitter:label1\" content=\"Verfasst von\" \/>\n\t<meta name=\"twitter:data1\" content=\"Julia Gundelach\" \/>\n\t<meta name=\"twitter:label2\" content=\"Gesch\u00e4tzte Lesezeit\" \/>\n\t<meta name=\"twitter:data2\" content=\"2\u00a0Minuten\" \/>\n<script type=\"application\/ld+json\" class=\"yoast-schema-graph\">{\"@context\":\"https:\/\/schema.org\",\"@graph\":[{\"@type\":\"WebPage\",\"@id\":\"https:\/\/www.memo-media.de\/blog\/markus-pabst-der-tarantino-des-varietes\/\",\"url\":\"https:\/\/www.memo-media.de\/blog\/markus-pabst-der-tarantino-des-varietes\/\",\"name\":\"3 Fragen an: Markus Pabst, der \\\"Tarantino\\\" des Variet\u00e9s\",\"isPartOf\":{\"@id\":\"https:\/\/www.memo-media.de\/blog\/#website\"},\"datePublished\":\"2018-05-08T08:00:12+00:00\",\"dateModified\":\"2022-04-26T14:28:04+00:00\",\"author\":{\"@id\":\"https:\/\/www.memo-media.de\/blog\/#\/schema\/person\/b01cd365604b7a1226e889d3e8e6f56d\"},\"description\":\"Markus Pabst gilt als der Tarantino des Variet\u00e9s. Wir haben den sympathischen und kreativen Kopf im Interview im Blog f\u00fcr die Eventplanung dazu befragt, wie er \u00fcberhaupt zum Variet\u00e9 gekommen ist.\",\"breadcrumb\":{\"@id\":\"https:\/\/www.memo-media.de\/blog\/markus-pabst-der-tarantino-des-varietes\/#breadcrumb\"},\"inLanguage\":\"de\",\"potentialAction\":[{\"@type\":\"ReadAction\",\"target\":[\"https:\/\/www.memo-media.de\/blog\/markus-pabst-der-tarantino-des-varietes\/\"]}]},{\"@type\":\"BreadcrumbList\",\"@id\":\"https:\/\/www.memo-media.de\/blog\/markus-pabst-der-tarantino-des-varietes\/#breadcrumb\",\"itemListElement\":[{\"@type\":\"ListItem\",\"position\":1,\"name\":\"Home\",\"item\":\"https:\/\/www.memo-media.de\/blog\/\"},{\"@type\":\"ListItem\",\"position\":2,\"name\":\"3 Fragen an: Markus Pabst, der &#8222;Tarantino&#8220; des Variet\u00e9s\"}]},{\"@type\":\"WebSite\",\"@id\":\"https:\/\/www.memo-media.de\/blog\/#website\",\"url\":\"https:\/\/www.memo-media.de\/blog\/\",\"name\":\"memo-media Blog f\u00fcr die Eventplanung\",\"description\":\"News und Facts aus der Eventbranche f\u00fcr die Eventbranche\",\"potentialAction\":[{\"@type\":\"SearchAction\",\"target\":{\"@type\":\"EntryPoint\",\"urlTemplate\":\"https:\/\/www.memo-media.de\/blog\/?s={search_term_string}\"},\"query-input\":\"required name=search_term_string\"}],\"inLanguage\":\"de\"},{\"@type\":\"Person\",\"@id\":\"https:\/\/www.memo-media.de\/blog\/#\/schema\/person\/b01cd365604b7a1226e889d3e8e6f56d\",\"name\":\"Julia Gundelach\",\"image\":{\"@type\":\"ImageObject\",\"inLanguage\":\"de\",\"@id\":\"https:\/\/www.memo-media.de\/blog\/#\/schema\/person\/image\/\",\"url\":\"https:\/\/www.memo-media.de\/blog\/wp-content\/uploads\/2021\/05\/julia-gundelach-150x150.jpg\",\"contentUrl\":\"https:\/\/www.memo-media.de\/blog\/wp-content\/uploads\/2021\/05\/julia-gundelach-150x150.jpg\",\"caption\":\"Julia Gundelach\"},\"description\":\"Julia Gundelach ist seit 2016 Teil des memo-media-Teams und bloggt am liebsten \u00fcber actionreiche Eventformate, die sie auch selbst mal testen darf. Als freie Redakteurin ist sie spezialisiert auf die Bereiche Marketing, PR und Werbung, aber auch auf neue Themen in der Veranstaltungswirtschaft. Zum Gl\u00fcck, denn eine buntere, vielf\u00e4ltigere und \u00fcberraschendere Welt, als das Event-Business kann sie sich nicht vorstellen!\",\"url\":\"https:\/\/www.memo-media.de\/blog\/author\/anna-steinberg\/\"}]}<\/script>\n<!-- \/ Yoast SEO Premium plugin. -->","yoast_head_json":{"title":"3 Fragen an: Markus Pabst, der \"Tarantino\" des Variet\u00e9s","description":"Markus Pabst gilt als der Tarantino des Variet\u00e9s. Wir haben den sympathischen und kreativen Kopf im Interview im Blog f\u00fcr die Eventplanung dazu befragt, wie er \u00fcberhaupt zum Variet\u00e9 gekommen ist.","robots":{"index":"index","follow":"follow","max-snippet":"max-snippet:-1","max-image-preview":"max-image-preview:large","max-video-preview":"max-video-preview:-1"},"canonical":"https:\/\/www.memo-media.de\/blog\/markus-pabst-der-tarantino-des-varietes\/","og_locale":"de_DE","og_type":"article","og_title":"3 Fragen an: Markus Pabst, der \"Tarantino\" des Variet\u00e9s","og_description":"Markus Pabst gilt als der Tarantino des Variet\u00e9s. Wir haben den sympathischen und kreativen Kopf im Interview im Blog f\u00fcr die Eventplanung dazu befragt, wie er \u00fcberhaupt zum Variet\u00e9 gekommen ist.","og_url":"https:\/\/www.memo-media.de\/blog\/markus-pabst-der-tarantino-des-varietes\/","og_site_name":"memo-media Blog f\u00fcr die Eventplanung","article_published_time":"2018-05-08T08:00:12+00:00","article_modified_time":"2022-04-26T14:28:04+00:00","og_image":[{"width":886,"height":804,"url":"https:\/\/www.memo-media.de\/blog\/wp-content\/uploads\/2018\/06\/pabst-beitragsbild.jpg","type":"image\/jpeg"}],"author":"Julia Gundelach","twitter_misc":{"Verfasst von":"Julia Gundelach","Gesch\u00e4tzte Lesezeit":"2\u00a0Minuten"},"schema":{"@context":"https:\/\/schema.org","@graph":[{"@type":"WebPage","@id":"https:\/\/www.memo-media.de\/blog\/markus-pabst-der-tarantino-des-varietes\/","url":"https:\/\/www.memo-media.de\/blog\/markus-pabst-der-tarantino-des-varietes\/","name":"3 Fragen an: Markus Pabst, der \"Tarantino\" des Variet\u00e9s","isPartOf":{"@id":"https:\/\/www.memo-media.de\/blog\/#website"},"datePublished":"2018-05-08T08:00:12+00:00","dateModified":"2022-04-26T14:28:04+00:00","author":{"@id":"https:\/\/www.memo-media.de\/blog\/#\/schema\/person\/b01cd365604b7a1226e889d3e8e6f56d"},"description":"Markus Pabst gilt als der Tarantino des Variet\u00e9s. Wir haben den sympathischen und kreativen Kopf im Interview im Blog f\u00fcr die Eventplanung dazu befragt, wie er \u00fcberhaupt zum Variet\u00e9 gekommen ist.","breadcrumb":{"@id":"https:\/\/www.memo-media.de\/blog\/markus-pabst-der-tarantino-des-varietes\/#breadcrumb"},"inLanguage":"de","potentialAction":[{"@type":"ReadAction","target":["https:\/\/www.memo-media.de\/blog\/markus-pabst-der-tarantino-des-varietes\/"]}]},{"@type":"BreadcrumbList","@id":"https:\/\/www.memo-media.de\/blog\/markus-pabst-der-tarantino-des-varietes\/#breadcrumb","itemListElement":[{"@type":"ListItem","position":1,"name":"Home","item":"https:\/\/www.memo-media.de\/blog\/"},{"@type":"ListItem","position":2,"name":"3 Fragen an: Markus Pabst, der &#8222;Tarantino&#8220; des Variet\u00e9s"}]},{"@type":"WebSite","@id":"https:\/\/www.memo-media.de\/blog\/#website","url":"https:\/\/www.memo-media.de\/blog\/","name":"memo-media Blog f\u00fcr die Eventplanung","description":"News und Facts aus der Eventbranche f\u00fcr die Eventbranche","potentialAction":[{"@type":"SearchAction","target":{"@type":"EntryPoint","urlTemplate":"https:\/\/www.memo-media.de\/blog\/?s={search_term_string}"},"query-input":"required name=search_term_string"}],"inLanguage":"de"},{"@type":"Person","@id":"https:\/\/www.memo-media.de\/blog\/#\/schema\/person\/b01cd365604b7a1226e889d3e8e6f56d","name":"Julia Gundelach","image":{"@type":"ImageObject","inLanguage":"de","@id":"https:\/\/www.memo-media.de\/blog\/#\/schema\/person\/image\/","url":"https:\/\/www.memo-media.de\/blog\/wp-content\/uploads\/2021\/05\/julia-gundelach-150x150.jpg","contentUrl":"https:\/\/www.memo-media.de\/blog\/wp-content\/uploads\/2021\/05\/julia-gundelach-150x150.jpg","caption":"Julia Gundelach"},"description":"Julia Gundelach ist seit 2016 Teil des memo-media-Teams und bloggt am liebsten \u00fcber actionreiche Eventformate, die sie auch selbst mal testen darf. Als freie Redakteurin ist sie spezialisiert auf die Bereiche Marketing, PR und Werbung, aber auch auf neue Themen in der Veranstaltungswirtschaft. Zum Gl\u00fcck, denn eine buntere, vielf\u00e4ltigere und \u00fcberraschendere Welt, als das Event-Business kann sie sich nicht vorstellen!","url":"https:\/\/www.memo-media.de\/blog\/author\/anna-steinberg\/"}]}},"_links":{"self":[{"href":"https:\/\/www.memo-media.de\/blog\/wp-json\/wp\/v2\/posts\/7211"}],"collection":[{"href":"https:\/\/www.memo-media.de\/blog\/wp-json\/wp\/v2\/posts"}],"about":[{"href":"https:\/\/www.memo-media.de\/blog\/wp-json\/wp\/v2\/types\/post"}],"author":[{"embeddable":true,"href":"https:\/\/www.memo-media.de\/blog\/wp-json\/wp\/v2\/users\/29"}],"replies":[{"embeddable":true,"href":"https:\/\/www.memo-media.de\/blog\/wp-json\/wp\/v2\/comments?post=7211"}],"version-history":[{"count":13,"href":"https:\/\/www.memo-media.de\/blog\/wp-json\/wp\/v2\/posts\/7211\/revisions"}],"predecessor-version":[{"id":14695,"href":"https:\/\/www.memo-media.de\/blog\/wp-json\/wp\/v2\/posts\/7211\/revisions\/14695"}],"wp:featuredmedia":[{"embeddable":true,"href":"https:\/\/www.memo-media.de\/blog\/wp-json\/wp\/v2\/media\/7220"}],"wp:attachment":[{"href":"https:\/\/www.memo-media.de\/blog\/wp-json\/wp\/v2\/media?parent=7211"}],"wp:term":[{"taxonomy":"category","embeddable":true,"href":"https:\/\/www.memo-media.de\/blog\/wp-json\/wp\/v2\/categories?post=7211"},{"taxonomy":"post_tag","embeddable":true,"href":"https:\/\/www.memo-media.de\/blog\/wp-json\/wp\/v2\/tags?post=7211"}],"curies":[{"name":"wp","href":"https:\/\/api.w.org\/{rel}","templated":true}]}}