{"id":7187,"date":"2018-04-10T10:10:46","date_gmt":"2018-04-10T08:10:46","guid":{"rendered":"https:\/\/www.memo-media.de\/blog\/?p=7187"},"modified":"2020-06-19T10:05:10","modified_gmt":"2020-06-19T08:05:10","slug":"nadja-hauser-young-stage-international-circus-festival","status":"publish","type":"post","link":"https:\/\/www.memo-media.de\/blog\/nadja-hauser-young-stage-international-circus-festival\/","title":{"rendered":"3 Fragen an: Nadja Hauser, Initiatorin des Young Stage Festivals, Basel"},"content":{"rendered":"<p><a href=\"https:\/\/www.memo-media.de\/blog\/wp-content\/uploads\/2018\/03\/young-stage-nadja-hauser.jpg\"><img decoding=\"async\" loading=\"lazy\" class=\"size-medium wp-image-7191 alignleft\" src=\"https:\/\/www.memo-media.de\/blog\/wp-content\/uploads\/2018\/03\/young-stage-nadja-hauser-240x300.jpg\" alt=\"\" width=\"240\" height=\"300\" srcset=\"https:\/\/www.memo-media.de\/blog\/wp-content\/uploads\/2018\/03\/young-stage-nadja-hauser-240x300.jpg 240w, https:\/\/www.memo-media.de\/blog\/wp-content\/uploads\/2018\/03\/young-stage-nadja-hauser-768x960.jpg 768w, https:\/\/www.memo-media.de\/blog\/wp-content\/uploads\/2018\/03\/young-stage-nadja-hauser-819x1024.jpg 819w, https:\/\/www.memo-media.de\/blog\/wp-content\/uploads\/2018\/03\/young-stage-nadja-hauser-335x419.jpg 335w, https:\/\/www.memo-media.de\/blog\/wp-content\/uploads\/2018\/03\/young-stage-nadja-hauser.jpg 1000w\" sizes=\"(max-width: 240px) 100vw, 240px\" \/><\/a>Nadja Hauser ist Gr\u00fcnderin und Produzentin des [memo_eintrag kundennummer=147836]Young Stage International Circus Festival Basel[\/memo_eintrag], das in diesem Jahr zum 10. Mal stattfindet. Grund genug, sich einmal mit ihr zu treffen und ein paar Fragen zu stellen.<\/p>\n<h3>Nadja Hauser im Interview<\/h3>\n<p><em>memo-media: Frau Hauser, wie sind Sie zum Zirkus gekommen? Wollten Sie nicht eigentlich mal Physiotherapeutin werden?<\/em><\/p>\n<p>&#8220;Der Zirkus war zuerst da! Ich bin im Zirkus aufgewachsen, genauer gesagt in den Jugendzirkussen in Basel. Ich war selber Akrobatin, ich habe viel [memo_rubrik id=2704]Luftaktobatik[\/memo_rubrik] und Handstandakrobatik gemacht und sp\u00e4ter selber Regie gef\u00fchrt und Kinder trainiert. Dann kam der Wunsch, doch eine \u201erichtige\u201c Ausbildung zu lernen \u2013 und durch eine Knieverletzung kam ich zur Physiotherapie. Nach f\u00fcnf Jahren in diesem Beruf habe ich gemerkt, dass ich im Zirkus aber erst richtig aufgehe. So habe ich eine Chance genutzt und gemeinsam mit meinem Mann das heutige Young Stage Festival gegr\u00fcndet. Und wer wei\u00df, mein Sohn f\u00fchrt mir schon jetzt \u2013 mit f\u00fcnfeinhalb \u2013 jeden Tag zuhause eine Show vor! Vielleicht m\u00f6chte er auch bald zum Jugendzirkus. Aber er muss nat\u00fcrlich nicht!&#8221;<\/p>\n<h3><a href=\"https:\/\/www.memo-media.de\/blog\/wp-content\/uploads\/2018\/03\/young-stage-2.jpg\"><img decoding=\"async\" loading=\"lazy\" class=\"alignleft wp-image-7189 size-medium\" src=\"https:\/\/www.memo-media.de\/blog\/wp-content\/uploads\/2018\/03\/young-stage-2-300x200.jpg\" alt=\"\" width=\"300\" height=\"200\" srcset=\"https:\/\/www.memo-media.de\/blog\/wp-content\/uploads\/2018\/03\/young-stage-2-300x200.jpg 300w, https:\/\/www.memo-media.de\/blog\/wp-content\/uploads\/2018\/03\/young-stage-2-768x512.jpg 768w, https:\/\/www.memo-media.de\/blog\/wp-content\/uploads\/2018\/03\/young-stage-2-335x223.jpg 335w, https:\/\/www.memo-media.de\/blog\/wp-content\/uploads\/2018\/03\/young-stage-2.jpg 1000w\" sizes=\"(max-width: 300px) 100vw, 300px\" \/><\/a>&#8220;Ich bin im Zirkus aufgewachsen&#8221; Nadja Hauser, Young Stage<\/h3>\n<p><em>Das Young Stage Festival findet in diesem Jahr bereits zum 10. Mal statt. Was war das au\u00dfergew\u00f6hnlichste, das je passiert ist? Und was sch\u00e4tzen Sie so an Ihrem Beruf?<\/em><\/p>\n<p>&#8220;Jedes Jahr ist wieder komplett anders, als das Jahr davor. Wir haben das gro\u00dfe Gl\u00fcck, mit unserem Cast immer wieder ausnahmslos junge, kooperative und talentierte Menschen zu finden, die das Festival zu dem machen, was es ist. Das Sch\u00f6nste ist es, wenn wir merken, dass wir mit dieser Plattform junge Menschen wirklich unterst\u00fctzen k\u00f6nnen und ihnen helfen bei ihrem weiteren Weg. Nach den zehn Tagen wachsen wir mit ihnen zusammen wie eine Familie. Der Wettbewerbsgedanke r\u00fcckt in den Hintergrund, das ist toll.&#8221;<\/p>\n<p><em><a href=\"https:\/\/www.memo-media.de\/blog\/wp-content\/uploads\/2018\/03\/young-stage-1.jpg\"><img decoding=\"async\" loading=\"lazy\" class=\"size-medium wp-image-7188 alignright\" src=\"https:\/\/www.memo-media.de\/blog\/wp-content\/uploads\/2018\/03\/young-stage-1-300x200.jpg\" alt=\"\" width=\"300\" height=\"200\" srcset=\"https:\/\/www.memo-media.de\/blog\/wp-content\/uploads\/2018\/03\/young-stage-1-300x200.jpg 300w, https:\/\/www.memo-media.de\/blog\/wp-content\/uploads\/2018\/03\/young-stage-1-768x512.jpg 768w, https:\/\/www.memo-media.de\/blog\/wp-content\/uploads\/2018\/03\/young-stage-1-335x223.jpg 335w, https:\/\/www.memo-media.de\/blog\/wp-content\/uploads\/2018\/03\/young-stage-1.jpg 1000w\" sizes=\"(max-width: 300px) 100vw, 300px\" \/><\/a>Wonach suchen Sie die K\u00fcnstler aus?<b> <\/b><\/em><\/p>\n<p>&#8220;Wir casten internationale K\u00fcnstler. In diesem Jahr haben sich 623 [memo_rubrik id=353]Artisten [\/memo_rubrik]aus der ganzen Welt bei uns beworben, das sind insgesamt 543 Acts. Die m\u00fcssen gesichtet werden \u2013 und das haben wir getan und uns so f\u00fcr 25 Menschen entschieden. Das Niveau ist so hoch, dass wir extrem streng sein k\u00f6nnen und m\u00fcssen. In der Jury sitzen Hochkar\u00e4ter wie der Castingchef des Cirque de Soleil! Wir setzen sehr hohe Ma\u00dfst\u00e4be nicht nur an die artistische Qualit\u00e4t, sondern auch an die Kreativit\u00e4t, die Einzigartigkeit, den Innovationscharakter. Und: Wir casten Newcomer, die noch nicht unbedingt etabliert sind. Das macht schlie\u00dflich unser Festival aus! Und zum zehnten Jubil\u00e4um wird es einige \u00dcberraschungen geben. Den Termin sollte man sich unbedingt vormerken!&#8221;<\/p>\n<h6>(Fotos von Pablo W\u00fcnsch Blanco)<\/h6>\n<p>Mehr zu Young Stage gibt es auf [memo_eintrag kundennummer=147836]memo-media.de[\/memo_eintrag].<\/p>\n","protected":false},"excerpt":{"rendered":"<p>Nadja Hauser ist Gr\u00fcnderin und Produzentin des [memo_eintrag kundennummer=147836]Young Stage International Circus Festival Basel[\/memo_eintrag], das in diesem Jahr zum 10&#8230;.<\/p>\n","protected":false},"author":29,"featured_media":7190,"comment_status":"closed","ping_status":"open","sticky":false,"template":"","format":"standard","meta":[],"categories":[1367,42,9],"tags":[39,1368,709,1092,327],"yoast_head":"<!-- This site is optimized with the Yoast SEO Premium plugin v20.5 (Yoast SEO v20.5) - https:\/\/yoast.com\/wordpress\/plugins\/seo\/ -->\n<title>Nadja Hauser, Initiatorin des Young Stage Cirus Festivals, im Interview<\/title>\n<meta name=\"description\" content=\"Sein zehntes Jahr feiert das Circus-Festival Young Stage in Basel in diesem Jahr. Wir haben uns dazu mit Nadja Hauser unterhalten.\" \/>\n<meta name=\"robots\" content=\"index, follow, max-snippet:-1, max-image-preview:large, max-video-preview:-1\" \/>\n<link rel=\"canonical\" href=\"https:\/\/www.memo-media.de\/blog\/nadja-hauser-young-stage-international-circus-festival\/\" \/>\n<meta property=\"og:locale\" content=\"de_DE\" \/>\n<meta property=\"og:type\" content=\"article\" \/>\n<meta property=\"og:title\" content=\"3 Fragen an: Nadja Hauser, Initiatorin des Young Stage Festivals, Basel\" \/>\n<meta property=\"og:description\" content=\"Sein zehntes Jahr feiert das Circus-Festival Young Stage in Basel in diesem Jahr. Wir haben uns dazu mit Nadja Hauser unterhalten.\" \/>\n<meta property=\"og:url\" content=\"https:\/\/www.memo-media.de\/blog\/nadja-hauser-young-stage-international-circus-festival\/\" \/>\n<meta property=\"og:site_name\" content=\"memo-media Blog f\u00fcr die Eventplanung\" \/>\n<meta property=\"article:published_time\" content=\"2018-04-10T08:10:46+00:00\" \/>\n<meta property=\"article:modified_time\" content=\"2020-06-19T08:05:10+00:00\" \/>\n<meta property=\"og:image\" content=\"https:\/\/www.memo-media.de\/blog\/wp-content\/uploads\/2018\/03\/young-stage-beitragsbild.jpg\" \/>\n\t<meta property=\"og:image:width\" content=\"1050\" \/>\n\t<meta property=\"og:image:height\" content=\"804\" \/>\n\t<meta property=\"og:image:type\" content=\"image\/jpeg\" \/>\n<meta name=\"author\" content=\"Julia Gundelach\" \/>\n<meta name=\"twitter:label1\" content=\"Verfasst von\" \/>\n\t<meta name=\"twitter:data1\" content=\"Julia Gundelach\" \/>\n\t<meta name=\"twitter:label2\" content=\"Gesch\u00e4tzte Lesezeit\" \/>\n\t<meta name=\"twitter:data2\" content=\"2\u00a0Minuten\" \/>\n<script type=\"application\/ld+json\" class=\"yoast-schema-graph\">{\"@context\":\"https:\/\/schema.org\",\"@graph\":[{\"@type\":\"WebPage\",\"@id\":\"https:\/\/www.memo-media.de\/blog\/nadja-hauser-young-stage-international-circus-festival\/\",\"url\":\"https:\/\/www.memo-media.de\/blog\/nadja-hauser-young-stage-international-circus-festival\/\",\"name\":\"Nadja Hauser, Initiatorin des Young Stage Cirus Festivals, im Interview\",\"isPartOf\":{\"@id\":\"https:\/\/www.memo-media.de\/blog\/#website\"},\"datePublished\":\"2018-04-10T08:10:46+00:00\",\"dateModified\":\"2020-06-19T08:05:10+00:00\",\"author\":{\"@id\":\"https:\/\/www.memo-media.de\/blog\/#\/schema\/person\/b01cd365604b7a1226e889d3e8e6f56d\"},\"description\":\"Sein zehntes Jahr feiert das Circus-Festival Young Stage in Basel in diesem Jahr. Wir haben uns dazu mit Nadja Hauser unterhalten.\",\"breadcrumb\":{\"@id\":\"https:\/\/www.memo-media.de\/blog\/nadja-hauser-young-stage-international-circus-festival\/#breadcrumb\"},\"inLanguage\":\"de\",\"potentialAction\":[{\"@type\":\"ReadAction\",\"target\":[\"https:\/\/www.memo-media.de\/blog\/nadja-hauser-young-stage-international-circus-festival\/\"]}]},{\"@type\":\"BreadcrumbList\",\"@id\":\"https:\/\/www.memo-media.de\/blog\/nadja-hauser-young-stage-international-circus-festival\/#breadcrumb\",\"itemListElement\":[{\"@type\":\"ListItem\",\"position\":1,\"name\":\"Home\",\"item\":\"https:\/\/www.memo-media.de\/blog\/\"},{\"@type\":\"ListItem\",\"position\":2,\"name\":\"3 Fragen an: Nadja Hauser, Initiatorin des Young Stage Festivals, Basel\"}]},{\"@type\":\"WebSite\",\"@id\":\"https:\/\/www.memo-media.de\/blog\/#website\",\"url\":\"https:\/\/www.memo-media.de\/blog\/\",\"name\":\"memo-media Blog f\u00fcr die Eventplanung\",\"description\":\"News und Facts aus der Eventbranche f\u00fcr die Eventbranche\",\"potentialAction\":[{\"@type\":\"SearchAction\",\"target\":{\"@type\":\"EntryPoint\",\"urlTemplate\":\"https:\/\/www.memo-media.de\/blog\/?s={search_term_string}\"},\"query-input\":\"required name=search_term_string\"}],\"inLanguage\":\"de\"},{\"@type\":\"Person\",\"@id\":\"https:\/\/www.memo-media.de\/blog\/#\/schema\/person\/b01cd365604b7a1226e889d3e8e6f56d\",\"name\":\"Julia Gundelach\",\"image\":{\"@type\":\"ImageObject\",\"inLanguage\":\"de\",\"@id\":\"https:\/\/www.memo-media.de\/blog\/#\/schema\/person\/image\/\",\"url\":\"https:\/\/www.memo-media.de\/blog\/wp-content\/uploads\/2021\/05\/julia-gundelach-150x150.jpg\",\"contentUrl\":\"https:\/\/www.memo-media.de\/blog\/wp-content\/uploads\/2021\/05\/julia-gundelach-150x150.jpg\",\"caption\":\"Julia Gundelach\"},\"description\":\"Julia Gundelach ist seit 2016 Teil des memo-media-Teams und bloggt am liebsten \u00fcber actionreiche Eventformate, die sie auch selbst mal testen darf. Als freie Redakteurin ist sie spezialisiert auf die Bereiche Marketing, PR und Werbung, aber auch auf neue Themen in der Veranstaltungswirtschaft. Zum Gl\u00fcck, denn eine buntere, vielf\u00e4ltigere und \u00fcberraschendere Welt, als das Event-Business kann sie sich nicht vorstellen!\",\"url\":\"https:\/\/www.memo-media.de\/blog\/author\/anna-steinberg\/\"}]}<\/script>\n<!-- \/ Yoast SEO Premium plugin. -->","yoast_head_json":{"title":"Nadja Hauser, Initiatorin des Young Stage Cirus Festivals, im Interview","description":"Sein zehntes Jahr feiert das Circus-Festival Young Stage in Basel in diesem Jahr. Wir haben uns dazu mit Nadja Hauser unterhalten.","robots":{"index":"index","follow":"follow","max-snippet":"max-snippet:-1","max-image-preview":"max-image-preview:large","max-video-preview":"max-video-preview:-1"},"canonical":"https:\/\/www.memo-media.de\/blog\/nadja-hauser-young-stage-international-circus-festival\/","og_locale":"de_DE","og_type":"article","og_title":"3 Fragen an: Nadja Hauser, Initiatorin des Young Stage Festivals, Basel","og_description":"Sein zehntes Jahr feiert das Circus-Festival Young Stage in Basel in diesem Jahr. Wir haben uns dazu mit Nadja Hauser unterhalten.","og_url":"https:\/\/www.memo-media.de\/blog\/nadja-hauser-young-stage-international-circus-festival\/","og_site_name":"memo-media Blog f\u00fcr die Eventplanung","article_published_time":"2018-04-10T08:10:46+00:00","article_modified_time":"2020-06-19T08:05:10+00:00","og_image":[{"width":1050,"height":804,"url":"https:\/\/www.memo-media.de\/blog\/wp-content\/uploads\/2018\/03\/young-stage-beitragsbild.jpg","type":"image\/jpeg"}],"author":"Julia Gundelach","twitter_misc":{"Verfasst von":"Julia Gundelach","Gesch\u00e4tzte Lesezeit":"2\u00a0Minuten"},"schema":{"@context":"https:\/\/schema.org","@graph":[{"@type":"WebPage","@id":"https:\/\/www.memo-media.de\/blog\/nadja-hauser-young-stage-international-circus-festival\/","url":"https:\/\/www.memo-media.de\/blog\/nadja-hauser-young-stage-international-circus-festival\/","name":"Nadja Hauser, Initiatorin des Young Stage Cirus Festivals, im Interview","isPartOf":{"@id":"https:\/\/www.memo-media.de\/blog\/#website"},"datePublished":"2018-04-10T08:10:46+00:00","dateModified":"2020-06-19T08:05:10+00:00","author":{"@id":"https:\/\/www.memo-media.de\/blog\/#\/schema\/person\/b01cd365604b7a1226e889d3e8e6f56d"},"description":"Sein zehntes Jahr feiert das Circus-Festival Young Stage in Basel in diesem Jahr. Wir haben uns dazu mit Nadja Hauser unterhalten.","breadcrumb":{"@id":"https:\/\/www.memo-media.de\/blog\/nadja-hauser-young-stage-international-circus-festival\/#breadcrumb"},"inLanguage":"de","potentialAction":[{"@type":"ReadAction","target":["https:\/\/www.memo-media.de\/blog\/nadja-hauser-young-stage-international-circus-festival\/"]}]},{"@type":"BreadcrumbList","@id":"https:\/\/www.memo-media.de\/blog\/nadja-hauser-young-stage-international-circus-festival\/#breadcrumb","itemListElement":[{"@type":"ListItem","position":1,"name":"Home","item":"https:\/\/www.memo-media.de\/blog\/"},{"@type":"ListItem","position":2,"name":"3 Fragen an: Nadja Hauser, Initiatorin des Young Stage Festivals, Basel"}]},{"@type":"WebSite","@id":"https:\/\/www.memo-media.de\/blog\/#website","url":"https:\/\/www.memo-media.de\/blog\/","name":"memo-media Blog f\u00fcr die Eventplanung","description":"News und Facts aus der Eventbranche f\u00fcr die Eventbranche","potentialAction":[{"@type":"SearchAction","target":{"@type":"EntryPoint","urlTemplate":"https:\/\/www.memo-media.de\/blog\/?s={search_term_string}"},"query-input":"required name=search_term_string"}],"inLanguage":"de"},{"@type":"Person","@id":"https:\/\/www.memo-media.de\/blog\/#\/schema\/person\/b01cd365604b7a1226e889d3e8e6f56d","name":"Julia Gundelach","image":{"@type":"ImageObject","inLanguage":"de","@id":"https:\/\/www.memo-media.de\/blog\/#\/schema\/person\/image\/","url":"https:\/\/www.memo-media.de\/blog\/wp-content\/uploads\/2021\/05\/julia-gundelach-150x150.jpg","contentUrl":"https:\/\/www.memo-media.de\/blog\/wp-content\/uploads\/2021\/05\/julia-gundelach-150x150.jpg","caption":"Julia Gundelach"},"description":"Julia Gundelach ist seit 2016 Teil des memo-media-Teams und bloggt am liebsten \u00fcber actionreiche Eventformate, die sie auch selbst mal testen darf. Als freie Redakteurin ist sie spezialisiert auf die Bereiche Marketing, PR und Werbung, aber auch auf neue Themen in der Veranstaltungswirtschaft. Zum Gl\u00fcck, denn eine buntere, vielf\u00e4ltigere und \u00fcberraschendere Welt, als das Event-Business kann sie sich nicht vorstellen!","url":"https:\/\/www.memo-media.de\/blog\/author\/anna-steinberg\/"}]}},"_links":{"self":[{"href":"https:\/\/www.memo-media.de\/blog\/wp-json\/wp\/v2\/posts\/7187"}],"collection":[{"href":"https:\/\/www.memo-media.de\/blog\/wp-json\/wp\/v2\/posts"}],"about":[{"href":"https:\/\/www.memo-media.de\/blog\/wp-json\/wp\/v2\/types\/post"}],"author":[{"embeddable":true,"href":"https:\/\/www.memo-media.de\/blog\/wp-json\/wp\/v2\/users\/29"}],"replies":[{"embeddable":true,"href":"https:\/\/www.memo-media.de\/blog\/wp-json\/wp\/v2\/comments?post=7187"}],"version-history":[{"count":10,"href":"https:\/\/www.memo-media.de\/blog\/wp-json\/wp\/v2\/posts\/7187\/revisions"}],"predecessor-version":[{"id":11699,"href":"https:\/\/www.memo-media.de\/blog\/wp-json\/wp\/v2\/posts\/7187\/revisions\/11699"}],"wp:featuredmedia":[{"embeddable":true,"href":"https:\/\/www.memo-media.de\/blog\/wp-json\/wp\/v2\/media\/7190"}],"wp:attachment":[{"href":"https:\/\/www.memo-media.de\/blog\/wp-json\/wp\/v2\/media?parent=7187"}],"wp:term":[{"taxonomy":"category","embeddable":true,"href":"https:\/\/www.memo-media.de\/blog\/wp-json\/wp\/v2\/categories?post=7187"},{"taxonomy":"post_tag","embeddable":true,"href":"https:\/\/www.memo-media.de\/blog\/wp-json\/wp\/v2\/tags?post=7187"}],"curies":[{"name":"wp","href":"https:\/\/api.w.org\/{rel}","templated":true}]}}