{"id":6836,"date":"2018-01-23T13:28:38","date_gmt":"2018-01-23T11:28:38","guid":{"rendered":"https:\/\/www.memo-media.de\/blog\/?p=6836"},"modified":"2020-04-01T14:33:29","modified_gmt":"2020-04-01T12:33:29","slug":"un-klimakonferenz-2017-temporaere-gebaeude-neptunus","status":"publish","type":"post","link":"https:\/\/www.memo-media.de\/blog\/un-klimakonferenz-2017-temporaere-gebaeude-neptunus\/","title":{"rendered":"23. UN-Klimakonferenz in Bonn 2017 \u2013 tempor\u00e4re Geb\u00e4ude von Neptunus"},"content":{"rendered":"<p class=\"p1\">Im November 2017 fand die 23. <a href=\"https:\/\/de.wikipedia.org\/wiki\/UN-Klimakonferenz\" target=\"_blank\" rel=\"noopener noreferrer\">UN-Klimakonferenz<\/a> (COP23) am <a href=\"https:\/\/de.wikipedia.org\/wiki\/UN-Campus\" target=\"_blank\" rel=\"noopener noreferrer\">UN-Campus<\/a> in <a href=\"https:\/\/de.wikipedia.org\/wiki\/Bonn\" target=\"_blank\" rel=\"noopener noreferrer\">Bonn<\/a> statt. Nahezu 29.000 Besucher, darunter Tausende von Regierungsdelegierten aus rund zweihundert Nationen und Medienvertreter aus aller Welt, diskutierten die Auswirkungen der nach dem Pariser Abkommen ergriffen Ma\u00dfnahmen zu Schutz und Verbesserung des Weltklimas. Das Besondere daran: Erstmals erhielt eine Klimakonferenz der Vereinten Nationen die offizielle Zertifizierung als umweltfreundliche Veranstaltung. Ma\u00dfgeblichen Anteil daran hatten die daf\u00fcr errichteten tempor\u00e4ren Veranstaltungsgeb\u00e4ude von Neptunus, dem weltweiten Spezialisten f\u00fcr innovative tempor\u00e4re Architektur mit Sitz in D\u00fcsseldorf.<\/p>\n<h3 class=\"p1\">Tempor\u00e4re Geb\u00e4ude von Neptunus \u2013 innovativ und nachhaltig<\/h3>\n<div id=\"attachment_6841\" style=\"width: 310px\" class=\"wp-caption alignright\"><a href=\"https:\/\/www.memo-media.de\/blog\/wp-content\/uploads\/2018\/01\/neptunus-temporaere-gebaeude-3.jpg\"><img aria-describedby=\"caption-attachment-6841\" decoding=\"async\" loading=\"lazy\" class=\"wp-image-6841 size-medium\" src=\"https:\/\/www.memo-media.de\/blog\/wp-content\/uploads\/2018\/01\/neptunus-temporaere-gebaeude-3-300x200.jpg\" alt=\"Neptunus tempor\u00e4re Geb\u00e4ude\" width=\"300\" height=\"200\" srcset=\"https:\/\/www.memo-media.de\/blog\/wp-content\/uploads\/2018\/01\/neptunus-temporaere-gebaeude-3-300x200.jpg 300w, https:\/\/www.memo-media.de\/blog\/wp-content\/uploads\/2018\/01\/neptunus-temporaere-gebaeude-3-768x512.jpg 768w, https:\/\/www.memo-media.de\/blog\/wp-content\/uploads\/2018\/01\/neptunus-temporaere-gebaeude-3-335x223.jpg 335w, https:\/\/www.memo-media.de\/blog\/wp-content\/uploads\/2018\/01\/neptunus-temporaere-gebaeude-3.jpg 1000w\" sizes=\"(max-width: 300px) 100vw, 300px\" \/><\/a><p id=\"caption-attachment-6841\" class=\"wp-caption-text\">Das Exhibition-Center stellte die gr\u00f6\u00dfte Halle dar \u2013 u. a. befand sich hier das Sekretariat der \u201eUnited Nations\u201c mit einem eigenen Bereich.<\/p><\/div>\n<p class=\"p1\">Auf einer Gesamtfl\u00e4che von 15.700 m\u00b2 stellte Neptunus die beiden gr\u00f6\u00dften, zentralen Geb\u00e4ude der Konferenz, das \u00b4Exhibition-Center\u00b4 und den `Delegation Pavillon\u00b4. Dazu der f\u00fcr die <a href=\"https:\/\/de.wikipedia.org\/wiki\/UN-Klimakonferenz\" target=\"_blank\" rel=\"noopener noreferrer\">Klimakonferenz<\/a> verantwortliche Projektleiter bei Neptunus, Marcus Gisbertz: \u201eWir haben uns dabei f\u00fcr tempor\u00e4re Geb\u00e4ude aus unserer Serie \u201eEvolution2\u201c entschieden, da sie den Vorgaben f\u00fcr das Projekt optimal entsprachen. Die Evolution-Geb\u00e4ude von Neptunus haben die Form und die Ausstrahlung permanenter Geb\u00e4ude, sind jedoch vollkommen nachhaltig und bestehen aus wiederverwendbaren Baustoffen und -materialien. Das \u00b4Exhibition-Center\u00b4, zu dem ein ger\u00e4umiges Zwischengeschoss geh\u00f6rte, stellte die gr\u00f6\u00dfte Halle der Veranstaltung dar und bot auf \u00fcber 10.000 Quadratmetern vor allem Ausstellungsfl\u00e4che f\u00fcr eine Vielzahl kleinerer Organisationen, die sich weltweit mit dem Klimawandel besch\u00e4ftigen; dazu eine B\u00fchne und einen eigenen Bereich f\u00fcr das Sekretariat der \u201eUnited Nations\u201c. Unser zweites tempor\u00e4res Geb\u00e4ude, der `Delegation Pavillon\u00b4 mit \u00fcber 5.000 Quadratmetern, bot den verschiedenen L\u00e4ndern eine Plattform, um sich und Ihr Bem\u00fchen um den Klimaschutz zu pr\u00e4sentieren. Hierbei stand ein gemeinsamer Austausch von Ideen und Umsetzungsm\u00f6glichkeiten im Fokus.<\/p>\n<div id=\"attachment_6843\" style=\"width: 310px\" class=\"wp-caption alignleft\"><a href=\"https:\/\/www.memo-media.de\/blog\/wp-content\/uploads\/2018\/01\/neptunus-temporaere-gebaeude-4.jpg\"><img aria-describedby=\"caption-attachment-6843\" decoding=\"async\" loading=\"lazy\" class=\"wp-image-6843 size-medium\" src=\"https:\/\/www.memo-media.de\/blog\/wp-content\/uploads\/2018\/01\/neptunus-temporaere-gebaeude-4-300x200.jpg\" alt=\"Neptunus tempor\u00e4re Geb\u00e4ude\" width=\"300\" height=\"200\" srcset=\"https:\/\/www.memo-media.de\/blog\/wp-content\/uploads\/2018\/01\/neptunus-temporaere-gebaeude-4-300x200.jpg 300w, https:\/\/www.memo-media.de\/blog\/wp-content\/uploads\/2018\/01\/neptunus-temporaere-gebaeude-4-768x512.jpg 768w, https:\/\/www.memo-media.de\/blog\/wp-content\/uploads\/2018\/01\/neptunus-temporaere-gebaeude-4-335x223.jpg 335w, https:\/\/www.memo-media.de\/blog\/wp-content\/uploads\/2018\/01\/neptunus-temporaere-gebaeude-4.jpg 1000w\" sizes=\"(max-width: 300px) 100vw, 300px\" \/><\/a><p id=\"caption-attachment-6843\" class=\"wp-caption-text\">500 kg schwere LED-Kugel (an einem Punkt aufgeh\u00e4ngt!) \u00fcber dem deutschen Informationsstand im \u201eDelegation Pavillon\u201c \u2013 das hoch belastbare Hallendach der \u201eEvolution\u201c-Serie von Neptunus macht solch\u2019 einen Blickfang m\u00f6glich!<\/p><\/div>\n<p class=\"p1\">Sowohl die Ausstellungshalle wie auch das tempor\u00e4re Konferenzzentrum wurden nach der Veranstaltung r\u00fcckgebaut, um sie anderswo wiederzuverwenden. [memo_eintrag kundennummer=124267]Neptunus[\/memo_eintrag] hat einen hervorragenden Ruf in Bezug auf die Lieferung von qualitativ hochwertigen tempor\u00e4ren Geb\u00e4uden, die schnell errichtet und r\u00fcckgebaut werden k\u00f6nnen und gleichzeitig sicher und \u00e4u\u00dferst stabil sind \u2013 mit w\u00e4rmeged\u00e4mmten W\u00e4nden, starren B\u00f6den, hervorragender Schalld\u00e4mmung und hochwertiger Akustik.<\/p>\n<h3 class=\"p1\">Ma\u00dfgeschneiderte, umweltschonende L\u00f6sungen auf h\u00f6chstem Niveau<\/h3>\n<p class=\"p1\">Marcus Gisbertz erz\u00e4hlt weiter: \u201eDas von uns betreute Veranstaltungsgel\u00e4nde im \u201eFreizeitpark Rheinaue\u201c erforderte dabei zus\u00e4tzlich besondere Ma\u00dfnahmen in Bezug auf den Umweltschutz wie den alten Baumbestand der Rheinauen. So mussten in dem 70 mal 105 Meter gro\u00dfen \u00b4Exhibition-Center\u00b4 zum Erhalt des alten Baumbestands noch zwei Ecken eingearbeitet werden.<\/p>\n<div id=\"attachment_6844\" style=\"width: 310px\" class=\"wp-caption alignright\"><a href=\"https:\/\/www.memo-media.de\/blog\/wp-content\/uploads\/2018\/01\/bonn-cop23-evolutionii-102790.jpg\"><img aria-describedby=\"caption-attachment-6844\" decoding=\"async\" loading=\"lazy\" class=\"wp-image-6844 size-medium\" src=\"https:\/\/www.memo-media.de\/blog\/wp-content\/uploads\/2018\/01\/bonn-cop23-evolutionii-102790-300x200.jpg\" alt=\"Neptunus tempor\u00e4re Geb\u00e4ude\" width=\"300\" height=\"200\" srcset=\"https:\/\/www.memo-media.de\/blog\/wp-content\/uploads\/2018\/01\/bonn-cop23-evolutionii-102790-300x200.jpg 300w, https:\/\/www.memo-media.de\/blog\/wp-content\/uploads\/2018\/01\/bonn-cop23-evolutionii-102790-768x512.jpg 768w, https:\/\/www.memo-media.de\/blog\/wp-content\/uploads\/2018\/01\/bonn-cop23-evolutionii-102790-335x223.jpg 335w, https:\/\/www.memo-media.de\/blog\/wp-content\/uploads\/2018\/01\/bonn-cop23-evolutionii-102790.jpg 1000w\" sizes=\"(max-width: 300px) 100vw, 300px\" \/><\/a><p id=\"caption-attachment-6844\" class=\"wp-caption-text\">Beim Aufbau waren besondere Ma\u00dfnahmen notwendig in Bezug auf den Umweltschutz \u2013 wie den alten Baumbestand der Rheinauen.<\/p><\/div>\n<p class=\"p1\">\u00c4hnliches galt f\u00fcr den `Delegation Pavillon\u00b4, der eine sehr gro\u00dfe Messehalle von 60 mal 140 Meter darstellte \u2013 ebenfalls wiederum mit zwei Ecken, aber auch mit einer zwischen 60 und 40 Meter wechselnden Breite \u2013 auch hier aufgrund von Baumbest\u00e4nden! Dennoch bildete der Bau eine komplette Halle, weil es vom Gestalterischen her von Bedeutung war, eine gro\u00dfe, in sich geschlossene Optik zu erzielen. Das Besondere daran ist der einfache Aufbau dank unseres Evolution-Systems. Zum einen k\u00f6nnen wir aus dem System heraus eine Halle in ihren Dimensionen breiter oder schmaler werden lassen, wo andere zus\u00e4tzlich Hallen daneben bauen m\u00fcssen. Neptunus kann das alles \u201eaus einem Guss\u201c bauen \u2013 eine breitenvariable Halle, freitragend, hoch belastbar! Und zum anderen die Tatsache, dass man bei unserem Evolution-System keine Kr\u00e4ne benutzen muss, um das Dach aufzurichten, weil man es hydraulisch nach oben fahren kann. In anderen Hallen br\u00e4uchte man sechs bis acht Kr\u00e4ne \u2013 diese einzusparen, verbessert die Umwelt-Bilanz nat\u00fcrlich auch ganz erheblich!\u201c<\/p>\n<h3 class=\"p1\">Neptunus: Sicherheit, Qualit\u00e4t, perfekte Optik und praktizierter Umweltschutz<\/h3>\n<div id=\"attachment_6845\" style=\"width: 310px\" class=\"wp-caption alignleft\"><a href=\"https:\/\/www.memo-media.de\/blog\/wp-content\/uploads\/2018\/01\/neptunus-temporaere-gebaeude-1.jpg\"><img aria-describedby=\"caption-attachment-6845\" decoding=\"async\" loading=\"lazy\" class=\"wp-image-6845 size-medium\" src=\"https:\/\/www.memo-media.de\/blog\/wp-content\/uploads\/2018\/01\/neptunus-temporaere-gebaeude-1-300x200.jpg\" alt=\"Neptunus tempor\u00e4re Geb\u00e4ude\" width=\"300\" height=\"200\" srcset=\"https:\/\/www.memo-media.de\/blog\/wp-content\/uploads\/2018\/01\/neptunus-temporaere-gebaeude-1-300x200.jpg 300w, https:\/\/www.memo-media.de\/blog\/wp-content\/uploads\/2018\/01\/neptunus-temporaere-gebaeude-1-768x512.jpg 768w, https:\/\/www.memo-media.de\/blog\/wp-content\/uploads\/2018\/01\/neptunus-temporaere-gebaeude-1-335x223.jpg 335w, https:\/\/www.memo-media.de\/blog\/wp-content\/uploads\/2018\/01\/neptunus-temporaere-gebaeude-1.jpg 1000w\" sizes=\"(max-width: 300px) 100vw, 300px\" \/><\/a><p id=\"caption-attachment-6845\" class=\"wp-caption-text\">Erstmals erhielt eine Klimakonferenz der Vereinten Nationen die offizielle Zertifizierung als umweltfreundliche Veranstaltung.<\/p><\/div>\n<p class=\"p1\">Das Zertifikat \u201eEco-Management Audit Scheme\u201c (EMAS) best\u00e4tigt den Veranstaltern die erfolgreiche und umweltfreundliche Durchf\u00fchrung der Konferenz. Ovais Sarmad, Stellvertretender Gesch\u00e4ftsf\u00fchrer der UN-Klimakonferenz, lobte die COP23 2017 in Bonn, die 23. Konferenz der Mitgliedsstaaten der Vereinten Nationen, als die \u201ebisher gr\u00fcnste\u201c. Er sagte, das Erreichen der hohen Anforderungen der EMAS-Zertifizierung habe das Nachhaltigkeitsniveau der UN-Konferenzen erh\u00f6ht.<\/p>\n<p class=\"p1\">Dazu Tom Ambaum, Gesch\u00e4ftsf\u00fchrer f\u00fcr den weltweiten Verkauf bei Neptunus: \u201eWir sind stolz, dass wir die tempor\u00e4ren R\u00e4umlichkeiten f\u00fcr die COP23 errichtet haben. Unsere tempor\u00e4ren Konferenzgeb\u00e4ude und unsere Bauweise entsprechen nicht nur den strengen Sicherheits- und Qualit\u00e4tsanforderungen, auch im Bereich Nachhaltigkeit unterst\u00fctzen unsere Produkte das Motto der Klimakonferenz.\u201c<\/p>\n<p class=\"p1\">Details und Kontakt unter: <a href=\"http:\/\/www.neptunus.de\/\" target=\"_blank\" rel=\"noopener noreferrer\">www.neptunus.de<\/a><\/p>\n","protected":false},"excerpt":{"rendered":"<p>Im November 2017 fand die 23. UN-Klimakonferenz (COP23) am UN-Campus in Bonn statt. Nahezu 29.000 Besucher, darunter Tausende von Regierungsdelegierten&#8230;<\/p>\n","protected":false},"author":34,"featured_media":6840,"comment_status":"closed","ping_status":"open","sticky":false,"template":"","format":"standard","meta":[],"categories":[4,10],"tags":[1314,1313,1226,1312,1239],"yoast_head":"<!-- This site is optimized with the Yoast SEO Premium plugin v20.5 (Yoast SEO v20.5) - https:\/\/yoast.com\/wordpress\/plugins\/seo\/ -->\n<title>23. UN-Klimakonferenz 2017 in Bonn \u2013 tempor\u00e4re Geb\u00e4ude von Neptunus<\/title>\n<meta name=\"description\" content=\"Im November 2017 fand die 23. UN-Klimakonferenz (COP23) am UN-Campus in Bonn statt. Tempor\u00e4re Geb\u00e4ude von Neptunus trugen ma\u00dfgeblich zur Zertifizierung bei.\" \/>\n<meta name=\"robots\" content=\"index, follow, max-snippet:-1, max-image-preview:large, max-video-preview:-1\" \/>\n<link rel=\"canonical\" href=\"https:\/\/www.memo-media.de\/blog\/un-klimakonferenz-2017-temporaere-gebaeude-neptunus\/\" \/>\n<meta property=\"og:locale\" content=\"de_DE\" \/>\n<meta property=\"og:type\" content=\"article\" \/>\n<meta property=\"og:title\" content=\"23. UN-Klimakonferenz in Bonn 2017 \u2013 tempor\u00e4re Geb\u00e4ude von Neptunus\" \/>\n<meta property=\"og:description\" content=\"Im November 2017 fand die 23. UN-Klimakonferenz (COP23) am UN-Campus in Bonn statt. Tempor\u00e4re Geb\u00e4ude von Neptunus trugen ma\u00dfgeblich zur Zertifizierung bei.\" \/>\n<meta property=\"og:url\" content=\"https:\/\/www.memo-media.de\/blog\/un-klimakonferenz-2017-temporaere-gebaeude-neptunus\/\" \/>\n<meta property=\"og:site_name\" content=\"memo-media Blog f\u00fcr die Eventplanung\" \/>\n<meta property=\"article:published_time\" content=\"2018-01-23T11:28:38+00:00\" \/>\n<meta property=\"article:modified_time\" content=\"2020-04-01T12:33:29+00:00\" \/>\n<meta property=\"og:image\" content=\"https:\/\/www.memo-media.de\/blog\/wp-content\/uploads\/2018\/01\/neptunus-temporaere-gebaeude-2.jpg\" \/>\n\t<meta property=\"og:image:width\" content=\"1050\" \/>\n\t<meta property=\"og:image:height\" content=\"804\" \/>\n\t<meta property=\"og:image:type\" content=\"image\/jpeg\" \/>\n<meta name=\"author\" content=\"Otmar Demharter\" \/>\n<meta name=\"twitter:label1\" content=\"Verfasst von\" \/>\n\t<meta name=\"twitter:data1\" content=\"Otmar Demharter\" \/>\n\t<meta name=\"twitter:label2\" content=\"Gesch\u00e4tzte Lesezeit\" \/>\n\t<meta name=\"twitter:data2\" content=\"4\u00a0Minuten\" \/>\n<script type=\"application\/ld+json\" class=\"yoast-schema-graph\">{\"@context\":\"https:\/\/schema.org\",\"@graph\":[{\"@type\":\"WebPage\",\"@id\":\"https:\/\/www.memo-media.de\/blog\/un-klimakonferenz-2017-temporaere-gebaeude-neptunus\/\",\"url\":\"https:\/\/www.memo-media.de\/blog\/un-klimakonferenz-2017-temporaere-gebaeude-neptunus\/\",\"name\":\"23. UN-Klimakonferenz 2017 in Bonn \u2013 tempor\u00e4re Geb\u00e4ude von Neptunus\",\"isPartOf\":{\"@id\":\"https:\/\/www.memo-media.de\/blog\/#website\"},\"datePublished\":\"2018-01-23T11:28:38+00:00\",\"dateModified\":\"2020-04-01T12:33:29+00:00\",\"author\":{\"@id\":\"https:\/\/www.memo-media.de\/blog\/#\/schema\/person\/336976188165190d3d0b0f80b3e24506\"},\"description\":\"Im November 2017 fand die 23. UN-Klimakonferenz (COP23) am UN-Campus in Bonn statt. Tempor\u00e4re Geb\u00e4ude von Neptunus trugen ma\u00dfgeblich zur Zertifizierung bei.\",\"breadcrumb\":{\"@id\":\"https:\/\/www.memo-media.de\/blog\/un-klimakonferenz-2017-temporaere-gebaeude-neptunus\/#breadcrumb\"},\"inLanguage\":\"de\",\"potentialAction\":[{\"@type\":\"ReadAction\",\"target\":[\"https:\/\/www.memo-media.de\/blog\/un-klimakonferenz-2017-temporaere-gebaeude-neptunus\/\"]}]},{\"@type\":\"BreadcrumbList\",\"@id\":\"https:\/\/www.memo-media.de\/blog\/un-klimakonferenz-2017-temporaere-gebaeude-neptunus\/#breadcrumb\",\"itemListElement\":[{\"@type\":\"ListItem\",\"position\":1,\"name\":\"Home\",\"item\":\"https:\/\/www.memo-media.de\/blog\/\"},{\"@type\":\"ListItem\",\"position\":2,\"name\":\"23. UN-Klimakonferenz in Bonn 2017 \u2013 tempor\u00e4re Geb\u00e4ude von Neptunus\"}]},{\"@type\":\"WebSite\",\"@id\":\"https:\/\/www.memo-media.de\/blog\/#website\",\"url\":\"https:\/\/www.memo-media.de\/blog\/\",\"name\":\"memo-media Blog f\u00fcr die Eventplanung\",\"description\":\"News und Facts aus der Eventbranche f\u00fcr die Eventbranche\",\"potentialAction\":[{\"@type\":\"SearchAction\",\"target\":{\"@type\":\"EntryPoint\",\"urlTemplate\":\"https:\/\/www.memo-media.de\/blog\/?s={search_term_string}\"},\"query-input\":\"required name=search_term_string\"}],\"inLanguage\":\"de\"},{\"@type\":\"Person\",\"@id\":\"https:\/\/www.memo-media.de\/blog\/#\/schema\/person\/336976188165190d3d0b0f80b3e24506\",\"name\":\"Otmar Demharter\",\"image\":{\"@type\":\"ImageObject\",\"inLanguage\":\"de\",\"@id\":\"https:\/\/www.memo-media.de\/blog\/#\/schema\/person\/image\/\",\"url\":\"https:\/\/www.memo-media.de\/blog\/wp-content\/uploads\/2017\/08\/0004-demharter-portraets-c-150x150.jpg\",\"contentUrl\":\"https:\/\/www.memo-media.de\/blog\/wp-content\/uploads\/2017\/08\/0004-demharter-portraets-c-150x150.jpg\",\"caption\":\"Otmar Demharter\"},\"description\":\"Otmar Demharter ist freischaffender Regisseur und Autor (Bayerische Staatsoper M\u00fcnchen, Salzburger Festspiele, Theater des Westens Berlin, Broadway-Kooperationen) und arbeitet seit \u00fcber 20 Jahren auch erfolgreich in der Live Communication. Seine Crossover-Projekte im Theaterbereich (vom multimedialen Opernspektakel in den Ruinen von Luxor bis zur gesellschaftskritischen Polit-Revue beim Tollwood Festival in M\u00fcnchen) pr\u00e4gen auch seine Arbeiten als Konzeptioner und Regisseur im Bereich der Live Communication: seine ganzheitlichen Kommunikationskonzepte \u00fcbersetzen mit den schier unersch\u00f6pflichen Mitteln des Theaters Unternehmensbotschaften in die dritte Dimension und schaffen so sinnliche, nachhaltige Erlebniswelten. Seine Gestaltung des 150j\u00e4hrigen Jubil\u00e4ums von Siemens gilt bis heute als beispielhaft.\",\"url\":\"https:\/\/www.memo-media.de\/blog\/author\/otmar-demharter\/\"}]}<\/script>\n<!-- \/ Yoast SEO Premium plugin. -->","yoast_head_json":{"title":"23. UN-Klimakonferenz 2017 in Bonn \u2013 tempor\u00e4re Geb\u00e4ude von Neptunus","description":"Im November 2017 fand die 23. UN-Klimakonferenz (COP23) am UN-Campus in Bonn statt. Tempor\u00e4re Geb\u00e4ude von Neptunus trugen ma\u00dfgeblich zur Zertifizierung bei.","robots":{"index":"index","follow":"follow","max-snippet":"max-snippet:-1","max-image-preview":"max-image-preview:large","max-video-preview":"max-video-preview:-1"},"canonical":"https:\/\/www.memo-media.de\/blog\/un-klimakonferenz-2017-temporaere-gebaeude-neptunus\/","og_locale":"de_DE","og_type":"article","og_title":"23. UN-Klimakonferenz in Bonn 2017 \u2013 tempor\u00e4re Geb\u00e4ude von Neptunus","og_description":"Im November 2017 fand die 23. UN-Klimakonferenz (COP23) am UN-Campus in Bonn statt. Tempor\u00e4re Geb\u00e4ude von Neptunus trugen ma\u00dfgeblich zur Zertifizierung bei.","og_url":"https:\/\/www.memo-media.de\/blog\/un-klimakonferenz-2017-temporaere-gebaeude-neptunus\/","og_site_name":"memo-media Blog f\u00fcr die Eventplanung","article_published_time":"2018-01-23T11:28:38+00:00","article_modified_time":"2020-04-01T12:33:29+00:00","og_image":[{"width":1050,"height":804,"url":"https:\/\/www.memo-media.de\/blog\/wp-content\/uploads\/2018\/01\/neptunus-temporaere-gebaeude-2.jpg","type":"image\/jpeg"}],"author":"Otmar Demharter","twitter_misc":{"Verfasst von":"Otmar Demharter","Gesch\u00e4tzte Lesezeit":"4\u00a0Minuten"},"schema":{"@context":"https:\/\/schema.org","@graph":[{"@type":"WebPage","@id":"https:\/\/www.memo-media.de\/blog\/un-klimakonferenz-2017-temporaere-gebaeude-neptunus\/","url":"https:\/\/www.memo-media.de\/blog\/un-klimakonferenz-2017-temporaere-gebaeude-neptunus\/","name":"23. UN-Klimakonferenz 2017 in Bonn \u2013 tempor\u00e4re Geb\u00e4ude von Neptunus","isPartOf":{"@id":"https:\/\/www.memo-media.de\/blog\/#website"},"datePublished":"2018-01-23T11:28:38+00:00","dateModified":"2020-04-01T12:33:29+00:00","author":{"@id":"https:\/\/www.memo-media.de\/blog\/#\/schema\/person\/336976188165190d3d0b0f80b3e24506"},"description":"Im November 2017 fand die 23. UN-Klimakonferenz (COP23) am UN-Campus in Bonn statt. Tempor\u00e4re Geb\u00e4ude von Neptunus trugen ma\u00dfgeblich zur Zertifizierung bei.","breadcrumb":{"@id":"https:\/\/www.memo-media.de\/blog\/un-klimakonferenz-2017-temporaere-gebaeude-neptunus\/#breadcrumb"},"inLanguage":"de","potentialAction":[{"@type":"ReadAction","target":["https:\/\/www.memo-media.de\/blog\/un-klimakonferenz-2017-temporaere-gebaeude-neptunus\/"]}]},{"@type":"BreadcrumbList","@id":"https:\/\/www.memo-media.de\/blog\/un-klimakonferenz-2017-temporaere-gebaeude-neptunus\/#breadcrumb","itemListElement":[{"@type":"ListItem","position":1,"name":"Home","item":"https:\/\/www.memo-media.de\/blog\/"},{"@type":"ListItem","position":2,"name":"23. UN-Klimakonferenz in Bonn 2017 \u2013 tempor\u00e4re Geb\u00e4ude von Neptunus"}]},{"@type":"WebSite","@id":"https:\/\/www.memo-media.de\/blog\/#website","url":"https:\/\/www.memo-media.de\/blog\/","name":"memo-media Blog f\u00fcr die Eventplanung","description":"News und Facts aus der Eventbranche f\u00fcr die Eventbranche","potentialAction":[{"@type":"SearchAction","target":{"@type":"EntryPoint","urlTemplate":"https:\/\/www.memo-media.de\/blog\/?s={search_term_string}"},"query-input":"required name=search_term_string"}],"inLanguage":"de"},{"@type":"Person","@id":"https:\/\/www.memo-media.de\/blog\/#\/schema\/person\/336976188165190d3d0b0f80b3e24506","name":"Otmar Demharter","image":{"@type":"ImageObject","inLanguage":"de","@id":"https:\/\/www.memo-media.de\/blog\/#\/schema\/person\/image\/","url":"https:\/\/www.memo-media.de\/blog\/wp-content\/uploads\/2017\/08\/0004-demharter-portraets-c-150x150.jpg","contentUrl":"https:\/\/www.memo-media.de\/blog\/wp-content\/uploads\/2017\/08\/0004-demharter-portraets-c-150x150.jpg","caption":"Otmar Demharter"},"description":"Otmar Demharter ist freischaffender Regisseur und Autor (Bayerische Staatsoper M\u00fcnchen, Salzburger Festspiele, Theater des Westens Berlin, Broadway-Kooperationen) und arbeitet seit \u00fcber 20 Jahren auch erfolgreich in der Live Communication. Seine Crossover-Projekte im Theaterbereich (vom multimedialen Opernspektakel in den Ruinen von Luxor bis zur gesellschaftskritischen Polit-Revue beim Tollwood Festival in M\u00fcnchen) pr\u00e4gen auch seine Arbeiten als Konzeptioner und Regisseur im Bereich der Live Communication: seine ganzheitlichen Kommunikationskonzepte \u00fcbersetzen mit den schier unersch\u00f6pflichen Mitteln des Theaters Unternehmensbotschaften in die dritte Dimension und schaffen so sinnliche, nachhaltige Erlebniswelten. Seine Gestaltung des 150j\u00e4hrigen Jubil\u00e4ums von Siemens gilt bis heute als beispielhaft.","url":"https:\/\/www.memo-media.de\/blog\/author\/otmar-demharter\/"}]}},"_links":{"self":[{"href":"https:\/\/www.memo-media.de\/blog\/wp-json\/wp\/v2\/posts\/6836"}],"collection":[{"href":"https:\/\/www.memo-media.de\/blog\/wp-json\/wp\/v2\/posts"}],"about":[{"href":"https:\/\/www.memo-media.de\/blog\/wp-json\/wp\/v2\/types\/post"}],"author":[{"embeddable":true,"href":"https:\/\/www.memo-media.de\/blog\/wp-json\/wp\/v2\/users\/34"}],"replies":[{"embeddable":true,"href":"https:\/\/www.memo-media.de\/blog\/wp-json\/wp\/v2\/comments?post=6836"}],"version-history":[{"count":6,"href":"https:\/\/www.memo-media.de\/blog\/wp-json\/wp\/v2\/posts\/6836\/revisions"}],"predecessor-version":[{"id":10905,"href":"https:\/\/www.memo-media.de\/blog\/wp-json\/wp\/v2\/posts\/6836\/revisions\/10905"}],"wp:featuredmedia":[{"embeddable":true,"href":"https:\/\/www.memo-media.de\/blog\/wp-json\/wp\/v2\/media\/6840"}],"wp:attachment":[{"href":"https:\/\/www.memo-media.de\/blog\/wp-json\/wp\/v2\/media?parent=6836"}],"wp:term":[{"taxonomy":"category","embeddable":true,"href":"https:\/\/www.memo-media.de\/blog\/wp-json\/wp\/v2\/categories?post=6836"},{"taxonomy":"post_tag","embeddable":true,"href":"https:\/\/www.memo-media.de\/blog\/wp-json\/wp\/v2\/tags?post=6836"}],"curies":[{"name":"wp","href":"https:\/\/api.w.org\/{rel}","templated":true}]}}