{"id":6311,"date":"2017-10-10T11:45:00","date_gmt":"2017-10-10T09:45:00","guid":{"rendered":"https:\/\/www.memo-media.de\/blog\/?p=6311"},"modified":"2020-04-03T09:44:59","modified_gmt":"2020-04-03T07:44:59","slug":"strassentheater-tagungsorte-showcases","status":"publish","type":"post","link":"https:\/\/www.memo-media.de\/blog\/strassentheater-tagungsorte-showcases\/","title":{"rendered":"Stra\u00dfentheater &#038; Tagungsorte in der neuen Ausgabe von showcases"},"content":{"rendered":"<p><span style=\"color: #000000;\"><span style=\"font-size: medium;\">Die Bundestagswahlen haben unumstritten Fragen, aber auch Zweifel in unserer Gesellschaft aufgeworfen. Wohin tendiert unsere Zukunft? Ist es nicht so, dass wir in einer offenen, freien und bunten Gesellschaft leben? Eben diese m\u00fcssen wir in diesen Zeiten mehr denn je sp\u00fcren. Und wo geht das besser als auf der Stra\u00dfe selbst? Deswegen lenken wir den Fokus der <a href=\"https:\/\/www.memo-media.de\/showcases-magazin\/open-air-locations-strassentheater-87.html\" target=\"_blank\" rel=\"noopener noreferrer\">neuen Ausgabe von showcases<\/a>, dem Magazin f\u00fcr die Event- und Unternehmenskommunikation, auf das Thema <em>Stra\u00dfentheater<\/em>. Denn hier geht es um Freiheit und Grenzenlosigkeit. Au\u00dferdem beleuchten wir das spannende Thema \u201eTagungslocations\u201c.<\/span><\/span><\/p>\n<p><span style=\"color: #000000;\"><span style=\"font-size: medium;\">Nat\u00fcrlich kommen auch wieder einige wichtige Stimmen der Eventbranche zu Wort \u2013 so zum Beispiel die zuk\u00fcnftige Leiterin der [memo_eintrag kundennummer=126214]Internationalen Kulturb\u00f6rse Freiburg[\/memo_eintrag] Susanne G\u00f6hner. Und in der ganz neuen Rubrik \u201eTalking Heads\u201c werden die Macherinnen und Macher der Event-, Veranstaltungs- und Kulturbranche spannende Einblicke in ihre Meinungen und Standpunkte geben. In der aktuellen Ausgabe starten wir die neue Rubrik passend zum Thema <em>Tagungsorte<\/em> mit der passgenauen Planung von [memo_rubrik id=1809]Locations[\/memo_rubrik].<\/span><\/span><\/p>\n<h3><span style=\"font-size: medium;\"><span style=\"color: #000000;\">Glossary: Alles muss raus<\/span><\/span><\/h3>\n<div id=\"attachment_6313\" style=\"width: 440px\" class=\"wp-caption alignright\"><a href=\"https:\/\/www.memo-media.de\/blog\/wp-content\/uploads\/2017\/10\/luise-privat-im-offentlichen-raum_foto-rainer-bauer.jpg\"><img aria-describedby=\"caption-attachment-6313\" decoding=\"async\" loading=\"lazy\" class=\"wp-image-6313\" src=\"https:\/\/www.memo-media.de\/blog\/wp-content\/uploads\/2017\/10\/luise-privat-im-offentlichen-raum_foto-rainer-bauer.jpg\" alt=\"showcases Stra\u00dfentheater\" width=\"430\" height=\"242\" srcset=\"https:\/\/www.memo-media.de\/blog\/wp-content\/uploads\/2017\/10\/luise-privat-im-offentlichen-raum_foto-rainer-bauer.jpg 1900w, https:\/\/www.memo-media.de\/blog\/wp-content\/uploads\/2017\/10\/luise-privat-im-offentlichen-raum_foto-rainer-bauer-300x169.jpg 300w, https:\/\/www.memo-media.de\/blog\/wp-content\/uploads\/2017\/10\/luise-privat-im-offentlichen-raum_foto-rainer-bauer-768x432.jpg 768w, https:\/\/www.memo-media.de\/blog\/wp-content\/uploads\/2017\/10\/luise-privat-im-offentlichen-raum_foto-rainer-bauer-1024x576.jpg 1024w, https:\/\/www.memo-media.de\/blog\/wp-content\/uploads\/2017\/10\/luise-privat-im-offentlichen-raum_foto-rainer-bauer-335x188.jpg 335w, https:\/\/www.memo-media.de\/blog\/wp-content\/uploads\/2017\/10\/luise-privat-im-offentlichen-raum_foto-rainer-bauer-1050x590.jpg 1050w\" sizes=\"(max-width: 430px) 100vw, 430px\" \/><\/a><p id=\"caption-attachment-6313\" class=\"wp-caption-text\">Luise Gerlach ist studierte Kulturwissenschaftlerin und im Vorstand des Bundesverbandes Theater im \u00d6ffentlichen Raum e.V.<\/p><\/div>\n<p><span style=\"color: #000000;\"><span style=\"font-size: medium;\">Was bedeutet denn eigentlich <em>Stra\u00dfentheater<\/em>? Fragt man f\u00fcnf Stra\u00dfenk\u00fcnstler, erh\u00e4lt man acht verschiedene Antworten. Um f\u00fcr mehr Klarheit zu sorgen, stellen wir diese Frage im Glossary der neuen showcases in den Fokus. Luise Gerlach ist studierte Kulturwissenschaftlerin und im Vorstand des [memo_eintrag kundennummer=151153]Bundesverbandes Theater im \u00d6ffentlichen Raum e.V.[\/memo_eintrag] Mit einer Portion Witz, aber vor allem viel Informationsgehalt geht sie unterschiedlichen Begriffen und Aspekten des Stra\u00dfentheaters auf den Grund. Unter anderem verr\u00e4t sie, was neben Regen der schlimmste nat\u00fcrliche Feind des Stra\u00dfentheaters ist und warum nicht selten aus freiwilligen Zuschauern unfreiwillige Freiwillige werden.<\/span><\/span><\/p>\n<h3><span style=\"font-size: medium;\"><span style=\"color: #000000;\">Neue Rubrik in showcases: Talking Heads<\/span><\/span><\/h3>\n<div id=\"attachment_6314\" style=\"width: 440px\" class=\"wp-caption alignleft\"><a href=\"https:\/\/www.memo-media.de\/blog\/wp-content\/uploads\/2017\/10\/ikum-ingelheimer-kultur-und-marketing-gmbhheike-rost.jpg\"><img aria-describedby=\"caption-attachment-6314\" decoding=\"async\" loading=\"lazy\" class=\"wp-image-6314\" src=\"https:\/\/www.memo-media.de\/blog\/wp-content\/uploads\/2017\/10\/ikum-ingelheimer-kultur-und-marketing-gmbhheike-rost-1024x688.jpg\" alt=\"showcases Stra\u00dfentheater Tagungslocations\" width=\"430\" height=\"289\" srcset=\"https:\/\/www.memo-media.de\/blog\/wp-content\/uploads\/2017\/10\/ikum-ingelheimer-kultur-und-marketing-gmbhheike-rost-1024x688.jpg 1024w, https:\/\/www.memo-media.de\/blog\/wp-content\/uploads\/2017\/10\/ikum-ingelheimer-kultur-und-marketing-gmbhheike-rost-300x201.jpg 300w, https:\/\/www.memo-media.de\/blog\/wp-content\/uploads\/2017\/10\/ikum-ingelheimer-kultur-und-marketing-gmbhheike-rost-768x516.jpg 768w, https:\/\/www.memo-media.de\/blog\/wp-content\/uploads\/2017\/10\/ikum-ingelheimer-kultur-und-marketing-gmbhheike-rost-335x225.jpg 335w, https:\/\/www.memo-media.de\/blog\/wp-content\/uploads\/2017\/10\/ikum-ingelheimer-kultur-und-marketing-gmbhheike-rost-1050x705.jpg 1050w, https:\/\/www.memo-media.de\/blog\/wp-content\/uploads\/2017\/10\/ikum-ingelheimer-kultur-und-marketing-gmbhheike-rost.jpg 1900w\" sizes=\"(max-width: 430px) 100vw, 430px\" \/><\/a><p id=\"caption-attachment-6314\" class=\"wp-caption-text\">In der neuen Rubrik Talking Heads geht es in dieser Ausgabe um die Planung von Locations.<\/p><\/div>\n<p><span style=\"color: #000000;\"><span style=\"font-size: medium;\">Mit Know-how geht es auch in der neuen Rubrik von showcases weiter: Talking Heads. Hier gew\u00e4hren wichtige Personen der Event-Branche einen Blick in ihre Standpunkte und Gedanken. Passend zum Teilthema \u201eTagungslocations\u201c der aktuellen Ausgabe dreht sich im ersten Beitrag von \u201eTalking Heads\u201c alles um die passgenaue Planung von Locations. Peter Gastberger, Gr\u00fcnder von Scalaria vom Wolfgangsee, Michael Sinn, Gesch\u00e4ftsf\u00fchrer des kING \u2013 Kultur- und Veranstaltungshalle in Ingelheim, und C. Sylvia Weber, Gesch\u00e4ftsbereichsleiterin Kunst und Kultur in der W\u00fcrth-Gruppe, antworten auf f\u00fcnf spannende Fragen.<\/span><\/span><\/p>\n<h3><span style=\"font-size: medium;\"><span style=\"color: #000000;\">Interview zur 30. Internationalen Kulturb\u00f6rse Freiburg \u2013 die Frau danach<\/span><\/span><\/h3>\n<p><span style=\"color: #000000;\"><span style=\"font-size: medium;\">Seit bald drei Jahrzehnten steht die [memo_eintrag kundennummer=126214]Internationale Kulturb\u00f6rse Freiburg[\/memo_eintrag] f\u00fcr anspruchsvolle Stra\u00dfentheater-Produktionen und verbindet jedes Jahr internationale K\u00fcnstler mit Veranstaltern und Zuschauern. In 2018 feiert der Event nicht nur sein 30. Jubil\u00e4um, sondern gleichzeitig auch die Verabschiedung des unumstrittenen Machers dieses Festivals. Holger Thiemann sagt \u201eTsch\u00fcss\u201c und \u00fcbergibt den Staffelstab an seine Nachfolgerin Susanne G\u00f6hner. Die Kulturmanagerin kennt die Internationale Kulturb\u00f6rse Freiburg bereits aus ihren Anfangsjahren und freut sich auf die neue Herausforderung. In einem Interview mit showcases-Herausgeberin und -Chefredakteurin Kerstin Meisner spricht sie offen und ehrlich \u00fcber ihre Gedanken und gibt uns bereits jetzt einen Ausblick auf die Jubil\u00e4umsveranstaltung.<\/span><\/span><\/p>\n<div id=\"attachment_6315\" style=\"width: 510px\" class=\"wp-caption aligncenter\"><a href=\"https:\/\/www.memo-media.de\/blog\/wp-content\/uploads\/2017\/10\/panarbora_turm_quelle_dominik-ketz_panarbora.jpg\"><img aria-describedby=\"caption-attachment-6315\" decoding=\"async\" loading=\"lazy\" class=\"wp-image-6315\" src=\"https:\/\/www.memo-media.de\/blog\/wp-content\/uploads\/2017\/10\/panarbora_turm_quelle_dominik-ketz_panarbora-1024x763.jpg\" alt=\"showcases tagungslocations\" width=\"500\" height=\"373\" srcset=\"https:\/\/www.memo-media.de\/blog\/wp-content\/uploads\/2017\/10\/panarbora_turm_quelle_dominik-ketz_panarbora-1024x763.jpg 1024w, https:\/\/www.memo-media.de\/blog\/wp-content\/uploads\/2017\/10\/panarbora_turm_quelle_dominik-ketz_panarbora-300x224.jpg 300w, https:\/\/www.memo-media.de\/blog\/wp-content\/uploads\/2017\/10\/panarbora_turm_quelle_dominik-ketz_panarbora-768x572.jpg 768w, https:\/\/www.memo-media.de\/blog\/wp-content\/uploads\/2017\/10\/panarbora_turm_quelle_dominik-ketz_panarbora-72x54.jpg 72w, https:\/\/www.memo-media.de\/blog\/wp-content\/uploads\/2017\/10\/panarbora_turm_quelle_dominik-ketz_panarbora-335x250.jpg 335w, https:\/\/www.memo-media.de\/blog\/wp-content\/uploads\/2017\/10\/panarbora_turm_quelle_dominik-ketz_panarbora-1050x783.jpg 1050w, https:\/\/www.memo-media.de\/blog\/wp-content\/uploads\/2017\/10\/panarbora_turm_quelle_dominik-ketz_panarbora.jpg 1900w\" sizes=\"(max-width: 500px) 100vw, 500px\" \/><\/a><p id=\"caption-attachment-6315\" class=\"wp-caption-text\">Im Special pr\u00e4sentieren wir au\u00dfergew\u00f6hnliche Tagungslocations wie den Naturpark Panarbora in Waldbr\u00f6l.<\/p><\/div>\n<h3><span style=\"font-size: medium;\"><span style=\"color: #000000;\">Special mal zwei: Stra\u00dfentheater &amp; Tagungsorte im Fokus<\/span><\/span><\/h3>\n<div id=\"attachment_6316\" style=\"width: 231px\" class=\"wp-caption alignleft\"><a href=\"https:\/\/www.memo-media.de\/blog\/wp-content\/uploads\/2017\/10\/brassappeal-2-kopie.jpeg\"><img aria-describedby=\"caption-attachment-6316\" decoding=\"async\" loading=\"lazy\" class=\"wp-image-6316 size-medium\" src=\"https:\/\/www.memo-media.de\/blog\/wp-content\/uploads\/2017\/10\/brassappeal-2-kopie-221x300.jpeg\" alt=\"showcases Stra\u00dfentheater\" width=\"221\" height=\"300\" srcset=\"https:\/\/www.memo-media.de\/blog\/wp-content\/uploads\/2017\/10\/brassappeal-2-kopie-221x300.jpeg 221w, https:\/\/www.memo-media.de\/blog\/wp-content\/uploads\/2017\/10\/brassappeal-2-kopie-768x1044.jpeg 768w, https:\/\/www.memo-media.de\/blog\/wp-content\/uploads\/2017\/10\/brassappeal-2-kopie-753x1024.jpeg 753w, https:\/\/www.memo-media.de\/blog\/wp-content\/uploads\/2017\/10\/brassappeal-2-kopie-335x455.jpeg 335w, https:\/\/www.memo-media.de\/blog\/wp-content\/uploads\/2017\/10\/brassappeal-2-kopie-1050x1427.jpeg 1050w, https:\/\/www.memo-media.de\/blog\/wp-content\/uploads\/2017\/10\/brassappeal-2-kopie.jpeg 1398w\" sizes=\"(max-width: 221px) 100vw, 221px\" \/><\/a><p id=\"caption-attachment-6316\" class=\"wp-caption-text\">BrassAppeal im zweiten Teil des Specials zum Thema &#8220;Stra\u00dfentheater&#8221;.<\/p><\/div>\n<p><span style=\"color: #000000;\"><span style=\"font-size: medium;\">Da sich die neue showcases-Ausgabe gleich zwei vielschichtigen Themen widmet, beleuchten wir in der Special-Rubrik beide Bereiche. Wenn die Stra\u00dfe zur B\u00fchne wird, ist ohne Frage vom Stra\u00dfentheater die Rede. Von m\u00e4rchenhaften Kreaturen, \u00fcber [memo_rubrik id=2249]Walk Acts auf Stelzen[\/memo_rubrik] bis hin zu digitalen Attraktionen \u2013 der \u00f6ffentliche Raum bietet jeder verr\u00fcckten Idee und jedem leidenschaftlichen Talent seinen Platz. Und im Special stellen wir einige au\u00dfergew\u00f6hnliche Stra\u00dfentheater-Produktionen vor.<\/span><\/span><\/p>\n<p><span style=\"color: #000000;\"><span style=\"font-size: medium;\">Weiter geht es mit ausgefallenen [memo_rubrik id=1809]Tagungslocations[\/memo_rubrik]. Denn ob mit Panorama-Aussicht, Sand unter den F\u00fc\u00dfen oder unter blauem Himmel \u2013 wenn es um Tagungen und Events geht, suchen Veranstalter vor allem eines: das Besondere. Im Special reisen wir einmal quer durch Deutschland und pr\u00e4sentieren au\u00dfergew\u00f6hnliche Tagungsorte aus verschiedenen St\u00e4dten.<\/span><\/span><\/p>\n<h3><span style=\"font-size: medium;\"><span style=\"color: #000000;\">showcases bestellen und inspirieren lassen<\/span><\/span><\/h3>\n<p><span style=\"color: #000000;\"><span style=\"font-size: medium;\">Eventmanager, Veranstalter und Kommunikationsverantwortliche, die Ideen und Inspirationen zum Thema Unterhaltungsmusik f\u00fcr Events suchen, k\u00f6nnen ein kostenfreies Probeexemplar der\u00a0\u00a0<\/span><\/span><span style=\"font-size: medium;\"><a href=\"https:\/\/www.memo-media.de\/showcases-magazin\/open-air-locations-strassentheater-87.html\" target=\"_blank\" rel=\"noopener noreferrer\"><span style=\"color: #000080;\"><span lang=\"zxx\"><span style=\"color: #000000;\">aktuellen Ausgabe<\/span><\/span><\/span><\/a><\/span><span style=\"color: #000000;\"><span style=\"font-size: medium;\">\u00a0von showcases\u00a0per Mail an\u00a0<\/span><\/span><span style=\"color: #000080;\"><span lang=\"zxx\"><u><a href=\"mailto:showcases@memo-media.de\" target=\"_blank\" rel=\"noopener noreferrer\"><span style=\"color: #000000;\"><span style=\"font-size: medium;\">showcases@memo-media.de<\/span><\/span><\/a><\/u><\/span><\/span><span style=\"color: #000000;\"><span style=\"font-size: medium;\">\u00a0oder telefonisch unter 02296-900946 bestellen.<\/span><\/span><\/p>\n<p><span style=\"color: #000000;\"><span style=\"font-size: medium;\">In der folgenden Ausgabe feiert showcases ihr 10-j\u00e4hriges Jubil\u00e4um. So viel sei verraten: Wir geben einen Einblick in unsere Denke und widmen den Schwerpunkt der Jubil\u00e4umsausgabe dem starken Geschlecht der Event- und Showbranche.<\/span><\/span><\/p>\n","protected":false},"excerpt":{"rendered":"<p>Die Bundestagswahlen haben unumstritten Fragen, aber auch Zweifel in unserer Gesellschaft aufgeworfen. Wohin tendiert unsere Zukunft? Ist es nicht so,&#8230;<\/p>\n","protected":false},"author":21,"featured_media":6321,"comment_status":"closed","ping_status":"open","sticky":false,"template":"","format":"standard","meta":[],"categories":[5,7],"tags":[258,576,121,838,249,1217,368],"yoast_head":"<!-- This site is optimized with the Yoast SEO Premium plugin v20.5 (Yoast SEO v20.5) - https:\/\/yoast.com\/wordpress\/plugins\/seo\/ -->\n<title>Stra\u00dfentheater &amp; Tagungsorte in der neuen Ausgabe von showcases<\/title>\n<meta name=\"description\" content=\"In der neuen Ausgabe des memo-media-Magazins showcases dreht sich alles rund das Stra\u00dfentheater und Tagungsorte. Mit spannenden Interviews und Specials.\" \/>\n<meta name=\"robots\" content=\"index, follow, max-snippet:-1, max-image-preview:large, max-video-preview:-1\" \/>\n<link rel=\"canonical\" href=\"https:\/\/www.memo-media.de\/blog\/strassentheater-tagungsorte-showcases\/\" \/>\n<meta property=\"og:locale\" content=\"de_DE\" \/>\n<meta property=\"og:type\" content=\"article\" \/>\n<meta property=\"og:title\" content=\"Stra\u00dfentheater &amp; Tagungsorte in der neuen Ausgabe von showcases\" \/>\n<meta property=\"og:description\" content=\"In der neuen Ausgabe des memo-media-Magazins showcases dreht sich alles rund das Stra\u00dfentheater und Tagungsorte. Mit spannenden Interviews und Specials.\" \/>\n<meta property=\"og:url\" content=\"https:\/\/www.memo-media.de\/blog\/strassentheater-tagungsorte-showcases\/\" \/>\n<meta property=\"og:site_name\" content=\"memo-media Blog f\u00fcr die Eventplanung\" \/>\n<meta property=\"article:published_time\" content=\"2017-10-10T09:45:00+00:00\" \/>\n<meta property=\"article:modified_time\" content=\"2020-04-03T07:44:59+00:00\" \/>\n<meta property=\"og:image\" content=\"https:\/\/www.memo-media.de\/blog\/wp-content\/uploads\/2017\/10\/strassentheater-tagungsorte-showcases.jpg\" \/>\n\t<meta property=\"og:image:width\" content=\"1050\" \/>\n\t<meta property=\"og:image:height\" content=\"804\" \/>\n\t<meta property=\"og:image:type\" content=\"image\/jpeg\" \/>\n<meta name=\"author\" content=\"Tabea Lettau\" \/>\n<meta name=\"twitter:label1\" content=\"Verfasst von\" \/>\n\t<meta name=\"twitter:data1\" content=\"Tabea Lettau\" \/>\n\t<meta name=\"twitter:label2\" content=\"Gesch\u00e4tzte Lesezeit\" \/>\n\t<meta name=\"twitter:data2\" content=\"4\u00a0Minuten\" \/>\n<script type=\"application\/ld+json\" class=\"yoast-schema-graph\">{\"@context\":\"https:\/\/schema.org\",\"@graph\":[{\"@type\":\"WebPage\",\"@id\":\"https:\/\/www.memo-media.de\/blog\/strassentheater-tagungsorte-showcases\/\",\"url\":\"https:\/\/www.memo-media.de\/blog\/strassentheater-tagungsorte-showcases\/\",\"name\":\"Stra\u00dfentheater & Tagungsorte in der neuen Ausgabe von showcases\",\"isPartOf\":{\"@id\":\"https:\/\/www.memo-media.de\/blog\/#website\"},\"datePublished\":\"2017-10-10T09:45:00+00:00\",\"dateModified\":\"2020-04-03T07:44:59+00:00\",\"author\":{\"@id\":\"https:\/\/www.memo-media.de\/blog\/#\/schema\/person\/b2be3eb5c595160c885d721d60aba2b3\"},\"description\":\"In der neuen Ausgabe des memo-media-Magazins showcases dreht sich alles rund das Stra\u00dfentheater und Tagungsorte. Mit spannenden Interviews und Specials.\",\"breadcrumb\":{\"@id\":\"https:\/\/www.memo-media.de\/blog\/strassentheater-tagungsorte-showcases\/#breadcrumb\"},\"inLanguage\":\"de\",\"potentialAction\":[{\"@type\":\"ReadAction\",\"target\":[\"https:\/\/www.memo-media.de\/blog\/strassentheater-tagungsorte-showcases\/\"]}]},{\"@type\":\"BreadcrumbList\",\"@id\":\"https:\/\/www.memo-media.de\/blog\/strassentheater-tagungsorte-showcases\/#breadcrumb\",\"itemListElement\":[{\"@type\":\"ListItem\",\"position\":1,\"name\":\"Home\",\"item\":\"https:\/\/www.memo-media.de\/blog\/\"},{\"@type\":\"ListItem\",\"position\":2,\"name\":\"Stra\u00dfentheater &#038; Tagungsorte in der neuen Ausgabe von showcases\"}]},{\"@type\":\"WebSite\",\"@id\":\"https:\/\/www.memo-media.de\/blog\/#website\",\"url\":\"https:\/\/www.memo-media.de\/blog\/\",\"name\":\"memo-media Blog f\u00fcr die Eventplanung\",\"description\":\"News und Facts aus der Eventbranche f\u00fcr die Eventbranche\",\"potentialAction\":[{\"@type\":\"SearchAction\",\"target\":{\"@type\":\"EntryPoint\",\"urlTemplate\":\"https:\/\/www.memo-media.de\/blog\/?s={search_term_string}\"},\"query-input\":\"required name=search_term_string\"}],\"inLanguage\":\"de\"},{\"@type\":\"Person\",\"@id\":\"https:\/\/www.memo-media.de\/blog\/#\/schema\/person\/b2be3eb5c595160c885d721d60aba2b3\",\"name\":\"Tabea Lettau\",\"image\":{\"@type\":\"ImageObject\",\"inLanguage\":\"de\",\"@id\":\"https:\/\/www.memo-media.de\/blog\/#\/schema\/person\/image\/\",\"url\":\"https:\/\/www.memo-media.de\/blog\/wp-content\/uploads\/2024\/02\/tabea_lettau_redakteurin_memo-media-150x150.jpg\",\"contentUrl\":\"https:\/\/www.memo-media.de\/blog\/wp-content\/uploads\/2024\/02\/tabea_lettau_redakteurin_memo-media-150x150.jpg\",\"caption\":\"Tabea Lettau\"},\"description\":\"Tabea Lettau hat an der Universit\u00e4t Siegen Kommunikations- und Wirtschaftswissenschaften studiert. Bereits w\u00e4hrend ihres Studiums machte sie sich als Redakteurin und Content-Managerin selbstst\u00e4ndig. Seit 2015 ist sie als Freiberuflerin Teil des memo-media-Teams und schreibt u. a. f\u00fcr den Blog, das Magazin showcases und den monatlichen memoLetter. Die inspirierenden Geschichten und Visionen der Menschen in der Eventbranche zu erfahren, erf\u00fcllt sie daran ganz besonders. Neben ihrer freiberuflichen T\u00e4tigkeit realisiert sie auch eigene Online-Projekte und hat zwei B\u00fccher geschrieben.\",\"url\":\"https:\/\/www.memo-media.de\/blog\/author\/tabea-lettau\/\"}]}<\/script>\n<!-- \/ Yoast SEO Premium plugin. -->","yoast_head_json":{"title":"Stra\u00dfentheater & Tagungsorte in der neuen Ausgabe von showcases","description":"In der neuen Ausgabe des memo-media-Magazins showcases dreht sich alles rund das Stra\u00dfentheater und Tagungsorte. Mit spannenden Interviews und Specials.","robots":{"index":"index","follow":"follow","max-snippet":"max-snippet:-1","max-image-preview":"max-image-preview:large","max-video-preview":"max-video-preview:-1"},"canonical":"https:\/\/www.memo-media.de\/blog\/strassentheater-tagungsorte-showcases\/","og_locale":"de_DE","og_type":"article","og_title":"Stra\u00dfentheater & Tagungsorte in der neuen Ausgabe von showcases","og_description":"In der neuen Ausgabe des memo-media-Magazins showcases dreht sich alles rund das Stra\u00dfentheater und Tagungsorte. Mit spannenden Interviews und Specials.","og_url":"https:\/\/www.memo-media.de\/blog\/strassentheater-tagungsorte-showcases\/","og_site_name":"memo-media Blog f\u00fcr die Eventplanung","article_published_time":"2017-10-10T09:45:00+00:00","article_modified_time":"2020-04-03T07:44:59+00:00","og_image":[{"width":1050,"height":804,"url":"https:\/\/www.memo-media.de\/blog\/wp-content\/uploads\/2017\/10\/strassentheater-tagungsorte-showcases.jpg","type":"image\/jpeg"}],"author":"Tabea Lettau","twitter_misc":{"Verfasst von":"Tabea Lettau","Gesch\u00e4tzte Lesezeit":"4\u00a0Minuten"},"schema":{"@context":"https:\/\/schema.org","@graph":[{"@type":"WebPage","@id":"https:\/\/www.memo-media.de\/blog\/strassentheater-tagungsorte-showcases\/","url":"https:\/\/www.memo-media.de\/blog\/strassentheater-tagungsorte-showcases\/","name":"Stra\u00dfentheater & Tagungsorte in der neuen Ausgabe von showcases","isPartOf":{"@id":"https:\/\/www.memo-media.de\/blog\/#website"},"datePublished":"2017-10-10T09:45:00+00:00","dateModified":"2020-04-03T07:44:59+00:00","author":{"@id":"https:\/\/www.memo-media.de\/blog\/#\/schema\/person\/b2be3eb5c595160c885d721d60aba2b3"},"description":"In der neuen Ausgabe des memo-media-Magazins showcases dreht sich alles rund das Stra\u00dfentheater und Tagungsorte. Mit spannenden Interviews und Specials.","breadcrumb":{"@id":"https:\/\/www.memo-media.de\/blog\/strassentheater-tagungsorte-showcases\/#breadcrumb"},"inLanguage":"de","potentialAction":[{"@type":"ReadAction","target":["https:\/\/www.memo-media.de\/blog\/strassentheater-tagungsorte-showcases\/"]}]},{"@type":"BreadcrumbList","@id":"https:\/\/www.memo-media.de\/blog\/strassentheater-tagungsorte-showcases\/#breadcrumb","itemListElement":[{"@type":"ListItem","position":1,"name":"Home","item":"https:\/\/www.memo-media.de\/blog\/"},{"@type":"ListItem","position":2,"name":"Stra\u00dfentheater &#038; Tagungsorte in der neuen Ausgabe von showcases"}]},{"@type":"WebSite","@id":"https:\/\/www.memo-media.de\/blog\/#website","url":"https:\/\/www.memo-media.de\/blog\/","name":"memo-media Blog f\u00fcr die Eventplanung","description":"News und Facts aus der Eventbranche f\u00fcr die Eventbranche","potentialAction":[{"@type":"SearchAction","target":{"@type":"EntryPoint","urlTemplate":"https:\/\/www.memo-media.de\/blog\/?s={search_term_string}"},"query-input":"required name=search_term_string"}],"inLanguage":"de"},{"@type":"Person","@id":"https:\/\/www.memo-media.de\/blog\/#\/schema\/person\/b2be3eb5c595160c885d721d60aba2b3","name":"Tabea Lettau","image":{"@type":"ImageObject","inLanguage":"de","@id":"https:\/\/www.memo-media.de\/blog\/#\/schema\/person\/image\/","url":"https:\/\/www.memo-media.de\/blog\/wp-content\/uploads\/2024\/02\/tabea_lettau_redakteurin_memo-media-150x150.jpg","contentUrl":"https:\/\/www.memo-media.de\/blog\/wp-content\/uploads\/2024\/02\/tabea_lettau_redakteurin_memo-media-150x150.jpg","caption":"Tabea Lettau"},"description":"Tabea Lettau hat an der Universit\u00e4t Siegen Kommunikations- und Wirtschaftswissenschaften studiert. Bereits w\u00e4hrend ihres Studiums machte sie sich als Redakteurin und Content-Managerin selbstst\u00e4ndig. Seit 2015 ist sie als Freiberuflerin Teil des memo-media-Teams und schreibt u. a. f\u00fcr den Blog, das Magazin showcases und den monatlichen memoLetter. Die inspirierenden Geschichten und Visionen der Menschen in der Eventbranche zu erfahren, erf\u00fcllt sie daran ganz besonders. Neben ihrer freiberuflichen T\u00e4tigkeit realisiert sie auch eigene Online-Projekte und hat zwei B\u00fccher geschrieben.","url":"https:\/\/www.memo-media.de\/blog\/author\/tabea-lettau\/"}]}},"_links":{"self":[{"href":"https:\/\/www.memo-media.de\/blog\/wp-json\/wp\/v2\/posts\/6311"}],"collection":[{"href":"https:\/\/www.memo-media.de\/blog\/wp-json\/wp\/v2\/posts"}],"about":[{"href":"https:\/\/www.memo-media.de\/blog\/wp-json\/wp\/v2\/types\/post"}],"author":[{"embeddable":true,"href":"https:\/\/www.memo-media.de\/blog\/wp-json\/wp\/v2\/users\/21"}],"replies":[{"embeddable":true,"href":"https:\/\/www.memo-media.de\/blog\/wp-json\/wp\/v2\/comments?post=6311"}],"version-history":[{"count":11,"href":"https:\/\/www.memo-media.de\/blog\/wp-json\/wp\/v2\/posts\/6311\/revisions"}],"predecessor-version":[{"id":11007,"href":"https:\/\/www.memo-media.de\/blog\/wp-json\/wp\/v2\/posts\/6311\/revisions\/11007"}],"wp:featuredmedia":[{"embeddable":true,"href":"https:\/\/www.memo-media.de\/blog\/wp-json\/wp\/v2\/media\/6321"}],"wp:attachment":[{"href":"https:\/\/www.memo-media.de\/blog\/wp-json\/wp\/v2\/media?parent=6311"}],"wp:term":[{"taxonomy":"category","embeddable":true,"href":"https:\/\/www.memo-media.de\/blog\/wp-json\/wp\/v2\/categories?post=6311"},{"taxonomy":"post_tag","embeddable":true,"href":"https:\/\/www.memo-media.de\/blog\/wp-json\/wp\/v2\/tags?post=6311"}],"curies":[{"name":"wp","href":"https:\/\/api.w.org\/{rel}","templated":true}]}}