{"id":5727,"date":"2017-06-09T13:00:52","date_gmt":"2017-06-09T11:00:52","guid":{"rendered":"https:\/\/www.memo-media.de\/blog\/?p=5727"},"modified":"2023-05-24T10:08:51","modified_gmt":"2023-05-24T08:08:51","slug":"temporaere-architektur-sportstaetten-grossevents","status":"publish","type":"post","link":"https:\/\/www.memo-media.de\/blog\/temporaere-architektur-sportstaetten-grossevents\/","title":{"rendered":"Tempor\u00e4re Architektur f\u00fcr Sportst\u00e4tten f\u00fcr Gro\u00dfevents von R\u00d6DER"},"content":{"rendered":"<p>Die <a href=\"https:\/\/roder.com\/de\/\" target=\"_blank\" rel=\"noopener noreferrer\">R\u00d6DER-Gruppe<\/a> z\u00e4hlt weltweit zu den renommiertesten Adressen in Sachen tempor\u00e4re Architektur f\u00fcr Sportst\u00e4tten f\u00fcr Gro\u00dfevents und hat sich vor allem im Bereich der Sport-Hospitality einen Namen gemacht. Ich hatte mich vor meinem Besuch am Firmensitz im hessischen B\u00fcdingen also vor allem auf spannende Hintergrundgeschichten von der Champions League, den Olympischen Spielen oder Formel 1-Rennen gefreut. Bekam dann aber erstmal etwas geboten, womit ich gar nicht gerechnet hatte.<\/p>\n<div id=\"attachment_5729\" style=\"width: 970px\" class=\"wp-caption alignnone\"><a href=\"https:\/\/www.memo-media.de\/blog\/wp-content\/uploads\/2017\/06\/r_2.jpg\"><img aria-describedby=\"caption-attachment-5729\" decoding=\"async\" loading=\"lazy\" class=\"wp-image-5729 size-large\" src=\"https:\/\/www.memo-media.de\/blog\/wp-content\/uploads\/2017\/06\/r_2-1024x475.jpg\" alt=\"Die R\u00d6DER-Gruppe bietet tempor\u00e4re Architektur f\u00fcr Sportst\u00e4tten f\u00fcr Gro\u00dfevents und viele weitere Anl\u00e4sse an\" width=\"960\" height=\"445\" srcset=\"https:\/\/www.memo-media.de\/blog\/wp-content\/uploads\/2017\/06\/r_2-1024x475.jpg 1024w, https:\/\/www.memo-media.de\/blog\/wp-content\/uploads\/2017\/06\/r_2-300x139.jpg 300w, https:\/\/www.memo-media.de\/blog\/wp-content\/uploads\/2017\/06\/r_2-768x356.jpg 768w, https:\/\/www.memo-media.de\/blog\/wp-content\/uploads\/2017\/06\/r_2-335x155.jpg 335w, https:\/\/www.memo-media.de\/blog\/wp-content\/uploads\/2017\/06\/r_2-1050x487.jpg 1050w, https:\/\/www.memo-media.de\/blog\/wp-content\/uploads\/2017\/06\/r_2.jpg 2000w\" sizes=\"(max-width: 960px) 100vw, 960px\" \/><\/a><p id=\"caption-attachment-5729\" class=\"wp-caption-text\">Die R\u00d6DER-Gruppe bietet tempor\u00e4re Architektur f\u00fcr Sportst\u00e4tten f\u00fcr Gro\u00dfevents und viele weitere Anl\u00e4sse an<\/p><\/div>\n<p>Was ist der, die oder das CHIO? W\u00e4hrend ich eigentlich dachte, dass ich als Sportfan so ziemlich jedes Gro\u00dfevent kennen w\u00fcrde und mir gerade den Kopf zermartere, l\u00e4chelt mich mein Gegen\u00fcber Stjepan Djurdjan-Gosch geduldig an. \u201eIch gebe Ihnen einen Tipp\u201c, sagt er und f\u00e4ngt an, aufzuz\u00e4hlen: \u201eVom 14. bis zum 23. Juli kommen auf dem Turniergel\u00e4nde in Aachen 350.000 Zuschauer aus aller Welt zusammen, um rund 350 Sportler aus 30 Nationen zu sehen, die in f\u00fcnf Disziplinen um Pokale und Medaillen k\u00e4mpfen.\u201c<\/p>\n<p><strong>Vom Pagodenzelt bis zum dreist\u00f6ckigen <\/strong><strong>VIP-Zelt bietet die R\u00d6DER-Gruppe die volle Palette<\/strong><\/p>\n<p>Er legt eine dramaturgische Pause ein und l\u00e4sst seine Worte wirken. Die Zahlen haben Eindruck auf mich gemacht, aber ich tappe immer noch im Dunkeln. Also f\u00e4hrt er fort: \u201eDie f\u00fcnf Disziplinen hei\u00dfen Fahren, Springen, Vielseitigkeit, Voltigieren und\u2026\u201c Aaaahhh, Reiten. Nat\u00fcrlich. \u201eRichtig\u201c, freut sich Stjepan Djurdjan-Gosch. \u201eDie [memo_eintrag kundennummer=123098]R\u00d6DER-Gruppe[\/memo_eintrag] ist bereits seit vielen Jahren Partner des CHIO. Wir stellen die komplette tempor\u00e4re Architektur, d.h. s\u00e4mtliche Zelte und Eventhallen, von Verkaufszelten f\u00fcr Aussteller \u00fcber Gro\u00dfzelte f\u00fcr VIP-Betreuung, Sponsor-Lounges und Gastronomie bis hin zur Gestaltung der Innenausstattung. Die Gesamtfl\u00e4che betr\u00e4gt mehr als 22.000 m\u00b2.\u201c<\/p>\n<div id=\"attachment_5728\" style=\"width: 970px\" class=\"wp-caption alignnone\"><a href=\"https:\/\/www.memo-media.de\/blog\/wp-content\/uploads\/2017\/06\/r_1.jpg\"><img aria-describedby=\"caption-attachment-5728\" decoding=\"async\" loading=\"lazy\" class=\"wp-image-5728 size-large\" src=\"https:\/\/www.memo-media.de\/blog\/wp-content\/uploads\/2017\/06\/r_1-1024x375.jpg\" alt=\"tempor\u00e4re Architektur\" width=\"960\" height=\"352\" srcset=\"https:\/\/www.memo-media.de\/blog\/wp-content\/uploads\/2017\/06\/r_1-1024x375.jpg 1024w, https:\/\/www.memo-media.de\/blog\/wp-content\/uploads\/2017\/06\/r_1-300x110.jpg 300w, https:\/\/www.memo-media.de\/blog\/wp-content\/uploads\/2017\/06\/r_1-768x281.jpg 768w, https:\/\/www.memo-media.de\/blog\/wp-content\/uploads\/2017\/06\/r_1-335x123.jpg 335w, https:\/\/www.memo-media.de\/blog\/wp-content\/uploads\/2017\/06\/r_1-1050x384.jpg 1050w, https:\/\/www.memo-media.de\/blog\/wp-content\/uploads\/2017\/06\/r_1.jpg 2000w\" sizes=\"(max-width: 960px) 100vw, 960px\" \/><\/a><p id=\"caption-attachment-5728\" class=\"wp-caption-text\">Darin l\u00e4sst es sich aushalten: Das luxuri\u00f6se Doppelstock-Zelt &#8220;Champions Circle&#8221; beim CHIO in Aachen<\/p><\/div>\n<p>Jetzt, wo ich das kleine R\u00e4tsel gel\u00f6st habe, holt mein Gastgeber die Fotos raus. Vom so genannten \u201eChampions Circle\u201c zum Beispiel, einem doppelst\u00f6ckigen Gro\u00dfzelt, in dem sich die VIPs w\u00e4hrend der zehn Tage \u00fcber s\u00e4mtliche Annehmlichkeiten freuen d\u00fcrfen. Oder von einer Eventhalle mit schicker Alu-Glas-Fassade f\u00fcr die versammelte Weltpresse, die darin auf zwei Etagen genug Platz f\u00fcr ihre Berichterstattung hat. Und von der Ladenzeile im \u201eCHIO Village\u201c, wo die R\u00d6DER-Gruppe rund 250 Pagoden- und Partyzelte aufstellt.<\/p>\n<p><strong>Die nachhaltigere, g\u00fcnstigere und praktischere Alternative zu Festbauten<\/strong><\/p>\n<div id=\"attachment_5730\" style=\"width: 310px\" class=\"wp-caption alignleft\"><a href=\"https:\/\/www.memo-media.de\/blog\/wp-content\/uploads\/2017\/06\/r_3.jpg\"><img aria-describedby=\"caption-attachment-5730\" decoding=\"async\" loading=\"lazy\" class=\"size-medium wp-image-5730\" src=\"https:\/\/www.memo-media.de\/blog\/wp-content\/uploads\/2017\/06\/r_3-300x223.jpg\" alt=\"tempor\u00e4re Hallen- und Zeltsysteme\" width=\"300\" height=\"223\" srcset=\"https:\/\/www.memo-media.de\/blog\/wp-content\/uploads\/2017\/06\/r_3-300x223.jpg 300w, https:\/\/www.memo-media.de\/blog\/wp-content\/uploads\/2017\/06\/r_3-768x570.jpg 768w, https:\/\/www.memo-media.de\/blog\/wp-content\/uploads\/2017\/06\/r_3-1024x760.jpg 1024w, https:\/\/www.memo-media.de\/blog\/wp-content\/uploads\/2017\/06\/r_3-72x54.jpg 72w, https:\/\/www.memo-media.de\/blog\/wp-content\/uploads\/2017\/06\/r_3-335x249.jpg 335w, https:\/\/www.memo-media.de\/blog\/wp-content\/uploads\/2017\/06\/r_3-1050x779.jpg 1050w, https:\/\/www.memo-media.de\/blog\/wp-content\/uploads\/2017\/06\/r_3.jpg 2000w\" sizes=\"(max-width: 300px) 100vw, 300px\" \/><\/a><p id=\"caption-attachment-5730\" class=\"wp-caption-text\">Automobilpr\u00e4sentation im edlen Ambiente<\/p><\/div>\n<p>\u201eFr\u00fcher wurden f\u00fcr Olympische Spiele oder Weltmeisterschaften oft f\u00fcr mehrere Milliarden Euro Festbauten errichtet, die nach einem Monat nicht mehr ben\u00f6tigt wurden und im Laufe der Jahre verfielen\u201c, berichtet Stjepan Djurdjan-Gosch. \u201eZum Gl\u00fcck hat mittlerweile ein Umdenken eingesetzt. Unsere tempor\u00e4ren Zeltsysteme und Eventhallen sind g\u00fcnstig, schnell auf- und abgebaut und ganz wichtig: nachhaltig und umweltschonend. Au\u00dferdem k\u00f6nnen wir durch die modulare Bauweise so ziemlich jeden Kundenwunsch erf\u00fcllen.\u201c<\/p>\n<p>So bekam der Automobilhersteller BMW f\u00fcr eine Promotionveranstaltung in einem kroatischen Hafenst\u00e4dtchen ein Eventzelt mitten aufs Wasser gesetzt. W\u00e4hrend Konkurrent Mercedes f\u00fcr seine \u201eSternstunden\u201c ein tempor\u00e4res, zweist\u00f6ckiges Geb\u00e4ude mit stylischer Fassade bestellte. Der vielleicht ausgefallenste Wunsch kam vom Spielzeughersteller Mattel, f\u00fcr den die R\u00d6DER-Gruppe k\u00fcrzlich ein \u00fcberdimensionales Barbie-Traumhaus entwickeln und bauen durfte. F\u00fcr Stjepan Djurdjan-Gosch und seine Kollegen ein ganz besonderer Auftrag: \u201eDurch die vielen individuellen Gestaltungsm\u00f6glichkeiten und Verzierungen an der Fassade konnte man von au\u00dfen nicht erkennen, dass man eigentlich vor einem Zelt stand. Und den Innenraum haben die Mattel-Designer nat\u00fcrlich komplett Barbie-gerecht gestaltet.\u201c<\/p>\n<div id=\"attachment_5731\" style=\"width: 310px\" class=\"wp-caption alignright\"><a href=\"https:\/\/www.memo-media.de\/blog\/wp-content\/uploads\/2017\/06\/r_4.jpg\"><img aria-describedby=\"caption-attachment-5731\" decoding=\"async\" loading=\"lazy\" class=\"size-medium wp-image-5731\" src=\"https:\/\/www.memo-media.de\/blog\/wp-content\/uploads\/2017\/06\/r_4-300x123.jpg\" alt=\"tempor\u00e4re Hallen- und Zeltsysteme\" width=\"300\" height=\"123\" srcset=\"https:\/\/www.memo-media.de\/blog\/wp-content\/uploads\/2017\/06\/r_4-300x123.jpg 300w, https:\/\/www.memo-media.de\/blog\/wp-content\/uploads\/2017\/06\/r_4-768x316.jpg 768w, https:\/\/www.memo-media.de\/blog\/wp-content\/uploads\/2017\/06\/r_4-1024x421.jpg 1024w, https:\/\/www.memo-media.de\/blog\/wp-content\/uploads\/2017\/06\/r_4-335x138.jpg 335w, https:\/\/www.memo-media.de\/blog\/wp-content\/uploads\/2017\/06\/r_4-1050x432.jpg 1050w, https:\/\/www.memo-media.de\/blog\/wp-content\/uploads\/2017\/06\/r_4.jpg 2000w\" sizes=\"(max-width: 300px) 100vw, 300px\" \/><\/a><p id=\"caption-attachment-5731\" class=\"wp-caption-text\">Tempor\u00e4re Architektur als wahrgewordener M\u00e4dchentraum<\/p><\/div>\n<p>Nach gut eineinhalb kurzweiligen Stunden bei der R\u00d6DER-Gruppe machte ich mich schwer begeistert auf den Heimweg. Und das, obwohl ich nicht wie erhofft \u00fcber Champions League und Olympische Spiele geredet hatte, sondern \u00fcber Pferderennen und Barbie-H\u00e4user. Verr\u00fcckt, was die tempor\u00e4re Architektur f\u00fcr Sportst\u00e4tten f\u00fcr Gro\u00dfevents alles f\u00fcr einen bereit h\u00e4lt.<\/p>\n","protected":false},"excerpt":{"rendered":"<p>Die R\u00d6DER-Gruppe z\u00e4hlt weltweit zu den renommiertesten Adressen in Sachen tempor\u00e4re Architektur f\u00fcr Sportst\u00e4tten f\u00fcr Gro\u00dfevents und hat sich vor&#8230;<\/p>\n","protected":false},"author":13,"featured_media":5732,"comment_status":"closed","ping_status":"open","sticky":false,"template":"","format":"standard","meta":[],"categories":[1],"tags":[363,1419,1981,581,1420,1417,1418,768],"yoast_head":"<!-- This site is optimized with the Yoast SEO Premium plugin v20.5 (Yoast SEO v20.5) - https:\/\/yoast.com\/wordpress\/plugins\/seo\/ -->\n<title>Tempor\u00e4re Architektur f\u00fcr Sportst\u00e4tten f\u00fcr Gro\u00dfevents von R\u00d6DER<\/title>\n<meta name=\"description\" content=\"Die R\u00d6DER-Gruppe ist der Spezialist f\u00fcr tempor\u00e4re Architektur f\u00fcr Sportst\u00e4tten f\u00fcr Gro\u00dfevents wie z.B. Hallen- und Zeltsysteme.\" \/>\n<meta name=\"robots\" content=\"index, follow, max-snippet:-1, max-image-preview:large, max-video-preview:-1\" \/>\n<link rel=\"canonical\" href=\"https:\/\/www.memo-media.de\/blog\/temporaere-architektur-sportstaetten-grossevents\/\" \/>\n<meta property=\"og:locale\" content=\"de_DE\" \/>\n<meta property=\"og:type\" content=\"article\" \/>\n<meta property=\"og:title\" content=\"Tempor\u00e4re Architektur f\u00fcr Sportst\u00e4tten f\u00fcr Gro\u00dfevents von R\u00d6DER\" \/>\n<meta property=\"og:description\" content=\"Die R\u00d6DER-Gruppe ist der Spezialist f\u00fcr tempor\u00e4re Architektur f\u00fcr Sportst\u00e4tten f\u00fcr Gro\u00dfevents wie z.B. Hallen- und Zeltsysteme.\" \/>\n<meta property=\"og:url\" content=\"https:\/\/www.memo-media.de\/blog\/temporaere-architektur-sportstaetten-grossevents\/\" \/>\n<meta property=\"og:site_name\" content=\"memo-media Blog f\u00fcr die Eventplanung\" \/>\n<meta property=\"article:published_time\" content=\"2017-06-09T11:00:52+00:00\" \/>\n<meta property=\"article:modified_time\" content=\"2023-05-24T08:08:51+00:00\" \/>\n<meta property=\"og:image\" content=\"https:\/\/www.memo-media.de\/blog\/wp-content\/uploads\/2017\/06\/r_header.jpg\" \/>\n\t<meta property=\"og:image:width\" content=\"1500\" \/>\n\t<meta property=\"og:image:height\" content=\"1149\" \/>\n\t<meta property=\"og:image:type\" content=\"image\/jpeg\" \/>\n<meta name=\"author\" content=\"Aljoscha Grabowski\" \/>\n<meta name=\"twitter:label1\" content=\"Verfasst von\" \/>\n\t<meta name=\"twitter:data1\" content=\"Aljoscha Grabowski\" \/>\n\t<meta name=\"twitter:label2\" content=\"Gesch\u00e4tzte Lesezeit\" \/>\n\t<meta name=\"twitter:data2\" content=\"5\u00a0Minuten\" \/>\n<script type=\"application\/ld+json\" class=\"yoast-schema-graph\">{\"@context\":\"https:\/\/schema.org\",\"@graph\":[{\"@type\":\"WebPage\",\"@id\":\"https:\/\/www.memo-media.de\/blog\/temporaere-architektur-sportstaetten-grossevents\/\",\"url\":\"https:\/\/www.memo-media.de\/blog\/temporaere-architektur-sportstaetten-grossevents\/\",\"name\":\"Tempor\u00e4re Architektur f\u00fcr Sportst\u00e4tten f\u00fcr Gro\u00dfevents von R\u00d6DER\",\"isPartOf\":{\"@id\":\"https:\/\/www.memo-media.de\/blog\/#website\"},\"datePublished\":\"2017-06-09T11:00:52+00:00\",\"dateModified\":\"2023-05-24T08:08:51+00:00\",\"author\":{\"@id\":\"https:\/\/www.memo-media.de\/blog\/#\/schema\/person\/d6e5cd0a1d6ebcd0d6a0dd6a691cad22\"},\"description\":\"Die R\u00d6DER-Gruppe ist der Spezialist f\u00fcr tempor\u00e4re Architektur f\u00fcr Sportst\u00e4tten f\u00fcr Gro\u00dfevents wie z.B. Hallen- und Zeltsysteme.\",\"breadcrumb\":{\"@id\":\"https:\/\/www.memo-media.de\/blog\/temporaere-architektur-sportstaetten-grossevents\/#breadcrumb\"},\"inLanguage\":\"de\",\"potentialAction\":[{\"@type\":\"ReadAction\",\"target\":[\"https:\/\/www.memo-media.de\/blog\/temporaere-architektur-sportstaetten-grossevents\/\"]}]},{\"@type\":\"BreadcrumbList\",\"@id\":\"https:\/\/www.memo-media.de\/blog\/temporaere-architektur-sportstaetten-grossevents\/#breadcrumb\",\"itemListElement\":[{\"@type\":\"ListItem\",\"position\":1,\"name\":\"Home\",\"item\":\"https:\/\/www.memo-media.de\/blog\/\"},{\"@type\":\"ListItem\",\"position\":2,\"name\":\"Tempor\u00e4re Architektur f\u00fcr Sportst\u00e4tten f\u00fcr Gro\u00dfevents von R\u00d6DER\"}]},{\"@type\":\"WebSite\",\"@id\":\"https:\/\/www.memo-media.de\/blog\/#website\",\"url\":\"https:\/\/www.memo-media.de\/blog\/\",\"name\":\"memo-media Blog f\u00fcr die Eventplanung\",\"description\":\"News und Facts aus der Eventbranche f\u00fcr die Eventbranche\",\"potentialAction\":[{\"@type\":\"SearchAction\",\"target\":{\"@type\":\"EntryPoint\",\"urlTemplate\":\"https:\/\/www.memo-media.de\/blog\/?s={search_term_string}\"},\"query-input\":\"required name=search_term_string\"}],\"inLanguage\":\"de\"},{\"@type\":\"Person\",\"@id\":\"https:\/\/www.memo-media.de\/blog\/#\/schema\/person\/d6e5cd0a1d6ebcd0d6a0dd6a691cad22\",\"name\":\"Aljoscha Grabowski\",\"image\":{\"@type\":\"ImageObject\",\"inLanguage\":\"de\",\"@id\":\"https:\/\/www.memo-media.de\/blog\/#\/schema\/person\/image\/\",\"url\":\"https:\/\/www.memo-media.de\/blog\/wp-content\/uploads\/2014\/10\/aljoscha150x150.jpg\",\"contentUrl\":\"https:\/\/www.memo-media.de\/blog\/wp-content\/uploads\/2014\/10\/aljoscha150x150.jpg\",\"caption\":\"Aljoscha Grabowski\"},\"description\":\"Aljoscha Grabowski hat Online-Journalismus an der Hochschule Darmstadt studiert und ist als freiberuflicher Journalist, Texter und Blogger t\u00e4tig. Als solcher schreibt er f\u00fcr verschiedene Zeitungen, Zeitschriften und Online-Medien haupts\u00e4chlich \u00fcber Sport, Kultur und die Event-Branche. Wir haben den sympathischen Frankfurter auf der Best Of Events 2014 in Dortmund kennengelernt und ihn ins Boot geholt, weil er stets die richtigen Worte findet, um Produkte, Dienstleistungen und alles andere Erw\u00e4hnenswerte ins richtige Licht der Aufmerksamkeit zu r\u00fccken.\",\"sameAs\":[\"http:\/\/www.aljoscha-grabowski.de\"],\"url\":\"https:\/\/www.memo-media.de\/blog\/author\/aljoscha-grabowski\/\"}]}<\/script>\n<!-- \/ Yoast SEO Premium plugin. -->","yoast_head_json":{"title":"Tempor\u00e4re Architektur f\u00fcr Sportst\u00e4tten f\u00fcr Gro\u00dfevents von R\u00d6DER","description":"Die R\u00d6DER-Gruppe ist der Spezialist f\u00fcr tempor\u00e4re Architektur f\u00fcr Sportst\u00e4tten f\u00fcr Gro\u00dfevents wie z.B. Hallen- und Zeltsysteme.","robots":{"index":"index","follow":"follow","max-snippet":"max-snippet:-1","max-image-preview":"max-image-preview:large","max-video-preview":"max-video-preview:-1"},"canonical":"https:\/\/www.memo-media.de\/blog\/temporaere-architektur-sportstaetten-grossevents\/","og_locale":"de_DE","og_type":"article","og_title":"Tempor\u00e4re Architektur f\u00fcr Sportst\u00e4tten f\u00fcr Gro\u00dfevents von R\u00d6DER","og_description":"Die R\u00d6DER-Gruppe ist der Spezialist f\u00fcr tempor\u00e4re Architektur f\u00fcr Sportst\u00e4tten f\u00fcr Gro\u00dfevents wie z.B. Hallen- und Zeltsysteme.","og_url":"https:\/\/www.memo-media.de\/blog\/temporaere-architektur-sportstaetten-grossevents\/","og_site_name":"memo-media Blog f\u00fcr die Eventplanung","article_published_time":"2017-06-09T11:00:52+00:00","article_modified_time":"2023-05-24T08:08:51+00:00","og_image":[{"width":1500,"height":1149,"url":"https:\/\/www.memo-media.de\/blog\/wp-content\/uploads\/2017\/06\/r_header.jpg","type":"image\/jpeg"}],"author":"Aljoscha Grabowski","twitter_misc":{"Verfasst von":"Aljoscha Grabowski","Gesch\u00e4tzte Lesezeit":"5\u00a0Minuten"},"schema":{"@context":"https:\/\/schema.org","@graph":[{"@type":"WebPage","@id":"https:\/\/www.memo-media.de\/blog\/temporaere-architektur-sportstaetten-grossevents\/","url":"https:\/\/www.memo-media.de\/blog\/temporaere-architektur-sportstaetten-grossevents\/","name":"Tempor\u00e4re Architektur f\u00fcr Sportst\u00e4tten f\u00fcr Gro\u00dfevents von R\u00d6DER","isPartOf":{"@id":"https:\/\/www.memo-media.de\/blog\/#website"},"datePublished":"2017-06-09T11:00:52+00:00","dateModified":"2023-05-24T08:08:51+00:00","author":{"@id":"https:\/\/www.memo-media.de\/blog\/#\/schema\/person\/d6e5cd0a1d6ebcd0d6a0dd6a691cad22"},"description":"Die R\u00d6DER-Gruppe ist der Spezialist f\u00fcr tempor\u00e4re Architektur f\u00fcr Sportst\u00e4tten f\u00fcr Gro\u00dfevents wie z.B. Hallen- und Zeltsysteme.","breadcrumb":{"@id":"https:\/\/www.memo-media.de\/blog\/temporaere-architektur-sportstaetten-grossevents\/#breadcrumb"},"inLanguage":"de","potentialAction":[{"@type":"ReadAction","target":["https:\/\/www.memo-media.de\/blog\/temporaere-architektur-sportstaetten-grossevents\/"]}]},{"@type":"BreadcrumbList","@id":"https:\/\/www.memo-media.de\/blog\/temporaere-architektur-sportstaetten-grossevents\/#breadcrumb","itemListElement":[{"@type":"ListItem","position":1,"name":"Home","item":"https:\/\/www.memo-media.de\/blog\/"},{"@type":"ListItem","position":2,"name":"Tempor\u00e4re Architektur f\u00fcr Sportst\u00e4tten f\u00fcr Gro\u00dfevents von R\u00d6DER"}]},{"@type":"WebSite","@id":"https:\/\/www.memo-media.de\/blog\/#website","url":"https:\/\/www.memo-media.de\/blog\/","name":"memo-media Blog f\u00fcr die Eventplanung","description":"News und Facts aus der Eventbranche f\u00fcr die Eventbranche","potentialAction":[{"@type":"SearchAction","target":{"@type":"EntryPoint","urlTemplate":"https:\/\/www.memo-media.de\/blog\/?s={search_term_string}"},"query-input":"required name=search_term_string"}],"inLanguage":"de"},{"@type":"Person","@id":"https:\/\/www.memo-media.de\/blog\/#\/schema\/person\/d6e5cd0a1d6ebcd0d6a0dd6a691cad22","name":"Aljoscha Grabowski","image":{"@type":"ImageObject","inLanguage":"de","@id":"https:\/\/www.memo-media.de\/blog\/#\/schema\/person\/image\/","url":"https:\/\/www.memo-media.de\/blog\/wp-content\/uploads\/2014\/10\/aljoscha150x150.jpg","contentUrl":"https:\/\/www.memo-media.de\/blog\/wp-content\/uploads\/2014\/10\/aljoscha150x150.jpg","caption":"Aljoscha Grabowski"},"description":"Aljoscha Grabowski hat Online-Journalismus an der Hochschule Darmstadt studiert und ist als freiberuflicher Journalist, Texter und Blogger t\u00e4tig. Als solcher schreibt er f\u00fcr verschiedene Zeitungen, Zeitschriften und Online-Medien haupts\u00e4chlich \u00fcber Sport, Kultur und die Event-Branche. Wir haben den sympathischen Frankfurter auf der Best Of Events 2014 in Dortmund kennengelernt und ihn ins Boot geholt, weil er stets die richtigen Worte findet, um Produkte, Dienstleistungen und alles andere Erw\u00e4hnenswerte ins richtige Licht der Aufmerksamkeit zu r\u00fccken.","sameAs":["http:\/\/www.aljoscha-grabowski.de"],"url":"https:\/\/www.memo-media.de\/blog\/author\/aljoscha-grabowski\/"}]}},"_links":{"self":[{"href":"https:\/\/www.memo-media.de\/blog\/wp-json\/wp\/v2\/posts\/5727"}],"collection":[{"href":"https:\/\/www.memo-media.de\/blog\/wp-json\/wp\/v2\/posts"}],"about":[{"href":"https:\/\/www.memo-media.de\/blog\/wp-json\/wp\/v2\/types\/post"}],"author":[{"embeddable":true,"href":"https:\/\/www.memo-media.de\/blog\/wp-json\/wp\/v2\/users\/13"}],"replies":[{"embeddable":true,"href":"https:\/\/www.memo-media.de\/blog\/wp-json\/wp\/v2\/comments?post=5727"}],"version-history":[{"count":10,"href":"https:\/\/www.memo-media.de\/blog\/wp-json\/wp\/v2\/posts\/5727\/revisions"}],"predecessor-version":[{"id":16063,"href":"https:\/\/www.memo-media.de\/blog\/wp-json\/wp\/v2\/posts\/5727\/revisions\/16063"}],"wp:featuredmedia":[{"embeddable":true,"href":"https:\/\/www.memo-media.de\/blog\/wp-json\/wp\/v2\/media\/5732"}],"wp:attachment":[{"href":"https:\/\/www.memo-media.de\/blog\/wp-json\/wp\/v2\/media?parent=5727"}],"wp:term":[{"taxonomy":"category","embeddable":true,"href":"https:\/\/www.memo-media.de\/blog\/wp-json\/wp\/v2\/categories?post=5727"},{"taxonomy":"post_tag","embeddable":true,"href":"https:\/\/www.memo-media.de\/blog\/wp-json\/wp\/v2\/tags?post=5727"}],"curies":[{"name":"wp","href":"https:\/\/api.w.org\/{rel}","templated":true}]}}