{"id":5648,"date":"2017-05-19T09:09:32","date_gmt":"2017-05-19T07:09:32","guid":{"rendered":"https:\/\/www.memo-media.de\/blog\/?p=5648"},"modified":"2020-04-08T09:57:19","modified_gmt":"2020-04-08T07:57:19","slug":"besucher-werden-zu-markenbotschaftern-mit-papiertaschen-von-bags-by-riedle","status":"publish","type":"post","link":"https:\/\/www.memo-media.de\/blog\/besucher-werden-zu-markenbotschaftern-mit-papiertaschen-von-bags-by-riedle\/","title":{"rendered":"Besucher werden zu Markenbotschaftern mit Papiertaschen von BAGS BY RIEDLE"},"content":{"rendered":"<p>Mein dickes Notizbuch, eine gro\u00dfe Mappe mit Ausdrucken und eine Papierrolle mit den Entw\u00fcrfen f\u00fcr das neueste Cover \u2013 die Liste an Dingen, die ich als Redakteurin jeden Morgen ins B\u00fcro schleppen muss, ist lang. In meine Handtasche passt das alles jedenfalls nicht, und so \u00a0greife ich gerne auf hochwertige Papiertaschen, die man auf Messen oder Veranstaltungen oft \u00fcberreicht bekommt, zur\u00fcck. Zum Beispiel eine\u00a0 bedruckte Papiertasche von <a href=\"https:\/\/www.riedle.de\/\" target=\"_blank\" rel=\"nofollow noopener noreferrer\">BAGS BY RIEDLE<\/a>, die ich neulich \u00a0auf einem Kongress bekam \u2013 gef\u00fcllt mit Give-Aways, Zeitschriften und nat\u00fcrlich den Unterlagen zum Event. Und weil sie mir gut gefallen hat (sie ist gro\u00df und praktisch, hat dicke hochwertige Kordeln und sieht auch noch sch\u00f6n aus, ganz im Kongress-Design), habe ich sie gleich am Abend mit zum Get-together genommen \u2013 bef\u00fcllt mit den Kongressunterlagen und allerlei anderem, was sich \u00fcber den Tag angesammelt hatte. Witzig: Ich war nicht die einzige! Bestimmt 30 dieser Taschen sah ich an dem Abend in derselben Kneipe, und der ebenfalls anwesende Kongressveranstalter war entsprechend stolz und happy, sein Logo \u00fcberall zu sehen.<\/p>\n<h3>Papiertaschen als Werbetr\u00e4ger f\u00fcr Veranstalter<\/h3>\n<div id=\"attachment_5649\" style=\"width: 310px\" class=\"wp-caption alignleft\"><a href=\"https:\/\/www.memo-media.de\/blog\/wp-content\/uploads\/2017\/05\/longlifebag-von-riedle-spezialist-fuer-papiertaschen-papiertueten-papiertragetaschen_or.jpg\"><img aria-describedby=\"caption-attachment-5649\" decoding=\"async\" loading=\"lazy\" class=\"wp-image-5649 size-medium\" src=\"https:\/\/www.memo-media.de\/blog\/wp-content\/uploads\/2017\/05\/longlifebag-von-riedle-spezialist-fuer-papiertaschen-papiertueten-papiertragetaschen_or-300x233.jpg\" alt=\"Papiertaschen gibt es bei BAGS BY RIEDLE in allen Formen und Gr\u00f6\u00dfen - und zwar zertifiziert\" width=\"300\" height=\"233\" srcset=\"https:\/\/www.memo-media.de\/blog\/wp-content\/uploads\/2017\/05\/longlifebag-von-riedle-spezialist-fuer-papiertaschen-papiertueten-papiertragetaschen_or-300x233.jpg 300w, https:\/\/www.memo-media.de\/blog\/wp-content\/uploads\/2017\/05\/longlifebag-von-riedle-spezialist-fuer-papiertaschen-papiertueten-papiertragetaschen_or-768x598.jpg 768w, https:\/\/www.memo-media.de\/blog\/wp-content\/uploads\/2017\/05\/longlifebag-von-riedle-spezialist-fuer-papiertaschen-papiertueten-papiertragetaschen_or-203x157.jpg 203w, https:\/\/www.memo-media.de\/blog\/wp-content\/uploads\/2017\/05\/longlifebag-von-riedle-spezialist-fuer-papiertaschen-papiertueten-papiertragetaschen_or-335x261.jpg 335w, https:\/\/www.memo-media.de\/blog\/wp-content\/uploads\/2017\/05\/longlifebag-von-riedle-spezialist-fuer-papiertaschen-papiertueten-papiertragetaschen_or.jpg 1000w\" sizes=\"(max-width: 300px) 100vw, 300px\" \/><\/a><p id=\"caption-attachment-5649\" class=\"wp-caption-text\">Papiertaschen gibt es bei BAGS BY RIEDLE in allen Formen und Gr\u00f6\u00dfen &#8211; und zwar zertifiziert<\/p><\/div>\n<p>Das ist nun ein paar Monate her \u2013 und die Papiertasche habe ich immer noch. Aber nicht nur ich profitiere von der Qualit\u00e4t der BAGS BY RIEDLE-Tasche. Wie viele Blicke die Tasche und damit die aufgedruckte Botschaft an dem Kneipenabend und auch sonst bereits auf sich gezogen haben muss, kann ich nicht sch\u00e4tzen. Aber jeder einzelne von ihnen ist ein wertvoller (und nat\u00fcrlich kostenloser) Werbe-Kontakt f\u00fcr den Kongress-Veranstalter (oder Werbungtreibenden), dessen Logo prominent auf der Tasche prangt. Und insbesondere in meinem beruflichen Umfeld, wo ich Menschen mit \u00e4hnlichen Interessen treffe, ist das Gold wert. Meine Tasche tr\u00e4gt bei BAGS BY RIEDLE \u00fcbrigens den Namen \u201e<a href=\"https:\/\/www.riedle.de\/de\/produkte\/topluxe\/topluxe-basic\/index.html\" target=\"_blank\" rel=\"noopener noreferrer\">LongLifeBag<\/a>\u201c, und wie ich finde, passt das ganz gut. Denn auch wenn der Kongress l\u00e4ngst vorbei ist, trage ich ihn immer noch mit mir herum, und werde so zum Imagetr\u00e4ger und Markenbotschafter. Der Kongress kommt mit mir nach Hause, in die Arbeit, und auf den Weg dorthin. Denn die Papiertaschen bieten mir als Besucher einen Mehrwert und Nutzen, den ein Pin oder ein Schl\u00fcsselanh\u00e4nger in dieser Form nicht leisten k\u00f6nnte.<\/p>\n<h3>Qualit\u00e4t l\u00e4sst auf Anmutung der Veranstaltung schlie\u00dfen<\/h3>\n<div id=\"attachment_5650\" style=\"width: 310px\" class=\"wp-caption alignright\"><a href=\"https:\/\/www.memo-media.de\/blog\/wp-content\/uploads\/2017\/05\/riedle_papiertasche_gift_2.jpg\"><img aria-describedby=\"caption-attachment-5650\" decoding=\"async\" loading=\"lazy\" class=\"wp-image-5650 size-medium\" src=\"https:\/\/www.memo-media.de\/blog\/wp-content\/uploads\/2017\/05\/riedle_papiertasche_gift_2-300x250.jpg\" alt=\"Ist die Papiertasche hochwertig, wird das Event auch als hochwertig empfunden. \" width=\"300\" height=\"250\" srcset=\"https:\/\/www.memo-media.de\/blog\/wp-content\/uploads\/2017\/05\/riedle_papiertasche_gift_2-300x250.jpg 300w, https:\/\/www.memo-media.de\/blog\/wp-content\/uploads\/2017\/05\/riedle_papiertasche_gift_2-768x640.jpg 768w, https:\/\/www.memo-media.de\/blog\/wp-content\/uploads\/2017\/05\/riedle_papiertasche_gift_2-335x279.jpg 335w, https:\/\/www.memo-media.de\/blog\/wp-content\/uploads\/2017\/05\/riedle_papiertasche_gift_2.jpg 1000w\" sizes=\"(max-width: 300px) 100vw, 300px\" \/><\/a><p id=\"caption-attachment-5650\" class=\"wp-caption-text\">Ist die Papiertasche hochwertig, wird das Event auch als hochwertig empfunden.<\/p><\/div>\n<p>Das Wichtigste dabei ist, dass die Qualit\u00e4t der Papiertaschen stimmt. Eine billige T\u00fcte sollte einem Veranstalter blo\u00df nicht \u201ein die T\u00fcte kommen\u201c \u2013 denn die Anmutung des Kongresses geht mit Sicherheit mit der Anmutung der Tasche, die seinen Namen tr\u00e4gt, einher. Billige T\u00fcten oder d\u00fcnne Papiertaschen wandern meist noch am Ausgang des Events in den M\u00fcll, und damit h\u00e4ufig auch die Unterlagen darin. Hochwertige Papiertaschen, die ins Auge fallen mit besonderem Design, einer sch\u00f6nen Form oder ihrer Langlebigkeit, werden zum langfristigen Werbetr\u00e4ger \u2013 ganz ohne Media-Kosten. Daf\u00fcr aber nachweisbar mit <a href=\"https:\/\/www.riedle.de\/de\/riedle\/qualitaet\/index.html\" target=\"_blank\" rel=\"noopener noreferrer\">Qualit\u00e4t<\/a>: Als erster und bislang einziger Anbieter l\u00e4sst BAGS BY RIEDLE seine Qualit\u00e4t testen und f\u00fchrt entsprechende Pr\u00fcfsiegel \u2013 unter anderem vom Institut f\u00fcr Papier, Zellstoff und Fasertechnik, die Stabilit\u00e4t und Belastbarkeit der Papiertaschen attestieren. So m\u00f6chte BAGS BY RIEDLE mit seiner mehr als 20-j\u00e4hrigen Erfahrung als Papier- und Drucktechniker ein deutliches Signal setzen und den Entscheidern sowie Anwendern eine \u00fcberpr\u00fcfbare und fundierte Hilfestellung geben.<\/p>\n<p>Und zwar mit einem <a href=\"https:\/\/www.riedle.de\/de\/services\/umweltstandards\/index.html\" target=\"_blank\" rel=\"noopener noreferrer\">\u00f6kologisch guten Gewissen<\/a>. Die BAGS BY RIEDLE-Papiertaschen werden klimaneutral hergestellt, unter Einhaltung strenger Richtlinien zu Menschenrechten, Kinderarbeit, Umweltschutz. Das Papier stammt aus nachweislich verantwortungsvoller Waldwirtschaft. Ein kleiner Anh\u00e4nger im Inneren der Tasche weist auf die Handarbeit hin, mit der die Papiertaschen produziert werden.<\/p>\n<h3>Formen und Farben f\u00fcr alle Events<\/h3>\n<div id=\"attachment_5651\" style=\"width: 310px\" class=\"wp-caption alignleft\"><a href=\"https:\/\/www.memo-media.de\/blog\/wp-content\/uploads\/2017\/05\/riedle-papiertragetaschen-papiertaschen-papiertueten-mit-kordel-bagaro.jpg\"><img aria-describedby=\"caption-attachment-5651\" decoding=\"async\" loading=\"lazy\" class=\"wp-image-5651 size-medium\" src=\"https:\/\/www.memo-media.de\/blog\/wp-content\/uploads\/2017\/05\/riedle-papiertragetaschen-papiertaschen-papiertueten-mit-kordel-bagaro-300x258.jpg\" alt=\"Gro\u00dfe Tasche - viel Platz! Eine Rechnung, die aufgeht. \" width=\"300\" height=\"258\" srcset=\"https:\/\/www.memo-media.de\/blog\/wp-content\/uploads\/2017\/05\/riedle-papiertragetaschen-papiertaschen-papiertueten-mit-kordel-bagaro-300x258.jpg 300w, https:\/\/www.memo-media.de\/blog\/wp-content\/uploads\/2017\/05\/riedle-papiertragetaschen-papiertaschen-papiertueten-mit-kordel-bagaro-768x660.jpg 768w, https:\/\/www.memo-media.de\/blog\/wp-content\/uploads\/2017\/05\/riedle-papiertragetaschen-papiertaschen-papiertueten-mit-kordel-bagaro-335x288.jpg 335w, https:\/\/www.memo-media.de\/blog\/wp-content\/uploads\/2017\/05\/riedle-papiertragetaschen-papiertaschen-papiertueten-mit-kordel-bagaro.jpg 1000w\" sizes=\"(max-width: 300px) 100vw, 300px\" \/><\/a><p id=\"caption-attachment-5651\" class=\"wp-caption-text\">Gro\u00dfe Tasche &#8211; viel Platz! Eine Rechnung, die aufgeht.<\/p><\/div>\n<p>Egal ob f\u00fcr Messen, Kongresse oder Abendveranstaltungen \u2013 BAGS BY RIEDLE bietet nahezu jede <a href=\"https:\/\/www.riedle.de\/de\/produkte\/index.html\" target=\"_blank\" rel=\"noopener noreferrer\">Form, Gr\u00f6\u00dfe und Art <\/a>von Papiertaschen an. In meinem Fall war die Tasche etwas gr\u00f6\u00dfer, als die Unterlagen darin \u2013 ein geschickter Schachzug, der sich auch f\u00fcr Messen anbietet. So wandern andere Unterlagen und T\u00fcten, die sich an einem solchen Tag bei den Besuchern sammeln, in die BAGS BY RIEDLE-Tasche, die so den anderen ganz nebenbei die Show stiehlt. Messe- und Veranstaltungsg\u00e4ste, die das eigene Logo gratis in die Welt heraustragen &#8211; kann sich ein Veranstalter etwas Sch\u00f6neres w\u00fcnschen?<\/p>\n","protected":false},"excerpt":{"rendered":"<p>Mein dickes Notizbuch, eine gro\u00dfe Mappe mit Ausdrucken und eine Papierrolle mit den Entw\u00fcrfen f\u00fcr das neueste Cover \u2013 die&#8230;<\/p>\n","protected":false},"author":29,"featured_media":5654,"comment_status":"closed","ping_status":"open","sticky":false,"template":"","format":"standard","meta":[],"categories":[10],"tags":[929,1090,928,1089,924],"yoast_head":"<!-- This site is optimized with the Yoast SEO Premium plugin v20.5 (Yoast SEO v20.5) - https:\/\/yoast.com\/wordpress\/plugins\/seo\/ -->\n<title>Besucher werden zu Markenbotschaftern mit Papiertaschen von BAGS BY RIEDLE<\/title>\n<meta name=\"description\" content=\"Papiertaschen von BAGS BY RIEDLE sind ein Hingucker auf Events und Veranstaltungen. Und bieten dem Gast einen praktischen Mehrwert.\" \/>\n<meta name=\"robots\" content=\"index, follow, max-snippet:-1, max-image-preview:large, max-video-preview:-1\" \/>\n<link rel=\"canonical\" href=\"https:\/\/www.memo-media.de\/blog\/besucher-werden-zu-markenbotschaftern-mit-papiertaschen-von-bags-by-riedle\/\" \/>\n<meta property=\"og:locale\" content=\"de_DE\" \/>\n<meta property=\"og:type\" content=\"article\" \/>\n<meta property=\"og:title\" content=\"Besucher werden zu Markenbotschaftern mit Papiertaschen von BAGS BY RIEDLE\" \/>\n<meta property=\"og:description\" content=\"Papiertaschen von BAGS BY RIEDLE sind ein Hingucker auf Events und Veranstaltungen. Und bieten dem Gast einen praktischen Mehrwert.\" \/>\n<meta property=\"og:url\" content=\"https:\/\/www.memo-media.de\/blog\/besucher-werden-zu-markenbotschaftern-mit-papiertaschen-von-bags-by-riedle\/\" \/>\n<meta property=\"og:site_name\" content=\"memo-media Blog f\u00fcr die Eventplanung\" \/>\n<meta property=\"article:published_time\" content=\"2017-05-19T07:09:32+00:00\" \/>\n<meta property=\"article:modified_time\" content=\"2020-04-08T07:57:19+00:00\" \/>\n<meta property=\"og:image\" content=\"https:\/\/www.memo-media.de\/blog\/wp-content\/uploads\/2017\/05\/riedle_bestpractice_ms_europa2_foto_papiertaschen.jpg\" \/>\n\t<meta property=\"og:image:width\" content=\"1050\" \/>\n\t<meta property=\"og:image:height\" content=\"804\" \/>\n\t<meta property=\"og:image:type\" content=\"image\/jpeg\" \/>\n<meta name=\"author\" content=\"Julia Gundelach\" \/>\n<meta name=\"twitter:label1\" content=\"Verfasst von\" \/>\n\t<meta name=\"twitter:data1\" content=\"Julia Gundelach\" \/>\n\t<meta name=\"twitter:label2\" content=\"Gesch\u00e4tzte Lesezeit\" \/>\n\t<meta name=\"twitter:data2\" content=\"4\u00a0Minuten\" \/>\n<script type=\"application\/ld+json\" class=\"yoast-schema-graph\">{\"@context\":\"https:\/\/schema.org\",\"@graph\":[{\"@type\":\"WebPage\",\"@id\":\"https:\/\/www.memo-media.de\/blog\/besucher-werden-zu-markenbotschaftern-mit-papiertaschen-von-bags-by-riedle\/\",\"url\":\"https:\/\/www.memo-media.de\/blog\/besucher-werden-zu-markenbotschaftern-mit-papiertaschen-von-bags-by-riedle\/\",\"name\":\"Besucher werden zu Markenbotschaftern mit Papiertaschen von BAGS BY RIEDLE\",\"isPartOf\":{\"@id\":\"https:\/\/www.memo-media.de\/blog\/#website\"},\"datePublished\":\"2017-05-19T07:09:32+00:00\",\"dateModified\":\"2020-04-08T07:57:19+00:00\",\"author\":{\"@id\":\"https:\/\/www.memo-media.de\/blog\/#\/schema\/person\/b01cd365604b7a1226e889d3e8e6f56d\"},\"description\":\"Papiertaschen von BAGS BY RIEDLE sind ein Hingucker auf Events und Veranstaltungen. Und bieten dem Gast einen praktischen Mehrwert.\",\"breadcrumb\":{\"@id\":\"https:\/\/www.memo-media.de\/blog\/besucher-werden-zu-markenbotschaftern-mit-papiertaschen-von-bags-by-riedle\/#breadcrumb\"},\"inLanguage\":\"de\",\"potentialAction\":[{\"@type\":\"ReadAction\",\"target\":[\"https:\/\/www.memo-media.de\/blog\/besucher-werden-zu-markenbotschaftern-mit-papiertaschen-von-bags-by-riedle\/\"]}]},{\"@type\":\"BreadcrumbList\",\"@id\":\"https:\/\/www.memo-media.de\/blog\/besucher-werden-zu-markenbotschaftern-mit-papiertaschen-von-bags-by-riedle\/#breadcrumb\",\"itemListElement\":[{\"@type\":\"ListItem\",\"position\":1,\"name\":\"Home\",\"item\":\"https:\/\/www.memo-media.de\/blog\/\"},{\"@type\":\"ListItem\",\"position\":2,\"name\":\"Besucher werden zu Markenbotschaftern mit Papiertaschen von BAGS BY RIEDLE\"}]},{\"@type\":\"WebSite\",\"@id\":\"https:\/\/www.memo-media.de\/blog\/#website\",\"url\":\"https:\/\/www.memo-media.de\/blog\/\",\"name\":\"memo-media Blog f\u00fcr die Eventplanung\",\"description\":\"News und Facts aus der Eventbranche f\u00fcr die Eventbranche\",\"potentialAction\":[{\"@type\":\"SearchAction\",\"target\":{\"@type\":\"EntryPoint\",\"urlTemplate\":\"https:\/\/www.memo-media.de\/blog\/?s={search_term_string}\"},\"query-input\":\"required name=search_term_string\"}],\"inLanguage\":\"de\"},{\"@type\":\"Person\",\"@id\":\"https:\/\/www.memo-media.de\/blog\/#\/schema\/person\/b01cd365604b7a1226e889d3e8e6f56d\",\"name\":\"Julia Gundelach\",\"image\":{\"@type\":\"ImageObject\",\"inLanguage\":\"de\",\"@id\":\"https:\/\/www.memo-media.de\/blog\/#\/schema\/person\/image\/\",\"url\":\"https:\/\/www.memo-media.de\/blog\/wp-content\/uploads\/2021\/05\/julia-gundelach-150x150.jpg\",\"contentUrl\":\"https:\/\/www.memo-media.de\/blog\/wp-content\/uploads\/2021\/05\/julia-gundelach-150x150.jpg\",\"caption\":\"Julia Gundelach\"},\"description\":\"Julia Gundelach ist seit 2016 Teil des memo-media-Teams und bloggt am liebsten \u00fcber actionreiche Eventformate, die sie auch selbst mal testen darf. Als freie Redakteurin ist sie spezialisiert auf die Bereiche Marketing, PR und Werbung, aber auch auf neue Themen in der Veranstaltungswirtschaft. Zum Gl\u00fcck, denn eine buntere, vielf\u00e4ltigere und \u00fcberraschendere Welt, als das Event-Business kann sie sich nicht vorstellen!\",\"url\":\"https:\/\/www.memo-media.de\/blog\/author\/anna-steinberg\/\"}]}<\/script>\n<!-- \/ Yoast SEO Premium plugin. -->","yoast_head_json":{"title":"Besucher werden zu Markenbotschaftern mit Papiertaschen von BAGS BY RIEDLE","description":"Papiertaschen von BAGS BY RIEDLE sind ein Hingucker auf Events und Veranstaltungen. Und bieten dem Gast einen praktischen Mehrwert.","robots":{"index":"index","follow":"follow","max-snippet":"max-snippet:-1","max-image-preview":"max-image-preview:large","max-video-preview":"max-video-preview:-1"},"canonical":"https:\/\/www.memo-media.de\/blog\/besucher-werden-zu-markenbotschaftern-mit-papiertaschen-von-bags-by-riedle\/","og_locale":"de_DE","og_type":"article","og_title":"Besucher werden zu Markenbotschaftern mit Papiertaschen von BAGS BY RIEDLE","og_description":"Papiertaschen von BAGS BY RIEDLE sind ein Hingucker auf Events und Veranstaltungen. Und bieten dem Gast einen praktischen Mehrwert.","og_url":"https:\/\/www.memo-media.de\/blog\/besucher-werden-zu-markenbotschaftern-mit-papiertaschen-von-bags-by-riedle\/","og_site_name":"memo-media Blog f\u00fcr die Eventplanung","article_published_time":"2017-05-19T07:09:32+00:00","article_modified_time":"2020-04-08T07:57:19+00:00","og_image":[{"width":1050,"height":804,"url":"https:\/\/www.memo-media.de\/blog\/wp-content\/uploads\/2017\/05\/riedle_bestpractice_ms_europa2_foto_papiertaschen.jpg","type":"image\/jpeg"}],"author":"Julia Gundelach","twitter_misc":{"Verfasst von":"Julia Gundelach","Gesch\u00e4tzte Lesezeit":"4\u00a0Minuten"},"schema":{"@context":"https:\/\/schema.org","@graph":[{"@type":"WebPage","@id":"https:\/\/www.memo-media.de\/blog\/besucher-werden-zu-markenbotschaftern-mit-papiertaschen-von-bags-by-riedle\/","url":"https:\/\/www.memo-media.de\/blog\/besucher-werden-zu-markenbotschaftern-mit-papiertaschen-von-bags-by-riedle\/","name":"Besucher werden zu Markenbotschaftern mit Papiertaschen von BAGS BY RIEDLE","isPartOf":{"@id":"https:\/\/www.memo-media.de\/blog\/#website"},"datePublished":"2017-05-19T07:09:32+00:00","dateModified":"2020-04-08T07:57:19+00:00","author":{"@id":"https:\/\/www.memo-media.de\/blog\/#\/schema\/person\/b01cd365604b7a1226e889d3e8e6f56d"},"description":"Papiertaschen von BAGS BY RIEDLE sind ein Hingucker auf Events und Veranstaltungen. Und bieten dem Gast einen praktischen Mehrwert.","breadcrumb":{"@id":"https:\/\/www.memo-media.de\/blog\/besucher-werden-zu-markenbotschaftern-mit-papiertaschen-von-bags-by-riedle\/#breadcrumb"},"inLanguage":"de","potentialAction":[{"@type":"ReadAction","target":["https:\/\/www.memo-media.de\/blog\/besucher-werden-zu-markenbotschaftern-mit-papiertaschen-von-bags-by-riedle\/"]}]},{"@type":"BreadcrumbList","@id":"https:\/\/www.memo-media.de\/blog\/besucher-werden-zu-markenbotschaftern-mit-papiertaschen-von-bags-by-riedle\/#breadcrumb","itemListElement":[{"@type":"ListItem","position":1,"name":"Home","item":"https:\/\/www.memo-media.de\/blog\/"},{"@type":"ListItem","position":2,"name":"Besucher werden zu Markenbotschaftern mit Papiertaschen von BAGS BY RIEDLE"}]},{"@type":"WebSite","@id":"https:\/\/www.memo-media.de\/blog\/#website","url":"https:\/\/www.memo-media.de\/blog\/","name":"memo-media Blog f\u00fcr die Eventplanung","description":"News und Facts aus der Eventbranche f\u00fcr die Eventbranche","potentialAction":[{"@type":"SearchAction","target":{"@type":"EntryPoint","urlTemplate":"https:\/\/www.memo-media.de\/blog\/?s={search_term_string}"},"query-input":"required name=search_term_string"}],"inLanguage":"de"},{"@type":"Person","@id":"https:\/\/www.memo-media.de\/blog\/#\/schema\/person\/b01cd365604b7a1226e889d3e8e6f56d","name":"Julia Gundelach","image":{"@type":"ImageObject","inLanguage":"de","@id":"https:\/\/www.memo-media.de\/blog\/#\/schema\/person\/image\/","url":"https:\/\/www.memo-media.de\/blog\/wp-content\/uploads\/2021\/05\/julia-gundelach-150x150.jpg","contentUrl":"https:\/\/www.memo-media.de\/blog\/wp-content\/uploads\/2021\/05\/julia-gundelach-150x150.jpg","caption":"Julia Gundelach"},"description":"Julia Gundelach ist seit 2016 Teil des memo-media-Teams und bloggt am liebsten \u00fcber actionreiche Eventformate, die sie auch selbst mal testen darf. Als freie Redakteurin ist sie spezialisiert auf die Bereiche Marketing, PR und Werbung, aber auch auf neue Themen in der Veranstaltungswirtschaft. Zum Gl\u00fcck, denn eine buntere, vielf\u00e4ltigere und \u00fcberraschendere Welt, als das Event-Business kann sie sich nicht vorstellen!","url":"https:\/\/www.memo-media.de\/blog\/author\/anna-steinberg\/"}]}},"_links":{"self":[{"href":"https:\/\/www.memo-media.de\/blog\/wp-json\/wp\/v2\/posts\/5648"}],"collection":[{"href":"https:\/\/www.memo-media.de\/blog\/wp-json\/wp\/v2\/posts"}],"about":[{"href":"https:\/\/www.memo-media.de\/blog\/wp-json\/wp\/v2\/types\/post"}],"author":[{"embeddable":true,"href":"https:\/\/www.memo-media.de\/blog\/wp-json\/wp\/v2\/users\/29"}],"replies":[{"embeddable":true,"href":"https:\/\/www.memo-media.de\/blog\/wp-json\/wp\/v2\/comments?post=5648"}],"version-history":[{"count":4,"href":"https:\/\/www.memo-media.de\/blog\/wp-json\/wp\/v2\/posts\/5648\/revisions"}],"predecessor-version":[{"id":11097,"href":"https:\/\/www.memo-media.de\/blog\/wp-json\/wp\/v2\/posts\/5648\/revisions\/11097"}],"wp:featuredmedia":[{"embeddable":true,"href":"https:\/\/www.memo-media.de\/blog\/wp-json\/wp\/v2\/media\/5654"}],"wp:attachment":[{"href":"https:\/\/www.memo-media.de\/blog\/wp-json\/wp\/v2\/media?parent=5648"}],"wp:term":[{"taxonomy":"category","embeddable":true,"href":"https:\/\/www.memo-media.de\/blog\/wp-json\/wp\/v2\/categories?post=5648"},{"taxonomy":"post_tag","embeddable":true,"href":"https:\/\/www.memo-media.de\/blog\/wp-json\/wp\/v2\/tags?post=5648"}],"curies":[{"name":"wp","href":"https:\/\/api.w.org\/{rel}","templated":true}]}}