{"id":4973,"date":"2017-01-19T02:30:37","date_gmt":"2017-01-19T00:30:37","guid":{"rendered":"https:\/\/www.memo-media.de\/blog\/?p=4973"},"modified":"2020-06-19T09:11:26","modified_gmt":"2020-06-19T07:11:26","slug":"boe17-die-dortmunder-best-of-events","status":"publish","type":"post","link":"https:\/\/www.memo-media.de\/blog\/boe17-die-dortmunder-best-of-events\/","title":{"rendered":"#boe17: Die Dortmunder Best of Events macht sich sch\u00f6n"},"content":{"rendered":"<p>Es wird gebuddelt und gebaut. Das Entree der Dortmunder Messehallen wird neu gestaltet. Mit der [memo_eintrag kundennummer=123752]Best of Events[\/memo_eintrag]\u00a0war Spatenstich. So sind die Laufwege anders. Die Halle 5, die sich den Locations und dem Mice-Schwerpunkt widmet, lenkte die Mengen direkter in die Halle 7, die die vollste war. Die gro\u00dfe Halle 4 lag teilweise ein wenig neben den Str\u00f6men. Aber auch die K\u00fcnstlerhalle 8 war gut bev\u00f6lkert. 483 Aussteller aus 13 L\u00e4ndern teilten sich das Areal der gesamten BOE. Die ausl\u00e4ndischen Firmen kamen wieder vornehmlich aus den benachbarten Niederlanden, die sich mit einem Gemeinschaftsstand pr\u00e4sentierten.<\/p>\n<h3>Schwerpunktthema: Digitalisierung<\/h3>\n<div id=\"attachment_4978\" style=\"width: 310px\" class=\"wp-caption alignleft\"><a href=\"https:\/\/www.memo-media.de\/blog\/wp-content\/uploads\/2017\/01\/prof.-dr.-klemens-skibicki-und-mike-suesser.jpg\"><img aria-describedby=\"caption-attachment-4978\" decoding=\"async\" loading=\"lazy\" class=\"wp-image-4978 size-medium\" src=\"https:\/\/www.memo-media.de\/blog\/wp-content\/uploads\/2017\/01\/prof.-dr.-klemens-skibicki-und-mike-suesser-300x225.jpg\" alt=\"Prof. Dr. Klemens Skibicki und Mike S\u00fcsser\" width=\"300\" height=\"225\" srcset=\"https:\/\/www.memo-media.de\/blog\/wp-content\/uploads\/2017\/01\/prof.-dr.-klemens-skibicki-und-mike-suesser-300x225.jpg 300w, https:\/\/www.memo-media.de\/blog\/wp-content\/uploads\/2017\/01\/prof.-dr.-klemens-skibicki-und-mike-suesser-768x576.jpg 768w, https:\/\/www.memo-media.de\/blog\/wp-content\/uploads\/2017\/01\/prof.-dr.-klemens-skibicki-und-mike-suesser-72x54.jpg 72w, https:\/\/www.memo-media.de\/blog\/wp-content\/uploads\/2017\/01\/prof.-dr.-klemens-skibicki-und-mike-suesser-335x251.jpg 335w, https:\/\/www.memo-media.de\/blog\/wp-content\/uploads\/2017\/01\/prof.-dr.-klemens-skibicki-und-mike-suesser.jpg 1000w\" sizes=\"(max-width: 300px) 100vw, 300px\" \/><\/a><p id=\"caption-attachment-4978\" class=\"wp-caption-text\">Prof. Dr. Klemens Skibicki und Mike S\u00fcsser auf der Er\u00f6ffnungspressekonferenz.<\/p><\/div>\n<p>Das Schwerpunktthema der Messe war die Digitalisierung. Prof. Dr. Klemens Skibicki, Experte f\u00fcr Social Media Marketing und Marktforschung von der Cologne Business School, durfte in der Er\u00f6ffnungspressekonferenz das Thema er\u00f6rtern. Sensationen hatte er nicht zu vermelden \u2013 es geht um immer smartere und bessere Vernetzung, doch last but not least um die Aufmerksamkeit, und da hat die [memo_rubrik id=4116]Live-Kommunikation[\/memo_rubrik] immer noch das Potenzial, zu rocken.<\/p>\n<p>Jan Kalbfleisch, Gesch\u00e4ftsf\u00fchrer des neuen fachlichen festen Tr\u00e4gers der BOE, des <a href=\"http:\/\/famab.de\/\" target=\"_blank\" rel=\"noopener noreferrer\">FAMAB<\/a>, hatte demgem\u00e4\u00df positive Nachrichten f\u00fcr die Event-Branche in der Aktentasche. Menschen und Begegnungen sind immer noch attraktiv. Die Studie sieht den Gesamtumsatz der Marketing- und Kommunikationsbranche bei rund 30 Milliarden Euro, wovon rund 23 % auf den Event-Bereich fallen. Wovon dann wiederum 48 % bei Messen ausgegeben werden.<\/p>\n<h3>Kochen auf den Punkt<\/h3>\n<p>Im Vorfeld der BOE fand erstmalig der Europ\u00e4ische Street Food Kongress in Dortmund statt. Der fernsehbekannte Koch Mike S\u00fcsser berichtete begeistert von der ehrlichen, direkten Trendk\u00fcche. Man h\u00e4tte gerne auch mehr davon auf der BOE selbst gesehen und geschmeckt! Wandelt man den alten Vok-Dams-Slogan ab, ist das: Kochen auf den Punkt. Vielleicht gelingt es im n\u00e4chsten Jahr, die beiden Veranstaltungen mehr zu verbandeln. Das k\u00f6nnte ein spannendes Thema sein auf einer Messe, die nicht allzu viele Innovationen zu bieten hat, sondern eher das rituelle \u201eSame procedure as last year!\u201c eines allj\u00e4hrlichen Branchentreffs ist.<\/p>\n<h3>K\u00fcnstler auf der Best of Events<\/h3>\n<div id=\"attachment_4979\" style=\"width: 256px\" class=\"wp-caption alignright\"><a href=\"https:\/\/www.memo-media.de\/blog\/wp-content\/uploads\/2017\/01\/joern-koelling-der-charmeur.jpg\"><img aria-describedby=\"caption-attachment-4979\" decoding=\"async\" loading=\"lazy\" class=\"wp-image-4979 size-medium\" src=\"https:\/\/www.memo-media.de\/blog\/wp-content\/uploads\/2017\/01\/joern-koelling-der-charmeur-246x300.jpg\" alt=\"J\u00f6rn K\u00f6lling, der Charmeur\" width=\"246\" height=\"300\" srcset=\"https:\/\/www.memo-media.de\/blog\/wp-content\/uploads\/2017\/01\/joern-koelling-der-charmeur-246x300.jpg 246w, https:\/\/www.memo-media.de\/blog\/wp-content\/uploads\/2017\/01\/joern-koelling-der-charmeur-768x938.jpg 768w, https:\/\/www.memo-media.de\/blog\/wp-content\/uploads\/2017\/01\/joern-koelling-der-charmeur-335x409.jpg 335w, https:\/\/www.memo-media.de\/blog\/wp-content\/uploads\/2017\/01\/joern-koelling-der-charmeur.jpg 819w\" sizes=\"(max-width: 246px) 100vw, 246px\" \/><\/a><p id=\"caption-attachment-4979\" class=\"wp-caption-text\">K\u00fcnstler J\u00f6rn K\u00f6lling \u2013 besser bekannt als Charmeur \u2013 auf der Best of Events 2017.<\/p><\/div>\n<p>Die Zukunft ist live und digital. Und da sind es vor allem die K\u00fcnstler, die sich gegen Virtual Reality als Aufmerksamkeitsbeschaffer behaupten k\u00f6nnen. Da ringen dann die Wichtel auf Stelzen vom\u00a0[memo_eintrag kundennummer=139182]Zebratheater[\/memo_eintrag] mit [memo_eintrag kundennummer=508604]Nox dem Roboter[\/memo_eintrag], und sind doch desgleichen Vaters Kind. Das Stelzentheater blickt \u00fcbrigens auf 30 Jahre pure Freude zur\u00fcck! Selbst ein so kontemplativer K\u00fcnstler wie\u00a0[memo_eintrag kundennummer=118370]J\u00f6rn K\u00f6lling[\/memo_eintrag] \u2013 besser bekannt als Charmeur \u2013 kann sich einfach in den Weg dr\u00e4ngen und das Aufmerksamkeitsfeld besetzen. Das tut er in diesem Jahr mit einem Globe Theater und der ganzen Personage von Shakespeares \u201eSommernachtstraum\u201c. Elfen und Trolle erweckt er zum Leben und befreit Hermia, Helena\u00a0 und Titania aus ihrer Buchr\u00fcckengefangenschaft. Und auch die Handwerker vergisst er dabei nicht.<\/p>\n<p>Die [memo_eintrag kundennummer=503152]Foolpool[\/memo_eintrag]-Bullen und deren futuristische Metalll\u00e4ufer jagen dem Poeten keinen Schrecken ein. Der Charmeur weicht keinen Schritt. Auch nicht, wenn die gro\u00dfe Trommel erklingt. Die hallt m\u00e4chtig her\u00fcber.\u00a0[memo_eintrag kundennummer=146742]UliK[\/memo_eintrag] hat seinen gigantischen Industrieroboter im Gep\u00e4ck. Von dem l\u00e4sst er sich durch den Himmel schleudern, w\u00e4hrend das Trommelfell bebt. Er dreht sich in den Himmel. [memo_eintrag kundennummer=146742]UliK[\/memo_eintrag] der Tausendsassa ist ein Freund der Technik und lotet diese pers\u00f6nlich f\u00fcr die [memo_rubrik id=353]Event-Artistik[\/memo_rubrik] aus. Ein z\u00e4rtliches Paar schwebt beim \u201ePas de deux\u201d durch die Halle 8. Industrietechnik hat auch eine romantische Seele. Dortmunder wissen das.<\/p>\n<div id=\"attachment_4980\" style=\"width: 310px\" class=\"wp-caption alignnone\"><a href=\"https:\/\/www.memo-media.de\/blog\/wp-content\/uploads\/2017\/01\/ulik-mit-roboter.jpg\"><img aria-describedby=\"caption-attachment-4980\" decoding=\"async\" loading=\"lazy\" class=\"wp-image-4980 size-medium\" src=\"https:\/\/www.memo-media.de\/blog\/wp-content\/uploads\/2017\/01\/ulik-mit-roboter-300x210.jpg\" alt=\"UliK mit Roboter auf Best of Events\" width=\"300\" height=\"210\" srcset=\"https:\/\/www.memo-media.de\/blog\/wp-content\/uploads\/2017\/01\/ulik-mit-roboter-300x210.jpg 300w, https:\/\/www.memo-media.de\/blog\/wp-content\/uploads\/2017\/01\/ulik-mit-roboter-768x538.jpg 768w, https:\/\/www.memo-media.de\/blog\/wp-content\/uploads\/2017\/01\/ulik-mit-roboter-335x235.jpg 335w, https:\/\/www.memo-media.de\/blog\/wp-content\/uploads\/2017\/01\/ulik-mit-roboter.jpg 1000w\" sizes=\"(max-width: 300px) 100vw, 300px\" \/><\/a><p id=\"caption-attachment-4980\" class=\"wp-caption-text\">UliK hat seinen gigantischen Industrieroboter im Gep\u00e4ck.<\/p><\/div>\n<h3>Volle Halle bei den &#8220;Acts on Stage&#8221;<\/h3>\n<div id=\"attachment_4981\" style=\"width: 310px\" class=\"wp-caption alignright\"><a href=\"https:\/\/www.memo-media.de\/blog\/wp-content\/uploads\/2017\/01\/andreas-schaeferund-andrea-wittwer-von-der-zav.jpg\"><img aria-describedby=\"caption-attachment-4981\" decoding=\"async\" loading=\"lazy\" class=\"wp-image-4981 size-medium\" src=\"https:\/\/www.memo-media.de\/blog\/wp-content\/uploads\/2017\/01\/andreas-schaeferund-andrea-wittwer-von-der-zav-300x200.jpg\" alt=\"Andreas Schaefer und Andrea Wittwer von der ZAV auf der Best of Events 2017\" width=\"300\" height=\"200\" srcset=\"https:\/\/www.memo-media.de\/blog\/wp-content\/uploads\/2017\/01\/andreas-schaeferund-andrea-wittwer-von-der-zav-300x200.jpg 300w, https:\/\/www.memo-media.de\/blog\/wp-content\/uploads\/2017\/01\/andreas-schaeferund-andrea-wittwer-von-der-zav-768x512.jpg 768w, https:\/\/www.memo-media.de\/blog\/wp-content\/uploads\/2017\/01\/andreas-schaeferund-andrea-wittwer-von-der-zav-335x223.jpg 335w, https:\/\/www.memo-media.de\/blog\/wp-content\/uploads\/2017\/01\/andreas-schaeferund-andrea-wittwer-von-der-zav.jpg 1000w\" sizes=\"(max-width: 300px) 100vw, 300px\" \/><\/a><p id=\"caption-attachment-4981\" class=\"wp-caption-text\">Andrea Wittwer, von der Berliner ZAV, und Andreas Sch\u00e4fer.<\/p><\/div>\n<p>Die Halle 8 war die Heimat der K\u00fcnstler. Das von memo-media zusammengestellte und pr\u00e4sentierte Programm \u201eActs on Stage\u201c zog viele Zuschauer, pr\u00e4sentierte Sprungbrettpreistr\u00e4ger, aber auch Branchenk\u00f6pfe wie Andrea Wittwer von der Berliner ZAV, diesem noch viel zu unbekannten Vermittlungswesen f\u00fcr K\u00fcnstler in der Bundesagentur f\u00fcr Arbeit. 1.300 Show-Acts kennt sie pers\u00f6nlich und kann sie passgenau f\u00fcr alle m\u00f6glichen Events vermitteln.<\/p>\n<p>Auf der [memo_eintrag kundennummer=123752]BOE[\/memo_eintrag] lohnt es sich, immer wieder genauer hinzuschauen. Und tut man das nicht, dann verpasst man was!<\/p>\n<p>&nbsp;<\/p>\n","protected":false},"excerpt":{"rendered":"<p>Es wird gebuddelt und gebaut. Das Entree der Dortmunder Messehallen wird neu gestaltet. Mit der [memo_eintrag kundennummer=123752]Best of Events[\/memo_eintrag]\u00a0war Spatenstich&#8230;.<\/p>\n","protected":false},"author":4,"featured_media":4977,"comment_status":"closed","ping_status":"open","sticky":false,"template":"","format":"standard","meta":[],"categories":[22,4],"tags":[943,270,256,956,955,332],"yoast_head":"<!-- This site is optimized with the Yoast SEO Premium plugin v20.5 (Yoast SEO v20.5) - https:\/\/yoast.com\/wordpress\/plugins\/seo\/ -->\n<title>#boe17: Die Dortmunder Best of Events macht sich sch\u00f6n<\/title>\n<meta name=\"description\" content=\"Auch dieses Jahr war das memo-media-Team auf der Dortmunder Best of Events. Im Blog f\u00fcr die Eventplanung lassen wir den Auftakt der BOE 2017 Revue passieren\" \/>\n<meta name=\"robots\" content=\"index, follow, max-snippet:-1, max-image-preview:large, max-video-preview:-1\" \/>\n<link rel=\"canonical\" href=\"https:\/\/www.memo-media.de\/blog\/boe17-die-dortmunder-best-of-events\/\" \/>\n<meta property=\"og:locale\" content=\"de_DE\" \/>\n<meta property=\"og:type\" content=\"article\" \/>\n<meta property=\"og:title\" content=\"#boe17: Die Dortmunder Best of Events macht sich sch\u00f6n\" \/>\n<meta property=\"og:description\" content=\"Auch dieses Jahr war das memo-media-Team auf der Dortmunder Best of Events. Im Blog f\u00fcr die Eventplanung lassen wir den Auftakt der BOE 2017 Revue passieren\" \/>\n<meta property=\"og:url\" content=\"https:\/\/www.memo-media.de\/blog\/boe17-die-dortmunder-best-of-events\/\" \/>\n<meta property=\"og:site_name\" content=\"memo-media Blog f\u00fcr die Eventplanung\" \/>\n<meta property=\"article:author\" content=\"https:\/\/www.facebook.com\/theartcore\" \/>\n<meta property=\"article:published_time\" content=\"2017-01-19T00:30:37+00:00\" \/>\n<meta property=\"article:modified_time\" content=\"2020-06-19T07:11:26+00:00\" \/>\n<meta property=\"og:image\" content=\"https:\/\/www.memo-media.de\/blog\/wp-content\/uploads\/2017\/01\/memo-team.jpg\" \/>\n\t<meta property=\"og:image:width\" content=\"1050\" \/>\n\t<meta property=\"og:image:height\" content=\"804\" \/>\n\t<meta property=\"og:image:type\" content=\"image\/jpeg\" \/>\n<meta name=\"author\" content=\"Andreas Sch\u00e4fer\" \/>\n<meta name=\"twitter:label1\" content=\"Verfasst von\" \/>\n\t<meta name=\"twitter:data1\" content=\"Andreas Sch\u00e4fer\" \/>\n\t<meta name=\"twitter:label2\" content=\"Gesch\u00e4tzte Lesezeit\" \/>\n\t<meta name=\"twitter:data2\" content=\"4\u00a0Minuten\" \/>\n<script type=\"application\/ld+json\" class=\"yoast-schema-graph\">{\"@context\":\"https:\/\/schema.org\",\"@graph\":[{\"@type\":\"WebPage\",\"@id\":\"https:\/\/www.memo-media.de\/blog\/boe17-die-dortmunder-best-of-events\/\",\"url\":\"https:\/\/www.memo-media.de\/blog\/boe17-die-dortmunder-best-of-events\/\",\"name\":\"#boe17: Die Dortmunder Best of Events macht sich sch\u00f6n\",\"isPartOf\":{\"@id\":\"https:\/\/www.memo-media.de\/blog\/#website\"},\"datePublished\":\"2017-01-19T00:30:37+00:00\",\"dateModified\":\"2020-06-19T07:11:26+00:00\",\"author\":{\"@id\":\"https:\/\/www.memo-media.de\/blog\/#\/schema\/person\/47b954ab670be9899b70793ff6260866\"},\"description\":\"Auch dieses Jahr war das memo-media-Team auf der Dortmunder Best of Events. Im Blog f\u00fcr die Eventplanung lassen wir den Auftakt der BOE 2017 Revue passieren\",\"breadcrumb\":{\"@id\":\"https:\/\/www.memo-media.de\/blog\/boe17-die-dortmunder-best-of-events\/#breadcrumb\"},\"inLanguage\":\"de\",\"potentialAction\":[{\"@type\":\"ReadAction\",\"target\":[\"https:\/\/www.memo-media.de\/blog\/boe17-die-dortmunder-best-of-events\/\"]}]},{\"@type\":\"BreadcrumbList\",\"@id\":\"https:\/\/www.memo-media.de\/blog\/boe17-die-dortmunder-best-of-events\/#breadcrumb\",\"itemListElement\":[{\"@type\":\"ListItem\",\"position\":1,\"name\":\"Home\",\"item\":\"https:\/\/www.memo-media.de\/blog\/\"},{\"@type\":\"ListItem\",\"position\":2,\"name\":\"#boe17: Die Dortmunder Best of Events macht sich sch\u00f6n\"}]},{\"@type\":\"WebSite\",\"@id\":\"https:\/\/www.memo-media.de\/blog\/#website\",\"url\":\"https:\/\/www.memo-media.de\/blog\/\",\"name\":\"memo-media Blog f\u00fcr die Eventplanung\",\"description\":\"News und Facts aus der Eventbranche f\u00fcr die Eventbranche\",\"potentialAction\":[{\"@type\":\"SearchAction\",\"target\":{\"@type\":\"EntryPoint\",\"urlTemplate\":\"https:\/\/www.memo-media.de\/blog\/?s={search_term_string}\"},\"query-input\":\"required name=search_term_string\"}],\"inLanguage\":\"de\"},{\"@type\":\"Person\",\"@id\":\"https:\/\/www.memo-media.de\/blog\/#\/schema\/person\/47b954ab670be9899b70793ff6260866\",\"name\":\"Andreas Sch\u00e4fer\",\"image\":{\"@type\":\"ImageObject\",\"inLanguage\":\"de\",\"@id\":\"https:\/\/www.memo-media.de\/blog\/#\/schema\/person\/image\/\",\"url\":\"https:\/\/www.memo-media.de\/blog\/wp-content\/uploads\/2014\/04\/andreas-schaefer-c-martin-fago-150x150.jpg\",\"contentUrl\":\"https:\/\/www.memo-media.de\/blog\/wp-content\/uploads\/2014\/04\/andreas-schaefer-c-martin-fago-150x150.jpg\",\"caption\":\"Andreas Sch\u00e4fer\"},\"description\":\"Andreas Sch\u00e4fer besuchte die Master Class von Robert Lewis am Europ\u00e4ischen Schauspielerinstitut. Seit 1990 Regie und Leitung bei internationalen Theater- und Kunstevents auf der EXPO2000, f\u00fcr die Fraunhofer Gesellschaft, Initiativkreis Ruhrgebiet, Else-Lasker-Sch\u00fcler-Gesellschaft, Friedrich-Ebert-Stiftung u.a. 2014 European Best Event Award in Silber f\u00fcr einen Kunstevent im Europaparlament f\u00fcr die Stiftung EFCNI. Transitraum Else, internationales literarisches Projekt der Else-Lasker-Sch\u00fcler-Gesellschaft und Astronautenkost in Kooperation mit diversen Goethe-Instituten und der Villa Aurora u.a. mit Inger Nilsson, Lainie Kazan und John Nettles u.a. in Stockholm, New York, London und weiterer Beteiligung von 65 internationalen K\u00fcnstler*innen. F\u00f6rderpreis Digitale Dramaturgie Kultursekretariat NRW 2020. Seit 2009 ist er zweiter Chefredakteur der showcases im memo-media-Verlag.\",\"sameAs\":[\"http:\/\/www.andreas-schaefer.eu\",\"https:\/\/www.facebook.com\/theartcore\"],\"url\":\"https:\/\/www.memo-media.de\/blog\/author\/andreas-schaefer\/\"}]}<\/script>\n<!-- \/ Yoast SEO Premium plugin. -->","yoast_head_json":{"title":"#boe17: Die Dortmunder Best of Events macht sich sch\u00f6n","description":"Auch dieses Jahr war das memo-media-Team auf der Dortmunder Best of Events. Im Blog f\u00fcr die Eventplanung lassen wir den Auftakt der BOE 2017 Revue passieren","robots":{"index":"index","follow":"follow","max-snippet":"max-snippet:-1","max-image-preview":"max-image-preview:large","max-video-preview":"max-video-preview:-1"},"canonical":"https:\/\/www.memo-media.de\/blog\/boe17-die-dortmunder-best-of-events\/","og_locale":"de_DE","og_type":"article","og_title":"#boe17: Die Dortmunder Best of Events macht sich sch\u00f6n","og_description":"Auch dieses Jahr war das memo-media-Team auf der Dortmunder Best of Events. Im Blog f\u00fcr die Eventplanung lassen wir den Auftakt der BOE 2017 Revue passieren","og_url":"https:\/\/www.memo-media.de\/blog\/boe17-die-dortmunder-best-of-events\/","og_site_name":"memo-media Blog f\u00fcr die Eventplanung","article_author":"https:\/\/www.facebook.com\/theartcore","article_published_time":"2017-01-19T00:30:37+00:00","article_modified_time":"2020-06-19T07:11:26+00:00","og_image":[{"width":1050,"height":804,"url":"https:\/\/www.memo-media.de\/blog\/wp-content\/uploads\/2017\/01\/memo-team.jpg","type":"image\/jpeg"}],"author":"Andreas Sch\u00e4fer","twitter_misc":{"Verfasst von":"Andreas Sch\u00e4fer","Gesch\u00e4tzte Lesezeit":"4\u00a0Minuten"},"schema":{"@context":"https:\/\/schema.org","@graph":[{"@type":"WebPage","@id":"https:\/\/www.memo-media.de\/blog\/boe17-die-dortmunder-best-of-events\/","url":"https:\/\/www.memo-media.de\/blog\/boe17-die-dortmunder-best-of-events\/","name":"#boe17: Die Dortmunder Best of Events macht sich sch\u00f6n","isPartOf":{"@id":"https:\/\/www.memo-media.de\/blog\/#website"},"datePublished":"2017-01-19T00:30:37+00:00","dateModified":"2020-06-19T07:11:26+00:00","author":{"@id":"https:\/\/www.memo-media.de\/blog\/#\/schema\/person\/47b954ab670be9899b70793ff6260866"},"description":"Auch dieses Jahr war das memo-media-Team auf der Dortmunder Best of Events. Im Blog f\u00fcr die Eventplanung lassen wir den Auftakt der BOE 2017 Revue passieren","breadcrumb":{"@id":"https:\/\/www.memo-media.de\/blog\/boe17-die-dortmunder-best-of-events\/#breadcrumb"},"inLanguage":"de","potentialAction":[{"@type":"ReadAction","target":["https:\/\/www.memo-media.de\/blog\/boe17-die-dortmunder-best-of-events\/"]}]},{"@type":"BreadcrumbList","@id":"https:\/\/www.memo-media.de\/blog\/boe17-die-dortmunder-best-of-events\/#breadcrumb","itemListElement":[{"@type":"ListItem","position":1,"name":"Home","item":"https:\/\/www.memo-media.de\/blog\/"},{"@type":"ListItem","position":2,"name":"#boe17: Die Dortmunder Best of Events macht sich sch\u00f6n"}]},{"@type":"WebSite","@id":"https:\/\/www.memo-media.de\/blog\/#website","url":"https:\/\/www.memo-media.de\/blog\/","name":"memo-media Blog f\u00fcr die Eventplanung","description":"News und Facts aus der Eventbranche f\u00fcr die Eventbranche","potentialAction":[{"@type":"SearchAction","target":{"@type":"EntryPoint","urlTemplate":"https:\/\/www.memo-media.de\/blog\/?s={search_term_string}"},"query-input":"required name=search_term_string"}],"inLanguage":"de"},{"@type":"Person","@id":"https:\/\/www.memo-media.de\/blog\/#\/schema\/person\/47b954ab670be9899b70793ff6260866","name":"Andreas Sch\u00e4fer","image":{"@type":"ImageObject","inLanguage":"de","@id":"https:\/\/www.memo-media.de\/blog\/#\/schema\/person\/image\/","url":"https:\/\/www.memo-media.de\/blog\/wp-content\/uploads\/2014\/04\/andreas-schaefer-c-martin-fago-150x150.jpg","contentUrl":"https:\/\/www.memo-media.de\/blog\/wp-content\/uploads\/2014\/04\/andreas-schaefer-c-martin-fago-150x150.jpg","caption":"Andreas Sch\u00e4fer"},"description":"Andreas Sch\u00e4fer besuchte die Master Class von Robert Lewis am Europ\u00e4ischen Schauspielerinstitut. Seit 1990 Regie und Leitung bei internationalen Theater- und Kunstevents auf der EXPO2000, f\u00fcr die Fraunhofer Gesellschaft, Initiativkreis Ruhrgebiet, Else-Lasker-Sch\u00fcler-Gesellschaft, Friedrich-Ebert-Stiftung u.a. 2014 European Best Event Award in Silber f\u00fcr einen Kunstevent im Europaparlament f\u00fcr die Stiftung EFCNI. Transitraum Else, internationales literarisches Projekt der Else-Lasker-Sch\u00fcler-Gesellschaft und Astronautenkost in Kooperation mit diversen Goethe-Instituten und der Villa Aurora u.a. mit Inger Nilsson, Lainie Kazan und John Nettles u.a. in Stockholm, New York, London und weiterer Beteiligung von 65 internationalen K\u00fcnstler*innen. F\u00f6rderpreis Digitale Dramaturgie Kultursekretariat NRW 2020. Seit 2009 ist er zweiter Chefredakteur der showcases im memo-media-Verlag.","sameAs":["http:\/\/www.andreas-schaefer.eu","https:\/\/www.facebook.com\/theartcore"],"url":"https:\/\/www.memo-media.de\/blog\/author\/andreas-schaefer\/"}]}},"_links":{"self":[{"href":"https:\/\/www.memo-media.de\/blog\/wp-json\/wp\/v2\/posts\/4973"}],"collection":[{"href":"https:\/\/www.memo-media.de\/blog\/wp-json\/wp\/v2\/posts"}],"about":[{"href":"https:\/\/www.memo-media.de\/blog\/wp-json\/wp\/v2\/types\/post"}],"author":[{"embeddable":true,"href":"https:\/\/www.memo-media.de\/blog\/wp-json\/wp\/v2\/users\/4"}],"replies":[{"embeddable":true,"href":"https:\/\/www.memo-media.de\/blog\/wp-json\/wp\/v2\/comments?post=4973"}],"version-history":[{"count":14,"href":"https:\/\/www.memo-media.de\/blog\/wp-json\/wp\/v2\/posts\/4973\/revisions"}],"predecessor-version":[{"id":11644,"href":"https:\/\/www.memo-media.de\/blog\/wp-json\/wp\/v2\/posts\/4973\/revisions\/11644"}],"wp:featuredmedia":[{"embeddable":true,"href":"https:\/\/www.memo-media.de\/blog\/wp-json\/wp\/v2\/media\/4977"}],"wp:attachment":[{"href":"https:\/\/www.memo-media.de\/blog\/wp-json\/wp\/v2\/media?parent=4973"}],"wp:term":[{"taxonomy":"category","embeddable":true,"href":"https:\/\/www.memo-media.de\/blog\/wp-json\/wp\/v2\/categories?post=4973"},{"taxonomy":"post_tag","embeddable":true,"href":"https:\/\/www.memo-media.de\/blog\/wp-json\/wp\/v2\/tags?post=4973"}],"curies":[{"name":"wp","href":"https:\/\/api.w.org\/{rel}","templated":true}]}}