{"id":4915,"date":"2017-01-06T11:29:22","date_gmt":"2017-01-06T09:29:22","guid":{"rendered":"https:\/\/www.memo-media.de\/blog\/?p=4915"},"modified":"2024-10-29T13:14:13","modified_gmt":"2024-10-29T11:14:13","slug":"live-kommunikation-mit-macevent","status":"publish","type":"post","link":"https:\/\/www.memo-media.de\/blog\/live-kommunikation-mit-macevent\/","title":{"rendered":"Wandel der Eventbranche: Live-Kommunikation mit macevent"},"content":{"rendered":"<p>Ein Event ist nicht mehr einfach nur ein Event. Ein Event bedeutet Netzwerken und Storytelling, bedeutet Marketing-Mix und Social Media, und oft spielen auch Webdesign, Ticketing und Mailings eine wichtige Rolle. Kurz gesagt: Es geht um das gro\u00dfe Ganze, um Live-Kommunikation. In welche Richtung sich die Eventbranche bewegt, hat die <a href=\"http:\/\/www.macevent.de\" target=\"_blank\" rel=\"noopener noreferrer\">macevent GmbH<\/a> aus K\u00f6ln in 2016 besonders gesp\u00fcrt. Seit jeher versteht sich die Eventbranche schon als Vordenker und Vorreiter, wenn es um die kreative Live-Kommunikation geht. Der Schwerpunkt geht aktuell aber immer mehr weg von der reinen Kreation und Eventorganisation hin zu Beratung und nachhaltigem Content rund um die Unternehmenskommunikation. So w\u00fcrden Karin Leiste (Gesch\u00e4ftsf\u00fchrerin der macevent \/ rechts im Bild) und ihr Team den Wandel beschreiben. Um besser zu verstehen, was mit dieser Ver\u00e4nderung gemeint ist, haben uns die kreativen K\u00f6pfe von macevent einen Blick hinter die Kulissen geschenkt.<\/p>\n<h3>Anforderungen an die Event-Organisation wachsen<\/h3>\n<p>Hat man fr\u00fcher an die Aufgaben einer Event-Agentur gedacht, kam einem folgender Ablauf in den Kopf: Ideenfindung, Planung und Durchf\u00fchrung. So einfach wie es klingt, ist es jedoch schon lange nicht mehr. \u201eDie Disziplinen gehen mittlerweile weit \u00fcber die Klassischen hinaus. Denn die Anforderungen wachsen stetig. Und mit ihnen die M\u00f6glichkeiten\u201c, leitet Peter Bitting, Senior Projektleitung Event, Grafik- &amp; Webdesign, das Gespr\u00e4ch ein, \u201eStorytelling ist ein Aspekt, dem besonders viel Aufmerksamkeit gewidmet werden sollte. Zum Beispiel kann der Anlass eines Firmenjubil\u00e4ums der Anlass f\u00fcr einen Event, aber keinesfalls die Botschaft sein. Der Fokus liegt vor allem darauf, Hintergr\u00fcnde und Leitlinien der jeweiligen Unternehmen zu vermitteln. Und das geht \u00fcber unterschiedliche Kan\u00e4le. Der richtige Mix macht das Ergebnis aus.\u201c<\/p>\n<h3>Disziplinen der Live-Kommunikation<\/h3>\n<p>Neben Storytelling erg\u00e4nzen Social Media, Content Marketing und PR die Herausforderungen in der Live-Kommunikation. Wir wundern uns. Betrachtet man die Aspekte einzeln, wirken sie zun\u00e4chst nicht sonderlich neu \u2013 sind sie in der Event-Branche doch schon l\u00e4ngere Zeit im Gespr\u00e4ch. \u201eDie Expertise, \u00fcber den Tellerrand eines klassischen Events hinaus zu blicken, verstehen wir als unsere Aufgabe, und diese ist letztlich ausschlaggebend f\u00fcr Kundenentscheidungen\u201c, erkl\u00e4rt Karin Leiste. \u201eEs geht darum, die einzelnen Elemente stimmig miteinander zu verbinden. Wir haben festgestellt, dass es Kunden auch sehr wichtig ist, alles aus einer Hand zu bekommen. Das kann die macevent GmbH mit ihrem gro\u00dfen Team, das auf unterschiedlichste Bereiche spezialisiert ist, bieten.\u201c Auch Webdesign und <a href=\"https:\/\/www.memo-media.de\/blog\/was-muss-ich-beim-ticketing-fuer-events-beachten\/\">Online-Akkreditierungen<\/a> \u2013 inklusive Layout und Programmierung \u2013 gewinnen zunehmend an Bedeutung gewinnen. Daf\u00fcr hat die macevent GmbH ebenfalls interne Spezialisten, wie Peter Bitting. Sp\u00e4testens jetzt f\u00e4llt auf: Die neuen Anforderungen gehen \u00fcber die reine Organisation und Durchf\u00fchrung eines Events weit hinaus.<\/p>\n<div id=\"attachment_4918\" style=\"width: 460px\" class=\"wp-caption alignleft\"><a href=\"https:\/\/www.memo-media.de\/blog\/wp-content\/uploads\/2017\/01\/rheinmagnet-live-kommunikation.jpg\"><img aria-describedby=\"caption-attachment-4918\" decoding=\"async\" loading=\"lazy\" class=\"wp-image-4918\" src=\"https:\/\/www.memo-media.de\/blog\/wp-content\/uploads\/2017\/01\/rheinmagnet-live-kommunikation.jpg\" alt=\"rheinmagnet-live-kommunikation\" width=\"450\" height=\"291\" srcset=\"https:\/\/www.memo-media.de\/blog\/wp-content\/uploads\/2017\/01\/rheinmagnet-live-kommunikation.jpg 900w, https:\/\/www.memo-media.de\/blog\/wp-content\/uploads\/2017\/01\/rheinmagnet-live-kommunikation-300x194.jpg 300w, https:\/\/www.memo-media.de\/blog\/wp-content\/uploads\/2017\/01\/rheinmagnet-live-kommunikation-768x496.jpg 768w, https:\/\/www.memo-media.de\/blog\/wp-content\/uploads\/2017\/01\/rheinmagnet-live-kommunikation-335x216.jpg 335w\" sizes=\"(max-width: 450px) 100vw, 450px\" \/><\/a><p id=\"caption-attachment-4918\" class=\"wp-caption-text\">Contentmarketing f\u00fcr ein Event. 50 Jahre Unternehmensgeschichte bebildert auf 116 Seiten.<\/p><\/div>\n<h3>R\u00fcckblick auf das Jahr 2016 und Vorausschau auf 2017<\/h3>\n<p>Diese Ver\u00e4nderungen und neuen Herausforderungen haben das Jahr 2016 f\u00fcr die macevent GmbH zu einem spannenden gemacht. Die Gesch\u00e4ftsf\u00fchrerin Karin Leiste ist besonders stolz auf diverse <a href=\"https:\/\/www.invora.group\/bauwerk\" target=\"_blank\" rel=\"noopener noreferrer\">Projekte<\/a> und Etatgewinne aus dem vergangenen Jahr: \u201eDie Gestaltung des <a href=\"https:\/\/www.invora.group\" target=\"_blank\" rel=\"noopener noreferrer\">200-j\u00e4hrigen Jubil\u00e4ums der Bezirksregierung K\u00f6ln<\/a> in der K\u00f6lner Philharmonie war f\u00fcr uns ein besonderes Highlight. Daf\u00fcr haben wir, neben der aufwendigen Organisation des Festaktes, auch das komplette Einladungsmanagement und die Online-Akkreditierung umgesetzt. Eine \u00e4hnlich bedeutende Aufgabe stellt auch die STRABAG Real Estate mit dem Relaunch des Webauftritts f\u00fcr die MesseCity K\u00f6ln dar.\u201c Dann erz\u00e4hlt sie uns noch von einer sehr spannenden Projekt-Umsetzung f\u00fcr den neugewonnenen Kunden Hansgrohe SE: \u201eWir sind sehr stolz auf diesen Pitchgewinn und unterst\u00fctzen das Unternehmen aktuell bei der Konzeptionierung und Umsetzung der Messen \u201eLivingKitchen 2017 (im Rahmen der imm cologne) und der ISH 2017 in Frankfurt. Neben der Konzeption, Organisation und Umsetzung, geht es hierbei auch darum, die Messekommunikation mit aufzubauen und den \u201eroten Faden zu ziehen\u201c, bis hin zur Planung von begleitenden Standpartys als Hybrid-Events.<\/p>\n<div id=\"attachment_4919\" style=\"width: 460px\" class=\"wp-caption alignright\"><a href=\"https:\/\/www.memo-media.de\/blog\/wp-content\/uploads\/2017\/01\/200-jahre-bzr-live-kommunikation.jpg\"><img aria-describedby=\"caption-attachment-4919\" decoding=\"async\" loading=\"lazy\" class=\"wp-image-4919\" src=\"https:\/\/www.memo-media.de\/blog\/wp-content\/uploads\/2017\/01\/200-jahre-bzr-live-kommunikation.jpg\" alt=\"200-jahre-bzr live-kommunikation von macevent\" width=\"450\" height=\"301\" srcset=\"https:\/\/www.memo-media.de\/blog\/wp-content\/uploads\/2017\/01\/200-jahre-bzr-live-kommunikation.jpg 900w, https:\/\/www.memo-media.de\/blog\/wp-content\/uploads\/2017\/01\/200-jahre-bzr-live-kommunikation-300x200.jpg 300w, https:\/\/www.memo-media.de\/blog\/wp-content\/uploads\/2017\/01\/200-jahre-bzr-live-kommunikation-768x513.jpg 768w, https:\/\/www.memo-media.de\/blog\/wp-content\/uploads\/2017\/01\/200-jahre-bzr-live-kommunikation-335x224.jpg 335w\" sizes=\"(max-width: 450px) 100vw, 450px\" \/><\/a><p id=\"caption-attachment-4919\" class=\"wp-caption-text\">Martin Schulz h\u00e4lt flammendes Bekenntnis pro Europa beim Jubli\u00e4umsfestakt der Bezirksregierung K\u00f6ln.<\/p><\/div>\n<h3>Wohin geht es f\u00fcr die Eventbranche und f\u00fcr macevent?<\/h3>\n<p>Da wir das Stichwort gerade angesprochen haben: Hybrid-Events spielen f\u00fcr die Zukunft der Eventbranche eine wichtige Rolle. Soziale Medien, Digitalisierung, Virtual Reality und auch Augmented Reality sind Aspekte, die uns noch oft begegnen werden. Aber auch das direkte Netzwerken von Menschen gewinnt an Bedeutung. F\u00fcr macevent bedeutet das, dass die Aufgabenstellungen der Kunden immer komplexer und spannender werden. \u201eMit K\u00fcnstlerbooking, Catering-Abstimmung und einem Trommel-Trio hat unsere Arbeit als Eventagentur schon lange nicht mehr viel gemein\u201c, schmunzelt Peter Bitting. Dar\u00fcber freut sich das Team! Live-Kommunikation ist das Stichwort, um den Kunden das gro\u00dfe Ganze bieten zu k\u00f6nnen. Und wir sp\u00fcren, dass das Team der macevent GmbH schon voller Motivation in den Startl\u00f6chern f\u00fcr das kommende Jahr steht.<\/p>\n","protected":false},"excerpt":{"rendered":"<p>Ein Event ist nicht mehr einfach nur ein Event. Ein Event bedeutet Netzwerken und Storytelling, bedeutet Marketing-Mix und Social Media,&#8230;<\/p>\n","protected":false},"author":21,"featured_media":4917,"comment_status":"closed","ping_status":"open","sticky":false,"template":"","format":"standard","meta":[],"categories":[4,10],"tags":[944,155,96,596,2021,795,945,758],"yoast_head":"<!-- This site is optimized with the Yoast SEO Premium plugin v20.5 (Yoast SEO v20.5) - https:\/\/yoast.com\/wordpress\/plugins\/seo\/ -->\n<title>Wandel der Eventbranche: Live-Kommunikation mit macevent<\/title>\n<meta name=\"description\" content=\"Inwiefern sich die Aufgaben einer Eventagentur ver\u00e4ndern, verraten wir im Blog f\u00fcr die Eventplanung. Live-Kommunikation ist dabei ein zentrales Stichwort.\" \/>\n<meta name=\"robots\" content=\"index, follow, max-snippet:-1, max-image-preview:large, max-video-preview:-1\" \/>\n<link rel=\"canonical\" href=\"https:\/\/www.memo-media.de\/blog\/live-kommunikation-mit-macevent\/\" \/>\n<meta property=\"og:locale\" content=\"de_DE\" \/>\n<meta property=\"og:type\" content=\"article\" \/>\n<meta property=\"og:title\" content=\"Wandel der Eventbranche: Live-Kommunikation mit macevent\" \/>\n<meta property=\"og:description\" content=\"Inwiefern sich die Aufgaben einer Eventagentur ver\u00e4ndern, verraten wir im Blog f\u00fcr die Eventplanung. Live-Kommunikation ist dabei ein zentrales Stichwort.\" \/>\n<meta property=\"og:url\" content=\"https:\/\/www.memo-media.de\/blog\/live-kommunikation-mit-macevent\/\" \/>\n<meta property=\"og:site_name\" content=\"memo-media Blog f\u00fcr die Eventplanung\" \/>\n<meta property=\"article:published_time\" content=\"2017-01-06T09:29:22+00:00\" \/>\n<meta property=\"article:modified_time\" content=\"2024-10-29T11:14:13+00:00\" \/>\n<meta property=\"og:image\" content=\"https:\/\/www.memo-media.de\/blog\/wp-content\/uploads\/2017\/01\/live-kommunikation-macevent.jpg\" \/>\n\t<meta property=\"og:image:width\" content=\"1050\" \/>\n\t<meta property=\"og:image:height\" content=\"804\" \/>\n\t<meta property=\"og:image:type\" content=\"image\/jpeg\" \/>\n<meta name=\"author\" content=\"Tabea Lettau\" \/>\n<meta name=\"twitter:label1\" content=\"Verfasst von\" \/>\n\t<meta name=\"twitter:data1\" content=\"Tabea Lettau\" \/>\n\t<meta name=\"twitter:label2\" content=\"Gesch\u00e4tzte Lesezeit\" \/>\n\t<meta name=\"twitter:data2\" content=\"4\u00a0Minuten\" \/>\n<script type=\"application\/ld+json\" class=\"yoast-schema-graph\">{\"@context\":\"https:\/\/schema.org\",\"@graph\":[{\"@type\":\"WebPage\",\"@id\":\"https:\/\/www.memo-media.de\/blog\/live-kommunikation-mit-macevent\/\",\"url\":\"https:\/\/www.memo-media.de\/blog\/live-kommunikation-mit-macevent\/\",\"name\":\"Wandel der Eventbranche: Live-Kommunikation mit macevent\",\"isPartOf\":{\"@id\":\"https:\/\/www.memo-media.de\/blog\/#website\"},\"datePublished\":\"2017-01-06T09:29:22+00:00\",\"dateModified\":\"2024-10-29T11:14:13+00:00\",\"author\":{\"@id\":\"https:\/\/www.memo-media.de\/blog\/#\/schema\/person\/b2be3eb5c595160c885d721d60aba2b3\"},\"description\":\"Inwiefern sich die Aufgaben einer Eventagentur ver\u00e4ndern, verraten wir im Blog f\u00fcr die Eventplanung. Live-Kommunikation ist dabei ein zentrales Stichwort.\",\"breadcrumb\":{\"@id\":\"https:\/\/www.memo-media.de\/blog\/live-kommunikation-mit-macevent\/#breadcrumb\"},\"inLanguage\":\"de\",\"potentialAction\":[{\"@type\":\"ReadAction\",\"target\":[\"https:\/\/www.memo-media.de\/blog\/live-kommunikation-mit-macevent\/\"]}]},{\"@type\":\"BreadcrumbList\",\"@id\":\"https:\/\/www.memo-media.de\/blog\/live-kommunikation-mit-macevent\/#breadcrumb\",\"itemListElement\":[{\"@type\":\"ListItem\",\"position\":1,\"name\":\"Home\",\"item\":\"https:\/\/www.memo-media.de\/blog\/\"},{\"@type\":\"ListItem\",\"position\":2,\"name\":\"Wandel der Eventbranche: Live-Kommunikation mit macevent\"}]},{\"@type\":\"WebSite\",\"@id\":\"https:\/\/www.memo-media.de\/blog\/#website\",\"url\":\"https:\/\/www.memo-media.de\/blog\/\",\"name\":\"memo-media Blog f\u00fcr die Eventplanung\",\"description\":\"News und Facts aus der Eventbranche f\u00fcr die Eventbranche\",\"potentialAction\":[{\"@type\":\"SearchAction\",\"target\":{\"@type\":\"EntryPoint\",\"urlTemplate\":\"https:\/\/www.memo-media.de\/blog\/?s={search_term_string}\"},\"query-input\":\"required name=search_term_string\"}],\"inLanguage\":\"de\"},{\"@type\":\"Person\",\"@id\":\"https:\/\/www.memo-media.de\/blog\/#\/schema\/person\/b2be3eb5c595160c885d721d60aba2b3\",\"name\":\"Tabea Lettau\",\"image\":{\"@type\":\"ImageObject\",\"inLanguage\":\"de\",\"@id\":\"https:\/\/www.memo-media.de\/blog\/#\/schema\/person\/image\/\",\"url\":\"https:\/\/www.memo-media.de\/blog\/wp-content\/uploads\/2024\/02\/tabea_lettau_redakteurin_memo-media-150x150.jpg\",\"contentUrl\":\"https:\/\/www.memo-media.de\/blog\/wp-content\/uploads\/2024\/02\/tabea_lettau_redakteurin_memo-media-150x150.jpg\",\"caption\":\"Tabea Lettau\"},\"description\":\"Tabea Lettau hat an der Universit\u00e4t Siegen Kommunikations- und Wirtschaftswissenschaften studiert. Bereits w\u00e4hrend ihres Studiums machte sie sich als Redakteurin und Content-Managerin selbstst\u00e4ndig. Seit 2015 ist sie als Freiberuflerin Teil des memo-media-Teams und schreibt u. a. f\u00fcr den Blog, das Magazin showcases und den monatlichen memoLetter. Die inspirierenden Geschichten und Visionen der Menschen in der Eventbranche zu erfahren, erf\u00fcllt sie daran ganz besonders. Neben ihrer freiberuflichen T\u00e4tigkeit realisiert sie auch eigene Online-Projekte und hat zwei B\u00fccher geschrieben.\",\"url\":\"https:\/\/www.memo-media.de\/blog\/author\/tabea-lettau\/\"}]}<\/script>\n<!-- \/ Yoast SEO Premium plugin. -->","yoast_head_json":{"title":"Wandel der Eventbranche: Live-Kommunikation mit macevent","description":"Inwiefern sich die Aufgaben einer Eventagentur ver\u00e4ndern, verraten wir im Blog f\u00fcr die Eventplanung. Live-Kommunikation ist dabei ein zentrales Stichwort.","robots":{"index":"index","follow":"follow","max-snippet":"max-snippet:-1","max-image-preview":"max-image-preview:large","max-video-preview":"max-video-preview:-1"},"canonical":"https:\/\/www.memo-media.de\/blog\/live-kommunikation-mit-macevent\/","og_locale":"de_DE","og_type":"article","og_title":"Wandel der Eventbranche: Live-Kommunikation mit macevent","og_description":"Inwiefern sich die Aufgaben einer Eventagentur ver\u00e4ndern, verraten wir im Blog f\u00fcr die Eventplanung. Live-Kommunikation ist dabei ein zentrales Stichwort.","og_url":"https:\/\/www.memo-media.de\/blog\/live-kommunikation-mit-macevent\/","og_site_name":"memo-media Blog f\u00fcr die Eventplanung","article_published_time":"2017-01-06T09:29:22+00:00","article_modified_time":"2024-10-29T11:14:13+00:00","og_image":[{"width":1050,"height":804,"url":"https:\/\/www.memo-media.de\/blog\/wp-content\/uploads\/2017\/01\/live-kommunikation-macevent.jpg","type":"image\/jpeg"}],"author":"Tabea Lettau","twitter_misc":{"Verfasst von":"Tabea Lettau","Gesch\u00e4tzte Lesezeit":"4\u00a0Minuten"},"schema":{"@context":"https:\/\/schema.org","@graph":[{"@type":"WebPage","@id":"https:\/\/www.memo-media.de\/blog\/live-kommunikation-mit-macevent\/","url":"https:\/\/www.memo-media.de\/blog\/live-kommunikation-mit-macevent\/","name":"Wandel der Eventbranche: Live-Kommunikation mit macevent","isPartOf":{"@id":"https:\/\/www.memo-media.de\/blog\/#website"},"datePublished":"2017-01-06T09:29:22+00:00","dateModified":"2024-10-29T11:14:13+00:00","author":{"@id":"https:\/\/www.memo-media.de\/blog\/#\/schema\/person\/b2be3eb5c595160c885d721d60aba2b3"},"description":"Inwiefern sich die Aufgaben einer Eventagentur ver\u00e4ndern, verraten wir im Blog f\u00fcr die Eventplanung. Live-Kommunikation ist dabei ein zentrales Stichwort.","breadcrumb":{"@id":"https:\/\/www.memo-media.de\/blog\/live-kommunikation-mit-macevent\/#breadcrumb"},"inLanguage":"de","potentialAction":[{"@type":"ReadAction","target":["https:\/\/www.memo-media.de\/blog\/live-kommunikation-mit-macevent\/"]}]},{"@type":"BreadcrumbList","@id":"https:\/\/www.memo-media.de\/blog\/live-kommunikation-mit-macevent\/#breadcrumb","itemListElement":[{"@type":"ListItem","position":1,"name":"Home","item":"https:\/\/www.memo-media.de\/blog\/"},{"@type":"ListItem","position":2,"name":"Wandel der Eventbranche: Live-Kommunikation mit macevent"}]},{"@type":"WebSite","@id":"https:\/\/www.memo-media.de\/blog\/#website","url":"https:\/\/www.memo-media.de\/blog\/","name":"memo-media Blog f\u00fcr die Eventplanung","description":"News und Facts aus der Eventbranche f\u00fcr die Eventbranche","potentialAction":[{"@type":"SearchAction","target":{"@type":"EntryPoint","urlTemplate":"https:\/\/www.memo-media.de\/blog\/?s={search_term_string}"},"query-input":"required name=search_term_string"}],"inLanguage":"de"},{"@type":"Person","@id":"https:\/\/www.memo-media.de\/blog\/#\/schema\/person\/b2be3eb5c595160c885d721d60aba2b3","name":"Tabea Lettau","image":{"@type":"ImageObject","inLanguage":"de","@id":"https:\/\/www.memo-media.de\/blog\/#\/schema\/person\/image\/","url":"https:\/\/www.memo-media.de\/blog\/wp-content\/uploads\/2024\/02\/tabea_lettau_redakteurin_memo-media-150x150.jpg","contentUrl":"https:\/\/www.memo-media.de\/blog\/wp-content\/uploads\/2024\/02\/tabea_lettau_redakteurin_memo-media-150x150.jpg","caption":"Tabea Lettau"},"description":"Tabea Lettau hat an der Universit\u00e4t Siegen Kommunikations- und Wirtschaftswissenschaften studiert. Bereits w\u00e4hrend ihres Studiums machte sie sich als Redakteurin und Content-Managerin selbstst\u00e4ndig. Seit 2015 ist sie als Freiberuflerin Teil des memo-media-Teams und schreibt u. a. f\u00fcr den Blog, das Magazin showcases und den monatlichen memoLetter. Die inspirierenden Geschichten und Visionen der Menschen in der Eventbranche zu erfahren, erf\u00fcllt sie daran ganz besonders. Neben ihrer freiberuflichen T\u00e4tigkeit realisiert sie auch eigene Online-Projekte und hat zwei B\u00fccher geschrieben.","url":"https:\/\/www.memo-media.de\/blog\/author\/tabea-lettau\/"}]}},"_links":{"self":[{"href":"https:\/\/www.memo-media.de\/blog\/wp-json\/wp\/v2\/posts\/4915"}],"collection":[{"href":"https:\/\/www.memo-media.de\/blog\/wp-json\/wp\/v2\/posts"}],"about":[{"href":"https:\/\/www.memo-media.de\/blog\/wp-json\/wp\/v2\/types\/post"}],"author":[{"embeddable":true,"href":"https:\/\/www.memo-media.de\/blog\/wp-json\/wp\/v2\/users\/21"}],"replies":[{"embeddable":true,"href":"https:\/\/www.memo-media.de\/blog\/wp-json\/wp\/v2\/comments?post=4915"}],"version-history":[{"count":19,"href":"https:\/\/www.memo-media.de\/blog\/wp-json\/wp\/v2\/posts\/4915\/revisions"}],"predecessor-version":[{"id":17869,"href":"https:\/\/www.memo-media.de\/blog\/wp-json\/wp\/v2\/posts\/4915\/revisions\/17869"}],"wp:featuredmedia":[{"embeddable":true,"href":"https:\/\/www.memo-media.de\/blog\/wp-json\/wp\/v2\/media\/4917"}],"wp:attachment":[{"href":"https:\/\/www.memo-media.de\/blog\/wp-json\/wp\/v2\/media?parent=4915"}],"wp:term":[{"taxonomy":"category","embeddable":true,"href":"https:\/\/www.memo-media.de\/blog\/wp-json\/wp\/v2\/categories?post=4915"},{"taxonomy":"post_tag","embeddable":true,"href":"https:\/\/www.memo-media.de\/blog\/wp-json\/wp\/v2\/tags?post=4915"}],"curies":[{"name":"wp","href":"https:\/\/api.w.org\/{rel}","templated":true}]}}