{"id":4844,"date":"2016-12-09T09:29:09","date_gmt":"2016-12-09T07:29:09","guid":{"rendered":"https:\/\/www.memo-media.de\/blog\/?p=4844"},"modified":"2020-04-08T09:57:00","modified_gmt":"2020-04-08T07:57:00","slug":"papiertragetaschen-werbemedium","status":"publish","type":"post","link":"https:\/\/www.memo-media.de\/blog\/papiertragetaschen-werbemedium\/","title":{"rendered":"Hochwertige Papiertragetaschen als langlebiges Werbemedium"},"content":{"rendered":"<p>Bedruckte Schl\u00fcsselb\u00e4nder? T-Shirts? Feuerzeuge? Es gibt ein Medium, das noch mehr Blicke auf sich zieht: Langlebige Papiertragetaschen von <a href=\"https:\/\/www.riedle.de\/\" target=\"_blank\" rel=\"noopener noreferrer\">BAGS BY RIEDLE <\/a>sind Imagetr\u00e4ger, Botschafter und Transportmedium in Einem. Der Gesch\u00e4ftsf\u00fchrer Volker Riedle erkl\u00e4rt uns, wie er es in die privaten Schubladen der Kunden schafft und warum eine Tasche nicht das Gleiche ist wie eine T\u00fcte.<\/p>\n<p>Ausgerechnet eine kaputte Champagnerflasche machte das schw\u00e4bische Unternehmen BAGS BY RIEDLE zu dem, was es heute ist. Der junge Papiertechniker Volker Riedle war auf dem Weg zu einer Verabredung, sein weniges Erspartes hatte er in eine Champagnerflasche investiert. Die hatte man ihm in einer T\u00fcte \u00fcberreicht, aus Papier. Kurz vor dem Ziel riss der Boden, die Flasche fiel heraus und ging zu Bruch. \u201eWas habe ich mich damals ge\u00e4rgert\u201c, erinnert sich Riedle heute. \u201eAber weniger \u00fcber die kaputte Flasche als \u00fcber die kaputte T\u00fcte!\u201c Und so fing alles an. Die Idee war geboren, hochwertige Papiertragetaschen zu entwickeln, die massive Belastungen aushalten.<\/p>\n<div id=\"attachment_4845\" style=\"width: 310px\" class=\"wp-caption alignright\"><a href=\"https:\/\/www.memo-media.de\/blog\/wp-content\/uploads\/2016\/12\/riedle_formtasche_kinder.jpg\"><img aria-describedby=\"caption-attachment-4845\" decoding=\"async\" loading=\"lazy\" class=\"wp-image-4845 size-medium\" src=\"https:\/\/www.memo-media.de\/blog\/wp-content\/uploads\/2016\/12\/riedle_formtasche_kinder-300x283.jpg\" alt=\"riedle_formtasche_kinder\" width=\"300\" height=\"283\" srcset=\"https:\/\/www.memo-media.de\/blog\/wp-content\/uploads\/2016\/12\/riedle_formtasche_kinder-300x283.jpg 300w, https:\/\/www.memo-media.de\/blog\/wp-content\/uploads\/2016\/12\/riedle_formtasche_kinder-768x725.jpg 768w, https:\/\/www.memo-media.de\/blog\/wp-content\/uploads\/2016\/12\/riedle_formtasche_kinder-335x316.jpg 335w, https:\/\/www.memo-media.de\/blog\/wp-content\/uploads\/2016\/12\/riedle_formtasche_kinder.jpg 1000w\" sizes=\"(max-width: 300px) 100vw, 300px\" \/><\/a><p id=\"caption-attachment-4845\" class=\"wp-caption-text\">Auch weihnachtliche Taschenformen sind m\u00f6glich<\/p><\/div>\n<p>Heute bietet <a href=\"https:\/\/www.riedle.de\/de\/produkte\/index.html\" target=\"_blank\" rel=\"nofollow noopener noreferrer\">BAGS BY RIEDLE<\/a> Papiertragetaschen, die gleichzeitig Langzeitwerbetr\u00e4ger sind. Sie sind so hochwertig und stabil, dass Konsumenten sie monatelang nutzen und sich so zum freiwilligen Werbebotschafter machen. Vor allem f\u00fcr Events, Tagungen oder Messen sind Papiertragetaschen eine tolle M\u00f6glichkeit, dem Besucher nicht nur Mehrwert zu bieten, sondern das eigene Logo prominent zu platzieren. \u201eEin Messeauftritt oder Event geht eigentlich gar nicht ohne Tasche\u201c, sagt Volker Riedle. Schreibbl\u00f6cke, Kugelschreiber, Prospekte oder Give-Aways gibt es schlie\u00dflich immer, und die wollen transportiert werden. \u201eSo wird die Tasche zur Verl\u00e4ngerung des Events!\u201c Umso wichtiger, dass es sich um ein hochwertiges Produkt handelt. Das eigene Logo auf einer Papiertragetasche \u2013 \u201edas ist doch die DNA eines Unternehmens! Das kann gar nicht hochwertig genug sein.\u201c Minderwertige T\u00fcten sieht man bei Events am Ende oft neben oder im M\u00fcll, eine RIEDLE-Tasche wird dort nicht landen. Volker Riedle beteuert, dass bei seinen Papiertragetaschen niemals der Boden rei\u00dft und die Tasche vor allem nach ihrem Einsatz nicht in dem Papierkorb wandert. Sondern \u2013 und davon ist Herr Riedle so \u00fcberzeugt, dass er mit uns sogar eine Wette abschlie\u00dfen w\u00fcrde \u2013 in die private Schublade der Kunden. Die, wo die \u201eguten T\u00fcten und Taschenaufgehoben werden\u201c. Das muss man als Werbetr\u00e4ger erst einmal schaffen.<\/p>\n<h3>Alle Papiertragetaschen sind handgefertigt<\/h3>\n<div id=\"attachment_4848\" style=\"width: 310px\" class=\"wp-caption alignleft\"><a href=\"https:\/\/www.memo-media.de\/blog\/wp-content\/uploads\/2016\/12\/riedle_101_04.jpg\"><img aria-describedby=\"caption-attachment-4848\" decoding=\"async\" loading=\"lazy\" class=\"wp-image-4848 size-medium\" src=\"https:\/\/www.memo-media.de\/blog\/wp-content\/uploads\/2016\/12\/riedle_101_04-300x200.jpg\" alt=\"riedle_101_04\" width=\"300\" height=\"200\" srcset=\"https:\/\/www.memo-media.de\/blog\/wp-content\/uploads\/2016\/12\/riedle_101_04-300x200.jpg 300w, https:\/\/www.memo-media.de\/blog\/wp-content\/uploads\/2016\/12\/riedle_101_04-768x512.jpg 768w, https:\/\/www.memo-media.de\/blog\/wp-content\/uploads\/2016\/12\/riedle_101_04-335x223.jpg 335w, https:\/\/www.memo-media.de\/blog\/wp-content\/uploads\/2016\/12\/riedle_101_04.jpg 1000w\" sizes=\"(max-width: 300px) 100vw, 300px\" \/><\/a><p id=\"caption-attachment-4848\" class=\"wp-caption-text\">In dieser Tasche geht die Flasche sicher nicht kaputt<\/p><\/div>\n<p>Jede Gr\u00f6\u00dfe, jede Form und jedes Muster ist bei BAGS BY RIEDLE m\u00f6glich. Sogar Adventskalender oder Taschen mit abnehmbaren Coupons hat es schon gegeben. \u201eUnsere Produkte sind ausschlie\u00dflich Sonderanfertigungen\u201c, so Riedle. Qualit\u00e4t ist das oberste Gebot. Und zwar nicht nur bei den Papiertragetaschen, von denen \u00fcbrigens jede einzelne handgefertigt wurde, sondern auch bei der Beratung. Wer sich online informiert, kann sich sicher sein, dass er h\u00f6chstens 30 Minuten sp\u00e4ter einen pers\u00f6nlichen Anruf der Firma erh\u00e4lt. Gemeinsam wird dann strategisch geplant, welche Papiertragetasche die richtige ist. Um welche Art von Event handelt es sich? Was soll in die Tasche? Wer ist die Zielgruppe? BAGS BY RIEDLE entwickelt dann das passende Produkt. Und hat sogar noch Tricks parat: \u201eBei Messen empfehlen wir zum Beispiel immer eine Papiertragetasche, die gr\u00f6\u00dfer ist als der Produktkatalog, der am Ende hineinkommt. Besucher packen nicht selten dann auch T\u00fcten und Taschen der Mitbewerber in unsere Tasche\u201c, erkl\u00e4rt Riedle. W\u00e4hrend und nach dem Messebesuch etwa auf dem Parkplatz oder an der Bushaltestelle tr\u00e4gt der Messe-Gast das Logo dann \u00fcberall gut sichtbar herum. \u201eJeder Veranstalter, jede Art von Event kann davon nur profitieren,\u201c so Riedle.<\/p>\n<h3>Nachhaltig und fair<\/h3>\n<div id=\"attachment_4847\" style=\"width: 310px\" class=\"wp-caption alignright\"><a href=\"https:\/\/www.memo-media.de\/blog\/wp-content\/uploads\/2016\/12\/riedle_bonus_qualitaetsanhaenger.jpg\"><img aria-describedby=\"caption-attachment-4847\" decoding=\"async\" loading=\"lazy\" class=\"wp-image-4847 size-medium\" src=\"https:\/\/www.memo-media.de\/blog\/wp-content\/uploads\/2016\/12\/riedle_bonus_qualitaetsanhaenger-300x217.jpg\" alt=\"Anh\u00e4nger in den Papiertragetaschen sprechen Kunden direkt an\" width=\"300\" height=\"217\" srcset=\"https:\/\/www.memo-media.de\/blog\/wp-content\/uploads\/2016\/12\/riedle_bonus_qualitaetsanhaenger-300x217.jpg 300w, https:\/\/www.memo-media.de\/blog\/wp-content\/uploads\/2016\/12\/riedle_bonus_qualitaetsanhaenger-768x554.jpg 768w, https:\/\/www.memo-media.de\/blog\/wp-content\/uploads\/2016\/12\/riedle_bonus_qualitaetsanhaenger-335x242.jpg 335w, https:\/\/www.memo-media.de\/blog\/wp-content\/uploads\/2016\/12\/riedle_bonus_qualitaetsanhaenger.jpg 1000w\" sizes=\"(max-width: 300px) 100vw, 300px\" \/><\/a><p id=\"caption-attachment-4847\" class=\"wp-caption-text\">Anh\u00e4nger in den Papiertragetaschen sprechen Kunden direkt an<\/p><\/div>\n<p>BAGS BY RIEDLE ist ein inhabergef\u00fchrtes <a href=\"https:\/\/www.riedle.de\/de\/riedle\/unternehmen\/index.html\" target=\"_blank\" rel=\"nofollow noopener noreferrer\">Unternehmen<\/a>, das Wert auf Traditionen legt, aber auch auf Nachhaltigkeit. Die Produkte sind nach <a href=\"https:\/\/www.riedle.de\/de\/services\/umweltstandards\/index.html\" target=\"_blank\" rel=\"noopener noreferrer\">Umweltstandards <\/a>zertifiziert, stammen aus verantwortungsvoll bewirtschafteten W\u00e4ldern und werden mitunter auch in Deutschland produziert. Keine Importe aus Fernost, das garantiert Volker Riedle. Und in den hochwertige Taschen platziert das Unternehmen gerne kleine Anh\u00e4nger, die den Kunden extra dazu animieren, das Produkt immer und immer wieder zu benutzen. Und ganz nebenbei wird der Kunde so auch immer und immer wieder gerne und freiwillig zum Werbetr\u00e4ger!<\/p>\n<div id=\"attachment_4846\" style=\"width: 310px\" class=\"wp-caption alignleft\"><a href=\"https:\/\/www.memo-media.de\/blog\/wp-content\/uploads\/2016\/12\/riedle_tasche_ice_3_neu.jpg\"><img aria-describedby=\"caption-attachment-4846\" decoding=\"async\" loading=\"lazy\" class=\"wp-image-4846 size-medium\" src=\"https:\/\/www.memo-media.de\/blog\/wp-content\/uploads\/2016\/12\/riedle_tasche_ice_3_neu-300x227.jpg\" alt=\"Papiertragetaschen als Eyecatcher\" width=\"300\" height=\"227\" srcset=\"https:\/\/www.memo-media.de\/blog\/wp-content\/uploads\/2016\/12\/riedle_tasche_ice_3_neu-300x227.jpg 300w, https:\/\/www.memo-media.de\/blog\/wp-content\/uploads\/2016\/12\/riedle_tasche_ice_3_neu-768x582.jpg 768w, https:\/\/www.memo-media.de\/blog\/wp-content\/uploads\/2016\/12\/riedle_tasche_ice_3_neu-72x54.jpg 72w, https:\/\/www.memo-media.de\/blog\/wp-content\/uploads\/2016\/12\/riedle_tasche_ice_3_neu-335x254.jpg 335w, https:\/\/www.memo-media.de\/blog\/wp-content\/uploads\/2016\/12\/riedle_tasche_ice_3_neu.jpg 1000w\" sizes=\"(max-width: 300px) 100vw, 300px\" \/><\/a><p id=\"caption-attachment-4846\" class=\"wp-caption-text\">Papiertragetaschen als Eyecatcher<\/p><\/div>\n<h3>Scherben bringen Gl\u00fcck<\/h3>\n<p>Die Scherben von Volker Riedles Champagnerflasche vor mehr als 20 Jahren haben \u00fcbrigens nicht nur seiner Firma Gl\u00fcck gebracht. Bei der Dame, mit der er verabredet war, handelt es sich um seine heutige Frau.<\/p>\n","protected":false},"excerpt":{"rendered":"<p>Bedruckte Schl\u00fcsselb\u00e4nder? T-Shirts? Feuerzeuge? Es gibt ein Medium, das noch mehr Blicke auf sich zieht: Langlebige Papiertragetaschen von BAGS BY&#8230;<\/p>\n","protected":false},"author":29,"featured_media":4852,"comment_status":"closed","ping_status":"open","sticky":false,"template":"","format":"standard","meta":[],"categories":[1,4,10],"tags":[929,927,928,924,926,925,931,930],"yoast_head":"<!-- This site is optimized with the Yoast SEO Premium plugin v20.5 (Yoast SEO v20.5) - https:\/\/yoast.com\/wordpress\/plugins\/seo\/ -->\n<title>Hochwertige Papiertragetaschen von BAGS BY RIEDLE als Werbemedium<\/title>\n<meta name=\"description\" content=\"Hochwertige Papiertragetaschen von BAGS BY RIEDLE sind Imagetr\u00e4ger, Botschafter und Transportmedium in Einem. Papiertragetaschen als Langzeitwerbetr\u00e4ger.\" \/>\n<meta name=\"robots\" content=\"index, follow, max-snippet:-1, max-image-preview:large, max-video-preview:-1\" \/>\n<link rel=\"canonical\" href=\"https:\/\/www.memo-media.de\/blog\/papiertragetaschen-werbemedium\/\" \/>\n<meta property=\"og:locale\" content=\"de_DE\" \/>\n<meta property=\"og:type\" content=\"article\" \/>\n<meta property=\"og:title\" content=\"Hochwertige Papiertragetaschen als langlebiges Werbemedium\" \/>\n<meta property=\"og:description\" content=\"Hochwertige Papiertragetaschen von BAGS BY RIEDLE sind Imagetr\u00e4ger, Botschafter und Transportmedium in Einem. Papiertragetaschen als Langzeitwerbetr\u00e4ger.\" \/>\n<meta property=\"og:url\" content=\"https:\/\/www.memo-media.de\/blog\/papiertragetaschen-werbemedium\/\" \/>\n<meta property=\"og:site_name\" content=\"memo-media Blog f\u00fcr die Eventplanung\" \/>\n<meta property=\"article:published_time\" content=\"2016-12-09T07:29:09+00:00\" \/>\n<meta property=\"article:modified_time\" content=\"2020-04-08T07:57:00+00:00\" \/>\n<meta property=\"og:image\" content=\"https:\/\/www.memo-media.de\/blog\/wp-content\/uploads\/2017\/12\/riedlebeitragsbild.jpg\" \/>\n\t<meta property=\"og:image:width\" content=\"1050\" \/>\n\t<meta property=\"og:image:height\" content=\"804\" \/>\n\t<meta property=\"og:image:type\" content=\"image\/jpeg\" \/>\n<meta name=\"author\" content=\"Julia Gundelach\" \/>\n<meta name=\"twitter:label1\" content=\"Verfasst von\" \/>\n\t<meta name=\"twitter:data1\" content=\"Julia Gundelach\" \/>\n\t<meta name=\"twitter:label2\" content=\"Gesch\u00e4tzte Lesezeit\" \/>\n\t<meta name=\"twitter:data2\" content=\"4\u00a0Minuten\" \/>\n<script type=\"application\/ld+json\" class=\"yoast-schema-graph\">{\"@context\":\"https:\/\/schema.org\",\"@graph\":[{\"@type\":\"WebPage\",\"@id\":\"https:\/\/www.memo-media.de\/blog\/papiertragetaschen-werbemedium\/\",\"url\":\"https:\/\/www.memo-media.de\/blog\/papiertragetaschen-werbemedium\/\",\"name\":\"Hochwertige Papiertragetaschen von BAGS BY RIEDLE als Werbemedium\",\"isPartOf\":{\"@id\":\"https:\/\/www.memo-media.de\/blog\/#website\"},\"datePublished\":\"2016-12-09T07:29:09+00:00\",\"dateModified\":\"2020-04-08T07:57:00+00:00\",\"author\":{\"@id\":\"https:\/\/www.memo-media.de\/blog\/#\/schema\/person\/b01cd365604b7a1226e889d3e8e6f56d\"},\"description\":\"Hochwertige Papiertragetaschen von BAGS BY RIEDLE sind Imagetr\u00e4ger, Botschafter und Transportmedium in Einem. Papiertragetaschen als Langzeitwerbetr\u00e4ger.\",\"breadcrumb\":{\"@id\":\"https:\/\/www.memo-media.de\/blog\/papiertragetaschen-werbemedium\/#breadcrumb\"},\"inLanguage\":\"de\",\"potentialAction\":[{\"@type\":\"ReadAction\",\"target\":[\"https:\/\/www.memo-media.de\/blog\/papiertragetaschen-werbemedium\/\"]}]},{\"@type\":\"BreadcrumbList\",\"@id\":\"https:\/\/www.memo-media.de\/blog\/papiertragetaschen-werbemedium\/#breadcrumb\",\"itemListElement\":[{\"@type\":\"ListItem\",\"position\":1,\"name\":\"Home\",\"item\":\"https:\/\/www.memo-media.de\/blog\/\"},{\"@type\":\"ListItem\",\"position\":2,\"name\":\"Hochwertige Papiertragetaschen als langlebiges Werbemedium\"}]},{\"@type\":\"WebSite\",\"@id\":\"https:\/\/www.memo-media.de\/blog\/#website\",\"url\":\"https:\/\/www.memo-media.de\/blog\/\",\"name\":\"memo-media Blog f\u00fcr die Eventplanung\",\"description\":\"News und Facts aus der Eventbranche f\u00fcr die Eventbranche\",\"potentialAction\":[{\"@type\":\"SearchAction\",\"target\":{\"@type\":\"EntryPoint\",\"urlTemplate\":\"https:\/\/www.memo-media.de\/blog\/?s={search_term_string}\"},\"query-input\":\"required name=search_term_string\"}],\"inLanguage\":\"de\"},{\"@type\":\"Person\",\"@id\":\"https:\/\/www.memo-media.de\/blog\/#\/schema\/person\/b01cd365604b7a1226e889d3e8e6f56d\",\"name\":\"Julia Gundelach\",\"image\":{\"@type\":\"ImageObject\",\"inLanguage\":\"de\",\"@id\":\"https:\/\/www.memo-media.de\/blog\/#\/schema\/person\/image\/\",\"url\":\"https:\/\/www.memo-media.de\/blog\/wp-content\/uploads\/2021\/05\/julia-gundelach-150x150.jpg\",\"contentUrl\":\"https:\/\/www.memo-media.de\/blog\/wp-content\/uploads\/2021\/05\/julia-gundelach-150x150.jpg\",\"caption\":\"Julia Gundelach\"},\"description\":\"Julia Gundelach ist seit 2016 Teil des memo-media-Teams und bloggt am liebsten \u00fcber actionreiche Eventformate, die sie auch selbst mal testen darf. Als freie Redakteurin ist sie spezialisiert auf die Bereiche Marketing, PR und Werbung, aber auch auf neue Themen in der Veranstaltungswirtschaft. Zum Gl\u00fcck, denn eine buntere, vielf\u00e4ltigere und \u00fcberraschendere Welt, als das Event-Business kann sie sich nicht vorstellen!\",\"url\":\"https:\/\/www.memo-media.de\/blog\/author\/anna-steinberg\/\"}]}<\/script>\n<!-- \/ Yoast SEO Premium plugin. -->","yoast_head_json":{"title":"Hochwertige Papiertragetaschen von BAGS BY RIEDLE als Werbemedium","description":"Hochwertige Papiertragetaschen von BAGS BY RIEDLE sind Imagetr\u00e4ger, Botschafter und Transportmedium in Einem. Papiertragetaschen als Langzeitwerbetr\u00e4ger.","robots":{"index":"index","follow":"follow","max-snippet":"max-snippet:-1","max-image-preview":"max-image-preview:large","max-video-preview":"max-video-preview:-1"},"canonical":"https:\/\/www.memo-media.de\/blog\/papiertragetaschen-werbemedium\/","og_locale":"de_DE","og_type":"article","og_title":"Hochwertige Papiertragetaschen als langlebiges Werbemedium","og_description":"Hochwertige Papiertragetaschen von BAGS BY RIEDLE sind Imagetr\u00e4ger, Botschafter und Transportmedium in Einem. Papiertragetaschen als Langzeitwerbetr\u00e4ger.","og_url":"https:\/\/www.memo-media.de\/blog\/papiertragetaschen-werbemedium\/","og_site_name":"memo-media Blog f\u00fcr die Eventplanung","article_published_time":"2016-12-09T07:29:09+00:00","article_modified_time":"2020-04-08T07:57:00+00:00","og_image":[{"width":1050,"height":804,"url":"https:\/\/www.memo-media.de\/blog\/wp-content\/uploads\/2017\/12\/riedlebeitragsbild.jpg","type":"image\/jpeg"}],"author":"Julia Gundelach","twitter_misc":{"Verfasst von":"Julia Gundelach","Gesch\u00e4tzte Lesezeit":"4\u00a0Minuten"},"schema":{"@context":"https:\/\/schema.org","@graph":[{"@type":"WebPage","@id":"https:\/\/www.memo-media.de\/blog\/papiertragetaschen-werbemedium\/","url":"https:\/\/www.memo-media.de\/blog\/papiertragetaschen-werbemedium\/","name":"Hochwertige Papiertragetaschen von BAGS BY RIEDLE als Werbemedium","isPartOf":{"@id":"https:\/\/www.memo-media.de\/blog\/#website"},"datePublished":"2016-12-09T07:29:09+00:00","dateModified":"2020-04-08T07:57:00+00:00","author":{"@id":"https:\/\/www.memo-media.de\/blog\/#\/schema\/person\/b01cd365604b7a1226e889d3e8e6f56d"},"description":"Hochwertige Papiertragetaschen von BAGS BY RIEDLE sind Imagetr\u00e4ger, Botschafter und Transportmedium in Einem. Papiertragetaschen als Langzeitwerbetr\u00e4ger.","breadcrumb":{"@id":"https:\/\/www.memo-media.de\/blog\/papiertragetaschen-werbemedium\/#breadcrumb"},"inLanguage":"de","potentialAction":[{"@type":"ReadAction","target":["https:\/\/www.memo-media.de\/blog\/papiertragetaschen-werbemedium\/"]}]},{"@type":"BreadcrumbList","@id":"https:\/\/www.memo-media.de\/blog\/papiertragetaschen-werbemedium\/#breadcrumb","itemListElement":[{"@type":"ListItem","position":1,"name":"Home","item":"https:\/\/www.memo-media.de\/blog\/"},{"@type":"ListItem","position":2,"name":"Hochwertige Papiertragetaschen als langlebiges Werbemedium"}]},{"@type":"WebSite","@id":"https:\/\/www.memo-media.de\/blog\/#website","url":"https:\/\/www.memo-media.de\/blog\/","name":"memo-media Blog f\u00fcr die Eventplanung","description":"News und Facts aus der Eventbranche f\u00fcr die Eventbranche","potentialAction":[{"@type":"SearchAction","target":{"@type":"EntryPoint","urlTemplate":"https:\/\/www.memo-media.de\/blog\/?s={search_term_string}"},"query-input":"required name=search_term_string"}],"inLanguage":"de"},{"@type":"Person","@id":"https:\/\/www.memo-media.de\/blog\/#\/schema\/person\/b01cd365604b7a1226e889d3e8e6f56d","name":"Julia Gundelach","image":{"@type":"ImageObject","inLanguage":"de","@id":"https:\/\/www.memo-media.de\/blog\/#\/schema\/person\/image\/","url":"https:\/\/www.memo-media.de\/blog\/wp-content\/uploads\/2021\/05\/julia-gundelach-150x150.jpg","contentUrl":"https:\/\/www.memo-media.de\/blog\/wp-content\/uploads\/2021\/05\/julia-gundelach-150x150.jpg","caption":"Julia Gundelach"},"description":"Julia Gundelach ist seit 2016 Teil des memo-media-Teams und bloggt am liebsten \u00fcber actionreiche Eventformate, die sie auch selbst mal testen darf. Als freie Redakteurin ist sie spezialisiert auf die Bereiche Marketing, PR und Werbung, aber auch auf neue Themen in der Veranstaltungswirtschaft. Zum Gl\u00fcck, denn eine buntere, vielf\u00e4ltigere und \u00fcberraschendere Welt, als das Event-Business kann sie sich nicht vorstellen!","url":"https:\/\/www.memo-media.de\/blog\/author\/anna-steinberg\/"}]}},"_links":{"self":[{"href":"https:\/\/www.memo-media.de\/blog\/wp-json\/wp\/v2\/posts\/4844"}],"collection":[{"href":"https:\/\/www.memo-media.de\/blog\/wp-json\/wp\/v2\/posts"}],"about":[{"href":"https:\/\/www.memo-media.de\/blog\/wp-json\/wp\/v2\/types\/post"}],"author":[{"embeddable":true,"href":"https:\/\/www.memo-media.de\/blog\/wp-json\/wp\/v2\/users\/29"}],"replies":[{"embeddable":true,"href":"https:\/\/www.memo-media.de\/blog\/wp-json\/wp\/v2\/comments?post=4844"}],"version-history":[{"count":13,"href":"https:\/\/www.memo-media.de\/blog\/wp-json\/wp\/v2\/posts\/4844\/revisions"}],"predecessor-version":[{"id":11096,"href":"https:\/\/www.memo-media.de\/blog\/wp-json\/wp\/v2\/posts\/4844\/revisions\/11096"}],"wp:featuredmedia":[{"embeddable":true,"href":"https:\/\/www.memo-media.de\/blog\/wp-json\/wp\/v2\/media\/4852"}],"wp:attachment":[{"href":"https:\/\/www.memo-media.de\/blog\/wp-json\/wp\/v2\/media?parent=4844"}],"wp:term":[{"taxonomy":"category","embeddable":true,"href":"https:\/\/www.memo-media.de\/blog\/wp-json\/wp\/v2\/categories?post=4844"},{"taxonomy":"post_tag","embeddable":true,"href":"https:\/\/www.memo-media.de\/blog\/wp-json\/wp\/v2\/tags?post=4844"}],"curies":[{"name":"wp","href":"https:\/\/api.w.org\/{rel}","templated":true}]}}