{"id":4552,"date":"2016-10-07T16:15:48","date_gmt":"2016-10-07T14:15:48","guid":{"rendered":"https:\/\/www.memo-media.de\/blog\/?p=4552"},"modified":"2021-08-26T10:03:52","modified_gmt":"2021-08-26T08:03:52","slug":"eventregie-und-eventkuenstler","status":"publish","type":"post","link":"https:\/\/www.memo-media.de\/blog\/eventregie-und-eventkuenstler\/","title":{"rendered":"Eventregie und Eventk\u00fcnstler"},"content":{"rendered":"<p>Eventregie ist Beruf wie Berufung, auch wenn es keine festgeschriebene Ausbildung dazu gibt. Anders ist das mit dem Beruf des [memo_rubrik id=1259]Eventmanagers bzw. der Eventmanagerin[\/memo_rubrik]. Der wurde im Laufe der Branchenentwicklung geregelt und zertifiziert. Eventregisseure sind weder mit Eventmanagern zu verwechseln, noch ist ihre T\u00e4tigkeit der des Theater- oder Filmregisseurs gleichzusetzen. Letztere haben andere, tiefer gehende k\u00fcnstlerische Erfordernisse zu erf\u00fcllen. Beim Event oder in der [memo_rubrik id=4116]Livekommunikation[\/memo_rubrik] hat sich eine Aufgabenverteilung zwischen Konzeptioner, Eventmanager und Eventregisseur herauskristallisiert. Die entspricht in etwa der zwischen Autor, K\u00fcnstlerischem Betriebsb\u00fcro, Regisseur und Inspizient im Theater oder dem Drehbuchautor, Producer, Regisseur und Aufnahmeleiter beim [memo_rubrik id=431]Film oder Fernsehen[\/memo_rubrik].<\/p>\n<h3>Mehr als Showcaller<\/h3>\n<div id=\"attachment_4556\" style=\"width: 310px\" class=\"wp-caption alignright\"><a href=\"https:\/\/www.memo-media.de\/blog\/wp-content\/uploads\/2016\/10\/nicole-leu-eventregie-2.jpg\"><img aria-describedby=\"caption-attachment-4556\" decoding=\"async\" loading=\"lazy\" class=\"wp-image-4556 size-medium\" src=\"https:\/\/www.memo-media.de\/blog\/wp-content\/uploads\/2016\/10\/nicole-leu-eventregie-2-300x169.jpg\" alt=\"nicole leu eventregie\" width=\"300\" height=\"169\" srcset=\"https:\/\/www.memo-media.de\/blog\/wp-content\/uploads\/2016\/10\/nicole-leu-eventregie-2-300x169.jpg 300w, https:\/\/www.memo-media.de\/blog\/wp-content\/uploads\/2016\/10\/nicole-leu-eventregie-2-768x432.jpg 768w, https:\/\/www.memo-media.de\/blog\/wp-content\/uploads\/2016\/10\/nicole-leu-eventregie-2-1024x576.jpg 1024w, https:\/\/www.memo-media.de\/blog\/wp-content\/uploads\/2016\/10\/nicole-leu-eventregie-2-335x188.jpg 335w, https:\/\/www.memo-media.de\/blog\/wp-content\/uploads\/2016\/10\/nicole-leu-eventregie-2-1050x591.jpg 1050w, https:\/\/www.memo-media.de\/blog\/wp-content\/uploads\/2016\/10\/nicole-leu-eventregie-2.jpg 1584w\" sizes=\"(max-width: 300px) 100vw, 300px\" \/><\/a><p id=\"caption-attachment-4556\" class=\"wp-caption-text\">Die Eventregisseurin Nicole Leu war in ihrem Vorleben ausgebildete klassische T\u00e4nzerin.<\/p><\/div>\n<p>Eventregisseure sind mehr als reine Showcaller. Sie m\u00fcssen f\u00fcr ihren Beruf ein gewisses \u00e4sthetisches Talent wie auch ein gutes Timing mitbringen. Das lernt man nicht in Fortbildungskursen, sondern besitzt man\/frau oder eben auch nicht. Im kurzfristigen Eventablauf, der immer nur ein Minimum an Proben zugesteht, sind auch noch inszenatorische Entscheidungen, wof\u00fcr Theaterregisseure oft Wochen zur Verf\u00fcgung haben, kurzfristig zu treffen. Ein Grundverst\u00e4ndnis von Dramaturgie und Inszenierung ist also auch noch von Vorteil. Konzentrationsf\u00e4higkeit und Pr\u00e4zision sind gefordert. Es verwundert nicht, dass eine gefragte Eventregisseurin wie Nicole Leu in einem Vorleben einmal ausgebildete klassische T\u00e4nzerin war. Das hilft. [memo_eintrag kundennummer=501368]Jochen Hinken[\/memo_eintrag] hat Theatererfahrung und ist in seiner Freizeit auch als [memo_rubrik id=897]Drummer[\/memo_rubrik] unterwegs.<\/p>\n<h3>Multitasking<\/h3>\n<div id=\"attachment_4561\" style=\"width: 310px\" class=\"wp-caption alignleft\"><a href=\"https:\/\/www.memo-media.de\/blog\/wp-content\/uploads\/2016\/10\/jochen-hinken-eventregie.jpg\"><img aria-describedby=\"caption-attachment-4561\" decoding=\"async\" loading=\"lazy\" class=\"wp-image-4561 size-medium\" src=\"https:\/\/www.memo-media.de\/blog\/wp-content\/uploads\/2016\/10\/jochen-hinken-eventregie-300x225.jpg\" alt=\"jochen hinken eventregie\" width=\"300\" height=\"225\" srcset=\"https:\/\/www.memo-media.de\/blog\/wp-content\/uploads\/2016\/10\/jochen-hinken-eventregie-300x225.jpg 300w, https:\/\/www.memo-media.de\/blog\/wp-content\/uploads\/2016\/10\/jochen-hinken-eventregie-768x576.jpg 768w, https:\/\/www.memo-media.de\/blog\/wp-content\/uploads\/2016\/10\/jochen-hinken-eventregie-1024x768.jpg 1024w, https:\/\/www.memo-media.de\/blog\/wp-content\/uploads\/2016\/10\/jochen-hinken-eventregie-72x54.jpg 72w, https:\/\/www.memo-media.de\/blog\/wp-content\/uploads\/2016\/10\/jochen-hinken-eventregie-335x251.jpg 335w, https:\/\/www.memo-media.de\/blog\/wp-content\/uploads\/2016\/10\/jochen-hinken-eventregie-1050x788.jpg 1050w, https:\/\/www.memo-media.de\/blog\/wp-content\/uploads\/2016\/10\/jochen-hinken-eventregie.jpg 1280w\" sizes=\"(max-width: 300px) 100vw, 300px\" \/><\/a><p id=\"caption-attachment-4561\" class=\"wp-caption-text\">Der Eventregisseur Jochen Hinken hat Theatererfahrung.<\/p><\/div>\n<p>Eine rasche Auffassungsgabe ist genauso notwendig, wie Entscheidungsfreudigkeit und Multitasking. Es m\u00fcssen immer wieder Aufgaben in aller k\u00fcrzester Zeit bew\u00e4ltigt werden. Da darf man den \u00dcberblick nicht verlieren. Selbstvertrauen sorgt f\u00fcr eine gute Ausstrahlung. Das Ego muss zur\u00fcckgestellt werden. Das gute Zuh\u00f6renk\u00f6nnen sollte sich nicht nur auf Kunde und Agentur erstrecken, sondern das Ohr sollte auch<a href=\"https:\/\/www.memo-media.de\/blog\/wie-waehle-ich-die-richtigen-kuenstlerinnen-fuer-meine-gala\/\"> K\u00fcnstlern<\/a> und allen technischen Gewerken gleichwertig zur Verf\u00fcgung stehen. Das ist im hierarchischen Event-Alltag, wo oft nach der Devise \u201eWer zahlt schafft an\u201c verfahren wird, nicht immer leicht.<\/p>\n<h3>Eventtechniken<\/h3>\n<p>Wenn man\/frau technische Eins\u00e4tze verantwortet, geh\u00f6rt ein fundamentales Verst\u00e4ndnis der eingesetzten Technik zur Stellenbeschreibung dazu. Geduld ist von Vorteil. Wartezeiten d\u00fcrfen nicht auf die Stimmung schlagen und Ansagen m\u00fcssen klar und deutlich und vor allem vorhanden sein. Eventregie ist oft ein anstrengendes Gewerbe. Strukturiertes und systematisches Arbeiten hilft Nerven sparen. Am besten ist das allerdings mit einer Prise Improvisationstalent gew\u00fcrzt. Unverhofft kommt oft. F\u00fcr gute Leute sind Tagesss\u00e4tze von 1.500 Euro deshalb durchaus angemessen.<\/p>\n<h3>Eventregie \u2013 Ausbildung oder Praxis<\/h3>\n<div id=\"attachment_4557\" style=\"width: 310px\" class=\"wp-caption alignright\"><a href=\"https:\/\/www.memo-media.de\/blog\/wp-content\/uploads\/2016\/10\/otmar-demharter-eventregie.jpg\"><img aria-describedby=\"caption-attachment-4557\" decoding=\"async\" loading=\"lazy\" class=\"wp-image-4557 size-medium\" src=\"https:\/\/www.memo-media.de\/blog\/wp-content\/uploads\/2016\/10\/otmar-demharter-eventregie-300x200.jpg\" alt=\"otmar demharter eventregie\" width=\"300\" height=\"200\" srcset=\"https:\/\/www.memo-media.de\/blog\/wp-content\/uploads\/2016\/10\/otmar-demharter-eventregie-300x200.jpg 300w, https:\/\/www.memo-media.de\/blog\/wp-content\/uploads\/2016\/10\/otmar-demharter-eventregie-768x513.jpg 768w, https:\/\/www.memo-media.de\/blog\/wp-content\/uploads\/2016\/10\/otmar-demharter-eventregie-1024x684.jpg 1024w, https:\/\/www.memo-media.de\/blog\/wp-content\/uploads\/2016\/10\/otmar-demharter-eventregie-335x224.jpg 335w, https:\/\/www.memo-media.de\/blog\/wp-content\/uploads\/2016\/10\/otmar-demharter-eventregie-1050x701.jpg 1050w, https:\/\/www.memo-media.de\/blog\/wp-content\/uploads\/2016\/10\/otmar-demharter-eventregie.jpg 1920w\" sizes=\"(max-width: 300px) 100vw, 300px\" \/><\/a><p id=\"caption-attachment-4557\" class=\"wp-caption-text\">Otmar Demharter ist k\u00fcnstlerischer Regisseur.<\/p><\/div>\n<p>Noch ist das Feld der Eventregie eine Dom\u00e4ne der Quereinsteiger und Querschnittsqualifizierten. Eine wirklich fundierte Weiterbildung k\u00f6nnte hilfreich sein, guten Nachwuchs zu generieren. Auf der anderen Seite ist der Praxisbezug von Eventregisseuren in Verbindung mit k\u00fcnstlerischem Vorleben und Erfahrung keine schlechte Voraussetzung. Es ist gut, wenn man die andere Seite des eisernen Vorhangs auch aus dem FF kennt und nicht nur den Zuschauerraum. Und Erfahrung hilft, Ruhe zu bewahren und Kunden wie Agenturen in Krisensituationen zu guten L\u00f6sungen zu \u00fcberzeugen.<\/p>\n<h3>Der Eventk\u00fcnstler<\/h3>\n<div id=\"attachment_4567\" style=\"width: 310px\" class=\"wp-caption alignleft\"><a href=\"https:\/\/www.memo-media.de\/blog\/wp-content\/uploads\/2016\/10\/peter-schaul-strasse.jpg\"><img aria-describedby=\"caption-attachment-4567\" decoding=\"async\" loading=\"lazy\" class=\"wp-image-4567 size-medium\" src=\"https:\/\/www.memo-media.de\/blog\/wp-content\/uploads\/2016\/10\/peter-schaul-strasse-300x169.jpg\" width=\"300\" height=\"169\" srcset=\"https:\/\/www.memo-media.de\/blog\/wp-content\/uploads\/2016\/10\/peter-schaul-strasse-300x169.jpg 300w, https:\/\/www.memo-media.de\/blog\/wp-content\/uploads\/2016\/10\/peter-schaul-strasse-768x433.jpg 768w, https:\/\/www.memo-media.de\/blog\/wp-content\/uploads\/2016\/10\/peter-schaul-strasse-1024x577.jpg 1024w, https:\/\/www.memo-media.de\/blog\/wp-content\/uploads\/2016\/10\/peter-schaul-strasse-335x189.jpg 335w, https:\/\/www.memo-media.de\/blog\/wp-content\/uploads\/2016\/10\/peter-schaul-strasse-1050x592.jpg 1050w, https:\/\/www.memo-media.de\/blog\/wp-content\/uploads\/2016\/10\/peter-schaul-strasse.jpg 1492w\" sizes=\"(max-width: 300px) 100vw, 300px\" \/><\/a><p id=\"caption-attachment-4567\" class=\"wp-caption-text\">Peter Schaul ist nicht nur in der Eventregie t\u00e4tig, sondern dreht auch preisgekr\u00f6nte Filme.<\/p><\/div>\n<p>Der k\u00fcnstlerische Regisseur ist eine eher sehr seltene Spezies im Bereich der Live-Kommunikation. Die Aufgabenverteilung hat sich in der Eventbranche eben anders entwickelt als in der Kunstszene. Otmar Demharter, der aus dem Theater des Westens stammt, geh\u00f6rt dazu oder der [memo_eintrag kundennummer=123588]Musiker Peter Schaul[\/memo_eintrag], der nicht nur Events inszeniert, sondern auch noch preisgekr\u00f6nte Filme unter anderem f\u00fcr solche Events dreht. Die gro\u00dfen Auftritte von Mercedes auf der IAA sind des \u00d6fteren unter Mitwirkung von Schaul entsanden. Da hat er dann auch mal <a href=\"https:\/\/www.youtube.com\/watch?v=PfjYt8Gi2pU\">filmisch mit der gr\u00f6\u00dften Aluminiumjacht der Welt<\/a> zu k\u00e4mpfen.<\/p>\n<h3>Theaterregie<\/h3>\n<div id=\"attachment_4559\" style=\"width: 236px\" class=\"wp-caption alignright\"><a href=\"https:\/\/www.memo-media.de\/blog\/wp-content\/uploads\/2016\/10\/tdz_arbeitsbuch2016_castorf_cover_breite1400pxl_72dpi_rgb_single.jpg\"><img aria-describedby=\"caption-attachment-4559\" decoding=\"async\" loading=\"lazy\" class=\"wp-image-4559 size-medium\" src=\"https:\/\/www.memo-media.de\/blog\/wp-content\/uploads\/2016\/10\/tdz_arbeitsbuch2016_castorf_cover_breite1400pxl_72dpi_rgb_single-226x300.jpg\" alt=\"Castorf-Arbeitsbuch Theater der Zeit\" width=\"226\" height=\"300\" srcset=\"https:\/\/www.memo-media.de\/blog\/wp-content\/uploads\/2016\/10\/tdz_arbeitsbuch2016_castorf_cover_breite1400pxl_72dpi_rgb_single-226x300.jpg 226w, https:\/\/www.memo-media.de\/blog\/wp-content\/uploads\/2016\/10\/tdz_arbeitsbuch2016_castorf_cover_breite1400pxl_72dpi_rgb_single-768x1019.jpg 768w, https:\/\/www.memo-media.de\/blog\/wp-content\/uploads\/2016\/10\/tdz_arbeitsbuch2016_castorf_cover_breite1400pxl_72dpi_rgb_single-772x1024.jpg 772w, https:\/\/www.memo-media.de\/blog\/wp-content\/uploads\/2016\/10\/tdz_arbeitsbuch2016_castorf_cover_breite1400pxl_72dpi_rgb_single-335x444.jpg 335w, https:\/\/www.memo-media.de\/blog\/wp-content\/uploads\/2016\/10\/tdz_arbeitsbuch2016_castorf_cover_breite1400pxl_72dpi_rgb_single.jpg 912w\" sizes=\"(max-width: 226px) 100vw, 226px\" \/><\/a><p id=\"caption-attachment-4559\" class=\"wp-caption-text\">Empfehlung f\u00fcr jeden, der sich f\u00fcr Eventregie interessiert: das aktuelle Castorf-Arbeitsbuch \u201eTheater der Zeit\u201c.<\/p><\/div>\n<p>F\u00fcr die, die noch weiter in die Regiematerie abtauchen wollen, sei das aktuelle <a href=\"http:\/\/www.theaterderzeit.de\/buch\/castorf\/\" target=\"_blank\" rel=\"noopener\">Castorf-Arbeitsbuch der \u201eTheater der Zeit\u201c<\/a> empfohlen. Weggef\u00e4hrten und Zeitzeugen beleuchten in relativ kurzen, auch mal zu \u00fcberbl\u00e4tternden Beitr\u00e4gen die Stationen des Dekonstrukteurmeisters und des Theatergenies der sehr gro\u00dfz\u00fcgigen Jahrtausendwende. Ohne Granteln ging das nicht. Genies wird das verziehen. Castorf ist es aber gelungen, nicht nur eine eigene Welt zu schaffen, sondern diese mit eigenen Kunstwesen zu bev\u00f6lkern. Das ist seltenst. Im Theater macht das Bob Wilson immer wieder plakativ vor, im Film gibt es das auch genrebedingt ziselierter zum Beispiel bei Peter Greenaway, David Lynch oder dem ganz gro\u00dfen Federico Fellini. Nur Castorf hat seinen Figuren das Eigenleben der Schauspieler \u00fcbergest\u00fclpt wie eine zweite Haut. Normalerweise geschieht das andersherum. Der Schauspieler st\u00fclpt sich die Rolle \u00fcber. Das ist vielleicht das Besonderste an Castorf.<\/p>\n<p>Die \u00c4ra an der Volksb\u00fchne geht zu Ende. Ich bin froh, dass ich sie in weiten Teilen miterlebt habe und ihr oft sehr nahe war. So muss es seinerzeit bei Brecht gewesen sein, man\/frau wusste, man\/frau war Zeuge einer Epoche. Schade. Aber alles hat ein Ende.<\/p>\n","protected":false},"excerpt":{"rendered":"<p>Eventregie ist Beruf wie Berufung, auch wenn es keine festgeschriebene Ausbildung dazu gibt. Anders ist das mit dem Beruf des&#8230;<\/p>\n","protected":false},"author":4,"featured_media":4554,"comment_status":"closed","ping_status":"open","sticky":false,"template":"","format":"standard","meta":[],"categories":[5,7],"tags":[555,850,59,848,849,420],"yoast_head":"<!-- This site is optimized with the Yoast SEO Premium plugin v20.5 (Yoast SEO v20.5) - https:\/\/yoast.com\/wordpress\/plugins\/seo\/ -->\n<title>Infos zum Berufsbild Eventregie und Eventk\u00fcnstler<\/title>\n<meta name=\"description\" content=\"Eventregie ist Beruf wie Berufung, auch wenn es keine festgeschriebene Ausbildung dazu gibt. Spannende Einblicke in den Beruf gibts im memo-media-Blog.\" \/>\n<meta name=\"robots\" content=\"index, follow, max-snippet:-1, max-image-preview:large, max-video-preview:-1\" \/>\n<link rel=\"canonical\" href=\"https:\/\/www.memo-media.de\/blog\/eventregie-und-eventkuenstler\/\" \/>\n<meta property=\"og:locale\" content=\"de_DE\" \/>\n<meta property=\"og:type\" content=\"article\" \/>\n<meta property=\"og:title\" content=\"Eventregie und Eventk\u00fcnstler\" \/>\n<meta property=\"og:description\" content=\"Eventregie ist Beruf wie Berufung, auch wenn es keine festgeschriebene Ausbildung dazu gibt. Spannende Einblicke in den Beruf gibts im memo-media-Blog.\" \/>\n<meta property=\"og:url\" content=\"https:\/\/www.memo-media.de\/blog\/eventregie-und-eventkuenstler\/\" \/>\n<meta property=\"og:site_name\" content=\"memo-media Blog f\u00fcr die Eventplanung\" \/>\n<meta property=\"article:author\" content=\"https:\/\/www.facebook.com\/theartcore\" \/>\n<meta property=\"article:published_time\" content=\"2016-10-07T14:15:48+00:00\" \/>\n<meta property=\"article:modified_time\" content=\"2021-08-26T08:03:52+00:00\" \/>\n<meta property=\"og:image\" content=\"https:\/\/www.memo-media.de\/blog\/wp-content\/uploads\/2016\/10\/nicole-leu-eventregie1.jpg\" \/>\n\t<meta property=\"og:image:width\" content=\"1050\" \/>\n\t<meta property=\"og:image:height\" content=\"804\" \/>\n\t<meta property=\"og:image:type\" content=\"image\/jpeg\" \/>\n<meta name=\"author\" content=\"Andreas Sch\u00e4fer\" \/>\n<meta name=\"twitter:label1\" content=\"Verfasst von\" \/>\n\t<meta name=\"twitter:data1\" content=\"Andreas Sch\u00e4fer\" \/>\n\t<meta name=\"twitter:label2\" content=\"Gesch\u00e4tzte Lesezeit\" \/>\n\t<meta name=\"twitter:data2\" content=\"5\u00a0Minuten\" \/>\n<script type=\"application\/ld+json\" class=\"yoast-schema-graph\">{\"@context\":\"https:\/\/schema.org\",\"@graph\":[{\"@type\":\"WebPage\",\"@id\":\"https:\/\/www.memo-media.de\/blog\/eventregie-und-eventkuenstler\/\",\"url\":\"https:\/\/www.memo-media.de\/blog\/eventregie-und-eventkuenstler\/\",\"name\":\"Infos zum Berufsbild Eventregie und Eventk\u00fcnstler\",\"isPartOf\":{\"@id\":\"https:\/\/www.memo-media.de\/blog\/#website\"},\"datePublished\":\"2016-10-07T14:15:48+00:00\",\"dateModified\":\"2021-08-26T08:03:52+00:00\",\"author\":{\"@id\":\"https:\/\/www.memo-media.de\/blog\/#\/schema\/person\/47b954ab670be9899b70793ff6260866\"},\"description\":\"Eventregie ist Beruf wie Berufung, auch wenn es keine festgeschriebene Ausbildung dazu gibt. Spannende Einblicke in den Beruf gibts im memo-media-Blog.\",\"breadcrumb\":{\"@id\":\"https:\/\/www.memo-media.de\/blog\/eventregie-und-eventkuenstler\/#breadcrumb\"},\"inLanguage\":\"de\",\"potentialAction\":[{\"@type\":\"ReadAction\",\"target\":[\"https:\/\/www.memo-media.de\/blog\/eventregie-und-eventkuenstler\/\"]}]},{\"@type\":\"BreadcrumbList\",\"@id\":\"https:\/\/www.memo-media.de\/blog\/eventregie-und-eventkuenstler\/#breadcrumb\",\"itemListElement\":[{\"@type\":\"ListItem\",\"position\":1,\"name\":\"Home\",\"item\":\"https:\/\/www.memo-media.de\/blog\/\"},{\"@type\":\"ListItem\",\"position\":2,\"name\":\"Eventregie und Eventk\u00fcnstler\"}]},{\"@type\":\"WebSite\",\"@id\":\"https:\/\/www.memo-media.de\/blog\/#website\",\"url\":\"https:\/\/www.memo-media.de\/blog\/\",\"name\":\"memo-media Blog f\u00fcr die Eventplanung\",\"description\":\"News und Facts aus der Eventbranche f\u00fcr die Eventbranche\",\"potentialAction\":[{\"@type\":\"SearchAction\",\"target\":{\"@type\":\"EntryPoint\",\"urlTemplate\":\"https:\/\/www.memo-media.de\/blog\/?s={search_term_string}\"},\"query-input\":\"required name=search_term_string\"}],\"inLanguage\":\"de\"},{\"@type\":\"Person\",\"@id\":\"https:\/\/www.memo-media.de\/blog\/#\/schema\/person\/47b954ab670be9899b70793ff6260866\",\"name\":\"Andreas Sch\u00e4fer\",\"image\":{\"@type\":\"ImageObject\",\"inLanguage\":\"de\",\"@id\":\"https:\/\/www.memo-media.de\/blog\/#\/schema\/person\/image\/\",\"url\":\"https:\/\/www.memo-media.de\/blog\/wp-content\/uploads\/2014\/04\/andreas-schaefer-c-martin-fago-150x150.jpg\",\"contentUrl\":\"https:\/\/www.memo-media.de\/blog\/wp-content\/uploads\/2014\/04\/andreas-schaefer-c-martin-fago-150x150.jpg\",\"caption\":\"Andreas Sch\u00e4fer\"},\"description\":\"Andreas Sch\u00e4fer besuchte die Master Class von Robert Lewis am Europ\u00e4ischen Schauspielerinstitut. Seit 1990 Regie und Leitung bei internationalen Theater- und Kunstevents auf der EXPO2000, f\u00fcr die Fraunhofer Gesellschaft, Initiativkreis Ruhrgebiet, Else-Lasker-Sch\u00fcler-Gesellschaft, Friedrich-Ebert-Stiftung u.a. 2014 European Best Event Award in Silber f\u00fcr einen Kunstevent im Europaparlament f\u00fcr die Stiftung EFCNI. Transitraum Else, internationales literarisches Projekt der Else-Lasker-Sch\u00fcler-Gesellschaft und Astronautenkost in Kooperation mit diversen Goethe-Instituten und der Villa Aurora u.a. mit Inger Nilsson, Lainie Kazan und John Nettles u.a. in Stockholm, New York, London und weiterer Beteiligung von 65 internationalen K\u00fcnstler*innen. F\u00f6rderpreis Digitale Dramaturgie Kultursekretariat NRW 2020. Seit 2009 ist er zweiter Chefredakteur der showcases im memo-media-Verlag.\",\"sameAs\":[\"http:\/\/www.andreas-schaefer.eu\",\"https:\/\/www.facebook.com\/theartcore\"],\"url\":\"https:\/\/www.memo-media.de\/blog\/author\/andreas-schaefer\/\"}]}<\/script>\n<!-- \/ Yoast SEO Premium plugin. -->","yoast_head_json":{"title":"Infos zum Berufsbild Eventregie und Eventk\u00fcnstler","description":"Eventregie ist Beruf wie Berufung, auch wenn es keine festgeschriebene Ausbildung dazu gibt. Spannende Einblicke in den Beruf gibts im memo-media-Blog.","robots":{"index":"index","follow":"follow","max-snippet":"max-snippet:-1","max-image-preview":"max-image-preview:large","max-video-preview":"max-video-preview:-1"},"canonical":"https:\/\/www.memo-media.de\/blog\/eventregie-und-eventkuenstler\/","og_locale":"de_DE","og_type":"article","og_title":"Eventregie und Eventk\u00fcnstler","og_description":"Eventregie ist Beruf wie Berufung, auch wenn es keine festgeschriebene Ausbildung dazu gibt. Spannende Einblicke in den Beruf gibts im memo-media-Blog.","og_url":"https:\/\/www.memo-media.de\/blog\/eventregie-und-eventkuenstler\/","og_site_name":"memo-media Blog f\u00fcr die Eventplanung","article_author":"https:\/\/www.facebook.com\/theartcore","article_published_time":"2016-10-07T14:15:48+00:00","article_modified_time":"2021-08-26T08:03:52+00:00","og_image":[{"width":1050,"height":804,"url":"https:\/\/www.memo-media.de\/blog\/wp-content\/uploads\/2016\/10\/nicole-leu-eventregie1.jpg","type":"image\/jpeg"}],"author":"Andreas Sch\u00e4fer","twitter_misc":{"Verfasst von":"Andreas Sch\u00e4fer","Gesch\u00e4tzte Lesezeit":"5\u00a0Minuten"},"schema":{"@context":"https:\/\/schema.org","@graph":[{"@type":"WebPage","@id":"https:\/\/www.memo-media.de\/blog\/eventregie-und-eventkuenstler\/","url":"https:\/\/www.memo-media.de\/blog\/eventregie-und-eventkuenstler\/","name":"Infos zum Berufsbild Eventregie und Eventk\u00fcnstler","isPartOf":{"@id":"https:\/\/www.memo-media.de\/blog\/#website"},"datePublished":"2016-10-07T14:15:48+00:00","dateModified":"2021-08-26T08:03:52+00:00","author":{"@id":"https:\/\/www.memo-media.de\/blog\/#\/schema\/person\/47b954ab670be9899b70793ff6260866"},"description":"Eventregie ist Beruf wie Berufung, auch wenn es keine festgeschriebene Ausbildung dazu gibt. Spannende Einblicke in den Beruf gibts im memo-media-Blog.","breadcrumb":{"@id":"https:\/\/www.memo-media.de\/blog\/eventregie-und-eventkuenstler\/#breadcrumb"},"inLanguage":"de","potentialAction":[{"@type":"ReadAction","target":["https:\/\/www.memo-media.de\/blog\/eventregie-und-eventkuenstler\/"]}]},{"@type":"BreadcrumbList","@id":"https:\/\/www.memo-media.de\/blog\/eventregie-und-eventkuenstler\/#breadcrumb","itemListElement":[{"@type":"ListItem","position":1,"name":"Home","item":"https:\/\/www.memo-media.de\/blog\/"},{"@type":"ListItem","position":2,"name":"Eventregie und Eventk\u00fcnstler"}]},{"@type":"WebSite","@id":"https:\/\/www.memo-media.de\/blog\/#website","url":"https:\/\/www.memo-media.de\/blog\/","name":"memo-media Blog f\u00fcr die Eventplanung","description":"News und Facts aus der Eventbranche f\u00fcr die Eventbranche","potentialAction":[{"@type":"SearchAction","target":{"@type":"EntryPoint","urlTemplate":"https:\/\/www.memo-media.de\/blog\/?s={search_term_string}"},"query-input":"required name=search_term_string"}],"inLanguage":"de"},{"@type":"Person","@id":"https:\/\/www.memo-media.de\/blog\/#\/schema\/person\/47b954ab670be9899b70793ff6260866","name":"Andreas Sch\u00e4fer","image":{"@type":"ImageObject","inLanguage":"de","@id":"https:\/\/www.memo-media.de\/blog\/#\/schema\/person\/image\/","url":"https:\/\/www.memo-media.de\/blog\/wp-content\/uploads\/2014\/04\/andreas-schaefer-c-martin-fago-150x150.jpg","contentUrl":"https:\/\/www.memo-media.de\/blog\/wp-content\/uploads\/2014\/04\/andreas-schaefer-c-martin-fago-150x150.jpg","caption":"Andreas Sch\u00e4fer"},"description":"Andreas Sch\u00e4fer besuchte die Master Class von Robert Lewis am Europ\u00e4ischen Schauspielerinstitut. Seit 1990 Regie und Leitung bei internationalen Theater- und Kunstevents auf der EXPO2000, f\u00fcr die Fraunhofer Gesellschaft, Initiativkreis Ruhrgebiet, Else-Lasker-Sch\u00fcler-Gesellschaft, Friedrich-Ebert-Stiftung u.a. 2014 European Best Event Award in Silber f\u00fcr einen Kunstevent im Europaparlament f\u00fcr die Stiftung EFCNI. Transitraum Else, internationales literarisches Projekt der Else-Lasker-Sch\u00fcler-Gesellschaft und Astronautenkost in Kooperation mit diversen Goethe-Instituten und der Villa Aurora u.a. mit Inger Nilsson, Lainie Kazan und John Nettles u.a. in Stockholm, New York, London und weiterer Beteiligung von 65 internationalen K\u00fcnstler*innen. F\u00f6rderpreis Digitale Dramaturgie Kultursekretariat NRW 2020. Seit 2009 ist er zweiter Chefredakteur der showcases im memo-media-Verlag.","sameAs":["http:\/\/www.andreas-schaefer.eu","https:\/\/www.facebook.com\/theartcore"],"url":"https:\/\/www.memo-media.de\/blog\/author\/andreas-schaefer\/"}]}},"_links":{"self":[{"href":"https:\/\/www.memo-media.de\/blog\/wp-json\/wp\/v2\/posts\/4552"}],"collection":[{"href":"https:\/\/www.memo-media.de\/blog\/wp-json\/wp\/v2\/posts"}],"about":[{"href":"https:\/\/www.memo-media.de\/blog\/wp-json\/wp\/v2\/types\/post"}],"author":[{"embeddable":true,"href":"https:\/\/www.memo-media.de\/blog\/wp-json\/wp\/v2\/users\/4"}],"replies":[{"embeddable":true,"href":"https:\/\/www.memo-media.de\/blog\/wp-json\/wp\/v2\/comments?post=4552"}],"version-history":[{"count":10,"href":"https:\/\/www.memo-media.de\/blog\/wp-json\/wp\/v2\/posts\/4552\/revisions"}],"predecessor-version":[{"id":13936,"href":"https:\/\/www.memo-media.de\/blog\/wp-json\/wp\/v2\/posts\/4552\/revisions\/13936"}],"wp:featuredmedia":[{"embeddable":true,"href":"https:\/\/www.memo-media.de\/blog\/wp-json\/wp\/v2\/media\/4554"}],"wp:attachment":[{"href":"https:\/\/www.memo-media.de\/blog\/wp-json\/wp\/v2\/media?parent=4552"}],"wp:term":[{"taxonomy":"category","embeddable":true,"href":"https:\/\/www.memo-media.de\/blog\/wp-json\/wp\/v2\/categories?post=4552"},{"taxonomy":"post_tag","embeddable":true,"href":"https:\/\/www.memo-media.de\/blog\/wp-json\/wp\/v2\/tags?post=4552"}],"curies":[{"name":"wp","href":"https:\/\/api.w.org\/{rel}","templated":true}]}}