{"id":4287,"date":"2016-08-09T14:07:07","date_gmt":"2016-08-09T12:07:07","guid":{"rendered":"https:\/\/www.memo-media.de\/blog\/?p=4287"},"modified":"2020-04-24T16:07:06","modified_gmt":"2020-04-24T14:07:06","slug":"tyntyn-fotobox-fuer-events","status":"publish","type":"post","link":"https:\/\/www.memo-media.de\/blog\/tyntyn-fotobox-fuer-events\/","title":{"rendered":"tyntyn: \u201eWir haben das Prinzip der Fotobox f\u00fcr Events weitergedacht!\u201c"},"content":{"rendered":"<p>Kaum ein Firmenevent oder eine Roadshow kommt heutzutage noch ohne Fotobox aus. Wer aber glaubt, schon jedes Feature gesehen zu haben, kennt tyntyn aus Frankfurt noch nicht. <a href=\"http:\/\/www.tyntyn.de\/\">Das junge Unternehmen<\/a> wurde 2015 von der Bundesregierung f\u00fcr sein Gesch\u00e4ftsmodell als Kultur- und Kreativpiloten ausgezeichnet. Weil wir Fotos lieben und zuf\u00e4lligerweise in der Mainmetropole wohnen, haben wir Sascha Hildebrandt und seinem Team einen Besuch abgestattet und uns seine Ideen der ultimativen Fotobox f\u00fcr Events angesehen.<\/p>\n<div id=\"attachment_4305\" style=\"width: 310px\" class=\"wp-caption alignleft\"><a href=\"https:\/\/www.memo-media.de\/blog\/wp-content\/uploads\/2016\/08\/video_tyntyn_fotobox_hashtagprinter_10.jpg\"><img aria-describedby=\"caption-attachment-4305\" decoding=\"async\" loading=\"lazy\" class=\"wp-image-4305 size-medium\" src=\"https:\/\/www.memo-media.de\/blog\/wp-content\/uploads\/2016\/08\/video_tyntyn_fotobox_hashtagprinter_10-300x169.jpg\" alt=\"Einfach in der Fotobox f\u00fcr Events ein Selfie schie\u00dfen...\" width=\"300\" height=\"169\" srcset=\"https:\/\/www.memo-media.de\/blog\/wp-content\/uploads\/2016\/08\/video_tyntyn_fotobox_hashtagprinter_10-300x169.jpg 300w, https:\/\/www.memo-media.de\/blog\/wp-content\/uploads\/2016\/08\/video_tyntyn_fotobox_hashtagprinter_10-768x432.jpg 768w, https:\/\/www.memo-media.de\/blog\/wp-content\/uploads\/2016\/08\/video_tyntyn_fotobox_hashtagprinter_10-1024x576.jpg 1024w, https:\/\/www.memo-media.de\/blog\/wp-content\/uploads\/2016\/08\/video_tyntyn_fotobox_hashtagprinter_10-335x188.jpg 335w, https:\/\/www.memo-media.de\/blog\/wp-content\/uploads\/2016\/08\/video_tyntyn_fotobox_hashtagprinter_10-1050x591.jpg 1050w, https:\/\/www.memo-media.de\/blog\/wp-content\/uploads\/2016\/08\/video_tyntyn_fotobox_hashtagprinter_10.jpg 1920w\" sizes=\"(max-width: 300px) 100vw, 300px\" \/><\/a><p id=\"caption-attachment-4305\" class=\"wp-caption-text\">Einfach in der Fotobox f\u00fcr Events ein Selfie schie\u00dfen&#8230;<\/p><\/div>\n<p>Wir m\u00fcssen schon lange \u00fcberlegen, wann wir das letzte Mal auf einem Firmenevent, einer Promotion-Veranstaltung oder Hochzeit eingeladen waren, bei der es keine Fotobox (neudeutsch auch Photobooth genannt) gab. Menschen, die sich nicht selten bis dato v\u00f6llig fremd waren, werfen sich gemeinsam vor der Kamera in Pose. Mal mit lustigen Accessoires wie Sonnenbrillen oder B\u00e4rten, mal nachtr\u00e4glich mit digitalen Effekten versehen. F\u00fcr die G\u00e4ste ist es ein gro\u00dfer Spa\u00df, f\u00fcr Unternehmen ist eine Fotobox f\u00fcr Events ein spannendes Live-Marketingtool. Schlie\u00dflich k\u00f6nnen die Fotos nach Belieben mit Firmenlogo und CI gebrandet und sofort digital geteilt werden.<\/p>\n<h3>Gro\u00dfer Spa\u00df f\u00fcr die G\u00e4ste, hoher Mehrwert f\u00fcr Unternehmen<\/h3>\n<div id=\"attachment_4304\" style=\"width: 310px\" class=\"wp-caption alignright\"><a href=\"https:\/\/www.memo-media.de\/blog\/wp-content\/uploads\/2016\/08\/video_tyntyn_fotobox_hashtag2printer0.jpg\"><img aria-describedby=\"caption-attachment-4304\" decoding=\"async\" loading=\"lazy\" class=\"size-medium wp-image-4304\" src=\"https:\/\/www.memo-media.de\/blog\/wp-content\/uploads\/2016\/08\/video_tyntyn_fotobox_hashtag2printer0-300x169.jpg\" alt=\"Fotobox tyntyn\" width=\"300\" height=\"169\" srcset=\"https:\/\/www.memo-media.de\/blog\/wp-content\/uploads\/2016\/08\/video_tyntyn_fotobox_hashtag2printer0-300x169.jpg 300w, https:\/\/www.memo-media.de\/blog\/wp-content\/uploads\/2016\/08\/video_tyntyn_fotobox_hashtag2printer0-768x432.jpg 768w, https:\/\/www.memo-media.de\/blog\/wp-content\/uploads\/2016\/08\/video_tyntyn_fotobox_hashtag2printer0-1024x576.jpg 1024w, https:\/\/www.memo-media.de\/blog\/wp-content\/uploads\/2016\/08\/video_tyntyn_fotobox_hashtag2printer0-335x188.jpg 335w, https:\/\/www.memo-media.de\/blog\/wp-content\/uploads\/2016\/08\/video_tyntyn_fotobox_hashtag2printer0-1050x591.jpg 1050w, https:\/\/www.memo-media.de\/blog\/wp-content\/uploads\/2016\/08\/video_tyntyn_fotobox_hashtag2printer0.jpg 1920w\" sizes=\"(max-width: 300px) 100vw, 300px\" \/><\/a><p id=\"caption-attachment-4304\" class=\"wp-caption-text\">&#8230;auf Facebook, Twitter oder Instagram teilen&#8230;<\/p><\/div>\n<p>\u201eFotoboxen eignen sich f\u00fcr jedes Alter und jede Zielgruppe, und gerade heutzutage sind ausgedruckte Fotos etwas ganz Besonderes\u201c, sagt Sascha Hildebrandt. \u201eDeshalb haben wir uns das Prinzip der Fotobox vorgenommen und es weitergedacht!\u201c Der 41-J\u00e4hrige hatte in seiner Zeit als Marketing-Manager bei Blackberry lange nach einer Fotobox-L\u00f6sung f\u00fcr eine Roadshow des Mobiltelefonherstellers gesucht. Weil er aber nichts fand, was seinen Anspr\u00fcchen gerecht wurde, gr\u00fcndete er kurzerhand mit einem befreundeten Ingenieur tyntyn und entwickelte ein eigenes Produkt. Den Fokus legt das junge Unternehmen auf B2B-Kunden, und denen verspricht Sascha Hildebrandt einen h\u00f6heren Mehrwert im Vergleich zum Wettbewerb, sprich: gr\u00f6\u00dfere Brandingfl\u00e4chen, eine detailliertere Auswertung der Kampagne und f\u00fcr die G\u00e4ste die M\u00f6glichkeit, die Fotos schnell und unkompliziert digital teilen zu k\u00f6nnen.<\/p>\n<p>Bei den vielen Beispielen, von denen uns Sascha Hildebrandt erz\u00e4hlt, merken wir schnell, dass die Auswahl verschiedener Module gr\u00f6\u00dfer ist, als wir gedacht h\u00e4tten. Der Klassiker ist die geschlossene Fotobox f\u00fcr Events, die man vom Prinzip her aus Bahnh\u00f6fen und Kaufh\u00e4usern kennt. F\u00fcr alle, die bei ihrem Event Platz und Aufbauzeit sparen m\u00f6chten, bieten sich die gut eineinhalb Meter hohen Foto-T\u00fcrme an. Acht St\u00fcck hat tyntyn davon bereits, momentan befinden sich die meisten davon auf verschiedenen Roadshows in ganz Europa verteilt. Foto und Videomodule k\u00f6nnen aber auch problemlos individuell in Messest\u00e4nde integriert werden.<\/p>\n<h3>Der absolute Renner ist momentan der Hashtag-Printer<\/h3>\n<div id=\"attachment_4306\" style=\"width: 310px\" class=\"wp-caption alignleft\"><a href=\"https:\/\/www.memo-media.de\/blog\/wp-content\/uploads\/2016\/08\/video_tyntyn_fotobox_hashtagprinter0.jpg\"><img aria-describedby=\"caption-attachment-4306\" decoding=\"async\" loading=\"lazy\" class=\"size-medium wp-image-4306\" src=\"https:\/\/www.memo-media.de\/blog\/wp-content\/uploads\/2016\/08\/video_tyntyn_fotobox_hashtagprinter0-300x169.jpg\" alt=\"Fotobox tyntyn\" width=\"300\" height=\"169\" srcset=\"https:\/\/www.memo-media.de\/blog\/wp-content\/uploads\/2016\/08\/video_tyntyn_fotobox_hashtagprinter0-300x169.jpg 300w, https:\/\/www.memo-media.de\/blog\/wp-content\/uploads\/2016\/08\/video_tyntyn_fotobox_hashtagprinter0-768x432.jpg 768w, https:\/\/www.memo-media.de\/blog\/wp-content\/uploads\/2016\/08\/video_tyntyn_fotobox_hashtagprinter0-1024x576.jpg 1024w, https:\/\/www.memo-media.de\/blog\/wp-content\/uploads\/2016\/08\/video_tyntyn_fotobox_hashtagprinter0-335x188.jpg 335w, https:\/\/www.memo-media.de\/blog\/wp-content\/uploads\/2016\/08\/video_tyntyn_fotobox_hashtagprinter0-1050x591.jpg 1050w, https:\/\/www.memo-media.de\/blog\/wp-content\/uploads\/2016\/08\/video_tyntyn_fotobox_hashtagprinter0.jpg 1920w\" sizes=\"(max-width: 300px) 100vw, 300px\" \/><\/a><p id=\"caption-attachment-4306\" class=\"wp-caption-text\">&#8230;und wenige Sekunden sp\u00e4ter druckt der Hashtag-Printer das gebrandete Foto aus.<\/p><\/div>\n<p>Aber das Team von tyntyn ist auch f\u00fcr ausgefallenere Kundenw\u00fcnsche zu haben. F\u00fcr den Mobilfunkanbieter alcatel verwandelte es einen alten amerikanischen \u201eAirstream\u201c-Wohnwagen in einen rollenden Promotionstand, samt Fotostationen, Verkaufspr\u00e4sentation, K\u00fchlschr\u00e4nken, Touch-Terminals und mehreren Hashtag-Printern. Das Promotion-Team muss also nur noch die Klappen \u00f6ffnen, die Fahnen aufstellen und schon kann\u2019s losgehen.<\/p>\n<p>Apropos <a href=\"http:\/\/www.tyntyn.de\/module\/#hashtagprinter\" target=\"_blank\" rel=\"noopener noreferrer\">Hashtag-Printer<\/a>: Die clevere Eigenentwicklung ist momentan der Renner, \u201eauch wenn wir den meisten Kunden erstmal erkl\u00e4ren m\u00fcssen, was man damit Tolles machen kann\u201c, lacht Sascha Hildebrandt: \u201eDer Veranstalter definiert vor seinem Event ein Hashtag. Alle Fotos, die nun w\u00e4hrend des Events von den G\u00e4sten geschossen, auf Twitter und Instagram geteilt und mit diesem Hashtag versehen sind, werden vom Hashtag-Printer aus dem Internet gefiltert. Die G\u00e4ste k\u00f6nnen nun vor Ort ihre Lieblingsfotos ausdrucken.\u201c Wir haben es selbst ausprobiert. Es dauert nicht mal 5 Sekunden und der Drucker hat das Bild gefunden. Weitere f\u00fcnf Sekunden sp\u00e4ter halten wir es schon ausgedruckt in unseren H\u00e4nden. Das ist mal eine L\u00f6sung, die Sinn macht.<\/p>\n<h3>Zus\u00e4tzlich zur Fotobox f\u00fcr Events gibt\u2019s jede Menge Marketing-Features<\/h3>\n<div id=\"attachment_4295\" style=\"width: 310px\" class=\"wp-caption alignright\"><a href=\"https:\/\/www.memo-media.de\/blog\/wp-content\/uploads\/2016\/08\/t1.jpg\"><img aria-describedby=\"caption-attachment-4295\" decoding=\"async\" loading=\"lazy\" class=\"size-medium wp-image-4295\" src=\"https:\/\/www.memo-media.de\/blog\/wp-content\/uploads\/2016\/08\/t1-300x200.jpg\" alt=\"Fotobox tyntyn\" width=\"300\" height=\"200\" srcset=\"https:\/\/www.memo-media.de\/blog\/wp-content\/uploads\/2016\/08\/t1-300x200.jpg 300w, https:\/\/www.memo-media.de\/blog\/wp-content\/uploads\/2016\/08\/t1-768x512.jpg 768w, https:\/\/www.memo-media.de\/blog\/wp-content\/uploads\/2016\/08\/t1-1024x682.jpg 1024w, https:\/\/www.memo-media.de\/blog\/wp-content\/uploads\/2016\/08\/t1-335x223.jpg 335w, https:\/\/www.memo-media.de\/blog\/wp-content\/uploads\/2016\/08\/t1-1050x700.jpg 1050w, https:\/\/www.memo-media.de\/blog\/wp-content\/uploads\/2016\/08\/t1.jpg 2000w\" sizes=\"(max-width: 300px) 100vw, 300px\" \/><\/a><p id=\"caption-attachment-4295\" class=\"wp-caption-text\">Auch solche Sonderw\u00fcnsche erf\u00fcllt tyntyn: ein zum Promotionstand umgebauter Air-Stream-Wohnwagen<\/p><\/div>\n<p>Das gilt \u00fcbrigens auch f\u00fcr die gedruckten Bilder, die die Fotobox ausspuckt. Die werden n\u00e4mlich mit einem QR-Code versehen. So k\u00f6nnen die G\u00e4ste ihre Fotos (und nur ihre Fotos) direkt in der tyntyn eigenen Cloud anschauen und \u00fcber die Social Media-Buttons mit ihren Freunden teilen. Und auf jedem dieser Erinnerungsst\u00fccke befindet sich \u2013 prominent platziert \u2013 das Firmenlogo des jeweiligen Unternehmens. Das darf sich laut Sascha Hildebrandt \u00fcbrigens auch \u00fcber einige Extra-Features freuen: \u201eWir k\u00f6nnen dar\u00fcber hinaus E-Mail-Adressen sammeln, einen Fragebogen digital ausf\u00fcllen lassen und am Ende nat\u00fcrlich einen detaillierten Bericht zur Reichweite liefern.\u201c<\/p>\n<p>\u201eDas Spannende ist\u201c, sagt Sascha Hildebrandt, als wir uns verabschieden, \u201edass schon Ende das 19. Jahrhunderts eine Fotobox am Broadway in New York stand. \u201eDas Prinzip ist heute noch das gleiche wie damals. Wir haben es nur dem Zeitgeist angepasst.\u201c<\/p>\n<p><a href=\"https:\/\/www.facebook.com\/tyntynphoto\/?fref=ts\" target=\"_blank\" rel=\"noopener noreferrer\">Hier <\/a>findet Ihr \u00fcbrigens noch die Facebook-Seite von tyntyn.<\/p>\n","protected":false},"excerpt":{"rendered":"<p>Kaum ein Firmenevent oder eine Roadshow kommt heutzutage noch ohne Fotobox aus. Wer aber glaubt, schon jedes Feature gesehen zu&#8230;<\/p>\n","protected":false},"author":13,"featured_media":4300,"comment_status":"closed","ping_status":"open","sticky":false,"template":"","format":"standard","meta":[],"categories":[4,10],"tags":[777,778,445,2169],"yoast_head":"<!-- This site is optimized with the Yoast SEO Premium plugin v20.5 (Yoast SEO v20.5) - https:\/\/yoast.com\/wordpress\/plugins\/seo\/ -->\n<title>tyntyn: \u201eWir haben das Prinzip der Fotobox f\u00fcr Events weitergedacht!\u201c<\/title>\n<meta name=\"description\" content=\"Kaum ein Firmenevent oder Roadshow kommt heutzutage noch ohne Fotobox aus. Kennt ihr die tollen Features der Fotobox f\u00fcr Events von tyntyn auch schon?\" \/>\n<meta name=\"robots\" content=\"index, follow, max-snippet:-1, max-image-preview:large, max-video-preview:-1\" \/>\n<link rel=\"canonical\" href=\"https:\/\/www.memo-media.de\/blog\/tyntyn-fotobox-fuer-events\/\" \/>\n<meta property=\"og:locale\" content=\"de_DE\" \/>\n<meta property=\"og:type\" content=\"article\" \/>\n<meta property=\"og:title\" content=\"tyntyn: \u201eWir haben das Prinzip der Fotobox f\u00fcr Events weitergedacht!\u201c\" \/>\n<meta property=\"og:description\" content=\"Kaum ein Firmenevent oder Roadshow kommt heutzutage noch ohne Fotobox aus. Kennt ihr die tollen Features der Fotobox f\u00fcr Events von tyntyn auch schon?\" \/>\n<meta property=\"og:url\" content=\"https:\/\/www.memo-media.de\/blog\/tyntyn-fotobox-fuer-events\/\" \/>\n<meta property=\"og:site_name\" content=\"memo-media Blog f\u00fcr die Eventplanung\" \/>\n<meta property=\"article:published_time\" content=\"2016-08-09T12:07:07+00:00\" \/>\n<meta property=\"article:modified_time\" content=\"2020-04-24T14:07:06+00:00\" \/>\n<meta property=\"og:image\" content=\"https:\/\/www.memo-media.de\/blog\/wp-content\/uploads\/2016\/08\/tyntynheader.jpg\" \/>\n\t<meta property=\"og:image:width\" content=\"1500\" \/>\n\t<meta property=\"og:image:height\" content=\"1149\" \/>\n\t<meta property=\"og:image:type\" content=\"image\/jpeg\" \/>\n<meta name=\"author\" content=\"Aljoscha Grabowski\" \/>\n<meta name=\"twitter:label1\" content=\"Verfasst von\" \/>\n\t<meta name=\"twitter:data1\" content=\"Aljoscha Grabowski\" \/>\n\t<meta name=\"twitter:label2\" content=\"Gesch\u00e4tzte Lesezeit\" \/>\n\t<meta name=\"twitter:data2\" content=\"4\u00a0Minuten\" \/>\n<script type=\"application\/ld+json\" class=\"yoast-schema-graph\">{\"@context\":\"https:\/\/schema.org\",\"@graph\":[{\"@type\":\"WebPage\",\"@id\":\"https:\/\/www.memo-media.de\/blog\/tyntyn-fotobox-fuer-events\/\",\"url\":\"https:\/\/www.memo-media.de\/blog\/tyntyn-fotobox-fuer-events\/\",\"name\":\"tyntyn: \u201eWir haben das Prinzip der Fotobox f\u00fcr Events weitergedacht!\u201c\",\"isPartOf\":{\"@id\":\"https:\/\/www.memo-media.de\/blog\/#website\"},\"datePublished\":\"2016-08-09T12:07:07+00:00\",\"dateModified\":\"2020-04-24T14:07:06+00:00\",\"author\":{\"@id\":\"https:\/\/www.memo-media.de\/blog\/#\/schema\/person\/d6e5cd0a1d6ebcd0d6a0dd6a691cad22\"},\"description\":\"Kaum ein Firmenevent oder Roadshow kommt heutzutage noch ohne Fotobox aus. Kennt ihr die tollen Features der Fotobox f\u00fcr Events von tyntyn auch schon?\",\"breadcrumb\":{\"@id\":\"https:\/\/www.memo-media.de\/blog\/tyntyn-fotobox-fuer-events\/#breadcrumb\"},\"inLanguage\":\"de\",\"potentialAction\":[{\"@type\":\"ReadAction\",\"target\":[\"https:\/\/www.memo-media.de\/blog\/tyntyn-fotobox-fuer-events\/\"]}]},{\"@type\":\"BreadcrumbList\",\"@id\":\"https:\/\/www.memo-media.de\/blog\/tyntyn-fotobox-fuer-events\/#breadcrumb\",\"itemListElement\":[{\"@type\":\"ListItem\",\"position\":1,\"name\":\"Home\",\"item\":\"https:\/\/www.memo-media.de\/blog\/\"},{\"@type\":\"ListItem\",\"position\":2,\"name\":\"tyntyn: \u201eWir haben das Prinzip der Fotobox f\u00fcr Events weitergedacht!\u201c\"}]},{\"@type\":\"WebSite\",\"@id\":\"https:\/\/www.memo-media.de\/blog\/#website\",\"url\":\"https:\/\/www.memo-media.de\/blog\/\",\"name\":\"memo-media Blog f\u00fcr die Eventplanung\",\"description\":\"News und Facts aus der Eventbranche f\u00fcr die Eventbranche\",\"potentialAction\":[{\"@type\":\"SearchAction\",\"target\":{\"@type\":\"EntryPoint\",\"urlTemplate\":\"https:\/\/www.memo-media.de\/blog\/?s={search_term_string}\"},\"query-input\":\"required name=search_term_string\"}],\"inLanguage\":\"de\"},{\"@type\":\"Person\",\"@id\":\"https:\/\/www.memo-media.de\/blog\/#\/schema\/person\/d6e5cd0a1d6ebcd0d6a0dd6a691cad22\",\"name\":\"Aljoscha Grabowski\",\"image\":{\"@type\":\"ImageObject\",\"inLanguage\":\"de\",\"@id\":\"https:\/\/www.memo-media.de\/blog\/#\/schema\/person\/image\/\",\"url\":\"https:\/\/www.memo-media.de\/blog\/wp-content\/uploads\/2014\/10\/aljoscha150x150.jpg\",\"contentUrl\":\"https:\/\/www.memo-media.de\/blog\/wp-content\/uploads\/2014\/10\/aljoscha150x150.jpg\",\"caption\":\"Aljoscha Grabowski\"},\"description\":\"Aljoscha Grabowski hat Online-Journalismus an der Hochschule Darmstadt studiert und ist als freiberuflicher Journalist, Texter und Blogger t\u00e4tig. Als solcher schreibt er f\u00fcr verschiedene Zeitungen, Zeitschriften und Online-Medien haupts\u00e4chlich \u00fcber Sport, Kultur und die Event-Branche. Wir haben den sympathischen Frankfurter auf der Best Of Events 2014 in Dortmund kennengelernt und ihn ins Boot geholt, weil er stets die richtigen Worte findet, um Produkte, Dienstleistungen und alles andere Erw\u00e4hnenswerte ins richtige Licht der Aufmerksamkeit zu r\u00fccken.\",\"sameAs\":[\"http:\/\/www.aljoscha-grabowski.de\"],\"url\":\"https:\/\/www.memo-media.de\/blog\/author\/aljoscha-grabowski\/\"}]}<\/script>\n<!-- \/ Yoast SEO Premium plugin. -->","yoast_head_json":{"title":"tyntyn: \u201eWir haben das Prinzip der Fotobox f\u00fcr Events weitergedacht!\u201c","description":"Kaum ein Firmenevent oder Roadshow kommt heutzutage noch ohne Fotobox aus. Kennt ihr die tollen Features der Fotobox f\u00fcr Events von tyntyn auch schon?","robots":{"index":"index","follow":"follow","max-snippet":"max-snippet:-1","max-image-preview":"max-image-preview:large","max-video-preview":"max-video-preview:-1"},"canonical":"https:\/\/www.memo-media.de\/blog\/tyntyn-fotobox-fuer-events\/","og_locale":"de_DE","og_type":"article","og_title":"tyntyn: \u201eWir haben das Prinzip der Fotobox f\u00fcr Events weitergedacht!\u201c","og_description":"Kaum ein Firmenevent oder Roadshow kommt heutzutage noch ohne Fotobox aus. Kennt ihr die tollen Features der Fotobox f\u00fcr Events von tyntyn auch schon?","og_url":"https:\/\/www.memo-media.de\/blog\/tyntyn-fotobox-fuer-events\/","og_site_name":"memo-media Blog f\u00fcr die Eventplanung","article_published_time":"2016-08-09T12:07:07+00:00","article_modified_time":"2020-04-24T14:07:06+00:00","og_image":[{"width":1500,"height":1149,"url":"https:\/\/www.memo-media.de\/blog\/wp-content\/uploads\/2016\/08\/tyntynheader.jpg","type":"image\/jpeg"}],"author":"Aljoscha Grabowski","twitter_misc":{"Verfasst von":"Aljoscha Grabowski","Gesch\u00e4tzte Lesezeit":"4\u00a0Minuten"},"schema":{"@context":"https:\/\/schema.org","@graph":[{"@type":"WebPage","@id":"https:\/\/www.memo-media.de\/blog\/tyntyn-fotobox-fuer-events\/","url":"https:\/\/www.memo-media.de\/blog\/tyntyn-fotobox-fuer-events\/","name":"tyntyn: \u201eWir haben das Prinzip der Fotobox f\u00fcr Events weitergedacht!\u201c","isPartOf":{"@id":"https:\/\/www.memo-media.de\/blog\/#website"},"datePublished":"2016-08-09T12:07:07+00:00","dateModified":"2020-04-24T14:07:06+00:00","author":{"@id":"https:\/\/www.memo-media.de\/blog\/#\/schema\/person\/d6e5cd0a1d6ebcd0d6a0dd6a691cad22"},"description":"Kaum ein Firmenevent oder Roadshow kommt heutzutage noch ohne Fotobox aus. Kennt ihr die tollen Features der Fotobox f\u00fcr Events von tyntyn auch schon?","breadcrumb":{"@id":"https:\/\/www.memo-media.de\/blog\/tyntyn-fotobox-fuer-events\/#breadcrumb"},"inLanguage":"de","potentialAction":[{"@type":"ReadAction","target":["https:\/\/www.memo-media.de\/blog\/tyntyn-fotobox-fuer-events\/"]}]},{"@type":"BreadcrumbList","@id":"https:\/\/www.memo-media.de\/blog\/tyntyn-fotobox-fuer-events\/#breadcrumb","itemListElement":[{"@type":"ListItem","position":1,"name":"Home","item":"https:\/\/www.memo-media.de\/blog\/"},{"@type":"ListItem","position":2,"name":"tyntyn: \u201eWir haben das Prinzip der Fotobox f\u00fcr Events weitergedacht!\u201c"}]},{"@type":"WebSite","@id":"https:\/\/www.memo-media.de\/blog\/#website","url":"https:\/\/www.memo-media.de\/blog\/","name":"memo-media Blog f\u00fcr die Eventplanung","description":"News und Facts aus der Eventbranche f\u00fcr die Eventbranche","potentialAction":[{"@type":"SearchAction","target":{"@type":"EntryPoint","urlTemplate":"https:\/\/www.memo-media.de\/blog\/?s={search_term_string}"},"query-input":"required name=search_term_string"}],"inLanguage":"de"},{"@type":"Person","@id":"https:\/\/www.memo-media.de\/blog\/#\/schema\/person\/d6e5cd0a1d6ebcd0d6a0dd6a691cad22","name":"Aljoscha Grabowski","image":{"@type":"ImageObject","inLanguage":"de","@id":"https:\/\/www.memo-media.de\/blog\/#\/schema\/person\/image\/","url":"https:\/\/www.memo-media.de\/blog\/wp-content\/uploads\/2014\/10\/aljoscha150x150.jpg","contentUrl":"https:\/\/www.memo-media.de\/blog\/wp-content\/uploads\/2014\/10\/aljoscha150x150.jpg","caption":"Aljoscha Grabowski"},"description":"Aljoscha Grabowski hat Online-Journalismus an der Hochschule Darmstadt studiert und ist als freiberuflicher Journalist, Texter und Blogger t\u00e4tig. Als solcher schreibt er f\u00fcr verschiedene Zeitungen, Zeitschriften und Online-Medien haupts\u00e4chlich \u00fcber Sport, Kultur und die Event-Branche. Wir haben den sympathischen Frankfurter auf der Best Of Events 2014 in Dortmund kennengelernt und ihn ins Boot geholt, weil er stets die richtigen Worte findet, um Produkte, Dienstleistungen und alles andere Erw\u00e4hnenswerte ins richtige Licht der Aufmerksamkeit zu r\u00fccken.","sameAs":["http:\/\/www.aljoscha-grabowski.de"],"url":"https:\/\/www.memo-media.de\/blog\/author\/aljoscha-grabowski\/"}]}},"_links":{"self":[{"href":"https:\/\/www.memo-media.de\/blog\/wp-json\/wp\/v2\/posts\/4287"}],"collection":[{"href":"https:\/\/www.memo-media.de\/blog\/wp-json\/wp\/v2\/posts"}],"about":[{"href":"https:\/\/www.memo-media.de\/blog\/wp-json\/wp\/v2\/types\/post"}],"author":[{"embeddable":true,"href":"https:\/\/www.memo-media.de\/blog\/wp-json\/wp\/v2\/users\/13"}],"replies":[{"embeddable":true,"href":"https:\/\/www.memo-media.de\/blog\/wp-json\/wp\/v2\/comments?post=4287"}],"version-history":[{"count":11,"href":"https:\/\/www.memo-media.de\/blog\/wp-json\/wp\/v2\/posts\/4287\/revisions"}],"predecessor-version":[{"id":11327,"href":"https:\/\/www.memo-media.de\/blog\/wp-json\/wp\/v2\/posts\/4287\/revisions\/11327"}],"wp:featuredmedia":[{"embeddable":true,"href":"https:\/\/www.memo-media.de\/blog\/wp-json\/wp\/v2\/media\/4300"}],"wp:attachment":[{"href":"https:\/\/www.memo-media.de\/blog\/wp-json\/wp\/v2\/media?parent=4287"}],"wp:term":[{"taxonomy":"category","embeddable":true,"href":"https:\/\/www.memo-media.de\/blog\/wp-json\/wp\/v2\/categories?post=4287"},{"taxonomy":"post_tag","embeddable":true,"href":"https:\/\/www.memo-media.de\/blog\/wp-json\/wp\/v2\/tags?post=4287"}],"curies":[{"name":"wp","href":"https:\/\/api.w.org\/{rel}","templated":true}]}}