{"id":4201,"date":"2016-07-31T09:13:52","date_gmt":"2016-07-31T07:13:52","guid":{"rendered":"https:\/\/www.memo-media.de\/blog\/?p=4201"},"modified":"2020-06-08T09:07:33","modified_gmt":"2020-06-08T07:07:33","slug":"kleines-fest-im-grossen-garten-herrenhaeuser-gaerten-hannover","status":"publish","type":"post","link":"https:\/\/www.memo-media.de\/blog\/kleines-fest-im-grossen-garten-herrenhaeuser-gaerten-hannover\/","title":{"rendered":"Kleines Fest im Gro\u00dfen Garten \u2013 Farbenpracht in den Herrenh\u00e4user G\u00e4rten"},"content":{"rendered":"<p>Bereits zum 31. Mal fand in diesem Jahr in den Herrenh\u00e4user G\u00e4rten in Hannover das <a href=\"http:\/\/www.kleinesfest-hannover.de\/hannover\/kleines-fest\/\"><em>Kleines Fest im Gro\u00dfen Garten<\/em><\/a> statt. An 17 Abenden durften sich insgesamt 59.500 Besucher dar\u00fcber freuen, zum Kreis der Auserw\u00e4hlten zu geh\u00f6ren. Denn bei mehr als 200.000 Kartenw\u00fcnschen ist es nie gewiss, dass man eine der begehrten Karten erwischt. So gab es auch in diesem Jahr wieder lange Warteschlangen vor der Abendkasse. Hier werden jeden Tag noch 200 Karten an der Abendkasse verkauft. Wir hatten das Gl\u00fcck, zwei der begehrten Karten zu ergattern, so dass wir die 120 <a href=\"https:\/\/www.eventbranchenverzeichnis.de\/verzeichnis\/unterhaltungskuenstler_kuenstler-fuer-events-1\">K\u00fcnstler<\/a> aus 19 Nationen live und in Farbe erleben konnten. Also Rucksack, Picknickdecke und K\u00fchltasche gepackt (Tipp: Auf dem <em>Kleines Fest im Gro\u00dfen Garten<\/em> darf man sich selbst verpflegen!) und auf nach Hannover.<\/p>\n<div id=\"attachment_4211\" style=\"width: 310px\" class=\"wp-caption alignleft\"><a href=\"https:\/\/www.memo-media.de\/blog\/wp-content\/uploads\/2016\/08\/shaltontheatre_kfigg_jenskahnert.jpg\"><img aria-describedby=\"caption-attachment-4211\" decoding=\"async\" loading=\"lazy\" class=\"wp-image-4211 size-medium\" src=\"https:\/\/www.memo-media.de\/blog\/wp-content\/uploads\/2016\/08\/shaltontheatre_kfigg_jenskahnert-300x300.jpg\" alt=\"Shalton Theatre\" width=\"300\" height=\"300\" srcset=\"https:\/\/www.memo-media.de\/blog\/wp-content\/uploads\/2016\/08\/shaltontheatre_kfigg_jenskahnert-300x300.jpg 300w, https:\/\/www.memo-media.de\/blog\/wp-content\/uploads\/2016\/08\/shaltontheatre_kfigg_jenskahnert-150x150.jpg 150w, https:\/\/www.memo-media.de\/blog\/wp-content\/uploads\/2016\/08\/shaltontheatre_kfigg_jenskahnert-768x768.jpg 768w, https:\/\/www.memo-media.de\/blog\/wp-content\/uploads\/2016\/08\/shaltontheatre_kfigg_jenskahnert-1024x1024.jpg 1024w, https:\/\/www.memo-media.de\/blog\/wp-content\/uploads\/2016\/08\/shaltontheatre_kfigg_jenskahnert-335x335.jpg 335w, https:\/\/www.memo-media.de\/blog\/wp-content\/uploads\/2016\/08\/shaltontheatre_kfigg_jenskahnert-1050x1050.jpg 1050w, https:\/\/www.memo-media.de\/blog\/wp-content\/uploads\/2016\/08\/shaltontheatre_kfigg_jenskahnert.jpg 1600w\" sizes=\"(max-width: 300px) 100vw, 300px\" \/><\/a><p id=\"caption-attachment-4211\" class=\"wp-caption-text\">Shalton Theatre<\/p><\/div>\n<div id=\"attachment_4209\" style=\"width: 310px\" class=\"wp-caption alignleft\"><a href=\"https:\/\/www.memo-media.de\/blog\/wp-content\/uploads\/2016\/08\/jochenderelefant_kfigg_jenskahnert.jpg\"><img aria-describedby=\"caption-attachment-4209\" decoding=\"async\" loading=\"lazy\" class=\"wp-image-4209 size-medium\" src=\"https:\/\/www.memo-media.de\/blog\/wp-content\/uploads\/2016\/08\/jochenderelefant_kfigg_jenskahnert-300x300.jpg\" alt=\"Jochen der Elefant\" width=\"300\" height=\"300\" srcset=\"https:\/\/www.memo-media.de\/blog\/wp-content\/uploads\/2016\/08\/jochenderelefant_kfigg_jenskahnert-300x300.jpg 300w, https:\/\/www.memo-media.de\/blog\/wp-content\/uploads\/2016\/08\/jochenderelefant_kfigg_jenskahnert-150x150.jpg 150w, https:\/\/www.memo-media.de\/blog\/wp-content\/uploads\/2016\/08\/jochenderelefant_kfigg_jenskahnert-768x768.jpg 768w, https:\/\/www.memo-media.de\/blog\/wp-content\/uploads\/2016\/08\/jochenderelefant_kfigg_jenskahnert-1024x1024.jpg 1024w, https:\/\/www.memo-media.de\/blog\/wp-content\/uploads\/2016\/08\/jochenderelefant_kfigg_jenskahnert-335x335.jpg 335w, https:\/\/www.memo-media.de\/blog\/wp-content\/uploads\/2016\/08\/jochenderelefant_kfigg_jenskahnert-1050x1050.jpg 1050w, https:\/\/www.memo-media.de\/blog\/wp-content\/uploads\/2016\/08\/jochenderelefant_kfigg_jenskahnert.jpg 1535w\" sizes=\"(max-width: 300px) 100vw, 300px\" \/><\/a><p id=\"caption-attachment-4209\" class=\"wp-caption-text\">Jochen der Elefant<\/p><\/div>\n<h3><\/h3>\n<h3><\/h3>\n<h3><\/h3>\n<h3><\/h3>\n<h3><\/h3>\n<h3><\/h3>\n<h3><\/h3>\n<h3><\/h3>\n<h3><\/h3>\n<h3>Mehr als drei Jahrzehnte Erfolgsgeschichte und kein bisschen m\u00fcde<\/h3>\n<p>Das beweist Veranstalter und Initiator [memo_eintrag kundennummer=145999]Harald B\u00f6hlmann[\/memo_eintrag] \u2013 auch bekannt als Mann mit dem Zylinder \u2013 auch dadurch, dass das <em>Kleines Fest im Gro\u00dfen Garten<\/em> nun schon an vier weiteren Spielorten stattfindet. Der Schlosspark Ludwigslust, der Kurpark Bad Pyrmont, der Schlosspark Clemenswerth und der Schlosspark der Evenburg in Leer bestechen alle durch wundersch\u00f6ne Parkanlagen. Seit 2011 gibt es sogar ein \u201eBest of Kleines Fest\u201c, das im Schlosshof der Marienburg stattfindet. Durch die liebevolle und handverlesene Auswahl der K\u00fcnstler, das einzigartige Ambiente und das Engagement der unz\u00e4hligen Helfer hat das <em>Kleines Fest im Gro\u00dfen Garten<\/em> l\u00e4ngst Kultstatus erreicht.<\/p>\n<div id=\"attachment_4208\" style=\"width: 310px\" class=\"wp-caption alignleft\"><a href=\"https:\/\/www.memo-media.de\/blog\/wp-content\/uploads\/2016\/08\/herrenhaeusergaerten_kfigg_jenskahnert.jpg\"><img aria-describedby=\"caption-attachment-4208\" decoding=\"async\" loading=\"lazy\" class=\"wp-image-4208 size-medium\" src=\"https:\/\/www.memo-media.de\/blog\/wp-content\/uploads\/2016\/08\/herrenhaeusergaerten_kfigg_jenskahnert-300x225.jpg\" alt=\"Herrenh\u00e4user G\u00e4rten\" width=\"300\" height=\"225\" srcset=\"https:\/\/www.memo-media.de\/blog\/wp-content\/uploads\/2016\/08\/herrenhaeusergaerten_kfigg_jenskahnert-300x225.jpg 300w, https:\/\/www.memo-media.de\/blog\/wp-content\/uploads\/2016\/08\/herrenhaeusergaerten_kfigg_jenskahnert-768x576.jpg 768w, https:\/\/www.memo-media.de\/blog\/wp-content\/uploads\/2016\/08\/herrenhaeusergaerten_kfigg_jenskahnert-1024x768.jpg 1024w, https:\/\/www.memo-media.de\/blog\/wp-content\/uploads\/2016\/08\/herrenhaeusergaerten_kfigg_jenskahnert-72x54.jpg 72w, https:\/\/www.memo-media.de\/blog\/wp-content\/uploads\/2016\/08\/herrenhaeusergaerten_kfigg_jenskahnert-335x251.jpg 335w, https:\/\/www.memo-media.de\/blog\/wp-content\/uploads\/2016\/08\/herrenhaeusergaerten_kfigg_jenskahnert-1050x788.jpg 1050w\" sizes=\"(max-width: 300px) 100vw, 300px\" \/><\/a><p id=\"caption-attachment-4208\" class=\"wp-caption-text\">Herrenh\u00e4user G\u00e4rten<\/p><\/div>\n<div id=\"attachment_4206\" style=\"width: 310px\" class=\"wp-caption alignleft\"><a href=\"https:\/\/www.memo-media.de\/blog\/wp-content\/uploads\/2016\/08\/header2_kfigg_jenskahnert.jpg\"><img aria-describedby=\"caption-attachment-4206\" decoding=\"async\" loading=\"lazy\" class=\"wp-image-4206 size-medium\" src=\"https:\/\/www.memo-media.de\/blog\/wp-content\/uploads\/2016\/08\/header2_kfigg_jenskahnert-300x230.jpg\" alt=\"Moccamaker\" width=\"300\" height=\"230\" srcset=\"https:\/\/www.memo-media.de\/blog\/wp-content\/uploads\/2016\/08\/header2_kfigg_jenskahnert-300x230.jpg 300w, https:\/\/www.memo-media.de\/blog\/wp-content\/uploads\/2016\/08\/header2_kfigg_jenskahnert-768x588.jpg 768w, https:\/\/www.memo-media.de\/blog\/wp-content\/uploads\/2016\/08\/header2_kfigg_jenskahnert-1024x784.jpg 1024w, https:\/\/www.memo-media.de\/blog\/wp-content\/uploads\/2016\/08\/header2_kfigg_jenskahnert-335x257.jpg 335w, https:\/\/www.memo-media.de\/blog\/wp-content\/uploads\/2016\/08\/header2_kfigg_jenskahnert-203x157.jpg 203w, https:\/\/www.memo-media.de\/blog\/wp-content\/uploads\/2016\/08\/header2_kfigg_jenskahnert-72x54.jpg 72w, https:\/\/www.memo-media.de\/blog\/wp-content\/uploads\/2016\/08\/header2_kfigg_jenskahnert-1050x804.jpg 1050w, https:\/\/www.memo-media.de\/blog\/wp-content\/uploads\/2016\/08\/header2_kfigg_jenskahnert.jpg 1500w\" sizes=\"(max-width: 300px) 100vw, 300px\" \/><\/a><p id=\"caption-attachment-4206\" class=\"wp-caption-text\">Moccamaker<\/p><\/div>\n<h3><\/h3>\n<h3><\/h3>\n<h3><\/h3>\n<h3><\/h3>\n<h3><\/h3>\n<h3><\/h3>\n<h3><\/h3>\n<h3>Picknick inmitten von K\u00fcnstlervielfalt<\/h3>\n<p>Und diesen Kultstatus erleben wir schon beim Betreten des imposanten Gel\u00e4ndes der Herrenh\u00e4user G\u00e4rten. Die Stimmung ist ausgelassen, die einstr\u00f6menden G\u00e4ste werden von [memo_rubrik id=2278]Walk-Acts[\/memo_rubrik] wie dem Clown Frans Custers oder [memo_eintrag kundennummer=135237]Jochen dem Elefant[\/memo_eintrag] begr\u00fc\u00dft. In der Ferne tanzt das Stelzentheater Teatro Pavana. Schnell werden Picknickdecken ausgebreitet, Weinflaschen entkorkt und der mitgebrachte Proviant ausgepackt. Und immer mehr K\u00fcnstler beleben das Szenario. Da sind die Traumlichttr\u00e4ger des [memo_eintrag kundennummer=135952]Pantao Stelzentheater[\/memo_eintrag], die Rallye-Fahrer von [memo_eintrag kundennummer=127935]Tukkersconnexion[\/memo_eintrag], das [memo_eintrag kundennummer=138592]Scharniertheater[\/memo_eintrag] mit Leila, Lasse und Lola und viele mehr. Wir kommen aus dem Staunen gar nicht mehr heraus und bekommen die Er\u00f6ffnungsworte nur am Rande mit. Als dann aber alle um uns herum wie auf Kommando ihre Picknickdecken wieder einrollen und schlagartig in die weitl\u00e4ufige Parkanlage ausstr\u00f6men wird uns bewusst, dass nun das Programm an den mehr als 30 Spielorten startet. Also auch schnell den Wein ausgetrunken, den letzten Biss vom Ciabatta genommen und auf geht\u2019s.<\/p>\n<div id=\"attachment_4204\" style=\"width: 310px\" class=\"wp-caption alignleft\"><a href=\"https:\/\/www.memo-media.de\/blog\/wp-content\/uploads\/2016\/08\/franscusters_kfigg_jenskahnert.jpg\"><img aria-describedby=\"caption-attachment-4204\" decoding=\"async\" loading=\"lazy\" class=\"wp-image-4204 size-medium\" src=\"https:\/\/www.memo-media.de\/blog\/wp-content\/uploads\/2016\/08\/franscusters_kfigg_jenskahnert-300x300.jpg\" alt=\"Frans Custers\" width=\"300\" height=\"300\" srcset=\"https:\/\/www.memo-media.de\/blog\/wp-content\/uploads\/2016\/08\/franscusters_kfigg_jenskahnert-300x300.jpg 300w, https:\/\/www.memo-media.de\/blog\/wp-content\/uploads\/2016\/08\/franscusters_kfigg_jenskahnert-150x150.jpg 150w, https:\/\/www.memo-media.de\/blog\/wp-content\/uploads\/2016\/08\/franscusters_kfigg_jenskahnert-768x768.jpg 768w, https:\/\/www.memo-media.de\/blog\/wp-content\/uploads\/2016\/08\/franscusters_kfigg_jenskahnert-1024x1024.jpg 1024w, https:\/\/www.memo-media.de\/blog\/wp-content\/uploads\/2016\/08\/franscusters_kfigg_jenskahnert-335x335.jpg 335w, https:\/\/www.memo-media.de\/blog\/wp-content\/uploads\/2016\/08\/franscusters_kfigg_jenskahnert-1050x1050.jpg 1050w, https:\/\/www.memo-media.de\/blog\/wp-content\/uploads\/2016\/08\/franscusters_kfigg_jenskahnert.jpg 2031w\" sizes=\"(max-width: 300px) 100vw, 300px\" \/><\/a><p id=\"caption-attachment-4204\" class=\"wp-caption-text\">Frans Custers<\/p><\/div>\n<div id=\"attachment_4216\" style=\"width: 310px\" class=\"wp-caption alignleft\"><a href=\"https:\/\/www.memo-media.de\/blog\/wp-content\/uploads\/2016\/08\/pantao_kfigg_jenskahnert.jpg\"><img aria-describedby=\"caption-attachment-4216\" decoding=\"async\" loading=\"lazy\" class=\"wp-image-4216 size-medium\" src=\"https:\/\/www.memo-media.de\/blog\/wp-content\/uploads\/2016\/08\/pantao_kfigg_jenskahnert-300x300.jpg\" alt=\"Pantao Stelzentheater\" width=\"300\" height=\"300\" srcset=\"https:\/\/www.memo-media.de\/blog\/wp-content\/uploads\/2016\/08\/pantao_kfigg_jenskahnert-300x300.jpg 300w, https:\/\/www.memo-media.de\/blog\/wp-content\/uploads\/2016\/08\/pantao_kfigg_jenskahnert-150x150.jpg 150w, https:\/\/www.memo-media.de\/blog\/wp-content\/uploads\/2016\/08\/pantao_kfigg_jenskahnert-768x768.jpg 768w, https:\/\/www.memo-media.de\/blog\/wp-content\/uploads\/2016\/08\/pantao_kfigg_jenskahnert-1024x1024.jpg 1024w, https:\/\/www.memo-media.de\/blog\/wp-content\/uploads\/2016\/08\/pantao_kfigg_jenskahnert-335x335.jpg 335w, https:\/\/www.memo-media.de\/blog\/wp-content\/uploads\/2016\/08\/pantao_kfigg_jenskahnert-1050x1050.jpg 1050w, https:\/\/www.memo-media.de\/blog\/wp-content\/uploads\/2016\/08\/pantao_kfigg_jenskahnert.jpg 1113w\" sizes=\"(max-width: 300px) 100vw, 300px\" \/><\/a><p id=\"caption-attachment-4216\" class=\"wp-caption-text\">Pantao Stelzentheater<\/p><\/div>\n<h3><\/h3>\n<h3><\/h3>\n<h3><\/h3>\n<h3><\/h3>\n<h3><\/h3>\n<h3><\/h3>\n<h3><\/h3>\n<h3><\/h3>\n<h3><\/h3>\n<h3>Kleines Fest im Gro\u00dfen Garten zeigt Walk-Acts bis B\u00fchnenprogramm<\/h3>\n<p>Nach ersten Orientierungsversuchen wird uns klar, dass wir nur ein Minimum des tollen Programms sehen k\u00f6nnen. Der Park ist einfach riesig und das Angebot an K\u00fcnstlern steht diesen Dimensionen in nichts nach. Wir entscheiden uns f\u00fcr [memo_rubrik id=605]Comedy[\/memo_rubrik] und bereuen das nicht, als wir herzhaft \u00fcber Helge und das Udo und den anschlie\u00dfend auftretenden [memo_rubrik id=313]Kabarettisten[\/memo_rubrik] Heinrich del Core lachen. Der n\u00e4chste Auftritt beim <em>Kleines Fest im Gro\u00dfen Garten<\/em>, den wir uns ansehen m\u00f6chten, ist der von Improk\u00f6nig Sascha Korf. Hierf\u00fcr hei\u00dft es allerdings einmal quer durch den Park, bitte. Eins steht fest, das Ciabatta und den Wein haben wir l\u00e4ngst wieder abtrainiert. Aber der Weg hat sich nat\u00fcrlich gelohnt, denn nach gelungener Impro-Geschichte folgt eine erstklassige Artistik-Show der Jambo-Brothers.<\/p>\n<div id=\"attachment_4210\" style=\"width: 310px\" class=\"wp-caption alignleft\"><a href=\"https:\/\/www.memo-media.de\/blog\/wp-content\/uploads\/2016\/08\/mrlo_kfigg_jenskahnert.jpg\"><img aria-describedby=\"caption-attachment-4210\" decoding=\"async\" loading=\"lazy\" class=\"wp-image-4210 size-medium\" src=\"https:\/\/www.memo-media.de\/blog\/wp-content\/uploads\/2016\/08\/mrlo_kfigg_jenskahnert-300x225.jpg\" alt=\"Mr. Lo\" width=\"300\" height=\"225\" srcset=\"https:\/\/www.memo-media.de\/blog\/wp-content\/uploads\/2016\/08\/mrlo_kfigg_jenskahnert-300x225.jpg 300w, https:\/\/www.memo-media.de\/blog\/wp-content\/uploads\/2016\/08\/mrlo_kfigg_jenskahnert-768x576.jpg 768w, https:\/\/www.memo-media.de\/blog\/wp-content\/uploads\/2016\/08\/mrlo_kfigg_jenskahnert-1024x768.jpg 1024w, https:\/\/www.memo-media.de\/blog\/wp-content\/uploads\/2016\/08\/mrlo_kfigg_jenskahnert-72x54.jpg 72w, https:\/\/www.memo-media.de\/blog\/wp-content\/uploads\/2016\/08\/mrlo_kfigg_jenskahnert-335x251.jpg 335w, https:\/\/www.memo-media.de\/blog\/wp-content\/uploads\/2016\/08\/mrlo_kfigg_jenskahnert-1050x788.jpg 1050w\" sizes=\"(max-width: 300px) 100vw, 300px\" \/><\/a><p id=\"caption-attachment-4210\" class=\"wp-caption-text\">Mr. Lo<\/p><\/div>\n<div id=\"attachment_4217\" style=\"width: 310px\" class=\"wp-caption alignleft\"><a href=\"https:\/\/www.memo-media.de\/blog\/wp-content\/uploads\/2016\/08\/img_0464.jpg\"><img aria-describedby=\"caption-attachment-4217\" decoding=\"async\" loading=\"lazy\" class=\"wp-image-4217 size-medium\" src=\"https:\/\/www.memo-media.de\/blog\/wp-content\/uploads\/2016\/08\/img_0464-300x225.jpg\" alt=\"Harold Hugenholtz Karikaturen\" width=\"300\" height=\"225\" srcset=\"https:\/\/www.memo-media.de\/blog\/wp-content\/uploads\/2016\/08\/img_0464-300x225.jpg 300w, https:\/\/www.memo-media.de\/blog\/wp-content\/uploads\/2016\/08\/img_0464-768x576.jpg 768w, https:\/\/www.memo-media.de\/blog\/wp-content\/uploads\/2016\/08\/img_0464-1024x768.jpg 1024w, https:\/\/www.memo-media.de\/blog\/wp-content\/uploads\/2016\/08\/img_0464-72x54.jpg 72w, https:\/\/www.memo-media.de\/blog\/wp-content\/uploads\/2016\/08\/img_0464-335x251.jpg 335w, https:\/\/www.memo-media.de\/blog\/wp-content\/uploads\/2016\/08\/img_0464-1050x788.jpg 1050w\" sizes=\"(max-width: 300px) 100vw, 300px\" \/><\/a><p id=\"caption-attachment-4217\" class=\"wp-caption-text\">Harold Hugenholtz Karikaturen<\/p><\/div>\n<h3><\/h3>\n<h3><\/h3>\n<h3><\/h3>\n<h3><\/h3>\n<h3><\/h3>\n<h3><\/h3>\n<h3><\/h3>\n<h3>Flaniermeile zum Entdecken und Verweilen<\/h3>\n<p>Nun aber erstmal einen Gang herunterschalten und die Flaniermeile entlang der Schwanenteiche genie\u00dfen. Hier finden sich in kleinen Pagoden-Zelten ein nostalgisches Fotoshooting des Studio Surprise, das Vorlesezimmer von Claudia Schn\u00fcrer, innovative Karikaturen von Harold Hugenholtz und nat\u00fcrlich auch bezaubernde Papierrei\u00dfkunst von [memo_eintrag kundennummer=125847]Mr. Lo[\/memo_eintrag]. Wem die Sonne noch zu hoch steht, der kann sich hier von Martine einen Funny Hat gestalten lassen. Und wer einfach nur das bunte Treiben beobachten m\u00f6chte, der kann im fernen Orient Platz nehmen und sich vom Moccamaker bedienen lassen.<\/p>\n<div id=\"attachment_4202\" style=\"width: 310px\" class=\"wp-caption alignleft\"><a href=\"https:\/\/www.memo-media.de\/blog\/wp-content\/uploads\/2016\/08\/altrego_kfigg_jenskahnert.jpg\"><img aria-describedby=\"caption-attachment-4202\" decoding=\"async\" loading=\"lazy\" class=\"wp-image-4202 size-medium\" src=\"https:\/\/www.memo-media.de\/blog\/wp-content\/uploads\/2016\/08\/altrego_kfigg_jenskahnert-300x300.jpg\" alt=\"Altrego\" width=\"300\" height=\"300\" srcset=\"https:\/\/www.memo-media.de\/blog\/wp-content\/uploads\/2016\/08\/altrego_kfigg_jenskahnert-300x300.jpg 300w, https:\/\/www.memo-media.de\/blog\/wp-content\/uploads\/2016\/08\/altrego_kfigg_jenskahnert-150x150.jpg 150w, https:\/\/www.memo-media.de\/blog\/wp-content\/uploads\/2016\/08\/altrego_kfigg_jenskahnert-768x768.jpg 768w, https:\/\/www.memo-media.de\/blog\/wp-content\/uploads\/2016\/08\/altrego_kfigg_jenskahnert-1024x1024.jpg 1024w, https:\/\/www.memo-media.de\/blog\/wp-content\/uploads\/2016\/08\/altrego_kfigg_jenskahnert-335x335.jpg 335w, https:\/\/www.memo-media.de\/blog\/wp-content\/uploads\/2016\/08\/altrego_kfigg_jenskahnert-1050x1050.jpg 1050w, https:\/\/www.memo-media.de\/blog\/wp-content\/uploads\/2016\/08\/altrego_kfigg_jenskahnert.jpg 1469w\" sizes=\"(max-width: 300px) 100vw, 300px\" \/><\/a><p id=\"caption-attachment-4202\" class=\"wp-caption-text\">Altrego<\/p><\/div>\n<h3>Hell erleuchtete Herrenh\u00e4user G\u00e4rten zum Abschluss<\/h3>\n<p>Die Zeit vergeht wie im Flug und so sind wir richtig entt\u00e4uscht, dass auf einmal schon das allabendliche [memo_rubrik id=862]Musikfeuerwerk[\/memo_rubrik] angek\u00fcndigt wird. Auch haben wir ein kleines D\u00e9j\u00e1-vu, denn auf einmal finden sich wieder alle Besucher entlang der Promenade ein, an der man den besten Blick aufs Feuerwerk haben soll. Picknickdecken werden ausgebreitet und die Szenerie von der Eingangssituation wiederholt sich. Sch\u00f6n, wenn etwas auf einmal so vertraut ist. Und so breiten auch wir wieder unsere Decke aus und genie\u00dfen den Ausklang eines kurzweiligen Abends auf dem <em>Kleines Fest im Gro\u00dfen Garten.\u00a0<\/em>Apropos im Flug: \u00dcber allen schwebt der Imposante Baron Otto von Tounicks, der &#8220;Rote Aeronaut&#8221; des Theater Altrego.<\/p>\n<p>Unser Fazit des Abends: Wir kommen wieder!<\/p>\n","protected":false},"excerpt":{"rendered":"<p>Bereits zum 31. Mal fand in diesem Jahr in den Herrenh\u00e4user G\u00e4rten in Hannover das Kleines Fest im Gro\u00dfen Garten&#8230;<\/p>\n","protected":false},"author":6,"featured_media":4205,"comment_status":"closed","ping_status":"open","sticky":false,"template":"","format":"standard","meta":[],"categories":[42,4],"tags":[773,647,209,771,430,770,769,774,775,772],"yoast_head":"<!-- This site is optimized with the Yoast SEO Premium plugin v20.5 (Yoast SEO v20.5) - https:\/\/yoast.com\/wordpress\/plugins\/seo\/ -->\n<title>Kleines Fest im Gro\u00dfen Garten in den Herrenh\u00e4user G\u00e4rten Hannover<\/title>\n<meta name=\"description\" content=\"Kleines Fest im Gro\u00dfen Garten - das K\u00fcnstlerfestival mit Kultstatus in den Herrenh\u00e4user G\u00e4rten in Hannover - memo-media war live vor Ort.\" \/>\n<meta name=\"robots\" content=\"index, follow, max-snippet:-1, max-image-preview:large, max-video-preview:-1\" \/>\n<link rel=\"canonical\" href=\"https:\/\/www.memo-media.de\/blog\/kleines-fest-im-grossen-garten-herrenhaeuser-gaerten-hannover\/\" \/>\n<meta property=\"og:locale\" content=\"de_DE\" \/>\n<meta property=\"og:type\" content=\"article\" \/>\n<meta property=\"og:title\" content=\"Kleines Fest im Gro\u00dfen Garten \u2013 Farbenpracht in den Herrenh\u00e4user G\u00e4rten\" \/>\n<meta property=\"og:description\" content=\"Kleines Fest im Gro\u00dfen Garten - das K\u00fcnstlerfestival mit Kultstatus in den Herrenh\u00e4user G\u00e4rten in Hannover - memo-media war live vor Ort.\" \/>\n<meta property=\"og:url\" content=\"https:\/\/www.memo-media.de\/blog\/kleines-fest-im-grossen-garten-herrenhaeuser-gaerten-hannover\/\" \/>\n<meta property=\"og:site_name\" content=\"memo-media Blog f\u00fcr die Eventplanung\" \/>\n<meta property=\"article:published_time\" content=\"2016-07-31T07:13:52+00:00\" \/>\n<meta property=\"article:modified_time\" content=\"2020-06-08T07:07:33+00:00\" \/>\n<meta property=\"og:image\" content=\"https:\/\/www.memo-media.de\/blog\/wp-content\/uploads\/2016\/08\/header_kfigg_jenskahnert.jpg\" \/>\n\t<meta property=\"og:image:width\" content=\"1500\" \/>\n\t<meta property=\"og:image:height\" content=\"1149\" \/>\n\t<meta property=\"og:image:type\" content=\"image\/jpeg\" \/>\n<meta name=\"author\" content=\"Jens Kahnert\" \/>\n<meta name=\"twitter:label1\" content=\"Verfasst von\" \/>\n\t<meta name=\"twitter:data1\" content=\"Jens Kahnert\" \/>\n\t<meta name=\"twitter:label2\" content=\"Gesch\u00e4tzte Lesezeit\" \/>\n\t<meta name=\"twitter:data2\" content=\"5\u00a0Minuten\" \/>\n<script type=\"application\/ld+json\" class=\"yoast-schema-graph\">{\"@context\":\"https:\/\/schema.org\",\"@graph\":[{\"@type\":\"WebPage\",\"@id\":\"https:\/\/www.memo-media.de\/blog\/kleines-fest-im-grossen-garten-herrenhaeuser-gaerten-hannover\/\",\"url\":\"https:\/\/www.memo-media.de\/blog\/kleines-fest-im-grossen-garten-herrenhaeuser-gaerten-hannover\/\",\"name\":\"Kleines Fest im Gro\u00dfen Garten in den Herrenh\u00e4user G\u00e4rten Hannover\",\"isPartOf\":{\"@id\":\"https:\/\/www.memo-media.de\/blog\/#website\"},\"datePublished\":\"2016-07-31T07:13:52+00:00\",\"dateModified\":\"2020-06-08T07:07:33+00:00\",\"author\":{\"@id\":\"https:\/\/www.memo-media.de\/blog\/#\/schema\/person\/2bd97aa8e803bdc43a71994ce8840098\"},\"description\":\"Kleines Fest im Gro\u00dfen Garten - das K\u00fcnstlerfestival mit Kultstatus in den Herrenh\u00e4user G\u00e4rten in Hannover - memo-media war live vor Ort.\",\"breadcrumb\":{\"@id\":\"https:\/\/www.memo-media.de\/blog\/kleines-fest-im-grossen-garten-herrenhaeuser-gaerten-hannover\/#breadcrumb\"},\"inLanguage\":\"de\",\"potentialAction\":[{\"@type\":\"ReadAction\",\"target\":[\"https:\/\/www.memo-media.de\/blog\/kleines-fest-im-grossen-garten-herrenhaeuser-gaerten-hannover\/\"]}]},{\"@type\":\"BreadcrumbList\",\"@id\":\"https:\/\/www.memo-media.de\/blog\/kleines-fest-im-grossen-garten-herrenhaeuser-gaerten-hannover\/#breadcrumb\",\"itemListElement\":[{\"@type\":\"ListItem\",\"position\":1,\"name\":\"Home\",\"item\":\"https:\/\/www.memo-media.de\/blog\/\"},{\"@type\":\"ListItem\",\"position\":2,\"name\":\"Kleines Fest im Gro\u00dfen Garten \u2013 Farbenpracht in den Herrenh\u00e4user G\u00e4rten\"}]},{\"@type\":\"WebSite\",\"@id\":\"https:\/\/www.memo-media.de\/blog\/#website\",\"url\":\"https:\/\/www.memo-media.de\/blog\/\",\"name\":\"memo-media Blog f\u00fcr die Eventplanung\",\"description\":\"News und Facts aus der Eventbranche f\u00fcr die Eventbranche\",\"potentialAction\":[{\"@type\":\"SearchAction\",\"target\":{\"@type\":\"EntryPoint\",\"urlTemplate\":\"https:\/\/www.memo-media.de\/blog\/?s={search_term_string}\"},\"query-input\":\"required name=search_term_string\"}],\"inLanguage\":\"de\"},{\"@type\":\"Person\",\"@id\":\"https:\/\/www.memo-media.de\/blog\/#\/schema\/person\/2bd97aa8e803bdc43a71994ce8840098\",\"name\":\"Jens Kahnert\",\"image\":{\"@type\":\"ImageObject\",\"inLanguage\":\"de\",\"@id\":\"https:\/\/www.memo-media.de\/blog\/#\/schema\/person\/image\/\",\"url\":\"https:\/\/www.memo-media.de\/blog\/wp-content\/uploads\/2024\/02\/0137_web-150x150.jpg\",\"contentUrl\":\"https:\/\/www.memo-media.de\/blog\/wp-content\/uploads\/2024\/02\/0137_web-150x150.jpg\",\"caption\":\"Jens Kahnert\"},\"description\":\"Jens ist euer Experte in Sachen Event- und K\u00fcnstlerideen. In fast 20 Jahren memo-media lernt man nicht nur viele tolle und interessante Leute kennen, sondern sieht und erlebt auch eine ganze Menge. Neben dem Besuch von unz\u00e4hligen Messen, Veranstaltungen, Festivals, Variet\u00e9s und Konzerten, sitzt Jens auch seit einigen Jahren in der Jury des Internationalen Kleinkunstfestivals Usedom, bei der Gauklerfestung Koblenz und beim Eventex-Award. Dazu die j\u00e4hrliche Produktion des Eventbranchenbuchs und die Betreuung der Kunden auf www.memo-media.de als auch der Anzeigenkunden des Magazins showcases und der Eventmoods collected by memo-media: Da sammelt sich so einiges an Wissen \u00fcber ausgefallene K\u00fcnstler, spannende Geheimtipps und einzigartige Event-Ideen an! Als staatlich gepr\u00fcfter Betriebswirt f\u00fcr Marketing-Kommunikation hat er auch immer eine Idee, wie wir euch aktiv bei der Vermarktung \u00fcber memo-media unterst\u00fctzen k\u00f6nnen. Und wenn er gerade nicht im Einsatz f\u00fcr memo-media ist, findet ihr ihn wahrscheinlich auf seinem E-MTB oder mit einem Handball auf dem Feld \u2013 egal ob Beachplatz im Sommer oder Halle im Winter.\",\"url\":\"https:\/\/www.memo-media.de\/blog\/author\/jens-kahnert\/\"}]}<\/script>\n<!-- \/ Yoast SEO Premium plugin. -->","yoast_head_json":{"title":"Kleines Fest im Gro\u00dfen Garten in den Herrenh\u00e4user G\u00e4rten Hannover","description":"Kleines Fest im Gro\u00dfen Garten - das K\u00fcnstlerfestival mit Kultstatus in den Herrenh\u00e4user G\u00e4rten in Hannover - memo-media war live vor Ort.","robots":{"index":"index","follow":"follow","max-snippet":"max-snippet:-1","max-image-preview":"max-image-preview:large","max-video-preview":"max-video-preview:-1"},"canonical":"https:\/\/www.memo-media.de\/blog\/kleines-fest-im-grossen-garten-herrenhaeuser-gaerten-hannover\/","og_locale":"de_DE","og_type":"article","og_title":"Kleines Fest im Gro\u00dfen Garten \u2013 Farbenpracht in den Herrenh\u00e4user G\u00e4rten","og_description":"Kleines Fest im Gro\u00dfen Garten - das K\u00fcnstlerfestival mit Kultstatus in den Herrenh\u00e4user G\u00e4rten in Hannover - memo-media war live vor Ort.","og_url":"https:\/\/www.memo-media.de\/blog\/kleines-fest-im-grossen-garten-herrenhaeuser-gaerten-hannover\/","og_site_name":"memo-media Blog f\u00fcr die Eventplanung","article_published_time":"2016-07-31T07:13:52+00:00","article_modified_time":"2020-06-08T07:07:33+00:00","og_image":[{"width":1500,"height":1149,"url":"https:\/\/www.memo-media.de\/blog\/wp-content\/uploads\/2016\/08\/header_kfigg_jenskahnert.jpg","type":"image\/jpeg"}],"author":"Jens Kahnert","twitter_misc":{"Verfasst von":"Jens Kahnert","Gesch\u00e4tzte Lesezeit":"5\u00a0Minuten"},"schema":{"@context":"https:\/\/schema.org","@graph":[{"@type":"WebPage","@id":"https:\/\/www.memo-media.de\/blog\/kleines-fest-im-grossen-garten-herrenhaeuser-gaerten-hannover\/","url":"https:\/\/www.memo-media.de\/blog\/kleines-fest-im-grossen-garten-herrenhaeuser-gaerten-hannover\/","name":"Kleines Fest im Gro\u00dfen Garten in den Herrenh\u00e4user G\u00e4rten Hannover","isPartOf":{"@id":"https:\/\/www.memo-media.de\/blog\/#website"},"datePublished":"2016-07-31T07:13:52+00:00","dateModified":"2020-06-08T07:07:33+00:00","author":{"@id":"https:\/\/www.memo-media.de\/blog\/#\/schema\/person\/2bd97aa8e803bdc43a71994ce8840098"},"description":"Kleines Fest im Gro\u00dfen Garten - das K\u00fcnstlerfestival mit Kultstatus in den Herrenh\u00e4user G\u00e4rten in Hannover - memo-media war live vor Ort.","breadcrumb":{"@id":"https:\/\/www.memo-media.de\/blog\/kleines-fest-im-grossen-garten-herrenhaeuser-gaerten-hannover\/#breadcrumb"},"inLanguage":"de","potentialAction":[{"@type":"ReadAction","target":["https:\/\/www.memo-media.de\/blog\/kleines-fest-im-grossen-garten-herrenhaeuser-gaerten-hannover\/"]}]},{"@type":"BreadcrumbList","@id":"https:\/\/www.memo-media.de\/blog\/kleines-fest-im-grossen-garten-herrenhaeuser-gaerten-hannover\/#breadcrumb","itemListElement":[{"@type":"ListItem","position":1,"name":"Home","item":"https:\/\/www.memo-media.de\/blog\/"},{"@type":"ListItem","position":2,"name":"Kleines Fest im Gro\u00dfen Garten \u2013 Farbenpracht in den Herrenh\u00e4user G\u00e4rten"}]},{"@type":"WebSite","@id":"https:\/\/www.memo-media.de\/blog\/#website","url":"https:\/\/www.memo-media.de\/blog\/","name":"memo-media Blog f\u00fcr die Eventplanung","description":"News und Facts aus der Eventbranche f\u00fcr die Eventbranche","potentialAction":[{"@type":"SearchAction","target":{"@type":"EntryPoint","urlTemplate":"https:\/\/www.memo-media.de\/blog\/?s={search_term_string}"},"query-input":"required name=search_term_string"}],"inLanguage":"de"},{"@type":"Person","@id":"https:\/\/www.memo-media.de\/blog\/#\/schema\/person\/2bd97aa8e803bdc43a71994ce8840098","name":"Jens Kahnert","image":{"@type":"ImageObject","inLanguage":"de","@id":"https:\/\/www.memo-media.de\/blog\/#\/schema\/person\/image\/","url":"https:\/\/www.memo-media.de\/blog\/wp-content\/uploads\/2024\/02\/0137_web-150x150.jpg","contentUrl":"https:\/\/www.memo-media.de\/blog\/wp-content\/uploads\/2024\/02\/0137_web-150x150.jpg","caption":"Jens Kahnert"},"description":"Jens ist euer Experte in Sachen Event- und K\u00fcnstlerideen. In fast 20 Jahren memo-media lernt man nicht nur viele tolle und interessante Leute kennen, sondern sieht und erlebt auch eine ganze Menge. Neben dem Besuch von unz\u00e4hligen Messen, Veranstaltungen, Festivals, Variet\u00e9s und Konzerten, sitzt Jens auch seit einigen Jahren in der Jury des Internationalen Kleinkunstfestivals Usedom, bei der Gauklerfestung Koblenz und beim Eventex-Award. Dazu die j\u00e4hrliche Produktion des Eventbranchenbuchs und die Betreuung der Kunden auf www.memo-media.de als auch der Anzeigenkunden des Magazins showcases und der Eventmoods collected by memo-media: Da sammelt sich so einiges an Wissen \u00fcber ausgefallene K\u00fcnstler, spannende Geheimtipps und einzigartige Event-Ideen an! Als staatlich gepr\u00fcfter Betriebswirt f\u00fcr Marketing-Kommunikation hat er auch immer eine Idee, wie wir euch aktiv bei der Vermarktung \u00fcber memo-media unterst\u00fctzen k\u00f6nnen. Und wenn er gerade nicht im Einsatz f\u00fcr memo-media ist, findet ihr ihn wahrscheinlich auf seinem E-MTB oder mit einem Handball auf dem Feld \u2013 egal ob Beachplatz im Sommer oder Halle im Winter.","url":"https:\/\/www.memo-media.de\/blog\/author\/jens-kahnert\/"}]}},"_links":{"self":[{"href":"https:\/\/www.memo-media.de\/blog\/wp-json\/wp\/v2\/posts\/4201"}],"collection":[{"href":"https:\/\/www.memo-media.de\/blog\/wp-json\/wp\/v2\/posts"}],"about":[{"href":"https:\/\/www.memo-media.de\/blog\/wp-json\/wp\/v2\/types\/post"}],"author":[{"embeddable":true,"href":"https:\/\/www.memo-media.de\/blog\/wp-json\/wp\/v2\/users\/6"}],"replies":[{"embeddable":true,"href":"https:\/\/www.memo-media.de\/blog\/wp-json\/wp\/v2\/comments?post=4201"}],"version-history":[{"count":15,"href":"https:\/\/www.memo-media.de\/blog\/wp-json\/wp\/v2\/posts\/4201\/revisions"}],"predecessor-version":[{"id":11531,"href":"https:\/\/www.memo-media.de\/blog\/wp-json\/wp\/v2\/posts\/4201\/revisions\/11531"}],"wp:featuredmedia":[{"embeddable":true,"href":"https:\/\/www.memo-media.de\/blog\/wp-json\/wp\/v2\/media\/4205"}],"wp:attachment":[{"href":"https:\/\/www.memo-media.de\/blog\/wp-json\/wp\/v2\/media?parent=4201"}],"wp:term":[{"taxonomy":"category","embeddable":true,"href":"https:\/\/www.memo-media.de\/blog\/wp-json\/wp\/v2\/categories?post=4201"},{"taxonomy":"post_tag","embeddable":true,"href":"https:\/\/www.memo-media.de\/blog\/wp-json\/wp\/v2\/tags?post=4201"}],"curies":[{"name":"wp","href":"https:\/\/api.w.org\/{rel}","templated":true}]}}