{"id":4089,"date":"2016-07-01T10:37:11","date_gmt":"2016-07-01T08:37:11","guid":{"rendered":"http:\/\/www.memo-media.de\/blog\/?p=4089"},"modified":"2019-09-06T09:41:54","modified_gmt":"2019-09-06T07:41:54","slug":"guildo-horn-im-glossary-von-showcases","status":"publish","type":"post","link":"https:\/\/www.memo-media.de\/blog\/guildo-horn-im-glossary-von-showcases\/","title":{"rendered":"Schlager unser: Guildo Horn im Glossary von showcases"},"content":{"rendered":"<p><a href=\"http:\/\/www.guildo-horn.com\" target=\"_blank\" rel=\"noopener noreferrer\">Guildo Horn<\/a>, der eigentlich wie der ehemalige Bundespr\u00e4sident Horst K\u00f6hler hei\u00dft, ist des Schlagers gr\u00f6\u00dfter Fan. Das zelebriert er gerne auf der [memo_rubrik id=188]B\u00fchne[\/memo_rubrik]. Er ern\u00e4hrt sich von Nussecken und tritt immer mit Orthop\u00e4dischen Str\u00fcmpfen auf. Er ist Musiktherapeut und hat ein P\u00e4dagogik-Studium abgeschlossen. Beim Eurovision Song Contest in Birmingham belegte er mit \u201eGuildo hat euch lieb!\u201c einen beachtlichen siebten Platz. Das Lied aus der Kompositionsfeder von Alf Igel (Stefan Raab) wurde von Schlager-Doyen Michael Holm mitproduziert. Mit viel Herz und einem Augenzwinkern rette Guildo Deutschland 1998 aus der langj\u00e4hrigen Grand-Prix-Bedeutungslosigkeit. Im Theater Hagen steht er auch als Riff-Raff in der \u201eRocky Horror Show\u201c auf der B\u00fchne. Im Moment bereitet er mit den Orthop\u00e4dischen Str\u00fcmpfen die \u201eSchlager Unser Weihnachtstour 2016\u201c\u00a0 vor. Das Fest der Feste will wohl begangen sein.<\/p>\n<div id=\"attachment_4095\" style=\"width: 400px\" class=\"wp-caption alignright\"><a href=\"https:\/\/www.memo-media.de\/blog\/wp-content\/uploads\/2016\/07\/wuestenhagen_guildohorn_153.jpg\"><img aria-describedby=\"caption-attachment-4095\" decoding=\"async\" loading=\"lazy\" class=\"wp-image-4095\" src=\"https:\/\/www.memo-media.de\/blog\/wp-content\/uploads\/2016\/07\/wuestenhagen_guildohorn_153-1024x683.jpg\" alt=\"Guildo Horn: Mit der Bundesvereinigung Lebenshilfe suchte Guildo Horn deutschlandweit die besten Bands in denen Menschen mit geistiger Behinderung spielen oder singen. Guildo Horn steht am 18.12.2011 mit den Siegerbands Seeside, Bitte Laecheln und Spirit Steps im Kesselhaus, Berlin auf der Buehne. Foto: Monique Wuestenhagen\" width=\"390\" height=\"260\" srcset=\"https:\/\/www.memo-media.de\/blog\/wp-content\/uploads\/2016\/07\/wuestenhagen_guildohorn_153-1024x683.jpg 1024w, https:\/\/www.memo-media.de\/blog\/wp-content\/uploads\/2016\/07\/wuestenhagen_guildohorn_153-300x200.jpg 300w, https:\/\/www.memo-media.de\/blog\/wp-content\/uploads\/2016\/07\/wuestenhagen_guildohorn_153-768x512.jpg 768w, https:\/\/www.memo-media.de\/blog\/wp-content\/uploads\/2016\/07\/wuestenhagen_guildohorn_153-335x223.jpg 335w, https:\/\/www.memo-media.de\/blog\/wp-content\/uploads\/2016\/07\/wuestenhagen_guildohorn_153-1050x700.jpg 1050w\" sizes=\"(max-width: 390px) 100vw, 390px\" \/><\/a><p id=\"caption-attachment-4095\" class=\"wp-caption-text\">Guildo Horn | Foto: Monique Wuestenhagen<\/p><\/div>\n<h3>Der Schlager<\/h3>\n<p>Ist f\u00fcr mich die sch\u00f6nste Droge der Jetztzeit. Er erf\u00fcllt die Funktion der Verdr\u00e4ngung von Sorge und Stress \u00fcber die Intensivierung des Gegenwartserlebnisses und f\u00fchrt zur Flucht in nostalgische, regressive Zust\u00e4nde, die dem Traum bei halbwachem Zustand \u00e4hneln.<\/p>\n<h3>Das Schlagerland<\/h3>\n<p>Ist ein regenbogenfarbenes Paradies, wo Milch und Honig bl\u00fchen, Tr\u00e4nen nicht l\u00fcgen, es Wunder immer wieder gibt und sich alle Menschen liebhaben.<\/p>\n<h3>Wo liegt das Schlagerland?<\/h3>\n<p>Lokalisierung der Handlung ist im Schlagertext nicht immer gegeben. Der S\u00fcden ist jedoch die bevorzugte Himmelsrichtung.<\/p>\n<h3>Das Herz<\/h3>\n<p>Hier schl\u00e4gt der [memo_rubrik id=301]Schlager[\/memo_rubrik].<\/p>\n<h3>Die Schlagers\u00e4nger<\/h3>\n<p>Sind Schamanen des Frohsinns.<\/p>\n<h3>Die Konzertb\u00fchne<\/h3>\n<p>Ist der Zeremonienplatz f\u00fcr die gro\u00dfe Entspannung und die Befreiung von der Vernunft.<\/p>\n<h3>Das Mikrofon<\/h3>\n<p>Hier startet die Botschaft. Hier sing ich rein.<\/p>\n<h3>Guildo Horn<\/h3>\n<p>Der vielleicht letzte Romantiker Deutschlands.<\/p>\n<h3>Die Schlagercrew<\/h3>\n<p>Hinter jedem erfolgreichen [memo_rubrik id=301]Schlagers\u00e4nger[\/memo_rubrik] steckt eine tolle, liebevolle, kompetente, warmherzige, feierw\u00fctige Truppe.<\/p>\n<h3>Die asoziale Blaszentrale Dessau<\/h3>\n<p>Ist das blasende Sahneh\u00e4ubchen auf unserer opulenten orthop\u00e4dischen Torte.<\/p>\n<h3>Das \u201eSchlager unser\u201c<\/h3>\n<p>Die klingende Honrnsche Liederfibel, die ein jeder bis in den Tod und dar\u00fcber hinaus bei sich tragen sollte.<\/p>\n<h3>Das Naschwerk<\/h3>\n<p>Der Schlager ist eine extrem orale Musikrichtung, zu der sich hervorragend S\u00fc\u00dfspeisen verk\u00f6stigen lassen.<\/p>\n<h3>Die Orthop\u00e4dischen Str\u00fcmpfe<\/h3>\n<p>Stehen f\u00fcr Musikalit\u00e4t, Halt, Schutz, aber auch Elastizit\u00e4t in unseren desweilen allzu kalten Zeiten.<\/p>\n<h3>Der Ton<\/h3>\n<p>Macht die [memo_rubrik id=301]Schlagermusik[\/memo_rubrik].<\/p>\n<h3>Ein Strumpf<\/h3>\n<p>Kommt selten allein.<\/p>\n<h3>Das Hornprogramm<\/h3>\n<p>Ist stets f\u00fcr H\u00f6rer aller Fachbereiche.<\/p>\n<h3>Schlagerk\u00fcsse<\/h3>\n<p>Schmecken lecker!<\/p>\n<h3>Plateau<\/h3>\n<p>Worauf ich stehe.<\/p>\n<h3>Schlag<\/h3>\n<p>Ich hab einen in der Hose.<\/p>\n<h3>Wash and wear<\/h3>\n<p>Die Materialanmutung meiner B\u00fchnenkleidung<\/p>\n<h3>Schlagerwager<\/h3>\n<p>Auch wenn\u00b4s f\u00fcr dich etwas Neues ist, wage den ersten Schritt, auf dass er dich erleuchte, der Schlager.<\/p>\n<h3>Mein Lippenbekenntnis<\/h3>\n<p>Das ist kein Schlagerschei\u00df, das ist mein Leben.<\/p>\n<p>&nbsp;<\/p>\n<blockquote><p>Das Glossary ist auch in der aktuellen <a href=\"https:\/\/www.memo-media.de\/service\/showcases.php\" target=\"_blank\" rel=\"noopener noreferrer\">Ausgabe von showcases 3-2016<\/a> nachzulesen.<\/p><\/blockquote>\n","protected":false},"excerpt":{"rendered":"<p>Guildo Horn, der eigentlich wie der ehemalige Bundespr\u00e4sident Horst K\u00f6hler hei\u00dft, ist des Schlagers gr\u00f6\u00dfter Fan. Das zelebriert er gerne&#8230;<\/p>\n","protected":false},"author":2,"featured_media":4094,"comment_status":"closed","ping_status":"open","sticky":false,"template":"","format":"standard","meta":[],"categories":[5,9,4],"tags":[753,750,751,752,754,121],"yoast_head":"<!-- This site is optimized with the Yoast SEO Premium plugin v20.5 (Yoast SEO v20.5) - https:\/\/yoast.com\/wordpress\/plugins\/seo\/ -->\n<title>Schlager unser: Guildo Horn im Glossary von showcases<\/title>\n<meta name=\"description\" content=\"F\u00fcr das Glossary der neuen Ausgabe von showcases 3-2016 konnte memo-media Guildo Horn gewinnen. Dieses pr\u00e4sentieren wir auch im Blog f\u00fcr die Eventplanung...\" \/>\n<meta name=\"robots\" content=\"index, follow, max-snippet:-1, max-image-preview:large, max-video-preview:-1\" \/>\n<link rel=\"canonical\" href=\"https:\/\/www.memo-media.de\/blog\/guildo-horn-im-glossary-von-showcases\/\" \/>\n<meta property=\"og:locale\" content=\"de_DE\" \/>\n<meta property=\"og:type\" content=\"article\" \/>\n<meta property=\"og:title\" content=\"Schlager unser: Guildo Horn im Glossary von showcases\" \/>\n<meta property=\"og:description\" content=\"F\u00fcr das Glossary der neuen Ausgabe von showcases 3-2016 konnte memo-media Guildo Horn gewinnen. Dieses pr\u00e4sentieren wir auch im Blog f\u00fcr die Eventplanung...\" \/>\n<meta property=\"og:url\" content=\"https:\/\/www.memo-media.de\/blog\/guildo-horn-im-glossary-von-showcases\/\" \/>\n<meta property=\"og:site_name\" content=\"memo-media Blog f\u00fcr die Eventplanung\" \/>\n<meta property=\"article:author\" content=\"https:\/\/www.facebook.com\/memomedia\" \/>\n<meta property=\"article:published_time\" content=\"2016-07-01T08:37:11+00:00\" \/>\n<meta property=\"article:modified_time\" content=\"2019-09-06T07:41:54+00:00\" \/>\n<meta property=\"og:image\" content=\"https:\/\/www.memo-media.de\/blog\/wp-content\/uploads\/2016\/07\/guildo_70er_c-peter-fath.jpg\" \/>\n\t<meta property=\"og:image:width\" content=\"1050\" \/>\n\t<meta property=\"og:image:height\" content=\"804\" \/>\n\t<meta property=\"og:image:type\" content=\"image\/jpeg\" \/>\n<meta name=\"author\" content=\"Kerstin Meisner\" \/>\n<meta name=\"twitter:label1\" content=\"Verfasst von\" \/>\n\t<meta name=\"twitter:data1\" content=\"Kerstin Meisner\" \/>\n\t<meta name=\"twitter:label2\" content=\"Gesch\u00e4tzte Lesezeit\" \/>\n\t<meta name=\"twitter:data2\" content=\"2\u00a0Minuten\" \/>\n<script type=\"application\/ld+json\" class=\"yoast-schema-graph\">{\"@context\":\"https:\/\/schema.org\",\"@graph\":[{\"@type\":\"WebPage\",\"@id\":\"https:\/\/www.memo-media.de\/blog\/guildo-horn-im-glossary-von-showcases\/\",\"url\":\"https:\/\/www.memo-media.de\/blog\/guildo-horn-im-glossary-von-showcases\/\",\"name\":\"Schlager unser: Guildo Horn im Glossary von showcases\",\"isPartOf\":{\"@id\":\"https:\/\/www.memo-media.de\/blog\/#website\"},\"datePublished\":\"2016-07-01T08:37:11+00:00\",\"dateModified\":\"2019-09-06T07:41:54+00:00\",\"author\":{\"@id\":\"https:\/\/www.memo-media.de\/blog\/#\/schema\/person\/4a9ebc406469558526f2f3e5dd7a7ab0\"},\"description\":\"F\u00fcr das Glossary der neuen Ausgabe von showcases 3-2016 konnte memo-media Guildo Horn gewinnen. Dieses pr\u00e4sentieren wir auch im Blog f\u00fcr die Eventplanung...\",\"breadcrumb\":{\"@id\":\"https:\/\/www.memo-media.de\/blog\/guildo-horn-im-glossary-von-showcases\/#breadcrumb\"},\"inLanguage\":\"de\",\"potentialAction\":[{\"@type\":\"ReadAction\",\"target\":[\"https:\/\/www.memo-media.de\/blog\/guildo-horn-im-glossary-von-showcases\/\"]}]},{\"@type\":\"BreadcrumbList\",\"@id\":\"https:\/\/www.memo-media.de\/blog\/guildo-horn-im-glossary-von-showcases\/#breadcrumb\",\"itemListElement\":[{\"@type\":\"ListItem\",\"position\":1,\"name\":\"Home\",\"item\":\"https:\/\/www.memo-media.de\/blog\/\"},{\"@type\":\"ListItem\",\"position\":2,\"name\":\"Schlager unser: Guildo Horn im Glossary von showcases\"}]},{\"@type\":\"WebSite\",\"@id\":\"https:\/\/www.memo-media.de\/blog\/#website\",\"url\":\"https:\/\/www.memo-media.de\/blog\/\",\"name\":\"memo-media Blog f\u00fcr die Eventplanung\",\"description\":\"News und Facts aus der Eventbranche f\u00fcr die Eventbranche\",\"potentialAction\":[{\"@type\":\"SearchAction\",\"target\":{\"@type\":\"EntryPoint\",\"urlTemplate\":\"https:\/\/www.memo-media.de\/blog\/?s={search_term_string}\"},\"query-input\":\"required name=search_term_string\"}],\"inLanguage\":\"de\"},{\"@type\":\"Person\",\"@id\":\"https:\/\/www.memo-media.de\/blog\/#\/schema\/person\/4a9ebc406469558526f2f3e5dd7a7ab0\",\"name\":\"Kerstin Meisner\",\"image\":{\"@type\":\"ImageObject\",\"inLanguage\":\"de\",\"@id\":\"https:\/\/www.memo-media.de\/blog\/#\/schema\/person\/image\/\",\"url\":\"https:\/\/www.memo-media.de\/blog\/wp-content\/uploads\/2022\/10\/kerstin-meisner_2022_03-mittel-150x150.jpg\",\"contentUrl\":\"https:\/\/www.memo-media.de\/blog\/wp-content\/uploads\/2022\/10\/kerstin-meisner_2022_03-mittel-150x150.jpg\",\"caption\":\"Kerstin Meisner\"},\"description\":\"Kerstin Meisner hat memo-media im Dezember 2000 gegr\u00fcndet. Die Website www.memo-media.de ist im Juni 2001 online gegangen und das erste Handbuch memo-media erschien im Herbst 2001. Seit 2007 wird das Magazin showcases von ihr als Herausgeberin herausgebracht, 2016 folgten die Eventmoods. Kerstin Meisner ist auch Chefredakteurin des memo-media Blogs f\u00fcr die Eventplanung und des monatlichen Eventbranchenbriefs, dem memoLetter.\",\"sameAs\":[\"https:\/\/www.memo-media.de\",\"https:\/\/www.facebook.com\/memomedia\"],\"url\":\"https:\/\/www.memo-media.de\/blog\/author\/kerstin-meisner\/\"}]}<\/script>\n<!-- \/ Yoast SEO Premium plugin. -->","yoast_head_json":{"title":"Schlager unser: Guildo Horn im Glossary von showcases","description":"F\u00fcr das Glossary der neuen Ausgabe von showcases 3-2016 konnte memo-media Guildo Horn gewinnen. Dieses pr\u00e4sentieren wir auch im Blog f\u00fcr die Eventplanung...","robots":{"index":"index","follow":"follow","max-snippet":"max-snippet:-1","max-image-preview":"max-image-preview:large","max-video-preview":"max-video-preview:-1"},"canonical":"https:\/\/www.memo-media.de\/blog\/guildo-horn-im-glossary-von-showcases\/","og_locale":"de_DE","og_type":"article","og_title":"Schlager unser: Guildo Horn im Glossary von showcases","og_description":"F\u00fcr das Glossary der neuen Ausgabe von showcases 3-2016 konnte memo-media Guildo Horn gewinnen. Dieses pr\u00e4sentieren wir auch im Blog f\u00fcr die Eventplanung...","og_url":"https:\/\/www.memo-media.de\/blog\/guildo-horn-im-glossary-von-showcases\/","og_site_name":"memo-media Blog f\u00fcr die Eventplanung","article_author":"https:\/\/www.facebook.com\/memomedia","article_published_time":"2016-07-01T08:37:11+00:00","article_modified_time":"2019-09-06T07:41:54+00:00","og_image":[{"width":1050,"height":804,"url":"https:\/\/www.memo-media.de\/blog\/wp-content\/uploads\/2016\/07\/guildo_70er_c-peter-fath.jpg","type":"image\/jpeg"}],"author":"Kerstin Meisner","twitter_misc":{"Verfasst von":"Kerstin Meisner","Gesch\u00e4tzte Lesezeit":"2\u00a0Minuten"},"schema":{"@context":"https:\/\/schema.org","@graph":[{"@type":"WebPage","@id":"https:\/\/www.memo-media.de\/blog\/guildo-horn-im-glossary-von-showcases\/","url":"https:\/\/www.memo-media.de\/blog\/guildo-horn-im-glossary-von-showcases\/","name":"Schlager unser: Guildo Horn im Glossary von showcases","isPartOf":{"@id":"https:\/\/www.memo-media.de\/blog\/#website"},"datePublished":"2016-07-01T08:37:11+00:00","dateModified":"2019-09-06T07:41:54+00:00","author":{"@id":"https:\/\/www.memo-media.de\/blog\/#\/schema\/person\/4a9ebc406469558526f2f3e5dd7a7ab0"},"description":"F\u00fcr das Glossary der neuen Ausgabe von showcases 3-2016 konnte memo-media Guildo Horn gewinnen. Dieses pr\u00e4sentieren wir auch im Blog f\u00fcr die Eventplanung...","breadcrumb":{"@id":"https:\/\/www.memo-media.de\/blog\/guildo-horn-im-glossary-von-showcases\/#breadcrumb"},"inLanguage":"de","potentialAction":[{"@type":"ReadAction","target":["https:\/\/www.memo-media.de\/blog\/guildo-horn-im-glossary-von-showcases\/"]}]},{"@type":"BreadcrumbList","@id":"https:\/\/www.memo-media.de\/blog\/guildo-horn-im-glossary-von-showcases\/#breadcrumb","itemListElement":[{"@type":"ListItem","position":1,"name":"Home","item":"https:\/\/www.memo-media.de\/blog\/"},{"@type":"ListItem","position":2,"name":"Schlager unser: Guildo Horn im Glossary von showcases"}]},{"@type":"WebSite","@id":"https:\/\/www.memo-media.de\/blog\/#website","url":"https:\/\/www.memo-media.de\/blog\/","name":"memo-media Blog f\u00fcr die Eventplanung","description":"News und Facts aus der Eventbranche f\u00fcr die Eventbranche","potentialAction":[{"@type":"SearchAction","target":{"@type":"EntryPoint","urlTemplate":"https:\/\/www.memo-media.de\/blog\/?s={search_term_string}"},"query-input":"required name=search_term_string"}],"inLanguage":"de"},{"@type":"Person","@id":"https:\/\/www.memo-media.de\/blog\/#\/schema\/person\/4a9ebc406469558526f2f3e5dd7a7ab0","name":"Kerstin Meisner","image":{"@type":"ImageObject","inLanguage":"de","@id":"https:\/\/www.memo-media.de\/blog\/#\/schema\/person\/image\/","url":"https:\/\/www.memo-media.de\/blog\/wp-content\/uploads\/2022\/10\/kerstin-meisner_2022_03-mittel-150x150.jpg","contentUrl":"https:\/\/www.memo-media.de\/blog\/wp-content\/uploads\/2022\/10\/kerstin-meisner_2022_03-mittel-150x150.jpg","caption":"Kerstin Meisner"},"description":"Kerstin Meisner hat memo-media im Dezember 2000 gegr\u00fcndet. Die Website www.memo-media.de ist im Juni 2001 online gegangen und das erste Handbuch memo-media erschien im Herbst 2001. Seit 2007 wird das Magazin showcases von ihr als Herausgeberin herausgebracht, 2016 folgten die Eventmoods. Kerstin Meisner ist auch Chefredakteurin des memo-media Blogs f\u00fcr die Eventplanung und des monatlichen Eventbranchenbriefs, dem memoLetter.","sameAs":["https:\/\/www.memo-media.de","https:\/\/www.facebook.com\/memomedia"],"url":"https:\/\/www.memo-media.de\/blog\/author\/kerstin-meisner\/"}]}},"_links":{"self":[{"href":"https:\/\/www.memo-media.de\/blog\/wp-json\/wp\/v2\/posts\/4089"}],"collection":[{"href":"https:\/\/www.memo-media.de\/blog\/wp-json\/wp\/v2\/posts"}],"about":[{"href":"https:\/\/www.memo-media.de\/blog\/wp-json\/wp\/v2\/types\/post"}],"author":[{"embeddable":true,"href":"https:\/\/www.memo-media.de\/blog\/wp-json\/wp\/v2\/users\/2"}],"replies":[{"embeddable":true,"href":"https:\/\/www.memo-media.de\/blog\/wp-json\/wp\/v2\/comments?post=4089"}],"version-history":[{"count":9,"href":"https:\/\/www.memo-media.de\/blog\/wp-json\/wp\/v2\/posts\/4089\/revisions"}],"predecessor-version":[{"id":9896,"href":"https:\/\/www.memo-media.de\/blog\/wp-json\/wp\/v2\/posts\/4089\/revisions\/9896"}],"wp:featuredmedia":[{"embeddable":true,"href":"https:\/\/www.memo-media.de\/blog\/wp-json\/wp\/v2\/media\/4094"}],"wp:attachment":[{"href":"https:\/\/www.memo-media.de\/blog\/wp-json\/wp\/v2\/media?parent=4089"}],"wp:term":[{"taxonomy":"category","embeddable":true,"href":"https:\/\/www.memo-media.de\/blog\/wp-json\/wp\/v2\/categories?post=4089"},{"taxonomy":"post_tag","embeddable":true,"href":"https:\/\/www.memo-media.de\/blog\/wp-json\/wp\/v2\/tags?post=4089"}],"curies":[{"name":"wp","href":"https:\/\/api.w.org\/{rel}","templated":true}]}}