{"id":4015,"date":"2016-06-24T12:12:40","date_gmt":"2016-06-24T10:12:40","guid":{"rendered":"http:\/\/www.memo-media.de\/blog\/?p=4015"},"modified":"2021-08-26T12:22:32","modified_gmt":"2021-08-26T10:22:32","slug":"museum-fuer-kommunikation-als-historische-eventlocation","status":"publish","type":"post","link":"https:\/\/www.memo-media.de\/blog\/museum-fuer-kommunikation-als-historische-eventlocation\/","title":{"rendered":"Museum f\u00fcr Kommunikation als historische Eventlocation"},"content":{"rendered":"<p><b><\/b>Dass man zwischen Dosentelefonen, Postkutschen oder auch alten Radios eine Veranstaltung feiern kann, klingt au\u00dfergew\u00f6hnlich. Klingt nicht nur so, sondern ist es auch. Das Museum f\u00fcr Kommunikation in Berlin erweist sich als ein Ort, der Vergangenheit, Gegenwart und Zukunftsperspektiven der Informationsgesellschaft veranschaulicht. Es ist das <a href=\"http:\/\/www.mfk-berlin.de\/kategorie\/museum\/\" target=\"_blank\" rel=\"noopener\">\u00e4lteste Postmuseum der Welt<\/a> und wurde 1898 gegr\u00fcndet. Was sich zun\u00e4chst vielleicht etwas angestaubt anh\u00f6rt, ist in Wirklichkeit ein spannendes Erlebnis. Und dieses kann man auch in Verbindung mit einem Event erfahren, denn das Museum ist als <a href=\"http:\/\/www.mfk-berlin.de\/events\/\" target=\"_blank\" rel=\"noopener\">historische Eventlocation<\/a><!-- Wir hatten \u201eHistorische Eventlocation\u201c als Keyword-Kombi festgelegt, um das Google-Ranking unter diesem Begriff positiv zu beeinflussen. Ist es okay, wenn wir es aus diesem Grund so belassen? (siehe auch Headline) --> f\u00fcr Veranstaltungen buchbar. Andreas Scherffig, Marketing- und Event-Manager des Museums, hat mich auf eine Reise durch die Welt der Kommunikation entf\u00fchrt und mir erkl\u00e4rt, wie Unternehmen in diesem Ambiente ihre Events realisieren k\u00f6nnen.<\/p>\n<h3>Der Lichthof f\u00fcr Firmenevents, Tagungen und Konzerte<\/h3>\n<div id=\"attachment_4019\" style=\"width: 310px\" class=\"wp-caption alignleft\"><a href=\"https:\/\/www.memo-media.de\/blog\/wp-content\/uploads\/2016\/06\/06_langenacht2015_mspt_fotosandrawildemann.jpg\"><img aria-describedby=\"caption-attachment-4019\" decoding=\"async\" loading=\"lazy\" class=\"wp-image-4019 size-medium\" src=\"https:\/\/www.memo-media.de\/blog\/wp-content\/uploads\/2016\/06\/06_langenacht2015_mspt_fotosandrawildemann-300x200.jpg\" alt=\"Historische Eventlocation Museum f\u00fcr Kommunikation Berlin \u00a9MSPT, Foto: Sandra Wildemann\" width=\"300\" height=\"200\" srcset=\"https:\/\/www.memo-media.de\/blog\/wp-content\/uploads\/2016\/06\/06_langenacht2015_mspt_fotosandrawildemann-300x200.jpg 300w, https:\/\/www.memo-media.de\/blog\/wp-content\/uploads\/2016\/06\/06_langenacht2015_mspt_fotosandrawildemann-768x512.jpg 768w, https:\/\/www.memo-media.de\/blog\/wp-content\/uploads\/2016\/06\/06_langenacht2015_mspt_fotosandrawildemann-1024x683.jpg 1024w, https:\/\/www.memo-media.de\/blog\/wp-content\/uploads\/2016\/06\/06_langenacht2015_mspt_fotosandrawildemann-335x223.jpg 335w, https:\/\/www.memo-media.de\/blog\/wp-content\/uploads\/2016\/06\/06_langenacht2015_mspt_fotosandrawildemann-1050x700.jpg 1050w, https:\/\/www.memo-media.de\/blog\/wp-content\/uploads\/2016\/06\/06_langenacht2015_mspt_fotosandrawildemann.jpg 1300w\" sizes=\"(max-width: 300px) 100vw, 300px\" \/><\/a><p id=\"caption-attachment-4019\" class=\"wp-caption-text\">Blick auf die Postkutsche im ersten Obergeschoss im Museum f\u00fcr Kommunikation Berlin \u00a9MSPT, Foto: Sandra Wildemann<\/p><\/div>\n<p>Als ich das Museum betrete, f\u00fchrt mein erster Weg direkt mitten in den Lichthof, dem architektonischen Schl\u00fcsselraum des Museums. Ich wei\u00df gar nicht, wo ich zuerst hinschauen soll. Ein erster Blickfang sind drei Roboter, die mich begr\u00fc\u00dfen \u2013 hier f\u00e4ngt das Kommunikationserlebnis also schon an. Ich durchschreite den Hof, drehe mich um und entdecke im ersten Obergeschoss eine alte Postkutsche, die von der Decke h\u00e4ngt. Dann schweift mein Blick weiter nach oben. Ich sch\u00e4tze, das ist eine der ersten Reaktionen, wenn man im Lichthof des Museums f\u00fcr Kommunikation steht, denn die Architektur ist wirklich bestaunenswert. Der \u201eRundum-Blick\u201c auf die verschiedenen Galerien und Geschosse in Verbindung mit der gl\u00e4sernen Kuppel kurbeln sofort meine Vorstellungskraft an: Wer hier einen Firmenevent feiert, hat wirklich tolle Gestaltungs- und Dekorationsm\u00f6glichkeiten. Als historische Eventlocation ist das Ambiente schonmal ein Volltreffer.<\/p>\n<div id=\"attachment_4020\" style=\"width: 210px\" class=\"wp-caption alignright\"><a href=\"https:\/\/www.memo-media.de\/blog\/wp-content\/uploads\/2016\/06\/14_lichthof-mit-banketttischen-getty-images-fuer-adc-night-of-honour.jpg\"><img aria-describedby=\"caption-attachment-4020\" decoding=\"async\" loading=\"lazy\" class=\"wp-image-4020 size-medium\" src=\"https:\/\/www.memo-media.de\/blog\/wp-content\/uploads\/2016\/06\/14_lichthof-mit-banketttischen-getty-images-fuer-adc-night-of-honour-200x300.jpg\" alt=\"Historische Eventlocation: Lichthof mit Banketttischen, 2015 \u00a9Getty Images f\u00fcr ADC Night of Honour\" width=\"200\" height=\"300\" srcset=\"https:\/\/www.memo-media.de\/blog\/wp-content\/uploads\/2016\/06\/14_lichthof-mit-banketttischen-getty-images-fuer-adc-night-of-honour-200x300.jpg 200w, https:\/\/www.memo-media.de\/blog\/wp-content\/uploads\/2016\/06\/14_lichthof-mit-banketttischen-getty-images-fuer-adc-night-of-honour-768x1150.jpg 768w, https:\/\/www.memo-media.de\/blog\/wp-content\/uploads\/2016\/06\/14_lichthof-mit-banketttischen-getty-images-fuer-adc-night-of-honour-684x1024.jpg 684w, https:\/\/www.memo-media.de\/blog\/wp-content\/uploads\/2016\/06\/14_lichthof-mit-banketttischen-getty-images-fuer-adc-night-of-honour-335x502.jpg 335w, https:\/\/www.memo-media.de\/blog\/wp-content\/uploads\/2016\/06\/14_lichthof-mit-banketttischen-getty-images-fuer-adc-night-of-honour.jpg 868w\" sizes=\"(max-width: 200px) 100vw, 200px\" \/><\/a><p id=\"caption-attachment-4020\" class=\"wp-caption-text\">Der Lichthof mit Banketttischen, 2015 \u00a9Getty Images f\u00fcr ADC Night of Honour<\/p><\/div>\n<p>\u201eDer Lichthof ist f\u00fcr Firmenevents der gefragteste Raum unseres Museums. Auf 380 Quadratmetern k\u00f6nnen hier bis zu 350 Personen bei einem gesetzten Essen Platz nehmen; bei einer Reihenbestuhlung 400 und bei einem Stehempfang sogar bis zu 800 Personen\u201c, kl\u00e4rt mich der Eventmanager auf und holt mich damit aus meiner Tr\u00e4umerei zur\u00fcck. Durch Lichteffekte erstrahlen die W\u00e4nde des Hofes blau und verleihen dadurch dem eh schon charismatischen Geb\u00e4ude eine exklusive Atmosph\u00e4re. Apropos exklusiv: Das Museum f\u00fcr Kommunikation arbeitet f\u00fcr Events mit dem Traditionshaus Dallmayr zusammen und bindet auf Wunsch auch Corporate Elemente eines Unternehmens in die Raumgestaltung mit ein: \u201eEs ist beispielsweise m\u00f6glich, Videoproduktionen auf die Fassade oder das Firmenlogo auf die Kuppel zu projizieren\u201c, erz\u00e4hlt Scherffig. Auch f\u00fcr die Veranstaltungstechnik ist das Museum f\u00fcr Kommunikation der richtige Ansprechpartner, denn gerade im Lichthof ist der Einsatz einer professionellen Beschallungsanlage notwendig: \u201eAufgrund der baulichen Besonderheiten herrscht im Lichthof eine sehr hohe Nachhallzeit von bis zu sechs Sekunden. Daher ist eine gute, technische Ausstattung eine Voraussetzung f\u00fcr einen Firmenevent. Daf\u00fcr k\u00f6nnen wir auf erfahrene Kooperationspartner zur\u00fcckgreifen.\u201c<\/p>\n<h3>Weitere R\u00e4umlichkeiten f\u00fcr kleinere Veranstaltungen<\/h3>\n<div id=\"attachment_4021\" style=\"width: 310px\" class=\"wp-caption alignleft\"><a href=\"https:\/\/www.memo-media.de\/blog\/wp-content\/uploads\/2016\/06\/16_aktionsraum105_mspt-foto-sandra-wildemann.jpg\"><img aria-describedby=\"caption-attachment-4021\" decoding=\"async\" loading=\"lazy\" class=\"wp-image-4021 size-medium\" src=\"https:\/\/www.memo-media.de\/blog\/wp-content\/uploads\/2016\/06\/16_aktionsraum105_mspt-foto-sandra-wildemann-300x210.jpg\" alt=\"Historische Eventlocation: der Aktionsraum, \u00a9MSPT, Foto: Sandra Wildemann\" width=\"300\" height=\"210\" srcset=\"https:\/\/www.memo-media.de\/blog\/wp-content\/uploads\/2016\/06\/16_aktionsraum105_mspt-foto-sandra-wildemann-300x210.jpg 300w, https:\/\/www.memo-media.de\/blog\/wp-content\/uploads\/2016\/06\/16_aktionsraum105_mspt-foto-sandra-wildemann-768x538.jpg 768w, https:\/\/www.memo-media.de\/blog\/wp-content\/uploads\/2016\/06\/16_aktionsraum105_mspt-foto-sandra-wildemann-1024x717.jpg 1024w, https:\/\/www.memo-media.de\/blog\/wp-content\/uploads\/2016\/06\/16_aktionsraum105_mspt-foto-sandra-wildemann-335x235.jpg 335w, https:\/\/www.memo-media.de\/blog\/wp-content\/uploads\/2016\/06\/16_aktionsraum105_mspt-foto-sandra-wildemann-1050x735.jpg 1050w, https:\/\/www.memo-media.de\/blog\/wp-content\/uploads\/2016\/06\/16_aktionsraum105_mspt-foto-sandra-wildemann.jpg 1300w\" sizes=\"(max-width: 300px) 100vw, 300px\" \/><\/a><p id=\"caption-attachment-4021\" class=\"wp-caption-text\">Der Aktionsraum der historischen Eventlocation, \u00a9MSPT, Foto: Sandra Wildemann<\/p><\/div>\n<p>Neben dem Lichthof bietet die historische Eventlocation auch f\u00fcr <a href=\"https:\/\/www.memo-media.de\/blog\/stage-entertainment-theater-mieten-fuer-jede-veranstaltung\/\">kleinere Veranstaltungen passende R\u00e4umlichkeiten<\/a>. Ebenfalls im Erdgeschoss befindet sich der Aktionsraum, der auf 105 Quadratmetern f\u00fcr Pressekonferenzen, Seminare oder auch Workshops Platz bietet. Emotionaler gestaltet sich das Museumscaf\u00e9 mit 200 Quadratmetern, das hier liebevoll \u201eGenussraum\u201c genannt wird. Das kann ich nachvollziehen, denn das kunstvoll gestaltete Ambiente weckt direkt eine Wohlf\u00fchl-Atmosph\u00e4re, die sich f\u00fcr Veranstaltungen mit bis zu 80 G\u00e4sten anbietet. Dann schaue ich mir noch den Museumshof an. Der Museumshof ist mit 260 Quadratmetern eine tolle Location f\u00fcr Festveranstaltungen im Freien. Da er jedoch nicht \u00fcberdacht ist, bietet er sich haupts\u00e4chlich f\u00fcr Events im Sommer an. W\u00e4hrend meines Rundgangs zu den R\u00e4umlichkeiten bleibt mein Blick immer wieder an den Galerien mit den Ausstellungen h\u00e4ngen. Das Museum pr\u00e4sentiert Dauer- und auch Sonderausstellungen \u2013 alle im Zeichen der Kommunikation. Besonders interessant finde ich es zu sehen, wie die Medien unsere Wahrnehmung von Raum und Zeit ver\u00e4ndern. Da liegt eine Frage doch nahe: Ist das Museum nur als historische <a href=\"http:\/\/www.mfk-berlin.de\/events\/\">Eventlocation f\u00fcr Firmenevents<\/a> buchbar oder k\u00f6nnen Unternehmen auch die Ausstellungen in ihre Veranstaltung einbeziehen?<\/p>\n<h3>Historische Eventlocation in Verbindung mit Erlebnis-Programm<\/h3>\n<div id=\"attachment_4022\" style=\"width: 310px\" class=\"wp-caption alignright\"><a href=\"https:\/\/www.memo-media.de\/blog\/wp-content\/uploads\/2016\/06\/13_langenacht2015_mspt_fotosandrawildemann.jpg\"><img aria-describedby=\"caption-attachment-4022\" decoding=\"async\" loading=\"lazy\" class=\"wp-image-4022 size-medium\" src=\"https:\/\/www.memo-media.de\/blog\/wp-content\/uploads\/2016\/06\/13_langenacht2015_mspt_fotosandrawildemann-300x200.jpg\" alt=\"Lange Nacht der Museen im Historische Eventlocation: Museum f\u00fcr Kommunikation Berlin. \u00a9MSPT, Foto: Sandra Wildemann\" width=\"300\" height=\"200\" srcset=\"https:\/\/www.memo-media.de\/blog\/wp-content\/uploads\/2016\/06\/13_langenacht2015_mspt_fotosandrawildemann-300x200.jpg 300w, https:\/\/www.memo-media.de\/blog\/wp-content\/uploads\/2016\/06\/13_langenacht2015_mspt_fotosandrawildemann-768x512.jpg 768w, https:\/\/www.memo-media.de\/blog\/wp-content\/uploads\/2016\/06\/13_langenacht2015_mspt_fotosandrawildemann-1024x683.jpg 1024w, https:\/\/www.memo-media.de\/blog\/wp-content\/uploads\/2016\/06\/13_langenacht2015_mspt_fotosandrawildemann-335x223.jpg 335w, https:\/\/www.memo-media.de\/blog\/wp-content\/uploads\/2016\/06\/13_langenacht2015_mspt_fotosandrawildemann-1050x700.jpg 1050w, https:\/\/www.memo-media.de\/blog\/wp-content\/uploads\/2016\/06\/13_langenacht2015_mspt_fotosandrawildemann.jpg 1300w\" sizes=\"(max-width: 300px) 100vw, 300px\" \/><\/a><p id=\"caption-attachment-4022\" class=\"wp-caption-text\">Lange Nacht der Museen im Museum f\u00fcr Kommunikation Berlin. \u00a9MSPT, Foto: Sandra Wildemann<\/p><\/div>\n<p>Tats\u00e4chlich kommen Unternehmen nicht nur in den Genuss einer tollen Kulisse, wenn sie im Museum f\u00fcr Kommunikation eine Veranstaltung realisieren \u2013 auf Wunsch k\u00f6nnen auch F\u00fchrungen oder ein Quiz als Programmpunkt organisiert werden. \u201eEs kam sogar schon vor, dass wir f\u00fcr Unternehmen eine F\u00fchrung au\u00dferhalb des Museums am Potsdamer Platz gestartet und im Museum fortgesetzt haben. Wir sind wirklich ganz offen, was Ideen f\u00fcr Events angeht. Das Einzige, was in jedem Fall beachtet werden muss, sind die \u00d6ffnungszeiten\u201c, erz\u00e4hlt mir der Eventmanager. Nat\u00fcrlich ist das Museum ein gut besuchter Ort in Berlin. Daher sind insbesondere im Lichthof Veranstaltungen nur au\u00dferhalb der \u00d6ffnungszeiten m\u00f6glich. Das ist unter der Woche von Mittwoch bis Freitag ab 17.00 Uhr und am Wochenende ab 18.00 Uhr. Montags sind die R\u00e4umlichkeiten sogar ganzt\u00e4gig buchbar, da das Museum dann einen Ruhetag f\u00fcr den \u00f6ffentlichen Besucherverkehr hat. Der einzige Tag, an dem das Museum f\u00fcr Veranstaltungen nicht vermietet wird, ist der Dienstag.<\/p>\n<div id=\"attachment_4023\" style=\"width: 310px\" class=\"wp-caption alignleft\"><a href=\"https:\/\/www.memo-media.de\/blog\/wp-content\/uploads\/2016\/06\/08_mauritius_eroeffnung_mspt_foto_dulcineia-gomes.jpg\"><img aria-describedby=\"caption-attachment-4023\" decoding=\"async\" loading=\"lazy\" class=\"wp-image-4023 size-medium\" src=\"https:\/\/www.memo-media.de\/blog\/wp-content\/uploads\/2016\/06\/08_mauritius_eroeffnung_mspt_foto_dulcineia-gomes-300x168.jpg\" alt=\"Historische Eventlocation: Die Blaue Mauritius - Das Treffen der K\u00f6niginnen in Berlin Projektleitung und Konzept: Veit Didczuneit und Andreas Hahn Museum f\u00fcr Kommunikation Berlin Ausstellungser\u00f6ffnung 01.09.2011\" width=\"300\" height=\"168\" srcset=\"https:\/\/www.memo-media.de\/blog\/wp-content\/uploads\/2016\/06\/08_mauritius_eroeffnung_mspt_foto_dulcineia-gomes-300x168.jpg 300w, https:\/\/www.memo-media.de\/blog\/wp-content\/uploads\/2016\/06\/08_mauritius_eroeffnung_mspt_foto_dulcineia-gomes-768x431.jpg 768w, https:\/\/www.memo-media.de\/blog\/wp-content\/uploads\/2016\/06\/08_mauritius_eroeffnung_mspt_foto_dulcineia-gomes-1024x575.jpg 1024w, https:\/\/www.memo-media.de\/blog\/wp-content\/uploads\/2016\/06\/08_mauritius_eroeffnung_mspt_foto_dulcineia-gomes-335x188.jpg 335w, https:\/\/www.memo-media.de\/blog\/wp-content\/uploads\/2016\/06\/08_mauritius_eroeffnung_mspt_foto_dulcineia-gomes-1050x590.jpg 1050w, https:\/\/www.memo-media.de\/blog\/wp-content\/uploads\/2016\/06\/08_mauritius_eroeffnung_mspt_foto_dulcineia-gomes.jpg 1300w\" sizes=\"(max-width: 300px) 100vw, 300px\" \/><\/a><p id=\"caption-attachment-4023\" class=\"wp-caption-text\">Die Mauritius Er\u00f6ffnung im Museum f\u00fcr Kommunikation als historische Eventlocation \u00a9MSPT, Foto: Dulcineia Gomes<\/p><\/div>\n<p>Bevor meine Reise durch die Welt der Kommunikation endet, zeigt mir Andreas Scherffig noch den Schatz des Museums \u2013 im wahrsten Sinne des Wortes. Die Schatzkammer des Museums ist ein echtes Highlight, das mich mit einer tollen Inszenierung in die Vergangenheit entf\u00fchrt. Nicht nur die illuminierenden S\u00e4ulen sorgen hier f\u00fcr eine geheimnisvolle Atmosph\u00e4re, sondern vor allem auch die Ausstellungsst\u00fccke. Dazu z\u00e4hlen der mit den Kosmonauten ins All gereiste \u201eKosmosstempel\u201c oder die ber\u00fchmteste Briefmarke der Welt: die\u00a0Blaue Mauritius. Mit diesen packenden Eindr\u00fccken beende ich meinen Tag im Museum f\u00fcr Kommunikation und kann nur festhalten: Das Museum hat sich zurecht als historische Eventlocation einen echten Namen gemacht!<\/p>\n","protected":false},"excerpt":{"rendered":"<p>Dass man zwischen Dosentelefonen, Postkutschen oder auch alten Radios eine Veranstaltung feiern kann, klingt au\u00dfergew\u00f6hnlich. Klingt nicht nur so, sondern&#8230;<\/p>\n","protected":false},"author":21,"featured_media":4025,"comment_status":"closed","ping_status":"open","sticky":false,"template":"","format":"standard","meta":[],"categories":[11,4],"tags":[106,98,675,728,79,726,727,348],"yoast_head":"<!-- This site is optimized with the Yoast SEO Premium plugin v20.5 (Yoast SEO v20.5) - https:\/\/yoast.com\/wordpress\/plugins\/seo\/ -->\n<title>Museum f\u00fcr Kommunikation als historische Eventlocation<\/title>\n<meta name=\"description\" content=\"Das Museum f\u00fcr Kommunikation in Berlin hat sich als historische Eventlocation einen echten Namen gemacht. Alle Infos dazu gibts im Blog f\u00fcr die Eventplanung\" \/>\n<meta name=\"robots\" content=\"index, follow, max-snippet:-1, max-image-preview:large, max-video-preview:-1\" \/>\n<link rel=\"canonical\" href=\"https:\/\/www.memo-media.de\/blog\/museum-fuer-kommunikation-als-historische-eventlocation\/\" \/>\n<meta property=\"og:locale\" content=\"de_DE\" \/>\n<meta property=\"og:type\" content=\"article\" \/>\n<meta property=\"og:title\" content=\"Museum f\u00fcr Kommunikation als historische Eventlocation\" \/>\n<meta property=\"og:description\" content=\"Das Museum f\u00fcr Kommunikation in Berlin hat sich als historische Eventlocation einen echten Namen gemacht. Alle Infos dazu gibts im Blog f\u00fcr die Eventplanung\" \/>\n<meta property=\"og:url\" content=\"https:\/\/www.memo-media.de\/blog\/museum-fuer-kommunikation-als-historische-eventlocation\/\" \/>\n<meta property=\"og:site_name\" content=\"memo-media Blog f\u00fcr die Eventplanung\" \/>\n<meta property=\"article:published_time\" content=\"2016-06-24T10:12:40+00:00\" \/>\n<meta property=\"article:modified_time\" content=\"2021-08-26T10:22:32+00:00\" \/>\n<meta property=\"og:image\" content=\"https:\/\/www.memo-media.de\/blog\/wp-content\/uploads\/2016\/06\/03_aussenfassade-bei-nacht-2004-mspt-foto-hagen-wiemann.jpg\" \/>\n\t<meta property=\"og:image:width\" content=\"1050\" \/>\n\t<meta property=\"og:image:height\" content=\"804\" \/>\n\t<meta property=\"og:image:type\" content=\"image\/jpeg\" \/>\n<meta name=\"author\" content=\"Tabea Lettau\" \/>\n<meta name=\"twitter:label1\" content=\"Verfasst von\" \/>\n\t<meta name=\"twitter:data1\" content=\"Tabea Lettau\" \/>\n\t<meta name=\"twitter:label2\" content=\"Gesch\u00e4tzte Lesezeit\" \/>\n\t<meta name=\"twitter:data2\" content=\"5\u00a0Minuten\" \/>\n<script type=\"application\/ld+json\" class=\"yoast-schema-graph\">{\"@context\":\"https:\/\/schema.org\",\"@graph\":[{\"@type\":\"WebPage\",\"@id\":\"https:\/\/www.memo-media.de\/blog\/museum-fuer-kommunikation-als-historische-eventlocation\/\",\"url\":\"https:\/\/www.memo-media.de\/blog\/museum-fuer-kommunikation-als-historische-eventlocation\/\",\"name\":\"Museum f\u00fcr Kommunikation als historische Eventlocation\",\"isPartOf\":{\"@id\":\"https:\/\/www.memo-media.de\/blog\/#website\"},\"datePublished\":\"2016-06-24T10:12:40+00:00\",\"dateModified\":\"2021-08-26T10:22:32+00:00\",\"author\":{\"@id\":\"https:\/\/www.memo-media.de\/blog\/#\/schema\/person\/b2be3eb5c595160c885d721d60aba2b3\"},\"description\":\"Das Museum f\u00fcr Kommunikation in Berlin hat sich als historische Eventlocation einen echten Namen gemacht. Alle Infos dazu gibts im Blog f\u00fcr die Eventplanung\",\"breadcrumb\":{\"@id\":\"https:\/\/www.memo-media.de\/blog\/museum-fuer-kommunikation-als-historische-eventlocation\/#breadcrumb\"},\"inLanguage\":\"de\",\"potentialAction\":[{\"@type\":\"ReadAction\",\"target\":[\"https:\/\/www.memo-media.de\/blog\/museum-fuer-kommunikation-als-historische-eventlocation\/\"]}]},{\"@type\":\"BreadcrumbList\",\"@id\":\"https:\/\/www.memo-media.de\/blog\/museum-fuer-kommunikation-als-historische-eventlocation\/#breadcrumb\",\"itemListElement\":[{\"@type\":\"ListItem\",\"position\":1,\"name\":\"Home\",\"item\":\"https:\/\/www.memo-media.de\/blog\/\"},{\"@type\":\"ListItem\",\"position\":2,\"name\":\"Museum f\u00fcr Kommunikation als historische Eventlocation\"}]},{\"@type\":\"WebSite\",\"@id\":\"https:\/\/www.memo-media.de\/blog\/#website\",\"url\":\"https:\/\/www.memo-media.de\/blog\/\",\"name\":\"memo-media Blog f\u00fcr die Eventplanung\",\"description\":\"News und Facts aus der Eventbranche f\u00fcr die Eventbranche\",\"potentialAction\":[{\"@type\":\"SearchAction\",\"target\":{\"@type\":\"EntryPoint\",\"urlTemplate\":\"https:\/\/www.memo-media.de\/blog\/?s={search_term_string}\"},\"query-input\":\"required name=search_term_string\"}],\"inLanguage\":\"de\"},{\"@type\":\"Person\",\"@id\":\"https:\/\/www.memo-media.de\/blog\/#\/schema\/person\/b2be3eb5c595160c885d721d60aba2b3\",\"name\":\"Tabea Lettau\",\"image\":{\"@type\":\"ImageObject\",\"inLanguage\":\"de\",\"@id\":\"https:\/\/www.memo-media.de\/blog\/#\/schema\/person\/image\/\",\"url\":\"https:\/\/www.memo-media.de\/blog\/wp-content\/uploads\/2024\/02\/tabea_lettau_redakteurin_memo-media-150x150.jpg\",\"contentUrl\":\"https:\/\/www.memo-media.de\/blog\/wp-content\/uploads\/2024\/02\/tabea_lettau_redakteurin_memo-media-150x150.jpg\",\"caption\":\"Tabea Lettau\"},\"description\":\"Tabea Lettau hat an der Universit\u00e4t Siegen Kommunikations- und Wirtschaftswissenschaften studiert. Bereits w\u00e4hrend ihres Studiums machte sie sich als Redakteurin und Content-Managerin selbstst\u00e4ndig. Seit 2015 ist sie als Freiberuflerin Teil des memo-media-Teams und schreibt u. a. f\u00fcr den Blog, das Magazin showcases und den monatlichen memoLetter. Die inspirierenden Geschichten und Visionen der Menschen in der Eventbranche zu erfahren, erf\u00fcllt sie daran ganz besonders. Neben ihrer freiberuflichen T\u00e4tigkeit realisiert sie auch eigene Online-Projekte und hat zwei B\u00fccher geschrieben.\",\"url\":\"https:\/\/www.memo-media.de\/blog\/author\/tabea-lettau\/\"}]}<\/script>\n<!-- \/ Yoast SEO Premium plugin. -->","yoast_head_json":{"title":"Museum f\u00fcr Kommunikation als historische Eventlocation","description":"Das Museum f\u00fcr Kommunikation in Berlin hat sich als historische Eventlocation einen echten Namen gemacht. Alle Infos dazu gibts im Blog f\u00fcr die Eventplanung","robots":{"index":"index","follow":"follow","max-snippet":"max-snippet:-1","max-image-preview":"max-image-preview:large","max-video-preview":"max-video-preview:-1"},"canonical":"https:\/\/www.memo-media.de\/blog\/museum-fuer-kommunikation-als-historische-eventlocation\/","og_locale":"de_DE","og_type":"article","og_title":"Museum f\u00fcr Kommunikation als historische Eventlocation","og_description":"Das Museum f\u00fcr Kommunikation in Berlin hat sich als historische Eventlocation einen echten Namen gemacht. Alle Infos dazu gibts im Blog f\u00fcr die Eventplanung","og_url":"https:\/\/www.memo-media.de\/blog\/museum-fuer-kommunikation-als-historische-eventlocation\/","og_site_name":"memo-media Blog f\u00fcr die Eventplanung","article_published_time":"2016-06-24T10:12:40+00:00","article_modified_time":"2021-08-26T10:22:32+00:00","og_image":[{"width":1050,"height":804,"url":"https:\/\/www.memo-media.de\/blog\/wp-content\/uploads\/2016\/06\/03_aussenfassade-bei-nacht-2004-mspt-foto-hagen-wiemann.jpg","type":"image\/jpeg"}],"author":"Tabea Lettau","twitter_misc":{"Verfasst von":"Tabea Lettau","Gesch\u00e4tzte Lesezeit":"5\u00a0Minuten"},"schema":{"@context":"https:\/\/schema.org","@graph":[{"@type":"WebPage","@id":"https:\/\/www.memo-media.de\/blog\/museum-fuer-kommunikation-als-historische-eventlocation\/","url":"https:\/\/www.memo-media.de\/blog\/museum-fuer-kommunikation-als-historische-eventlocation\/","name":"Museum f\u00fcr Kommunikation als historische Eventlocation","isPartOf":{"@id":"https:\/\/www.memo-media.de\/blog\/#website"},"datePublished":"2016-06-24T10:12:40+00:00","dateModified":"2021-08-26T10:22:32+00:00","author":{"@id":"https:\/\/www.memo-media.de\/blog\/#\/schema\/person\/b2be3eb5c595160c885d721d60aba2b3"},"description":"Das Museum f\u00fcr Kommunikation in Berlin hat sich als historische Eventlocation einen echten Namen gemacht. Alle Infos dazu gibts im Blog f\u00fcr die Eventplanung","breadcrumb":{"@id":"https:\/\/www.memo-media.de\/blog\/museum-fuer-kommunikation-als-historische-eventlocation\/#breadcrumb"},"inLanguage":"de","potentialAction":[{"@type":"ReadAction","target":["https:\/\/www.memo-media.de\/blog\/museum-fuer-kommunikation-als-historische-eventlocation\/"]}]},{"@type":"BreadcrumbList","@id":"https:\/\/www.memo-media.de\/blog\/museum-fuer-kommunikation-als-historische-eventlocation\/#breadcrumb","itemListElement":[{"@type":"ListItem","position":1,"name":"Home","item":"https:\/\/www.memo-media.de\/blog\/"},{"@type":"ListItem","position":2,"name":"Museum f\u00fcr Kommunikation als historische Eventlocation"}]},{"@type":"WebSite","@id":"https:\/\/www.memo-media.de\/blog\/#website","url":"https:\/\/www.memo-media.de\/blog\/","name":"memo-media Blog f\u00fcr die Eventplanung","description":"News und Facts aus der Eventbranche f\u00fcr die Eventbranche","potentialAction":[{"@type":"SearchAction","target":{"@type":"EntryPoint","urlTemplate":"https:\/\/www.memo-media.de\/blog\/?s={search_term_string}"},"query-input":"required name=search_term_string"}],"inLanguage":"de"},{"@type":"Person","@id":"https:\/\/www.memo-media.de\/blog\/#\/schema\/person\/b2be3eb5c595160c885d721d60aba2b3","name":"Tabea Lettau","image":{"@type":"ImageObject","inLanguage":"de","@id":"https:\/\/www.memo-media.de\/blog\/#\/schema\/person\/image\/","url":"https:\/\/www.memo-media.de\/blog\/wp-content\/uploads\/2024\/02\/tabea_lettau_redakteurin_memo-media-150x150.jpg","contentUrl":"https:\/\/www.memo-media.de\/blog\/wp-content\/uploads\/2024\/02\/tabea_lettau_redakteurin_memo-media-150x150.jpg","caption":"Tabea Lettau"},"description":"Tabea Lettau hat an der Universit\u00e4t Siegen Kommunikations- und Wirtschaftswissenschaften studiert. Bereits w\u00e4hrend ihres Studiums machte sie sich als Redakteurin und Content-Managerin selbstst\u00e4ndig. Seit 2015 ist sie als Freiberuflerin Teil des memo-media-Teams und schreibt u. a. f\u00fcr den Blog, das Magazin showcases und den monatlichen memoLetter. Die inspirierenden Geschichten und Visionen der Menschen in der Eventbranche zu erfahren, erf\u00fcllt sie daran ganz besonders. Neben ihrer freiberuflichen T\u00e4tigkeit realisiert sie auch eigene Online-Projekte und hat zwei B\u00fccher geschrieben.","url":"https:\/\/www.memo-media.de\/blog\/author\/tabea-lettau\/"}]}},"_links":{"self":[{"href":"https:\/\/www.memo-media.de\/blog\/wp-json\/wp\/v2\/posts\/4015"}],"collection":[{"href":"https:\/\/www.memo-media.de\/blog\/wp-json\/wp\/v2\/posts"}],"about":[{"href":"https:\/\/www.memo-media.de\/blog\/wp-json\/wp\/v2\/types\/post"}],"author":[{"embeddable":true,"href":"https:\/\/www.memo-media.de\/blog\/wp-json\/wp\/v2\/users\/21"}],"replies":[{"embeddable":true,"href":"https:\/\/www.memo-media.de\/blog\/wp-json\/wp\/v2\/comments?post=4015"}],"version-history":[{"count":14,"href":"https:\/\/www.memo-media.de\/blog\/wp-json\/wp\/v2\/posts\/4015\/revisions"}],"predecessor-version":[{"id":13971,"href":"https:\/\/www.memo-media.de\/blog\/wp-json\/wp\/v2\/posts\/4015\/revisions\/13971"}],"wp:featuredmedia":[{"embeddable":true,"href":"https:\/\/www.memo-media.de\/blog\/wp-json\/wp\/v2\/media\/4025"}],"wp:attachment":[{"href":"https:\/\/www.memo-media.de\/blog\/wp-json\/wp\/v2\/media?parent=4015"}],"wp:term":[{"taxonomy":"category","embeddable":true,"href":"https:\/\/www.memo-media.de\/blog\/wp-json\/wp\/v2\/categories?post=4015"},{"taxonomy":"post_tag","embeddable":true,"href":"https:\/\/www.memo-media.de\/blog\/wp-json\/wp\/v2\/tags?post=4015"}],"curies":[{"name":"wp","href":"https:\/\/api.w.org\/{rel}","templated":true}]}}