{"id":3930,"date":"2016-05-27T12:26:37","date_gmt":"2016-05-27T10:26:37","guid":{"rendered":"http:\/\/www.memo-media.de\/blog\/?p=3930"},"modified":"2021-08-09T08:15:14","modified_gmt":"2021-08-09T06:15:14","slug":"eventmodule-katalog-crypton-event","status":"publish","type":"post","link":"https:\/\/www.memo-media.de\/blog\/eventmodule-katalog-crypton-event\/","title":{"rendered":"Eventmodule mieten: Erstellt Euch Euren eigenen Katalog!"},"content":{"rendered":"<p>Wir haben im Internet etwas entdeckt, was gut in die Kategorie \u201eDinge, die Eventplanern das Leben erleichtern\u201c passt: Der Miet- &amp; Eventservice <a href=\"http:\/\/www.crypton-event.de\" target=\"_blank\" rel=\"noopener noreferrer\">Crypton Event<\/a> hat seiner Webseite einen Relaunch verpasst und in diesem Rahmen ein hochinteressantes Tool implementiert. Mit dem k\u00f6nnen Eventplaner n\u00e4mlich ungest\u00f6rt im umfangreichen Eventmodule-Fundus des Unternehmens st\u00f6bern und sich dann mit wenigen Klicks einen individuellen Katalog aus den Lieblingsmodulen erstellen lassen. Tolle Idee. Das m\u00fcssen wir ausprobieren.<\/p>\n<div id=\"attachment_3937\" style=\"width: 310px\" class=\"wp-caption alignleft\"><a href=\"https:\/\/www.memo-media.de\/blog\/wp-content\/uploads\/2016\/05\/fussball-huepfburg.png\"><img aria-describedby=\"caption-attachment-3937\" decoding=\"async\" loading=\"lazy\" class=\"size-medium wp-image-3937\" src=\"https:\/\/www.memo-media.de\/blog\/wp-content\/uploads\/2016\/05\/fussball-huepfburg-300x150.png\" alt=\"Crypton Event Eventmodule\" width=\"300\" height=\"150\" srcset=\"https:\/\/www.memo-media.de\/blog\/wp-content\/uploads\/2016\/05\/fussball-huepfburg-300x150.png 300w, https:\/\/www.memo-media.de\/blog\/wp-content\/uploads\/2016\/05\/fussball-huepfburg-768x384.png 768w, https:\/\/www.memo-media.de\/blog\/wp-content\/uploads\/2016\/05\/fussball-huepfburg-1024x512.png 1024w, https:\/\/www.memo-media.de\/blog\/wp-content\/uploads\/2016\/05\/fussball-huepfburg-335x168.png 335w, https:\/\/www.memo-media.de\/blog\/wp-content\/uploads\/2016\/05\/fussball-huepfburg-1050x525.png 1050w, https:\/\/www.memo-media.de\/blog\/wp-content\/uploads\/2016\/05\/fussball-huepfburg.png 1140w\" sizes=\"(max-width: 300px) 100vw, 300px\" \/><\/a><p id=\"caption-attachment-3937\" class=\"wp-caption-text\">Eventmodule f\u00fcr Gro\u00df und Klein<\/p><\/div>\n<p>Der Anlass f\u00fcr unseren fiktiven Firmenevent ist schnell gefunden: Das Finale der Fu\u00dfball-EM, Deutschland gegen Frankreich, am 10. Juli. Wir laden 50-60 Kollegen und Partner ein, betreiben in entspanntem Rahmen ein bisschen Networking und genie\u00dfen dann bei ein paar k\u00fchlen Drinks das Spiel auf der Gro\u00dfleinwand. Weil wir uns auch beim Rahmenprogramm nicht lumpen lassen wollen, wollen wir uns aus dem Hause Crypton Event ein paar Eventmodule mieten.<\/p>\n<h3>Der \u201eEventberater\u201c liefert uns bereits eine individuelle Auswahl der passenden Angebote<\/h3>\n<div id=\"attachment_3934\" style=\"width: 310px\" class=\"wp-caption alignright\"><a href=\"https:\/\/www.memo-media.de\/blog\/wp-content\/uploads\/2016\/05\/ce1.jpg\"><img aria-describedby=\"caption-attachment-3934\" decoding=\"async\" loading=\"lazy\" class=\"size-medium wp-image-3934\" src=\"https:\/\/www.memo-media.de\/blog\/wp-content\/uploads\/2016\/05\/ce1-300x225.jpg\" alt=\"Crypton Event Eventmodule\" width=\"300\" height=\"225\" srcset=\"https:\/\/www.memo-media.de\/blog\/wp-content\/uploads\/2016\/05\/ce1-300x225.jpg 300w, https:\/\/www.memo-media.de\/blog\/wp-content\/uploads\/2016\/05\/ce1-768x576.jpg 768w, https:\/\/www.memo-media.de\/blog\/wp-content\/uploads\/2016\/05\/ce1-1024x768.jpg 1024w, https:\/\/www.memo-media.de\/blog\/wp-content\/uploads\/2016\/05\/ce1-72x54.jpg 72w, https:\/\/www.memo-media.de\/blog\/wp-content\/uploads\/2016\/05\/ce1-335x251.jpg 335w, https:\/\/www.memo-media.de\/blog\/wp-content\/uploads\/2016\/05\/ce1-1050x788.jpg 1050w, https:\/\/www.memo-media.de\/blog\/wp-content\/uploads\/2016\/05\/ce1.jpg 2000w\" sizes=\"(max-width: 300px) 100vw, 300px\" \/><\/a><p id=\"caption-attachment-3934\" class=\"wp-caption-text\">Alles, was das Fan-Herz begehrt: Zur Fu\u00dfball-EM bietet Crypton Event eine gro\u00dfe Auswahl an thematisch passenden Attraktionen an<\/p><\/div>\n<p>Aber welche? Die Auswahl ist gro\u00df. Der Katalog umfasst \u00fcber 200 verschiedene Modelle. Wir setzen einfach mal darauf, dass uns das neue Tool schon helfen wird. Daf\u00fcr wurde es ja entwickelt. Auf der Startseite klicken wir auf \u201eKatalog erstellen\u201c. Die kurze Erkl\u00e4rung \u00fcberfliegen wir nur, schlie\u00dflich ist die Bedienung intuitiv und komfortabel. Links in der Navigationsleiste befindet sich der \u201eEventberater\u201c. Dort k\u00f6nnen wir unter anderem angeben, um welche Art von Event es sich handelt, ob es drinnen oder drau\u00dfen stattfindet und welchen Servicetypen wir uns w\u00fcnschen. Daraufhin spuckt das Programm dann alle zu den Eingaben passenden Eventmodule aus.<\/p>\n<div id=\"attachment_3938\" style=\"width: 310px\" class=\"wp-caption alignleft\"><a href=\"https:\/\/www.memo-media.de\/blog\/wp-content\/uploads\/2016\/05\/skydancer_fussball_01.png\"><img aria-describedby=\"caption-attachment-3938\" decoding=\"async\" loading=\"lazy\" class=\"size-medium wp-image-3938\" src=\"https:\/\/www.memo-media.de\/blog\/wp-content\/uploads\/2016\/05\/skydancer_fussball_01-300x201.png\" alt=\"Crypton Event Eventmodule\" width=\"300\" height=\"201\" srcset=\"https:\/\/www.memo-media.de\/blog\/wp-content\/uploads\/2016\/05\/skydancer_fussball_01-300x201.png 300w, https:\/\/www.memo-media.de\/blog\/wp-content\/uploads\/2016\/05\/skydancer_fussball_01-335x224.png 335w, https:\/\/www.memo-media.de\/blog\/wp-content\/uploads\/2016\/05\/skydancer_fussball_01.png 747w\" sizes=\"(max-width: 300px) 100vw, 300px\" \/><\/a><p id=\"caption-attachment-3938\" class=\"wp-caption-text\">Der individuelle Katalog listet s\u00e4mtliche Infos zu den jeweiligen Eventmodulen auf<\/p><\/div>\n<p>Wir haben bereits die Kategorie \u201eFu\u00dfballmodule\u201c ausgew\u00e4hlt und scrollen jetzt durch das Angebot. Ein Kicker-Tisch? Ein Klick auf den \u201eMerken\u201c-Button und das Ding ist auf dem Merkzettel. Die Torwand Deluxe, die Fu\u00dfball-H\u00fcpfburg und die Torwand mit Radarmessung? Auf jeden Fall! Die Foto-Box ben\u00f6tigen wir unbedingt, genau wie die Fu\u00dfball-Rodeo-Anlage und den Fu\u00dfball-Flipper. Es dauert keine zwei Minuten und wir haben zwei Dutzend Artikel auf der Merkliste. Das d\u00fcrfte reichen. Wir w\u00e4hlen \u201eKatalog anfordern\u201c, geben unsere E-Mail-Adresse ein und schon haben wir eine Mail mit unserem pers\u00f6nlichen Katalog als PDF im Postfach. Den kann man nun ausdrucken und hat alle wichtigen Details zu Platz- und Strombedarf, Zubeh\u00f6r, Branding und Betreuung auf einen Blick parat. Dazu mehrere Bilder und nat\u00fcrlich den Preis.<\/p>\n<h3>Der Katalog listet nur die Eventmodule\u00a0auf, die auch wirklich von Interesse sind f\u00fcr den Kunden<\/h3>\n<div id=\"attachment_3936\" style=\"width: 310px\" class=\"wp-caption alignright\"><a href=\"https:\/\/www.memo-media.de\/blog\/wp-content\/uploads\/2016\/05\/fotoaktion-teaser.jpg\"><img aria-describedby=\"caption-attachment-3936\" decoding=\"async\" loading=\"lazy\" class=\"wp-image-3936 size-medium\" src=\"https:\/\/www.memo-media.de\/blog\/wp-content\/uploads\/2016\/05\/fotoaktion-teaser-300x200.jpg\" alt=\"Crypton Event Eventmodule\" width=\"300\" height=\"200\" srcset=\"https:\/\/www.memo-media.de\/blog\/wp-content\/uploads\/2016\/05\/fotoaktion-teaser-300x200.jpg 300w, https:\/\/www.memo-media.de\/blog\/wp-content\/uploads\/2016\/05\/fotoaktion-teaser-335x223.jpg 335w, https:\/\/www.memo-media.de\/blog\/wp-content\/uploads\/2016\/05\/fotoaktion-teaser.jpg 450w\" sizes=\"(max-width: 300px) 100vw, 300px\" \/><\/a><p id=\"caption-attachment-3936\" class=\"wp-caption-text\">Auch der Photobooth geh\u00f6rt zum Repertoire von Crypton Event und kommt bei jedem Event gut an<\/p><\/div>\n<p>\u201eKataloge f\u00fchren normalerweise die komplette Produktpalette auf\u201c, sagt Jana Cziesla von Crypton Event. \u201eMit 90 Prozent des Inhalts kann ich dann allerdings nichts anfangen. Deshalb sind wir auf die Idee gekommen, nur die Artikel in den Katalog zu packen, die den Kunden auch wirklich interessieren.\u201c Dabei sei der Katalog kein reiner Werbeartikel, sondern eher ein praktisches Werkzeug, das Eventplanern dabei helfe, f\u00fcr ihre Veranstaltung die beste Auswahl zu treffen. Jana Cziesla: \u201eEine Sekret\u00e4rin, die ihrem Chef die in Frage kommenden Optionen vorstellen will, hat mit unserem Katalog anschauliches Material f\u00fcr die Pr\u00e4sentation in der Hand.\u201c<\/p>\n<p>Die Anfrage bzw. die Bestellung selbst erfolgt dann per Mail oder Telefon. Bis dahin hat der Katalog beiden Seiten aber bereits eine Menge Arbeit und Zeit erspart. Wir finden das Tool sehr hilfreich. Es ist leicht zu bedienen und leistet gute Unterst\u00fctzung beim Auswahlprozess. Vor allem die Offline-L\u00f6sung mit der ausgedruckten PDF ist stark, weil man den Katalog so auch unkompliziert \u00fcberall mit hin nehmen kann. Falls wir unser Firmenevent doch noch in die Tat umsetzen, dann kommen wir auf jeden Fall auf Crypton Event zur\u00fcck.<\/p>\n","protected":false},"excerpt":{"rendered":"<p>Wir haben im Internet etwas entdeckt, was gut in die Kategorie \u201eDinge, die Eventplanern das Leben erleichtern\u201c passt: Der Miet-&#8230;<\/p>\n","protected":false},"author":13,"featured_media":3931,"comment_status":"closed","ping_status":"open","sticky":false,"template":"","format":"standard","meta":[],"categories":[4,10],"tags":[2061,353,20],"yoast_head":"<!-- This site is optimized with the Yoast SEO Premium plugin v20.5 (Yoast SEO v20.5) - https:\/\/yoast.com\/wordpress\/plugins\/seo\/ -->\n<title>Eventmodule mieten: Erstellt Euch Euren eigenen Katalog!<\/title>\n<meta name=\"description\" content=\"Eventmodule mieten leichtgemacht. Bei Crypton Event k\u00f6nnen sich Eventplaner einen individuellen Eventmodul-Katalog erstellen. Wir haben das Tool getestet.\" \/>\n<meta name=\"robots\" content=\"index, follow, max-snippet:-1, max-image-preview:large, max-video-preview:-1\" \/>\n<link rel=\"canonical\" href=\"https:\/\/www.memo-media.de\/blog\/eventmodule-katalog-crypton-event\/\" \/>\n<meta property=\"og:locale\" content=\"de_DE\" \/>\n<meta property=\"og:type\" content=\"article\" \/>\n<meta property=\"og:title\" content=\"Eventmodule mieten: Erstellt Euch Euren eigenen Katalog!\" \/>\n<meta property=\"og:description\" content=\"Eventmodule mieten leichtgemacht. Bei Crypton Event k\u00f6nnen sich Eventplaner einen individuellen Eventmodul-Katalog erstellen. Wir haben das Tool getestet.\" \/>\n<meta property=\"og:url\" content=\"https:\/\/www.memo-media.de\/blog\/eventmodule-katalog-crypton-event\/\" \/>\n<meta property=\"og:site_name\" content=\"memo-media Blog f\u00fcr die Eventplanung\" \/>\n<meta property=\"article:published_time\" content=\"2016-05-27T10:26:37+00:00\" \/>\n<meta property=\"article:modified_time\" content=\"2021-08-09T06:15:14+00:00\" \/>\n<meta property=\"og:image\" content=\"https:\/\/www.memo-media.de\/blog\/wp-content\/uploads\/2016\/05\/header.jpg\" \/>\n\t<meta property=\"og:image:width\" content=\"1500\" \/>\n\t<meta property=\"og:image:height\" content=\"1149\" \/>\n\t<meta property=\"og:image:type\" content=\"image\/jpeg\" \/>\n<meta name=\"author\" content=\"Aljoscha Grabowski\" \/>\n<meta name=\"twitter:label1\" content=\"Verfasst von\" \/>\n\t<meta name=\"twitter:data1\" content=\"Aljoscha Grabowski\" \/>\n\t<meta name=\"twitter:label2\" content=\"Gesch\u00e4tzte Lesezeit\" \/>\n\t<meta name=\"twitter:data2\" content=\"3\u00a0Minuten\" \/>\n<script type=\"application\/ld+json\" class=\"yoast-schema-graph\">{\"@context\":\"https:\/\/schema.org\",\"@graph\":[{\"@type\":\"WebPage\",\"@id\":\"https:\/\/www.memo-media.de\/blog\/eventmodule-katalog-crypton-event\/\",\"url\":\"https:\/\/www.memo-media.de\/blog\/eventmodule-katalog-crypton-event\/\",\"name\":\"Eventmodule mieten: Erstellt Euch Euren eigenen Katalog!\",\"isPartOf\":{\"@id\":\"https:\/\/www.memo-media.de\/blog\/#website\"},\"datePublished\":\"2016-05-27T10:26:37+00:00\",\"dateModified\":\"2021-08-09T06:15:14+00:00\",\"author\":{\"@id\":\"https:\/\/www.memo-media.de\/blog\/#\/schema\/person\/d6e5cd0a1d6ebcd0d6a0dd6a691cad22\"},\"description\":\"Eventmodule mieten leichtgemacht. Bei Crypton Event k\u00f6nnen sich Eventplaner einen individuellen Eventmodul-Katalog erstellen. Wir haben das Tool getestet.\",\"breadcrumb\":{\"@id\":\"https:\/\/www.memo-media.de\/blog\/eventmodule-katalog-crypton-event\/#breadcrumb\"},\"inLanguage\":\"de\",\"potentialAction\":[{\"@type\":\"ReadAction\",\"target\":[\"https:\/\/www.memo-media.de\/blog\/eventmodule-katalog-crypton-event\/\"]}]},{\"@type\":\"BreadcrumbList\",\"@id\":\"https:\/\/www.memo-media.de\/blog\/eventmodule-katalog-crypton-event\/#breadcrumb\",\"itemListElement\":[{\"@type\":\"ListItem\",\"position\":1,\"name\":\"Home\",\"item\":\"https:\/\/www.memo-media.de\/blog\/\"},{\"@type\":\"ListItem\",\"position\":2,\"name\":\"Eventmodule mieten: Erstellt Euch Euren eigenen Katalog!\"}]},{\"@type\":\"WebSite\",\"@id\":\"https:\/\/www.memo-media.de\/blog\/#website\",\"url\":\"https:\/\/www.memo-media.de\/blog\/\",\"name\":\"memo-media Blog f\u00fcr die Eventplanung\",\"description\":\"News und Facts aus der Eventbranche f\u00fcr die Eventbranche\",\"potentialAction\":[{\"@type\":\"SearchAction\",\"target\":{\"@type\":\"EntryPoint\",\"urlTemplate\":\"https:\/\/www.memo-media.de\/blog\/?s={search_term_string}\"},\"query-input\":\"required name=search_term_string\"}],\"inLanguage\":\"de\"},{\"@type\":\"Person\",\"@id\":\"https:\/\/www.memo-media.de\/blog\/#\/schema\/person\/d6e5cd0a1d6ebcd0d6a0dd6a691cad22\",\"name\":\"Aljoscha Grabowski\",\"image\":{\"@type\":\"ImageObject\",\"inLanguage\":\"de\",\"@id\":\"https:\/\/www.memo-media.de\/blog\/#\/schema\/person\/image\/\",\"url\":\"https:\/\/www.memo-media.de\/blog\/wp-content\/uploads\/2014\/10\/aljoscha150x150.jpg\",\"contentUrl\":\"https:\/\/www.memo-media.de\/blog\/wp-content\/uploads\/2014\/10\/aljoscha150x150.jpg\",\"caption\":\"Aljoscha Grabowski\"},\"description\":\"Aljoscha Grabowski hat Online-Journalismus an der Hochschule Darmstadt studiert und ist als freiberuflicher Journalist, Texter und Blogger t\u00e4tig. Als solcher schreibt er f\u00fcr verschiedene Zeitungen, Zeitschriften und Online-Medien haupts\u00e4chlich \u00fcber Sport, Kultur und die Event-Branche. Wir haben den sympathischen Frankfurter auf der Best Of Events 2014 in Dortmund kennengelernt und ihn ins Boot geholt, weil er stets die richtigen Worte findet, um Produkte, Dienstleistungen und alles andere Erw\u00e4hnenswerte ins richtige Licht der Aufmerksamkeit zu r\u00fccken.\",\"sameAs\":[\"http:\/\/www.aljoscha-grabowski.de\"],\"url\":\"https:\/\/www.memo-media.de\/blog\/author\/aljoscha-grabowski\/\"}]}<\/script>\n<!-- \/ Yoast SEO Premium plugin. -->","yoast_head_json":{"title":"Eventmodule mieten: Erstellt Euch Euren eigenen Katalog!","description":"Eventmodule mieten leichtgemacht. Bei Crypton Event k\u00f6nnen sich Eventplaner einen individuellen Eventmodul-Katalog erstellen. Wir haben das Tool getestet.","robots":{"index":"index","follow":"follow","max-snippet":"max-snippet:-1","max-image-preview":"max-image-preview:large","max-video-preview":"max-video-preview:-1"},"canonical":"https:\/\/www.memo-media.de\/blog\/eventmodule-katalog-crypton-event\/","og_locale":"de_DE","og_type":"article","og_title":"Eventmodule mieten: Erstellt Euch Euren eigenen Katalog!","og_description":"Eventmodule mieten leichtgemacht. Bei Crypton Event k\u00f6nnen sich Eventplaner einen individuellen Eventmodul-Katalog erstellen. Wir haben das Tool getestet.","og_url":"https:\/\/www.memo-media.de\/blog\/eventmodule-katalog-crypton-event\/","og_site_name":"memo-media Blog f\u00fcr die Eventplanung","article_published_time":"2016-05-27T10:26:37+00:00","article_modified_time":"2021-08-09T06:15:14+00:00","og_image":[{"width":1500,"height":1149,"url":"https:\/\/www.memo-media.de\/blog\/wp-content\/uploads\/2016\/05\/header.jpg","type":"image\/jpeg"}],"author":"Aljoscha Grabowski","twitter_misc":{"Verfasst von":"Aljoscha Grabowski","Gesch\u00e4tzte Lesezeit":"3\u00a0Minuten"},"schema":{"@context":"https:\/\/schema.org","@graph":[{"@type":"WebPage","@id":"https:\/\/www.memo-media.de\/blog\/eventmodule-katalog-crypton-event\/","url":"https:\/\/www.memo-media.de\/blog\/eventmodule-katalog-crypton-event\/","name":"Eventmodule mieten: Erstellt Euch Euren eigenen Katalog!","isPartOf":{"@id":"https:\/\/www.memo-media.de\/blog\/#website"},"datePublished":"2016-05-27T10:26:37+00:00","dateModified":"2021-08-09T06:15:14+00:00","author":{"@id":"https:\/\/www.memo-media.de\/blog\/#\/schema\/person\/d6e5cd0a1d6ebcd0d6a0dd6a691cad22"},"description":"Eventmodule mieten leichtgemacht. Bei Crypton Event k\u00f6nnen sich Eventplaner einen individuellen Eventmodul-Katalog erstellen. Wir haben das Tool getestet.","breadcrumb":{"@id":"https:\/\/www.memo-media.de\/blog\/eventmodule-katalog-crypton-event\/#breadcrumb"},"inLanguage":"de","potentialAction":[{"@type":"ReadAction","target":["https:\/\/www.memo-media.de\/blog\/eventmodule-katalog-crypton-event\/"]}]},{"@type":"BreadcrumbList","@id":"https:\/\/www.memo-media.de\/blog\/eventmodule-katalog-crypton-event\/#breadcrumb","itemListElement":[{"@type":"ListItem","position":1,"name":"Home","item":"https:\/\/www.memo-media.de\/blog\/"},{"@type":"ListItem","position":2,"name":"Eventmodule mieten: Erstellt Euch Euren eigenen Katalog!"}]},{"@type":"WebSite","@id":"https:\/\/www.memo-media.de\/blog\/#website","url":"https:\/\/www.memo-media.de\/blog\/","name":"memo-media Blog f\u00fcr die Eventplanung","description":"News und Facts aus der Eventbranche f\u00fcr die Eventbranche","potentialAction":[{"@type":"SearchAction","target":{"@type":"EntryPoint","urlTemplate":"https:\/\/www.memo-media.de\/blog\/?s={search_term_string}"},"query-input":"required name=search_term_string"}],"inLanguage":"de"},{"@type":"Person","@id":"https:\/\/www.memo-media.de\/blog\/#\/schema\/person\/d6e5cd0a1d6ebcd0d6a0dd6a691cad22","name":"Aljoscha Grabowski","image":{"@type":"ImageObject","inLanguage":"de","@id":"https:\/\/www.memo-media.de\/blog\/#\/schema\/person\/image\/","url":"https:\/\/www.memo-media.de\/blog\/wp-content\/uploads\/2014\/10\/aljoscha150x150.jpg","contentUrl":"https:\/\/www.memo-media.de\/blog\/wp-content\/uploads\/2014\/10\/aljoscha150x150.jpg","caption":"Aljoscha Grabowski"},"description":"Aljoscha Grabowski hat Online-Journalismus an der Hochschule Darmstadt studiert und ist als freiberuflicher Journalist, Texter und Blogger t\u00e4tig. Als solcher schreibt er f\u00fcr verschiedene Zeitungen, Zeitschriften und Online-Medien haupts\u00e4chlich \u00fcber Sport, Kultur und die Event-Branche. Wir haben den sympathischen Frankfurter auf der Best Of Events 2014 in Dortmund kennengelernt und ihn ins Boot geholt, weil er stets die richtigen Worte findet, um Produkte, Dienstleistungen und alles andere Erw\u00e4hnenswerte ins richtige Licht der Aufmerksamkeit zu r\u00fccken.","sameAs":["http:\/\/www.aljoscha-grabowski.de"],"url":"https:\/\/www.memo-media.de\/blog\/author\/aljoscha-grabowski\/"}]}},"_links":{"self":[{"href":"https:\/\/www.memo-media.de\/blog\/wp-json\/wp\/v2\/posts\/3930"}],"collection":[{"href":"https:\/\/www.memo-media.de\/blog\/wp-json\/wp\/v2\/posts"}],"about":[{"href":"https:\/\/www.memo-media.de\/blog\/wp-json\/wp\/v2\/types\/post"}],"author":[{"embeddable":true,"href":"https:\/\/www.memo-media.de\/blog\/wp-json\/wp\/v2\/users\/13"}],"replies":[{"embeddable":true,"href":"https:\/\/www.memo-media.de\/blog\/wp-json\/wp\/v2\/comments?post=3930"}],"version-history":[{"count":12,"href":"https:\/\/www.memo-media.de\/blog\/wp-json\/wp\/v2\/posts\/3930\/revisions"}],"predecessor-version":[{"id":13816,"href":"https:\/\/www.memo-media.de\/blog\/wp-json\/wp\/v2\/posts\/3930\/revisions\/13816"}],"wp:featuredmedia":[{"embeddable":true,"href":"https:\/\/www.memo-media.de\/blog\/wp-json\/wp\/v2\/media\/3931"}],"wp:attachment":[{"href":"https:\/\/www.memo-media.de\/blog\/wp-json\/wp\/v2\/media?parent=3930"}],"wp:term":[{"taxonomy":"category","embeddable":true,"href":"https:\/\/www.memo-media.de\/blog\/wp-json\/wp\/v2\/categories?post=3930"},{"taxonomy":"post_tag","embeddable":true,"href":"https:\/\/www.memo-media.de\/blog\/wp-json\/wp\/v2\/tags?post=3930"}],"curies":[{"name":"wp","href":"https:\/\/api.w.org\/{rel}","templated":true}]}}