{"id":3659,"date":"2016-04-14T16:04:36","date_gmt":"2016-04-14T14:04:36","guid":{"rendered":"http:\/\/www.memo-media.de\/blog\/?p=3659"},"modified":"2018-07-25T09:05:22","modified_gmt":"2018-07-25T07:05:22","slug":"clowns-und-taenzer-auf-der-art-cologne","status":"publish","type":"post","link":"https:\/\/www.memo-media.de\/blog\/clowns-und-taenzer-auf-der-art-cologne\/","title":{"rendered":"Clowns und T\u00e4nzer auf der Art Cologne"},"content":{"rendered":"<div id=\"attachment_3664\" style=\"width: 310px\" class=\"wp-caption alignright\"><a href=\"https:\/\/www.memo-media.de\/blog\/wp-content\/uploads\/2016\/04\/gavin-turk-the-other-2015.jpg\" rel=\"attachment wp-att-3664\"><img aria-describedby=\"caption-attachment-3664\" decoding=\"async\" loading=\"lazy\" class=\"wp-image-3664 size-medium\" src=\"https:\/\/www.memo-media.de\/blog\/wp-content\/uploads\/2016\/04\/gavin-turk-the-other-2015-300x225.jpg\" alt=\"Art Cologne Gavin Turk, The Other, 2015\" width=\"300\" height=\"225\" srcset=\"https:\/\/www.memo-media.de\/blog\/wp-content\/uploads\/2016\/04\/gavin-turk-the-other-2015-300x225.jpg 300w, https:\/\/www.memo-media.de\/blog\/wp-content\/uploads\/2016\/04\/gavin-turk-the-other-2015-768x576.jpg 768w, https:\/\/www.memo-media.de\/blog\/wp-content\/uploads\/2016\/04\/gavin-turk-the-other-2015-1024x768.jpg 1024w, https:\/\/www.memo-media.de\/blog\/wp-content\/uploads\/2016\/04\/gavin-turk-the-other-2015-72x54.jpg 72w, https:\/\/www.memo-media.de\/blog\/wp-content\/uploads\/2016\/04\/gavin-turk-the-other-2015-335x251.jpg 335w, https:\/\/www.memo-media.de\/blog\/wp-content\/uploads\/2016\/04\/gavin-turk-the-other-2015-1050x788.jpg 1050w, https:\/\/www.memo-media.de\/blog\/wp-content\/uploads\/2016\/04\/gavin-turk-the-other-2015.jpg 1200w\" sizes=\"(max-width: 300px) 100vw, 300px\" \/><\/a><p id=\"caption-attachment-3664\" class=\"wp-caption-text\">Gavin Turk, The Other, 2015<\/p><\/div>\n<p class=\"western\"><span lang=\"de-DE\">Auch in diesem 50. Jahr der Art Cologne sind die Motive aus der Zirkus- und [memo_rubrik id=260]Entertainment- [\/memo_rubrik]und [memo_rubrik id=188]B\u00fchnenwelt[\/memo_rubrik] zu entdecken, wenn man auf den drei Ebenen der Messehalle 11 mal besonders hinschaut. [memo_rubrik id=329]Clowns[\/memo_rubrik], [memo_rubrik id=320]Magier[\/memo_rubrik], [memo_rubrik id=1395]T\u00e4nzer[\/memo_rubrik] und Co., die Protagonisten der darstellenden K\u00fcnste waren beliebte Motive f\u00fcr die bildenden K\u00fcnste, bevor diese dann ganz abstrakt wurden. <\/span><span lang=\"de-DE\">Maler und Bildhauer liebten diese bewegte Halbwelt. Und nimmt man es augenzwinkernd, ist die Neoninstallation \u201eThe Other\u201c von Gavin Turk eine ironische Anspielung auf das gro\u00dfe Ich mancher B\u00fchnenk\u00fcnstler. Diese gab es bei Ben Brown Finearts in Halle 11.2.<\/span><\/p>\n<h3 class=\"western\">Einblicke in die 50. Art Cologne<\/h3>\n<div id=\"attachment_3665\" style=\"width: 235px\" class=\"wp-caption alignleft\"><a href=\"https:\/\/www.memo-media.de\/blog\/wp-content\/uploads\/2016\/04\/victor-vaserly-sans-titre-1987.jpg\" rel=\"attachment wp-att-3665\"><img aria-describedby=\"caption-attachment-3665\" decoding=\"async\" loading=\"lazy\" class=\"wp-image-3665 size-medium\" src=\"https:\/\/www.memo-media.de\/blog\/wp-content\/uploads\/2016\/04\/victor-vaserly-sans-titre-1987-225x300.jpg\" alt=\"Art Cologne Victor Vaserly, Sans titre, 1987\" width=\"225\" height=\"300\" srcset=\"https:\/\/www.memo-media.de\/blog\/wp-content\/uploads\/2016\/04\/victor-vaserly-sans-titre-1987-225x300.jpg 225w, https:\/\/www.memo-media.de\/blog\/wp-content\/uploads\/2016\/04\/victor-vaserly-sans-titre-1987-768x1024.jpg 768w, https:\/\/www.memo-media.de\/blog\/wp-content\/uploads\/2016\/04\/victor-vaserly-sans-titre-1987-335x447.jpg 335w, https:\/\/www.memo-media.de\/blog\/wp-content\/uploads\/2016\/04\/victor-vaserly-sans-titre-1987.jpg 900w\" sizes=\"(max-width: 225px) 100vw, 225px\" \/><\/a><p id=\"caption-attachment-3665\" class=\"wp-caption-text\">Victor Vaserly, Sans titre, 1987<\/p><\/div>\n<p>&nbsp;<\/p>\n<p>In Halle 11.1 sprangen einen bei der Galerie van Vertes direkt die geometrischen Muster eines Victor Vaserly an. Wenn man genau hinschaut, entdeckt man einen Harlekin in der Arbeit , \u201eOhne Titel\u201c, die um 1987 entstand.<\/p>\n<p>&nbsp;<\/p>\n<p>&nbsp;<\/p>\n<p>&nbsp;<\/p>\n<div id=\"attachment_3666\" style=\"width: 218px\" class=\"wp-caption alignright\"><a href=\"https:\/\/www.memo-media.de\/blog\/wp-content\/uploads\/2016\/04\/hanna-hoech-der-magier-1930.jpg\" rel=\"attachment wp-att-3666\"><img aria-describedby=\"caption-attachment-3666\" decoding=\"async\" loading=\"lazy\" class=\"wp-image-3666 size-medium\" src=\"https:\/\/www.memo-media.de\/blog\/wp-content\/uploads\/2016\/04\/hanna-hoech-der-magier-1930-208x300.jpg\" alt=\"Art Cologne Hanna H\u00f6ch, Der Magier 1930\" width=\"208\" height=\"300\" srcset=\"https:\/\/www.memo-media.de\/blog\/wp-content\/uploads\/2016\/04\/hanna-hoech-der-magier-1930-208x300.jpg 208w, https:\/\/www.memo-media.de\/blog\/wp-content\/uploads\/2016\/04\/hanna-hoech-der-magier-1930-768x1108.jpg 768w, https:\/\/www.memo-media.de\/blog\/wp-content\/uploads\/2016\/04\/hanna-hoech-der-magier-1930-710x1024.jpg 710w, https:\/\/www.memo-media.de\/blog\/wp-content\/uploads\/2016\/04\/hanna-hoech-der-magier-1930-335x483.jpg 335w, https:\/\/www.memo-media.de\/blog\/wp-content\/uploads\/2016\/04\/hanna-hoech-der-magier-1930.jpg 832w\" sizes=\"(max-width: 208px) 100vw, 208px\" \/><\/a><p id=\"caption-attachment-3666\" class=\"wp-caption-text\">Hanna H\u00f6ch, Der Magier, 1930<\/p><\/div>\n<p>&nbsp;<\/p>\n<p>Ums Eck findet man Hanna H\u00f6chs \u201cDer Magier\u201d von 1930 als Aquarell \u00fcber Tusche. Es ist nicht die einzige Arbeit der Mitbegr\u00fcnderin des \u201eBerliner Dada\u201c in der Koje von Remmert und Barth. Dabei ist diese gar nicht mal durch ihre Malerei so ber\u00fchmt, sonder durch ihre Collagen.<\/p>\n<p>&nbsp;<\/p>\n<div id=\"attachment_3667\" style=\"width: 241px\" class=\"wp-caption alignleft\"><a href=\"https:\/\/www.memo-media.de\/blog\/wp-content\/uploads\/2016\/04\/max-beckmann-der-ausrufer-1921.jpg\" rel=\"attachment wp-att-3667\"><img aria-describedby=\"caption-attachment-3667\" decoding=\"async\" loading=\"lazy\" class=\"wp-image-3667 size-medium\" src=\"https:\/\/www.memo-media.de\/blog\/wp-content\/uploads\/2016\/04\/max-beckmann-der-ausrufer-1921-231x300.jpg\" alt=\"Art Cologne Max Beckmann, Der Ausrufer, 1921\" width=\"231\" height=\"300\" srcset=\"https:\/\/www.memo-media.de\/blog\/wp-content\/uploads\/2016\/04\/max-beckmann-der-ausrufer-1921-231x300.jpg 231w, https:\/\/www.memo-media.de\/blog\/wp-content\/uploads\/2016\/04\/max-beckmann-der-ausrufer-1921-768x996.jpg 768w, https:\/\/www.memo-media.de\/blog\/wp-content\/uploads\/2016\/04\/max-beckmann-der-ausrufer-1921-789x1024.jpg 789w, https:\/\/www.memo-media.de\/blog\/wp-content\/uploads\/2016\/04\/max-beckmann-der-ausrufer-1921-335x435.jpg 335w, https:\/\/www.memo-media.de\/blog\/wp-content\/uploads\/2016\/04\/max-beckmann-der-ausrufer-1921.jpg 925w\" sizes=\"(max-width: 231px) 100vw, 231px\" \/><\/a><p id=\"caption-attachment-3667\" class=\"wp-caption-text\">Max Beckmann, Der Ausrufer, 1921<\/p><\/div>\n<p>&nbsp;<\/p>\n<p>&nbsp;<\/p>\n<p>Am gleichen Stand fand ich auch das Selbstportr\u00e4t von Max Beckmann, \u201eDer Ausrufer\u201c, indem sich der gekonnte Illustrator als Zirkusausrufer sieht. Die Radierung geh\u00f6rt zu den vielen Selbstportr\u00e4ts, die der Berliner K\u00fcnstler gerne von sich fertigte.<\/p>\n<div id=\"attachment_3668\" style=\"width: 233px\" class=\"wp-caption alignright\"><a href=\"https:\/\/www.memo-media.de\/blog\/wp-content\/uploads\/2016\/04\/rudolf-schlichter-sechstagerennen-1928-1930.jpg\" rel=\"attachment wp-att-3668\"><img aria-describedby=\"caption-attachment-3668\" decoding=\"async\" loading=\"lazy\" class=\"wp-image-3668 size-medium\" src=\"https:\/\/www.memo-media.de\/blog\/wp-content\/uploads\/2016\/04\/rudolf-schlichter-sechstagerennen-1928-1930-223x300.jpg\" alt=\"Art Cologne Rudolf Schlichter, Sechstagerennen, 1928 - 1930\" width=\"223\" height=\"300\" srcset=\"https:\/\/www.memo-media.de\/blog\/wp-content\/uploads\/2016\/04\/rudolf-schlichter-sechstagerennen-1928-1930-223x300.jpg 223w, https:\/\/www.memo-media.de\/blog\/wp-content\/uploads\/2016\/04\/rudolf-schlichter-sechstagerennen-1928-1930-768x1036.jpg 768w, https:\/\/www.memo-media.de\/blog\/wp-content\/uploads\/2016\/04\/rudolf-schlichter-sechstagerennen-1928-1930-759x1024.jpg 759w, https:\/\/www.memo-media.de\/blog\/wp-content\/uploads\/2016\/04\/rudolf-schlichter-sechstagerennen-1928-1930-335x452.jpg 335w, https:\/\/www.memo-media.de\/blog\/wp-content\/uploads\/2016\/04\/rudolf-schlichter-sechstagerennen-1928-1930.jpg 890w\" sizes=\"(max-width: 223px) 100vw, 223px\" \/><\/a><p id=\"caption-attachment-3668\" class=\"wp-caption-text\">Rudolf Schlichter, Sechstagerennen, 1928 &#8211; 1930<\/p><\/div>\n<p>&nbsp;<\/p>\n<p>&nbsp;<\/p>\n<p>Sechstagerennen waren mal ein gro\u00dfes Spektakel, ein Unterhaltungsevent, das damals, als es noch kein Fernsehen gab, die Menschen bannte wie heute nur noch Fernsehserien wie \u201eHomeland\u201c. Man verlie\u00df die eigene Couch und zog in die Sportpal\u00e4ste, um Spannung zu erleben und sich zu am\u00fcsieren. Sechs Tage lang. Heute gibt es die nur noch in Bremen und Berlin. Der Maler der neuen Sachlichkeit, Rudolf Schlichter, hat dort zwischen 1928 u d 1930 sein Motiv f\u00fcr ein farbenfrohes Gesellschaftsaquarell mit Sportlern gefunden. Die Galerie Valentin aus Stuttgart bot das Blatt an.<\/p>\n<div id=\"attachment_3669\" style=\"width: 261px\" class=\"wp-caption alignleft\"><a href=\"https:\/\/www.memo-media.de\/blog\/wp-content\/uploads\/2016\/04\/hermann-max-pechstein-tanzendes-paar-1912.jpg\" rel=\"attachment wp-att-3669\"><img aria-describedby=\"caption-attachment-3669\" decoding=\"async\" loading=\"lazy\" class=\"wp-image-3669 size-medium\" src=\"https:\/\/www.memo-media.de\/blog\/wp-content\/uploads\/2016\/04\/hermann-max-pechstein-tanzendes-paar-1912-251x300.jpg\" alt=\"Art Cologne Hermann Max Pechstein, Tanzendes Paar, 1912\" width=\"251\" height=\"300\" srcset=\"https:\/\/www.memo-media.de\/blog\/wp-content\/uploads\/2016\/04\/hermann-max-pechstein-tanzendes-paar-1912-251x300.jpg 251w, https:\/\/www.memo-media.de\/blog\/wp-content\/uploads\/2016\/04\/hermann-max-pechstein-tanzendes-paar-1912-768x917.jpg 768w, https:\/\/www.memo-media.de\/blog\/wp-content\/uploads\/2016\/04\/hermann-max-pechstein-tanzendes-paar-1912-858x1024.jpg 858w, https:\/\/www.memo-media.de\/blog\/wp-content\/uploads\/2016\/04\/hermann-max-pechstein-tanzendes-paar-1912-335x400.jpg 335w, https:\/\/www.memo-media.de\/blog\/wp-content\/uploads\/2016\/04\/hermann-max-pechstein-tanzendes-paar-1912.jpg 1005w\" sizes=\"(max-width: 251px) 100vw, 251px\" \/><\/a><p id=\"caption-attachment-3669\" class=\"wp-caption-text\">Hermann Max Pechstein, Tanzendes Paar, 1912<\/p><\/div>\n<p>&nbsp;<\/p>\n<p>&nbsp;<\/p>\n<p>&nbsp;<\/p>\n<p>Von Hermann Max Pechstein fanden sich auf der Art Cologne gleich zwei Darstellungen von [memo_rubrik id=1395]T\u00e4nzern[\/memo_rubrik]. Das \u201eTanzende Paar\u201c bei Utermann. Ein Aquarell und Tuschpinsel \u00fcber Kohle von 1912.<\/p>\n<div id=\"attachment_3670\" style=\"width: 236px\" class=\"wp-caption alignright\"><a href=\"https:\/\/www.memo-media.de\/blog\/wp-content\/uploads\/2016\/04\/hermann-max-pechstein-taenzerin-im-spiegel-1923.jpg\" rel=\"attachment wp-att-3670\"><img aria-describedby=\"caption-attachment-3670\" decoding=\"async\" loading=\"lazy\" class=\"wp-image-3670 size-medium\" src=\"https:\/\/www.memo-media.de\/blog\/wp-content\/uploads\/2016\/04\/hermann-max-pechstein-taenzerin-im-spiegel-1923-226x300.jpg\" alt=\"Art Cologne Hermann Max Pechstein, T\u00e4nzerin im Spiegel, 1923\" width=\"226\" height=\"300\" srcset=\"https:\/\/www.memo-media.de\/blog\/wp-content\/uploads\/2016\/04\/hermann-max-pechstein-taenzerin-im-spiegel-1923-226x300.jpg 226w, https:\/\/www.memo-media.de\/blog\/wp-content\/uploads\/2016\/04\/hermann-max-pechstein-taenzerin-im-spiegel-1923-768x1018.jpg 768w, https:\/\/www.memo-media.de\/blog\/wp-content\/uploads\/2016\/04\/hermann-max-pechstein-taenzerin-im-spiegel-1923-772x1024.jpg 772w, https:\/\/www.memo-media.de\/blog\/wp-content\/uploads\/2016\/04\/hermann-max-pechstein-taenzerin-im-spiegel-1923-335x444.jpg 335w, https:\/\/www.memo-media.de\/blog\/wp-content\/uploads\/2016\/04\/hermann-max-pechstein-taenzerin-im-spiegel-1923.jpg 905w\" sizes=\"(max-width: 226px) 100vw, 226px\" \/><\/a><p id=\"caption-attachment-3670\" class=\"wp-caption-text\">Hermann Max Pechstein, T\u00e4nzerin im Spiegel, 1923<\/p><\/div>\n<p>&nbsp;<\/p>\n<p>&nbsp;<\/p>\n<p>&nbsp;<\/p>\n<p>Von 1923 war der Farbholzschnitt bei Henze und Ketterer, der eine Variet\u00e9t\u00e4nzerin im Spiegel abbildet. Der Maler der \u201eBr\u00fccke\u201c f\u00e4ngt Situation und Bewegung expressionistisch ein. Es lohnt der Blick in den Bildhintergrund. Die Herren der guten Gesellschaft sind am\u00fcsiert.<\/p>\n<p>&nbsp;<\/p>\n<div id=\"attachment_3676\" style=\"width: 310px\" class=\"wp-caption alignleft\"><a href=\"https:\/\/www.memo-media.de\/blog\/wp-content\/uploads\/2016\/04\/marc-chagall-soleil-au-cheval-rouge-1977.jpg\" rel=\"attachment wp-att-3676\"><img aria-describedby=\"caption-attachment-3676\" decoding=\"async\" loading=\"lazy\" class=\"wp-image-3676 size-medium\" src=\"https:\/\/www.memo-media.de\/blog\/wp-content\/uploads\/2016\/04\/marc-chagall-soleil-au-cheval-rouge-1977-300x242.jpg\" alt=\"Art Cologne Marc Chagall, Soleil au Cheval Rouge, 1977\" width=\"300\" height=\"242\" srcset=\"https:\/\/www.memo-media.de\/blog\/wp-content\/uploads\/2016\/04\/marc-chagall-soleil-au-cheval-rouge-1977-300x242.jpg 300w, https:\/\/www.memo-media.de\/blog\/wp-content\/uploads\/2016\/04\/marc-chagall-soleil-au-cheval-rouge-1977-768x619.jpg 768w, https:\/\/www.memo-media.de\/blog\/wp-content\/uploads\/2016\/04\/marc-chagall-soleil-au-cheval-rouge-1977-1024x825.jpg 1024w, https:\/\/www.memo-media.de\/blog\/wp-content\/uploads\/2016\/04\/marc-chagall-soleil-au-cheval-rouge-1977-335x270.jpg 335w, https:\/\/www.memo-media.de\/blog\/wp-content\/uploads\/2016\/04\/marc-chagall-soleil-au-cheval-rouge-1977-1050x846.jpg 1050w, https:\/\/www.memo-media.de\/blog\/wp-content\/uploads\/2016\/04\/marc-chagall-soleil-au-cheval-rouge-1977.jpg 1200w\" sizes=\"(max-width: 300px) 100vw, 300px\" \/><\/a><p id=\"caption-attachment-3676\" class=\"wp-caption-text\">Marc Chagall, Soleil au Cheval Rouge, 1977<\/p><\/div>\n<p>&nbsp;<\/p>\n<p>Ein Highlight der Art Cologne findet sich gut ausgeleuchtet in einer Nische beim Salzburger Galeristen Thomas Salis in \u00d6l. Marc Chagall hat das buntlebendige Zirkusleben in der Runde wunderbar idealisiert. Ein rotes Pferd dreht zum Geigenspiel einer Sonne seine Runden: \u201eSoleil au Cheval Rouge\u201c hei\u00dft die gro\u00dfformatige Arbeit.<\/p>\n<p>&nbsp;<\/p>\n<div id=\"attachment_3678\" style=\"width: 310px\" class=\"wp-caption alignright\"><a href=\"https:\/\/www.memo-media.de\/blog\/wp-content\/uploads\/2016\/04\/renee-sintenis-daphne-19174.jpg\" rel=\"attachment wp-att-3678\"><img aria-describedby=\"caption-attachment-3678\" decoding=\"async\" loading=\"lazy\" class=\"wp-image-3678 size-medium\" src=\"https:\/\/www.memo-media.de\/blog\/wp-content\/uploads\/2016\/04\/renee-sintenis-daphne-19174-300x225.jpg\" alt=\"Art Cologne Ren\u00e9e Sintenis, Daphne, 1917\" width=\"300\" height=\"225\" srcset=\"https:\/\/www.memo-media.de\/blog\/wp-content\/uploads\/2016\/04\/renee-sintenis-daphne-19174-300x225.jpg 300w, https:\/\/www.memo-media.de\/blog\/wp-content\/uploads\/2016\/04\/renee-sintenis-daphne-19174-768x576.jpg 768w, https:\/\/www.memo-media.de\/blog\/wp-content\/uploads\/2016\/04\/renee-sintenis-daphne-19174-1024x768.jpg 1024w, https:\/\/www.memo-media.de\/blog\/wp-content\/uploads\/2016\/04\/renee-sintenis-daphne-19174-72x54.jpg 72w, https:\/\/www.memo-media.de\/blog\/wp-content\/uploads\/2016\/04\/renee-sintenis-daphne-19174-335x251.jpg 335w, https:\/\/www.memo-media.de\/blog\/wp-content\/uploads\/2016\/04\/renee-sintenis-daphne-19174-1050x788.jpg 1050w, https:\/\/www.memo-media.de\/blog\/wp-content\/uploads\/2016\/04\/renee-sintenis-daphne-19174.jpg 1200w\" sizes=\"(max-width: 300px) 100vw, 300px\" \/><\/a><p id=\"caption-attachment-3678\" class=\"wp-caption-text\">Ren\u00e9e Sintenis, Daphne, 1917<\/p><\/div>\n<p>Die Grand Dame der Bildhauerinnen, Ren\u00e9e Sintenis, hat ihre \u201eDaphne\u201c von 1917 als T\u00e4nzerin modelliert. Man sieht die \u00c4hnlichkeit bei Ludorff nicht auf den ersten Blick, aber von Sintenis stammt auch der Berlinale B\u00e4r. F\u00fcr ihre kleinformatigen Tier- und Sportplastiken ist die Dame bekannt. Die kleine Bronze hat mit 39.000 Euro einen stolzen Preis.<\/p>\n<p>&nbsp;<\/p>\n<p>&nbsp;<\/p>\n<div id=\"attachment_3680\" style=\"width: 310px\" class=\"wp-caption alignleft\"><a href=\"https:\/\/www.memo-media.de\/blog\/wp-content\/uploads\/2016\/04\/joseph-cornell-carousell-lanner-waltzes-1971.jpg\" rel=\"attachment wp-att-3680\"><img aria-describedby=\"caption-attachment-3680\" decoding=\"async\" loading=\"lazy\" class=\"wp-image-3680 size-medium\" src=\"https:\/\/www.memo-media.de\/blog\/wp-content\/uploads\/2016\/04\/joseph-cornell-carousell-lanner-waltzes-1971-300x252.jpg\" alt=\"Art Cologne Joseph Cornell, Carousell - Lanner Waltzes, 1971\" width=\"300\" height=\"252\" srcset=\"https:\/\/www.memo-media.de\/blog\/wp-content\/uploads\/2016\/04\/joseph-cornell-carousell-lanner-waltzes-1971-300x252.jpg 300w, https:\/\/www.memo-media.de\/blog\/wp-content\/uploads\/2016\/04\/joseph-cornell-carousell-lanner-waltzes-1971-768x646.jpg 768w, https:\/\/www.memo-media.de\/blog\/wp-content\/uploads\/2016\/04\/joseph-cornell-carousell-lanner-waltzes-1971-1024x861.jpg 1024w, https:\/\/www.memo-media.de\/blog\/wp-content\/uploads\/2016\/04\/joseph-cornell-carousell-lanner-waltzes-1971-335x282.jpg 335w, https:\/\/www.memo-media.de\/blog\/wp-content\/uploads\/2016\/04\/joseph-cornell-carousell-lanner-waltzes-1971-1050x883.jpg 1050w, https:\/\/www.memo-media.de\/blog\/wp-content\/uploads\/2016\/04\/joseph-cornell-carousell-lanner-waltzes-1971.jpg 1200w\" sizes=\"(max-width: 300px) 100vw, 300px\" \/><\/a><p id=\"caption-attachment-3680\" class=\"wp-caption-text\">Joseph Cornell, Carousell &#8211; Lanner Waltzes, 1971<\/p><\/div>\n<p><span lang=\"de-DE\">Die Tanzcollage von Joseph Cornell, \u201cCarrousel &#8211; Lanner Waltzes\u201d, die er 1971 kurz vor seinem Tod fertigte, ist eine surrealistische Traumsequenz. Die Galerie Hollis Taggert zeigte die wunderbar leichte Arbeit auf der Art Cologne. Der Amerikaner war mit vielen Surrealisten befreundet, die Europa wegen der Nazis verlassen mussten und von diesen beeinflusst. <\/span><span lang=\"de-DE\"><i>Joseph Lanner<\/i><\/span><span lang=\"de-DE\"> war \u00fcbrigens ein fr\u00fcher \u00f6sterreichischer Walzerreformer. Cornell war ein k\u00fcnstlerisches Vorbild f\u00fcr den Hollywoodschauspieler Tony Curtis und wurde von diesem lange unterst\u00fctzt. Cornell war aber auch bei der 4. und 5. Documenta vertreten.<\/span><\/p>\n<p>&nbsp;<\/p>\n<div id=\"attachment_3682\" style=\"width: 310px\" class=\"wp-caption alignright\"><a href=\"https:\/\/www.memo-media.de\/blog\/wp-content\/uploads\/2016\/04\/jake-und-dinos-chapman-little-miss-mcmuffet-sat-on-her-mctuffet-2015.jpg\" rel=\"attachment wp-att-3682\"><img aria-describedby=\"caption-attachment-3682\" decoding=\"async\" loading=\"lazy\" class=\"wp-image-3682 size-medium\" src=\"https:\/\/www.memo-media.de\/blog\/wp-content\/uploads\/2016\/04\/jake-und-dinos-chapman-little-miss-mcmuffet-sat-on-her-mctuffet-2015-300x225.jpg\" alt=\"Art Cologne Jake und Dinos Chapman, Little Miss McMuffet Sat on Her McTuffet, 2015\" width=\"300\" height=\"225\" srcset=\"https:\/\/www.memo-media.de\/blog\/wp-content\/uploads\/2016\/04\/jake-und-dinos-chapman-little-miss-mcmuffet-sat-on-her-mctuffet-2015-300x225.jpg 300w, https:\/\/www.memo-media.de\/blog\/wp-content\/uploads\/2016\/04\/jake-und-dinos-chapman-little-miss-mcmuffet-sat-on-her-mctuffet-2015-768x576.jpg 768w, https:\/\/www.memo-media.de\/blog\/wp-content\/uploads\/2016\/04\/jake-und-dinos-chapman-little-miss-mcmuffet-sat-on-her-mctuffet-2015-1024x768.jpg 1024w, https:\/\/www.memo-media.de\/blog\/wp-content\/uploads\/2016\/04\/jake-und-dinos-chapman-little-miss-mcmuffet-sat-on-her-mctuffet-2015-72x54.jpg 72w, https:\/\/www.memo-media.de\/blog\/wp-content\/uploads\/2016\/04\/jake-und-dinos-chapman-little-miss-mcmuffet-sat-on-her-mctuffet-2015-335x251.jpg 335w, https:\/\/www.memo-media.de\/blog\/wp-content\/uploads\/2016\/04\/jake-und-dinos-chapman-little-miss-mcmuffet-sat-on-her-mctuffet-2015-1050x788.jpg 1050w, https:\/\/www.memo-media.de\/blog\/wp-content\/uploads\/2016\/04\/jake-und-dinos-chapman-little-miss-mcmuffet-sat-on-her-mctuffet-2015.jpg 1200w\" sizes=\"(max-width: 300px) 100vw, 300px\" \/><\/a><p id=\"caption-attachment-3682\" class=\"wp-caption-text\">Jake und Dinos Chapman, Little Miss McMuffet Sat on Her McTuffet, 2015<\/p><\/div>\n<p><span lang=\"de-DE\">Politisch sind die kleinen Dioramen der Gebr\u00fcder Jake &amp; Dinos Chapman, die man bei David Risley finden konnte. Man muss schon genau hinschauen, um den [memo_rubrik id=329]Clown[\/memo_rubrik] im Horror des Zweiten Weltkriegs zu entdecken. Die Szene ist surreal, ein Traum, aber kein guter. Tod und das sich Verlieren in das Lachen sind sich vielleicht n\u00e4her, als man gerne denkt. Die englischen Br\u00fcder \u00fcbermalten 2008 f\u00fcr die Ausstellung \u201e<\/span><span lang=\"de-DE\"><i>If Hitler Had Been a Hippy How Happy Would We Be\u201c<\/i><\/span><span lang=\"de-DE\"> 13 Aquarelle des Gr\u00f6FaZ keck mit Friedenssymbolen.<\/span><\/p>\n<p>&nbsp;<\/p>\n<div id=\"attachment_3684\" style=\"width: 310px\" class=\"wp-caption alignleft\"><a href=\"https:\/\/www.memo-media.de\/blog\/wp-content\/uploads\/2016\/04\/roy-lichtenstein-moonscape-1965.jpg\" rel=\"attachment wp-att-3684\"><img aria-describedby=\"caption-attachment-3684\" decoding=\"async\" loading=\"lazy\" class=\"wp-image-3684 size-medium\" src=\"https:\/\/www.memo-media.de\/blog\/wp-content\/uploads\/2016\/04\/roy-lichtenstein-moonscape-1965-300x261.jpg\" alt=\"Art Cologne Roy Lichtenstein, Moonscape, 1965\" width=\"300\" height=\"261\" srcset=\"https:\/\/www.memo-media.de\/blog\/wp-content\/uploads\/2016\/04\/roy-lichtenstein-moonscape-1965-300x261.jpg 300w, https:\/\/www.memo-media.de\/blog\/wp-content\/uploads\/2016\/04\/roy-lichtenstein-moonscape-1965-768x668.jpg 768w, https:\/\/www.memo-media.de\/blog\/wp-content\/uploads\/2016\/04\/roy-lichtenstein-moonscape-1965-1024x891.jpg 1024w, https:\/\/www.memo-media.de\/blog\/wp-content\/uploads\/2016\/04\/roy-lichtenstein-moonscape-1965-335x291.jpg 335w, https:\/\/www.memo-media.de\/blog\/wp-content\/uploads\/2016\/04\/roy-lichtenstein-moonscape-1965-1050x914.jpg 1050w, https:\/\/www.memo-media.de\/blog\/wp-content\/uploads\/2016\/04\/roy-lichtenstein-moonscape-1965.jpg 1200w\" sizes=\"(max-width: 300px) 100vw, 300px\" \/><\/a><p id=\"caption-attachment-3684\" class=\"wp-caption-text\">Roy Lichtenstein, Moonscape, 1965<\/p><\/div>\n<p>Mein Lieblingsbild der diesj\u00e4hrigen, 50. Art Cologne ist eine Mondlandschaft von Roy Lichtenstein (1965) bei Klaus Benden. Finanziell nicht meine Kragenweite und leider schon verkauft. Auch Motive, die keinen konkreten Bezug zur eigenen Arbeit oder einer gestellten Aufgabe haben, k\u00f6nnen h\u00f6chst inspirierend sein. Allen, die kreativ sein m\u00fcssen, ist ein Flanieren durch dieses gewaltige tempor\u00e4re Museum empfohlen. Man sieht tolle Bilder und Objekte, die danach in Sammlungen und Wohnzimmern f\u00fcr immer verschwinden. 2017 geht das wieder Ende April, und zwar vom 27. bis 30. April.<\/p>\n","protected":false},"excerpt":{"rendered":"<p>Auch in diesem 50. Jahr der Art Cologne sind die Motive aus der Zirkus- und [memo_rubrik id=260]Entertainment- [\/memo_rubrik]und [memo_rubrik id=188]B\u00fchnenwelt[\/memo_rubrik]&#8230;<\/p>\n","protected":false},"author":4,"featured_media":3715,"comment_status":"closed","ping_status":"open","sticky":false,"template":"","format":"standard","meta":[],"categories":[22,4],"tags":[377,512,666,332],"yoast_head":"<!-- This site is optimized with the Yoast SEO Premium plugin v20.5 (Yoast SEO v20.5) - https:\/\/yoast.com\/wordpress\/plugins\/seo\/ -->\n<title>Clowns und T\u00e4nzer auf der Art Cologne<\/title>\n<meta name=\"description\" content=\"Im memo-media-Blog geben wir einen Einblick in das 50. Jahr der Art Cologne. Zu entdecken sind Motive aus der Zirkus- und Entertainment- und B\u00fchnenwelt.\" \/>\n<meta name=\"robots\" content=\"index, follow, max-snippet:-1, max-image-preview:large, max-video-preview:-1\" \/>\n<link rel=\"canonical\" href=\"https:\/\/www.memo-media.de\/blog\/clowns-und-taenzer-auf-der-art-cologne\/\" \/>\n<meta property=\"og:locale\" content=\"de_DE\" \/>\n<meta property=\"og:type\" content=\"article\" \/>\n<meta property=\"og:title\" content=\"Clowns und T\u00e4nzer auf der Art Cologne\" \/>\n<meta property=\"og:description\" content=\"Im memo-media-Blog geben wir einen Einblick in das 50. Jahr der Art Cologne. Zu entdecken sind Motive aus der Zirkus- und Entertainment- und B\u00fchnenwelt.\" \/>\n<meta property=\"og:url\" content=\"https:\/\/www.memo-media.de\/blog\/clowns-und-taenzer-auf-der-art-cologne\/\" \/>\n<meta property=\"og:site_name\" content=\"memo-media Blog f\u00fcr die Eventplanung\" \/>\n<meta property=\"article:author\" content=\"https:\/\/www.facebook.com\/theartcore\" \/>\n<meta property=\"article:published_time\" content=\"2016-04-14T14:04:36+00:00\" \/>\n<meta property=\"article:modified_time\" content=\"2018-07-25T07:05:22+00:00\" \/>\n<meta property=\"og:image\" content=\"https:\/\/www.memo-media.de\/blog\/wp-content\/uploads\/2016\/04\/header_artcologne_1500x1149-1.jpg\" \/>\n\t<meta property=\"og:image:width\" content=\"1500\" \/>\n\t<meta property=\"og:image:height\" content=\"1149\" \/>\n\t<meta property=\"og:image:type\" content=\"image\/jpeg\" \/>\n<meta name=\"author\" content=\"Andreas Sch\u00e4fer\" \/>\n<meta name=\"twitter:label1\" content=\"Verfasst von\" \/>\n\t<meta name=\"twitter:data1\" content=\"Andreas Sch\u00e4fer\" \/>\n\t<meta name=\"twitter:label2\" content=\"Gesch\u00e4tzte Lesezeit\" \/>\n\t<meta name=\"twitter:data2\" content=\"5\u00a0Minuten\" \/>\n<script type=\"application\/ld+json\" class=\"yoast-schema-graph\">{\"@context\":\"https:\/\/schema.org\",\"@graph\":[{\"@type\":\"WebPage\",\"@id\":\"https:\/\/www.memo-media.de\/blog\/clowns-und-taenzer-auf-der-art-cologne\/\",\"url\":\"https:\/\/www.memo-media.de\/blog\/clowns-und-taenzer-auf-der-art-cologne\/\",\"name\":\"Clowns und T\u00e4nzer auf der Art Cologne\",\"isPartOf\":{\"@id\":\"https:\/\/www.memo-media.de\/blog\/#website\"},\"datePublished\":\"2016-04-14T14:04:36+00:00\",\"dateModified\":\"2018-07-25T07:05:22+00:00\",\"author\":{\"@id\":\"https:\/\/www.memo-media.de\/blog\/#\/schema\/person\/47b954ab670be9899b70793ff6260866\"},\"description\":\"Im memo-media-Blog geben wir einen Einblick in das 50. Jahr der Art Cologne. Zu entdecken sind Motive aus der Zirkus- und Entertainment- und B\u00fchnenwelt.\",\"breadcrumb\":{\"@id\":\"https:\/\/www.memo-media.de\/blog\/clowns-und-taenzer-auf-der-art-cologne\/#breadcrumb\"},\"inLanguage\":\"de\",\"potentialAction\":[{\"@type\":\"ReadAction\",\"target\":[\"https:\/\/www.memo-media.de\/blog\/clowns-und-taenzer-auf-der-art-cologne\/\"]}]},{\"@type\":\"BreadcrumbList\",\"@id\":\"https:\/\/www.memo-media.de\/blog\/clowns-und-taenzer-auf-der-art-cologne\/#breadcrumb\",\"itemListElement\":[{\"@type\":\"ListItem\",\"position\":1,\"name\":\"Home\",\"item\":\"https:\/\/www.memo-media.de\/blog\/\"},{\"@type\":\"ListItem\",\"position\":2,\"name\":\"Clowns und T\u00e4nzer auf der Art Cologne\"}]},{\"@type\":\"WebSite\",\"@id\":\"https:\/\/www.memo-media.de\/blog\/#website\",\"url\":\"https:\/\/www.memo-media.de\/blog\/\",\"name\":\"memo-media Blog f\u00fcr die Eventplanung\",\"description\":\"News und Facts aus der Eventbranche f\u00fcr die Eventbranche\",\"potentialAction\":[{\"@type\":\"SearchAction\",\"target\":{\"@type\":\"EntryPoint\",\"urlTemplate\":\"https:\/\/www.memo-media.de\/blog\/?s={search_term_string}\"},\"query-input\":\"required name=search_term_string\"}],\"inLanguage\":\"de\"},{\"@type\":\"Person\",\"@id\":\"https:\/\/www.memo-media.de\/blog\/#\/schema\/person\/47b954ab670be9899b70793ff6260866\",\"name\":\"Andreas Sch\u00e4fer\",\"image\":{\"@type\":\"ImageObject\",\"inLanguage\":\"de\",\"@id\":\"https:\/\/www.memo-media.de\/blog\/#\/schema\/person\/image\/\",\"url\":\"https:\/\/www.memo-media.de\/blog\/wp-content\/uploads\/2014\/04\/andreas-schaefer-c-martin-fago-150x150.jpg\",\"contentUrl\":\"https:\/\/www.memo-media.de\/blog\/wp-content\/uploads\/2014\/04\/andreas-schaefer-c-martin-fago-150x150.jpg\",\"caption\":\"Andreas Sch\u00e4fer\"},\"description\":\"Andreas Sch\u00e4fer besuchte die Master Class von Robert Lewis am Europ\u00e4ischen Schauspielerinstitut. Seit 1990 Regie und Leitung bei internationalen Theater- und Kunstevents auf der EXPO2000, f\u00fcr die Fraunhofer Gesellschaft, Initiativkreis Ruhrgebiet, Else-Lasker-Sch\u00fcler-Gesellschaft, Friedrich-Ebert-Stiftung u.a. 2014 European Best Event Award in Silber f\u00fcr einen Kunstevent im Europaparlament f\u00fcr die Stiftung EFCNI. Transitraum Else, internationales literarisches Projekt der Else-Lasker-Sch\u00fcler-Gesellschaft und Astronautenkost in Kooperation mit diversen Goethe-Instituten und der Villa Aurora u.a. mit Inger Nilsson, Lainie Kazan und John Nettles u.a. in Stockholm, New York, London und weiterer Beteiligung von 65 internationalen K\u00fcnstler*innen. F\u00f6rderpreis Digitale Dramaturgie Kultursekretariat NRW 2020. Seit 2009 ist er zweiter Chefredakteur der showcases im memo-media-Verlag.\",\"sameAs\":[\"http:\/\/www.andreas-schaefer.eu\",\"https:\/\/www.facebook.com\/theartcore\"],\"url\":\"https:\/\/www.memo-media.de\/blog\/author\/andreas-schaefer\/\"}]}<\/script>\n<!-- \/ Yoast SEO Premium plugin. -->","yoast_head_json":{"title":"Clowns und T\u00e4nzer auf der Art Cologne","description":"Im memo-media-Blog geben wir einen Einblick in das 50. Jahr der Art Cologne. Zu entdecken sind Motive aus der Zirkus- und Entertainment- und B\u00fchnenwelt.","robots":{"index":"index","follow":"follow","max-snippet":"max-snippet:-1","max-image-preview":"max-image-preview:large","max-video-preview":"max-video-preview:-1"},"canonical":"https:\/\/www.memo-media.de\/blog\/clowns-und-taenzer-auf-der-art-cologne\/","og_locale":"de_DE","og_type":"article","og_title":"Clowns und T\u00e4nzer auf der Art Cologne","og_description":"Im memo-media-Blog geben wir einen Einblick in das 50. Jahr der Art Cologne. Zu entdecken sind Motive aus der Zirkus- und Entertainment- und B\u00fchnenwelt.","og_url":"https:\/\/www.memo-media.de\/blog\/clowns-und-taenzer-auf-der-art-cologne\/","og_site_name":"memo-media Blog f\u00fcr die Eventplanung","article_author":"https:\/\/www.facebook.com\/theartcore","article_published_time":"2016-04-14T14:04:36+00:00","article_modified_time":"2018-07-25T07:05:22+00:00","og_image":[{"width":1500,"height":1149,"url":"https:\/\/www.memo-media.de\/blog\/wp-content\/uploads\/2016\/04\/header_artcologne_1500x1149-1.jpg","type":"image\/jpeg"}],"author":"Andreas Sch\u00e4fer","twitter_misc":{"Verfasst von":"Andreas Sch\u00e4fer","Gesch\u00e4tzte Lesezeit":"5\u00a0Minuten"},"schema":{"@context":"https:\/\/schema.org","@graph":[{"@type":"WebPage","@id":"https:\/\/www.memo-media.de\/blog\/clowns-und-taenzer-auf-der-art-cologne\/","url":"https:\/\/www.memo-media.de\/blog\/clowns-und-taenzer-auf-der-art-cologne\/","name":"Clowns und T\u00e4nzer auf der Art Cologne","isPartOf":{"@id":"https:\/\/www.memo-media.de\/blog\/#website"},"datePublished":"2016-04-14T14:04:36+00:00","dateModified":"2018-07-25T07:05:22+00:00","author":{"@id":"https:\/\/www.memo-media.de\/blog\/#\/schema\/person\/47b954ab670be9899b70793ff6260866"},"description":"Im memo-media-Blog geben wir einen Einblick in das 50. Jahr der Art Cologne. Zu entdecken sind Motive aus der Zirkus- und Entertainment- und B\u00fchnenwelt.","breadcrumb":{"@id":"https:\/\/www.memo-media.de\/blog\/clowns-und-taenzer-auf-der-art-cologne\/#breadcrumb"},"inLanguage":"de","potentialAction":[{"@type":"ReadAction","target":["https:\/\/www.memo-media.de\/blog\/clowns-und-taenzer-auf-der-art-cologne\/"]}]},{"@type":"BreadcrumbList","@id":"https:\/\/www.memo-media.de\/blog\/clowns-und-taenzer-auf-der-art-cologne\/#breadcrumb","itemListElement":[{"@type":"ListItem","position":1,"name":"Home","item":"https:\/\/www.memo-media.de\/blog\/"},{"@type":"ListItem","position":2,"name":"Clowns und T\u00e4nzer auf der Art Cologne"}]},{"@type":"WebSite","@id":"https:\/\/www.memo-media.de\/blog\/#website","url":"https:\/\/www.memo-media.de\/blog\/","name":"memo-media Blog f\u00fcr die Eventplanung","description":"News und Facts aus der Eventbranche f\u00fcr die Eventbranche","potentialAction":[{"@type":"SearchAction","target":{"@type":"EntryPoint","urlTemplate":"https:\/\/www.memo-media.de\/blog\/?s={search_term_string}"},"query-input":"required name=search_term_string"}],"inLanguage":"de"},{"@type":"Person","@id":"https:\/\/www.memo-media.de\/blog\/#\/schema\/person\/47b954ab670be9899b70793ff6260866","name":"Andreas Sch\u00e4fer","image":{"@type":"ImageObject","inLanguage":"de","@id":"https:\/\/www.memo-media.de\/blog\/#\/schema\/person\/image\/","url":"https:\/\/www.memo-media.de\/blog\/wp-content\/uploads\/2014\/04\/andreas-schaefer-c-martin-fago-150x150.jpg","contentUrl":"https:\/\/www.memo-media.de\/blog\/wp-content\/uploads\/2014\/04\/andreas-schaefer-c-martin-fago-150x150.jpg","caption":"Andreas Sch\u00e4fer"},"description":"Andreas Sch\u00e4fer besuchte die Master Class von Robert Lewis am Europ\u00e4ischen Schauspielerinstitut. Seit 1990 Regie und Leitung bei internationalen Theater- und Kunstevents auf der EXPO2000, f\u00fcr die Fraunhofer Gesellschaft, Initiativkreis Ruhrgebiet, Else-Lasker-Sch\u00fcler-Gesellschaft, Friedrich-Ebert-Stiftung u.a. 2014 European Best Event Award in Silber f\u00fcr einen Kunstevent im Europaparlament f\u00fcr die Stiftung EFCNI. Transitraum Else, internationales literarisches Projekt der Else-Lasker-Sch\u00fcler-Gesellschaft und Astronautenkost in Kooperation mit diversen Goethe-Instituten und der Villa Aurora u.a. mit Inger Nilsson, Lainie Kazan und John Nettles u.a. in Stockholm, New York, London und weiterer Beteiligung von 65 internationalen K\u00fcnstler*innen. F\u00f6rderpreis Digitale Dramaturgie Kultursekretariat NRW 2020. Seit 2009 ist er zweiter Chefredakteur der showcases im memo-media-Verlag.","sameAs":["http:\/\/www.andreas-schaefer.eu","https:\/\/www.facebook.com\/theartcore"],"url":"https:\/\/www.memo-media.de\/blog\/author\/andreas-schaefer\/"}]}},"_links":{"self":[{"href":"https:\/\/www.memo-media.de\/blog\/wp-json\/wp\/v2\/posts\/3659"}],"collection":[{"href":"https:\/\/www.memo-media.de\/blog\/wp-json\/wp\/v2\/posts"}],"about":[{"href":"https:\/\/www.memo-media.de\/blog\/wp-json\/wp\/v2\/types\/post"}],"author":[{"embeddable":true,"href":"https:\/\/www.memo-media.de\/blog\/wp-json\/wp\/v2\/users\/4"}],"replies":[{"embeddable":true,"href":"https:\/\/www.memo-media.de\/blog\/wp-json\/wp\/v2\/comments?post=3659"}],"version-history":[{"count":33,"href":"https:\/\/www.memo-media.de\/blog\/wp-json\/wp\/v2\/posts\/3659\/revisions"}],"predecessor-version":[{"id":8051,"href":"https:\/\/www.memo-media.de\/blog\/wp-json\/wp\/v2\/posts\/3659\/revisions\/8051"}],"wp:featuredmedia":[{"embeddable":true,"href":"https:\/\/www.memo-media.de\/blog\/wp-json\/wp\/v2\/media\/3715"}],"wp:attachment":[{"href":"https:\/\/www.memo-media.de\/blog\/wp-json\/wp\/v2\/media?parent=3659"}],"wp:term":[{"taxonomy":"category","embeddable":true,"href":"https:\/\/www.memo-media.de\/blog\/wp-json\/wp\/v2\/categories?post=3659"},{"taxonomy":"post_tag","embeddable":true,"href":"https:\/\/www.memo-media.de\/blog\/wp-json\/wp\/v2\/tags?post=3659"}],"curies":[{"name":"wp","href":"https:\/\/api.w.org\/{rel}","templated":true}]}}