{"id":3194,"date":"2016-01-11T13:26:21","date_gmt":"2016-01-11T11:26:21","guid":{"rendered":"http:\/\/www.memo-media.de\/blog\/?p=3194"},"modified":"2020-04-01T14:59:55","modified_gmt":"2020-04-01T12:59:55","slug":"michael-walta-bauchredner-mit-herz-anspruch-und-viel-humor","status":"publish","type":"post","link":"https:\/\/www.memo-media.de\/blog\/michael-walta-bauchredner-mit-herz-anspruch-und-viel-humor\/","title":{"rendered":"Bauchredner mit Herz, Anspruch und viel Humor"},"content":{"rendered":"<p>Hilde hat einen Traum. Sie m\u00f6chte unbedingt eine Ballettt\u00e4nzerin sein. Dass Hilde zur Familie der Nilpferde geh\u00f6rt und das rosa Tutu um die H\u00fcfte fast zu platzen droht, ist nicht unbedingt f\u00f6rderlich f\u00fcr die gro\u00dfe Karriere. Bl\u00f6d f\u00fcr Hilde, herrlich lustig aber f\u00fcr das Publikum. Denn die Nilpferd-Dame mit den riesigen Augen ist eine Puppe, die vom <a href=\"http:\/\/www.michael-walta.de\" target=\"_blank\" rel=\"noopener noreferrer\">Bauchredner und Entertainer Michael Walta<\/a> auf unglaublich charmante Art und Weise zum Leben erweckt wird &#8211; und damit so ziemlich jedes Publikum begeistert.<\/p>\n[memo_eintrag kundennummer=503004]Michael Walta[\/memo_eintrag] hat in seiner 23-j\u00e4hrigen Karriere schon fast die komplette Klaviatur des Showbusiness durchexerziert. Er war S\u00e4nger und Schauspieler, Musicaldarsteller, Comedian und Zauberer. Seine gro\u00dfe Leidenschaft gilt allerdings dem Bauchreden. Seine erste Puppe, einen Raben, bekam er mit 23. Zwei, drei Gags brachte er sich selbst bei. Die Reaktionen der Zuschauer bei den ersten Vorf\u00fchrungen waren derart gut, dass er sein Programm immer weiter ausbaute und verfeinerte. Der Pl\u00fcschvogel Freddy mit dem losen Mundwerk ist seit gut zwei Jahrzehnte ein absoluter Publikumsliebling, seit Mai 2015 geh\u00f6rt auch Hilde zur Familie. \u201eMeine Figuren sagen das, was ich denke\u201c, gibt Michael Walta mit einem breiten Grinsen zu. \u201eDabei kommt es ab und an schon vor, dass mir danach klar wird \u201aUps, das h\u00e4tte ich jetzt nicht sagen sollen\u2018. Aber ich bin immer respektvoll und stelle nie jemanden blo\u00df.\u201c<\/p>\n<h3>Der Humor reicht je nach Anlass von frivol \u00fcber geistreich bis hin zu sentimental<\/h3>\n<div id=\"attachment_3196\" style=\"width: 310px\" class=\"wp-caption alignleft\"><a href=\"https:\/\/www.memo-media.de\/blog\/wp-content\/uploads\/2016\/01\/mw1.jpg\"><img aria-describedby=\"caption-attachment-3196\" decoding=\"async\" loading=\"lazy\" class=\"size-medium wp-image-3196\" src=\"https:\/\/www.memo-media.de\/blog\/wp-content\/uploads\/2016\/01\/mw1-300x200.jpg\" alt=\"Bauchredner und Entertainer Michael Walta\" width=\"300\" height=\"200\" srcset=\"https:\/\/www.memo-media.de\/blog\/wp-content\/uploads\/2016\/01\/mw1-300x200.jpg 300w, https:\/\/www.memo-media.de\/blog\/wp-content\/uploads\/2016\/01\/mw1-1024x682.jpg 1024w, https:\/\/www.memo-media.de\/blog\/wp-content\/uploads\/2016\/01\/mw1-335x223.jpg 335w, https:\/\/www.memo-media.de\/blog\/wp-content\/uploads\/2016\/01\/mw1-1050x700.jpg 1050w, https:\/\/www.memo-media.de\/blog\/wp-content\/uploads\/2016\/01\/mw1.jpg 2000w\" sizes=\"(max-width: 300px) 100vw, 300px\" \/><\/a><p id=\"caption-attachment-3196\" class=\"wp-caption-text\">Mit der &#8220;Wilden Hilde&#8221; will Bauchredner Michael Walta nun neue Wege einschlagen<\/p><\/div>\n<p>Die Geschichten, die seine Puppen erz\u00e4hlen, und die Lieder, die sie zum Besten geben, sind je nach Publikum und Anlass mal geraderaus und frivol, mal so sentimental und herzerweichend, dass man nicht wei\u00df, ob man lachen oder weinen soll. \u201eMeine Figuren haben im Laufe der Zeit ihre ganz eigene Pers\u00f6nlichkeit entwickelt. Freddy ist ein bisschen frecher, mit Hilde kam mehr Poesie dazu. Beide spielen sich deshalb auch v\u00f6llig unterschiedlich\u201c, so der 47-J\u00e4hrige. Aber weil beide Figuren so vielschichtig sind, kann Hilde bei einer Karnevalsveranstaltung auch mal herrlich offen \u00fcber ihren riesigen Schl\u00fcpfer plaudern, oder Freddy einen Song singen, bei dem die Feuerzeuge ausgepackt werden und Tr\u00e4nen der R\u00fchrung flie\u00dfen.<\/p>\n<p>Ein gewisser Anspruch geh\u00f6rt f\u00fcr den Bauchredner und Entertainer, dessen Vater vor vielen Jahren Regie bei einer Katholischen Laienspielschar f\u00fchrte, dazu: \u201eIch m\u00f6chte meinem Publikum mit viel Humor Werte vermitteln und sie vom Alltag ablenken.\u201c Deshalb engagiert sich Michael Walta auch verst\u00e4rkt f\u00fcr Kinder und Jugendliche, in dem er regelm\u00e4\u00dfig in Kinderg\u00e4rten und an Schulen auftritt und mit seinen Puppen Gesundheits- und Verkehrserziehung betreibt. Auch in der Kinderonkologie in K\u00f6ln ist der Bauchredner ein h\u00e4ufig und gern gesehener Gast.<\/p>\n<h3>Bauchredner Michael Walta: \u201eMeine Zielgruppe sind Menschen\u201c<\/h3>\n<div id=\"attachment_3197\" style=\"width: 310px\" class=\"wp-caption alignright\"><a href=\"https:\/\/www.memo-media.de\/blog\/wp-content\/uploads\/2016\/01\/mw2.jpg\"><img aria-describedby=\"caption-attachment-3197\" decoding=\"async\" loading=\"lazy\" class=\"size-medium wp-image-3197\" src=\"https:\/\/www.memo-media.de\/blog\/wp-content\/uploads\/2016\/01\/mw2-300x232.jpg\" alt=\"Bauchredner und Entertainer Michael Walta\" width=\"300\" height=\"232\" srcset=\"https:\/\/www.memo-media.de\/blog\/wp-content\/uploads\/2016\/01\/mw2-300x232.jpg 300w, https:\/\/www.memo-media.de\/blog\/wp-content\/uploads\/2016\/01\/mw2-203x157.jpg 203w, https:\/\/www.memo-media.de\/blog\/wp-content\/uploads\/2016\/01\/mw2-335x259.jpg 335w, https:\/\/www.memo-media.de\/blog\/wp-content\/uploads\/2016\/01\/mw2.jpg 612w\" sizes=\"(max-width: 300px) 100vw, 300px\" \/><\/a><p id=\"caption-attachment-3197\" class=\"wp-caption-text\">Seit gut 20 Jahren Publikumsliebling: der Pl\u00fcschvogel Freddy.<\/p><\/div>\n<p>Seine Geschichten gestaltet er dabei meist so variabel, dass sowohl Kinder als auch Eltern ihren Spa\u00df damit haben. \u201eVor einigen Wochen bin ich auf einer Messe vor 1000 Kindern aufgetreten. Am Anfang sa\u00df lediglich eine Handvoll Erwachsener im Publikum, am Ende waren es rund 200.\u201c Eine ganz bestimmte Zielgruppe habe er nicht, so der Bauchredner weiter. \u201eMeine Zielgruppe sind Menschen.\u201c Auch ein Grund, warum Michael Walta l\u00e4ngst auch \u00fcber die Grenzen Essens und Nordrheinwestfalens hinaus bekannt ist. \u201eIch habe schon vor 10.000 Menschen gespielt, aber ich mag die N\u00e4he zu meinem Publikum und spiele deshalb auch sehr gerne in kleineren Theatern.\u201c<\/p>\n<p>Momentan arbeitet er an einem kompletten Abendprogramm, in das er auch wieder mehr Elemente aus Zauberei und Comedy einflie\u00dfen lassen will. Die Hauptrollen sollen nichtsdestotrotz seine beiden Lieblinge, Freddy und Hilde, \u00fcbernehmen. Und dann, wer wei\u00df, erf\u00fcllt sich Hilde vielleicht irgendwann doch noch ihren gro\u00dfen Traum.<\/p>\n<p><a href=\"https:\/\/www.facebook.com\/michael.walta\" target=\"_blank\" rel=\"noopener noreferrer\">Hier<\/a> finden Sie Michael Walta und seine &#8220;Wilde Hilde&#8221; auf Facebook.<\/p>\n","protected":false},"excerpt":{"rendered":"<p>Hilde hat einen Traum. Sie m\u00f6chte unbedingt eine Ballettt\u00e4nzerin sein. Dass Hilde zur Familie der Nilpferde geh\u00f6rt und das rosa&#8230;<\/p>\n","protected":false},"author":13,"featured_media":3195,"comment_status":"closed","ping_status":"open","sticky":false,"template":"","format":"standard","meta":[],"categories":[9,4],"tags":[578,522,230,1996,151],"yoast_head":"<!-- This site is optimized with the Yoast SEO Premium plugin v20.5 (Yoast SEO v20.5) - https:\/\/yoast.com\/wordpress\/plugins\/seo\/ -->\n<title>Bauchredner mit Herz, Anspruch und viel Humor<\/title>\n<meta name=\"description\" content=\"Michael Walta ist Bauchredner und Entertainer, der f\u00fcr jedes Publikum die richtige Puppe und das passende Programm parat hat. Wir haben ihn besucht.\" \/>\n<meta name=\"robots\" content=\"index, follow, max-snippet:-1, max-image-preview:large, max-video-preview:-1\" \/>\n<link rel=\"canonical\" href=\"https:\/\/www.memo-media.de\/blog\/michael-walta-bauchredner-mit-herz-anspruch-und-viel-humor\/\" \/>\n<meta property=\"og:locale\" content=\"de_DE\" \/>\n<meta property=\"og:type\" content=\"article\" \/>\n<meta property=\"og:title\" content=\"Bauchredner mit Herz, Anspruch und viel Humor\" \/>\n<meta property=\"og:description\" content=\"Michael Walta ist Bauchredner und Entertainer, der f\u00fcr jedes Publikum die richtige Puppe und das passende Programm parat hat. Wir haben ihn besucht.\" \/>\n<meta property=\"og:url\" content=\"https:\/\/www.memo-media.de\/blog\/michael-walta-bauchredner-mit-herz-anspruch-und-viel-humor\/\" \/>\n<meta property=\"og:site_name\" content=\"memo-media Blog f\u00fcr die Eventplanung\" \/>\n<meta property=\"article:published_time\" content=\"2016-01-11T11:26:21+00:00\" \/>\n<meta property=\"article:modified_time\" content=\"2020-04-01T12:59:55+00:00\" \/>\n<meta property=\"og:image\" content=\"https:\/\/www.memo-media.de\/blog\/wp-content\/uploads\/2016\/01\/mw_header.jpg\" \/>\n\t<meta property=\"og:image:width\" content=\"1724\" \/>\n\t<meta property=\"og:image:height\" content=\"1149\" \/>\n\t<meta property=\"og:image:type\" content=\"image\/jpeg\" \/>\n<meta name=\"author\" content=\"Aljoscha Grabowski\" \/>\n<meta name=\"twitter:label1\" content=\"Verfasst von\" \/>\n\t<meta name=\"twitter:data1\" content=\"Aljoscha Grabowski\" \/>\n\t<meta name=\"twitter:label2\" content=\"Gesch\u00e4tzte Lesezeit\" \/>\n\t<meta name=\"twitter:data2\" content=\"3\u00a0Minuten\" \/>\n<script type=\"application\/ld+json\" class=\"yoast-schema-graph\">{\"@context\":\"https:\/\/schema.org\",\"@graph\":[{\"@type\":\"WebPage\",\"@id\":\"https:\/\/www.memo-media.de\/blog\/michael-walta-bauchredner-mit-herz-anspruch-und-viel-humor\/\",\"url\":\"https:\/\/www.memo-media.de\/blog\/michael-walta-bauchredner-mit-herz-anspruch-und-viel-humor\/\",\"name\":\"Bauchredner mit Herz, Anspruch und viel Humor\",\"isPartOf\":{\"@id\":\"https:\/\/www.memo-media.de\/blog\/#website\"},\"datePublished\":\"2016-01-11T11:26:21+00:00\",\"dateModified\":\"2020-04-01T12:59:55+00:00\",\"author\":{\"@id\":\"https:\/\/www.memo-media.de\/blog\/#\/schema\/person\/d6e5cd0a1d6ebcd0d6a0dd6a691cad22\"},\"description\":\"Michael Walta ist Bauchredner und Entertainer, der f\u00fcr jedes Publikum die richtige Puppe und das passende Programm parat hat. Wir haben ihn besucht.\",\"breadcrumb\":{\"@id\":\"https:\/\/www.memo-media.de\/blog\/michael-walta-bauchredner-mit-herz-anspruch-und-viel-humor\/#breadcrumb\"},\"inLanguage\":\"de\",\"potentialAction\":[{\"@type\":\"ReadAction\",\"target\":[\"https:\/\/www.memo-media.de\/blog\/michael-walta-bauchredner-mit-herz-anspruch-und-viel-humor\/\"]}]},{\"@type\":\"BreadcrumbList\",\"@id\":\"https:\/\/www.memo-media.de\/blog\/michael-walta-bauchredner-mit-herz-anspruch-und-viel-humor\/#breadcrumb\",\"itemListElement\":[{\"@type\":\"ListItem\",\"position\":1,\"name\":\"Home\",\"item\":\"https:\/\/www.memo-media.de\/blog\/\"},{\"@type\":\"ListItem\",\"position\":2,\"name\":\"Bauchredner mit Herz, Anspruch und viel Humor\"}]},{\"@type\":\"WebSite\",\"@id\":\"https:\/\/www.memo-media.de\/blog\/#website\",\"url\":\"https:\/\/www.memo-media.de\/blog\/\",\"name\":\"memo-media Blog f\u00fcr die Eventplanung\",\"description\":\"News und Facts aus der Eventbranche f\u00fcr die Eventbranche\",\"potentialAction\":[{\"@type\":\"SearchAction\",\"target\":{\"@type\":\"EntryPoint\",\"urlTemplate\":\"https:\/\/www.memo-media.de\/blog\/?s={search_term_string}\"},\"query-input\":\"required name=search_term_string\"}],\"inLanguage\":\"de\"},{\"@type\":\"Person\",\"@id\":\"https:\/\/www.memo-media.de\/blog\/#\/schema\/person\/d6e5cd0a1d6ebcd0d6a0dd6a691cad22\",\"name\":\"Aljoscha Grabowski\",\"image\":{\"@type\":\"ImageObject\",\"inLanguage\":\"de\",\"@id\":\"https:\/\/www.memo-media.de\/blog\/#\/schema\/person\/image\/\",\"url\":\"https:\/\/www.memo-media.de\/blog\/wp-content\/uploads\/2014\/10\/aljoscha150x150.jpg\",\"contentUrl\":\"https:\/\/www.memo-media.de\/blog\/wp-content\/uploads\/2014\/10\/aljoscha150x150.jpg\",\"caption\":\"Aljoscha Grabowski\"},\"description\":\"Aljoscha Grabowski hat Online-Journalismus an der Hochschule Darmstadt studiert und ist als freiberuflicher Journalist, Texter und Blogger t\u00e4tig. Als solcher schreibt er f\u00fcr verschiedene Zeitungen, Zeitschriften und Online-Medien haupts\u00e4chlich \u00fcber Sport, Kultur und die Event-Branche. Wir haben den sympathischen Frankfurter auf der Best Of Events 2014 in Dortmund kennengelernt und ihn ins Boot geholt, weil er stets die richtigen Worte findet, um Produkte, Dienstleistungen und alles andere Erw\u00e4hnenswerte ins richtige Licht der Aufmerksamkeit zu r\u00fccken.\",\"sameAs\":[\"http:\/\/www.aljoscha-grabowski.de\"],\"url\":\"https:\/\/www.memo-media.de\/blog\/author\/aljoscha-grabowski\/\"}]}<\/script>\n<!-- \/ Yoast SEO Premium plugin. -->","yoast_head_json":{"title":"Bauchredner mit Herz, Anspruch und viel Humor","description":"Michael Walta ist Bauchredner und Entertainer, der f\u00fcr jedes Publikum die richtige Puppe und das passende Programm parat hat. Wir haben ihn besucht.","robots":{"index":"index","follow":"follow","max-snippet":"max-snippet:-1","max-image-preview":"max-image-preview:large","max-video-preview":"max-video-preview:-1"},"canonical":"https:\/\/www.memo-media.de\/blog\/michael-walta-bauchredner-mit-herz-anspruch-und-viel-humor\/","og_locale":"de_DE","og_type":"article","og_title":"Bauchredner mit Herz, Anspruch und viel Humor","og_description":"Michael Walta ist Bauchredner und Entertainer, der f\u00fcr jedes Publikum die richtige Puppe und das passende Programm parat hat. Wir haben ihn besucht.","og_url":"https:\/\/www.memo-media.de\/blog\/michael-walta-bauchredner-mit-herz-anspruch-und-viel-humor\/","og_site_name":"memo-media Blog f\u00fcr die Eventplanung","article_published_time":"2016-01-11T11:26:21+00:00","article_modified_time":"2020-04-01T12:59:55+00:00","og_image":[{"width":1724,"height":1149,"url":"https:\/\/www.memo-media.de\/blog\/wp-content\/uploads\/2016\/01\/mw_header.jpg","type":"image\/jpeg"}],"author":"Aljoscha Grabowski","twitter_misc":{"Verfasst von":"Aljoscha Grabowski","Gesch\u00e4tzte Lesezeit":"3\u00a0Minuten"},"schema":{"@context":"https:\/\/schema.org","@graph":[{"@type":"WebPage","@id":"https:\/\/www.memo-media.de\/blog\/michael-walta-bauchredner-mit-herz-anspruch-und-viel-humor\/","url":"https:\/\/www.memo-media.de\/blog\/michael-walta-bauchredner-mit-herz-anspruch-und-viel-humor\/","name":"Bauchredner mit Herz, Anspruch und viel Humor","isPartOf":{"@id":"https:\/\/www.memo-media.de\/blog\/#website"},"datePublished":"2016-01-11T11:26:21+00:00","dateModified":"2020-04-01T12:59:55+00:00","author":{"@id":"https:\/\/www.memo-media.de\/blog\/#\/schema\/person\/d6e5cd0a1d6ebcd0d6a0dd6a691cad22"},"description":"Michael Walta ist Bauchredner und Entertainer, der f\u00fcr jedes Publikum die richtige Puppe und das passende Programm parat hat. Wir haben ihn besucht.","breadcrumb":{"@id":"https:\/\/www.memo-media.de\/blog\/michael-walta-bauchredner-mit-herz-anspruch-und-viel-humor\/#breadcrumb"},"inLanguage":"de","potentialAction":[{"@type":"ReadAction","target":["https:\/\/www.memo-media.de\/blog\/michael-walta-bauchredner-mit-herz-anspruch-und-viel-humor\/"]}]},{"@type":"BreadcrumbList","@id":"https:\/\/www.memo-media.de\/blog\/michael-walta-bauchredner-mit-herz-anspruch-und-viel-humor\/#breadcrumb","itemListElement":[{"@type":"ListItem","position":1,"name":"Home","item":"https:\/\/www.memo-media.de\/blog\/"},{"@type":"ListItem","position":2,"name":"Bauchredner mit Herz, Anspruch und viel Humor"}]},{"@type":"WebSite","@id":"https:\/\/www.memo-media.de\/blog\/#website","url":"https:\/\/www.memo-media.de\/blog\/","name":"memo-media Blog f\u00fcr die Eventplanung","description":"News und Facts aus der Eventbranche f\u00fcr die Eventbranche","potentialAction":[{"@type":"SearchAction","target":{"@type":"EntryPoint","urlTemplate":"https:\/\/www.memo-media.de\/blog\/?s={search_term_string}"},"query-input":"required name=search_term_string"}],"inLanguage":"de"},{"@type":"Person","@id":"https:\/\/www.memo-media.de\/blog\/#\/schema\/person\/d6e5cd0a1d6ebcd0d6a0dd6a691cad22","name":"Aljoscha Grabowski","image":{"@type":"ImageObject","inLanguage":"de","@id":"https:\/\/www.memo-media.de\/blog\/#\/schema\/person\/image\/","url":"https:\/\/www.memo-media.de\/blog\/wp-content\/uploads\/2014\/10\/aljoscha150x150.jpg","contentUrl":"https:\/\/www.memo-media.de\/blog\/wp-content\/uploads\/2014\/10\/aljoscha150x150.jpg","caption":"Aljoscha Grabowski"},"description":"Aljoscha Grabowski hat Online-Journalismus an der Hochschule Darmstadt studiert und ist als freiberuflicher Journalist, Texter und Blogger t\u00e4tig. Als solcher schreibt er f\u00fcr verschiedene Zeitungen, Zeitschriften und Online-Medien haupts\u00e4chlich \u00fcber Sport, Kultur und die Event-Branche. Wir haben den sympathischen Frankfurter auf der Best Of Events 2014 in Dortmund kennengelernt und ihn ins Boot geholt, weil er stets die richtigen Worte findet, um Produkte, Dienstleistungen und alles andere Erw\u00e4hnenswerte ins richtige Licht der Aufmerksamkeit zu r\u00fccken.","sameAs":["http:\/\/www.aljoscha-grabowski.de"],"url":"https:\/\/www.memo-media.de\/blog\/author\/aljoscha-grabowski\/"}]}},"_links":{"self":[{"href":"https:\/\/www.memo-media.de\/blog\/wp-json\/wp\/v2\/posts\/3194"}],"collection":[{"href":"https:\/\/www.memo-media.de\/blog\/wp-json\/wp\/v2\/posts"}],"about":[{"href":"https:\/\/www.memo-media.de\/blog\/wp-json\/wp\/v2\/types\/post"}],"author":[{"embeddable":true,"href":"https:\/\/www.memo-media.de\/blog\/wp-json\/wp\/v2\/users\/13"}],"replies":[{"embeddable":true,"href":"https:\/\/www.memo-media.de\/blog\/wp-json\/wp\/v2\/comments?post=3194"}],"version-history":[{"count":5,"href":"https:\/\/www.memo-media.de\/blog\/wp-json\/wp\/v2\/posts\/3194\/revisions"}],"predecessor-version":[{"id":10920,"href":"https:\/\/www.memo-media.de\/blog\/wp-json\/wp\/v2\/posts\/3194\/revisions\/10920"}],"wp:featuredmedia":[{"embeddable":true,"href":"https:\/\/www.memo-media.de\/blog\/wp-json\/wp\/v2\/media\/3195"}],"wp:attachment":[{"href":"https:\/\/www.memo-media.de\/blog\/wp-json\/wp\/v2\/media?parent=3194"}],"wp:term":[{"taxonomy":"category","embeddable":true,"href":"https:\/\/www.memo-media.de\/blog\/wp-json\/wp\/v2\/categories?post=3194"},{"taxonomy":"post_tag","embeddable":true,"href":"https:\/\/www.memo-media.de\/blog\/wp-json\/wp\/v2\/tags?post=3194"}],"curies":[{"name":"wp","href":"https:\/\/api.w.org\/{rel}","templated":true}]}}