{"id":2929,"date":"2015-11-30T23:47:33","date_gmt":"2015-11-30T21:47:33","guid":{"rendered":"http:\/\/www.memo-media.de\/blog\/?p=2929"},"modified":"2024-03-14T13:44:09","modified_gmt":"2024-03-14T11:44:09","slug":"deutscher-nachhaltigkeitspreis-2015-mit-musikalischen-highlights-organisiert-vom-talent-buyer-stefan-lohmann","status":"publish","type":"post","link":"https:\/\/www.memo-media.de\/blog\/deutscher-nachhaltigkeitspreis-2015-mit-musikalischen-highlights-organisiert-vom-talent-buyer-stefan-lohmann\/","title":{"rendered":"Deutscher Nachhaltigkeitspreis 2015 mit musikalischen Highlights"},"content":{"rendered":"<p>Es war ein Abend der Extraklasse \u2013 und so war es auch geplant. Der Deutsche Nachhaltigkeitspreis 2015, initiiert 2008 von Stefan Schulze-Hausmann, wurde am 27.11 in D\u00fcsseldorf vor 1.200 G\u00e4sten zum achten Mal verliehen. Die in Zusammenarbeit mit der Bundesregierung vergebene Auszeichnung ging unter anderem an das Heiztechnik-Unternehmen Vaillant, den Biolebensmittel-Pionier <a href=\"https:\/\/www.lebensbaum.com\/\" target=\"_blank\" rel=\"noopener\">Lebensbaum<\/a> und die Nordseeinsel Juist.<\/p>\n<div id=\"attachment_2946\" style=\"width: 310px\" class=\"wp-caption aligncenter\"><a href=\"https:\/\/www.memo-media.de\/blog\/wp-content\/uploads\/2015\/11\/nhp_2015_dsc_4076.jpg\"><img aria-describedby=\"caption-attachment-2946\" decoding=\"async\" loading=\"lazy\" class=\"size-medium wp-image-2946\" src=\"https:\/\/www.memo-media.de\/blog\/wp-content\/uploads\/2015\/11\/nhp_2015_dsc_4076-300x200.jpg\" alt=\"Hans-Dietrich Genscher beim Deutschen Nachhaltigkeitspreis\" width=\"300\" height=\"200\" \/><\/a><p id=\"caption-attachment-2946\" class=\"wp-caption-text\">Hans-Dietrich Genscher beim Deutschen Nachhaltigkeitspreis: &#8220;Deutschland erlebt zur Zeit einen noch nie dagewesenen Wohlstand.&#8221;<\/p><\/div>\n<p>Mit Ehrenpreisen wurden I. M. K\u00f6nigin Silvia von Schweden, UN-Fl\u00fcchtlingskommissar Ant\u00f3nio Guterres, Hans-Dietrich Genscher und der S\u00e4nger Art Garfunkel gew\u00fcrdigt. \u201eDeutschlands nachhaltigste Gro\u00dfstadt 2015\u201c ist Karlsruhe und <a href=\"https:\/\/www.vaude.com\/de\/de\/\" target=\"_blank\" rel=\"noopener\">Vaude<\/a> konnte als nachhaltigste Marken \u00fcberzeugen.<\/p>\n<h3>Hohe Promi-Dichte beim Deutschen Nachhaltigkeitspreis<\/h3>\n<p>Die Promi-Dichte war hoch \u2013 mit der Bundesumweltministerin Dr. Barbara Hendricks startete der Abend und mit Art Garfunkel endete er. Insgesamt wurden elf Preise verliehen, und das dauert.<\/p>\n<div id=\"attachment_2945\" style=\"width: 310px\" class=\"wp-caption alignleft\"><a href=\"https:\/\/www.memo-media.de\/blog\/wp-content\/uploads\/2015\/11\/nhp_2015_dsc_4154.jpg\"><img aria-describedby=\"caption-attachment-2945\" decoding=\"async\" loading=\"lazy\" class=\"wp-image-2945 size-medium\" title=\"K\u00f6nigin Silvia von Schweden erh\u00e4lt den Deutschen Nachhaltigkeitspreis \" src=\"https:\/\/www.memo-media.de\/blog\/wp-content\/uploads\/2015\/11\/nhp_2015_dsc_4154-300x200.jpg\" alt=\"NHP_2015_DSC_4154\" width=\"300\" height=\"200\" \/><\/a><p id=\"caption-attachment-2945\" class=\"wp-caption-text\">K\u00f6nigin Silvia von Schweden erh\u00e4lt den Deutschen Nachhaltigkeitspreis<\/p><\/div>\n<p>Ob die innige Ansprache von K\u00f6nigin Silvia zu den vielen Kindern unter den Fl\u00fcchtlingen oder der dringende Appel von Hans-Dietrich Genscher, dass es uns in Deutschland in Zukunft nur weiterhin so gut gehen k\u00f6nne, wenn es unseren Nachbarn auch gutgehe \u2013 bei diesen Themen kann man nicht nach Zeitplan hetzen und irgendwann legte der Eventmanager des Abends dann auch die Stoppuhr aus der Hand.<\/p>\n<h3>Herausragende K\u00fcnstler-Auftritte \u2013 organisiert vom Talent Buyer Stefan Lohmann<\/h3>\n<p>&nbsp;<\/p>\n<div id=\"attachment_2936\" style=\"width: 310px\" class=\"wp-caption alignright\"><a href=\"https:\/\/www.memo-media.de\/blog\/wp-content\/uploads\/2015\/11\/ute-lemper-berlin-show-orchestra-credits-frank-fendler.jpg\"><img aria-describedby=\"caption-attachment-2936\" decoding=\"async\" loading=\"lazy\" class=\"size-medium wp-image-2936\" src=\"https:\/\/www.memo-media.de\/blog\/wp-content\/uploads\/2015\/11\/ute-lemper-berlin-show-orchestra-credits-frank-fendler-300x200.jpg\" alt=\"Ute Lemper Berlin Show Orchestra credits Frank Fendler\" width=\"300\" height=\"200\" \/><\/a><p id=\"caption-attachment-2936\" class=\"wp-caption-text\">Ute Lemper und das Berlin Show Orchestra beim Deutschen Nachhaltigkeitspreis 2015<\/p><\/div>\n<p>Herausragend waren die K\u00fcnstler-Auftritte von Marlon Roudette, Ute Lemper und Art Garfunkel \u2013 allesamt organisiert von [memo_eintrag kundennummer=151900]Talent Buyer Stefan Lohmann[\/memo_eintrag]. Die Dreifaltigkeit der K\u00fcnstlerauswahl \u201ewas Modernes\u201c, \u201ewas mit Kultur\u201c und bitte noch eine \u201eLegende\u201c machten den Abend mehr als rund. Das <a href=\"https:\/\/www.memo-media.de\/newsinfo\/2015-11-09-live-entertainment-und-nachhaltigkeit-ist-kein-widerspruch-first-climate-ag-und-berlin-show-orchestra-beschliessen-enge-zusammenarbeit-9758.html\" target=\"_blank\" rel=\"noopener\">Berlin Show Orchestra<\/a> hat erstmals das komplette musikalische Programm der Verleihung gestaltet. Die B\u00fchnenstars wandelten sich damit f\u00fcr diesen Abend zu musikalischen Dienstleistern \u2013 zun\u00e4chst sicher f\u00fcr sie ungewohnt, aber auch hier mit gewohnter Bravour. Wenn selbst die Perfektionistin <a href=\"https:\/\/www.utelemper.com\/\" target=\"_blank\" rel=\"noopener\">Ute Lemper<\/a> nur noch ein zufriedenes L\u00e4cheln auf den Lippen hat, dann wei\u00df man, dass man alles richtig macht&#8230;<\/p>\n<h3>K\u00f6nigin Silvia und Hans-Dietrich Genscher<\/h3>\n<p>Wenn man sich an diesen Abend erinnert, dann werden es die Auftritte von K\u00f6nigin Silvia und von Hans-Dietrich Genscher sein \u2013 und der bewegende Abschluss mit einem kleinen Konzert von <a href=\"https:\/\/artgarfunkelofficial.de\" target=\"_blank\" rel=\"noopener\">Art Garfunkel<\/a>. F\u00fcnf Songs sang der 74-j\u00e4hrige \u2013 mit noch fast der gleichen Streichelstimme wie zu seinen \u201eHoch\u201czeiten in den Siebzigern und Achtzigern. \u201eBright Eyes\u201c oder \u2013 das ist Musik, die Geschichten erz\u00e4hlt, die bei jedem Gast das Kopfkino in Gang setzt \u2013 auf einmal sp\u00fcrte jeder wieder ein bisschen von der Verknallheit und dem Brauchkribbeln von damals&#8230;<\/p>\n<h3>Vegetarisches Catering von Cookies Cream<\/h3>\n<p>Beim [memo_rubrik id=705]Catering[\/memo_rubrik] entschieden sich die Veranstalter f\u00fcr die K\u00fcchenchefs des <a href=\"http:\/\/cookiescream.com\/\" target=\"_blank\" rel=\"noopener\">Cookies Cream<\/a> aus Berlin. Die vegetarischen Vorspeisen \u00fcberzeugten auf allerh\u00f6chstem Niveau \u2013 einzig bei der Hauptspeise: gebackene Aubergine, gab es bei vielen lange Gesichter. Dabei ist die Entscheidung richtig und absolut vertretbar \u2013 will man f\u00fcr 1.200 Personen Bio-Rind servieren, muss man dieses drei Jahre im Voraus ordern. Die Softdrinks kamen u. a. von Coca Cola, die mit langen Flyern ihre nachhaltige Produktionskette belegen wollte. Im Umfeld von Demeter-Weinen wirkte das nicht unbedingt. Auch das [memo_rubrik id=732]B\u00fchnenbild[\/memo_rubrik] war nicht nur richtig sch\u00f6n, sondern auch nachhaltig, [memo_rubrik id=1269]Sound[\/memo_rubrik] und Technik kamen von PRG, und beim Licht war Jerry Appelt involviert. Schade nur, dass sich die [memo_rubrik id=2769]Regie[\/memo_rubrik] gegen Bauchbinden entschieden hatte, so h\u00e4tte man die Promi-Dichte noch besser abfeiern k\u00f6nnen. So war oft das Raunen im Saal: \u201eSag mal, wer ist das denn noch mal?\u201c Aber das ist nur ein klitzekleiner Klecks auf dem ansonsten rundum gelungenen <a href=\"https:\/\/www.nachhaltigkeitspreis.de\/\" target=\"_blank\" rel=\"noopener\">Deutschen Nachhaltigkeitspreis<\/a>.<\/p>\n<div id=\"attachment_2934\" style=\"width: 310px\" class=\"wp-caption alignnone\"><a href=\"https:\/\/www.memo-media.de\/blog\/wp-content\/uploads\/2015\/11\/marlon-roudette-berlin-show-orchestra-credits-frank-fendler-1.jpg\"><img aria-describedby=\"caption-attachment-2934\" decoding=\"async\" loading=\"lazy\" class=\"size-medium wp-image-2934\" src=\"https:\/\/www.memo-media.de\/blog\/wp-content\/uploads\/2015\/11\/marlon-roudette-berlin-show-orchestra-credits-frank-fendler-1-300x200.jpg\" alt=\"Marlon Roudette mit dem Berlin Show Orchestra\" width=\"300\" height=\"200\" \/><\/a><p id=\"caption-attachment-2934\" class=\"wp-caption-text\">Marlon Roudette mit dem Berlin Show Orchestra<\/p><\/div>\n","protected":false},"excerpt":{"rendered":"<p>Es war ein Abend der Extraklasse \u2013 und so war es auch geplant. Der Deutsche Nachhaltigkeitspreis 2015, initiiert 2008 von&#8230;<\/p>\n","protected":false},"author":2,"featured_media":2933,"comment_status":"closed","ping_status":"open","sticky":false,"template":"","format":"standard","meta":[],"categories":[4],"tags":[527,529,530,524,528,525,526],"yoast_head":"<!-- This site is optimized with the Yoast SEO Premium plugin v20.5 (Yoast SEO v20.5) - https:\/\/yoast.com\/wordpress\/plugins\/seo\/ -->\n<title>Deutscher Nachhaltigkeitspreis 2015 mit musikalischen Highlights<\/title>\n<meta name=\"robots\" content=\"index, follow, max-snippet:-1, max-image-preview:large, max-video-preview:-1\" \/>\n<link rel=\"canonical\" href=\"https:\/\/www.memo-media.de\/blog\/deutscher-nachhaltigkeitspreis-2015-mit-musikalischen-highlights-organisiert-vom-talent-buyer-stefan-lohmann\/\" \/>\n<meta property=\"og:locale\" content=\"de_DE\" \/>\n<meta property=\"og:type\" content=\"article\" \/>\n<meta property=\"og:title\" content=\"Deutscher Nachhaltigkeitspreis 2015 mit musikalischen Highlights\" \/>\n<meta property=\"og:description\" content=\"Es war ein Abend der Extraklasse \u2013 und so war es auch geplant. Der Deutsche Nachhaltigkeitspreis 2015, initiiert 2008 von...\" \/>\n<meta property=\"og:url\" content=\"https:\/\/www.memo-media.de\/blog\/deutscher-nachhaltigkeitspreis-2015-mit-musikalischen-highlights-organisiert-vom-talent-buyer-stefan-lohmann\/\" \/>\n<meta property=\"og:site_name\" content=\"memo-media Blog f\u00fcr die Eventplanung\" \/>\n<meta property=\"article:author\" content=\"https:\/\/www.facebook.com\/memomedia\" \/>\n<meta property=\"article:published_time\" content=\"2015-11-30T21:47:33+00:00\" \/>\n<meta property=\"article:modified_time\" content=\"2024-03-14T11:44:09+00:00\" \/>\n<meta property=\"og:image\" content=\"https:\/\/www.memo-media.de\/blog\/wp-content\/uploads\/2015\/11\/klgpx8yw_0welr2mfoveiatxllej7trtvnjjijhlssg.jpg\" \/>\n\t<meta property=\"og:image:width\" content=\"1024\" \/>\n\t<meta property=\"og:image:height\" content=\"682\" \/>\n\t<meta property=\"og:image:type\" content=\"image\/jpeg\" \/>\n<meta name=\"author\" content=\"Kerstin Meisner\" \/>\n<meta name=\"twitter:label1\" content=\"Verfasst von\" \/>\n\t<meta name=\"twitter:data1\" content=\"Kerstin Meisner\" \/>\n\t<meta name=\"twitter:label2\" content=\"Gesch\u00e4tzte Lesezeit\" \/>\n\t<meta name=\"twitter:data2\" content=\"5\u00a0Minuten\" \/>\n<script type=\"application\/ld+json\" class=\"yoast-schema-graph\">{\"@context\":\"https:\/\/schema.org\",\"@graph\":[{\"@type\":\"WebPage\",\"@id\":\"https:\/\/www.memo-media.de\/blog\/deutscher-nachhaltigkeitspreis-2015-mit-musikalischen-highlights-organisiert-vom-talent-buyer-stefan-lohmann\/\",\"url\":\"https:\/\/www.memo-media.de\/blog\/deutscher-nachhaltigkeitspreis-2015-mit-musikalischen-highlights-organisiert-vom-talent-buyer-stefan-lohmann\/\",\"name\":\"Deutscher Nachhaltigkeitspreis 2015 mit musikalischen Highlights\",\"isPartOf\":{\"@id\":\"https:\/\/www.memo-media.de\/blog\/#website\"},\"datePublished\":\"2015-11-30T21:47:33+00:00\",\"dateModified\":\"2024-03-14T11:44:09+00:00\",\"author\":{\"@id\":\"https:\/\/www.memo-media.de\/blog\/#\/schema\/person\/4a9ebc406469558526f2f3e5dd7a7ab0\"},\"breadcrumb\":{\"@id\":\"https:\/\/www.memo-media.de\/blog\/deutscher-nachhaltigkeitspreis-2015-mit-musikalischen-highlights-organisiert-vom-talent-buyer-stefan-lohmann\/#breadcrumb\"},\"inLanguage\":\"de\",\"potentialAction\":[{\"@type\":\"ReadAction\",\"target\":[\"https:\/\/www.memo-media.de\/blog\/deutscher-nachhaltigkeitspreis-2015-mit-musikalischen-highlights-organisiert-vom-talent-buyer-stefan-lohmann\/\"]}]},{\"@type\":\"BreadcrumbList\",\"@id\":\"https:\/\/www.memo-media.de\/blog\/deutscher-nachhaltigkeitspreis-2015-mit-musikalischen-highlights-organisiert-vom-talent-buyer-stefan-lohmann\/#breadcrumb\",\"itemListElement\":[{\"@type\":\"ListItem\",\"position\":1,\"name\":\"Home\",\"item\":\"https:\/\/www.memo-media.de\/blog\/\"},{\"@type\":\"ListItem\",\"position\":2,\"name\":\"Deutscher Nachhaltigkeitspreis 2015 mit musikalischen Highlights\"}]},{\"@type\":\"WebSite\",\"@id\":\"https:\/\/www.memo-media.de\/blog\/#website\",\"url\":\"https:\/\/www.memo-media.de\/blog\/\",\"name\":\"memo-media Blog f\u00fcr die Eventplanung\",\"description\":\"News und Facts aus der Eventbranche f\u00fcr die Eventbranche\",\"potentialAction\":[{\"@type\":\"SearchAction\",\"target\":{\"@type\":\"EntryPoint\",\"urlTemplate\":\"https:\/\/www.memo-media.de\/blog\/?s={search_term_string}\"},\"query-input\":\"required name=search_term_string\"}],\"inLanguage\":\"de\"},{\"@type\":\"Person\",\"@id\":\"https:\/\/www.memo-media.de\/blog\/#\/schema\/person\/4a9ebc406469558526f2f3e5dd7a7ab0\",\"name\":\"Kerstin Meisner\",\"image\":{\"@type\":\"ImageObject\",\"inLanguage\":\"de\",\"@id\":\"https:\/\/www.memo-media.de\/blog\/#\/schema\/person\/image\/\",\"url\":\"https:\/\/www.memo-media.de\/blog\/wp-content\/uploads\/2022\/10\/kerstin-meisner_2022_03-mittel-150x150.jpg\",\"contentUrl\":\"https:\/\/www.memo-media.de\/blog\/wp-content\/uploads\/2022\/10\/kerstin-meisner_2022_03-mittel-150x150.jpg\",\"caption\":\"Kerstin Meisner\"},\"description\":\"Kerstin Meisner hat memo-media im Dezember 2000 gegr\u00fcndet. Die Website www.memo-media.de ist im Juni 2001 online gegangen und das erste Handbuch memo-media erschien im Herbst 2001. Seit 2007 wird das Magazin showcases von ihr als Herausgeberin herausgebracht, 2016 folgten die Eventmoods. Kerstin Meisner ist auch Chefredakteurin des memo-media Blogs f\u00fcr die Eventplanung und des monatlichen Eventbranchenbriefs, dem memoLetter.\",\"sameAs\":[\"https:\/\/www.memo-media.de\",\"https:\/\/www.facebook.com\/memomedia\"],\"url\":\"https:\/\/www.memo-media.de\/blog\/author\/kerstin-meisner\/\"}]}<\/script>\n<!-- \/ Yoast SEO Premium plugin. -->","yoast_head_json":{"title":"Deutscher Nachhaltigkeitspreis 2015 mit musikalischen Highlights","robots":{"index":"index","follow":"follow","max-snippet":"max-snippet:-1","max-image-preview":"max-image-preview:large","max-video-preview":"max-video-preview:-1"},"canonical":"https:\/\/www.memo-media.de\/blog\/deutscher-nachhaltigkeitspreis-2015-mit-musikalischen-highlights-organisiert-vom-talent-buyer-stefan-lohmann\/","og_locale":"de_DE","og_type":"article","og_title":"Deutscher Nachhaltigkeitspreis 2015 mit musikalischen Highlights","og_description":"Es war ein Abend der Extraklasse \u2013 und so war es auch geplant. Der Deutsche Nachhaltigkeitspreis 2015, initiiert 2008 von...","og_url":"https:\/\/www.memo-media.de\/blog\/deutscher-nachhaltigkeitspreis-2015-mit-musikalischen-highlights-organisiert-vom-talent-buyer-stefan-lohmann\/","og_site_name":"memo-media Blog f\u00fcr die Eventplanung","article_author":"https:\/\/www.facebook.com\/memomedia","article_published_time":"2015-11-30T21:47:33+00:00","article_modified_time":"2024-03-14T11:44:09+00:00","og_image":[{"width":1024,"height":682,"url":"https:\/\/www.memo-media.de\/blog\/wp-content\/uploads\/2015\/11\/klgpx8yw_0welr2mfoveiatxllej7trtvnjjijhlssg.jpg","type":"image\/jpeg"}],"author":"Kerstin Meisner","twitter_misc":{"Verfasst von":"Kerstin Meisner","Gesch\u00e4tzte Lesezeit":"5\u00a0Minuten"},"schema":{"@context":"https:\/\/schema.org","@graph":[{"@type":"WebPage","@id":"https:\/\/www.memo-media.de\/blog\/deutscher-nachhaltigkeitspreis-2015-mit-musikalischen-highlights-organisiert-vom-talent-buyer-stefan-lohmann\/","url":"https:\/\/www.memo-media.de\/blog\/deutscher-nachhaltigkeitspreis-2015-mit-musikalischen-highlights-organisiert-vom-talent-buyer-stefan-lohmann\/","name":"Deutscher Nachhaltigkeitspreis 2015 mit musikalischen Highlights","isPartOf":{"@id":"https:\/\/www.memo-media.de\/blog\/#website"},"datePublished":"2015-11-30T21:47:33+00:00","dateModified":"2024-03-14T11:44:09+00:00","author":{"@id":"https:\/\/www.memo-media.de\/blog\/#\/schema\/person\/4a9ebc406469558526f2f3e5dd7a7ab0"},"breadcrumb":{"@id":"https:\/\/www.memo-media.de\/blog\/deutscher-nachhaltigkeitspreis-2015-mit-musikalischen-highlights-organisiert-vom-talent-buyer-stefan-lohmann\/#breadcrumb"},"inLanguage":"de","potentialAction":[{"@type":"ReadAction","target":["https:\/\/www.memo-media.de\/blog\/deutscher-nachhaltigkeitspreis-2015-mit-musikalischen-highlights-organisiert-vom-talent-buyer-stefan-lohmann\/"]}]},{"@type":"BreadcrumbList","@id":"https:\/\/www.memo-media.de\/blog\/deutscher-nachhaltigkeitspreis-2015-mit-musikalischen-highlights-organisiert-vom-talent-buyer-stefan-lohmann\/#breadcrumb","itemListElement":[{"@type":"ListItem","position":1,"name":"Home","item":"https:\/\/www.memo-media.de\/blog\/"},{"@type":"ListItem","position":2,"name":"Deutscher Nachhaltigkeitspreis 2015 mit musikalischen Highlights"}]},{"@type":"WebSite","@id":"https:\/\/www.memo-media.de\/blog\/#website","url":"https:\/\/www.memo-media.de\/blog\/","name":"memo-media Blog f\u00fcr die Eventplanung","description":"News und Facts aus der Eventbranche f\u00fcr die Eventbranche","potentialAction":[{"@type":"SearchAction","target":{"@type":"EntryPoint","urlTemplate":"https:\/\/www.memo-media.de\/blog\/?s={search_term_string}"},"query-input":"required name=search_term_string"}],"inLanguage":"de"},{"@type":"Person","@id":"https:\/\/www.memo-media.de\/blog\/#\/schema\/person\/4a9ebc406469558526f2f3e5dd7a7ab0","name":"Kerstin Meisner","image":{"@type":"ImageObject","inLanguage":"de","@id":"https:\/\/www.memo-media.de\/blog\/#\/schema\/person\/image\/","url":"https:\/\/www.memo-media.de\/blog\/wp-content\/uploads\/2022\/10\/kerstin-meisner_2022_03-mittel-150x150.jpg","contentUrl":"https:\/\/www.memo-media.de\/blog\/wp-content\/uploads\/2022\/10\/kerstin-meisner_2022_03-mittel-150x150.jpg","caption":"Kerstin Meisner"},"description":"Kerstin Meisner hat memo-media im Dezember 2000 gegr\u00fcndet. Die Website www.memo-media.de ist im Juni 2001 online gegangen und das erste Handbuch memo-media erschien im Herbst 2001. Seit 2007 wird das Magazin showcases von ihr als Herausgeberin herausgebracht, 2016 folgten die Eventmoods. Kerstin Meisner ist auch Chefredakteurin des memo-media Blogs f\u00fcr die Eventplanung und des monatlichen Eventbranchenbriefs, dem memoLetter.","sameAs":["https:\/\/www.memo-media.de","https:\/\/www.facebook.com\/memomedia"],"url":"https:\/\/www.memo-media.de\/blog\/author\/kerstin-meisner\/"}]}},"_links":{"self":[{"href":"https:\/\/www.memo-media.de\/blog\/wp-json\/wp\/v2\/posts\/2929"}],"collection":[{"href":"https:\/\/www.memo-media.de\/blog\/wp-json\/wp\/v2\/posts"}],"about":[{"href":"https:\/\/www.memo-media.de\/blog\/wp-json\/wp\/v2\/types\/post"}],"author":[{"embeddable":true,"href":"https:\/\/www.memo-media.de\/blog\/wp-json\/wp\/v2\/users\/2"}],"replies":[{"embeddable":true,"href":"https:\/\/www.memo-media.de\/blog\/wp-json\/wp\/v2\/comments?post=2929"}],"version-history":[{"count":15,"href":"https:\/\/www.memo-media.de\/blog\/wp-json\/wp\/v2\/posts\/2929\/revisions"}],"predecessor-version":[{"id":17131,"href":"https:\/\/www.memo-media.de\/blog\/wp-json\/wp\/v2\/posts\/2929\/revisions\/17131"}],"wp:featuredmedia":[{"embeddable":true,"href":"https:\/\/www.memo-media.de\/blog\/wp-json\/wp\/v2\/media\/2933"}],"wp:attachment":[{"href":"https:\/\/www.memo-media.de\/blog\/wp-json\/wp\/v2\/media?parent=2929"}],"wp:term":[{"taxonomy":"category","embeddable":true,"href":"https:\/\/www.memo-media.de\/blog\/wp-json\/wp\/v2\/categories?post=2929"},{"taxonomy":"post_tag","embeddable":true,"href":"https:\/\/www.memo-media.de\/blog\/wp-json\/wp\/v2\/tags?post=2929"}],"curies":[{"name":"wp","href":"https:\/\/api.w.org\/{rel}","templated":true}]}}