{"id":2904,"date":"2015-11-27T14:00:15","date_gmt":"2015-11-27T12:00:15","guid":{"rendered":"http:\/\/www.memo-media.de\/blog\/?p=2904"},"modified":"2020-04-03T10:28:12","modified_gmt":"2020-04-03T08:28:12","slug":"preistraeger-des-21-melsunger-kabarett-wettbewerbs","status":"publish","type":"post","link":"https:\/\/www.memo-media.de\/blog\/preistraeger-des-21-melsunger-kabarett-wettbewerbs\/","title":{"rendered":"Die Preistr\u00e4ger des 21. Melsunger Kabarett-Wettbewerbs"},"content":{"rendered":"<p>Melsungen, wo liegt eigentlich Melsungen? Diese Frage war f\u00fcr mich als VfL-Gummersbach-Fan schnell beantwortet: n\u00e4mlich genau 8 Pl\u00e4tze \u00fcber dem VfL in der Tabelle. Geografisch gesehen bedarf es aber auch keiner l\u00e4ngeren Antwort, denn Melsungen liegt so ziemlich genau in der Mitte von Deutschland &#8211; in Nordhessen. Doch hier ist nicht nur ein Top-Bundesliga-Handball-Club zu Hause, sondern es wird auch seit stolzen 21 Jahren der Melsunger Kabarett-Wettbewerb verliehen. Und diesen haben wir uns dieses Jahr mal etwas genauer angeschaut und sind der herzlichen Einladung von Karin Braun von der [memo_eintrag kundennummer=133735]Kultur- &amp; Tourist-Info Melsungen[\/memo_eintrag] gefolgt, um der Preisverleihung beizuwohnen.<\/p>\n<h3>Kabarettist vs. Comedian &#8211; Grundsatzfrage oder Wortklauberei?<\/h3>\n<p>Doch bevor ich zu den Preistr\u00e4gern des diesj\u00e4hrigen Melsunger Kabarett-Wettbewerb komme, stellt sich mir erstmal die grunds\u00e4tzliche Frage: Was genau verbirgt sich eigentlich hinter dem Begriff des [memo_rubrik id=313]Kabaretts[\/memo_rubrik]? Wenn man der Definition von wikipedia Glauben schenken darf, ist das Kabarett eine Form der Kleinkunst, in der darstellende Kunst (schauspielerische Szenen, Monologe, Dialoge, [memo_rubrik id=331]Pantomime[\/memo_rubrik]), Lyrik (Gedichte, Balladen) oder Musik miteinander verbunden werden. Kabarett ist in seiner Motivation gesellschaftskritisch, komisch-unterhaltend und \/ oder k\u00fcnstlerisch-\u00e4sthetisch. (Quelle: <a href=\"https:\/\/de.wikipedia.org\/wiki\/Kabarett\">https:\/\/de.wikipedia.org\/wiki\/Kabarett<\/a>)<\/p>\n<p>Klingt erstmal ziemlich trocken und angestaubt. Und so war eigentlich auch immer mein erster Gedanke. Die Betonung liegt auf dem W\u00f6rtchen \u201ewar\u201c, denn das sollte sich mit dem Besuch des Melsunger Kabarett-Wettbewerb \u00e4ndern. Wenn ich zum Beispiel bis dato auf der [memo_eintrag kundennummer=126214]Kulturb\u00f6rse in Freiburg[\/memo_eintrag] die Wahl hatte, mir einen Comedian oder einen Kabarettisten anzusehen, habe ich mich grunds\u00e4tzlich f\u00fcr den Comedian entschieden. Doch gibt es den Unterschied wirklich oder ist es vielmehr der Begriff Kabarett, der eigentlich mal general\u00fcberholt und entstaubt geh\u00f6rt?<\/p>\n<p>Viele Kabarettisten werden jetzt losschreien und sagen, dass sie keine [memo_rubrik id=605]Comedy[\/memo_rubrik] machen, und viele Comedians m\u00f6gen hingegen vielleicht sagen, dass sie keine Kabarettisten sind. Doch f\u00fcr mich verschwimmen diese Abgrenzungen immer mehr und ich denke, dass es im Sinne der Veranstaltungsplanung auch vielen Kabarettisten gut tun w\u00fcrde, sich etwas von der Begrifflichkeit zu l\u00f6sen. Denn es ist in meinen Augen kein Verbrechen, wenn man auf seinem Programm-Flyer Kabarett &amp; Comedy stehen hat. Vielmehr hat man so die Chance, auch j\u00fcngere Veranstaltungsplaner \u2013 von denen es nunmal immer mehr gibt \u2013 zu erreichen und nicht nur vor \u201eGrausch\u00f6pfen\u201c zu spielen.<\/p>\n<div id=\"attachment_2909\" style=\"width: 310px\" class=\"wp-caption alignleft\"><a href=\"https:\/\/www.memo-media.de\/blog\/wp-content\/uploads\/2015\/11\/heinrichdelcore.jpg\"><img aria-describedby=\"caption-attachment-2909\" decoding=\"async\" loading=\"lazy\" class=\"wp-image-2909 size-full\" src=\"https:\/\/www.memo-media.de\/blog\/wp-content\/uploads\/2015\/11\/heinrichdelcore.jpg\" alt=\"Heinrich del Core sicherte sich den Publikumspreis &quot;Die scharfe Barte&quot;\" width=\"300\" height=\"300\" srcset=\"https:\/\/www.memo-media.de\/blog\/wp-content\/uploads\/2015\/11\/heinrichdelcore.jpg 300w, https:\/\/www.memo-media.de\/blog\/wp-content\/uploads\/2015\/11\/heinrichdelcore-150x150.jpg 150w\" sizes=\"(max-width: 300px) 100vw, 300px\" \/><\/a><p id=\"caption-attachment-2909\" class=\"wp-caption-text\">Heinrich del Core sicherte sich den Publikumspreis &#8220;Die scharfe Barte&#8221;<\/p><\/div>\n<h3>Lachen gegen den Terror!<\/h3>\n<p>Um aber nochmal auf meine eingangs beschriebene Meinung zur\u00fcckzukommen, dass Kabarett verstaubt ist, so muss ich das definitiv revidieren. So viel gelacht wie bei der Preisverleihung des Melsunger Kabarett-Wettbewerb habe ich schon lange nicht mehr. Und das war angesichts der schrecklichen Ereignisse, die sich am Tag vorher in Frankreich abgespielt haben, nicht selbstverst\u00e4ndlich. Es stand auch vor der Veranstaltung bei den Organisatoren lange die Frage im Raum, ob man die Preisverleihung des Melsunger Kabarett-Wettbewerb \u00fcberhaupt stattfinden lassen solle. Doch dann wurde entschieden, dass sie gerade deswegen stattfinden sollte. Und so brachten es nach einer Schweigeminute dann auch die Worte von B\u00fcrgermeister Markus Boucsein an den vollbesetzten Saal der Kulturfabrik ziemlich genau auf den Punkt. N\u00e4mlich ein Zeichen zu setzen und die Veranstaltung nicht abzusagen, sich nicht zu Hause zu verschanzen und gemeinsam einen Abend zu erleben, an dem trotz aller Ereignisse gelacht werden darf.<\/p>\n<div id=\"attachment_2910\" style=\"width: 310px\" class=\"wp-caption alignright\"><a href=\"https:\/\/www.memo-media.de\/blog\/wp-content\/uploads\/2015\/11\/mikeundaydin.png\"><img aria-describedby=\"caption-attachment-2910\" decoding=\"async\" loading=\"lazy\" class=\"wp-image-2910 size-medium\" src=\"https:\/\/www.memo-media.de\/blog\/wp-content\/uploads\/2015\/11\/mikeundaydin-300x140.png\" alt=\"Mike &amp; Aydin - Die Gewinner des 21. Melsunger Kabarett-Wettbewerb\" width=\"300\" height=\"140\" srcset=\"https:\/\/www.memo-media.de\/blog\/wp-content\/uploads\/2015\/11\/mikeundaydin-300x140.png 300w, https:\/\/www.memo-media.de\/blog\/wp-content\/uploads\/2015\/11\/mikeundaydin-335x156.png 335w, https:\/\/www.memo-media.de\/blog\/wp-content\/uploads\/2015\/11\/mikeundaydin.png 630w\" sizes=\"(max-width: 300px) 100vw, 300px\" \/><\/a><p id=\"caption-attachment-2910\" class=\"wp-caption-text\">Mike &amp; Aydin &#8211; Die Gewinner des 21. Melsunger Kabarett-Wettbewerb<\/p><\/div>\n<h3>\u00dcbergewicht oder \u00dcbergep\u00e4ck, Latschenkiefer und Nord-S\u00fcd-Klischees<\/h3>\n<p>Durch den Abend f\u00fchrte im Anschluss HR4-Moderator Andreas Gehrke, der zu beginn den ersten der drei Finalisten [memo_eintrag kundennummer=140549]Heinrich del Core[\/memo_eintrag] mit seinem Programm \u201eAlles halb so wild\u201c auf die B\u00fchne bat. Von diesem Moment an war der Begriff Kabarett f\u00fcr mich sowas von entstaubt und ich habe Tr\u00e4nen gelacht \u00fcber die Beobachtungsgabe von del Core, der Alltagssituationen so punktgenau beschreibt, dass man einfach nicht anders kann, als sich selbst in seinen Geschichten wiederzufinden. Kennen Sie zum Beispiel den Unterschied zwischen \u00dcbergewicht und \u00dcbergep\u00e4ck am Flughafen? Nicht &#8211; dann sollten Sie sich mal del Cores Programm anh\u00f6ren. Darauf folgte [memo_eintrag kundennummer=154441]Bj\u00f6rn Pfeffermann[\/memo_eintrag] mit seinem Programm \u201eMeine Kresse! Ein Mann sieht gr\u00fcn\u201c. Auch hier wieder eine v\u00f6llig aus dem Leben gegriffene Story \u00fcber die drei Lebensaufgaben, die ein Mann angeblich zu erf\u00fcllen hat. Und das alles inmitten einer spie\u00dfigen Reihenhaussiedlung und mit Fragen gepickt, wie: \u201eSind Kiefern, die ich in FlipFlops pflanze, automatisch Latschenkiefern?\u201c Auch hier wieder nicht der geringste Anflug von Staubk\u00f6rnern. Die dritten Finalisten waren das Duo Mike &amp; Aydin mit einem Auszug aus ihrem aktuellen Programm \u201eNord-S\u00fcd-Gef\u00e4lle\u201c. Wie der Name schon andeutet, treffen Welten aufeinander. Die eines geb\u00fcrtigen Engl\u00e4nders (Nordeurop\u00e4er) und die eines geb\u00fcrtigen T\u00fcrken (S\u00fcd<span style=\"text-decoration: line-through;\">europ\u00e4er<\/span>l\u00e4nder). Lustiger k\u00f6nnen Klischees gar nicht dargestellt werden. Und auch nach den dritten Kabarettisten an diesem Abend sind wir uns einig, dass h\u00f6chstens unser Mund vom Lachen staubtrocken ist \u2013 definitiv aber nicht der Begriff Kabarett! Und gegen den trockenen Mund gab es in der Pause einen leckeren Wei\u00dfwein, bevor dann nach der Pause der Gewinner des Melsunger Kabarett-Wettbewerb aus dem Jahr 2006 die B\u00fchne betrat. Lothar B\u00f6lck hat an diesem Abend zum letzten Mal sein Programm \u201eZwischen T\u00fcr und Angel(a)\u201c gespielt. In diesem spielt er den redsamen Pf\u00f6rtner der Kanzlerin und gibt tiefste Einblicke in die Geschehnisse im Kanzleramt. Ganz getreu dem Motto: \u201eKanzler kommen und gehen, der Deutsche Pf\u00f6rtner bleibt bestehen\u201c.<\/p>\n<div id=\"attachment_2908\" style=\"width: 310px\" class=\"wp-caption alignleft\"><a href=\"https:\/\/www.memo-media.de\/blog\/wp-content\/uploads\/2015\/11\/bjoernpfeffermann.jpg\"><img aria-describedby=\"caption-attachment-2908\" decoding=\"async\" loading=\"lazy\" class=\"wp-image-2908 size-medium\" src=\"https:\/\/www.memo-media.de\/blog\/wp-content\/uploads\/2015\/11\/bjoernpfeffermann-300x200.jpg\" alt=\"Bj\u00f6rn Pfeffermann - Meine Kresse! Ein Mann sieht gr\u00fcn\" width=\"300\" height=\"200\" srcset=\"https:\/\/www.memo-media.de\/blog\/wp-content\/uploads\/2015\/11\/bjoernpfeffermann-300x200.jpg 300w, https:\/\/www.memo-media.de\/blog\/wp-content\/uploads\/2015\/11\/bjoernpfeffermann-335x223.jpg 335w, https:\/\/www.memo-media.de\/blog\/wp-content\/uploads\/2015\/11\/bjoernpfeffermann.jpg 525w\" sizes=\"(max-width: 300px) 100vw, 300px\" \/><\/a><p id=\"caption-attachment-2908\" class=\"wp-caption-text\">Bj\u00f6rn Pfeffermann &#8211; Meine Kresse! Ein Mann sieht gr\u00fcn<\/p><\/div>\n<h3>Melsunger Kabarett-Wettbewerb &#8211; wir kommen wieder!<\/h3>\n<p>Nach dem Auftritt von B\u00f6lck wurden dann &#8211; tataaa! die Preise verliehen. Sieger des 21. Melsunger Kabarett-Wettbewerb wurden Mike &amp; Aydin, der zweite Platz ging an Bj\u00f6rn Pfeffermann und dritter Gewinner wurde Heinrich del Core, der dar\u00fcber hinaus noch den Publikumspreis \u201eDie scharfe Barte\u201c gewonnen hat. Ich freue mich jetzt schon auf den 10. Januar, wenn wir das Programm von Heinrich del Core im [memo_eintrag kundennummer=133584]Cafe Hahn in Koblenz[\/memo_eintrag] in voller L\u00e4nge genie\u00dfen k\u00f6nnen. Und ja, ich h\u00e4tte f\u00fcr diesen Abend noch die Wahl und habe mich diesmal bewusst f\u00fcr Kabarett entschieden. Denn Kabarett ist alles andere als trocken und eingestaubt. Danke Melsungen f\u00fcr diese Einsicht und hoffentlich bis zum n\u00e4chsten Jahr!<\/p>\n","protected":false},"excerpt":{"rendered":"<p>Melsungen, wo liegt eigentlich Melsungen? Diese Frage war f\u00fcr mich als VfL-Gummersbach-Fan schnell beantwortet: n\u00e4mlich genau 8 Pl\u00e4tze \u00fcber dem&#8230;<\/p>\n","protected":false},"author":6,"featured_media":2907,"comment_status":"closed","ping_status":"open","sticky":false,"template":"","format":"standard","meta":[],"categories":[42,9],"tags":[516,519,522,209,517,523,518,2044,521,520,153],"yoast_head":"<!-- This site is optimized with the Yoast SEO Premium plugin v20.5 (Yoast SEO v20.5) - https:\/\/yoast.com\/wordpress\/plugins\/seo\/ -->\n<title>Die Preistr\u00e4ger des 21. Melsunger Kabarett-Wettbewerb<\/title>\n<meta name=\"description\" content=\"Zum 21. mal wurden in diesem Jahr die Preistr\u00e4ger des Melsunger Kabarett-Wettbewerb geehrt: Mike &amp; Aydin, Bj\u00f6rn Pfeffermann und Heinrich del Core\" \/>\n<meta name=\"robots\" content=\"index, follow, max-snippet:-1, max-image-preview:large, max-video-preview:-1\" \/>\n<link rel=\"canonical\" href=\"https:\/\/www.memo-media.de\/blog\/preistraeger-des-21-melsunger-kabarett-wettbewerbs\/\" \/>\n<meta property=\"og:locale\" content=\"de_DE\" \/>\n<meta property=\"og:type\" content=\"article\" \/>\n<meta property=\"og:title\" content=\"Die Preistr\u00e4ger des 21. Melsunger Kabarett-Wettbewerbs\" \/>\n<meta property=\"og:description\" content=\"Zum 21. mal wurden in diesem Jahr die Preistr\u00e4ger des Melsunger Kabarett-Wettbewerb geehrt: Mike &amp; Aydin, Bj\u00f6rn Pfeffermann und Heinrich del Core\" \/>\n<meta property=\"og:url\" content=\"https:\/\/www.memo-media.de\/blog\/preistraeger-des-21-melsunger-kabarett-wettbewerbs\/\" \/>\n<meta property=\"og:site_name\" content=\"memo-media Blog f\u00fcr die Eventplanung\" \/>\n<meta property=\"article:published_time\" content=\"2015-11-27T12:00:15+00:00\" \/>\n<meta property=\"article:modified_time\" content=\"2020-04-03T08:28:12+00:00\" \/>\n<meta property=\"og:image\" content=\"https:\/\/www.memo-media.de\/blog\/wp-content\/uploads\/2015\/11\/melsungen.jpg\" \/>\n\t<meta property=\"og:image:width\" content=\"1500\" \/>\n\t<meta property=\"og:image:height\" content=\"1149\" \/>\n\t<meta property=\"og:image:type\" content=\"image\/jpeg\" \/>\n<meta name=\"author\" content=\"Jens Kahnert\" \/>\n<meta name=\"twitter:label1\" content=\"Verfasst von\" \/>\n\t<meta name=\"twitter:data1\" content=\"Jens Kahnert\" \/>\n\t<meta name=\"twitter:label2\" content=\"Gesch\u00e4tzte Lesezeit\" \/>\n\t<meta name=\"twitter:data2\" content=\"5\u00a0Minuten\" \/>\n<script type=\"application\/ld+json\" class=\"yoast-schema-graph\">{\"@context\":\"https:\/\/schema.org\",\"@graph\":[{\"@type\":\"WebPage\",\"@id\":\"https:\/\/www.memo-media.de\/blog\/preistraeger-des-21-melsunger-kabarett-wettbewerbs\/\",\"url\":\"https:\/\/www.memo-media.de\/blog\/preistraeger-des-21-melsunger-kabarett-wettbewerbs\/\",\"name\":\"Die Preistr\u00e4ger des 21. Melsunger Kabarett-Wettbewerb\",\"isPartOf\":{\"@id\":\"https:\/\/www.memo-media.de\/blog\/#website\"},\"datePublished\":\"2015-11-27T12:00:15+00:00\",\"dateModified\":\"2020-04-03T08:28:12+00:00\",\"author\":{\"@id\":\"https:\/\/www.memo-media.de\/blog\/#\/schema\/person\/2bd97aa8e803bdc43a71994ce8840098\"},\"description\":\"Zum 21. mal wurden in diesem Jahr die Preistr\u00e4ger des Melsunger Kabarett-Wettbewerb geehrt: Mike & Aydin, Bj\u00f6rn Pfeffermann und Heinrich del Core\",\"breadcrumb\":{\"@id\":\"https:\/\/www.memo-media.de\/blog\/preistraeger-des-21-melsunger-kabarett-wettbewerbs\/#breadcrumb\"},\"inLanguage\":\"de\",\"potentialAction\":[{\"@type\":\"ReadAction\",\"target\":[\"https:\/\/www.memo-media.de\/blog\/preistraeger-des-21-melsunger-kabarett-wettbewerbs\/\"]}]},{\"@type\":\"BreadcrumbList\",\"@id\":\"https:\/\/www.memo-media.de\/blog\/preistraeger-des-21-melsunger-kabarett-wettbewerbs\/#breadcrumb\",\"itemListElement\":[{\"@type\":\"ListItem\",\"position\":1,\"name\":\"Home\",\"item\":\"https:\/\/www.memo-media.de\/blog\/\"},{\"@type\":\"ListItem\",\"position\":2,\"name\":\"Die Preistr\u00e4ger des 21. Melsunger Kabarett-Wettbewerbs\"}]},{\"@type\":\"WebSite\",\"@id\":\"https:\/\/www.memo-media.de\/blog\/#website\",\"url\":\"https:\/\/www.memo-media.de\/blog\/\",\"name\":\"memo-media Blog f\u00fcr die Eventplanung\",\"description\":\"News und Facts aus der Eventbranche f\u00fcr die Eventbranche\",\"potentialAction\":[{\"@type\":\"SearchAction\",\"target\":{\"@type\":\"EntryPoint\",\"urlTemplate\":\"https:\/\/www.memo-media.de\/blog\/?s={search_term_string}\"},\"query-input\":\"required name=search_term_string\"}],\"inLanguage\":\"de\"},{\"@type\":\"Person\",\"@id\":\"https:\/\/www.memo-media.de\/blog\/#\/schema\/person\/2bd97aa8e803bdc43a71994ce8840098\",\"name\":\"Jens Kahnert\",\"image\":{\"@type\":\"ImageObject\",\"inLanguage\":\"de\",\"@id\":\"https:\/\/www.memo-media.de\/blog\/#\/schema\/person\/image\/\",\"url\":\"https:\/\/www.memo-media.de\/blog\/wp-content\/uploads\/2024\/02\/0137_web-150x150.jpg\",\"contentUrl\":\"https:\/\/www.memo-media.de\/blog\/wp-content\/uploads\/2024\/02\/0137_web-150x150.jpg\",\"caption\":\"Jens Kahnert\"},\"description\":\"Jens ist euer Experte in Sachen Event- und K\u00fcnstlerideen. In fast 20 Jahren memo-media lernt man nicht nur viele tolle und interessante Leute kennen, sondern sieht und erlebt auch eine ganze Menge. Neben dem Besuch von unz\u00e4hligen Messen, Veranstaltungen, Festivals, Variet\u00e9s und Konzerten, sitzt Jens auch seit einigen Jahren in der Jury des Internationalen Kleinkunstfestivals Usedom, bei der Gauklerfestung Koblenz und beim Eventex-Award. Dazu die j\u00e4hrliche Produktion des Eventbranchenbuchs und die Betreuung der Kunden auf www.memo-media.de als auch der Anzeigenkunden des Magazins showcases und der Eventmoods collected by memo-media: Da sammelt sich so einiges an Wissen \u00fcber ausgefallene K\u00fcnstler, spannende Geheimtipps und einzigartige Event-Ideen an! Als staatlich gepr\u00fcfter Betriebswirt f\u00fcr Marketing-Kommunikation hat er auch immer eine Idee, wie wir euch aktiv bei der Vermarktung \u00fcber memo-media unterst\u00fctzen k\u00f6nnen. Und wenn er gerade nicht im Einsatz f\u00fcr memo-media ist, findet ihr ihn wahrscheinlich auf seinem E-MTB oder mit einem Handball auf dem Feld \u2013 egal ob Beachplatz im Sommer oder Halle im Winter.\",\"url\":\"https:\/\/www.memo-media.de\/blog\/author\/jens-kahnert\/\"}]}<\/script>\n<!-- \/ Yoast SEO Premium plugin. -->","yoast_head_json":{"title":"Die Preistr\u00e4ger des 21. Melsunger Kabarett-Wettbewerb","description":"Zum 21. mal wurden in diesem Jahr die Preistr\u00e4ger des Melsunger Kabarett-Wettbewerb geehrt: Mike & Aydin, Bj\u00f6rn Pfeffermann und Heinrich del Core","robots":{"index":"index","follow":"follow","max-snippet":"max-snippet:-1","max-image-preview":"max-image-preview:large","max-video-preview":"max-video-preview:-1"},"canonical":"https:\/\/www.memo-media.de\/blog\/preistraeger-des-21-melsunger-kabarett-wettbewerbs\/","og_locale":"de_DE","og_type":"article","og_title":"Die Preistr\u00e4ger des 21. Melsunger Kabarett-Wettbewerbs","og_description":"Zum 21. mal wurden in diesem Jahr die Preistr\u00e4ger des Melsunger Kabarett-Wettbewerb geehrt: Mike & Aydin, Bj\u00f6rn Pfeffermann und Heinrich del Core","og_url":"https:\/\/www.memo-media.de\/blog\/preistraeger-des-21-melsunger-kabarett-wettbewerbs\/","og_site_name":"memo-media Blog f\u00fcr die Eventplanung","article_published_time":"2015-11-27T12:00:15+00:00","article_modified_time":"2020-04-03T08:28:12+00:00","og_image":[{"width":1500,"height":1149,"url":"https:\/\/www.memo-media.de\/blog\/wp-content\/uploads\/2015\/11\/melsungen.jpg","type":"image\/jpeg"}],"author":"Jens Kahnert","twitter_misc":{"Verfasst von":"Jens Kahnert","Gesch\u00e4tzte Lesezeit":"5\u00a0Minuten"},"schema":{"@context":"https:\/\/schema.org","@graph":[{"@type":"WebPage","@id":"https:\/\/www.memo-media.de\/blog\/preistraeger-des-21-melsunger-kabarett-wettbewerbs\/","url":"https:\/\/www.memo-media.de\/blog\/preistraeger-des-21-melsunger-kabarett-wettbewerbs\/","name":"Die Preistr\u00e4ger des 21. Melsunger Kabarett-Wettbewerb","isPartOf":{"@id":"https:\/\/www.memo-media.de\/blog\/#website"},"datePublished":"2015-11-27T12:00:15+00:00","dateModified":"2020-04-03T08:28:12+00:00","author":{"@id":"https:\/\/www.memo-media.de\/blog\/#\/schema\/person\/2bd97aa8e803bdc43a71994ce8840098"},"description":"Zum 21. mal wurden in diesem Jahr die Preistr\u00e4ger des Melsunger Kabarett-Wettbewerb geehrt: Mike & Aydin, Bj\u00f6rn Pfeffermann und Heinrich del Core","breadcrumb":{"@id":"https:\/\/www.memo-media.de\/blog\/preistraeger-des-21-melsunger-kabarett-wettbewerbs\/#breadcrumb"},"inLanguage":"de","potentialAction":[{"@type":"ReadAction","target":["https:\/\/www.memo-media.de\/blog\/preistraeger-des-21-melsunger-kabarett-wettbewerbs\/"]}]},{"@type":"BreadcrumbList","@id":"https:\/\/www.memo-media.de\/blog\/preistraeger-des-21-melsunger-kabarett-wettbewerbs\/#breadcrumb","itemListElement":[{"@type":"ListItem","position":1,"name":"Home","item":"https:\/\/www.memo-media.de\/blog\/"},{"@type":"ListItem","position":2,"name":"Die Preistr\u00e4ger des 21. Melsunger Kabarett-Wettbewerbs"}]},{"@type":"WebSite","@id":"https:\/\/www.memo-media.de\/blog\/#website","url":"https:\/\/www.memo-media.de\/blog\/","name":"memo-media Blog f\u00fcr die Eventplanung","description":"News und Facts aus der Eventbranche f\u00fcr die Eventbranche","potentialAction":[{"@type":"SearchAction","target":{"@type":"EntryPoint","urlTemplate":"https:\/\/www.memo-media.de\/blog\/?s={search_term_string}"},"query-input":"required name=search_term_string"}],"inLanguage":"de"},{"@type":"Person","@id":"https:\/\/www.memo-media.de\/blog\/#\/schema\/person\/2bd97aa8e803bdc43a71994ce8840098","name":"Jens Kahnert","image":{"@type":"ImageObject","inLanguage":"de","@id":"https:\/\/www.memo-media.de\/blog\/#\/schema\/person\/image\/","url":"https:\/\/www.memo-media.de\/blog\/wp-content\/uploads\/2024\/02\/0137_web-150x150.jpg","contentUrl":"https:\/\/www.memo-media.de\/blog\/wp-content\/uploads\/2024\/02\/0137_web-150x150.jpg","caption":"Jens Kahnert"},"description":"Jens ist euer Experte in Sachen Event- und K\u00fcnstlerideen. In fast 20 Jahren memo-media lernt man nicht nur viele tolle und interessante Leute kennen, sondern sieht und erlebt auch eine ganze Menge. Neben dem Besuch von unz\u00e4hligen Messen, Veranstaltungen, Festivals, Variet\u00e9s und Konzerten, sitzt Jens auch seit einigen Jahren in der Jury des Internationalen Kleinkunstfestivals Usedom, bei der Gauklerfestung Koblenz und beim Eventex-Award. Dazu die j\u00e4hrliche Produktion des Eventbranchenbuchs und die Betreuung der Kunden auf www.memo-media.de als auch der Anzeigenkunden des Magazins showcases und der Eventmoods collected by memo-media: Da sammelt sich so einiges an Wissen \u00fcber ausgefallene K\u00fcnstler, spannende Geheimtipps und einzigartige Event-Ideen an! Als staatlich gepr\u00fcfter Betriebswirt f\u00fcr Marketing-Kommunikation hat er auch immer eine Idee, wie wir euch aktiv bei der Vermarktung \u00fcber memo-media unterst\u00fctzen k\u00f6nnen. Und wenn er gerade nicht im Einsatz f\u00fcr memo-media ist, findet ihr ihn wahrscheinlich auf seinem E-MTB oder mit einem Handball auf dem Feld \u2013 egal ob Beachplatz im Sommer oder Halle im Winter.","url":"https:\/\/www.memo-media.de\/blog\/author\/jens-kahnert\/"}]}},"_links":{"self":[{"href":"https:\/\/www.memo-media.de\/blog\/wp-json\/wp\/v2\/posts\/2904"}],"collection":[{"href":"https:\/\/www.memo-media.de\/blog\/wp-json\/wp\/v2\/posts"}],"about":[{"href":"https:\/\/www.memo-media.de\/blog\/wp-json\/wp\/v2\/types\/post"}],"author":[{"embeddable":true,"href":"https:\/\/www.memo-media.de\/blog\/wp-json\/wp\/v2\/users\/6"}],"replies":[{"embeddable":true,"href":"https:\/\/www.memo-media.de\/blog\/wp-json\/wp\/v2\/comments?post=2904"}],"version-history":[{"count":10,"href":"https:\/\/www.memo-media.de\/blog\/wp-json\/wp\/v2\/posts\/2904\/revisions"}],"predecessor-version":[{"id":11020,"href":"https:\/\/www.memo-media.de\/blog\/wp-json\/wp\/v2\/posts\/2904\/revisions\/11020"}],"wp:featuredmedia":[{"embeddable":true,"href":"https:\/\/www.memo-media.de\/blog\/wp-json\/wp\/v2\/media\/2907"}],"wp:attachment":[{"href":"https:\/\/www.memo-media.de\/blog\/wp-json\/wp\/v2\/media?parent=2904"}],"wp:term":[{"taxonomy":"category","embeddable":true,"href":"https:\/\/www.memo-media.de\/blog\/wp-json\/wp\/v2\/categories?post=2904"},{"taxonomy":"post_tag","embeddable":true,"href":"https:\/\/www.memo-media.de\/blog\/wp-json\/wp\/v2\/tags?post=2904"}],"curies":[{"name":"wp","href":"https:\/\/api.w.org\/{rel}","templated":true}]}}