{"id":2555,"date":"2015-09-10T17:42:04","date_gmt":"2015-09-10T15:42:04","guid":{"rendered":"http:\/\/www.memo-media.de\/blog\/?p=2555"},"modified":"2020-04-02T15:56:55","modified_gmt":"2020-04-02T13:56:55","slug":"impressionen-von-der-performance-paderborn","status":"publish","type":"post","link":"https:\/\/www.memo-media.de\/blog\/impressionen-von-der-performance-paderborn\/","title":{"rendered":"Impressionen von der Performance Paderborn"},"content":{"rendered":"<p>Vom 7. bis zum 9. September\u00a0 war das Team von memo-media auf der Performance in Paderborn mit einem Stand vertreten.<\/p>\n<div class=\"bodydiv\">\n<h3 class=\"titsub\">KULTUR IST MEHR ALS NUR DIE B\u00dcHNE<\/h3>\n<div class=\"standardtext\">Sie ist die Summe aller K\u00fcnste. Der gro\u00dfen und der kleinen, der lauten und der leisen. Die [memo_eintrag kundennummer=127908]PERFORMANCE [\/memo_eintrag] ist ein optimales Forum f\u00fcr eine ganze F\u00fclle dieser K\u00fcnste, insbesondere f\u00fcr das [memo_rubrik id=2162]Stra\u00dfentheater[\/memo_rubrik].<\/div>\n<p class=\"standardtext\"><a href=\"https:\/\/www.memo-media.de\" target=\"_blank\" rel=\"noopener noreferrer\">memo-media<\/a> ist Aussteller auf der Performance Paderborn seit der allerersten Stunde.<\/p>\n<div class=\"standardtext\">Die erstmals im Sommer 2006 stattfindende Kulturb\u00f6rse bietet K\u00fcnstlern und Kulturschaffenden beste Voraussetzungen f\u00fcr die Pr\u00e4sentation der eigenen Profession und die Begegnungen zwischen K\u00fcnstlern und Veranstaltern. In der Kulisse eines einzigartigen Areals ist die PERFORMANCE in ihrer Art unvergleichlich.<\/div>\n<\/div>\n<h3>Performance 2015<\/h3>\n<p>Insgesamt 95 Produktionen, die aus den 145 Bewerbungen von einer unabh\u00e4ngigen Jury ausgew\u00e4hlt wurden, gab es 2015 zu sehen. Die mehr als 300 professionellen Veranstalter wurden erg\u00e4nzt durch rund 3.000 Besucher aus Paderborn und viele Schulkassen.<\/p>\n","protected":false},"excerpt":{"rendered":"<p>Vom 7. bis zum 9. September\u00a0 war das Team von memo-media auf der Performance in Paderborn mit einem Stand vertreten&#8230;.<\/p>\n","protected":false},"author":2,"featured_media":2568,"comment_status":"closed","ping_status":"open","sticky":false,"template":"","format":"gallery","meta":[],"categories":[42,22,4],"tags":[836,839,464],"yoast_head":"<!-- This site is optimized with the Yoast SEO Premium plugin v20.5 (Yoast SEO v20.5) - https:\/\/yoast.com\/wordpress\/plugins\/seo\/ -->\n<title>Impressionen von der Performance Paderborn<\/title>\n<meta name=\"description\" content=\"Jedes Jahr im September treffen sich Stra\u00dfentheater-K\u00fcnstler der ganzen Welt auf der Performance Paderborn. Sie pr\u00e4sentieren ihre Kunst - wir zeigen, was...\" \/>\n<meta name=\"robots\" content=\"index, follow, max-snippet:-1, max-image-preview:large, max-video-preview:-1\" \/>\n<link rel=\"canonical\" href=\"https:\/\/www.memo-media.de\/blog\/impressionen-von-der-performance-paderborn\/\" \/>\n<meta property=\"og:locale\" content=\"de_DE\" \/>\n<meta property=\"og:type\" content=\"article\" \/>\n<meta property=\"og:title\" content=\"Impressionen von der Performance Paderborn\" \/>\n<meta property=\"og:description\" content=\"Jedes Jahr im September treffen sich Stra\u00dfentheater-K\u00fcnstler der ganzen Welt auf der Performance Paderborn. Sie pr\u00e4sentieren ihre Kunst - wir zeigen, was...\" \/>\n<meta property=\"og:url\" content=\"https:\/\/www.memo-media.de\/blog\/impressionen-von-der-performance-paderborn\/\" \/>\n<meta property=\"og:site_name\" content=\"memo-media Blog f\u00fcr die Eventplanung\" \/>\n<meta property=\"article:author\" content=\"https:\/\/www.facebook.com\/memomedia\" \/>\n<meta property=\"article:published_time\" content=\"2015-09-10T15:42:04+00:00\" \/>\n<meta property=\"article:modified_time\" content=\"2020-04-02T13:56:55+00:00\" \/>\n<meta property=\"og:image\" content=\"https:\/\/www.memo-media.de\/blog\/wp-content\/uploads\/2015\/09\/altrego-auf-der-performance-paderborn.jpg\" \/>\n\t<meta property=\"og:image:width\" content=\"960\" \/>\n\t<meta property=\"og:image:height\" content=\"720\" \/>\n\t<meta property=\"og:image:type\" content=\"image\/jpeg\" \/>\n<meta name=\"author\" content=\"Kerstin Meisner\" \/>\n<meta name=\"twitter:label1\" content=\"Verfasst von\" \/>\n\t<meta name=\"twitter:data1\" content=\"Kerstin Meisner\" \/>\n\t<meta name=\"twitter:label2\" content=\"Gesch\u00e4tzte Lesezeit\" \/>\n\t<meta name=\"twitter:data2\" content=\"1\u00a0Minute\" \/>\n<script type=\"application\/ld+json\" class=\"yoast-schema-graph\">{\"@context\":\"https:\/\/schema.org\",\"@graph\":[{\"@type\":\"WebPage\",\"@id\":\"https:\/\/www.memo-media.de\/blog\/impressionen-von-der-performance-paderborn\/\",\"url\":\"https:\/\/www.memo-media.de\/blog\/impressionen-von-der-performance-paderborn\/\",\"name\":\"Impressionen von der Performance Paderborn\",\"isPartOf\":{\"@id\":\"https:\/\/www.memo-media.de\/blog\/#website\"},\"datePublished\":\"2015-09-10T15:42:04+00:00\",\"dateModified\":\"2020-04-02T13:56:55+00:00\",\"author\":{\"@id\":\"https:\/\/www.memo-media.de\/blog\/#\/schema\/person\/4a9ebc406469558526f2f3e5dd7a7ab0\"},\"description\":\"Jedes Jahr im September treffen sich Stra\u00dfentheater-K\u00fcnstler der ganzen Welt auf der Performance Paderborn. Sie pr\u00e4sentieren ihre Kunst - wir zeigen, was...\",\"breadcrumb\":{\"@id\":\"https:\/\/www.memo-media.de\/blog\/impressionen-von-der-performance-paderborn\/#breadcrumb\"},\"inLanguage\":\"de\",\"potentialAction\":[{\"@type\":\"ReadAction\",\"target\":[\"https:\/\/www.memo-media.de\/blog\/impressionen-von-der-performance-paderborn\/\"]}]},{\"@type\":\"BreadcrumbList\",\"@id\":\"https:\/\/www.memo-media.de\/blog\/impressionen-von-der-performance-paderborn\/#breadcrumb\",\"itemListElement\":[{\"@type\":\"ListItem\",\"position\":1,\"name\":\"Home\",\"item\":\"https:\/\/www.memo-media.de\/blog\/\"},{\"@type\":\"ListItem\",\"position\":2,\"name\":\"Impressionen von der Performance Paderborn\"}]},{\"@type\":\"WebSite\",\"@id\":\"https:\/\/www.memo-media.de\/blog\/#website\",\"url\":\"https:\/\/www.memo-media.de\/blog\/\",\"name\":\"memo-media Blog f\u00fcr die Eventplanung\",\"description\":\"News und Facts aus der Eventbranche f\u00fcr die Eventbranche\",\"potentialAction\":[{\"@type\":\"SearchAction\",\"target\":{\"@type\":\"EntryPoint\",\"urlTemplate\":\"https:\/\/www.memo-media.de\/blog\/?s={search_term_string}\"},\"query-input\":\"required name=search_term_string\"}],\"inLanguage\":\"de\"},{\"@type\":\"Person\",\"@id\":\"https:\/\/www.memo-media.de\/blog\/#\/schema\/person\/4a9ebc406469558526f2f3e5dd7a7ab0\",\"name\":\"Kerstin Meisner\",\"image\":{\"@type\":\"ImageObject\",\"inLanguage\":\"de\",\"@id\":\"https:\/\/www.memo-media.de\/blog\/#\/schema\/person\/image\/\",\"url\":\"https:\/\/www.memo-media.de\/blog\/wp-content\/uploads\/2022\/10\/kerstin-meisner_2022_03-mittel-150x150.jpg\",\"contentUrl\":\"https:\/\/www.memo-media.de\/blog\/wp-content\/uploads\/2022\/10\/kerstin-meisner_2022_03-mittel-150x150.jpg\",\"caption\":\"Kerstin Meisner\"},\"description\":\"Kerstin Meisner hat memo-media im Dezember 2000 gegr\u00fcndet. Die Website www.memo-media.de ist im Juni 2001 online gegangen und das erste Handbuch memo-media erschien im Herbst 2001. Seit 2007 wird das Magazin showcases von ihr als Herausgeberin herausgebracht, 2016 folgten die Eventmoods. Kerstin Meisner ist auch Chefredakteurin des memo-media Blogs f\u00fcr die Eventplanung und des monatlichen Eventbranchenbriefs, dem memoLetter.\",\"sameAs\":[\"https:\/\/www.memo-media.de\",\"https:\/\/www.facebook.com\/memomedia\"],\"url\":\"https:\/\/www.memo-media.de\/blog\/author\/kerstin-meisner\/\"}]}<\/script>\n<!-- \/ Yoast SEO Premium plugin. -->","yoast_head_json":{"title":"Impressionen von der Performance Paderborn","description":"Jedes Jahr im September treffen sich Stra\u00dfentheater-K\u00fcnstler der ganzen Welt auf der Performance Paderborn. Sie pr\u00e4sentieren ihre Kunst - wir zeigen, was...","robots":{"index":"index","follow":"follow","max-snippet":"max-snippet:-1","max-image-preview":"max-image-preview:large","max-video-preview":"max-video-preview:-1"},"canonical":"https:\/\/www.memo-media.de\/blog\/impressionen-von-der-performance-paderborn\/","og_locale":"de_DE","og_type":"article","og_title":"Impressionen von der Performance Paderborn","og_description":"Jedes Jahr im September treffen sich Stra\u00dfentheater-K\u00fcnstler der ganzen Welt auf der Performance Paderborn. Sie pr\u00e4sentieren ihre Kunst - wir zeigen, was...","og_url":"https:\/\/www.memo-media.de\/blog\/impressionen-von-der-performance-paderborn\/","og_site_name":"memo-media Blog f\u00fcr die Eventplanung","article_author":"https:\/\/www.facebook.com\/memomedia","article_published_time":"2015-09-10T15:42:04+00:00","article_modified_time":"2020-04-02T13:56:55+00:00","og_image":[{"width":960,"height":720,"url":"https:\/\/www.memo-media.de\/blog\/wp-content\/uploads\/2015\/09\/altrego-auf-der-performance-paderborn.jpg","type":"image\/jpeg"}],"author":"Kerstin Meisner","twitter_misc":{"Verfasst von":"Kerstin Meisner","Gesch\u00e4tzte Lesezeit":"1\u00a0Minute"},"schema":{"@context":"https:\/\/schema.org","@graph":[{"@type":"WebPage","@id":"https:\/\/www.memo-media.de\/blog\/impressionen-von-der-performance-paderborn\/","url":"https:\/\/www.memo-media.de\/blog\/impressionen-von-der-performance-paderborn\/","name":"Impressionen von der Performance Paderborn","isPartOf":{"@id":"https:\/\/www.memo-media.de\/blog\/#website"},"datePublished":"2015-09-10T15:42:04+00:00","dateModified":"2020-04-02T13:56:55+00:00","author":{"@id":"https:\/\/www.memo-media.de\/blog\/#\/schema\/person\/4a9ebc406469558526f2f3e5dd7a7ab0"},"description":"Jedes Jahr im September treffen sich Stra\u00dfentheater-K\u00fcnstler der ganzen Welt auf der Performance Paderborn. Sie pr\u00e4sentieren ihre Kunst - wir zeigen, was...","breadcrumb":{"@id":"https:\/\/www.memo-media.de\/blog\/impressionen-von-der-performance-paderborn\/#breadcrumb"},"inLanguage":"de","potentialAction":[{"@type":"ReadAction","target":["https:\/\/www.memo-media.de\/blog\/impressionen-von-der-performance-paderborn\/"]}]},{"@type":"BreadcrumbList","@id":"https:\/\/www.memo-media.de\/blog\/impressionen-von-der-performance-paderborn\/#breadcrumb","itemListElement":[{"@type":"ListItem","position":1,"name":"Home","item":"https:\/\/www.memo-media.de\/blog\/"},{"@type":"ListItem","position":2,"name":"Impressionen von der Performance Paderborn"}]},{"@type":"WebSite","@id":"https:\/\/www.memo-media.de\/blog\/#website","url":"https:\/\/www.memo-media.de\/blog\/","name":"memo-media Blog f\u00fcr die Eventplanung","description":"News und Facts aus der Eventbranche f\u00fcr die Eventbranche","potentialAction":[{"@type":"SearchAction","target":{"@type":"EntryPoint","urlTemplate":"https:\/\/www.memo-media.de\/blog\/?s={search_term_string}"},"query-input":"required name=search_term_string"}],"inLanguage":"de"},{"@type":"Person","@id":"https:\/\/www.memo-media.de\/blog\/#\/schema\/person\/4a9ebc406469558526f2f3e5dd7a7ab0","name":"Kerstin Meisner","image":{"@type":"ImageObject","inLanguage":"de","@id":"https:\/\/www.memo-media.de\/blog\/#\/schema\/person\/image\/","url":"https:\/\/www.memo-media.de\/blog\/wp-content\/uploads\/2022\/10\/kerstin-meisner_2022_03-mittel-150x150.jpg","contentUrl":"https:\/\/www.memo-media.de\/blog\/wp-content\/uploads\/2022\/10\/kerstin-meisner_2022_03-mittel-150x150.jpg","caption":"Kerstin Meisner"},"description":"Kerstin Meisner hat memo-media im Dezember 2000 gegr\u00fcndet. Die Website www.memo-media.de ist im Juni 2001 online gegangen und das erste Handbuch memo-media erschien im Herbst 2001. Seit 2007 wird das Magazin showcases von ihr als Herausgeberin herausgebracht, 2016 folgten die Eventmoods. Kerstin Meisner ist auch Chefredakteurin des memo-media Blogs f\u00fcr die Eventplanung und des monatlichen Eventbranchenbriefs, dem memoLetter.","sameAs":["https:\/\/www.memo-media.de","https:\/\/www.facebook.com\/memomedia"],"url":"https:\/\/www.memo-media.de\/blog\/author\/kerstin-meisner\/"}]}},"_links":{"self":[{"href":"https:\/\/www.memo-media.de\/blog\/wp-json\/wp\/v2\/posts\/2555"}],"collection":[{"href":"https:\/\/www.memo-media.de\/blog\/wp-json\/wp\/v2\/posts"}],"about":[{"href":"https:\/\/www.memo-media.de\/blog\/wp-json\/wp\/v2\/types\/post"}],"author":[{"embeddable":true,"href":"https:\/\/www.memo-media.de\/blog\/wp-json\/wp\/v2\/users\/2"}],"replies":[{"embeddable":true,"href":"https:\/\/www.memo-media.de\/blog\/wp-json\/wp\/v2\/comments?post=2555"}],"version-history":[{"count":11,"href":"https:\/\/www.memo-media.de\/blog\/wp-json\/wp\/v2\/posts\/2555\/revisions"}],"predecessor-version":[{"id":10977,"href":"https:\/\/www.memo-media.de\/blog\/wp-json\/wp\/v2\/posts\/2555\/revisions\/10977"}],"wp:featuredmedia":[{"embeddable":true,"href":"https:\/\/www.memo-media.de\/blog\/wp-json\/wp\/v2\/media\/2568"}],"wp:attachment":[{"href":"https:\/\/www.memo-media.de\/blog\/wp-json\/wp\/v2\/media?parent=2555"}],"wp:term":[{"taxonomy":"category","embeddable":true,"href":"https:\/\/www.memo-media.de\/blog\/wp-json\/wp\/v2\/categories?post=2555"},{"taxonomy":"post_tag","embeddable":true,"href":"https:\/\/www.memo-media.de\/blog\/wp-json\/wp\/v2\/tags?post=2555"}],"curies":[{"name":"wp","href":"https:\/\/api.w.org\/{rel}","templated":true}]}}