{"id":2490,"date":"2015-09-11T12:10:23","date_gmt":"2015-09-11T10:10:23","guid":{"rendered":"http:\/\/www.memo-media.de\/blog\/?p=2490"},"modified":"2015-09-11T12:10:23","modified_gmt":"2015-09-11T10:10:23","slug":"tim-burton-einer-der-im-dunkeln-leuchtet","status":"publish","type":"post","link":"https:\/\/www.memo-media.de\/blog\/tim-burton-einer-der-im-dunkeln-leuchtet\/","title":{"rendered":"Tim Burton \u2013 einer, der im Dunkeln leuchtet"},"content":{"rendered":"<p>Bekannt ist Tim Burton Millionen seiner Fans als eigenwilliger Hollywood-Regisseur, Autor und Produzent von genial-schr\u00e4gen Filmen wie \u201eEdward mit den Scherenh\u00e4nden\u201c, \u201eNightmare before Christmas\u201c, \u201eCharlie und die Schokoladenfabrik\u201c, \u201eMars Attacks!\u201c, \u201eAlice im Wunderland\u201c \u201eEd Wood\u201c oder \u201eFrankenweenie\u201c. Im <a href=\"http:\/\/www.maxernstmuseum.lvr.de\" target=\"_blank\">Max-Ernst-Museum in Br\u00fchl<\/a> ist nun das weitgehend noch unbekannte bildk\u00fcnstlerische Werk des morbid-fantastischen Exzentrikers zu entdecken. Nach Stationen der Ausstellung in Prag, Tokio und Osaka k\u00f6nnen Burtons Werke dort zum ersten Mal in Deutschland bestaunt werden.<\/p>\n<p>Mit \u201eThe World of Tim Burton\u201c pr\u00e4sentiert das Max-Ernst-Museum des Landschaftsverbands Rheinland 500 Zeichnungen, Gem\u00e4lde, Filmpuppen, Maquetten, Storyboards sowie pers\u00f6nliche Dokumente des Ausnahmek\u00fcnstlers, der, wie man in Br\u00fchl sehen kann, die Produkte seiner \u00fcbersch\u00e4umenden Fantasie auch auf Hotelnotizbl\u00f6cken und Servietten der Bar Vend\u00f4me oder des Pariser Ritz gebannt hat. Zeichnen ist das Medium, das es Burton erm\u00f6glicht, sich unmittelbar auszudr\u00fccken. Seit seiner Kindheit f\u00fchrt er eine Art visuelles Tagebuch.<\/p>\n<h3><span lang=\"en-US\">Design des Au\u00dferordentlichen: It\u2019s life Tim, but not as we know it!<\/span><\/h3>\n<div id=\"attachment_2491\" style=\"width: 280px\" class=\"wp-caption alignleft\"><a href=\"https:\/\/www.memo-media.de\/blog\/wp-content\/uploads\/2015\/09\/burton1.jpg\"><img aria-describedby=\"caption-attachment-2491\" decoding=\"async\" loading=\"lazy\" class=\"size-medium wp-image-2491\" src=\"https:\/\/www.memo-media.de\/blog\/wp-content\/uploads\/2015\/09\/burton1-270x300.jpg\" alt=\"Tim Burton, Ohne Titel (The Melancholy Death of Oyster Boy and Other Stories), um 1982\u201384, Tusche, Marker und Buntstift auf Papier\" width=\"270\" height=\"300\" srcset=\"https:\/\/www.memo-media.de\/blog\/wp-content\/uploads\/2015\/09\/burton1-270x300.jpg 270w, https:\/\/www.memo-media.de\/blog\/wp-content\/uploads\/2015\/09\/burton1-921x1024.jpg 921w, https:\/\/www.memo-media.de\/blog\/wp-content\/uploads\/2015\/09\/burton1-335x373.jpg 335w, https:\/\/www.memo-media.de\/blog\/wp-content\/uploads\/2015\/09\/burton1-1050x1168.jpg 1050w, https:\/\/www.memo-media.de\/blog\/wp-content\/uploads\/2015\/09\/burton1.jpg 1380w\" sizes=\"(max-width: 270px) 100vw, 270px\" \/><\/a><p id=\"caption-attachment-2491\" class=\"wp-caption-text\">Zeichnen ist das Medium, das es Burton erm\u00f6glicht, sich unmittelbar auszudr\u00fccken<\/p><\/div>\n<p>Eventkreative, die ihren Ideenpool mit neuen Inspirationen auff\u00fcllen m\u00f6chten, werden in Tim Burtons Welt garantiert f\u00fcndig. Zwischen lebendigen Handschuhen, Au\u00dferirdischen, deren K\u00f6pfe beim Klang klassischer Musik explodieren oder kleinen Wesen, die sich zu einer monstr\u00f6sen Kreatur \u00fcbereinanderstapeln, werden Synapsen nachhaltig befeuert und mittelm\u00e4\u00dfige Einf\u00e4lle im Keim erstickt. Zudem wirkt Burtons herrlich-subversiver Humor, der alle seine Arbeiten durchzieht, wie eine sch\u00f6pferische Frischzellenkur und ist zugleich ein Antidot gegen allzu Naheliegendes.<\/p>\n<p>In Br\u00fchl werden auch Burtons nichtrealisierte Projekte und einige der Arbeiten gezeigt, die er f\u00fcr die Disney-Studios gemacht hat, wo er nach seiner Ausbildung zum [memo_rubrik id=872]Trickfilmzeichner[\/memo_rubrik] am California Institute of the Arts eine Festanstellung bekam. Dort f\u00fchlte er sich jedoch geknechtet und irgendwie eingesperrt wie Rapunzel im gleichnamigen M\u00e4rchen und alle seine f\u00fcr Disney gezeichneten F\u00fcchse, so Burton, sahen aus, als seien sie von einem Hund \u00fcberfahren worden. Irgendwann, so l\u00e4sst Burton die Anwesenden der Er\u00f6ffnungs-Pressekonferenz wissen, habe er sich dann selbst zum Ma\u00dfstab erhoben.<\/p>\n<h3>Tim Burton zeigt mit Vorliebe das Menschliche im Monster<\/h3>\n<p>In der Stadt Burbank in Kalifornien, wo der kleine Timothy Walter Burton aufwuchs, f\u00fchlte er sich selbst als Au\u00dfenseiter und suchte Zuflucht im Kino. Der Mann, der Christopher Lees Stimme auf seinem Anrufbeantworter verewigt hat, verehrte seit Kindertagen Vincent Price, liebte Science-Fiction und Horrorfilme und hatte ein Faible f\u00fcr Ungeheuer. Letztere schienen ihm in den Filmen immer die menschlicheren und emotionaleren zu sein. Seit dieser Zeit ortet Burton das Monstr\u00f6se im Menschen und das Menschliche im Monster.<\/p>\n<p>Die besten Dinge, so Burton, sind die, die \u00fcberraschen und die man nicht erwartet. Angelehnt an die erste Surrealisten-Ausstellung, die man seinerzeit nur mit Taschenlampen besuchen konnte, gibt es auch im Max-Ernst-Museum einen in Schwarzlicht getauchten Raum, in dem den taschenlampenbewehrten Besuchern Burtons Kreaturen in der Dunkelheit entgegen leuchten. Ein exquisites kindliches Vergn\u00fcgen &#8211; wie einst unter der Bettdecke.<\/p>\n<h3>Die Anti-Idylle: Unheimliche Clowns und bissige Teddyb\u00e4ren<\/h3>\n<div id=\"attachment_2492\" style=\"width: 970px\" class=\"wp-caption alignnone\"><a href=\"https:\/\/www.memo-media.de\/blog\/wp-content\/uploads\/2015\/09\/burton2.jpg\"><img aria-describedby=\"caption-attachment-2492\" decoding=\"async\" loading=\"lazy\" class=\"size-large wp-image-2492\" src=\"https:\/\/www.memo-media.de\/blog\/wp-content\/uploads\/2015\/09\/burton2-1024x683.jpg\" alt=\"Tim Burton\" width=\"960\" height=\"640\" srcset=\"https:\/\/www.memo-media.de\/blog\/wp-content\/uploads\/2015\/09\/burton2-1024x683.jpg 1024w, https:\/\/www.memo-media.de\/blog\/wp-content\/uploads\/2015\/09\/burton2-300x200.jpg 300w, https:\/\/www.memo-media.de\/blog\/wp-content\/uploads\/2015\/09\/burton2-335x223.jpg 335w, https:\/\/www.memo-media.de\/blog\/wp-content\/uploads\/2015\/09\/burton2-1050x701.jpg 1050w, https:\/\/www.memo-media.de\/blog\/wp-content\/uploads\/2015\/09\/burton2.jpg 1349w\" sizes=\"(max-width: 960px) 100vw, 960px\" \/><\/a><p id=\"caption-attachment-2492\" class=\"wp-caption-text\">Der Meister h\u00f6chstpers\u00f6nlich: Tim Burton<\/p><\/div>\n<p>Von Zeit zu Zeit klappt in einem der Ausstellungsr\u00e4ume die Hirnschale des \u201eRobot-Boys\u201c auf und entbl\u00f6\u00dft dessen skurril-drahtiges Innenleben. Etwas abseits davon steht ein mit bunten Lichtern geschm\u00fccktes H\u00e4uschen, in dem Weihnachten gefeiert wird. Weihnachten \u00e1 la Burton, versteht sich. Blickt man durch das Fenster auf den geschm\u00fcckten Tannenbaum, neben dem ein kleiner Junge steht, so entpuppt sich die Idylle schnell als Schauplatz eines grausigen Verbrechens: Je nach Beleuchtung werden Blutspuren an der Wand sichtbar und die langen Beine einer Leiche im T\u00fcrrahmen.<\/p>\n<p>Idylle scheint Burton per se nicht geheuer zu sein. \u00dcberall lauert bei ihm Unheil, kriecht Grusel aus Ritzen und Spalten, kippt Idylle ins Bizarre, wenn der \u201eToxic Boy\u201c dem Nikolaus versehentlich den Bart in Brand setzt oder eine Krake gen\u00fcsslich den Weihnachtsbaum verspeist. Auch Weihnachtsm\u00e4nner sind ihm suspekt. In einer seiner Zeichnungen schenkt der Weihnachtsmann einem kleinen Jungen einen Teddyb\u00e4ren. Doch h\u00e4lt sich dessen Begeisterung in Grenzen, denn der letzte Teddy hatte ihn gebissen. Die, die normalerweise Schrecken verbreiten, sind bei Burton verl\u00e4sslich Sympathietr\u00e4ger, daf\u00fcr verstr\u00f6men seine [memo_rubrik id=329]Clowns[\/memo_rubrik] eine Aura des Unheimlichen, dass jedem Kind der Atem stocken d\u00fcrfte.<\/p>\n<h3>Die Sch\u00f6nheit des Bizarren<\/h3>\n<div id=\"attachment_2493\" style=\"width: 137px\" class=\"wp-caption alignright\"><a href=\"https:\/\/www.memo-media.de\/blog\/wp-content\/uploads\/2015\/09\/burton3.jpg\"><img aria-describedby=\"caption-attachment-2493\" decoding=\"async\" loading=\"lazy\" class=\"size-medium wp-image-2493\" src=\"https:\/\/www.memo-media.de\/blog\/wp-content\/uploads\/2015\/09\/burton3-127x300.jpg\" alt=\"Tim Burton, Ohne Titel (Creature Series), um 1980\u20131989, Tusche, Marker und Buntstift auf Papier\" width=\"127\" height=\"300\" srcset=\"https:\/\/www.memo-media.de\/blog\/wp-content\/uploads\/2015\/09\/burton3-127x300.jpg 127w, https:\/\/www.memo-media.de\/blog\/wp-content\/uploads\/2015\/09\/burton3-433x1024.jpg 433w, https:\/\/www.memo-media.de\/blog\/wp-content\/uploads\/2015\/09\/burton3-335x792.jpg 335w, https:\/\/www.memo-media.de\/blog\/wp-content\/uploads\/2015\/09\/burton3.jpg 649w\" sizes=\"(max-width: 127px) 100vw, 127px\" \/><\/a><p id=\"caption-attachment-2493\" class=\"wp-caption-text\">Tim Burton gew\u00e4hrt mit seiner Ausstellung einen tiefen Einblick in seine Fantasie<\/p><\/div>\n<p>Wie sein Robot-Boy gew\u00e4hrt Burton dem Besucher in dieser Ausstellung einen tiefen Einblick in seine von Fantasie \u00fcberbordende, d\u00fcster-groteske Innenwelt, in deren Fokus missverstandene Au\u00dfenseiter, vom Leben gezeichnete Sonderlinge mit angen\u00e4hten Gliedma\u00dfen oder untauglichen Scherenh\u00e4nden stehen, die sich letztlich als die wahren Helden erweisen.<\/p>\n<p>Auch die Eventbranche sollte sich nicht scheuen, sich in diesem Biotop des Besonderen einmal genauer umzuschauen, denn die wirklich seltenen Blumen wachsen bekanntlich nicht auf den Stra\u00dfen des Mainstreams, sondern am Wegesrand.<\/p>\n<p>Auf dem dazugeh\u00f6rigen Ausstellungskatalog strahlt das Konterfei des Meisters und leuchtet in die von burtonesken Wesen bev\u00f6lkerte Dunkelheit. \u201eThe World of Tim Burton\u201c kann noch bis zum 3. Januar 2016 im Max-Ernst-Museum in Br\u00fchl bestaunt werden.<\/p>\n","protected":false},"excerpt":{"rendered":"<p>Bekannt ist Tim Burton Millionen seiner Fans als eigenwilliger Hollywood-Regisseur, Autor und Produzent von genial-schr\u00e4gen Filmen wie \u201eEdward mit den&#8230;<\/p>\n","protected":false},"author":7,"featured_media":2494,"comment_status":"closed","ping_status":"open","sticky":false,"template":"","format":"standard","meta":[],"categories":[9,4],"tags":[400,460,458,461],"yoast_head":"<!-- This site is optimized with the Yoast SEO Premium plugin v20.5 (Yoast SEO v20.5) - https:\/\/yoast.com\/wordpress\/plugins\/seo\/ -->\n<title>Tim Burton \u2013 einer, der im Dunkeln leuchtet<\/title>\n<meta name=\"description\" content=\"Nach Stationen in Prag, Tokio und Osaka ist die Tim Burton-Ausstellung jetzt auch in Deutschland zu sehen. Wir waren bei der Er\u00f6ffnung und v\u00f6llig begeistert\" \/>\n<meta name=\"robots\" content=\"index, follow, max-snippet:-1, max-image-preview:large, max-video-preview:-1\" \/>\n<link rel=\"canonical\" href=\"https:\/\/www.memo-media.de\/blog\/tim-burton-einer-der-im-dunkeln-leuchtet\/\" \/>\n<meta property=\"og:locale\" content=\"de_DE\" \/>\n<meta property=\"og:type\" content=\"article\" \/>\n<meta property=\"og:title\" content=\"Tim Burton \u2013 einer, der im Dunkeln leuchtet\" \/>\n<meta property=\"og:description\" content=\"Nach Stationen in Prag, Tokio und Osaka ist die Tim Burton-Ausstellung jetzt auch in Deutschland zu sehen. Wir waren bei der Er\u00f6ffnung und v\u00f6llig begeistert\" \/>\n<meta property=\"og:url\" content=\"https:\/\/www.memo-media.de\/blog\/tim-burton-einer-der-im-dunkeln-leuchtet\/\" \/>\n<meta property=\"og:site_name\" content=\"memo-media Blog f\u00fcr die Eventplanung\" \/>\n<meta property=\"article:published_time\" content=\"2015-09-11T10:10:23+00:00\" \/>\n<meta property=\"og:image\" content=\"https:\/\/www.memo-media.de\/blog\/wp-content\/uploads\/2015\/09\/header.jpg\" \/>\n\t<meta property=\"og:image:width\" content=\"1500\" \/>\n\t<meta property=\"og:image:height\" content=\"1149\" \/>\n\t<meta property=\"og:image:type\" content=\"image\/jpeg\" \/>\n<meta name=\"author\" content=\"Katja Kaul\" \/>\n<meta name=\"twitter:label1\" content=\"Verfasst von\" \/>\n\t<meta name=\"twitter:data1\" content=\"Katja Kaul\" \/>\n\t<meta name=\"twitter:label2\" content=\"Gesch\u00e4tzte Lesezeit\" \/>\n\t<meta name=\"twitter:data2\" content=\"4\u00a0Minuten\" \/>\n<script type=\"application\/ld+json\" class=\"yoast-schema-graph\">{\"@context\":\"https:\/\/schema.org\",\"@graph\":[{\"@type\":\"WebPage\",\"@id\":\"https:\/\/www.memo-media.de\/blog\/tim-burton-einer-der-im-dunkeln-leuchtet\/\",\"url\":\"https:\/\/www.memo-media.de\/blog\/tim-burton-einer-der-im-dunkeln-leuchtet\/\",\"name\":\"Tim Burton \u2013 einer, der im Dunkeln leuchtet\",\"isPartOf\":{\"@id\":\"https:\/\/www.memo-media.de\/blog\/#website\"},\"datePublished\":\"2015-09-11T10:10:23+00:00\",\"dateModified\":\"2015-09-11T10:10:23+00:00\",\"author\":{\"@id\":\"https:\/\/www.memo-media.de\/blog\/#\/schema\/person\/c4cdf4166ded65c78e2fbbad17461f7b\"},\"description\":\"Nach Stationen in Prag, Tokio und Osaka ist die Tim Burton-Ausstellung jetzt auch in Deutschland zu sehen. Wir waren bei der Er\u00f6ffnung und v\u00f6llig begeistert\",\"breadcrumb\":{\"@id\":\"https:\/\/www.memo-media.de\/blog\/tim-burton-einer-der-im-dunkeln-leuchtet\/#breadcrumb\"},\"inLanguage\":\"de\",\"potentialAction\":[{\"@type\":\"ReadAction\",\"target\":[\"https:\/\/www.memo-media.de\/blog\/tim-burton-einer-der-im-dunkeln-leuchtet\/\"]}]},{\"@type\":\"BreadcrumbList\",\"@id\":\"https:\/\/www.memo-media.de\/blog\/tim-burton-einer-der-im-dunkeln-leuchtet\/#breadcrumb\",\"itemListElement\":[{\"@type\":\"ListItem\",\"position\":1,\"name\":\"Home\",\"item\":\"https:\/\/www.memo-media.de\/blog\/\"},{\"@type\":\"ListItem\",\"position\":2,\"name\":\"Tim Burton \u2013 einer, der im Dunkeln leuchtet\"}]},{\"@type\":\"WebSite\",\"@id\":\"https:\/\/www.memo-media.de\/blog\/#website\",\"url\":\"https:\/\/www.memo-media.de\/blog\/\",\"name\":\"memo-media Blog f\u00fcr die Eventplanung\",\"description\":\"News und Facts aus der Eventbranche f\u00fcr die Eventbranche\",\"potentialAction\":[{\"@type\":\"SearchAction\",\"target\":{\"@type\":\"EntryPoint\",\"urlTemplate\":\"https:\/\/www.memo-media.de\/blog\/?s={search_term_string}\"},\"query-input\":\"required name=search_term_string\"}],\"inLanguage\":\"de\"},{\"@type\":\"Person\",\"@id\":\"https:\/\/www.memo-media.de\/blog\/#\/schema\/person\/c4cdf4166ded65c78e2fbbad17461f7b\",\"name\":\"Katja Kaul\",\"image\":{\"@type\":\"ImageObject\",\"inLanguage\":\"de\",\"@id\":\"https:\/\/www.memo-media.de\/blog\/#\/schema\/person\/image\/\",\"url\":\"https:\/\/www.memo-media.de\/blog\/wp-content\/uploads\/2014\/04\/katja-kaul-150x150.jpg\",\"contentUrl\":\"https:\/\/www.memo-media.de\/blog\/wp-content\/uploads\/2014\/04\/katja-kaul-150x150.jpg\",\"caption\":\"Katja Kaul\"},\"description\":\"Katja Kaul stammt aus dem Ruhrgebiet und schreibt seit 2009 unter ihrem Pseudonym f\u00fcr showcases. Sie ist K\u00fcnstlerin und Dramaturgin und verf\u00fcgt \u00fcber umfangreiche Eventerfahrung.\",\"url\":\"https:\/\/www.memo-media.de\/blog\/author\/katja-kaul\/\"}]}<\/script>\n<!-- \/ Yoast SEO Premium plugin. -->","yoast_head_json":{"title":"Tim Burton \u2013 einer, der im Dunkeln leuchtet","description":"Nach Stationen in Prag, Tokio und Osaka ist die Tim Burton-Ausstellung jetzt auch in Deutschland zu sehen. Wir waren bei der Er\u00f6ffnung und v\u00f6llig begeistert","robots":{"index":"index","follow":"follow","max-snippet":"max-snippet:-1","max-image-preview":"max-image-preview:large","max-video-preview":"max-video-preview:-1"},"canonical":"https:\/\/www.memo-media.de\/blog\/tim-burton-einer-der-im-dunkeln-leuchtet\/","og_locale":"de_DE","og_type":"article","og_title":"Tim Burton \u2013 einer, der im Dunkeln leuchtet","og_description":"Nach Stationen in Prag, Tokio und Osaka ist die Tim Burton-Ausstellung jetzt auch in Deutschland zu sehen. Wir waren bei der Er\u00f6ffnung und v\u00f6llig begeistert","og_url":"https:\/\/www.memo-media.de\/blog\/tim-burton-einer-der-im-dunkeln-leuchtet\/","og_site_name":"memo-media Blog f\u00fcr die Eventplanung","article_published_time":"2015-09-11T10:10:23+00:00","og_image":[{"width":1500,"height":1149,"url":"https:\/\/www.memo-media.de\/blog\/wp-content\/uploads\/2015\/09\/header.jpg","type":"image\/jpeg"}],"author":"Katja Kaul","twitter_misc":{"Verfasst von":"Katja Kaul","Gesch\u00e4tzte Lesezeit":"4\u00a0Minuten"},"schema":{"@context":"https:\/\/schema.org","@graph":[{"@type":"WebPage","@id":"https:\/\/www.memo-media.de\/blog\/tim-burton-einer-der-im-dunkeln-leuchtet\/","url":"https:\/\/www.memo-media.de\/blog\/tim-burton-einer-der-im-dunkeln-leuchtet\/","name":"Tim Burton \u2013 einer, der im Dunkeln leuchtet","isPartOf":{"@id":"https:\/\/www.memo-media.de\/blog\/#website"},"datePublished":"2015-09-11T10:10:23+00:00","dateModified":"2015-09-11T10:10:23+00:00","author":{"@id":"https:\/\/www.memo-media.de\/blog\/#\/schema\/person\/c4cdf4166ded65c78e2fbbad17461f7b"},"description":"Nach Stationen in Prag, Tokio und Osaka ist die Tim Burton-Ausstellung jetzt auch in Deutschland zu sehen. Wir waren bei der Er\u00f6ffnung und v\u00f6llig begeistert","breadcrumb":{"@id":"https:\/\/www.memo-media.de\/blog\/tim-burton-einer-der-im-dunkeln-leuchtet\/#breadcrumb"},"inLanguage":"de","potentialAction":[{"@type":"ReadAction","target":["https:\/\/www.memo-media.de\/blog\/tim-burton-einer-der-im-dunkeln-leuchtet\/"]}]},{"@type":"BreadcrumbList","@id":"https:\/\/www.memo-media.de\/blog\/tim-burton-einer-der-im-dunkeln-leuchtet\/#breadcrumb","itemListElement":[{"@type":"ListItem","position":1,"name":"Home","item":"https:\/\/www.memo-media.de\/blog\/"},{"@type":"ListItem","position":2,"name":"Tim Burton \u2013 einer, der im Dunkeln leuchtet"}]},{"@type":"WebSite","@id":"https:\/\/www.memo-media.de\/blog\/#website","url":"https:\/\/www.memo-media.de\/blog\/","name":"memo-media Blog f\u00fcr die Eventplanung","description":"News und Facts aus der Eventbranche f\u00fcr die Eventbranche","potentialAction":[{"@type":"SearchAction","target":{"@type":"EntryPoint","urlTemplate":"https:\/\/www.memo-media.de\/blog\/?s={search_term_string}"},"query-input":"required name=search_term_string"}],"inLanguage":"de"},{"@type":"Person","@id":"https:\/\/www.memo-media.de\/blog\/#\/schema\/person\/c4cdf4166ded65c78e2fbbad17461f7b","name":"Katja Kaul","image":{"@type":"ImageObject","inLanguage":"de","@id":"https:\/\/www.memo-media.de\/blog\/#\/schema\/person\/image\/","url":"https:\/\/www.memo-media.de\/blog\/wp-content\/uploads\/2014\/04\/katja-kaul-150x150.jpg","contentUrl":"https:\/\/www.memo-media.de\/blog\/wp-content\/uploads\/2014\/04\/katja-kaul-150x150.jpg","caption":"Katja Kaul"},"description":"Katja Kaul stammt aus dem Ruhrgebiet und schreibt seit 2009 unter ihrem Pseudonym f\u00fcr showcases. Sie ist K\u00fcnstlerin und Dramaturgin und verf\u00fcgt \u00fcber umfangreiche Eventerfahrung.","url":"https:\/\/www.memo-media.de\/blog\/author\/katja-kaul\/"}]}},"_links":{"self":[{"href":"https:\/\/www.memo-media.de\/blog\/wp-json\/wp\/v2\/posts\/2490"}],"collection":[{"href":"https:\/\/www.memo-media.de\/blog\/wp-json\/wp\/v2\/posts"}],"about":[{"href":"https:\/\/www.memo-media.de\/blog\/wp-json\/wp\/v2\/types\/post"}],"author":[{"embeddable":true,"href":"https:\/\/www.memo-media.de\/blog\/wp-json\/wp\/v2\/users\/7"}],"replies":[{"embeddable":true,"href":"https:\/\/www.memo-media.de\/blog\/wp-json\/wp\/v2\/comments?post=2490"}],"version-history":[{"count":4,"href":"https:\/\/www.memo-media.de\/blog\/wp-json\/wp\/v2\/posts\/2490\/revisions"}],"predecessor-version":[{"id":2496,"href":"https:\/\/www.memo-media.de\/blog\/wp-json\/wp\/v2\/posts\/2490\/revisions\/2496"}],"wp:featuredmedia":[{"embeddable":true,"href":"https:\/\/www.memo-media.de\/blog\/wp-json\/wp\/v2\/media\/2494"}],"wp:attachment":[{"href":"https:\/\/www.memo-media.de\/blog\/wp-json\/wp\/v2\/media?parent=2490"}],"wp:term":[{"taxonomy":"category","embeddable":true,"href":"https:\/\/www.memo-media.de\/blog\/wp-json\/wp\/v2\/categories?post=2490"},{"taxonomy":"post_tag","embeddable":true,"href":"https:\/\/www.memo-media.de\/blog\/wp-json\/wp\/v2\/tags?post=2490"}],"curies":[{"name":"wp","href":"https:\/\/api.w.org\/{rel}","templated":true}]}}