{"id":2044,"date":"2015-06-09T11:48:16","date_gmt":"2015-06-09T09:48:16","guid":{"rendered":"http:\/\/www.memo-media.de\/blog\/?p=2044"},"modified":"2024-03-25T15:22:57","modified_gmt":"2024-03-25T13:22:57","slug":"kleinkunstfestival-usedom-2015","status":"publish","type":"post","link":"https:\/\/www.memo-media.de\/blog\/kleinkunstfestival-usedom-2015\/","title":{"rendered":"Internationales Kleinkunstfestival Usedom 2015"},"content":{"rendered":"<p>Vor 16 Jahren hatten Georg Kurze und der ehemalige B\u00fcrgermeister J\u00fcrgen Merkle eine Idee: Warum nicht zu Pfingsten auf Usedom im sch\u00f6nen Heringsdorf ein [memo_eintrag kundennummer=133768]Festival[\/memo_eintrag] auf die Beine stellen \u2013 mit Kleink\u00fcnstlern aus der ganzen Welt, spartenoffen und stra\u00dfentheatertauglich. Es wird angebadet von den Touristen in den fr\u00fchsommerlichen Pfingsttagen und wenn sie schon mal da sind, dann k\u00f6nnten sie sich auch \u00fcber internationales [memo_rubrik id=2162]Stra\u00dfentheater[\/memo_rubrik] freuen.<\/p>\n<div id=\"attachment_2088\" style=\"width: 310px\" class=\"wp-caption alignright\"><a href=\"https:\/\/www.memo-media.de\/blog\/wp-content\/uploads\/2015\/06\/kk9.jpg\"><img aria-describedby=\"caption-attachment-2088\" decoding=\"async\" loading=\"lazy\" class=\"wp-image-2088 size-medium\" src=\"https:\/\/www.memo-media.de\/blog\/wp-content\/uploads\/2015\/06\/kk9-300x200.jpg\" alt=\"30 K\u00fcnstler aus 21 Nationen nahmen am Kleinkunstfestival teil\" width=\"300\" height=\"200\" srcset=\"https:\/\/www.memo-media.de\/blog\/wp-content\/uploads\/2015\/06\/kk9-300x200.jpg 300w, https:\/\/www.memo-media.de\/blog\/wp-content\/uploads\/2015\/06\/kk9-1024x682.jpg 1024w, https:\/\/www.memo-media.de\/blog\/wp-content\/uploads\/2015\/06\/kk9-335x223.jpg 335w, https:\/\/www.memo-media.de\/blog\/wp-content\/uploads\/2015\/06\/kk9-1050x700.jpg 1050w, https:\/\/www.memo-media.de\/blog\/wp-content\/uploads\/2015\/06\/kk9.jpg 2000w\" sizes=\"(max-width: 300px) 100vw, 300px\" \/><\/a><p id=\"caption-attachment-2088\" class=\"wp-caption-text\">Bei 52 K\u00fcnstlern aus 21 Nationen gab es ein Sprachengewirr ohne Ende. Ein gro\u00dfer Spa\u00df!<\/p><\/div>\n<p>Gesagt, getan &#8211; der Freundeskreis von der Insel war es g<span style=\"color: #333333;\">ewoh<\/span>nt, gemeinsam Ideen zu entwickeln und umzusetzen. Nachdem das erste Festival erfolgreich von statten ging, wurde ein <a href=\"https:\/\/www.kleinkunst-festival.com\/home\" target=\"_blank\" rel=\"noopener noreferrer\">Verein<\/a> gegr\u00fcndet, Kersten Fubel als 1. Vorsitzender gew\u00e4hlt, und die Festivalsgeschichte begann. Die ersten Jahre war es wie ein gro\u00dfes Familientreffen deutscher Stra\u00dfenk\u00fcnstler. Ein paar ausl\u00e4ndische K\u00fcnstler waren auch dabei, aber eben nur ein paar. Man kannte sich, spielte seine Show und machte Urlaub auf der <a href=\"http:\/\/www.usedom.de\/\" target=\"_blank\" rel=\"noopener noreferrer\">Ostseeinsel<\/a>. Doch mit den Jahren wurde das Festival auch weltweit immer bekannter und damit immer internationaler.<\/p>\n<h3>K\u00fcnstler aus 21 Nationen auf dem Kleinkunstfestival 2015<\/h3>\n<p>30 K\u00fcnstlergruppen mit insgesamt 52 K\u00fcnstlern nahmen am diesj\u00e4hrigen Internationalen Kleinkunstfestival Usedom teil \u2013 und nur ganze drei K\u00fcnstler kamen aus Deutschland. 21 Nationen waren es, die sich auf dem Gel\u00e4nde an der Seebr\u00fccke versammelten und damit ein Sprachengewirr ohne Ende schufen &#8211; Spanischkenntnisse waren in diesem Jahr erstmals wichtiger als englische.<\/p>\n<div id=\"attachment_2053\" style=\"width: 282px\" class=\"wp-caption alignleft\"><a href=\"https:\/\/www.memo-media.de\/blog\/wp-content\/uploads\/2015\/06\/kk8.jpg\"><img aria-describedby=\"caption-attachment-2053\" decoding=\"async\" loading=\"lazy\" class=\"size-medium wp-image-2053\" src=\"https:\/\/www.memo-media.de\/blog\/wp-content\/uploads\/2015\/06\/kk8-272x300.jpg\" alt=\"Fillage aus Belgien auf dem Kleinkunstfestival\" width=\"272\" height=\"300\" srcset=\"https:\/\/www.memo-media.de\/blog\/wp-content\/uploads\/2015\/06\/kk8-272x300.jpg 272w, https:\/\/www.memo-media.de\/blog\/wp-content\/uploads\/2015\/06\/kk8-927x1024.jpg 927w, https:\/\/www.memo-media.de\/blog\/wp-content\/uploads\/2015\/06\/kk8-335x370.jpg 335w, https:\/\/www.memo-media.de\/blog\/wp-content\/uploads\/2015\/06\/kk8-1050x1160.jpg 1050w, https:\/\/www.memo-media.de\/blog\/wp-content\/uploads\/2015\/06\/kk8.jpg 2000w\" sizes=\"(max-width: 272px) 100vw, 272px\" \/><\/a><p id=\"caption-attachment-2053\" class=\"wp-caption-text\">Fillage aus Belgien\u00a0traten bis zu viermal t\u00e4glich auf und wurden mit jedem Mal besser<\/p><\/div>\n<p>Mit dem Kleinkunstfestival Usedom beginnen viele der internationalen K\u00fcnstler eine Festivaltour durch Europa, das Sponsoring der Reisekosten durch das Kleinkunstfestival nutzen sie f\u00fcr den Start und finanzieren sich den ganzen Sommer durch von Festival zu Festival.<\/p>\n<h3>Internationale Spielfreude<\/h3>\n<p>Die verschiedenen internationalen Charaktere pr\u00e4gten das Festival deutlich. [memo_eintrag kundennummer=153758]Fillage aus Belgien[\/memo_eintrag] bestach mit einer absolut eigenwilligen Performance aus Trampolin-Akrobatik und Livemusik mit Gesang, Bl\u00e4sern und Kontrabass. Hakelten die \u00dcberg\u00e4nge bei den ersten Auftritten noch etwas, bemerkte man hier den Vorteil eines Festivals deutlich. Die Spielfreude der sechs K\u00fcnstler lie\u00df kaum Pausen zu, sie traten bis zu viermal t\u00e4glich auf, wurden zum Publikumsliebling und die Show immer besser. Die <a href=\"https:\/\/www.kleinkunst-festival.com\/home\" target=\"_blank\" rel=\"noopener noreferrer\">Jury<\/a> belohnte das mit dem dritten Platz.<\/p>\n<div id=\"attachment_2057\" style=\"width: 970px\" class=\"wp-caption alignnone\"><a href=\"https:\/\/www.memo-media.de\/blog\/wp-content\/uploads\/2015\/06\/kk7.jpg\"><img aria-describedby=\"caption-attachment-2057\" decoding=\"async\" loading=\"lazy\" class=\"size-large wp-image-2057\" src=\"https:\/\/www.memo-media.de\/blog\/wp-content\/uploads\/2015\/06\/kk7-1024x682.jpg\" alt=\"Fillage aus Belgien auf dem Kleinkunstfestival 2\" width=\"960\" height=\"639\" srcset=\"https:\/\/www.memo-media.de\/blog\/wp-content\/uploads\/2015\/06\/kk7-1024x682.jpg 1024w, https:\/\/www.memo-media.de\/blog\/wp-content\/uploads\/2015\/06\/kk7-300x200.jpg 300w, https:\/\/www.memo-media.de\/blog\/wp-content\/uploads\/2015\/06\/kk7-335x223.jpg 335w, https:\/\/www.memo-media.de\/blog\/wp-content\/uploads\/2015\/06\/kk7-1050x700.jpg 1050w, https:\/\/www.memo-media.de\/blog\/wp-content\/uploads\/2015\/06\/kk7.jpg 2000w\" sizes=\"(max-width: 960px) 100vw, 960px\" \/><\/a><p id=\"caption-attachment-2057\" class=\"wp-caption-text\">Fillage bot einen eigenwilligen Mix aus Trampolin-Akrobatik und Live-Musik<\/p><\/div>\n[memo_eintrag kundennummer=153918]mute[\/memo_eintrag], das zauberhaft-zur\u00fcckhaltende K\u00fcnstlerduo aus Thailand, traute sich zum Auftrittstermin erst gar nicht zu beginnen, weil andere K\u00fcnstler noch spielten. Die ruhigen Asiaten konnten sich dennoch sehr gut durchsetzen und gewannen den vierten Platz.<\/p>\n<h3>Capoeira direkt aus Brasilien<\/h3>\n<div id=\"attachment_2049\" style=\"width: 310px\" class=\"wp-caption alignleft\"><a href=\"https:\/\/www.memo-media.de\/blog\/wp-content\/uploads\/2015\/06\/kk5.jpg\"><img aria-describedby=\"caption-attachment-2049\" decoding=\"async\" loading=\"lazy\" class=\"size-medium wp-image-2049\" src=\"https:\/\/www.memo-media.de\/blog\/wp-content\/uploads\/2015\/06\/kk5-300x200.jpg\" alt=\"Das Duo mute beim Kleinkunstfestival\" width=\"300\" height=\"200\" srcset=\"https:\/\/www.memo-media.de\/blog\/wp-content\/uploads\/2015\/06\/kk5-300x200.jpg 300w, https:\/\/www.memo-media.de\/blog\/wp-content\/uploads\/2015\/06\/kk5-1024x682.jpg 1024w, https:\/\/www.memo-media.de\/blog\/wp-content\/uploads\/2015\/06\/kk5-335x223.jpg 335w, https:\/\/www.memo-media.de\/blog\/wp-content\/uploads\/2015\/06\/kk5-1050x700.jpg 1050w, https:\/\/www.memo-media.de\/blog\/wp-content\/uploads\/2015\/06\/kk5.jpg 2000w\" sizes=\"(max-width: 300px) 100vw, 300px\" \/><\/a><p id=\"caption-attachment-2049\" class=\"wp-caption-text\">Das duo mute aus Thailand landete auf dem vierten Platz<\/p><\/div>\n<p>Die herausragend guten[memo_eintrag kundennummer=153923] Capoeira-T\u00e4nzer Cia Del\u00e1 Prak\u00e1[\/memo_eintrag] aus Brasilien bummelten erst wenige Minuten nach dem Auftrittstermin auf ihre Spielfl\u00e4che, brauchten dann aber genauso wenige Minuten, um das Publikum in ihren Bann zu ziehen.<\/p>\n[memo_eintrag kundennummer=153921]Juriy Lohnghi[\/memo_eintrag] aus Italien agierte auf dem Schlappseil, als w\u00e4re es ein straff gespanntes Seil. Diese Sicherheit honorierte die Jury mit dem zweiten Platz.<\/p>\n<p>Und [memo_eintrag kundennummer=153919]Victor Gauna[\/memo_eintrag] aus Chile beispielsweise hielt vom deutschen Sicherheitsgedanken wenig bis gar nichts, er jonglierte mit brennenden Keulen, die er sich auch schon mal \u00fcber Publikumsk\u00f6pfe zuwerfen lie\u00df. Passiert ist gl\u00fccklicherweise nichts, \u201eangespannt spannend\u201c war es die ganze Zeit.<\/p>\n<h3>Die Gewinner des Kleinkunstfestivals<\/h3>\n<p>Die verdienten Gewinner des Festivals sind die Berliner [memo_eintrag kundennummer=153920]Tridiculous[\/memo_eintrag], ein Trio mit einer Mischung aus Tricking, Breakdance und Capoeira. Die Jungs, die vielen aus Variet\u00e9-Kreisen bekannt sind, sind von der Pieke auf Stra\u00dfenk\u00fcnstler und beherrschen auch diese Metier meisterlich.<\/p>\n<div id=\"attachment_2046\" style=\"width: 970px\" class=\"wp-caption alignnone\"><a href=\"https:\/\/www.memo-media.de\/blog\/wp-content\/uploads\/2015\/06\/kk1.jpg\"><img aria-describedby=\"caption-attachment-2046\" decoding=\"async\" loading=\"lazy\" class=\"size-large wp-image-2046\" src=\"https:\/\/www.memo-media.de\/blog\/wp-content\/uploads\/2015\/06\/kk1-1024x439.jpg\" alt=\"Tridiculous auf dem Kleinkunstfestival\" width=\"960\" height=\"412\" srcset=\"https:\/\/www.memo-media.de\/blog\/wp-content\/uploads\/2015\/06\/kk1-1024x439.jpg 1024w, https:\/\/www.memo-media.de\/blog\/wp-content\/uploads\/2015\/06\/kk1-300x129.jpg 300w, https:\/\/www.memo-media.de\/blog\/wp-content\/uploads\/2015\/06\/kk1-335x144.jpg 335w, https:\/\/www.memo-media.de\/blog\/wp-content\/uploads\/2015\/06\/kk1-1050x450.jpg 1050w, https:\/\/www.memo-media.de\/blog\/wp-content\/uploads\/2015\/06\/kk1.jpg 2000w\" sizes=\"(max-width: 960px) 100vw, 960px\" \/><\/a><p id=\"caption-attachment-2046\" class=\"wp-caption-text\">Die Gewinner des Kleinkunstfestivals: Tridiculous aus Berlin<\/p><\/div>\n<div id=\"attachment_2051\" style=\"width: 210px\" class=\"wp-caption alignright\"><a href=\"https:\/\/www.memo-media.de\/blog\/wp-content\/uploads\/2015\/06\/kk3.jpg\"><img aria-describedby=\"caption-attachment-2051\" decoding=\"async\" loading=\"lazy\" class=\"size-medium wp-image-2051\" src=\"https:\/\/www.memo-media.de\/blog\/wp-content\/uploads\/2015\/06\/kk3-200x300.jpg\" alt=\"Sonderpreis f\u00fcr den Maler pinx\" width=\"200\" height=\"300\" srcset=\"https:\/\/www.memo-media.de\/blog\/wp-content\/uploads\/2015\/06\/kk3-200x300.jpg 200w, https:\/\/www.memo-media.de\/blog\/wp-content\/uploads\/2015\/06\/kk3-683x1024.jpg 683w, https:\/\/www.memo-media.de\/blog\/wp-content\/uploads\/2015\/06\/kk3-335x503.jpg 335w, https:\/\/www.memo-media.de\/blog\/wp-content\/uploads\/2015\/06\/kk3-1050x1575.jpg 1050w, https:\/\/www.memo-media.de\/blog\/wp-content\/uploads\/2015\/06\/kk3.jpg 2000w\" sizes=\"(max-width: 200px) 100vw, 200px\" \/><\/a><p id=\"caption-attachment-2051\" class=\"wp-caption-text\">Sonderpreis f\u00fcr den Maler pinx.<\/p><\/div>\n<p>Den Sonderpreis erhielt der Eventmaler [memo_eintrag kundennummer=153924]pinx.[\/memo_eintrag], der auf drei gro\u00dfen Leinw\u00e4nden parallel einige Stunden lang malte und \u00fcbermalte. Er zog das Publikum v\u00f6llig in seinen Bann, das mit ihm von Leinwand zu Leinwand wanderte und sich auch traute, den Meister zu fragen und mit ihm zu diskutieren.<\/p>\n<h3>Das Team hinter dem Festival<\/h3>\n<p>Und meisterlich agierte auch das Team hinter dem ganzen Festival rund um Georg Kurze und Kersten Fubel. Insgesamt 40 freiwillige Helfer und viele Sponsoren stemmten die ganze Orga, die durch den Bahnstreik noch einmal aufw\u00e4ndiger als in den Vorjahren war. Hier sind enge Freundschaften gewachsen \u00fcber all die Jahre, das sp\u00fcrt man und ohne sie w\u00e4re das <a href=\"http:\/\/www.kleinkunst-festival.com\" target=\"_blank\" rel=\"noopener noreferrer\">Kleinkunstfestival Usedom<\/a> in dieser Form auch gar nicht m\u00f6glich.<\/p>\n<h3>Die Reise zum Kleinkunstfestival lohnt sich!<\/h3>\n<div id=\"attachment_2059\" style=\"width: 210px\" class=\"wp-caption alignleft\"><a href=\"https:\/\/www.memo-media.de\/blog\/wp-content\/uploads\/2015\/06\/kk2.jpg\"><img aria-describedby=\"caption-attachment-2059\" decoding=\"async\" loading=\"lazy\" class=\"size-medium wp-image-2059\" src=\"https:\/\/www.memo-media.de\/blog\/wp-content\/uploads\/2015\/06\/kk2-200x300.jpg\" alt=\"fenfire aus \u00d6sterreich auf dem Kleinkunstfestival\" width=\"200\" height=\"300\" srcset=\"https:\/\/www.memo-media.de\/blog\/wp-content\/uploads\/2015\/06\/kk2-200x300.jpg 200w, https:\/\/www.memo-media.de\/blog\/wp-content\/uploads\/2015\/06\/kk2-683x1024.jpg 683w, https:\/\/www.memo-media.de\/blog\/wp-content\/uploads\/2015\/06\/kk2-335x503.jpg 335w, https:\/\/www.memo-media.de\/blog\/wp-content\/uploads\/2015\/06\/kk2-1050x1575.jpg 1050w, https:\/\/www.memo-media.de\/blog\/wp-content\/uploads\/2015\/06\/kk2.jpg 2000w\" sizes=\"(max-width: 200px) 100vw, 200px\" \/><\/a><p id=\"caption-attachment-2059\" class=\"wp-caption-text\">Der Besuch beim Kleinkunstfestival lohnt sich in jeder Hinsicht &#8211; hier die Feuershow von Fenfire aus \u00d6sterreich<\/p><\/div>\n<p>&nbsp;<\/p>\n<p>Usedom ist fast von \u00fcberall richtig weit weg, doch die Reise lohnt sich in jeglicher Hinsicht. Reservieren Sie sich das n\u00e4chste Pfingsten! Und unser Tipp f\u00fcr die Unterkunft sind die wundersch\u00f6nen <a href=\"https:\/\/www.kaiservillen.de\/de\/kaiservillen\" target=\"_blank\" rel=\"noopener noreferrer\">Ferienh\u00e4uschen direkt auf der Seebr\u00fccke Heringsdorf<\/a>. So wohnt man nur auf Usedom!<\/p>\n","protected":false},"excerpt":{"rendered":"<p>Vor 16 Jahren hatten Georg Kurze und der ehemalige B\u00fcrgermeister J\u00fcrgen Merkle eine Idee: Warum nicht zu Pfingsten auf Usedom&#8230;<\/p>\n","protected":false},"author":2,"featured_media":2086,"comment_status":"closed","ping_status":"open","sticky":false,"template":"","format":"standard","meta":[],"categories":[42,9,4],"tags":[23,412,1780,245,413,249],"yoast_head":"<!-- This site is optimized with the Yoast SEO Premium plugin v20.5 (Yoast SEO v20.5) - https:\/\/yoast.com\/wordpress\/plugins\/seo\/ -->\n<title>Internationales Kleinkunstfestival Usedom 2015<\/title>\n<meta name=\"description\" content=\"30 K\u00fcnstlergruppen aus 21 Nationen waren auf dem 16. Kleinkunstfestival auf Usedom vertreten. Wir waren vor Ort und stellen Ihnen die besten Beitr\u00e4ge vor.\" \/>\n<meta name=\"robots\" content=\"index, follow, max-snippet:-1, max-image-preview:large, max-video-preview:-1\" \/>\n<link rel=\"canonical\" href=\"https:\/\/www.memo-media.de\/blog\/kleinkunstfestival-usedom-2015\/\" \/>\n<meta property=\"og:locale\" content=\"de_DE\" \/>\n<meta property=\"og:type\" content=\"article\" \/>\n<meta property=\"og:title\" content=\"Internationales Kleinkunstfestival Usedom 2015\" \/>\n<meta property=\"og:description\" content=\"30 K\u00fcnstlergruppen aus 21 Nationen waren auf dem 16. Kleinkunstfestival auf Usedom vertreten. Wir waren vor Ort und stellen Ihnen die besten Beitr\u00e4ge vor.\" \/>\n<meta property=\"og:url\" content=\"https:\/\/www.memo-media.de\/blog\/kleinkunstfestival-usedom-2015\/\" \/>\n<meta property=\"og:site_name\" content=\"memo-media Blog f\u00fcr die Eventplanung\" \/>\n<meta property=\"article:author\" content=\"https:\/\/www.facebook.com\/memomedia\" \/>\n<meta property=\"article:published_time\" content=\"2015-06-09T09:48:16+00:00\" \/>\n<meta property=\"article:modified_time\" content=\"2024-03-25T13:22:57+00:00\" \/>\n<meta property=\"og:image\" content=\"https:\/\/www.memo-media.de\/blog\/wp-content\/uploads\/2015\/06\/kk_header.jpg\" \/>\n\t<meta property=\"og:image:width\" content=\"1500\" \/>\n\t<meta property=\"og:image:height\" content=\"1149\" \/>\n\t<meta property=\"og:image:type\" content=\"image\/jpeg\" \/>\n<meta name=\"author\" content=\"Kerstin Meisner\" \/>\n<meta name=\"twitter:label1\" content=\"Verfasst von\" \/>\n\t<meta name=\"twitter:data1\" content=\"Kerstin Meisner\" \/>\n\t<meta name=\"twitter:label2\" content=\"Gesch\u00e4tzte Lesezeit\" \/>\n\t<meta name=\"twitter:data2\" content=\"4\u00a0Minuten\" \/>\n<script type=\"application\/ld+json\" class=\"yoast-schema-graph\">{\"@context\":\"https:\/\/schema.org\",\"@graph\":[{\"@type\":\"WebPage\",\"@id\":\"https:\/\/www.memo-media.de\/blog\/kleinkunstfestival-usedom-2015\/\",\"url\":\"https:\/\/www.memo-media.de\/blog\/kleinkunstfestival-usedom-2015\/\",\"name\":\"Internationales Kleinkunstfestival Usedom 2015\",\"isPartOf\":{\"@id\":\"https:\/\/www.memo-media.de\/blog\/#website\"},\"datePublished\":\"2015-06-09T09:48:16+00:00\",\"dateModified\":\"2024-03-25T13:22:57+00:00\",\"author\":{\"@id\":\"https:\/\/www.memo-media.de\/blog\/#\/schema\/person\/4a9ebc406469558526f2f3e5dd7a7ab0\"},\"description\":\"30 K\u00fcnstlergruppen aus 21 Nationen waren auf dem 16. Kleinkunstfestival auf Usedom vertreten. Wir waren vor Ort und stellen Ihnen die besten Beitr\u00e4ge vor.\",\"breadcrumb\":{\"@id\":\"https:\/\/www.memo-media.de\/blog\/kleinkunstfestival-usedom-2015\/#breadcrumb\"},\"inLanguage\":\"de\",\"potentialAction\":[{\"@type\":\"ReadAction\",\"target\":[\"https:\/\/www.memo-media.de\/blog\/kleinkunstfestival-usedom-2015\/\"]}]},{\"@type\":\"BreadcrumbList\",\"@id\":\"https:\/\/www.memo-media.de\/blog\/kleinkunstfestival-usedom-2015\/#breadcrumb\",\"itemListElement\":[{\"@type\":\"ListItem\",\"position\":1,\"name\":\"Home\",\"item\":\"https:\/\/www.memo-media.de\/blog\/\"},{\"@type\":\"ListItem\",\"position\":2,\"name\":\"Internationales Kleinkunstfestival Usedom 2015\"}]},{\"@type\":\"WebSite\",\"@id\":\"https:\/\/www.memo-media.de\/blog\/#website\",\"url\":\"https:\/\/www.memo-media.de\/blog\/\",\"name\":\"memo-media Blog f\u00fcr die Eventplanung\",\"description\":\"News und Facts aus der Eventbranche f\u00fcr die Eventbranche\",\"potentialAction\":[{\"@type\":\"SearchAction\",\"target\":{\"@type\":\"EntryPoint\",\"urlTemplate\":\"https:\/\/www.memo-media.de\/blog\/?s={search_term_string}\"},\"query-input\":\"required name=search_term_string\"}],\"inLanguage\":\"de\"},{\"@type\":\"Person\",\"@id\":\"https:\/\/www.memo-media.de\/blog\/#\/schema\/person\/4a9ebc406469558526f2f3e5dd7a7ab0\",\"name\":\"Kerstin Meisner\",\"image\":{\"@type\":\"ImageObject\",\"inLanguage\":\"de\",\"@id\":\"https:\/\/www.memo-media.de\/blog\/#\/schema\/person\/image\/\",\"url\":\"https:\/\/www.memo-media.de\/blog\/wp-content\/uploads\/2022\/10\/kerstin-meisner_2022_03-mittel-150x150.jpg\",\"contentUrl\":\"https:\/\/www.memo-media.de\/blog\/wp-content\/uploads\/2022\/10\/kerstin-meisner_2022_03-mittel-150x150.jpg\",\"caption\":\"Kerstin Meisner\"},\"description\":\"Kerstin Meisner hat memo-media im Dezember 2000 gegr\u00fcndet. Die Website www.memo-media.de ist im Juni 2001 online gegangen und das erste Handbuch memo-media erschien im Herbst 2001. Seit 2007 wird das Magazin showcases von ihr als Herausgeberin herausgebracht, 2016 folgten die Eventmoods. Kerstin Meisner ist auch Chefredakteurin des memo-media Blogs f\u00fcr die Eventplanung und des monatlichen Eventbranchenbriefs, dem memoLetter.\",\"sameAs\":[\"https:\/\/www.memo-media.de\",\"https:\/\/www.facebook.com\/memomedia\"],\"url\":\"https:\/\/www.memo-media.de\/blog\/author\/kerstin-meisner\/\"}]}<\/script>\n<!-- \/ Yoast SEO Premium plugin. -->","yoast_head_json":{"title":"Internationales Kleinkunstfestival Usedom 2015","description":"30 K\u00fcnstlergruppen aus 21 Nationen waren auf dem 16. Kleinkunstfestival auf Usedom vertreten. Wir waren vor Ort und stellen Ihnen die besten Beitr\u00e4ge vor.","robots":{"index":"index","follow":"follow","max-snippet":"max-snippet:-1","max-image-preview":"max-image-preview:large","max-video-preview":"max-video-preview:-1"},"canonical":"https:\/\/www.memo-media.de\/blog\/kleinkunstfestival-usedom-2015\/","og_locale":"de_DE","og_type":"article","og_title":"Internationales Kleinkunstfestival Usedom 2015","og_description":"30 K\u00fcnstlergruppen aus 21 Nationen waren auf dem 16. Kleinkunstfestival auf Usedom vertreten. Wir waren vor Ort und stellen Ihnen die besten Beitr\u00e4ge vor.","og_url":"https:\/\/www.memo-media.de\/blog\/kleinkunstfestival-usedom-2015\/","og_site_name":"memo-media Blog f\u00fcr die Eventplanung","article_author":"https:\/\/www.facebook.com\/memomedia","article_published_time":"2015-06-09T09:48:16+00:00","article_modified_time":"2024-03-25T13:22:57+00:00","og_image":[{"width":1500,"height":1149,"url":"https:\/\/www.memo-media.de\/blog\/wp-content\/uploads\/2015\/06\/kk_header.jpg","type":"image\/jpeg"}],"author":"Kerstin Meisner","twitter_misc":{"Verfasst von":"Kerstin Meisner","Gesch\u00e4tzte Lesezeit":"4\u00a0Minuten"},"schema":{"@context":"https:\/\/schema.org","@graph":[{"@type":"WebPage","@id":"https:\/\/www.memo-media.de\/blog\/kleinkunstfestival-usedom-2015\/","url":"https:\/\/www.memo-media.de\/blog\/kleinkunstfestival-usedom-2015\/","name":"Internationales Kleinkunstfestival Usedom 2015","isPartOf":{"@id":"https:\/\/www.memo-media.de\/blog\/#website"},"datePublished":"2015-06-09T09:48:16+00:00","dateModified":"2024-03-25T13:22:57+00:00","author":{"@id":"https:\/\/www.memo-media.de\/blog\/#\/schema\/person\/4a9ebc406469558526f2f3e5dd7a7ab0"},"description":"30 K\u00fcnstlergruppen aus 21 Nationen waren auf dem 16. Kleinkunstfestival auf Usedom vertreten. Wir waren vor Ort und stellen Ihnen die besten Beitr\u00e4ge vor.","breadcrumb":{"@id":"https:\/\/www.memo-media.de\/blog\/kleinkunstfestival-usedom-2015\/#breadcrumb"},"inLanguage":"de","potentialAction":[{"@type":"ReadAction","target":["https:\/\/www.memo-media.de\/blog\/kleinkunstfestival-usedom-2015\/"]}]},{"@type":"BreadcrumbList","@id":"https:\/\/www.memo-media.de\/blog\/kleinkunstfestival-usedom-2015\/#breadcrumb","itemListElement":[{"@type":"ListItem","position":1,"name":"Home","item":"https:\/\/www.memo-media.de\/blog\/"},{"@type":"ListItem","position":2,"name":"Internationales Kleinkunstfestival Usedom 2015"}]},{"@type":"WebSite","@id":"https:\/\/www.memo-media.de\/blog\/#website","url":"https:\/\/www.memo-media.de\/blog\/","name":"memo-media Blog f\u00fcr die Eventplanung","description":"News und Facts aus der Eventbranche f\u00fcr die Eventbranche","potentialAction":[{"@type":"SearchAction","target":{"@type":"EntryPoint","urlTemplate":"https:\/\/www.memo-media.de\/blog\/?s={search_term_string}"},"query-input":"required name=search_term_string"}],"inLanguage":"de"},{"@type":"Person","@id":"https:\/\/www.memo-media.de\/blog\/#\/schema\/person\/4a9ebc406469558526f2f3e5dd7a7ab0","name":"Kerstin Meisner","image":{"@type":"ImageObject","inLanguage":"de","@id":"https:\/\/www.memo-media.de\/blog\/#\/schema\/person\/image\/","url":"https:\/\/www.memo-media.de\/blog\/wp-content\/uploads\/2022\/10\/kerstin-meisner_2022_03-mittel-150x150.jpg","contentUrl":"https:\/\/www.memo-media.de\/blog\/wp-content\/uploads\/2022\/10\/kerstin-meisner_2022_03-mittel-150x150.jpg","caption":"Kerstin Meisner"},"description":"Kerstin Meisner hat memo-media im Dezember 2000 gegr\u00fcndet. Die Website www.memo-media.de ist im Juni 2001 online gegangen und das erste Handbuch memo-media erschien im Herbst 2001. Seit 2007 wird das Magazin showcases von ihr als Herausgeberin herausgebracht, 2016 folgten die Eventmoods. Kerstin Meisner ist auch Chefredakteurin des memo-media Blogs f\u00fcr die Eventplanung und des monatlichen Eventbranchenbriefs, dem memoLetter.","sameAs":["https:\/\/www.memo-media.de","https:\/\/www.facebook.com\/memomedia"],"url":"https:\/\/www.memo-media.de\/blog\/author\/kerstin-meisner\/"}]}},"_links":{"self":[{"href":"https:\/\/www.memo-media.de\/blog\/wp-json\/wp\/v2\/posts\/2044"}],"collection":[{"href":"https:\/\/www.memo-media.de\/blog\/wp-json\/wp\/v2\/posts"}],"about":[{"href":"https:\/\/www.memo-media.de\/blog\/wp-json\/wp\/v2\/types\/post"}],"author":[{"embeddable":true,"href":"https:\/\/www.memo-media.de\/blog\/wp-json\/wp\/v2\/users\/2"}],"replies":[{"embeddable":true,"href":"https:\/\/www.memo-media.de\/blog\/wp-json\/wp\/v2\/comments?post=2044"}],"version-history":[{"count":28,"href":"https:\/\/www.memo-media.de\/blog\/wp-json\/wp\/v2\/posts\/2044\/revisions"}],"predecessor-version":[{"id":17199,"href":"https:\/\/www.memo-media.de\/blog\/wp-json\/wp\/v2\/posts\/2044\/revisions\/17199"}],"wp:featuredmedia":[{"embeddable":true,"href":"https:\/\/www.memo-media.de\/blog\/wp-json\/wp\/v2\/media\/2086"}],"wp:attachment":[{"href":"https:\/\/www.memo-media.de\/blog\/wp-json\/wp\/v2\/media?parent=2044"}],"wp:term":[{"taxonomy":"category","embeddable":true,"href":"https:\/\/www.memo-media.de\/blog\/wp-json\/wp\/v2\/categories?post=2044"},{"taxonomy":"post_tag","embeddable":true,"href":"https:\/\/www.memo-media.de\/blog\/wp-json\/wp\/v2\/tags?post=2044"}],"curies":[{"name":"wp","href":"https:\/\/api.w.org\/{rel}","templated":true}]}}