{"id":1989,"date":"2015-05-19T16:56:33","date_gmt":"2015-05-19T14:56:33","guid":{"rendered":"http:\/\/www.memo-media.de\/blog\/?p=1989"},"modified":"2020-04-09T10:13:15","modified_gmt":"2020-04-09T08:13:15","slug":"quilombo-10-jahre-cirque-bouffon","status":"publish","type":"post","link":"https:\/\/www.memo-media.de\/blog\/quilombo-10-jahre-cirque-bouffon\/","title":{"rendered":"Quilombo &#8211; 10 Jahre Cirque Bouffon"},"content":{"rendered":"<p>Vor zw\u00f6lf Jahren sa\u00df Fr\u00e9d\u00e9ric Zipperlin\u00a0auf unserer Terrasse im Oberbergischen und erz\u00e4hlte von seinem Traum, einen eigenen Zirkus zu gr\u00fcnden. Einen Zirkus, wie es ihn damals erst selten gab, mit Schwerpunkt auf Tanz und Musik, einen Cirque Noveau.<\/p>\n<div>\n<div id=\"attachment_1998\" style=\"width: 310px\" class=\"wp-caption alignright\"><a href=\"https:\/\/www.memo-media.de\/blog\/wp-content\/uploads\/2015\/05\/cb3.jpg\"><img aria-describedby=\"caption-attachment-1998\" decoding=\"async\" loading=\"lazy\" class=\"size-medium wp-image-1998\" src=\"https:\/\/www.memo-media.de\/blog\/wp-content\/uploads\/2015\/05\/cb3-300x200.jpg\" alt=\"Cirque Bouffon 2\" width=\"300\" height=\"200\" srcset=\"https:\/\/www.memo-media.de\/blog\/wp-content\/uploads\/2015\/05\/cb3-300x200.jpg 300w, https:\/\/www.memo-media.de\/blog\/wp-content\/uploads\/2015\/05\/cb3-1024x682.jpg 1024w, https:\/\/www.memo-media.de\/blog\/wp-content\/uploads\/2015\/05\/cb3-335x223.jpg 335w, https:\/\/www.memo-media.de\/blog\/wp-content\/uploads\/2015\/05\/cb3-1050x700.jpg 1050w, https:\/\/www.memo-media.de\/blog\/wp-content\/uploads\/2015\/05\/cb3.jpg 2000w\" sizes=\"(max-width: 300px) 100vw, 300px\" \/><\/a><p id=\"caption-attachment-1998\" class=\"wp-caption-text\">Die ungeheuer dichte Atmosph\u00e4re zeichnet den Cirque Bouffon aus<\/p><\/div>\n<p>Zwei Jahre sp\u00e4ter war es soweit &#8211; die Premiere des [memo_eintrag kundennummer=146696]Cirque Bouffon[\/memo_eintrag] fand im K\u00f6lner Odonien statt &#8211; auf dem Gel\u00e4nde des Multi-K\u00fcnstlers [memo_eintrag kundennummer=134491]Odo Rumpf[\/memo_eintrag]. Ein Fest der Sinne war diese erste Produktion des <a href=\"http:\/\/www.cirque-bouffon.com\" target=\"_blank\" rel=\"noopener noreferrer\">Cirque Bouffon<\/a> &#8211; die ungeheuer dichte Atmosph\u00e4re verband das Publikum und K\u00fcnstler und schuf f\u00fcr die Zeit der Vorstellung eine gro\u00dfe Einheit, die schon fast im gleichen Takt atmete. Viele der Besucher definierten danach f\u00fcr sich den Begriff Zirkus neu: Der Cirque Bouffon hatte so gar nichts vom traditionellen Zirkus, war aber gleichzeitig auch das Gegenteil der gigantischen und unnahbaren Produktionen des Cirque de Soleil.<\/p>\n<\/div>\n<h3>Stetiger Zuwachs f\u00fcr den Cirque Bouffon<\/h3>\n<div>\n<div id=\"attachment_1999\" style=\"width: 970px\" class=\"wp-caption alignnone\"><a href=\"https:\/\/www.memo-media.de\/blog\/wp-content\/uploads\/2015\/05\/cb4.jpg\"><img aria-describedby=\"caption-attachment-1999\" decoding=\"async\" loading=\"lazy\" class=\"wp-image-1999 size-large\" src=\"https:\/\/www.memo-media.de\/blog\/wp-content\/uploads\/2015\/05\/cb4-1024x682.jpg\" alt=\"Cirque Bouffon 3\" width=\"960\" height=\"639\" srcset=\"https:\/\/www.memo-media.de\/blog\/wp-content\/uploads\/2015\/05\/cb4-1024x682.jpg 1024w, https:\/\/www.memo-media.de\/blog\/wp-content\/uploads\/2015\/05\/cb4-300x200.jpg 300w, https:\/\/www.memo-media.de\/blog\/wp-content\/uploads\/2015\/05\/cb4-335x223.jpg 335w, https:\/\/www.memo-media.de\/blog\/wp-content\/uploads\/2015\/05\/cb4-1050x700.jpg 1050w, https:\/\/www.memo-media.de\/blog\/wp-content\/uploads\/2015\/05\/cb4.jpg 2000w\" sizes=\"(max-width: 960px) 100vw, 960px\" \/><\/a><p id=\"caption-attachment-1999\" class=\"wp-caption-text\">Aus dem Traum von einst ist l\u00e4ngst Wirklichkeit geworden<\/p><\/div>\n<p>Nach einigen Jahren zog der Standort dann um auf den beliebten Vorplatz des K\u00f6lner Schokomuseums und etablierte sich damit f\u00fcr ein gr\u00f6\u00dferes Publikum. Bundesweite Tourneen und Gastspiele selbst vor der Cathedrale in Palma de Mallorca folgten. \u00a0Am 9. Mai in diesem Jahr war es nun so weit &#8211; der Cirque Bouffon ist zehn Jahre alt und der einst ge\u00e4u\u00dferte Traum ist gelebte Wirklichkeit. In K\u00f6ln hat der Zirkus so viele Fans, dass er nun f\u00fcr sieben Wochen dort gastiert, aber auch im westf\u00e4lischen M\u00fcnster waren es fast vier Wochen und im Herbst wird der Zirkus einige Wochen in Wiesbaden gastieren.<\/p>\n<\/div>\n<div id=\"attachment_2000\" style=\"width: 210px\" class=\"wp-caption alignleft\"><a href=\"https:\/\/www.memo-media.de\/blog\/wp-content\/uploads\/2015\/05\/cb2.jpg\"><img aria-describedby=\"caption-attachment-2000\" decoding=\"async\" loading=\"lazy\" class=\"size-medium wp-image-2000\" src=\"https:\/\/www.memo-media.de\/blog\/wp-content\/uploads\/2015\/05\/cb2-200x300.jpg\" alt=\"Cirque Bouffon 4\" width=\"200\" height=\"300\" srcset=\"https:\/\/www.memo-media.de\/blog\/wp-content\/uploads\/2015\/05\/cb2-200x300.jpg 200w, https:\/\/www.memo-media.de\/blog\/wp-content\/uploads\/2015\/05\/cb2-683x1024.jpg 683w, https:\/\/www.memo-media.de\/blog\/wp-content\/uploads\/2015\/05\/cb2-335x503.jpg 335w, https:\/\/www.memo-media.de\/blog\/wp-content\/uploads\/2015\/05\/cb2-1050x1575.jpg 1050w, https:\/\/www.memo-media.de\/blog\/wp-content\/uploads\/2015\/05\/cb2.jpg 2000w\" sizes=\"(max-width: 200px) 100vw, 200px\" \/><\/a><p id=\"caption-attachment-2000\" class=\"wp-caption-text\">Musiker, Artisten und Clowns zeigen eine poetische Show voller Magie, Rhythmus und Leidenschaft<\/p><\/div>\n<h3>Quilombo hei\u00dft die neue Show<\/h3>\n<p>Quilombo ist\u00a0ein Feuerwerk der Kultur und Lebensfreude. Musiker, Artisten, Clowns und au\u00dfergew\u00f6hnliche Kl\u00e4nge zeigen eine poetische Show voller Magie, Rhythmus und Leidenschaft. In der live gespielten Klangkulisse entstehen unvergessliche Bilder und Geschichten aus dem Reich unserer Tr\u00e4ume. Was z\u00e4hlt in dieser Zeit, findet komplett im Zirkus statt, dessen Manege so klein ist, dass viele Zuschauer ihre F\u00fc\u00dfe darauf stellen m\u00fcssen. Gedanken an die Au\u00dfenwelt l\u00e4sst die dichte Atmosph\u00e4re kaum zu.<\/p>\n<p>Das Publikum erlebt in Quilombo einen stimmungsreichen Einblick in eine phantastische Welt mit afrikanischen und lateinamerikanischen Elementen. Dabei bleibt der Cirque Bouffon seiner Tradition, seiner poetischen Musik und artistischen Darbietungen, seinem Humor und seinen magischen Geschichten absolut treu.<\/p>\n<h3>Internationales Artistenensemble<\/h3>\n<div id=\"attachment_2001\" style=\"width: 970px\" class=\"wp-caption alignnone\"><a href=\"https:\/\/www.memo-media.de\/blog\/wp-content\/uploads\/2015\/05\/cb1.jpg\"><img aria-describedby=\"caption-attachment-2001\" decoding=\"async\" loading=\"lazy\" class=\"wp-image-2001 size-large\" src=\"https:\/\/www.memo-media.de\/blog\/wp-content\/uploads\/2015\/05\/cb1-1024x682.jpg\" alt=\"Cirque Bouffon 5\" width=\"960\" height=\"639\" srcset=\"https:\/\/www.memo-media.de\/blog\/wp-content\/uploads\/2015\/05\/cb1-1024x682.jpg 1024w, https:\/\/www.memo-media.de\/blog\/wp-content\/uploads\/2015\/05\/cb1-300x200.jpg 300w, https:\/\/www.memo-media.de\/blog\/wp-content\/uploads\/2015\/05\/cb1-335x223.jpg 335w, https:\/\/www.memo-media.de\/blog\/wp-content\/uploads\/2015\/05\/cb1-1050x700.jpg 1050w, https:\/\/www.memo-media.de\/blog\/wp-content\/uploads\/2015\/05\/cb1.jpg 2000w\" sizes=\"(max-width: 960px) 100vw, 960px\" \/><\/a><p id=\"caption-attachment-2001\" class=\"wp-caption-text\">Das Motto des Cirque Bouffon: &#8220;Das Herz ber\u00fchren und die Zeit entschleunigen&#8221;<\/p><\/div>\n<p>Das internationale Artisten- und Musikerensemble ist feinausgew\u00e4hlt und zusammengestellt. So ist auch [memo_eintrag kundennummer=153832]Jimmy Gonzalez[\/memo_eintrag], der uns in Paris bei [memo_eintrag kundennummer=136371]Cirque de Demain[\/memo_eintrag] begeisterte, dabei und tanzt mit den B\u00e4llen und jongliert mit Lehm. Dihn und Ahn wurden vor drei Jahren in Paris gefeiert und begeistern mit Hand-auf-Hand. Erika Nguyen definiert die Kunst am Ring neu. Anja Knieps beeindruckt mit fast durchgehendem \u00a0Gesang, der sich wie ein roter Faden durch die Vorstellung zieht. Die musikalische Leitung liegt wieder bei Sergej Sweschinski, der den Kontrabass auch liegend oder betanzt werdend schon fast stoisch konzentriert spielt.\u00a0Ganz im Stile des franz\u00f6sischen Nouveau Cirque und mit ihrem altbew\u00e4hrten Motto \u201eDas Herz ber\u00fchren und die Zeit entschleunigen\u201c verzaubert der Cirque Bouffon seine Zuschauer.<\/p>\n<div id=\"attachment_2002\" style=\"width: 310px\" class=\"wp-caption alignleft\"><a href=\"https:\/\/www.memo-media.de\/blog\/wp-content\/uploads\/2015\/05\/cb5.jpg\"><img aria-describedby=\"caption-attachment-2002\" decoding=\"async\" loading=\"lazy\" class=\"size-medium wp-image-2002\" src=\"https:\/\/www.memo-media.de\/blog\/wp-content\/uploads\/2015\/05\/cb5-300x200.jpg\" alt=\"Cirque Bouffon 6\" width=\"300\" height=\"200\" srcset=\"https:\/\/www.memo-media.de\/blog\/wp-content\/uploads\/2015\/05\/cb5-300x200.jpg 300w, https:\/\/www.memo-media.de\/blog\/wp-content\/uploads\/2015\/05\/cb5-1024x682.jpg 1024w, https:\/\/www.memo-media.de\/blog\/wp-content\/uploads\/2015\/05\/cb5-335x223.jpg 335w, https:\/\/www.memo-media.de\/blog\/wp-content\/uploads\/2015\/05\/cb5-1050x700.jpg 1050w, https:\/\/www.memo-media.de\/blog\/wp-content\/uploads\/2015\/05\/cb5.jpg 2000w\" sizes=\"(max-width: 300px) 100vw, 300px\" \/><\/a><p id=\"caption-attachment-2002\" class=\"wp-caption-text\">Das internationale Artisten- und Musikerensemble tritt sonst vor ausverkauftem Haus auf<\/p><\/div>\n<p>Lassen Sie sich diese Chance auf Verzauberung nicht entgehen. Die M\u00f6glichkeit zu solchen Momenten sind wahrlich nicht h\u00e4ufig &#8211; sie sind zu rar, um sie ungenutzt verstreichen zu lassen.<\/p>\n<p>Bis zum 21. Juni ist der Cirque Bouffon noch in K\u00f6ln, Tickets gibt es \u00fcber Koelnticket.<\/p>\n<p>&nbsp;<\/p>\n","protected":false},"excerpt":{"rendered":"<p>Vor zw\u00f6lf Jahren sa\u00df Fr\u00e9d\u00e9ric Zipperlin\u00a0auf unserer Terrasse im Oberbergischen und erz\u00e4hlte von seinem Traum, einen eigenen Zirkus zu gr\u00fcnden&#8230;.<\/p>\n","protected":false},"author":2,"featured_media":1997,"comment_status":"closed","ping_status":"closed","sticky":false,"template":"","format":"standard","meta":[],"categories":[9,4],"tags":[23,2116,401,43,313,327],"yoast_head":"<!-- This site is optimized with the Yoast SEO Premium plugin v20.5 (Yoast SEO v20.5) - https:\/\/yoast.com\/wordpress\/plugins\/seo\/ -->\n<title>Quilombo - 10 Jahre Cirque Bouffon<\/title>\n<meta name=\"description\" content=\"Der Cirque Bouffon ist ein Cirque Noveau, der mit dem traditionellen Zirkus nur noch wenig zu tun hat. Wir berichten \u00fcber die neue Show Quilombo.\" \/>\n<meta name=\"robots\" content=\"index, follow, max-snippet:-1, max-image-preview:large, max-video-preview:-1\" \/>\n<link rel=\"canonical\" href=\"https:\/\/www.memo-media.de\/blog\/quilombo-10-jahre-cirque-bouffon\/\" \/>\n<meta property=\"og:locale\" content=\"de_DE\" \/>\n<meta property=\"og:type\" content=\"article\" \/>\n<meta property=\"og:title\" content=\"Quilombo - 10 Jahre Cirque Bouffon\" \/>\n<meta property=\"og:description\" content=\"Der Cirque Bouffon ist ein Cirque Noveau, der mit dem traditionellen Zirkus nur noch wenig zu tun hat. Wir berichten \u00fcber die neue Show Quilombo.\" \/>\n<meta property=\"og:url\" content=\"https:\/\/www.memo-media.de\/blog\/quilombo-10-jahre-cirque-bouffon\/\" \/>\n<meta property=\"og:site_name\" content=\"memo-media Blog f\u00fcr die Eventplanung\" \/>\n<meta property=\"article:author\" content=\"https:\/\/www.facebook.com\/memomedia\" \/>\n<meta property=\"article:published_time\" content=\"2015-05-19T14:56:33+00:00\" \/>\n<meta property=\"article:modified_time\" content=\"2020-04-09T08:13:15+00:00\" \/>\n<meta property=\"og:image\" content=\"https:\/\/www.memo-media.de\/blog\/wp-content\/uploads\/2015\/05\/header21.jpg\" \/>\n\t<meta property=\"og:image:width\" content=\"1500\" \/>\n\t<meta property=\"og:image:height\" content=\"1149\" \/>\n\t<meta property=\"og:image:type\" content=\"image\/jpeg\" \/>\n<meta name=\"author\" content=\"Kerstin Meisner\" \/>\n<meta name=\"twitter:label1\" content=\"Verfasst von\" \/>\n\t<meta name=\"twitter:data1\" content=\"Kerstin Meisner\" \/>\n\t<meta name=\"twitter:label2\" content=\"Gesch\u00e4tzte Lesezeit\" \/>\n\t<meta name=\"twitter:data2\" content=\"3\u00a0Minuten\" \/>\n<script type=\"application\/ld+json\" class=\"yoast-schema-graph\">{\"@context\":\"https:\/\/schema.org\",\"@graph\":[{\"@type\":\"WebPage\",\"@id\":\"https:\/\/www.memo-media.de\/blog\/quilombo-10-jahre-cirque-bouffon\/\",\"url\":\"https:\/\/www.memo-media.de\/blog\/quilombo-10-jahre-cirque-bouffon\/\",\"name\":\"Quilombo - 10 Jahre Cirque Bouffon\",\"isPartOf\":{\"@id\":\"https:\/\/www.memo-media.de\/blog\/#website\"},\"datePublished\":\"2015-05-19T14:56:33+00:00\",\"dateModified\":\"2020-04-09T08:13:15+00:00\",\"author\":{\"@id\":\"https:\/\/www.memo-media.de\/blog\/#\/schema\/person\/4a9ebc406469558526f2f3e5dd7a7ab0\"},\"description\":\"Der Cirque Bouffon ist ein Cirque Noveau, der mit dem traditionellen Zirkus nur noch wenig zu tun hat. Wir berichten \u00fcber die neue Show Quilombo.\",\"breadcrumb\":{\"@id\":\"https:\/\/www.memo-media.de\/blog\/quilombo-10-jahre-cirque-bouffon\/#breadcrumb\"},\"inLanguage\":\"de\",\"potentialAction\":[{\"@type\":\"ReadAction\",\"target\":[\"https:\/\/www.memo-media.de\/blog\/quilombo-10-jahre-cirque-bouffon\/\"]}]},{\"@type\":\"BreadcrumbList\",\"@id\":\"https:\/\/www.memo-media.de\/blog\/quilombo-10-jahre-cirque-bouffon\/#breadcrumb\",\"itemListElement\":[{\"@type\":\"ListItem\",\"position\":1,\"name\":\"Home\",\"item\":\"https:\/\/www.memo-media.de\/blog\/\"},{\"@type\":\"ListItem\",\"position\":2,\"name\":\"Quilombo &#8211; 10 Jahre Cirque Bouffon\"}]},{\"@type\":\"WebSite\",\"@id\":\"https:\/\/www.memo-media.de\/blog\/#website\",\"url\":\"https:\/\/www.memo-media.de\/blog\/\",\"name\":\"memo-media Blog f\u00fcr die Eventplanung\",\"description\":\"News und Facts aus der Eventbranche f\u00fcr die Eventbranche\",\"potentialAction\":[{\"@type\":\"SearchAction\",\"target\":{\"@type\":\"EntryPoint\",\"urlTemplate\":\"https:\/\/www.memo-media.de\/blog\/?s={search_term_string}\"},\"query-input\":\"required name=search_term_string\"}],\"inLanguage\":\"de\"},{\"@type\":\"Person\",\"@id\":\"https:\/\/www.memo-media.de\/blog\/#\/schema\/person\/4a9ebc406469558526f2f3e5dd7a7ab0\",\"name\":\"Kerstin Meisner\",\"image\":{\"@type\":\"ImageObject\",\"inLanguage\":\"de\",\"@id\":\"https:\/\/www.memo-media.de\/blog\/#\/schema\/person\/image\/\",\"url\":\"https:\/\/www.memo-media.de\/blog\/wp-content\/uploads\/2022\/10\/kerstin-meisner_2022_03-mittel-150x150.jpg\",\"contentUrl\":\"https:\/\/www.memo-media.de\/blog\/wp-content\/uploads\/2022\/10\/kerstin-meisner_2022_03-mittel-150x150.jpg\",\"caption\":\"Kerstin Meisner\"},\"description\":\"Kerstin Meisner hat memo-media im Dezember 2000 gegr\u00fcndet. Die Website www.memo-media.de ist im Juni 2001 online gegangen und das erste Handbuch memo-media erschien im Herbst 2001. Seit 2007 wird das Magazin showcases von ihr als Herausgeberin herausgebracht, 2016 folgten die Eventmoods. Kerstin Meisner ist auch Chefredakteurin des memo-media Blogs f\u00fcr die Eventplanung und des monatlichen Eventbranchenbriefs, dem memoLetter.\",\"sameAs\":[\"https:\/\/www.memo-media.de\",\"https:\/\/www.facebook.com\/memomedia\"],\"url\":\"https:\/\/www.memo-media.de\/blog\/author\/kerstin-meisner\/\"}]}<\/script>\n<!-- \/ Yoast SEO Premium plugin. -->","yoast_head_json":{"title":"Quilombo - 10 Jahre Cirque Bouffon","description":"Der Cirque Bouffon ist ein Cirque Noveau, der mit dem traditionellen Zirkus nur noch wenig zu tun hat. Wir berichten \u00fcber die neue Show Quilombo.","robots":{"index":"index","follow":"follow","max-snippet":"max-snippet:-1","max-image-preview":"max-image-preview:large","max-video-preview":"max-video-preview:-1"},"canonical":"https:\/\/www.memo-media.de\/blog\/quilombo-10-jahre-cirque-bouffon\/","og_locale":"de_DE","og_type":"article","og_title":"Quilombo - 10 Jahre Cirque Bouffon","og_description":"Der Cirque Bouffon ist ein Cirque Noveau, der mit dem traditionellen Zirkus nur noch wenig zu tun hat. Wir berichten \u00fcber die neue Show Quilombo.","og_url":"https:\/\/www.memo-media.de\/blog\/quilombo-10-jahre-cirque-bouffon\/","og_site_name":"memo-media Blog f\u00fcr die Eventplanung","article_author":"https:\/\/www.facebook.com\/memomedia","article_published_time":"2015-05-19T14:56:33+00:00","article_modified_time":"2020-04-09T08:13:15+00:00","og_image":[{"width":1500,"height":1149,"url":"https:\/\/www.memo-media.de\/blog\/wp-content\/uploads\/2015\/05\/header21.jpg","type":"image\/jpeg"}],"author":"Kerstin Meisner","twitter_misc":{"Verfasst von":"Kerstin Meisner","Gesch\u00e4tzte Lesezeit":"3\u00a0Minuten"},"schema":{"@context":"https:\/\/schema.org","@graph":[{"@type":"WebPage","@id":"https:\/\/www.memo-media.de\/blog\/quilombo-10-jahre-cirque-bouffon\/","url":"https:\/\/www.memo-media.de\/blog\/quilombo-10-jahre-cirque-bouffon\/","name":"Quilombo - 10 Jahre Cirque Bouffon","isPartOf":{"@id":"https:\/\/www.memo-media.de\/blog\/#website"},"datePublished":"2015-05-19T14:56:33+00:00","dateModified":"2020-04-09T08:13:15+00:00","author":{"@id":"https:\/\/www.memo-media.de\/blog\/#\/schema\/person\/4a9ebc406469558526f2f3e5dd7a7ab0"},"description":"Der Cirque Bouffon ist ein Cirque Noveau, der mit dem traditionellen Zirkus nur noch wenig zu tun hat. Wir berichten \u00fcber die neue Show Quilombo.","breadcrumb":{"@id":"https:\/\/www.memo-media.de\/blog\/quilombo-10-jahre-cirque-bouffon\/#breadcrumb"},"inLanguage":"de","potentialAction":[{"@type":"ReadAction","target":["https:\/\/www.memo-media.de\/blog\/quilombo-10-jahre-cirque-bouffon\/"]}]},{"@type":"BreadcrumbList","@id":"https:\/\/www.memo-media.de\/blog\/quilombo-10-jahre-cirque-bouffon\/#breadcrumb","itemListElement":[{"@type":"ListItem","position":1,"name":"Home","item":"https:\/\/www.memo-media.de\/blog\/"},{"@type":"ListItem","position":2,"name":"Quilombo &#8211; 10 Jahre Cirque Bouffon"}]},{"@type":"WebSite","@id":"https:\/\/www.memo-media.de\/blog\/#website","url":"https:\/\/www.memo-media.de\/blog\/","name":"memo-media Blog f\u00fcr die Eventplanung","description":"News und Facts aus der Eventbranche f\u00fcr die Eventbranche","potentialAction":[{"@type":"SearchAction","target":{"@type":"EntryPoint","urlTemplate":"https:\/\/www.memo-media.de\/blog\/?s={search_term_string}"},"query-input":"required name=search_term_string"}],"inLanguage":"de"},{"@type":"Person","@id":"https:\/\/www.memo-media.de\/blog\/#\/schema\/person\/4a9ebc406469558526f2f3e5dd7a7ab0","name":"Kerstin Meisner","image":{"@type":"ImageObject","inLanguage":"de","@id":"https:\/\/www.memo-media.de\/blog\/#\/schema\/person\/image\/","url":"https:\/\/www.memo-media.de\/blog\/wp-content\/uploads\/2022\/10\/kerstin-meisner_2022_03-mittel-150x150.jpg","contentUrl":"https:\/\/www.memo-media.de\/blog\/wp-content\/uploads\/2022\/10\/kerstin-meisner_2022_03-mittel-150x150.jpg","caption":"Kerstin Meisner"},"description":"Kerstin Meisner hat memo-media im Dezember 2000 gegr\u00fcndet. Die Website www.memo-media.de ist im Juni 2001 online gegangen und das erste Handbuch memo-media erschien im Herbst 2001. Seit 2007 wird das Magazin showcases von ihr als Herausgeberin herausgebracht, 2016 folgten die Eventmoods. Kerstin Meisner ist auch Chefredakteurin des memo-media Blogs f\u00fcr die Eventplanung und des monatlichen Eventbranchenbriefs, dem memoLetter.","sameAs":["https:\/\/www.memo-media.de","https:\/\/www.facebook.com\/memomedia"],"url":"https:\/\/www.memo-media.de\/blog\/author\/kerstin-meisner\/"}]}},"_links":{"self":[{"href":"https:\/\/www.memo-media.de\/blog\/wp-json\/wp\/v2\/posts\/1989"}],"collection":[{"href":"https:\/\/www.memo-media.de\/blog\/wp-json\/wp\/v2\/posts"}],"about":[{"href":"https:\/\/www.memo-media.de\/blog\/wp-json\/wp\/v2\/types\/post"}],"author":[{"embeddable":true,"href":"https:\/\/www.memo-media.de\/blog\/wp-json\/wp\/v2\/users\/2"}],"replies":[{"embeddable":true,"href":"https:\/\/www.memo-media.de\/blog\/wp-json\/wp\/v2\/comments?post=1989"}],"version-history":[{"count":14,"href":"https:\/\/www.memo-media.de\/blog\/wp-json\/wp\/v2\/posts\/1989\/revisions"}],"predecessor-version":[{"id":11166,"href":"https:\/\/www.memo-media.de\/blog\/wp-json\/wp\/v2\/posts\/1989\/revisions\/11166"}],"wp:featuredmedia":[{"embeddable":true,"href":"https:\/\/www.memo-media.de\/blog\/wp-json\/wp\/v2\/media\/1997"}],"wp:attachment":[{"href":"https:\/\/www.memo-media.de\/blog\/wp-json\/wp\/v2\/media?parent=1989"}],"wp:term":[{"taxonomy":"category","embeddable":true,"href":"https:\/\/www.memo-media.de\/blog\/wp-json\/wp\/v2\/categories?post=1989"},{"taxonomy":"post_tag","embeddable":true,"href":"https:\/\/www.memo-media.de\/blog\/wp-json\/wp\/v2\/tags?post=1989"}],"curies":[{"name":"wp","href":"https:\/\/api.w.org\/{rel}","templated":true}]}}