{"id":1854,"date":"2015-04-28T18:13:49","date_gmt":"2015-04-28T16:13:49","guid":{"rendered":"http:\/\/www.memo-media.de\/blog\/?p=1854"},"modified":"2020-04-08T08:48:03","modified_gmt":"2020-04-08T06:48:03","slug":"eisfiguren-fuer-produktpraesentationen-messen-und-galas","status":"publish","type":"post","link":"https:\/\/www.memo-media.de\/blog\/eisfiguren-fuer-produktpraesentationen-messen-und-galas\/","title":{"rendered":"Eisfiguren f\u00fcr Produktpr\u00e4sentationen, Messen und Galas"},"content":{"rendered":"[memo_eintrag kundennummer=134480]Horst Birekoven[\/memo_eintrag] geh\u00f6rt zu den besten Eisdesignern Europas. Seine kunstvollen <a href=\"http:\/\/www.eisfiguren.de\" target=\"_blank\" rel=\"noopener noreferrer\">Eisfiguren<\/a> und meterlangen Eisbars fertigt er haupts\u00e4chlich f\u00fcr Produktpr\u00e4sentationen, Messeauftritte und Galas. Aber auch f\u00fcr die TV-Show \u201eGermany&#8217;s Next Topmodel\u201c oder f\u00fcr die \u201eBridges to Babylon\u201c-Tournee der Rolling Stones war <a href=\"https:\/\/www.eisdesigner.de\" target=\"_blank\" rel=\"noopener noreferrer\">Eisdesigner Birekoven<\/a> schon im Einsatz. Wir haben ihn in seiner Werkstatt besucht und uns mal angeschaut, wie solche Eisfiguren \u00fcberhaupt entstehen.<\/p>\n<div id=\"attachment_1856\" style=\"width: 235px\" class=\"wp-caption alignright\"><a href=\"https:\/\/www.memo-media.de\/blog\/wp-content\/uploads\/2015\/04\/eis5.jpg\"><img aria-describedby=\"caption-attachment-1856\" decoding=\"async\" loading=\"lazy\" class=\"size-medium wp-image-1856\" src=\"https:\/\/www.memo-media.de\/blog\/wp-content\/uploads\/2015\/04\/eis5-225x300.jpg\" alt=\"Eisfiguren von Eisdesigner Birekoven\" width=\"225\" height=\"300\" srcset=\"https:\/\/www.memo-media.de\/blog\/wp-content\/uploads\/2015\/04\/eis5-225x300.jpg 225w, https:\/\/www.memo-media.de\/blog\/wp-content\/uploads\/2015\/04\/eis5.jpg 768w, https:\/\/www.memo-media.de\/blog\/wp-content\/uploads\/2015\/04\/eis5-335x447.jpg 335w\" sizes=\"(max-width: 225px) 100vw, 225px\" \/><\/a><p id=\"caption-attachment-1856\" class=\"wp-caption-text\">Der Meister bei der Arbeit<\/p><\/div>\n<p>Z\u00fclpich-\u00dclpenich in Nordrhein-Westfalen, Ende April. Drau\u00dfen sind es schon \u00fcber 20 Grad. Doch wenn Horst Birekoven zur Arbeit geht, zieht er sich an, als w\u00fcrde er sich auf eine Polarexpedition vorbereiten: Isolierschuhe und Isolierhose, eine dicke Jacke, M\u00fctze, Handschuhe. Denn im Keller seines Wohnhauses herrschen Temperaturen weit unter dem Gefrierpunkt. Hier stellt er in einem gro\u00dfen Tiefk\u00fchlraum das Grundmaterial f\u00fcr seine Arbeit her: ein Meter lange, 50 Zentimeter breite und 25 Zentimeter hohe Eisbl\u00f6cke. Einer allein wiegt schon 120 Kilogramm. \u201eOhne meine Hebevorrichtungen an der Decke h\u00e4tte ich sicher schon einen kaputten R\u00fccken\u201c, lacht Horst Birekoven, der jeden Monat rund zehn Tonnen Eis herstellt.<\/p>\n<h3>\u201eWenn das Wasser im Stillstand gefriert, dann wird es milchig\u201c<\/h3>\n<div id=\"attachment_1857\" style=\"width: 310px\" class=\"wp-caption alignleft\"><a href=\"https:\/\/www.memo-media.de\/blog\/wp-content\/uploads\/2015\/04\/eis2.jpg\"><img aria-describedby=\"caption-attachment-1857\" decoding=\"async\" loading=\"lazy\" class=\"size-medium wp-image-1857\" src=\"https:\/\/www.memo-media.de\/blog\/wp-content\/uploads\/2015\/04\/eis2-300x200.jpg\" alt=\"Eisfiguren von Eisdesigner Birekoven\" width=\"300\" height=\"200\" srcset=\"https:\/\/www.memo-media.de\/blog\/wp-content\/uploads\/2015\/04\/eis2-300x200.jpg 300w, https:\/\/www.memo-media.de\/blog\/wp-content\/uploads\/2015\/04\/eis2-335x223.jpg 335w, https:\/\/www.memo-media.de\/blog\/wp-content\/uploads\/2015\/04\/eis2.jpg 1000w\" sizes=\"(max-width: 300px) 100vw, 300px\" \/><\/a><p id=\"caption-attachment-1857\" class=\"wp-caption-text\">Jedes Werk von Horst Birekoven besteht aus vielen einzelnen Bl\u00f6cken, die vor Ort zusammengebaut werden<\/p><\/div>\n<p>Acht bis neun Tage wachsen die Bl\u00f6cke in speziellen Becken, bis sie diese Gr\u00f6\u00dfe erreicht haben und komplett ausgeh\u00e4rtet sind. Eine Maschine sorgt daf\u00fcr, dass sie st\u00e4ndig in Bewegung bleiben. \u201eWenn das Wasser im Stillstand gefriert, dann wird es milchig\u201c, erkl\u00e4rt uns der 53-J\u00e4hrige. \u201eDas liegt an Luftblasen und Mineralien. F\u00fcr meine Eisfiguren ben\u00f6tige ich aber kristallklares Eis.\u201c<\/p>\n<p>Horst Birekoven ist schon immer begeistert gewesen vom Eisschnitzen, doch erst nachdem er 1991 seinen Lehrgang zum Konditormeister absolviert hatte, sattelte er um und machte sich als Eisdesigner selbstst\u00e4ndig. \u201eDas erste Jahr war sehr speziell\u201c, sagt er und grinst. \u201eIch habe improvisiert, wo es nur ging. Die Eisbl\u00f6cke habe ich zwischen Tiefk\u00fchlpommes und Hamburgern gefroren. Mein erstes Schnitzwerkzeug hat mit eine befreundete Stewardess aus Japan mitgebracht. So etwas gab es hier in den 90er Jahren noch nicht.\u201c Nebenbei fuhr der Jungunternehmer Pommes Frites aus oder fertigte Marzipan-Figuren an, um sich seinen Lebensunterhalt zu finanzieren.<\/p>\n<h3>Eisfiguren f\u00fcr Swarovski, Boeing, McDonald&#8217;s, Red Bull und Samsung<\/h3>\n<div id=\"attachment_1858\" style=\"width: 310px\" class=\"wp-caption alignright\"><a href=\"https:\/\/www.memo-media.de\/blog\/wp-content\/uploads\/2015\/04\/eis3.jpg\"><img aria-describedby=\"caption-attachment-1858\" decoding=\"async\" loading=\"lazy\" class=\"size-medium wp-image-1858\" src=\"https:\/\/www.memo-media.de\/blog\/wp-content\/uploads\/2015\/04\/eis3-300x225.jpg\" alt=\"Eisfiguren von Eisdesigner Birekoven 3\" width=\"300\" height=\"225\" srcset=\"https:\/\/www.memo-media.de\/blog\/wp-content\/uploads\/2015\/04\/eis3-300x225.jpg 300w, https:\/\/www.memo-media.de\/blog\/wp-content\/uploads\/2015\/04\/eis3.jpg 1024w, https:\/\/www.memo-media.de\/blog\/wp-content\/uploads\/2015\/04\/eis3-72x54.jpg 72w, https:\/\/www.memo-media.de\/blog\/wp-content\/uploads\/2015\/04\/eis3-335x251.jpg 335w\" sizes=\"(max-width: 300px) 100vw, 300px\" \/><\/a><p id=\"caption-attachment-1858\" class=\"wp-caption-text\">F\u00fcr die Swarovski-Skulptur am Berliner Hauptbahnhof hatte Eisdesigner Birekoven echte Swarovsky-Steine ins Eis eingelassen<\/p><\/div>\n<p>Doch im Laufe der Jahre sprachen sich die au\u00dfergew\u00f6hnlichen F\u00e4higkeiten Horst Birekovens herum und das Unternehmen wuchs. Die Auftraggeber wurden prominenter. F\u00fcr das Schmucklabel Swarovski gestaltete er\u00a0zum Beispiel eine Skulptur mit ins Eis eingeschlossenen Swarovski-Steinen. F\u00fcr die \u201eMensch\u201c-Tour von Herbert Gr\u00f6nemeyer bekam er den Auftrag, einen sieben Meter langen Schriftzug zu bauen. \u201eDas sind schon eine Menge toller Sachen dabei gewesen\u201c, erz\u00e4hlt Horst Birekoven, w\u00e4hrend wir ihm helfen, einen Eisblock f\u00fcr den Transport vorzubereiten. Einen Gro\u00dfauftrag, f\u00fcgt er hinzu, habe er allerdings ablehnen m\u00fcssen: \u201eEine Agentur wollte mal die Ziffer 1 Billion als drei Meter hohe Eisskulptur haben. Bei zw\u00f6lf Stellen w\u00e4ren das mindestens 240 Eisbl\u00f6cke gewesen und das konnten wir dann doch nicht stemmen.\u201c<\/p>\n<div id=\"attachment_1859\" style=\"width: 180px\" class=\"wp-caption alignleft\"><a href=\"https:\/\/www.memo-media.de\/blog\/wp-content\/uploads\/2015\/04\/eis1.jpg\"><img aria-describedby=\"caption-attachment-1859\" decoding=\"async\" loading=\"lazy\" class=\"size-medium wp-image-1859\" src=\"https:\/\/www.memo-media.de\/blog\/wp-content\/uploads\/2015\/04\/eis1-170x300.jpg\" alt=\"Eisfiguren von Eisdesigner Birekoven 4\" width=\"170\" height=\"300\" srcset=\"https:\/\/www.memo-media.de\/blog\/wp-content\/uploads\/2015\/04\/eis1-170x300.jpg 170w, https:\/\/www.memo-media.de\/blog\/wp-content\/uploads\/2015\/04\/eis1-335x593.jpg 335w, https:\/\/www.memo-media.de\/blog\/wp-content\/uploads\/2015\/04\/eis1.jpg 560w\" sizes=\"(max-width: 170px) 100vw, 170px\" \/><\/a><p id=\"caption-attachment-1859\" class=\"wp-caption-text\">Produkt-Einlassungen wie hier eignen sich hervorragend f\u00fcr Produktpr\u00e4sentationen<\/p><\/div>\n<p>Die Bl\u00f6cke bearbeitet Horst Birekoven in seinen Tiefk\u00fchlr\u00e4umen einzeln. Dabei kommt neben der Motors\u00e4ge und speziellen Carving-Werkzeugen auch modernste Technik zum Einsatz. Wie die Computerfr\u00e4se, mit der er auf den 100stel Millimeter genau Firmenlogos, Motive und selbst filigranste Schriftz\u00fcge in das Eis einf\u00fcgen kann \u2013 auf Wunsch auch in Farbe. \u201eBei uns\u201c, so Horst Birekoven, \u201ebekommt der Kunde wirklich allerh\u00f6chste Qualit\u00e4t.\u201c<\/p>\n<h3>Auf Wunsch bietet Horst Birekoven das Full-Service-Paket<\/h3>\n<div id=\"attachment_1860\" style=\"width: 310px\" class=\"wp-caption alignright\"><a href=\"https:\/\/www.memo-media.de\/blog\/wp-content\/uploads\/2015\/04\/eis4.jpg\"><img aria-describedby=\"caption-attachment-1860\" decoding=\"async\" loading=\"lazy\" class=\"size-medium wp-image-1860\" src=\"https:\/\/www.memo-media.de\/blog\/wp-content\/uploads\/2015\/04\/eis4-300x224.jpg\" alt=\"Eisfiguren von Eisdesigner Birekoven 5\" width=\"300\" height=\"224\" srcset=\"https:\/\/www.memo-media.de\/blog\/wp-content\/uploads\/2015\/04\/eis4-300x224.jpg 300w, https:\/\/www.memo-media.de\/blog\/wp-content\/uploads\/2015\/04\/eis4-1024x765.jpg 1024w, https:\/\/www.memo-media.de\/blog\/wp-content\/uploads\/2015\/04\/eis4-72x54.jpg 72w, https:\/\/www.memo-media.de\/blog\/wp-content\/uploads\/2015\/04\/eis4-335x250.jpg 335w, https:\/\/www.memo-media.de\/blog\/wp-content\/uploads\/2015\/04\/eis4-1050x785.jpg 1050w, https:\/\/www.memo-media.de\/blog\/wp-content\/uploads\/2015\/04\/eis4.jpg 1120w\" sizes=\"(max-width: 300px) 100vw, 300px\" \/><\/a><p id=\"caption-attachment-1860\" class=\"wp-caption-text\">Bis zu 24 Stunden lang h\u00e4lt eine solche Eisskulptur, bevor sie unansehnlich wird<\/p><\/div>\n<p>Aber egal, ob Eisbar, riesiges Logo oder Skulptur: Zusammengesetzt werden die Einzelteile immer erst vor Ort. \u201eWir transportieren die Bl\u00f6cke in speziellen K\u00fchlboxen zum Kunden und bauen dort alles zusammen. Dabei spritzen wir Wasser in die Ritzen und wenn das gefroren ist, kann man die Bl\u00f6cke nicht mehr trennen.\u201c Bis zu 24 Stunden lang k\u00f6nnen die Skulpturen dann selbst bei 25 Grad durchhalten. Das Schmelzwasser f\u00e4ngt eine Metallwanne im Sockel auf. Die muss dann je nach Au\u00dfentemperatur alle vier bis f\u00fcnf Stunden geleert werden. Horst Birekoven: \u201eAm besten bucht man bei mir das Full-Service-Paket mit Aufbau, Betreuung und Abbau, dann muss sich der Kunde um gar nichts k\u00fcmmern.\u201c<\/p>\n<p>Als wir den Keller nach einer Dreiviertelstunde verlassen, sind wir froh, wieder ins Warme zu kommen. Aber wir haben tolle Dinge\u00a0gesehen und uns danach bei einer Tasse Tee auch lange Gedanken dar\u00fcber gemacht, wie sich wohl unser Maskottchen, der memo-media-Tucan, als Eisskulptur bei uns im B\u00fcro machen w\u00fcrde. Wir behalten das auf jeden Fall mal im Hinterkopf.<\/p>\n<p>Schauen Sie auch mal beim <a href=\"https:\/\/www.facebook.com\/pages\/eisdesignerde\/244241925642240\" target=\"_blank\" rel=\"noopener noreferrer\">Facebook-Auftritt<\/a>\u00a0und beim <a href=\"https:\/\/www.youtube.com\/user\/eisdesigner\" target=\"_blank\" rel=\"noopener noreferrer\">YouTube-Kanal<\/a> von Eisdesigner Birekoven\u00a0vorbei.<\/p>\n","protected":false},"excerpt":{"rendered":"<p>[memo_eintrag kundennummer=134480]Horst Birekoven[\/memo_eintrag] geh\u00f6rt zu den besten Eisdesignern Europas. Seine kunstvollen Eisfiguren und meterlangen Eisbars fertigt er haupts\u00e4chlich f\u00fcr Produktpr\u00e4sentationen,&#8230;<\/p>\n","protected":false},"author":13,"featured_media":1868,"comment_status":"closed","ping_status":"closed","sticky":false,"template":"","format":"standard","meta":[],"categories":[9,4,10],"tags":[383,382,384,2056,245,102],"yoast_head":"<!-- This site is optimized with the Yoast SEO Premium plugin v20.5 (Yoast SEO v20.5) - https:\/\/yoast.com\/wordpress\/plugins\/seo\/ -->\n<title>Eisfiguren f\u00fcr Produktpr\u00e4sentationen, Messen und Galas<\/title>\n<meta name=\"description\" content=\"Kunstvolle Eisfiguren sind die Spezialit\u00e4t von Eisdesigner Birekoven. F\u00fcr den Blog f\u00fcr die Eventplanung haben wir ihn in seiner Werkstatt besucht\" \/>\n<meta name=\"robots\" content=\"index, follow, max-snippet:-1, max-image-preview:large, max-video-preview:-1\" \/>\n<link rel=\"canonical\" href=\"https:\/\/www.memo-media.de\/blog\/eisfiguren-fuer-produktpraesentationen-messen-und-galas\/\" \/>\n<meta property=\"og:locale\" content=\"de_DE\" \/>\n<meta property=\"og:type\" content=\"article\" \/>\n<meta property=\"og:title\" content=\"Eisfiguren f\u00fcr Produktpr\u00e4sentationen, Messen und Galas\" \/>\n<meta property=\"og:description\" content=\"Kunstvolle Eisfiguren sind die Spezialit\u00e4t von Eisdesigner Birekoven. F\u00fcr den Blog f\u00fcr die Eventplanung haben wir ihn in seiner Werkstatt besucht\" \/>\n<meta property=\"og:url\" content=\"https:\/\/www.memo-media.de\/blog\/eisfiguren-fuer-produktpraesentationen-messen-und-galas\/\" \/>\n<meta property=\"og:site_name\" content=\"memo-media Blog f\u00fcr die Eventplanung\" \/>\n<meta property=\"article:published_time\" content=\"2015-04-28T16:13:49+00:00\" \/>\n<meta property=\"article:modified_time\" content=\"2020-04-08T06:48:03+00:00\" \/>\n<meta property=\"og:image\" content=\"https:\/\/www.memo-media.de\/blog\/wp-content\/uploads\/2015\/04\/header15.jpg\" \/>\n\t<meta property=\"og:image:width\" content=\"1500\" \/>\n\t<meta property=\"og:image:height\" content=\"1149\" \/>\n\t<meta property=\"og:image:type\" content=\"image\/jpeg\" \/>\n<meta name=\"author\" content=\"Aljoscha Grabowski\" \/>\n<meta name=\"twitter:label1\" content=\"Verfasst von\" \/>\n\t<meta name=\"twitter:data1\" content=\"Aljoscha Grabowski\" \/>\n\t<meta name=\"twitter:label2\" content=\"Gesch\u00e4tzte Lesezeit\" \/>\n\t<meta name=\"twitter:data2\" content=\"4\u00a0Minuten\" \/>\n<script type=\"application\/ld+json\" class=\"yoast-schema-graph\">{\"@context\":\"https:\/\/schema.org\",\"@graph\":[{\"@type\":\"WebPage\",\"@id\":\"https:\/\/www.memo-media.de\/blog\/eisfiguren-fuer-produktpraesentationen-messen-und-galas\/\",\"url\":\"https:\/\/www.memo-media.de\/blog\/eisfiguren-fuer-produktpraesentationen-messen-und-galas\/\",\"name\":\"Eisfiguren f\u00fcr Produktpr\u00e4sentationen, Messen und Galas\",\"isPartOf\":{\"@id\":\"https:\/\/www.memo-media.de\/blog\/#website\"},\"datePublished\":\"2015-04-28T16:13:49+00:00\",\"dateModified\":\"2020-04-08T06:48:03+00:00\",\"author\":{\"@id\":\"https:\/\/www.memo-media.de\/blog\/#\/schema\/person\/d6e5cd0a1d6ebcd0d6a0dd6a691cad22\"},\"description\":\"Kunstvolle Eisfiguren sind die Spezialit\u00e4t von Eisdesigner Birekoven. F\u00fcr den Blog f\u00fcr die Eventplanung haben wir ihn in seiner Werkstatt besucht\",\"breadcrumb\":{\"@id\":\"https:\/\/www.memo-media.de\/blog\/eisfiguren-fuer-produktpraesentationen-messen-und-galas\/#breadcrumb\"},\"inLanguage\":\"de\",\"potentialAction\":[{\"@type\":\"ReadAction\",\"target\":[\"https:\/\/www.memo-media.de\/blog\/eisfiguren-fuer-produktpraesentationen-messen-und-galas\/\"]}]},{\"@type\":\"BreadcrumbList\",\"@id\":\"https:\/\/www.memo-media.de\/blog\/eisfiguren-fuer-produktpraesentationen-messen-und-galas\/#breadcrumb\",\"itemListElement\":[{\"@type\":\"ListItem\",\"position\":1,\"name\":\"Home\",\"item\":\"https:\/\/www.memo-media.de\/blog\/\"},{\"@type\":\"ListItem\",\"position\":2,\"name\":\"Eisfiguren f\u00fcr Produktpr\u00e4sentationen, Messen und Galas\"}]},{\"@type\":\"WebSite\",\"@id\":\"https:\/\/www.memo-media.de\/blog\/#website\",\"url\":\"https:\/\/www.memo-media.de\/blog\/\",\"name\":\"memo-media Blog f\u00fcr die Eventplanung\",\"description\":\"News und Facts aus der Eventbranche f\u00fcr die Eventbranche\",\"potentialAction\":[{\"@type\":\"SearchAction\",\"target\":{\"@type\":\"EntryPoint\",\"urlTemplate\":\"https:\/\/www.memo-media.de\/blog\/?s={search_term_string}\"},\"query-input\":\"required name=search_term_string\"}],\"inLanguage\":\"de\"},{\"@type\":\"Person\",\"@id\":\"https:\/\/www.memo-media.de\/blog\/#\/schema\/person\/d6e5cd0a1d6ebcd0d6a0dd6a691cad22\",\"name\":\"Aljoscha Grabowski\",\"image\":{\"@type\":\"ImageObject\",\"inLanguage\":\"de\",\"@id\":\"https:\/\/www.memo-media.de\/blog\/#\/schema\/person\/image\/\",\"url\":\"https:\/\/www.memo-media.de\/blog\/wp-content\/uploads\/2014\/10\/aljoscha150x150.jpg\",\"contentUrl\":\"https:\/\/www.memo-media.de\/blog\/wp-content\/uploads\/2014\/10\/aljoscha150x150.jpg\",\"caption\":\"Aljoscha Grabowski\"},\"description\":\"Aljoscha Grabowski hat Online-Journalismus an der Hochschule Darmstadt studiert und ist als freiberuflicher Journalist, Texter und Blogger t\u00e4tig. Als solcher schreibt er f\u00fcr verschiedene Zeitungen, Zeitschriften und Online-Medien haupts\u00e4chlich \u00fcber Sport, Kultur und die Event-Branche. Wir haben den sympathischen Frankfurter auf der Best Of Events 2014 in Dortmund kennengelernt und ihn ins Boot geholt, weil er stets die richtigen Worte findet, um Produkte, Dienstleistungen und alles andere Erw\u00e4hnenswerte ins richtige Licht der Aufmerksamkeit zu r\u00fccken.\",\"sameAs\":[\"http:\/\/www.aljoscha-grabowski.de\"],\"url\":\"https:\/\/www.memo-media.de\/blog\/author\/aljoscha-grabowski\/\"}]}<\/script>\n<!-- \/ Yoast SEO Premium plugin. -->","yoast_head_json":{"title":"Eisfiguren f\u00fcr Produktpr\u00e4sentationen, Messen und Galas","description":"Kunstvolle Eisfiguren sind die Spezialit\u00e4t von Eisdesigner Birekoven. F\u00fcr den Blog f\u00fcr die Eventplanung haben wir ihn in seiner Werkstatt besucht","robots":{"index":"index","follow":"follow","max-snippet":"max-snippet:-1","max-image-preview":"max-image-preview:large","max-video-preview":"max-video-preview:-1"},"canonical":"https:\/\/www.memo-media.de\/blog\/eisfiguren-fuer-produktpraesentationen-messen-und-galas\/","og_locale":"de_DE","og_type":"article","og_title":"Eisfiguren f\u00fcr Produktpr\u00e4sentationen, Messen und Galas","og_description":"Kunstvolle Eisfiguren sind die Spezialit\u00e4t von Eisdesigner Birekoven. F\u00fcr den Blog f\u00fcr die Eventplanung haben wir ihn in seiner Werkstatt besucht","og_url":"https:\/\/www.memo-media.de\/blog\/eisfiguren-fuer-produktpraesentationen-messen-und-galas\/","og_site_name":"memo-media Blog f\u00fcr die Eventplanung","article_published_time":"2015-04-28T16:13:49+00:00","article_modified_time":"2020-04-08T06:48:03+00:00","og_image":[{"width":1500,"height":1149,"url":"https:\/\/www.memo-media.de\/blog\/wp-content\/uploads\/2015\/04\/header15.jpg","type":"image\/jpeg"}],"author":"Aljoscha Grabowski","twitter_misc":{"Verfasst von":"Aljoscha Grabowski","Gesch\u00e4tzte Lesezeit":"4\u00a0Minuten"},"schema":{"@context":"https:\/\/schema.org","@graph":[{"@type":"WebPage","@id":"https:\/\/www.memo-media.de\/blog\/eisfiguren-fuer-produktpraesentationen-messen-und-galas\/","url":"https:\/\/www.memo-media.de\/blog\/eisfiguren-fuer-produktpraesentationen-messen-und-galas\/","name":"Eisfiguren f\u00fcr Produktpr\u00e4sentationen, Messen und Galas","isPartOf":{"@id":"https:\/\/www.memo-media.de\/blog\/#website"},"datePublished":"2015-04-28T16:13:49+00:00","dateModified":"2020-04-08T06:48:03+00:00","author":{"@id":"https:\/\/www.memo-media.de\/blog\/#\/schema\/person\/d6e5cd0a1d6ebcd0d6a0dd6a691cad22"},"description":"Kunstvolle Eisfiguren sind die Spezialit\u00e4t von Eisdesigner Birekoven. F\u00fcr den Blog f\u00fcr die Eventplanung haben wir ihn in seiner Werkstatt besucht","breadcrumb":{"@id":"https:\/\/www.memo-media.de\/blog\/eisfiguren-fuer-produktpraesentationen-messen-und-galas\/#breadcrumb"},"inLanguage":"de","potentialAction":[{"@type":"ReadAction","target":["https:\/\/www.memo-media.de\/blog\/eisfiguren-fuer-produktpraesentationen-messen-und-galas\/"]}]},{"@type":"BreadcrumbList","@id":"https:\/\/www.memo-media.de\/blog\/eisfiguren-fuer-produktpraesentationen-messen-und-galas\/#breadcrumb","itemListElement":[{"@type":"ListItem","position":1,"name":"Home","item":"https:\/\/www.memo-media.de\/blog\/"},{"@type":"ListItem","position":2,"name":"Eisfiguren f\u00fcr Produktpr\u00e4sentationen, Messen und Galas"}]},{"@type":"WebSite","@id":"https:\/\/www.memo-media.de\/blog\/#website","url":"https:\/\/www.memo-media.de\/blog\/","name":"memo-media Blog f\u00fcr die Eventplanung","description":"News und Facts aus der Eventbranche f\u00fcr die Eventbranche","potentialAction":[{"@type":"SearchAction","target":{"@type":"EntryPoint","urlTemplate":"https:\/\/www.memo-media.de\/blog\/?s={search_term_string}"},"query-input":"required name=search_term_string"}],"inLanguage":"de"},{"@type":"Person","@id":"https:\/\/www.memo-media.de\/blog\/#\/schema\/person\/d6e5cd0a1d6ebcd0d6a0dd6a691cad22","name":"Aljoscha Grabowski","image":{"@type":"ImageObject","inLanguage":"de","@id":"https:\/\/www.memo-media.de\/blog\/#\/schema\/person\/image\/","url":"https:\/\/www.memo-media.de\/blog\/wp-content\/uploads\/2014\/10\/aljoscha150x150.jpg","contentUrl":"https:\/\/www.memo-media.de\/blog\/wp-content\/uploads\/2014\/10\/aljoscha150x150.jpg","caption":"Aljoscha Grabowski"},"description":"Aljoscha Grabowski hat Online-Journalismus an der Hochschule Darmstadt studiert und ist als freiberuflicher Journalist, Texter und Blogger t\u00e4tig. Als solcher schreibt er f\u00fcr verschiedene Zeitungen, Zeitschriften und Online-Medien haupts\u00e4chlich \u00fcber Sport, Kultur und die Event-Branche. Wir haben den sympathischen Frankfurter auf der Best Of Events 2014 in Dortmund kennengelernt und ihn ins Boot geholt, weil er stets die richtigen Worte findet, um Produkte, Dienstleistungen und alles andere Erw\u00e4hnenswerte ins richtige Licht der Aufmerksamkeit zu r\u00fccken.","sameAs":["http:\/\/www.aljoscha-grabowski.de"],"url":"https:\/\/www.memo-media.de\/blog\/author\/aljoscha-grabowski\/"}]}},"_links":{"self":[{"href":"https:\/\/www.memo-media.de\/blog\/wp-json\/wp\/v2\/posts\/1854"}],"collection":[{"href":"https:\/\/www.memo-media.de\/blog\/wp-json\/wp\/v2\/posts"}],"about":[{"href":"https:\/\/www.memo-media.de\/blog\/wp-json\/wp\/v2\/types\/post"}],"author":[{"embeddable":true,"href":"https:\/\/www.memo-media.de\/blog\/wp-json\/wp\/v2\/users\/13"}],"replies":[{"embeddable":true,"href":"https:\/\/www.memo-media.de\/blog\/wp-json\/wp\/v2\/comments?post=1854"}],"version-history":[{"count":8,"href":"https:\/\/www.memo-media.de\/blog\/wp-json\/wp\/v2\/posts\/1854\/revisions"}],"predecessor-version":[{"id":11076,"href":"https:\/\/www.memo-media.de\/blog\/wp-json\/wp\/v2\/posts\/1854\/revisions\/11076"}],"wp:featuredmedia":[{"embeddable":true,"href":"https:\/\/www.memo-media.de\/blog\/wp-json\/wp\/v2\/media\/1868"}],"wp:attachment":[{"href":"https:\/\/www.memo-media.de\/blog\/wp-json\/wp\/v2\/media?parent=1854"}],"wp:term":[{"taxonomy":"category","embeddable":true,"href":"https:\/\/www.memo-media.de\/blog\/wp-json\/wp\/v2\/categories?post=1854"},{"taxonomy":"post_tag","embeddable":true,"href":"https:\/\/www.memo-media.de\/blog\/wp-json\/wp\/v2\/tags?post=1854"}],"curies":[{"name":"wp","href":"https:\/\/api.w.org\/{rel}","templated":true}]}}