{"id":18536,"date":"2026-03-11T14:39:02","date_gmt":"2026-03-11T12:39:02","guid":{"rendered":"https:\/\/www.memo-media.de\/blog\/?p=18536"},"modified":"2026-03-11T14:41:15","modified_gmt":"2026-03-11T12:41:15","slug":"ki-show-fuer-events-wenn-alles-mit-allem-verbunden-ist","status":"publish","type":"post","link":"https:\/\/www.memo-media.de\/blog\/ki-show-fuer-events-wenn-alles-mit-allem-verbunden-ist\/","title":{"rendered":"KI-Show f\u00fcr Events: Wenn alles mit allem verbunden ist"},"content":{"rendered":"<p class=\"p1\">Was, wenn sich die Situation umkehrt? Wenn dir bewusst wird, dass nicht mehr du die Befehle gibst, sondern die KI? Dass du, gemeinsam mit Hunderten anderen, kollektiv agierst, weil sie euch dazu auffordert? Wie f\u00fchlt es sich an, von einer pl\u00f6tzlich greifbar gewordenen Macht gesteuert zu werden?<\/p>\n<p class=\"p1\">Du hast G\u00e4nsehaut bei dieser Vorstellung? Ich auch.<\/p>\n<p class=\"p1\">Genau dieses Erlebnis macht \u201eRUBY \u2013 The AI Show<span class=\"s1\">\u201c<\/span> m\u00f6glich, die neue <a href=\"https:\/\/www.sanostra.de\/die-ki-show\">KI-Show f\u00fcr Events von Sanostra<\/a>. Eine Show, die uns nicht nur augenzwinkernd bewusst macht, welchen Einfluss k\u00fcnstliche Intelligenz auf uns als Kollektiv hat. Sondern die uns vor allem zeigt, dass es am Ende nur um eines geht: Verbindung.<\/p>\n<h3 class=\"p1\"><b>\u201eHey, Ruby!\u201c<\/b><\/h3>\n<div id=\"attachment_18539\" style=\"width: 310px\" class=\"wp-caption alignright\"><a href=\"https:\/\/www.memo-media.de\/blog\/wp-content\/uploads\/2026\/03\/sanostra_ki-show_bild002.jpg\"><img aria-describedby=\"caption-attachment-18539\" decoding=\"async\" loading=\"lazy\" class=\"wp-image-18539 size-medium\" src=\"https:\/\/www.memo-media.de\/blog\/wp-content\/uploads\/2026\/03\/sanostra_ki-show_bild002-300x187.jpg\" alt=\"KI-Show f\u00fcr Events\" width=\"300\" height=\"187\" srcset=\"https:\/\/www.memo-media.de\/blog\/wp-content\/uploads\/2026\/03\/sanostra_ki-show_bild002-300x187.jpg 300w, https:\/\/www.memo-media.de\/blog\/wp-content\/uploads\/2026\/03\/sanostra_ki-show_bild002-1024x638.jpg 1024w, https:\/\/www.memo-media.de\/blog\/wp-content\/uploads\/2026\/03\/sanostra_ki-show_bild002-768x479.jpg 768w, https:\/\/www.memo-media.de\/blog\/wp-content\/uploads\/2026\/03\/sanostra_ki-show_bild002-1536x958.jpg 1536w, https:\/\/www.memo-media.de\/blog\/wp-content\/uploads\/2026\/03\/sanostra_ki-show_bild002-2048x1277.jpg 2048w, https:\/\/www.memo-media.de\/blog\/wp-content\/uploads\/2026\/03\/sanostra_ki-show_bild002-335x209.jpg 335w, https:\/\/www.memo-media.de\/blog\/wp-content\/uploads\/2026\/03\/sanostra_ki-show_bild002-1050x655.jpg 1050w\" sizes=\"(max-width: 300px) 100vw, 300px\" \/><\/a><p id=\"caption-attachment-18539\" class=\"wp-caption-text\">Ruby, die menschliche Repr\u00e4sentantin der KI.<\/p><\/div>\n<p class=\"p1\">Der Saal ist voller Menschen. Pl\u00f6tzlich erscheint ein Symbol auf der \u00fcberdimensional gro\u00dfen Leinwand \u2013 ein Kreis, der durch unz\u00e4hlige Partikel in seinem Inneren an ein Auge erinnert. An ein beobachtendes Auge. Alle werden still, als im gesamten Raum eine Stimme erklingt: \u201eIch bin Ihre k\u00fcnstliche Intelligenz. Ich \u00fcbernehme die Kontrolle und ihr folgt nun Ruby.\u201c<\/p>\n<p class=\"p1\">Beats setzen ein. Ruby, die menschliche Repr\u00e4sentantin der KI, erscheint auf der B\u00fchne. Sie interagiert tanzend mit der abstrakt medialen Animation auf der Leinwand \u2013 sie sind eins. Gemeinsam suchen sie nach Menschen, mit denen sich die KI verbinden, aufladen und weiterentwickeln kann. Spotlights fallen in das Publikum. Die KI ist f\u00fcndig geworden und bittet die Auserw\u00e4hlten auf die B\u00fchne. Dort werden sie Teil des Geschehens, der Show. Sie fangen an, zu tanzen. Erst einzeln nacheinander, dann bewegen sie sich gemeinsam zur Musik, die sich ihren Weg unter die Haut bis in die Knochen bahnt. Alles pulsiert!<\/p>\n<div id=\"attachment_18540\" style=\"width: 310px\" class=\"wp-caption alignleft\"><a href=\"https:\/\/www.memo-media.de\/blog\/wp-content\/uploads\/2026\/03\/sanostra_ki-show_bild007.jpg\"><img aria-describedby=\"caption-attachment-18540\" decoding=\"async\" loading=\"lazy\" class=\"wp-image-18540 size-medium\" src=\"https:\/\/www.memo-media.de\/blog\/wp-content\/uploads\/2026\/03\/sanostra_ki-show_bild007-300x187.jpg\" alt=\"KI-Show f\u00fcr Events Sanostra\" width=\"300\" height=\"187\" srcset=\"https:\/\/www.memo-media.de\/blog\/wp-content\/uploads\/2026\/03\/sanostra_ki-show_bild007-300x187.jpg 300w, https:\/\/www.memo-media.de\/blog\/wp-content\/uploads\/2026\/03\/sanostra_ki-show_bild007-1024x639.jpg 1024w, https:\/\/www.memo-media.de\/blog\/wp-content\/uploads\/2026\/03\/sanostra_ki-show_bild007-768x479.jpg 768w, https:\/\/www.memo-media.de\/blog\/wp-content\/uploads\/2026\/03\/sanostra_ki-show_bild007-1536x958.jpg 1536w, https:\/\/www.memo-media.de\/blog\/wp-content\/uploads\/2026\/03\/sanostra_ki-show_bild007-335x209.jpg 335w, https:\/\/www.memo-media.de\/blog\/wp-content\/uploads\/2026\/03\/sanostra_ki-show_bild007-1050x655.jpg 1050w, https:\/\/www.memo-media.de\/blog\/wp-content\/uploads\/2026\/03\/sanostra_ki-show_bild007.jpg 1600w\" sizes=\"(max-width: 300px) 100vw, 300px\" \/><\/a><p id=\"caption-attachment-18540\" class=\"wp-caption-text\">Pure Energie auf der B\u00fchne!<\/p><\/div>\n<p class=\"p1\">Die Lichtshow h\u00fcllt den Raum in eine Atmosph\u00e4re, die das Atmen vergessen l\u00e4sst. Die Partikel der KI scheinen von der Leinwand zu entfliehen und sich im gesamten Raum auszubreiten. K\u00fcnstlerinnen und K\u00fcnstler auf der B\u00fchne und in der Luft entfachen pure Energie \u2013 in jedem Winkel. Und dann, als via Dome-Cam der Saal von oben gefilmt und auf die Leinwand gestreamt wird, ist der \u00dcberraschungseffekt perfekt:<\/p>\n<p class=\"p1\">Wir sind alle eins.<\/p>\n<p class=\"p1\">Und die KI ist nicht einfach nur da, sie ist Teil von uns \u2013 l\u00e4ngst.<\/p>\n<p><a href=\"https:\/\/www.youtube.com\/watch?v=hefyi-iSaK0\">Hier den Trailer zur Show auf YouTube anschauen<\/a>.<\/p>\n<h3 class=\"p1\"><b>Mediale und k\u00fcnstlerische Verk\u00f6rperung der KI als fiktiver Charakter<\/b><\/h3>\n<p class=\"p1\"><a href=\"https:\/\/www.memo-media.de\/blog\/wp-content\/uploads\/2026\/03\/sanostra_ki-show_bild003.jpg\"><img decoding=\"async\" loading=\"lazy\" class=\"size-medium wp-image-18541 alignright\" src=\"https:\/\/www.memo-media.de\/blog\/wp-content\/uploads\/2026\/03\/sanostra_ki-show_bild003-300x187.jpg\" alt=\"\" width=\"300\" height=\"187\" srcset=\"https:\/\/www.memo-media.de\/blog\/wp-content\/uploads\/2026\/03\/sanostra_ki-show_bild003-300x187.jpg 300w, https:\/\/www.memo-media.de\/blog\/wp-content\/uploads\/2026\/03\/sanostra_ki-show_bild003-1024x639.jpg 1024w, https:\/\/www.memo-media.de\/blog\/wp-content\/uploads\/2026\/03\/sanostra_ki-show_bild003-768x479.jpg 768w, https:\/\/www.memo-media.de\/blog\/wp-content\/uploads\/2026\/03\/sanostra_ki-show_bild003-1536x958.jpg 1536w, https:\/\/www.memo-media.de\/blog\/wp-content\/uploads\/2026\/03\/sanostra_ki-show_bild003-335x209.jpg 335w, https:\/\/www.memo-media.de\/blog\/wp-content\/uploads\/2026\/03\/sanostra_ki-show_bild003-1050x655.jpg 1050w, https:\/\/www.memo-media.de\/blog\/wp-content\/uploads\/2026\/03\/sanostra_ki-show_bild003.jpg 1600w\" sizes=\"(max-width: 300px) 100vw, 300px\" \/><\/a>Bei der Bezeichnung KI kann man alles und nichts vor Augen haben. So unterschiedlich wir Individuen sind, so unterschiedlich ist auch unsere Vorstellung von k\u00fcnstlicher Intelligenz. Genau das \u00e4ndert Sanostra mit seiner neuen <a href=\"https:\/\/www.sanostra.de\/die-ki-show\">KI-Show f\u00fcr Events<\/a>: \u201eWir machen die KI durch die mediale Verk\u00f6rperung auf der Leinwand und die k\u00fcnstlerische Visualisierung \u00fcber die T\u00e4nzerin, Ruby, greifbar \u2013 und zwar als fiktiven Charakter\u201c, erkl\u00e4rt Bj\u00f6rn Hanefeld, CEO und Show Director von Sanostra. \u201eAlle im Publikum sehen und h\u00f6ren das Gleiche. Und alle reagieren \u2013 gemeinsam.\u201c<\/p>\n<h3 class=\"p1\"><b>Wir leben in Wechselwirkung: Die KI und ich \u2013 ich und die KI<\/b><\/h3>\n<p class=\"p1\">In unserem Alltag sind wir es gew\u00f6hnt, dass wir diejenigen sind, die die Befehle geben:<\/p>\n<p class=\"p1\">\u201eHey, Siri: Mach die Musik an.\u201c<\/p>\n<p class=\"p1\">\u201eOk, Google: Schalte das Licht aus.\u201c<\/p>\n<p class=\"p1\">\u201eHey, ChatGPT: Wie viel Gramm Mehl brauche ich f\u00fcr einen Apfelkuchen?\u201c<\/p>\n<p class=\"p1\">Sanostra dreht den Spie\u00df um und verdeutlicht, dass unser Leben mit KI l\u00e4ngst keine Einbahnstra\u00dfe mehr ist. Wir leben in stetiger Wechselwirkung. Und die beeinflusst uns und unser Verhalten vermutlich mehr, als vielen bewusst ist.<\/p>\n<h3 class=\"p1\"><b>Die KI fordert auf, das Publikum reagiert<\/b><\/h3>\n<p class=\"p1\"><a href=\"https:\/\/www.memo-media.de\/blog\/wp-content\/uploads\/2026\/03\/sanostra_ki-show_bild006.jpg\"><img decoding=\"async\" loading=\"lazy\" class=\"size-medium wp-image-18542 alignleft\" src=\"https:\/\/www.memo-media.de\/blog\/wp-content\/uploads\/2026\/03\/sanostra_ki-show_bild006-300x187.jpg\" alt=\"\" width=\"300\" height=\"187\" srcset=\"https:\/\/www.memo-media.de\/blog\/wp-content\/uploads\/2026\/03\/sanostra_ki-show_bild006-300x187.jpg 300w, https:\/\/www.memo-media.de\/blog\/wp-content\/uploads\/2026\/03\/sanostra_ki-show_bild006-1024x639.jpg 1024w, https:\/\/www.memo-media.de\/blog\/wp-content\/uploads\/2026\/03\/sanostra_ki-show_bild006-768x479.jpg 768w, https:\/\/www.memo-media.de\/blog\/wp-content\/uploads\/2026\/03\/sanostra_ki-show_bild006-1536x958.jpg 1536w, https:\/\/www.memo-media.de\/blog\/wp-content\/uploads\/2026\/03\/sanostra_ki-show_bild006-335x209.jpg 335w, https:\/\/www.memo-media.de\/blog\/wp-content\/uploads\/2026\/03\/sanostra_ki-show_bild006-1050x655.jpg 1050w, https:\/\/www.memo-media.de\/blog\/wp-content\/uploads\/2026\/03\/sanostra_ki-show_bild006.jpg 1600w\" sizes=\"(max-width: 300px) 100vw, 300px\" \/><\/a>\u201eEs ist f\u00fcr uns selbst jedes Mal erstaunlich, wenn ein gesamter Saal ohne mit der Wimper zu zucken das ausf\u00fchrt, zu was ihm unsere KI auffordert. In so kurzer Zeit haben wir es in all den Jahren noch nie geschafft, ein kollektives Momentum zu erschaffen\u201c, offenbart Bj\u00f6rn. \u201eFordert hingegen ein Mensch auf der B\u00fchne das Publikum auf, ist die Reaktion viel verhaltener. Zu erleben, wie gehorsam ein ganzes Publikum ist, wenn die KI die Ansagen \u00fcbernimmt, macht mir G\u00e4nsehaut.\u201c<\/p>\n<h3 class=\"p1\"><b>Die KI-Show f\u00fcr Events schafft Identifikation<\/b><\/h3>\n<p class=\"p1\">Die Show holt das Publikum mit einem optischen Reiz ab, den es aus dem Alltag gew\u00f6hnt ist: einem Bildschirm. Alle Augen sind zun\u00e4chst auf die mediale Inszenierung der KI gerichtet und versinken in ihr. Mit einem beeindruckenden dramaturgischen Aufbau entsteht dann die Verkn\u00fcpfung zu der menschlichen Life-Performance, die schlie\u00dflich darin gipfelt, dass das Publikum involviert wird.<\/p>\n<p class=\"p1\">\u201eIn diesem Moment entsteht die Identifikation\u201c, so Bj\u00f6rn. \u201eJede und jeder im Publikum denkt, dass es auch sie oder ihn h\u00e4tte treffen k\u00f6nnen. Die Aufmerksamkeit f\u00fcr das B\u00fchnengeschehen ist dadurch sp\u00e4testens jetzt ungebrochen.\u201c<\/p>\n<h3 class=\"p1\"><b>Die Show ist auf den Anlass oder das Unternehmen anpassbar<\/b><\/h3>\n<div id=\"attachment_18543\" style=\"width: 310px\" class=\"wp-caption alignright\"><a href=\"https:\/\/www.memo-media.de\/blog\/wp-content\/uploads\/2026\/03\/sanostra_ki-show_bild004.jpg\"><img aria-describedby=\"caption-attachment-18543\" decoding=\"async\" loading=\"lazy\" class=\"wp-image-18543 size-medium\" src=\"https:\/\/www.memo-media.de\/blog\/wp-content\/uploads\/2026\/03\/sanostra_ki-show_bild004-300x187.jpg\" alt=\"B\u00fchnenshow f\u00fcr Events\" width=\"300\" height=\"187\" srcset=\"https:\/\/www.memo-media.de\/blog\/wp-content\/uploads\/2026\/03\/sanostra_ki-show_bild004-300x187.jpg 300w, https:\/\/www.memo-media.de\/blog\/wp-content\/uploads\/2026\/03\/sanostra_ki-show_bild004-1024x639.jpg 1024w, https:\/\/www.memo-media.de\/blog\/wp-content\/uploads\/2026\/03\/sanostra_ki-show_bild004-768x479.jpg 768w, https:\/\/www.memo-media.de\/blog\/wp-content\/uploads\/2026\/03\/sanostra_ki-show_bild004-1536x958.jpg 1536w, https:\/\/www.memo-media.de\/blog\/wp-content\/uploads\/2026\/03\/sanostra_ki-show_bild004-335x209.jpg 335w, https:\/\/www.memo-media.de\/blog\/wp-content\/uploads\/2026\/03\/sanostra_ki-show_bild004-1050x655.jpg 1050w, https:\/\/www.memo-media.de\/blog\/wp-content\/uploads\/2026\/03\/sanostra_ki-show_bild004.jpg 1600w\" sizes=\"(max-width: 300px) 100vw, 300px\" \/><\/a><p id=\"caption-attachment-18543\" class=\"wp-caption-text\">Die KI-Show ist individuell f\u00fcr Unternehmen umsetzbar.<\/p><\/div>\n<p class=\"p1\">Und Sanostra wei\u00df diesen Effekt noch um ein Vielfaches zu steigern: \u201eUnsere <a href=\"https:\/\/www.sanostra.de\/die-ki-show\">KI-Show f\u00fcr Events<\/a> ist individuell auf jedes Unternehmen und jede Zielgruppe anpassbar \u2013 von der Stimme der KI \u00fcber den Inhalt und ihre Wortwahl bis hin zu den Act-Einlagen auf der B\u00fchne.\u201c<\/p>\n<p class=\"p1\">Das macht die Show nicht nur f\u00fcr Firmenfeiern, Jubil\u00e4en oder Kick-off-Veranstaltungen attraktiv, sondern auch f\u00fcr KI-Thementage, die immer wichtiger werden. \u201eDie Show ist so flexibel gestaltbar, dass sie nicht nur als Opening, sondern auch f\u00fcr Zwischenmomente oder Pausen eingesetzt werden kann\u201c, sagt Bj\u00f6rn. \u201eUnd sie entwickelt sich stetig weiter. Genau wie die KI selbst \u2013 theoretisch bis ins Unendliche.\u201c<\/p>\n<p class=\"p1\">Diese Unendlichkeit spiegelt auch das Symbol wieder, das Sanostra zur Visualisierung der KI gew\u00e4hlt hat: den Kreis. Und er steht nicht nur f\u00fcr Unendlichkeit, sondern auch f\u00fcr das, was jede und jeder bei dieser Show im Saal zu sp\u00fcren bekommt: Alles ist mit allem verbunden.<\/p>\n","protected":false},"excerpt":{"rendered":"<p>Was, wenn sich die Situation umkehrt? Wenn dir bewusst wird, dass nicht mehr du die Befehle gibst, sondern die KI?&#8230;<\/p>\n","protected":false},"author":21,"featured_media":18538,"comment_status":"closed","ping_status":"open","sticky":false,"template":"","format":"standard","meta":[],"categories":[4,10],"tags":[1201,1610,3302,1611,587],"yoast_head":"<!-- This site is optimized with the Yoast SEO Premium plugin v20.5 (Yoast SEO v20.5) - https:\/\/yoast.com\/wordpress\/plugins\/seo\/ -->\n<title>KI-Show f\u00fcr Events: Wenn alles mit allem verbunden ist<\/title>\n<meta name=\"description\" content=\"Erfahre alles \u00fcber die neue KI-Show f\u00fcr Events von Sanostra. F\u00fcr Firmenfeiern, Jubil\u00e4en, Kick-off-Veranstaltungen oder KI-Thementage.\" \/>\n<meta name=\"robots\" content=\"index, follow, max-snippet:-1, max-image-preview:large, max-video-preview:-1\" \/>\n<link rel=\"canonical\" href=\"https:\/\/www.memo-media.de\/blog\/ki-show-fuer-events-wenn-alles-mit-allem-verbunden-ist\/\" \/>\n<meta property=\"og:locale\" content=\"de_DE\" \/>\n<meta property=\"og:type\" content=\"article\" \/>\n<meta property=\"og:title\" content=\"KI-Show f\u00fcr Events: Wenn alles mit allem verbunden ist\" \/>\n<meta property=\"og:description\" content=\"Erfahre alles \u00fcber die neue KI-Show f\u00fcr Events von Sanostra. F\u00fcr Firmenfeiern, Jubil\u00e4en, Kick-off-Veranstaltungen oder KI-Thementage.\" \/>\n<meta property=\"og:url\" content=\"https:\/\/www.memo-media.de\/blog\/ki-show-fuer-events-wenn-alles-mit-allem-verbunden-ist\/\" \/>\n<meta property=\"og:site_name\" content=\"memo-media Blog f\u00fcr die Eventplanung\" \/>\n<meta property=\"article:published_time\" content=\"2026-03-11T12:39:02+00:00\" \/>\n<meta property=\"article:modified_time\" content=\"2026-03-11T12:41:15+00:00\" \/>\n<meta property=\"og:image\" content=\"https:\/\/www.memo-media.de\/blog\/wp-content\/uploads\/2026\/03\/sanostra_ki-show_bild001.jpeg\" \/>\n\t<meta property=\"og:image:width\" content=\"1050\" \/>\n\t<meta property=\"og:image:height\" content=\"804\" \/>\n\t<meta property=\"og:image:type\" content=\"image\/jpeg\" \/>\n<meta name=\"author\" content=\"Tabea Lettau\" \/>\n<meta name=\"twitter:label1\" content=\"Verfasst von\" \/>\n\t<meta name=\"twitter:data1\" content=\"Tabea Lettau\" \/>\n\t<meta name=\"twitter:label2\" content=\"Gesch\u00e4tzte Lesezeit\" \/>\n\t<meta name=\"twitter:data2\" content=\"6\u00a0Minuten\" \/>\n<script type=\"application\/ld+json\" class=\"yoast-schema-graph\">{\"@context\":\"https:\/\/schema.org\",\"@graph\":[{\"@type\":\"WebPage\",\"@id\":\"https:\/\/www.memo-media.de\/blog\/ki-show-fuer-events-wenn-alles-mit-allem-verbunden-ist\/\",\"url\":\"https:\/\/www.memo-media.de\/blog\/ki-show-fuer-events-wenn-alles-mit-allem-verbunden-ist\/\",\"name\":\"KI-Show f\u00fcr Events: Wenn alles mit allem verbunden ist\",\"isPartOf\":{\"@id\":\"https:\/\/www.memo-media.de\/blog\/#website\"},\"datePublished\":\"2026-03-11T12:39:02+00:00\",\"dateModified\":\"2026-03-11T12:41:15+00:00\",\"author\":{\"@id\":\"https:\/\/www.memo-media.de\/blog\/#\/schema\/person\/b2be3eb5c595160c885d721d60aba2b3\"},\"description\":\"Erfahre alles \u00fcber die neue KI-Show f\u00fcr Events von Sanostra. F\u00fcr Firmenfeiern, Jubil\u00e4en, Kick-off-Veranstaltungen oder KI-Thementage.\",\"breadcrumb\":{\"@id\":\"https:\/\/www.memo-media.de\/blog\/ki-show-fuer-events-wenn-alles-mit-allem-verbunden-ist\/#breadcrumb\"},\"inLanguage\":\"de\",\"potentialAction\":[{\"@type\":\"ReadAction\",\"target\":[\"https:\/\/www.memo-media.de\/blog\/ki-show-fuer-events-wenn-alles-mit-allem-verbunden-ist\/\"]}]},{\"@type\":\"BreadcrumbList\",\"@id\":\"https:\/\/www.memo-media.de\/blog\/ki-show-fuer-events-wenn-alles-mit-allem-verbunden-ist\/#breadcrumb\",\"itemListElement\":[{\"@type\":\"ListItem\",\"position\":1,\"name\":\"Home\",\"item\":\"https:\/\/www.memo-media.de\/blog\/\"},{\"@type\":\"ListItem\",\"position\":2,\"name\":\"KI-Show f\u00fcr Events: Wenn alles mit allem verbunden ist\"}]},{\"@type\":\"WebSite\",\"@id\":\"https:\/\/www.memo-media.de\/blog\/#website\",\"url\":\"https:\/\/www.memo-media.de\/blog\/\",\"name\":\"memo-media Blog f\u00fcr die Eventplanung\",\"description\":\"News und Facts aus der Eventbranche f\u00fcr die Eventbranche\",\"potentialAction\":[{\"@type\":\"SearchAction\",\"target\":{\"@type\":\"EntryPoint\",\"urlTemplate\":\"https:\/\/www.memo-media.de\/blog\/?s={search_term_string}\"},\"query-input\":\"required name=search_term_string\"}],\"inLanguage\":\"de\"},{\"@type\":\"Person\",\"@id\":\"https:\/\/www.memo-media.de\/blog\/#\/schema\/person\/b2be3eb5c595160c885d721d60aba2b3\",\"name\":\"Tabea Lettau\",\"image\":{\"@type\":\"ImageObject\",\"inLanguage\":\"de\",\"@id\":\"https:\/\/www.memo-media.de\/blog\/#\/schema\/person\/image\/\",\"url\":\"https:\/\/www.memo-media.de\/blog\/wp-content\/uploads\/2024\/02\/tabea_lettau_redakteurin_memo-media-150x150.jpg\",\"contentUrl\":\"https:\/\/www.memo-media.de\/blog\/wp-content\/uploads\/2024\/02\/tabea_lettau_redakteurin_memo-media-150x150.jpg\",\"caption\":\"Tabea Lettau\"},\"description\":\"Tabea Lettau hat an der Universit\u00e4t Siegen Kommunikations- und Wirtschaftswissenschaften studiert. Bereits w\u00e4hrend ihres Studiums machte sie sich als Redakteurin und Content-Managerin selbstst\u00e4ndig. Seit 2015 ist sie als Freiberuflerin Teil des memo-media-Teams und schreibt u. a. f\u00fcr den Blog, das Magazin showcases und den monatlichen memoLetter. Die inspirierenden Geschichten und Visionen der Menschen in der Eventbranche zu erfahren, erf\u00fcllt sie daran ganz besonders. Neben ihrer freiberuflichen T\u00e4tigkeit realisiert sie auch eigene Online-Projekte und hat zwei B\u00fccher geschrieben.\",\"url\":\"https:\/\/www.memo-media.de\/blog\/author\/tabea-lettau\/\"}]}<\/script>\n<!-- \/ Yoast SEO Premium plugin. -->","yoast_head_json":{"title":"KI-Show f\u00fcr Events: Wenn alles mit allem verbunden ist","description":"Erfahre alles \u00fcber die neue KI-Show f\u00fcr Events von Sanostra. F\u00fcr Firmenfeiern, Jubil\u00e4en, Kick-off-Veranstaltungen oder KI-Thementage.","robots":{"index":"index","follow":"follow","max-snippet":"max-snippet:-1","max-image-preview":"max-image-preview:large","max-video-preview":"max-video-preview:-1"},"canonical":"https:\/\/www.memo-media.de\/blog\/ki-show-fuer-events-wenn-alles-mit-allem-verbunden-ist\/","og_locale":"de_DE","og_type":"article","og_title":"KI-Show f\u00fcr Events: Wenn alles mit allem verbunden ist","og_description":"Erfahre alles \u00fcber die neue KI-Show f\u00fcr Events von Sanostra. F\u00fcr Firmenfeiern, Jubil\u00e4en, Kick-off-Veranstaltungen oder KI-Thementage.","og_url":"https:\/\/www.memo-media.de\/blog\/ki-show-fuer-events-wenn-alles-mit-allem-verbunden-ist\/","og_site_name":"memo-media Blog f\u00fcr die Eventplanung","article_published_time":"2026-03-11T12:39:02+00:00","article_modified_time":"2026-03-11T12:41:15+00:00","og_image":[{"width":1050,"height":804,"url":"https:\/\/www.memo-media.de\/blog\/wp-content\/uploads\/2026\/03\/sanostra_ki-show_bild001.jpeg","type":"image\/jpeg"}],"author":"Tabea Lettau","twitter_misc":{"Verfasst von":"Tabea Lettau","Gesch\u00e4tzte Lesezeit":"6\u00a0Minuten"},"schema":{"@context":"https:\/\/schema.org","@graph":[{"@type":"WebPage","@id":"https:\/\/www.memo-media.de\/blog\/ki-show-fuer-events-wenn-alles-mit-allem-verbunden-ist\/","url":"https:\/\/www.memo-media.de\/blog\/ki-show-fuer-events-wenn-alles-mit-allem-verbunden-ist\/","name":"KI-Show f\u00fcr Events: Wenn alles mit allem verbunden ist","isPartOf":{"@id":"https:\/\/www.memo-media.de\/blog\/#website"},"datePublished":"2026-03-11T12:39:02+00:00","dateModified":"2026-03-11T12:41:15+00:00","author":{"@id":"https:\/\/www.memo-media.de\/blog\/#\/schema\/person\/b2be3eb5c595160c885d721d60aba2b3"},"description":"Erfahre alles \u00fcber die neue KI-Show f\u00fcr Events von Sanostra. F\u00fcr Firmenfeiern, Jubil\u00e4en, Kick-off-Veranstaltungen oder KI-Thementage.","breadcrumb":{"@id":"https:\/\/www.memo-media.de\/blog\/ki-show-fuer-events-wenn-alles-mit-allem-verbunden-ist\/#breadcrumb"},"inLanguage":"de","potentialAction":[{"@type":"ReadAction","target":["https:\/\/www.memo-media.de\/blog\/ki-show-fuer-events-wenn-alles-mit-allem-verbunden-ist\/"]}]},{"@type":"BreadcrumbList","@id":"https:\/\/www.memo-media.de\/blog\/ki-show-fuer-events-wenn-alles-mit-allem-verbunden-ist\/#breadcrumb","itemListElement":[{"@type":"ListItem","position":1,"name":"Home","item":"https:\/\/www.memo-media.de\/blog\/"},{"@type":"ListItem","position":2,"name":"KI-Show f\u00fcr Events: Wenn alles mit allem verbunden ist"}]},{"@type":"WebSite","@id":"https:\/\/www.memo-media.de\/blog\/#website","url":"https:\/\/www.memo-media.de\/blog\/","name":"memo-media Blog f\u00fcr die Eventplanung","description":"News und Facts aus der Eventbranche f\u00fcr die Eventbranche","potentialAction":[{"@type":"SearchAction","target":{"@type":"EntryPoint","urlTemplate":"https:\/\/www.memo-media.de\/blog\/?s={search_term_string}"},"query-input":"required name=search_term_string"}],"inLanguage":"de"},{"@type":"Person","@id":"https:\/\/www.memo-media.de\/blog\/#\/schema\/person\/b2be3eb5c595160c885d721d60aba2b3","name":"Tabea Lettau","image":{"@type":"ImageObject","inLanguage":"de","@id":"https:\/\/www.memo-media.de\/blog\/#\/schema\/person\/image\/","url":"https:\/\/www.memo-media.de\/blog\/wp-content\/uploads\/2024\/02\/tabea_lettau_redakteurin_memo-media-150x150.jpg","contentUrl":"https:\/\/www.memo-media.de\/blog\/wp-content\/uploads\/2024\/02\/tabea_lettau_redakteurin_memo-media-150x150.jpg","caption":"Tabea Lettau"},"description":"Tabea Lettau hat an der Universit\u00e4t Siegen Kommunikations- und Wirtschaftswissenschaften studiert. Bereits w\u00e4hrend ihres Studiums machte sie sich als Redakteurin und Content-Managerin selbstst\u00e4ndig. Seit 2015 ist sie als Freiberuflerin Teil des memo-media-Teams und schreibt u. a. f\u00fcr den Blog, das Magazin showcases und den monatlichen memoLetter. Die inspirierenden Geschichten und Visionen der Menschen in der Eventbranche zu erfahren, erf\u00fcllt sie daran ganz besonders. Neben ihrer freiberuflichen T\u00e4tigkeit realisiert sie auch eigene Online-Projekte und hat zwei B\u00fccher geschrieben.","url":"https:\/\/www.memo-media.de\/blog\/author\/tabea-lettau\/"}]}},"_links":{"self":[{"href":"https:\/\/www.memo-media.de\/blog\/wp-json\/wp\/v2\/posts\/18536"}],"collection":[{"href":"https:\/\/www.memo-media.de\/blog\/wp-json\/wp\/v2\/posts"}],"about":[{"href":"https:\/\/www.memo-media.de\/blog\/wp-json\/wp\/v2\/types\/post"}],"author":[{"embeddable":true,"href":"https:\/\/www.memo-media.de\/blog\/wp-json\/wp\/v2\/users\/21"}],"replies":[{"embeddable":true,"href":"https:\/\/www.memo-media.de\/blog\/wp-json\/wp\/v2\/comments?post=18536"}],"version-history":[{"count":7,"href":"https:\/\/www.memo-media.de\/blog\/wp-json\/wp\/v2\/posts\/18536\/revisions"}],"predecessor-version":[{"id":18549,"href":"https:\/\/www.memo-media.de\/blog\/wp-json\/wp\/v2\/posts\/18536\/revisions\/18549"}],"wp:featuredmedia":[{"embeddable":true,"href":"https:\/\/www.memo-media.de\/blog\/wp-json\/wp\/v2\/media\/18538"}],"wp:attachment":[{"href":"https:\/\/www.memo-media.de\/blog\/wp-json\/wp\/v2\/media?parent=18536"}],"wp:term":[{"taxonomy":"category","embeddable":true,"href":"https:\/\/www.memo-media.de\/blog\/wp-json\/wp\/v2\/categories?post=18536"},{"taxonomy":"post_tag","embeddable":true,"href":"https:\/\/www.memo-media.de\/blog\/wp-json\/wp\/v2\/tags?post=18536"}],"curies":[{"name":"wp","href":"https:\/\/api.w.org\/{rel}","templated":true}]}}