{"id":17568,"date":"2023-08-21T12:00:05","date_gmt":"2023-08-21T10:00:05","guid":{"rendered":"https:\/\/www.memo-media.de\/blog\/?p=17568"},"modified":"2025-02-28T14:59:23","modified_gmt":"2025-02-28T12:59:23","slug":"san-hejmo-ein-festival-fuer-alle-sinne","status":"publish","type":"post","link":"https:\/\/www.memo-media.de\/blog\/san-hejmo-ein-festival-fuer-alle-sinne\/","title":{"rendered":"San Hejmo \u2013 ein Festival f\u00fcr alle Sinne"},"content":{"rendered":"<h2 style=\"font-weight: 400;\">Komm nach Hause!<\/h2>\n<p style=\"font-weight: 400;\">Das San Hejmo-Festival steht f\u00fcr Zuhause &#8211; was das mit allen Sinnen zu tun hat und warum die Macher von [memo_eintrag kundennummer=158758]Parookaville[\/memo_eintrag] damit ein neues, v\u00f6llig anderes Konzept erstellt haben, wollte ich mir pers\u00f6nlich anschauen! Also rein ins Auto und ab nach Weeze&#8230;<\/p>\n<div id=\"attachment_17571\" style=\"width: 226px\" class=\"wp-caption alignleft\"><a href=\"https:\/\/www.memo-media.de\/blog\/wp-content\/uploads\/2024\/07\/img_2848.jpeg\"><img aria-describedby=\"caption-attachment-17571\" decoding=\"async\" loading=\"lazy\" class=\"wp-image-17571 \" src=\"https:\/\/www.memo-media.de\/blog\/wp-content\/uploads\/2024\/07\/img_2848-300x300.jpeg\" alt=\"Das San Hejmo-Festival steht f\u00fcr Zuhause.\" width=\"216\" height=\"216\" srcset=\"https:\/\/www.memo-media.de\/blog\/wp-content\/uploads\/2024\/07\/img_2848-300x300.jpeg 300w, https:\/\/www.memo-media.de\/blog\/wp-content\/uploads\/2024\/07\/img_2848-1024x1024.jpeg 1024w, https:\/\/www.memo-media.de\/blog\/wp-content\/uploads\/2024\/07\/img_2848-150x150.jpeg 150w, https:\/\/www.memo-media.de\/blog\/wp-content\/uploads\/2024\/07\/img_2848-768x768.jpeg 768w, https:\/\/www.memo-media.de\/blog\/wp-content\/uploads\/2024\/07\/img_2848-335x335.jpeg 335w, https:\/\/www.memo-media.de\/blog\/wp-content\/uploads\/2024\/07\/img_2848-1050x1050.jpeg 1050w, https:\/\/www.memo-media.de\/blog\/wp-content\/uploads\/2024\/07\/img_2848.jpeg 1080w\" sizes=\"(max-width: 216px) 100vw, 216px\" \/><\/a><p id=\"caption-attachment-17571\" class=\"wp-caption-text\">Das San Hejmo-Festival steht f\u00fcr Zuhause.<\/p><\/div>\n<p style=\"font-weight: 400;\">[memo_kategorie id=3810]Festivals[\/memo_kategorie] an sich sind immer ein Erlebnis f\u00fcr die Sinne: Laute Musik, Spezialeffekte, B\u00fchnenshows und [memo_kategorie id=2425]Feuerwerk[\/memo_kategorie] \u2013 also auf jeden Fall und immer reichlich auditive und visuelle Elemente.. Im ersten Gedanken habe ich das auch vom San Hejmo-Festival erwartet. Doch es bietet noch so viel mehr! Zun\u00e4chst wirkt es auf dem Festivalgel\u00e4nde am Flughafen in Weeze wie auf vielen anderen Festivals in Deutschland. Doch relativ schnell bemerkt man viele Dinge, die viele auch in ihren eigenen vier W\u00e4nden wiederfinden.<\/p>\n<p><a href=\"https:\/\/www.memo-media.de\/blog\/wp-content\/uploads\/2024\/07\/img_2847.jpeg\"><img decoding=\"async\" loading=\"lazy\" class=\" wp-image-17573 alignright\" src=\"https:\/\/www.memo-media.de\/blog\/wp-content\/uploads\/2024\/07\/img_2847-240x300.jpeg\" alt=\"\" width=\"211\" height=\"264\" srcset=\"https:\/\/www.memo-media.de\/blog\/wp-content\/uploads\/2024\/07\/img_2847-240x300.jpeg 240w, https:\/\/www.memo-media.de\/blog\/wp-content\/uploads\/2024\/07\/img_2847-819x1024.jpeg 819w, https:\/\/www.memo-media.de\/blog\/wp-content\/uploads\/2024\/07\/img_2847-768x960.jpeg 768w, https:\/\/www.memo-media.de\/blog\/wp-content\/uploads\/2024\/07\/img_2847-335x419.jpeg 335w, https:\/\/www.memo-media.de\/blog\/wp-content\/uploads\/2024\/07\/img_2847-1050x1313.jpeg 1050w, https:\/\/www.memo-media.de\/blog\/wp-content\/uploads\/2024\/07\/img_2847.jpeg 1080w\" sizes=\"(max-width: 211px) 100vw, 211px\" \/><\/a><\/p>\n<p style=\"font-weight: 400;\">Das wohl wichtigste bzw. auff\u00e4lligste Element ist nat\u00fcrlich die Musik. Mehrere [memo_kategorie id=3404]B\u00fchnen[\/memo_kategorie] spielen Musik ganz verschiedener Genres. Es ist quasi wie das heimische Radio. Den Sender kann ich ganz nach Geschmack wechseln und schauen, welche Musikrichtung mir grade am besten zusagt. Auf einer gro\u00dfen Doppelb\u00fchne spielen hier Acts wie Apache, die Fantastischen Vier, Cro und viele, viele mehr. Aber es gibt auch viele weitere B\u00fchnen in der direkten Umgebung. Alles, was den Ohren so gef\u00e4llt.<\/p>\n<p style=\"font-weight: 400;\">Nach den Ohren ist der Geschmack ein weiterer Sinn, der beim San Hejmo-Festival nicht zu kurz kommt. Denn das Essens-Konzept wird hier mit einem gro\u00dfen Streetfood-Festival gel\u00f6st. An einer Vielzahl von [memo_kategorie id=66]Foodtrucks[\/memo_kategorie] kann hier jeder Appetit gestillt werden. Es ist also wie die K\u00fcche im eigenen Zuhause \u2013 man isst das, worauf man Lust hat!<\/p>\n<div id=\"attachment_17572\" style=\"width: 187px\" class=\"wp-caption alignleft\"><a href=\"https:\/\/www.memo-media.de\/blog\/wp-content\/uploads\/2024\/07\/img_2846.jpeg\"><img aria-describedby=\"caption-attachment-17572\" decoding=\"async\" loading=\"lazy\" class=\"wp-image-17572\" src=\"https:\/\/www.memo-media.de\/blog\/wp-content\/uploads\/2024\/07\/img_2846-240x300.jpeg\" alt=\"K\u00fcnstler gestalten Gem\u00e4lde, die in das Festival-Gel\u00e4nde integriert werden.\" width=\"177\" height=\"221\" srcset=\"https:\/\/www.memo-media.de\/blog\/wp-content\/uploads\/2024\/07\/img_2846-240x300.jpeg 240w, https:\/\/www.memo-media.de\/blog\/wp-content\/uploads\/2024\/07\/img_2846-819x1024.jpeg 819w, https:\/\/www.memo-media.de\/blog\/wp-content\/uploads\/2024\/07\/img_2846-768x960.jpeg 768w, https:\/\/www.memo-media.de\/blog\/wp-content\/uploads\/2024\/07\/img_2846-335x419.jpeg 335w, https:\/\/www.memo-media.de\/blog\/wp-content\/uploads\/2024\/07\/img_2846-1050x1313.jpeg 1050w, https:\/\/www.memo-media.de\/blog\/wp-content\/uploads\/2024\/07\/img_2846.jpeg 1080w\" sizes=\"(max-width: 177px) 100vw, 177px\" \/><\/a><p id=\"caption-attachment-17572\" class=\"wp-caption-text\">K\u00fcnstler gestalten Gem\u00e4lde, die in das Festival-Gel\u00e4nde integriert werden.<\/p><\/div>\n<p style=\"font-weight: 400;\">Um sich aber wirklich wohl zu f\u00fchlen, muss man es auch richtig sch\u00f6n haben. Und da kommt beim San Hejmo-Festival etwas Einzigartiges ins Spiel: Weltweit bekannte K\u00fcnstler gestalten Wochen im Voraus riesige Gem\u00e4lde, die dann in das Festival-Gel\u00e4nde integriert werden. Ob Graffiti, Murals, Paintings oder Installationen \u2013 Kunst findet man hier an jeder Ecke. Es ist, als h\u00e4tte man zu Hause Bilder an die nackten W\u00e4nde gehangen.<\/p>\n<p style=\"font-weight: 400;\">Insgesamt haben die Parookaville-Macher wieder einmal gezeigt, dass Festivals mehr als nur [memo_kategorie id=1814]Musik[\/memo_kategorie] sind. Und man muss sagen: San Hejmo ist mehr als nur ein Festival, es ist ein Zuhause. Zum Wohlf\u00fchlen, zum Genie\u00dfen und individuell gestaltbar. Ein tolles Konzept, sogar ein einzigartiges Konzept, und auch hoffentlich ein Vorreiter in Sachen Kreativit\u00e4t.<\/p>\n<p style=\"font-weight: 400;\">Ich f\u00fchle mich hier sehr wohl und setze mich jetzt gedanklich auf die Couch, um der Musik zu lauschen und das Ambiente zu genie\u00dfen. Wir sehen uns n\u00e4chstes Jahr \u2013 zu Hause!<\/p>\n","protected":false},"excerpt":{"rendered":"<p>Komm nach Hause! Das San Hejmo-Festival steht f\u00fcr Zuhause &#8211; was das mit allen Sinnen zu tun hat und warum&#8230;<\/p>\n","protected":false},"author":42,"featured_media":17575,"comment_status":"closed","ping_status":"open","sticky":false,"template":"","format":"standard","meta":[],"categories":[42,4],"tags":[39,512,313,3115,2759],"yoast_head":"<!-- This site is optimized with the Yoast SEO Premium plugin v20.5 (Yoast SEO v20.5) - https:\/\/yoast.com\/wordpress\/plugins\/seo\/ -->\n<title>San Hejmo \u2013 ein Festival f\u00fcr alle Sinne<\/title>\n<meta name=\"description\" content=\"Das San Hejmo-Festival, wo Musik, Streetfood und Kunst verschmelzen und ein Zuhause-Gef\u00fchl schaffen. Ein einzigartiges Konzept.\" \/>\n<meta name=\"robots\" content=\"index, follow, max-snippet:-1, max-image-preview:large, max-video-preview:-1\" \/>\n<link rel=\"canonical\" href=\"https:\/\/www.memo-media.de\/blog\/san-hejmo-ein-festival-fuer-alle-sinne\/\" \/>\n<meta property=\"og:locale\" content=\"de_DE\" \/>\n<meta property=\"og:type\" content=\"article\" \/>\n<meta property=\"og:title\" content=\"San Hejmo \u2013 ein Festival f\u00fcr alle Sinne\" \/>\n<meta property=\"og:description\" content=\"Das San Hejmo-Festival, wo Musik, Streetfood und Kunst verschmelzen und ein Zuhause-Gef\u00fchl schaffen. Ein einzigartiges Konzept.\" \/>\n<meta property=\"og:url\" content=\"https:\/\/www.memo-media.de\/blog\/san-hejmo-ein-festival-fuer-alle-sinne\/\" \/>\n<meta property=\"og:site_name\" content=\"memo-media Blog f\u00fcr die Eventplanung\" \/>\n<meta property=\"article:published_time\" content=\"2023-08-21T10:00:05+00:00\" \/>\n<meta property=\"article:modified_time\" content=\"2025-02-28T12:59:23+00:00\" \/>\n<meta property=\"og:image\" content=\"https:\/\/www.memo-media.de\/blog\/wp-content\/uploads\/2024\/07\/img_2845.jpeg\" \/>\n\t<meta property=\"og:image:width\" content=\"918\" \/>\n\t<meta property=\"og:image:height\" content=\"516\" \/>\n\t<meta property=\"og:image:type\" content=\"image\/jpeg\" \/>\n<meta name=\"author\" content=\"Robin Henze\" \/>\n<meta name=\"twitter:label1\" content=\"Verfasst von\" \/>\n\t<meta name=\"twitter:data1\" content=\"Robin Henze\" \/>\n\t<meta name=\"twitter:label2\" content=\"Gesch\u00e4tzte Lesezeit\" \/>\n\t<meta name=\"twitter:data2\" content=\"3\u00a0Minuten\" \/>\n<script type=\"application\/ld+json\" class=\"yoast-schema-graph\">{\"@context\":\"https:\/\/schema.org\",\"@graph\":[{\"@type\":\"WebPage\",\"@id\":\"https:\/\/www.memo-media.de\/blog\/san-hejmo-ein-festival-fuer-alle-sinne\/\",\"url\":\"https:\/\/www.memo-media.de\/blog\/san-hejmo-ein-festival-fuer-alle-sinne\/\",\"name\":\"San Hejmo \u2013 ein Festival f\u00fcr alle Sinne\",\"isPartOf\":{\"@id\":\"https:\/\/www.memo-media.de\/blog\/#website\"},\"datePublished\":\"2023-08-21T10:00:05+00:00\",\"dateModified\":\"2025-02-28T12:59:23+00:00\",\"author\":{\"@id\":\"https:\/\/www.memo-media.de\/blog\/#\/schema\/person\/2b1b01123db5903d646ff5aa7cbe4dd2\"},\"description\":\"Das San Hejmo-Festival, wo Musik, Streetfood und Kunst verschmelzen und ein Zuhause-Gef\u00fchl schaffen. Ein einzigartiges Konzept.\",\"breadcrumb\":{\"@id\":\"https:\/\/www.memo-media.de\/blog\/san-hejmo-ein-festival-fuer-alle-sinne\/#breadcrumb\"},\"inLanguage\":\"de\",\"potentialAction\":[{\"@type\":\"ReadAction\",\"target\":[\"https:\/\/www.memo-media.de\/blog\/san-hejmo-ein-festival-fuer-alle-sinne\/\"]}]},{\"@type\":\"BreadcrumbList\",\"@id\":\"https:\/\/www.memo-media.de\/blog\/san-hejmo-ein-festival-fuer-alle-sinne\/#breadcrumb\",\"itemListElement\":[{\"@type\":\"ListItem\",\"position\":1,\"name\":\"Home\",\"item\":\"https:\/\/www.memo-media.de\/blog\/\"},{\"@type\":\"ListItem\",\"position\":2,\"name\":\"San Hejmo \u2013 ein Festival f\u00fcr alle Sinne\"}]},{\"@type\":\"WebSite\",\"@id\":\"https:\/\/www.memo-media.de\/blog\/#website\",\"url\":\"https:\/\/www.memo-media.de\/blog\/\",\"name\":\"memo-media Blog f\u00fcr die Eventplanung\",\"description\":\"News und Facts aus der Eventbranche f\u00fcr die Eventbranche\",\"potentialAction\":[{\"@type\":\"SearchAction\",\"target\":{\"@type\":\"EntryPoint\",\"urlTemplate\":\"https:\/\/www.memo-media.de\/blog\/?s={search_term_string}\"},\"query-input\":\"required name=search_term_string\"}],\"inLanguage\":\"de\"},{\"@type\":\"Person\",\"@id\":\"https:\/\/www.memo-media.de\/blog\/#\/schema\/person\/2b1b01123db5903d646ff5aa7cbe4dd2\",\"name\":\"Robin Henze\",\"image\":{\"@type\":\"ImageObject\",\"inLanguage\":\"de\",\"@id\":\"https:\/\/www.memo-media.de\/blog\/#\/schema\/person\/image\/\",\"url\":\"https:\/\/www.memo-media.de\/blog\/wp-content\/uploads\/2020\/04\/robin_h_foto_quadrat-150x150.jpg\",\"contentUrl\":\"https:\/\/www.memo-media.de\/blog\/wp-content\/uploads\/2020\/04\/robin_h_foto_quadrat-150x150.jpg\",\"caption\":\"Robin Henze\"},\"description\":\"Robin Henze ist bereits seit 2014 bei memo-media und im Verlag haupts\u00e4chlich f\u00fcr den Vertrieb zust\u00e4ndig. Als gepr\u00fcfter Social Media Manager betreut er zudem die Social Media Plattformen von memo-media. St\u00e4ndig unterwegs f\u00fcr memo-media hat er seine Augen und Ohren \u00fcberall und berichtet \u00fcber verschiedene Events und Festivals.\",\"url\":\"https:\/\/www.memo-media.de\/blog\/author\/robin-henze\/\"}]}<\/script>\n<!-- \/ Yoast SEO Premium plugin. -->","yoast_head_json":{"title":"San Hejmo \u2013 ein Festival f\u00fcr alle Sinne","description":"Das San Hejmo-Festival, wo Musik, Streetfood und Kunst verschmelzen und ein Zuhause-Gef\u00fchl schaffen. Ein einzigartiges Konzept.","robots":{"index":"index","follow":"follow","max-snippet":"max-snippet:-1","max-image-preview":"max-image-preview:large","max-video-preview":"max-video-preview:-1"},"canonical":"https:\/\/www.memo-media.de\/blog\/san-hejmo-ein-festival-fuer-alle-sinne\/","og_locale":"de_DE","og_type":"article","og_title":"San Hejmo \u2013 ein Festival f\u00fcr alle Sinne","og_description":"Das San Hejmo-Festival, wo Musik, Streetfood und Kunst verschmelzen und ein Zuhause-Gef\u00fchl schaffen. Ein einzigartiges Konzept.","og_url":"https:\/\/www.memo-media.de\/blog\/san-hejmo-ein-festival-fuer-alle-sinne\/","og_site_name":"memo-media Blog f\u00fcr die Eventplanung","article_published_time":"2023-08-21T10:00:05+00:00","article_modified_time":"2025-02-28T12:59:23+00:00","og_image":[{"width":918,"height":516,"url":"https:\/\/www.memo-media.de\/blog\/wp-content\/uploads\/2024\/07\/img_2845.jpeg","type":"image\/jpeg"}],"author":"Robin Henze","twitter_misc":{"Verfasst von":"Robin Henze","Gesch\u00e4tzte Lesezeit":"3\u00a0Minuten"},"schema":{"@context":"https:\/\/schema.org","@graph":[{"@type":"WebPage","@id":"https:\/\/www.memo-media.de\/blog\/san-hejmo-ein-festival-fuer-alle-sinne\/","url":"https:\/\/www.memo-media.de\/blog\/san-hejmo-ein-festival-fuer-alle-sinne\/","name":"San Hejmo \u2013 ein Festival f\u00fcr alle Sinne","isPartOf":{"@id":"https:\/\/www.memo-media.de\/blog\/#website"},"datePublished":"2023-08-21T10:00:05+00:00","dateModified":"2025-02-28T12:59:23+00:00","author":{"@id":"https:\/\/www.memo-media.de\/blog\/#\/schema\/person\/2b1b01123db5903d646ff5aa7cbe4dd2"},"description":"Das San Hejmo-Festival, wo Musik, Streetfood und Kunst verschmelzen und ein Zuhause-Gef\u00fchl schaffen. Ein einzigartiges Konzept.","breadcrumb":{"@id":"https:\/\/www.memo-media.de\/blog\/san-hejmo-ein-festival-fuer-alle-sinne\/#breadcrumb"},"inLanguage":"de","potentialAction":[{"@type":"ReadAction","target":["https:\/\/www.memo-media.de\/blog\/san-hejmo-ein-festival-fuer-alle-sinne\/"]}]},{"@type":"BreadcrumbList","@id":"https:\/\/www.memo-media.de\/blog\/san-hejmo-ein-festival-fuer-alle-sinne\/#breadcrumb","itemListElement":[{"@type":"ListItem","position":1,"name":"Home","item":"https:\/\/www.memo-media.de\/blog\/"},{"@type":"ListItem","position":2,"name":"San Hejmo \u2013 ein Festival f\u00fcr alle Sinne"}]},{"@type":"WebSite","@id":"https:\/\/www.memo-media.de\/blog\/#website","url":"https:\/\/www.memo-media.de\/blog\/","name":"memo-media Blog f\u00fcr die Eventplanung","description":"News und Facts aus der Eventbranche f\u00fcr die Eventbranche","potentialAction":[{"@type":"SearchAction","target":{"@type":"EntryPoint","urlTemplate":"https:\/\/www.memo-media.de\/blog\/?s={search_term_string}"},"query-input":"required name=search_term_string"}],"inLanguage":"de"},{"@type":"Person","@id":"https:\/\/www.memo-media.de\/blog\/#\/schema\/person\/2b1b01123db5903d646ff5aa7cbe4dd2","name":"Robin Henze","image":{"@type":"ImageObject","inLanguage":"de","@id":"https:\/\/www.memo-media.de\/blog\/#\/schema\/person\/image\/","url":"https:\/\/www.memo-media.de\/blog\/wp-content\/uploads\/2020\/04\/robin_h_foto_quadrat-150x150.jpg","contentUrl":"https:\/\/www.memo-media.de\/blog\/wp-content\/uploads\/2020\/04\/robin_h_foto_quadrat-150x150.jpg","caption":"Robin Henze"},"description":"Robin Henze ist bereits seit 2014 bei memo-media und im Verlag haupts\u00e4chlich f\u00fcr den Vertrieb zust\u00e4ndig. Als gepr\u00fcfter Social Media Manager betreut er zudem die Social Media Plattformen von memo-media. St\u00e4ndig unterwegs f\u00fcr memo-media hat er seine Augen und Ohren \u00fcberall und berichtet \u00fcber verschiedene Events und Festivals.","url":"https:\/\/www.memo-media.de\/blog\/author\/robin-henze\/"}]}},"_links":{"self":[{"href":"https:\/\/www.memo-media.de\/blog\/wp-json\/wp\/v2\/posts\/17568"}],"collection":[{"href":"https:\/\/www.memo-media.de\/blog\/wp-json\/wp\/v2\/posts"}],"about":[{"href":"https:\/\/www.memo-media.de\/blog\/wp-json\/wp\/v2\/types\/post"}],"author":[{"embeddable":true,"href":"https:\/\/www.memo-media.de\/blog\/wp-json\/wp\/v2\/users\/42"}],"replies":[{"embeddable":true,"href":"https:\/\/www.memo-media.de\/blog\/wp-json\/wp\/v2\/comments?post=17568"}],"version-history":[{"count":15,"href":"https:\/\/www.memo-media.de\/blog\/wp-json\/wp\/v2\/posts\/17568\/revisions"}],"predecessor-version":[{"id":18073,"href":"https:\/\/www.memo-media.de\/blog\/wp-json\/wp\/v2\/posts\/17568\/revisions\/18073"}],"wp:featuredmedia":[{"embeddable":true,"href":"https:\/\/www.memo-media.de\/blog\/wp-json\/wp\/v2\/media\/17575"}],"wp:attachment":[{"href":"https:\/\/www.memo-media.de\/blog\/wp-json\/wp\/v2\/media?parent=17568"}],"wp:term":[{"taxonomy":"category","embeddable":true,"href":"https:\/\/www.memo-media.de\/blog\/wp-json\/wp\/v2\/categories?post=17568"},{"taxonomy":"post_tag","embeddable":true,"href":"https:\/\/www.memo-media.de\/blog\/wp-json\/wp\/v2\/tags?post=17568"}],"curies":[{"name":"wp","href":"https:\/\/api.w.org\/{rel}","templated":true}]}}