{"id":17010,"date":"2024-02-02T13:00:51","date_gmt":"2024-02-02T11:00:51","guid":{"rendered":"https:\/\/www.memo-media.de\/blog\/?p=17010"},"modified":"2024-01-30T15:14:23","modified_gmt":"2024-01-30T13:14:23","slug":"arbeitsplatz-buchen-mit-buuky-intuitiv-und-kostenguenstig","status":"publish","type":"post","link":"https:\/\/www.memo-media.de\/blog\/arbeitsplatz-buchen-mit-buuky-intuitiv-und-kostenguenstig\/","title":{"rendered":"Arbeitsplatz buchen mit Buuky &#8211; intuitiv und kosteng\u00fcnstig"},"content":{"rendered":"<div id=\"attachment_17012\" style=\"width: 415px\" class=\"wp-caption alignleft\"><a href=\"https:\/\/www.memo-media.de\/blog\/wp-content\/uploads\/2024\/01\/2023-01-19-koeln-vorauswahl-jpeg-2b-scaled.jpg\"><img aria-describedby=\"caption-attachment-17012\" decoding=\"async\" loading=\"lazy\" class=\"wp-image-17012\" src=\"https:\/\/www.memo-media.de\/blog\/wp-content\/uploads\/2024\/01\/2023-01-19-koeln-vorauswahl-jpeg-2b-300x200.jpg\" alt=\"\" width=\"405\" height=\"270\" srcset=\"https:\/\/www.memo-media.de\/blog\/wp-content\/uploads\/2024\/01\/2023-01-19-koeln-vorauswahl-jpeg-2b-300x200.jpg 300w, https:\/\/www.memo-media.de\/blog\/wp-content\/uploads\/2024\/01\/2023-01-19-koeln-vorauswahl-jpeg-2b-1024x683.jpg 1024w, https:\/\/www.memo-media.de\/blog\/wp-content\/uploads\/2024\/01\/2023-01-19-koeln-vorauswahl-jpeg-2b-768x512.jpg 768w, https:\/\/www.memo-media.de\/blog\/wp-content\/uploads\/2024\/01\/2023-01-19-koeln-vorauswahl-jpeg-2b-1536x1025.jpg 1536w, https:\/\/www.memo-media.de\/blog\/wp-content\/uploads\/2024\/01\/2023-01-19-koeln-vorauswahl-jpeg-2b-2048x1366.jpg 2048w, https:\/\/www.memo-media.de\/blog\/wp-content\/uploads\/2024\/01\/2023-01-19-koeln-vorauswahl-jpeg-2b-335x223.jpg 335w, https:\/\/www.memo-media.de\/blog\/wp-content\/uploads\/2024\/01\/2023-01-19-koeln-vorauswahl-jpeg-2b-1050x700.jpg 1050w\" sizes=\"(max-width: 405px) 100vw, 405px\" \/><\/a><p id=\"caption-attachment-17012\" class=\"wp-caption-text\">Arbeitsplatz buchen mit Buuky<\/p><\/div>\n<p>Immer mehr Menschen arbeiten zeitweise mobil oder aus dem Homeoffice. Fest zugeordnete Arbeitspl\u00e4tze f\u00fcr jeden Mitarbeiter geh\u00f6ren vielerorts der Vergangenheit an. Waren B\u00fcroarbeitspl\u00e4tze vor Corona noch zu etwa 70 Prozent ausgelastet, sind es jetzt gerade noch 40 Prozent. Viele Firmen verkleinerten daraufhin bereits ihre R\u00e4umlichkeiten und arbeiten in wechselnden Teams an flexiblen Arbeitspl\u00e4tzen. Doch wie lassen sich die vorhandenen Pl\u00e4tze am besten verteilen? Wie k\u00f6nnen sich Teams in immer wieder wechselnder Zusammensetzung organisieren? Wie l\u00e4sst sich der Raumbedarf in einem Unternehmen ermitteln?<\/p>\n<h3>Nutzerfreundliche Raumbuchungs-App<\/h3>\n<p>Die Antwort darauf liefert die <a href=\"https:\/\/www.buuky.app\/\" target=\"_blank\" rel=\"noopener\">Raumbuchungs-App Buuky<\/a>, die den Umgang mit flexiblen Arbeitspl\u00e4tzen revolutioniert. Entwickelt hat sie Benjamin Klatt gemeinsam mit seinem Team. Das Team war immer wieder in Unternehmen unterwegs, bei denen sie sich \u00fcber fehleranf\u00e4llige, komplizierte Programme einbuchen mussten. \u201eDas war umst\u00e4ndlich und machte keinen Spa\u00df\u201c, erz\u00e4hlt er. Das muss doch einfacher gehen, dachten sie sich und machten sich ans Werk.<\/p>\n<p>Was herauskam, kann sich sehen lassen und ist vor allem eines: nutzerfreundlich. \u201eEs ist m\u00f6glich, sich morgens beim Z\u00e4hneputzen oder auf dem Fahrrad mit zwei Klicks seinen Arbeitsplatz zu buchen\u201c, erkl\u00e4rt der Entwickler. Teams k\u00f6nnen sich flexibel zusammen buchen.<\/p>\n<h3>Buuky ist nachhaltig und schont Ressourcen<\/h3>\n<div id=\"attachment_17013\" style=\"width: 379px\" class=\"wp-caption alignright\"><a href=\"https:\/\/www.memo-media.de\/blog\/wp-content\/uploads\/2024\/01\/buuky-mockup_ohne-kreis_neu-1024x1024-1.jpg\"><img aria-describedby=\"caption-attachment-17013\" decoding=\"async\" loading=\"lazy\" class=\"wp-image-17013\" src=\"https:\/\/www.memo-media.de\/blog\/wp-content\/uploads\/2024\/01\/buuky-mockup_ohne-kreis_neu-1024x1024-1-300x300.jpg\" alt=\"\" width=\"369\" height=\"369\" srcset=\"https:\/\/www.memo-media.de\/blog\/wp-content\/uploads\/2024\/01\/buuky-mockup_ohne-kreis_neu-1024x1024-1-300x300.jpg 300w, https:\/\/www.memo-media.de\/blog\/wp-content\/uploads\/2024\/01\/buuky-mockup_ohne-kreis_neu-1024x1024-1-150x150.jpg 150w, https:\/\/www.memo-media.de\/blog\/wp-content\/uploads\/2024\/01\/buuky-mockup_ohne-kreis_neu-1024x1024-1-768x768.jpg 768w, https:\/\/www.memo-media.de\/blog\/wp-content\/uploads\/2024\/01\/buuky-mockup_ohne-kreis_neu-1024x1024-1-335x335.jpg 335w, https:\/\/www.memo-media.de\/blog\/wp-content\/uploads\/2024\/01\/buuky-mockup_ohne-kreis_neu-1024x1024-1.jpg 1024w\" sizes=\"(max-width: 369px) 100vw, 369px\" \/><\/a><p id=\"caption-attachment-17013\" class=\"wp-caption-text\">\u201eEs ist m\u00f6glich, sich morgens beim Z\u00e4hneputzen oder auf dem Fahrrad mit zwei Klicks seinen Arbeitsplatz zu buchen\u201c<\/p><\/div>\n<p>Intuitiv und kosteng\u00fcnstig k\u00f6nnen Firmen mit Buuky ihre R\u00e4umlichkeiten und Arbeitspl\u00e4tze verwalten &#8211; mit <a href=\"https:\/\/blog.viadee.de\/%C3%BCber-50-waermeenergieeinsparung-durch-intelligente-raumsteuerung\" target=\"_blank\" rel=\"noopener\">positiven Nebeneffekten<\/a>: \u201eGeb\u00e4ude k\u00f6nnen intelligenter gesteuert werden\u201c, erkl\u00e4rt Benjamin. \u201eMan kann zum Beispiel nur die R\u00e4ume heizen, die genutzt werden. Damit lassen sich bis zu 50 Prozent der Heizkosten sparen.\u201c Auch die Reinigung erfolgt nur noch in den B\u00fcros, in denen gearbeitet wurde. Anhand der Auswertung lassen sich \u00fcber einen gewissen Zeitraum R\u00e4umlichkeiten identifizieren, die nicht gebraucht werden und beispielsweise zu Kreativr\u00e4umen umgewandelt werden k\u00f6nnen.<\/p>\n<p>Dabei ist es egal, wie gro\u00df oder klein ein Unternehmen ist oder um welche Branche es sich handelt. \u201eAuch internationale Unternehmen mit mehreren Firmensitzen nutzen Buuky\u201c, sagt Benjamin. \u201eAlles l\u00e4sst sich als Arbeitsplatz hinterlegen, auch kurzfristige Projekte: eine Eventlocation, eine Messe mit Office, Technikraum und Regie. Auch f\u00fcr die Organisation von Freelancern l\u00e4sst sich Buuky super einsetzen.\u201c<\/p>\n<h3>Mehr Zufriedenheit unter den Mitarbeitern<\/h3>\n<div id=\"attachment_17014\" style=\"width: 422px\" class=\"wp-caption alignleft\"><a href=\"https:\/\/www.memo-media.de\/blog\/wp-content\/uploads\/2024\/01\/viadee-diagramm-16-9.jpg.webp\"><img aria-describedby=\"caption-attachment-17014\" decoding=\"async\" loading=\"lazy\" class=\"wp-image-17014\" src=\"https:\/\/www.memo-media.de\/blog\/wp-content\/uploads\/2024\/01\/viadee-diagramm-16-9.jpg-300x166.webp\" alt=\"\" width=\"412\" height=\"228\" srcset=\"https:\/\/www.memo-media.de\/blog\/wp-content\/uploads\/2024\/01\/viadee-diagramm-16-9.jpg-300x166.webp 300w, https:\/\/www.memo-media.de\/blog\/wp-content\/uploads\/2024\/01\/viadee-diagramm-16-9.jpg-1024x566.webp 1024w, https:\/\/www.memo-media.de\/blog\/wp-content\/uploads\/2024\/01\/viadee-diagramm-16-9.jpg-768x424.webp 768w, https:\/\/www.memo-media.de\/blog\/wp-content\/uploads\/2024\/01\/viadee-diagramm-16-9.jpg-335x185.webp 335w, https:\/\/www.memo-media.de\/blog\/wp-content\/uploads\/2024\/01\/viadee-diagramm-16-9.jpg-1050x580.webp 1050w, https:\/\/www.memo-media.de\/blog\/wp-content\/uploads\/2024\/01\/viadee-diagramm-16-9.jpg.webp 1448w\" sizes=\"(max-width: 412px) 100vw, 412px\" \/><\/a><p id=\"caption-attachment-17014\" class=\"wp-caption-text\">Positive Nebeneffekte: R\u00e4ume k\u00f6nnen intelligent gesteuert und Kosten eingespart werden.<\/p><\/div>\n<p>Dabei ist die App bewusst einfach gehalten. \u201eUnternehmen k\u00f6nnen z. B. einen digitalen Feuerschutzplan einpflegen\u201c, erkl\u00e4rt Benjamin. Mit Pins markieren sie dann, wo ein Arbeitsplatz ist. Auch die Position von Druckern, Sanit\u00e4rr\u00e4umen, der Kaffeemaschine oder \u00e4hnlichem l\u00e4sst sich in der App festhalten, so dass sich Mitarbeiter leichter orientieren k\u00f6nnen. \u00dcber den \u201ePeople finder\u201c lassen sich auch Personen ausfindig machen.<\/p>\n<p>\u201eDie Menschen wissen, wo sie morgens hinm\u00fcssen. Und sie tun sich leichter damit, Menschen zu finden, mit denen sie zusammenarbeiten. Die Mitarbeiterzufriedenheit w\u00e4chst\u201c, fasst Benjamin den Mehrwert der App zusammen, die aufgrund der im Marktvergleich geringen Kosten auch f\u00fcr Vereine und kleinere Unternehmen attraktiv ist. Benjamin: \u201eBuuky ist f\u00fcr jeden zug\u00e4nglich. Man kann einfach anfangen und testen.\u201c<\/p>\n","protected":false},"excerpt":{"rendered":"<p>Immer mehr Menschen arbeiten zeitweise mobil oder aus dem Homeoffice. Fest zugeordnete Arbeitspl\u00e4tze f\u00fcr jeden Mitarbeiter geh\u00f6ren vielerorts der Vergangenheit&#8230;<\/p>\n","protected":false},"author":40,"featured_media":17015,"comment_status":"closed","ping_status":"open","sticky":false,"template":"","format":"standard","meta":[],"categories":[1,4,10],"tags":[3047,3045,3048,3046],"yoast_head":"<!-- This site is optimized with the Yoast SEO Premium plugin v20.5 (Yoast SEO v20.5) - https:\/\/yoast.com\/wordpress\/plugins\/seo\/ -->\n<title>Arbeitsplatz buchen mit Buuky - intuitiv und kosteng\u00fcnstig<\/title>\n<meta name=\"description\" content=\"Intuitiv und kosteng\u00fcnstig k\u00f6nnen Firmen mit Buuky ihre R\u00e4umlichkeiten und Arbeitspl\u00e4tze verwalten - mit positiven Nebeneffekten.\" \/>\n<meta name=\"robots\" content=\"index, follow, max-snippet:-1, max-image-preview:large, max-video-preview:-1\" \/>\n<link rel=\"canonical\" href=\"https:\/\/www.memo-media.de\/blog\/arbeitsplatz-buchen-mit-buuky-intuitiv-und-kostenguenstig\/\" \/>\n<meta property=\"og:locale\" content=\"de_DE\" \/>\n<meta property=\"og:type\" content=\"article\" \/>\n<meta property=\"og:title\" content=\"Arbeitsplatz buchen mit Buuky - intuitiv und kosteng\u00fcnstig\" \/>\n<meta property=\"og:description\" content=\"Intuitiv und kosteng\u00fcnstig k\u00f6nnen Firmen mit Buuky ihre R\u00e4umlichkeiten und Arbeitspl\u00e4tze verwalten - mit positiven Nebeneffekten.\" \/>\n<meta property=\"og:url\" content=\"https:\/\/www.memo-media.de\/blog\/arbeitsplatz-buchen-mit-buuky-intuitiv-und-kostenguenstig\/\" \/>\n<meta property=\"og:site_name\" content=\"memo-media Blog f\u00fcr die Eventplanung\" \/>\n<meta property=\"article:published_time\" content=\"2024-02-02T11:00:51+00:00\" \/>\n<meta property=\"article:modified_time\" content=\"2024-01-30T13:14:23+00:00\" \/>\n<meta property=\"og:image\" content=\"https:\/\/www.memo-media.de\/blog\/wp-content\/uploads\/2024\/01\/viadee-spark-organisationsentwicklung-34.jpg\" \/>\n\t<meta property=\"og:image:width\" content=\"1000\" \/>\n\t<meta property=\"og:image:height\" content=\"667\" \/>\n\t<meta property=\"og:image:type\" content=\"image\/jpeg\" \/>\n<meta name=\"author\" content=\"Sarah Schababerle\" \/>\n<meta name=\"twitter:label1\" content=\"Verfasst von\" \/>\n\t<meta name=\"twitter:data1\" content=\"Sarah Schababerle\" \/>\n\t<meta name=\"twitter:label2\" content=\"Gesch\u00e4tzte Lesezeit\" \/>\n\t<meta name=\"twitter:data2\" content=\"4\u00a0Minuten\" \/>\n<script type=\"application\/ld+json\" class=\"yoast-schema-graph\">{\"@context\":\"https:\/\/schema.org\",\"@graph\":[{\"@type\":\"WebPage\",\"@id\":\"https:\/\/www.memo-media.de\/blog\/arbeitsplatz-buchen-mit-buuky-intuitiv-und-kostenguenstig\/\",\"url\":\"https:\/\/www.memo-media.de\/blog\/arbeitsplatz-buchen-mit-buuky-intuitiv-und-kostenguenstig\/\",\"name\":\"Arbeitsplatz buchen mit Buuky - intuitiv und kosteng\u00fcnstig\",\"isPartOf\":{\"@id\":\"https:\/\/www.memo-media.de\/blog\/#website\"},\"datePublished\":\"2024-02-02T11:00:51+00:00\",\"dateModified\":\"2024-01-30T13:14:23+00:00\",\"author\":{\"@id\":\"https:\/\/www.memo-media.de\/blog\/#\/schema\/person\/f2385d4a6ef6e7318eca1fe7ef843eaf\"},\"description\":\"Intuitiv und kosteng\u00fcnstig k\u00f6nnen Firmen mit Buuky ihre R\u00e4umlichkeiten und Arbeitspl\u00e4tze verwalten - mit positiven Nebeneffekten.\",\"breadcrumb\":{\"@id\":\"https:\/\/www.memo-media.de\/blog\/arbeitsplatz-buchen-mit-buuky-intuitiv-und-kostenguenstig\/#breadcrumb\"},\"inLanguage\":\"de\",\"potentialAction\":[{\"@type\":\"ReadAction\",\"target\":[\"https:\/\/www.memo-media.de\/blog\/arbeitsplatz-buchen-mit-buuky-intuitiv-und-kostenguenstig\/\"]}]},{\"@type\":\"BreadcrumbList\",\"@id\":\"https:\/\/www.memo-media.de\/blog\/arbeitsplatz-buchen-mit-buuky-intuitiv-und-kostenguenstig\/#breadcrumb\",\"itemListElement\":[{\"@type\":\"ListItem\",\"position\":1,\"name\":\"Home\",\"item\":\"https:\/\/www.memo-media.de\/blog\/\"},{\"@type\":\"ListItem\",\"position\":2,\"name\":\"Arbeitsplatz buchen mit Buuky &#8211; intuitiv und kosteng\u00fcnstig\"}]},{\"@type\":\"WebSite\",\"@id\":\"https:\/\/www.memo-media.de\/blog\/#website\",\"url\":\"https:\/\/www.memo-media.de\/blog\/\",\"name\":\"memo-media Blog f\u00fcr die Eventplanung\",\"description\":\"News und Facts aus der Eventbranche f\u00fcr die Eventbranche\",\"potentialAction\":[{\"@type\":\"SearchAction\",\"target\":{\"@type\":\"EntryPoint\",\"urlTemplate\":\"https:\/\/www.memo-media.de\/blog\/?s={search_term_string}\"},\"query-input\":\"required name=search_term_string\"}],\"inLanguage\":\"de\"},{\"@type\":\"Person\",\"@id\":\"https:\/\/www.memo-media.de\/blog\/#\/schema\/person\/f2385d4a6ef6e7318eca1fe7ef843eaf\",\"name\":\"Sarah Schababerle\",\"image\":{\"@type\":\"ImageObject\",\"inLanguage\":\"de\",\"@id\":\"https:\/\/www.memo-media.de\/blog\/#\/schema\/person\/image\/\",\"url\":\"https:\/\/www.memo-media.de\/blog\/wp-content\/uploads\/2019\/11\/sarah-schababerle-1-150x150.jpg\",\"contentUrl\":\"https:\/\/www.memo-media.de\/blog\/wp-content\/uploads\/2019\/11\/sarah-schababerle-1-150x150.jpg\",\"caption\":\"Sarah Schababerle\"},\"description\":\"Sarah Schababerle ist freie Journalistin und schreibt f\u00fcr mehrere Tageszeitungen und Magazine \u00fcber politische und gesellschaftliche Themen. Dabei st\u00fcrzt sie sich am liebsten auf Reportagen, f\u00fcr die sie tief in Geschichten eintauchen und an jedem Wort feilen muss. Als Politikredakteurin und Crossmedia-Volont\u00e4rin arbeitete sie mehrere Jahre bei der Schw\u00e4bischen Zeitung. W\u00e4hrend des Studiums in Germanistik, Politik und Geschichte war sie vor allem in Sporthallen und auf Tartanbahnen unterwegs und schrieb f\u00fcr die S\u00fcddeutsche Zeitung und den M\u00fcnchner Merkur alles nieder, was es \u00fcber Volleyball, Ringen und Stra\u00dfenl\u00e4ufe zu berichten gab. Inzwischen setzt sie ihre sportlichen Schwerpunkte wieder auf das eigene Training f\u00fcr die perfekte Stadionrunde, trainiert Kinder in Leichtathletik oder tobt mit ihren eigenen drei Kindern durchs Haus oder die Natur.\",\"url\":\"https:\/\/www.memo-media.de\/blog\/author\/sarah-schababerle\/\"}]}<\/script>\n<!-- \/ Yoast SEO Premium plugin. -->","yoast_head_json":{"title":"Arbeitsplatz buchen mit Buuky - intuitiv und kosteng\u00fcnstig","description":"Intuitiv und kosteng\u00fcnstig k\u00f6nnen Firmen mit Buuky ihre R\u00e4umlichkeiten und Arbeitspl\u00e4tze verwalten - mit positiven Nebeneffekten.","robots":{"index":"index","follow":"follow","max-snippet":"max-snippet:-1","max-image-preview":"max-image-preview:large","max-video-preview":"max-video-preview:-1"},"canonical":"https:\/\/www.memo-media.de\/blog\/arbeitsplatz-buchen-mit-buuky-intuitiv-und-kostenguenstig\/","og_locale":"de_DE","og_type":"article","og_title":"Arbeitsplatz buchen mit Buuky - intuitiv und kosteng\u00fcnstig","og_description":"Intuitiv und kosteng\u00fcnstig k\u00f6nnen Firmen mit Buuky ihre R\u00e4umlichkeiten und Arbeitspl\u00e4tze verwalten - mit positiven Nebeneffekten.","og_url":"https:\/\/www.memo-media.de\/blog\/arbeitsplatz-buchen-mit-buuky-intuitiv-und-kostenguenstig\/","og_site_name":"memo-media Blog f\u00fcr die Eventplanung","article_published_time":"2024-02-02T11:00:51+00:00","article_modified_time":"2024-01-30T13:14:23+00:00","og_image":[{"width":1000,"height":667,"url":"https:\/\/www.memo-media.de\/blog\/wp-content\/uploads\/2024\/01\/viadee-spark-organisationsentwicklung-34.jpg","type":"image\/jpeg"}],"author":"Sarah Schababerle","twitter_misc":{"Verfasst von":"Sarah Schababerle","Gesch\u00e4tzte Lesezeit":"4\u00a0Minuten"},"schema":{"@context":"https:\/\/schema.org","@graph":[{"@type":"WebPage","@id":"https:\/\/www.memo-media.de\/blog\/arbeitsplatz-buchen-mit-buuky-intuitiv-und-kostenguenstig\/","url":"https:\/\/www.memo-media.de\/blog\/arbeitsplatz-buchen-mit-buuky-intuitiv-und-kostenguenstig\/","name":"Arbeitsplatz buchen mit Buuky - intuitiv und kosteng\u00fcnstig","isPartOf":{"@id":"https:\/\/www.memo-media.de\/blog\/#website"},"datePublished":"2024-02-02T11:00:51+00:00","dateModified":"2024-01-30T13:14:23+00:00","author":{"@id":"https:\/\/www.memo-media.de\/blog\/#\/schema\/person\/f2385d4a6ef6e7318eca1fe7ef843eaf"},"description":"Intuitiv und kosteng\u00fcnstig k\u00f6nnen Firmen mit Buuky ihre R\u00e4umlichkeiten und Arbeitspl\u00e4tze verwalten - mit positiven Nebeneffekten.","breadcrumb":{"@id":"https:\/\/www.memo-media.de\/blog\/arbeitsplatz-buchen-mit-buuky-intuitiv-und-kostenguenstig\/#breadcrumb"},"inLanguage":"de","potentialAction":[{"@type":"ReadAction","target":["https:\/\/www.memo-media.de\/blog\/arbeitsplatz-buchen-mit-buuky-intuitiv-und-kostenguenstig\/"]}]},{"@type":"BreadcrumbList","@id":"https:\/\/www.memo-media.de\/blog\/arbeitsplatz-buchen-mit-buuky-intuitiv-und-kostenguenstig\/#breadcrumb","itemListElement":[{"@type":"ListItem","position":1,"name":"Home","item":"https:\/\/www.memo-media.de\/blog\/"},{"@type":"ListItem","position":2,"name":"Arbeitsplatz buchen mit Buuky &#8211; intuitiv und kosteng\u00fcnstig"}]},{"@type":"WebSite","@id":"https:\/\/www.memo-media.de\/blog\/#website","url":"https:\/\/www.memo-media.de\/blog\/","name":"memo-media Blog f\u00fcr die Eventplanung","description":"News und Facts aus der Eventbranche f\u00fcr die Eventbranche","potentialAction":[{"@type":"SearchAction","target":{"@type":"EntryPoint","urlTemplate":"https:\/\/www.memo-media.de\/blog\/?s={search_term_string}"},"query-input":"required name=search_term_string"}],"inLanguage":"de"},{"@type":"Person","@id":"https:\/\/www.memo-media.de\/blog\/#\/schema\/person\/f2385d4a6ef6e7318eca1fe7ef843eaf","name":"Sarah Schababerle","image":{"@type":"ImageObject","inLanguage":"de","@id":"https:\/\/www.memo-media.de\/blog\/#\/schema\/person\/image\/","url":"https:\/\/www.memo-media.de\/blog\/wp-content\/uploads\/2019\/11\/sarah-schababerle-1-150x150.jpg","contentUrl":"https:\/\/www.memo-media.de\/blog\/wp-content\/uploads\/2019\/11\/sarah-schababerle-1-150x150.jpg","caption":"Sarah Schababerle"},"description":"Sarah Schababerle ist freie Journalistin und schreibt f\u00fcr mehrere Tageszeitungen und Magazine \u00fcber politische und gesellschaftliche Themen. Dabei st\u00fcrzt sie sich am liebsten auf Reportagen, f\u00fcr die sie tief in Geschichten eintauchen und an jedem Wort feilen muss. Als Politikredakteurin und Crossmedia-Volont\u00e4rin arbeitete sie mehrere Jahre bei der Schw\u00e4bischen Zeitung. W\u00e4hrend des Studiums in Germanistik, Politik und Geschichte war sie vor allem in Sporthallen und auf Tartanbahnen unterwegs und schrieb f\u00fcr die S\u00fcddeutsche Zeitung und den M\u00fcnchner Merkur alles nieder, was es \u00fcber Volleyball, Ringen und Stra\u00dfenl\u00e4ufe zu berichten gab. Inzwischen setzt sie ihre sportlichen Schwerpunkte wieder auf das eigene Training f\u00fcr die perfekte Stadionrunde, trainiert Kinder in Leichtathletik oder tobt mit ihren eigenen drei Kindern durchs Haus oder die Natur.","url":"https:\/\/www.memo-media.de\/blog\/author\/sarah-schababerle\/"}]}},"_links":{"self":[{"href":"https:\/\/www.memo-media.de\/blog\/wp-json\/wp\/v2\/posts\/17010"}],"collection":[{"href":"https:\/\/www.memo-media.de\/blog\/wp-json\/wp\/v2\/posts"}],"about":[{"href":"https:\/\/www.memo-media.de\/blog\/wp-json\/wp\/v2\/types\/post"}],"author":[{"embeddable":true,"href":"https:\/\/www.memo-media.de\/blog\/wp-json\/wp\/v2\/users\/40"}],"replies":[{"embeddable":true,"href":"https:\/\/www.memo-media.de\/blog\/wp-json\/wp\/v2\/comments?post=17010"}],"version-history":[{"count":4,"href":"https:\/\/www.memo-media.de\/blog\/wp-json\/wp\/v2\/posts\/17010\/revisions"}],"predecessor-version":[{"id":17019,"href":"https:\/\/www.memo-media.de\/blog\/wp-json\/wp\/v2\/posts\/17010\/revisions\/17019"}],"wp:featuredmedia":[{"embeddable":true,"href":"https:\/\/www.memo-media.de\/blog\/wp-json\/wp\/v2\/media\/17015"}],"wp:attachment":[{"href":"https:\/\/www.memo-media.de\/blog\/wp-json\/wp\/v2\/media?parent=17010"}],"wp:term":[{"taxonomy":"category","embeddable":true,"href":"https:\/\/www.memo-media.de\/blog\/wp-json\/wp\/v2\/categories?post=17010"},{"taxonomy":"post_tag","embeddable":true,"href":"https:\/\/www.memo-media.de\/blog\/wp-json\/wp\/v2\/tags?post=17010"}],"curies":[{"name":"wp","href":"https:\/\/api.w.org\/{rel}","templated":true}]}}