{"id":16928,"date":"2024-01-12T11:00:29","date_gmt":"2024-01-12T09:00:29","guid":{"rendered":"https:\/\/www.memo-media.de\/blog\/?p=16928"},"modified":"2024-01-08T13:30:03","modified_gmt":"2024-01-08T11:30:03","slug":"exzellenz-fuer-die-buehne-vocalmikrofon-sennheiser-md-435","status":"publish","type":"post","link":"https:\/\/www.memo-media.de\/blog\/exzellenz-fuer-die-buehne-vocalmikrofon-sennheiser-md-435\/","title":{"rendered":"Exzellenz f\u00fcr die B\u00fchne \u2014 Das Vocalmikrofon Sennheiser MD 435"},"content":{"rendered":"<div class=\"page\" title=\"Page 13\">\n<div class=\"section\">\n<div class=\"layoutArea\">\n<div class=\"column\">\n<p>Dynamische Tauchspulenmikrofone sind seit 60 Jahren, als die Bu\u0308hnen lauter wurden, aus dem Live-Betrieb nicht mehr wegzudenken. Sie sind robust. In jeder Beziehung. Legenda\u0308r ist das Shure SM 58, mit dem man sogar unbeschadet Na\u0308gel in die Wand schlagen kann. In Deutschland gibt es die Firma [memo_eintrag kundennummer=135047]Sennheiser[\/memo_eintrag], die das Tauchspulenmikro zur Perfektion entwickelt hat und eine der fu\u0308hrenden Firmen im Live-Business weltweit ist. Ebenso legenda\u0308r wie das SM 58 ist das Sennheiser MD 441, das seit 1971 die feine Speerspitze dieser Bauart, die auch fu\u0308r zarte Instrumente genutzt werden kann, bildet. Das Tauschspulenmikro ist im Prinzip ein umgekehrter [memo_kategorie id=2384]Lautsprecher[\/memo_kategorie].<\/p>\n<h3>Das Vocalmikrofon Sennheiser MD 435<\/h3>\n<div id=\"attachment_16932\" style=\"width: 423px\" class=\"wp-caption alignleft\"><a href=\"https:\/\/www.memo-media.de\/blog\/wp-content\/uploads\/2024\/01\/md_435_product_shot_cutout_lying-scaled.jpg\"><img aria-describedby=\"caption-attachment-16932\" decoding=\"async\" loading=\"lazy\" class=\"wp-image-16932 \" src=\"https:\/\/www.memo-media.de\/blog\/wp-content\/uploads\/2024\/01\/md_435_product_shot_cutout_lying-300x133.jpg\" alt=\"Das Vocalmikrofon Sennheiser MD 435\" width=\"413\" height=\"183\" srcset=\"https:\/\/www.memo-media.de\/blog\/wp-content\/uploads\/2024\/01\/md_435_product_shot_cutout_lying-300x133.jpg 300w, https:\/\/www.memo-media.de\/blog\/wp-content\/uploads\/2024\/01\/md_435_product_shot_cutout_lying-1024x455.jpg 1024w, https:\/\/www.memo-media.de\/blog\/wp-content\/uploads\/2024\/01\/md_435_product_shot_cutout_lying-768x341.jpg 768w, https:\/\/www.memo-media.de\/blog\/wp-content\/uploads\/2024\/01\/md_435_product_shot_cutout_lying-1536x683.jpg 1536w, https:\/\/www.memo-media.de\/blog\/wp-content\/uploads\/2024\/01\/md_435_product_shot_cutout_lying-2048x910.jpg 2048w, https:\/\/www.memo-media.de\/blog\/wp-content\/uploads\/2024\/01\/md_435_product_shot_cutout_lying-335x149.jpg 335w, https:\/\/www.memo-media.de\/blog\/wp-content\/uploads\/2024\/01\/md_435_product_shot_cutout_lying-1050x467.jpg 1050w\" sizes=\"(max-width: 413px) 100vw, 413px\" \/><\/a><p id=\"caption-attachment-16932\" class=\"wp-caption-text\">Das Vocalmikrofon Sennheiser MD 435<\/p><\/div>\n<p style=\"text-align: left;\">Entsprechend schwer ist die Membran, was leichte Nebengera\u0308usche unterdru\u0308ckt. Dabei hilft auch die gerichtete Charakteristik Niere beim neuen handgehaltenen Spitzenmikro MD 435. Das hei\u00dft, es ist in die Einsprechrichtung empfindlich und nach hinten unempfindlich. Es gibt au\u00dferdem die Version MD 445, deren Winkel, in dem der Schall vorne abgenommen wird, als Superniere noch enger gefasst ist. Das Nierenmikro MD 435 ist aber fu\u0308r sehr lebhafte und ungeu\u0308btere Sprecher:innen oder [memo_kategorie id=1877]Sa\u0308nger:innen[\/memo_kategorie] besser geeignet, weil man nicht so genau zielen muss.<\/p>\n<div id=\"attachment_16965\" style=\"width: 232px\" class=\"wp-caption alignright\"><a href=\"https:\/\/www.memo-media.de\/blog\/wp-content\/uploads\/2024\/01\/polar_pattern_cardioid.jpg\"><img aria-describedby=\"caption-attachment-16965\" decoding=\"async\" loading=\"lazy\" class=\" wp-image-16965\" src=\"https:\/\/www.memo-media.de\/blog\/wp-content\/uploads\/2024\/01\/polar_pattern_cardioid-300x291.jpg\" alt=\"Die Charakteristik Niere des MD 435 ist nur nach vorne empfindlich\" width=\"222\" height=\"216\" srcset=\"https:\/\/www.memo-media.de\/blog\/wp-content\/uploads\/2024\/01\/polar_pattern_cardioid-300x291.jpg 300w, https:\/\/www.memo-media.de\/blog\/wp-content\/uploads\/2024\/01\/polar_pattern_cardioid-1024x992.jpg 1024w, https:\/\/www.memo-media.de\/blog\/wp-content\/uploads\/2024\/01\/polar_pattern_cardioid-768x744.jpg 768w, https:\/\/www.memo-media.de\/blog\/wp-content\/uploads\/2024\/01\/polar_pattern_cardioid-1536x1489.jpg 1536w, https:\/\/www.memo-media.de\/blog\/wp-content\/uploads\/2024\/01\/polar_pattern_cardioid-2048x1985.jpg 2048w, https:\/\/www.memo-media.de\/blog\/wp-content\/uploads\/2024\/01\/polar_pattern_cardioid-335x325.jpg 335w, https:\/\/www.memo-media.de\/blog\/wp-content\/uploads\/2024\/01\/polar_pattern_cardioid-1050x1018.jpg 1050w\" sizes=\"(max-width: 222px) 100vw, 222px\" \/><\/a><p id=\"caption-attachment-16965\" class=\"wp-caption-text\">Die Charakteristik Niere des MD 435 ist nur nach vorne empfindlich<\/p><\/div>\n<p>Es verfu\u0308gt u\u0308ber einen Frequenzgang von 40 bis 20.000 Herz. Die Ho\u0308hen sind, wie heute u\u0308blich, im Bereich der Versta\u0308ndlichkeit angehoben. Sie sind fein aufgelo\u0308st und nuanciert. Der Nahbesprechungseffekt, der bei allen gerichteten [memo_kategorie id=3196]Mikrofonen[\/memo_kategorie] vorhanden ist, gibt beim Lippenkontakt ein wuchtiges Fundament in den Ba\u0308ssen. Die wenigen Ploppgera\u0308usche, die bei dem Mikro entstehen, sind in der Live-Praxis durch einen gezielten Einsatz eines Hochpasses beim EQ nicht mehr vorhanden. Die Kapsel, in der die Schallwandlung geschieht, ist elastisch aufgeha\u0308ngt. Es fa\u0308llt auf, dass die Handgera\u0308usche, wenn man das Mikro aus der Klammer des Statives nimmt und dann auch im reinen Handeinsatz, extrem gering sind.<\/p>\n<div class=\"page\" title=\"Page 13\">\n<div class=\"section\">\n<div class=\"layoutArea\">\n<div class=\"column\">\n<p>Das Mikro ist sehr unempfindlich gegen Feedbacks, hat aber einen Grenzschallpegel von sagenhaften 163 dB bei einer Dynamik von 146 dB. Es sollte also auch fu\u0308r Death Metal tauglich sein. Mit 350 Gramm Gewicht liegt es auch gut in zarteren Ha\u0308nden. Sennheiser Mikros sind bei Sa\u0308ngerinnen sehr beliebt: Madonna oder Helene Fischer nehmen beide die Mikros aus Wedemark in Niedersachsen. Lady Gaga hat bei der Einfu\u0308hrung von Pra\u0308sident Biden bereits u\u0308ber das MD 435 gesungen. Es geho\u0308rt wie das KSM8 von Shure zu den absoluten dynamischen Spitzenmikros.<\/p>\n<p><a href=\"https:\/\/www.memo-media.de\/blog\/wp-content\/uploads\/2024\/01\/img_3559-scaled.jpg\"><img decoding=\"async\" loading=\"lazy\" class=\" wp-image-16936 alignleft\" src=\"https:\/\/www.memo-media.de\/blog\/wp-content\/uploads\/2024\/01\/img_3559-225x300.jpg\" alt=\"\" width=\"194\" height=\"258\" srcset=\"https:\/\/www.memo-media.de\/blog\/wp-content\/uploads\/2024\/01\/img_3559-225x300.jpg 225w, https:\/\/www.memo-media.de\/blog\/wp-content\/uploads\/2024\/01\/img_3559-768x1024.jpg 768w, https:\/\/www.memo-media.de\/blog\/wp-content\/uploads\/2024\/01\/img_3559-1152x1536.jpg 1152w, https:\/\/www.memo-media.de\/blog\/wp-content\/uploads\/2024\/01\/img_3559-1536x2048.jpg 1536w, https:\/\/www.memo-media.de\/blog\/wp-content\/uploads\/2024\/01\/img_3559-335x447.jpg 335w, https:\/\/www.memo-media.de\/blog\/wp-content\/uploads\/2024\/01\/img_3559-1050x1400.jpg 1050w, https:\/\/www.memo-media.de\/blog\/wp-content\/uploads\/2024\/01\/img_3559-scaled.jpg 1920w\" sizes=\"(max-width: 194px) 100vw, 194px\" \/><\/a>Fu\u0308r [memo_kategorie id=2469]Moderationen[\/memo_kategorie] ist es ebenfalls geeignet. Da es sich auch mit etwas gro\u0308\u00dferem Abstand zur Kapsel hervorragend schla\u0308gt, was sonst nur Kondensatormikros u\u0308berzeugend schaffen, ist es auch fu\u0308r diesen Einsatzzweck zu empfehlen. Sa\u0308nger:innen, die Lippenkontakt bevorzugen, kommen mit einem sehr lebendigen Sound ru\u0308ber. Die Kapsel gibt es als MM 435 auch zum Aufschrauben auf die professionellen Handsender von Sennheiser, die bei [memo_kategorie id=2600]Tontechniker:innen[\/memo_kategorie] sehr beliebt und weltweit verbreitet sind. Das Mikrofon ist eine Bereicherung im gro\u00dfen Angebot der Bu\u0308hnenmikros und wird viele finden, die gerne damit arbeiten. Der Stra\u00dfenpreis liegt bei 460,00 Euro.<\/p>\n<h3>Klangbeispiele<\/h3>\n<p><strong>Text und Gesang mit 15 cm Entfernung zum Mikrofon:<\/strong><\/p>\n<!--[if lt IE 9]><script>document.createElement('audio');<\/script><![endif]-->\n<audio class=\"wp-audio-shortcode\" id=\"audio-16928-1\" preload=\"none\" style=\"width: 100%;\" controls=\"controls\"><source type=\"audio\/wav\" src=\"https:\/\/www.memo-media.de\/blog\/wp-content\/uploads\/2024\/01\/sennheiser-md-435-15-cm-text.wav?_=1\" \/><a href=\"https:\/\/www.memo-media.de\/blog\/wp-content\/uploads\/2024\/01\/sennheiser-md-435-15-cm-text.wav\">https:\/\/www.memo-media.de\/blog\/wp-content\/uploads\/2024\/01\/sennheiser-md-435-15-cm-text.wav<\/a><\/audio>\n<audio class=\"wp-audio-shortcode\" id=\"audio-16928-2\" preload=\"none\" style=\"width: 100%;\" controls=\"controls\"><source type=\"audio\/wav\" src=\"https:\/\/www.memo-media.de\/blog\/wp-content\/uploads\/2024\/01\/sennheiser-md-435-15-cm-gesang.wav?_=2\" \/><a href=\"https:\/\/www.memo-media.de\/blog\/wp-content\/uploads\/2024\/01\/sennheiser-md-435-15-cm-gesang.wav\">https:\/\/www.memo-media.de\/blog\/wp-content\/uploads\/2024\/01\/sennheiser-md-435-15-cm-gesang.wav<\/a><\/audio>\n<p>&nbsp;<\/p>\n<p><strong>Text und Gesang mit Lippenkontakt:\u00a0<\/strong><\/p>\n<audio class=\"wp-audio-shortcode\" id=\"audio-16928-3\" preload=\"none\" style=\"width: 100%;\" controls=\"controls\"><source type=\"audio\/wav\" src=\"https:\/\/www.memo-media.de\/blog\/wp-content\/uploads\/2024\/01\/sennheiser-md-435-lippenkontakt-text.wav?_=3\" \/><a href=\"https:\/\/www.memo-media.de\/blog\/wp-content\/uploads\/2024\/01\/sennheiser-md-435-lippenkontakt-text.wav\">https:\/\/www.memo-media.de\/blog\/wp-content\/uploads\/2024\/01\/sennheiser-md-435-lippenkontakt-text.wav<\/a><\/audio>\n<audio class=\"wp-audio-shortcode\" id=\"audio-16928-4\" preload=\"none\" style=\"width: 100%;\" controls=\"controls\"><source type=\"audio\/wav\" src=\"https:\/\/www.memo-media.de\/blog\/wp-content\/uploads\/2024\/01\/sennheiser-md-435-lippenkontakt-gesang.wav?_=4\" \/><a href=\"https:\/\/www.memo-media.de\/blog\/wp-content\/uploads\/2024\/01\/sennheiser-md-435-lippenkontakt-gesang.wav\">https:\/\/www.memo-media.de\/blog\/wp-content\/uploads\/2024\/01\/sennheiser-md-435-lippenkontakt-gesang.wav<\/a><\/audio>\n<\/div>\n<\/div>\n<\/div>\n<\/div>\n<\/div>\n<\/div>\n<\/div>\n<\/div>\n","protected":false},"excerpt":{"rendered":"<p>Dynamische Tauchspulenmikrofone sind seit 60 Jahren, als die Bu\u0308hnen lauter wurden, aus dem Live-Betrieb nicht mehr wegzudenken. Sie sind robust&#8230;.<\/p>\n","protected":false},"author":4,"featured_media":16931,"comment_status":"closed","ping_status":"open","sticky":false,"template":"","format":"standard","meta":[],"categories":[454],"tags":[3037,3038,3036,556,3035],"yoast_head":"<!-- This site is optimized with the Yoast SEO Premium plugin v20.5 (Yoast SEO v20.5) - https:\/\/yoast.com\/wordpress\/plugins\/seo\/ -->\n<title>Exzellenz f\u00fcr die B\u00fchne \u2014 Das Vocalmikrofon Sennheiser MD 435<\/title>\n<meta name=\"description\" content=\"Schon Madonna und Lady Gaga haben damit gesungen: das Mikrofon MD 435 von Sennheiser. Erfahre hier mehr \u00fcber das dynamische Spitzenmikro.\" \/>\n<meta name=\"robots\" content=\"index, follow, max-snippet:-1, max-image-preview:large, max-video-preview:-1\" \/>\n<link rel=\"canonical\" href=\"https:\/\/www.memo-media.de\/blog\/exzellenz-fuer-die-buehne-vocalmikrofon-sennheiser-md-435\/\" \/>\n<meta property=\"og:locale\" content=\"de_DE\" \/>\n<meta property=\"og:type\" content=\"article\" \/>\n<meta property=\"og:title\" content=\"Exzellenz f\u00fcr die B\u00fchne \u2014 Das Vocalmikrofon Sennheiser MD 435\" \/>\n<meta property=\"og:description\" content=\"Schon Madonna und Lady Gaga haben damit gesungen: das Mikrofon MD 435 von Sennheiser. Erfahre hier mehr \u00fcber das dynamische Spitzenmikro.\" \/>\n<meta property=\"og:url\" content=\"https:\/\/www.memo-media.de\/blog\/exzellenz-fuer-die-buehne-vocalmikrofon-sennheiser-md-435\/\" \/>\n<meta property=\"og:site_name\" content=\"memo-media Blog f\u00fcr die Eventplanung\" \/>\n<meta property=\"article:author\" content=\"https:\/\/www.facebook.com\/theartcore\" \/>\n<meta property=\"article:published_time\" content=\"2024-01-12T09:00:29+00:00\" \/>\n<meta property=\"article:modified_time\" content=\"2024-01-08T11:30:03+00:00\" \/>\n<meta property=\"og:image\" content=\"https:\/\/www.memo-media.de\/blog\/wp-content\/uploads\/2024\/01\/md_435_product_mood_shot_01-scaled.jpg\" \/>\n\t<meta property=\"og:image:width\" content=\"2560\" \/>\n\t<meta property=\"og:image:height\" content=\"1707\" \/>\n\t<meta property=\"og:image:type\" content=\"image\/jpeg\" \/>\n<meta name=\"author\" content=\"Andreas Sch\u00e4fer\" \/>\n<meta name=\"twitter:label1\" content=\"Verfasst von\" \/>\n\t<meta name=\"twitter:data1\" content=\"Andreas Sch\u00e4fer\" \/>\n\t<meta name=\"twitter:label2\" content=\"Gesch\u00e4tzte Lesezeit\" \/>\n\t<meta name=\"twitter:data2\" content=\"4\u00a0Minuten\" \/>\n<script type=\"application\/ld+json\" class=\"yoast-schema-graph\">{\"@context\":\"https:\/\/schema.org\",\"@graph\":[{\"@type\":\"WebPage\",\"@id\":\"https:\/\/www.memo-media.de\/blog\/exzellenz-fuer-die-buehne-vocalmikrofon-sennheiser-md-435\/\",\"url\":\"https:\/\/www.memo-media.de\/blog\/exzellenz-fuer-die-buehne-vocalmikrofon-sennheiser-md-435\/\",\"name\":\"Exzellenz f\u00fcr die B\u00fchne \u2014 Das Vocalmikrofon Sennheiser MD 435\",\"isPartOf\":{\"@id\":\"https:\/\/www.memo-media.de\/blog\/#website\"},\"datePublished\":\"2024-01-12T09:00:29+00:00\",\"dateModified\":\"2024-01-08T11:30:03+00:00\",\"author\":{\"@id\":\"https:\/\/www.memo-media.de\/blog\/#\/schema\/person\/47b954ab670be9899b70793ff6260866\"},\"description\":\"Schon Madonna und Lady Gaga haben damit gesungen: das Mikrofon MD 435 von Sennheiser. Erfahre hier mehr \u00fcber das dynamische Spitzenmikro.\",\"breadcrumb\":{\"@id\":\"https:\/\/www.memo-media.de\/blog\/exzellenz-fuer-die-buehne-vocalmikrofon-sennheiser-md-435\/#breadcrumb\"},\"inLanguage\":\"de\",\"potentialAction\":[{\"@type\":\"ReadAction\",\"target\":[\"https:\/\/www.memo-media.de\/blog\/exzellenz-fuer-die-buehne-vocalmikrofon-sennheiser-md-435\/\"]}]},{\"@type\":\"BreadcrumbList\",\"@id\":\"https:\/\/www.memo-media.de\/blog\/exzellenz-fuer-die-buehne-vocalmikrofon-sennheiser-md-435\/#breadcrumb\",\"itemListElement\":[{\"@type\":\"ListItem\",\"position\":1,\"name\":\"Home\",\"item\":\"https:\/\/www.memo-media.de\/blog\/\"},{\"@type\":\"ListItem\",\"position\":2,\"name\":\"Exzellenz f\u00fcr die B\u00fchne \u2014 Das Vocalmikrofon Sennheiser MD 435\"}]},{\"@type\":\"WebSite\",\"@id\":\"https:\/\/www.memo-media.de\/blog\/#website\",\"url\":\"https:\/\/www.memo-media.de\/blog\/\",\"name\":\"memo-media Blog f\u00fcr die Eventplanung\",\"description\":\"News und Facts aus der Eventbranche f\u00fcr die Eventbranche\",\"potentialAction\":[{\"@type\":\"SearchAction\",\"target\":{\"@type\":\"EntryPoint\",\"urlTemplate\":\"https:\/\/www.memo-media.de\/blog\/?s={search_term_string}\"},\"query-input\":\"required name=search_term_string\"}],\"inLanguage\":\"de\"},{\"@type\":\"Person\",\"@id\":\"https:\/\/www.memo-media.de\/blog\/#\/schema\/person\/47b954ab670be9899b70793ff6260866\",\"name\":\"Andreas Sch\u00e4fer\",\"image\":{\"@type\":\"ImageObject\",\"inLanguage\":\"de\",\"@id\":\"https:\/\/www.memo-media.de\/blog\/#\/schema\/person\/image\/\",\"url\":\"https:\/\/www.memo-media.de\/blog\/wp-content\/uploads\/2014\/04\/andreas-schaefer-c-martin-fago-150x150.jpg\",\"contentUrl\":\"https:\/\/www.memo-media.de\/blog\/wp-content\/uploads\/2014\/04\/andreas-schaefer-c-martin-fago-150x150.jpg\",\"caption\":\"Andreas Sch\u00e4fer\"},\"description\":\"Andreas Sch\u00e4fer besuchte die Master Class von Robert Lewis am Europ\u00e4ischen Schauspielerinstitut. Seit 1990 Regie und Leitung bei internationalen Theater- und Kunstevents auf der EXPO2000, f\u00fcr die Fraunhofer Gesellschaft, Initiativkreis Ruhrgebiet, Else-Lasker-Sch\u00fcler-Gesellschaft, Friedrich-Ebert-Stiftung u.a. 2014 European Best Event Award in Silber f\u00fcr einen Kunstevent im Europaparlament f\u00fcr die Stiftung EFCNI. Transitraum Else, internationales literarisches Projekt der Else-Lasker-Sch\u00fcler-Gesellschaft und Astronautenkost in Kooperation mit diversen Goethe-Instituten und der Villa Aurora u.a. mit Inger Nilsson, Lainie Kazan und John Nettles u.a. in Stockholm, New York, London und weiterer Beteiligung von 65 internationalen K\u00fcnstler*innen. F\u00f6rderpreis Digitale Dramaturgie Kultursekretariat NRW 2020. Seit 2009 ist er zweiter Chefredakteur der showcases im memo-media-Verlag.\",\"sameAs\":[\"http:\/\/www.andreas-schaefer.eu\",\"https:\/\/www.facebook.com\/theartcore\"],\"url\":\"https:\/\/www.memo-media.de\/blog\/author\/andreas-schaefer\/\"}]}<\/script>\n<!-- \/ Yoast SEO Premium plugin. -->","yoast_head_json":{"title":"Exzellenz f\u00fcr die B\u00fchne \u2014 Das Vocalmikrofon Sennheiser MD 435","description":"Schon Madonna und Lady Gaga haben damit gesungen: das Mikrofon MD 435 von Sennheiser. Erfahre hier mehr \u00fcber das dynamische Spitzenmikro.","robots":{"index":"index","follow":"follow","max-snippet":"max-snippet:-1","max-image-preview":"max-image-preview:large","max-video-preview":"max-video-preview:-1"},"canonical":"https:\/\/www.memo-media.de\/blog\/exzellenz-fuer-die-buehne-vocalmikrofon-sennheiser-md-435\/","og_locale":"de_DE","og_type":"article","og_title":"Exzellenz f\u00fcr die B\u00fchne \u2014 Das Vocalmikrofon Sennheiser MD 435","og_description":"Schon Madonna und Lady Gaga haben damit gesungen: das Mikrofon MD 435 von Sennheiser. Erfahre hier mehr \u00fcber das dynamische Spitzenmikro.","og_url":"https:\/\/www.memo-media.de\/blog\/exzellenz-fuer-die-buehne-vocalmikrofon-sennheiser-md-435\/","og_site_name":"memo-media Blog f\u00fcr die Eventplanung","article_author":"https:\/\/www.facebook.com\/theartcore","article_published_time":"2024-01-12T09:00:29+00:00","article_modified_time":"2024-01-08T11:30:03+00:00","og_image":[{"width":2560,"height":1707,"url":"https:\/\/www.memo-media.de\/blog\/wp-content\/uploads\/2024\/01\/md_435_product_mood_shot_01-scaled.jpg","type":"image\/jpeg"}],"author":"Andreas Sch\u00e4fer","twitter_misc":{"Verfasst von":"Andreas Sch\u00e4fer","Gesch\u00e4tzte Lesezeit":"4\u00a0Minuten"},"schema":{"@context":"https:\/\/schema.org","@graph":[{"@type":"WebPage","@id":"https:\/\/www.memo-media.de\/blog\/exzellenz-fuer-die-buehne-vocalmikrofon-sennheiser-md-435\/","url":"https:\/\/www.memo-media.de\/blog\/exzellenz-fuer-die-buehne-vocalmikrofon-sennheiser-md-435\/","name":"Exzellenz f\u00fcr die B\u00fchne \u2014 Das Vocalmikrofon Sennheiser MD 435","isPartOf":{"@id":"https:\/\/www.memo-media.de\/blog\/#website"},"datePublished":"2024-01-12T09:00:29+00:00","dateModified":"2024-01-08T11:30:03+00:00","author":{"@id":"https:\/\/www.memo-media.de\/blog\/#\/schema\/person\/47b954ab670be9899b70793ff6260866"},"description":"Schon Madonna und Lady Gaga haben damit gesungen: das Mikrofon MD 435 von Sennheiser. Erfahre hier mehr \u00fcber das dynamische Spitzenmikro.","breadcrumb":{"@id":"https:\/\/www.memo-media.de\/blog\/exzellenz-fuer-die-buehne-vocalmikrofon-sennheiser-md-435\/#breadcrumb"},"inLanguage":"de","potentialAction":[{"@type":"ReadAction","target":["https:\/\/www.memo-media.de\/blog\/exzellenz-fuer-die-buehne-vocalmikrofon-sennheiser-md-435\/"]}]},{"@type":"BreadcrumbList","@id":"https:\/\/www.memo-media.de\/blog\/exzellenz-fuer-die-buehne-vocalmikrofon-sennheiser-md-435\/#breadcrumb","itemListElement":[{"@type":"ListItem","position":1,"name":"Home","item":"https:\/\/www.memo-media.de\/blog\/"},{"@type":"ListItem","position":2,"name":"Exzellenz f\u00fcr die B\u00fchne \u2014 Das Vocalmikrofon Sennheiser MD 435"}]},{"@type":"WebSite","@id":"https:\/\/www.memo-media.de\/blog\/#website","url":"https:\/\/www.memo-media.de\/blog\/","name":"memo-media Blog f\u00fcr die Eventplanung","description":"News und Facts aus der Eventbranche f\u00fcr die Eventbranche","potentialAction":[{"@type":"SearchAction","target":{"@type":"EntryPoint","urlTemplate":"https:\/\/www.memo-media.de\/blog\/?s={search_term_string}"},"query-input":"required name=search_term_string"}],"inLanguage":"de"},{"@type":"Person","@id":"https:\/\/www.memo-media.de\/blog\/#\/schema\/person\/47b954ab670be9899b70793ff6260866","name":"Andreas Sch\u00e4fer","image":{"@type":"ImageObject","inLanguage":"de","@id":"https:\/\/www.memo-media.de\/blog\/#\/schema\/person\/image\/","url":"https:\/\/www.memo-media.de\/blog\/wp-content\/uploads\/2014\/04\/andreas-schaefer-c-martin-fago-150x150.jpg","contentUrl":"https:\/\/www.memo-media.de\/blog\/wp-content\/uploads\/2014\/04\/andreas-schaefer-c-martin-fago-150x150.jpg","caption":"Andreas Sch\u00e4fer"},"description":"Andreas Sch\u00e4fer besuchte die Master Class von Robert Lewis am Europ\u00e4ischen Schauspielerinstitut. Seit 1990 Regie und Leitung bei internationalen Theater- und Kunstevents auf der EXPO2000, f\u00fcr die Fraunhofer Gesellschaft, Initiativkreis Ruhrgebiet, Else-Lasker-Sch\u00fcler-Gesellschaft, Friedrich-Ebert-Stiftung u.a. 2014 European Best Event Award in Silber f\u00fcr einen Kunstevent im Europaparlament f\u00fcr die Stiftung EFCNI. Transitraum Else, internationales literarisches Projekt der Else-Lasker-Sch\u00fcler-Gesellschaft und Astronautenkost in Kooperation mit diversen Goethe-Instituten und der Villa Aurora u.a. mit Inger Nilsson, Lainie Kazan und John Nettles u.a. in Stockholm, New York, London und weiterer Beteiligung von 65 internationalen K\u00fcnstler*innen. F\u00f6rderpreis Digitale Dramaturgie Kultursekretariat NRW 2020. Seit 2009 ist er zweiter Chefredakteur der showcases im memo-media-Verlag.","sameAs":["http:\/\/www.andreas-schaefer.eu","https:\/\/www.facebook.com\/theartcore"],"url":"https:\/\/www.memo-media.de\/blog\/author\/andreas-schaefer\/"}]}},"_links":{"self":[{"href":"https:\/\/www.memo-media.de\/blog\/wp-json\/wp\/v2\/posts\/16928"}],"collection":[{"href":"https:\/\/www.memo-media.de\/blog\/wp-json\/wp\/v2\/posts"}],"about":[{"href":"https:\/\/www.memo-media.de\/blog\/wp-json\/wp\/v2\/types\/post"}],"author":[{"embeddable":true,"href":"https:\/\/www.memo-media.de\/blog\/wp-json\/wp\/v2\/users\/4"}],"replies":[{"embeddable":true,"href":"https:\/\/www.memo-media.de\/blog\/wp-json\/wp\/v2\/comments?post=16928"}],"version-history":[{"count":15,"href":"https:\/\/www.memo-media.de\/blog\/wp-json\/wp\/v2\/posts\/16928\/revisions"}],"predecessor-version":[{"id":16966,"href":"https:\/\/www.memo-media.de\/blog\/wp-json\/wp\/v2\/posts\/16928\/revisions\/16966"}],"wp:featuredmedia":[{"embeddable":true,"href":"https:\/\/www.memo-media.de\/blog\/wp-json\/wp\/v2\/media\/16931"}],"wp:attachment":[{"href":"https:\/\/www.memo-media.de\/blog\/wp-json\/wp\/v2\/media?parent=16928"}],"wp:term":[{"taxonomy":"category","embeddable":true,"href":"https:\/\/www.memo-media.de\/blog\/wp-json\/wp\/v2\/categories?post=16928"},{"taxonomy":"post_tag","embeddable":true,"href":"https:\/\/www.memo-media.de\/blog\/wp-json\/wp\/v2\/tags?post=16928"}],"curies":[{"name":"wp","href":"https:\/\/api.w.org\/{rel}","templated":true}]}}