{"id":1689,"date":"2015-04-02T13:32:46","date_gmt":"2015-04-02T11:32:46","guid":{"rendered":"http:\/\/www.memo-media.de\/blog\/?p=1689"},"modified":"2024-03-21T12:41:19","modified_gmt":"2024-03-21T10:41:19","slug":"eventlocation-speicher-10-in-muenster","status":"publish","type":"post","link":"https:\/\/www.memo-media.de\/blog\/eventlocation-speicher-10-in-muenster\/","title":{"rendered":"Speicher 10: Die au\u00dfergew\u00f6hnliche Eventlocation in M\u00fcnster"},"content":{"rendered":"<p><span style=\"color: #000000;\">Wer eine [memo_rubrik id=1809]Eventlocation[\/memo_rubrik]\u00a0mit dem gewissen Extra sucht, hat heutzutage eine gro\u00dfe Auswahl: Es gibt prunkvolle Schl\u00f6sser, alte Weing\u00fcter, ausrangierte Bergwerkstollen, Museen, Theater. Zu dieser illustren Sammlung ausgefallener Orte l\u00e4sst sich auch der <span style=\"color: #ff6600;\"><a style=\"color: #ff6600;\" title=\"Die Homepage des Speicher 10 in M\u00fcnster\" href=\"http:\/\/www.speicher10.de\" target=\"_blank\" rel=\"noopener noreferrer\">Speicher 10<\/a><\/span> in M\u00fcnster z\u00e4hlen. In der ehemaligen Gro\u00dfb\u00e4ckerei wurden fr\u00fcher Brote f\u00fcrs Milit\u00e4r gebacken &#8211; bis zu 30.000 Laib am Tag. Heute bilden die denkmalgesch\u00fctzten Gro\u00df-\u00d6fen die perfekte Kulisse f\u00fcr <span style=\"color: #ff6600;\"><a style=\"color: #ff6600;\" title=\"Au\u00dfergew\u00f6hnliche Eventlocation f\u00fcr Tagungen, Messen, Firmenevents\" href=\"http:\/\/www.marioengbers-catering.de\/#speicher10\" target=\"_blank\" rel=\"noopener noreferrer\">Firmenevents, Messen, Tagungen und Privatveranstaltungen<\/a><\/span>.<\/span><\/p>\n<div id=\"attachment_1692\" style=\"width: 210px\" class=\"wp-caption alignleft\"><a style=\"color: #000000;\" href=\"https:\/\/www.memo-media.de\/blog\/wp-content\/uploads\/2015\/04\/sp1.jpg\"><img aria-describedby=\"caption-attachment-1692\" decoding=\"async\" loading=\"lazy\" class=\"size-medium wp-image-1692\" src=\"https:\/\/www.memo-media.de\/blog\/wp-content\/uploads\/2015\/04\/sp1-200x300.jpg\" alt=\"Speicher 10: Eventlocation in M\u00fcnster\" width=\"200\" height=\"300\" srcset=\"https:\/\/www.memo-media.de\/blog\/wp-content\/uploads\/2015\/04\/sp1-200x300.jpg 200w, https:\/\/www.memo-media.de\/blog\/wp-content\/uploads\/2015\/04\/sp1-683x1024.jpg 683w, https:\/\/www.memo-media.de\/blog\/wp-content\/uploads\/2015\/04\/sp1-335x503.jpg 335w, https:\/\/www.memo-media.de\/blog\/wp-content\/uploads\/2015\/04\/sp1-1050x1575.jpg 1050w, https:\/\/www.memo-media.de\/blog\/wp-content\/uploads\/2015\/04\/sp1.jpg 2000w\" sizes=\"(max-width: 200px) 100vw, 200px\" \/><\/a><p id=\"caption-attachment-1692\" class=\"wp-caption-text\"><span style=\"color: #000000;\">Fr\u00fcher Gro\u00dfb\u00e4ckerei, heute schicke Eventlocation: der Speicher 10<\/span><\/p><\/div>\n<p><span style=\"color: #000000;\">Im Norden von M\u00fcnster im Stadtteil Coerde, nur einen Katzensprung vom Bahnhof M\u00fcnster Zentrum-Nord entfernt, liegt die Speicherstadt. Ein rund 11,5 Hektar gro\u00dfer Komplex bestehend aus riesigen Geb\u00e4uden und Gr\u00fcnfl\u00e4chen, den die Wehrmacht von 1936 bis 1939 als Verpflegungszentrum f\u00fcr die im Norden Deutschlands stationierten Garnisonen errichtet hatte. Nach dem Abzug der Briten Mitte der 90er Jahre verwandelte sich die Speicherstadt schnell in einen florierenden Wirtschaftsstandort. Heute sind dort eine Vielzahl von Agenturen und Firmen aus den unterschiedlichsten Branchen vertreten. Unter anderem das Unternehmen [memo_eintrag kundennummer=151113]Mario Engbers Gastronomie &amp; Service[\/memo_eintrag], das den Speicher 10 betreibt.<\/span><\/p>\n<h3><span style=\"color: #000000;\">\u201eIm M\u00fcnsterland ist eine solche Eventlocation einzigartig\u201c<\/span><\/h3>\n<p><span style=\"color: #000000;\">Mario Engbers selbst hat den Ausbau der R\u00e4umlichkeiten im Jahr 2001 mit geplant und vorangetrieben. Damals allerdings noch f\u00fcr den fr\u00fcheren Betreiber. Als sich der gelernte Koch 2012 selbstst\u00e4ndig machte und Mario Engbers Gastronomie &amp; Service gr\u00fcndete, \u00fcbernahm er den Speicher 10. \u201eIm M\u00fcnsterland ist eine solche Eventlocation einzigartig\u201c, schw\u00e4rmt er, \u201eund auch deutschlandweit findet man einen solchen Ort nur selten.\u201c Das liegt nicht nur an der au\u00dfergew\u00f6hnlichen Vorgeschichte des Geb\u00e4udes, sondern vor allem an der bestechenden Mischung aus Flexibilit\u00e4t, Raumangebot und Atmosph\u00e4re.<\/span><\/p>\n<div id=\"attachment_1694\" style=\"width: 970px\" class=\"wp-caption alignnone\"><a style=\"color: #000000;\" href=\"https:\/\/www.memo-media.de\/blog\/wp-content\/uploads\/2015\/04\/sp3.jpg\"><img aria-describedby=\"caption-attachment-1694\" decoding=\"async\" loading=\"lazy\" class=\"size-large wp-image-1694\" src=\"https:\/\/www.memo-media.de\/blog\/wp-content\/uploads\/2015\/04\/sp3-1024x415.jpg\" alt=\"Speicher 10: Eventlocation in M\u00fcnster\" width=\"960\" height=\"389\" srcset=\"https:\/\/www.memo-media.de\/blog\/wp-content\/uploads\/2015\/04\/sp3-1024x415.jpg 1024w, https:\/\/www.memo-media.de\/blog\/wp-content\/uploads\/2015\/04\/sp3-300x122.jpg 300w, https:\/\/www.memo-media.de\/blog\/wp-content\/uploads\/2015\/04\/sp3-335x136.jpg 335w, https:\/\/www.memo-media.de\/blog\/wp-content\/uploads\/2015\/04\/sp3-1050x425.jpg 1050w\" sizes=\"(max-width: 960px) 100vw, 960px\" \/><\/a><p id=\"caption-attachment-1694\" class=\"wp-caption-text\"><span style=\"color: #000000;\">Das Atrium ist dank seiner hohen Flexibilit\u00e4t sowohl f\u00fcr Tagungen und Kongresse als auch f\u00fcr Firmen- und Privatveranstaltungen geeignet<\/span><\/p><\/div>\n<p><span style=\"color: #000000;\">Die gro\u00dfe Backhalle mit den zw\u00f6lf doppelst\u00f6ckigen Gro\u00df-\u00d6fen auf der einen und den hohen Fenstern auf der gegen\u00fcberliegenden Seite bietet Platz f\u00fcr bis zu 750 Personen. Die \u00d6fen sind nat\u00fcrlich nicht mehr im Betrieb, sorgen aber f\u00fcr das unverwechselbare Flair des Speicher 10. \u201eAls kleines Gimmick k\u00f6nnen die alten Backschienen als Pr\u00e4sentations- oder B\u00fcffetfl\u00e4che benutzt werden\u201c, so Mario Engbers. Wem der Saal zu gro\u00df ist, kann ihn au\u00dferdem mit Hilfe eines Trennvorhangs in zwei kleinere R\u00e4ume verwandeln.<\/span><\/p>\n<h3><span style=\"color: #000000;\">Die neueste Licht- und Tontechnik in den grundsanierten Hallen des Speicher 10<\/span><\/h3>\n<div id=\"attachment_1696\" style=\"width: 310px\" class=\"wp-caption alignright\"><a style=\"color: #000000;\" href=\"https:\/\/www.memo-media.de\/blog\/wp-content\/uploads\/2015\/04\/sp2.jpg\"><img aria-describedby=\"caption-attachment-1696\" decoding=\"async\" loading=\"lazy\" class=\"wp-image-1696 size-medium\" src=\"https:\/\/www.memo-media.de\/blog\/wp-content\/uploads\/2015\/04\/sp2-300x169.jpg\" alt=\"Speicher 10: Eventlocation in M\u00fcnster\" width=\"300\" height=\"169\" srcset=\"https:\/\/www.memo-media.de\/blog\/wp-content\/uploads\/2015\/04\/sp2-300x169.jpg 300w, https:\/\/www.memo-media.de\/blog\/wp-content\/uploads\/2015\/04\/sp2-1024x577.jpg 1024w, https:\/\/www.memo-media.de\/blog\/wp-content\/uploads\/2015\/04\/sp2-335x189.jpg 335w, https:\/\/www.memo-media.de\/blog\/wp-content\/uploads\/2015\/04\/sp2-1050x592.jpg 1050w, https:\/\/www.memo-media.de\/blog\/wp-content\/uploads\/2015\/04\/sp2.jpg 2000w\" sizes=\"(max-width: 300px) 100vw, 300px\" \/><\/a><p id=\"caption-attachment-1696\" class=\"wp-caption-text\"><span style=\"color: #000000;\">Bis zu 200 G\u00e4ste finden im gro\u00dfz\u00fcgig geschnittenen und modern eingerichteten Atrium Platz.<\/span><\/p><\/div>\n<p><span style=\"color: #000000;\">F\u00fcr Veranstaltungen mit bis zu 200 G\u00e4sten gedacht ist das Atrium im Obergeschoss der alten B\u00e4ckerei. Hier erinnert nichts an die Historie des Geb\u00e4udes. Der Raum ist gro\u00dfz\u00fcgig geschnitten und wirkt dank der Panoramaverglasung und den hellen Holztr\u00e4gern \u00e4u\u00dferst modern. Wie auch die Backhalle ist er mit der neuesten Licht- und Tontechnik ausgestattet, so dass man dort mit wenigen Mitteln sowohl Tagungen und Kongresse durchf\u00fchren als auch Bands auftreten lassen kann.<\/span><\/p>\n<p><span style=\"color: #000000;\">Klein, aber fein ist die Via Pane, der Gang, der neben der Backhalle hinter der Wand mit den \u00d6fen verl\u00e4uft. Hier pr\u00e4gen Backsteinmauern sowie gusseiserne Rohre und Ofen-Klappen das Bild. 70 G\u00e4ste finden dort bequem Platz, bei mehr wird es eng. Aber das unterstreicht nur den exklusiven Charakter der Via Pane, die laut Mario Engbers optimal f\u00fcr Ausstellungen, Produktpr\u00e4sentationen und kleinere Get-together geeignet ist.<\/span><\/p>\n<h3><span style=\"color: #000000;\">Dank des gro\u00dfen Netzwerkes gibt es im Speicher 10 das Rundum-sorglos-Paket<\/span><\/h3>\n<div id=\"attachment_1697\" style=\"width: 310px\" class=\"wp-caption alignleft\"><a style=\"color: #000000;\" href=\"https:\/\/www.memo-media.de\/blog\/wp-content\/uploads\/2015\/04\/sp4.jpg\"><img aria-describedby=\"caption-attachment-1697\" decoding=\"async\" loading=\"lazy\" class=\"size-medium wp-image-1697\" src=\"https:\/\/www.memo-media.de\/blog\/wp-content\/uploads\/2015\/04\/sp4-300x169.jpg\" alt=\"Speicher 10: Eventlocation in M\u00fcnster\" width=\"300\" height=\"169\" srcset=\"https:\/\/www.memo-media.de\/blog\/wp-content\/uploads\/2015\/04\/sp4-300x169.jpg 300w, https:\/\/www.memo-media.de\/blog\/wp-content\/uploads\/2015\/04\/sp4-1024x576.jpg 1024w, https:\/\/www.memo-media.de\/blog\/wp-content\/uploads\/2015\/04\/sp4-335x188.jpg 335w, https:\/\/www.memo-media.de\/blog\/wp-content\/uploads\/2015\/04\/sp4-1050x591.jpg 1050w, https:\/\/www.memo-media.de\/blog\/wp-content\/uploads\/2015\/04\/sp4.jpg 2000w\" sizes=\"(max-width: 300px) 100vw, 300px\" \/><\/a><p id=\"caption-attachment-1697\" class=\"wp-caption-text\"><span style=\"color: #000000;\">Ein Blick auf\u00a0den Au\u00dfenbereich des Speicher 10 und die Speicherstadt<\/span><\/p><\/div>\n<p><span style=\"color: #000000;\">\u201eWir hatten vom Abiball \u00fcber die Hochzeitsfeier bis hin zum Kongress schon sehr viele unterschiedliche Veranstaltungen im Speicher 10\u201c, erz\u00e4hlt Mario Engbers. Sogar Messen wie die Imkermesse finden dort gelegentlich statt. Dank eines sehr gut ausgebauten Netzwerkes in M\u00fcnster mit Hotelbetreibern, Unterhaltungsk\u00fcnstlern und Busunternehmen bieten Mario Engbers und sein Team ihren Kunden auf Wunsch das Rundum-sorglos-Paket an. Das Catering \u00fcbernimmt der Profi dabei selbst, immerhin z\u00e4hlt sein Unternehmen nach eigenen Angaben zu den gr\u00f6\u00dften und renommiertesten Anbietern im M\u00fcnsterland. Zu den Referenzen geh\u00f6ren unter anderem das j\u00e4hrlich stattfindende Kramermahl\u00a0und zahlreiche Events des Elektronikriese<\/span>n Siemens.\u00a0Es scheint, als sei man beim Speicher 10 an der richtigen Adresse.<\/p>\n<p>Spannend, oder?! Das richtige Unterhaltungsprogramm macht jede Veranstaltung unvergesslich. Wenn du auf der Suche nach einer Idee f\u00fcr deine n\u00e4chste Feier bist, schau doch mal bei <a href=\"http:\/\/www.goforartists.com\">www.goforartists.com<\/a> vorbei. Ein Angebot f\u00fcr die kinderleichte K\u00fcnstlerbuchung vom Team von memo-media.<\/p>\n","protected":false},"excerpt":{"rendered":"<p>Wer eine [memo_rubrik id=1809]Eventlocation[\/memo_rubrik]\u00a0mit dem gewissen Extra sucht, hat heutzutage eine gro\u00dfe Auswahl: Es gibt prunkvolle Schl\u00f6sser, alte Weing\u00fcter, ausrangierte&#8230;<\/p>\n","protected":false},"author":13,"featured_media":1691,"comment_status":"closed","ping_status":"closed","sticky":false,"template":"","format":"standard","meta":[],"categories":[11,4],"tags":[98,278,44,284,332,610],"yoast_head":"<!-- This site is optimized with the Yoast SEO Premium plugin v20.5 (Yoast SEO v20.5) - https:\/\/yoast.com\/wordpress\/plugins\/seo\/ -->\n<title>Eventlocation Speicher 10 in M\u00fcnster<\/title>\n<meta name=\"description\" content=\"Der Speicher 10 in der Speicherstadt in M\u00fcnster ist eine au\u00dfergew\u00f6hnliche Eventlocation. F\u00fcr den Blog f\u00fcr die Eventplanung haben wir uns dort umgesehen\" \/>\n<meta name=\"robots\" content=\"index, follow, max-snippet:-1, max-image-preview:large, max-video-preview:-1\" \/>\n<link rel=\"canonical\" href=\"https:\/\/www.memo-media.de\/blog\/eventlocation-speicher-10-in-muenster\/\" \/>\n<meta property=\"og:locale\" content=\"de_DE\" \/>\n<meta property=\"og:type\" content=\"article\" \/>\n<meta property=\"og:title\" content=\"Speicher 10: Die au\u00dfergew\u00f6hnliche Eventlocation in M\u00fcnster\" \/>\n<meta property=\"og:description\" content=\"Der Speicher 10 in der Speicherstadt in M\u00fcnster ist eine au\u00dfergew\u00f6hnliche Eventlocation. F\u00fcr den Blog f\u00fcr die Eventplanung haben wir uns dort umgesehen\" \/>\n<meta property=\"og:url\" content=\"https:\/\/www.memo-media.de\/blog\/eventlocation-speicher-10-in-muenster\/\" \/>\n<meta property=\"og:site_name\" content=\"memo-media Blog f\u00fcr die Eventplanung\" \/>\n<meta property=\"article:published_time\" content=\"2015-04-02T11:32:46+00:00\" \/>\n<meta property=\"article:modified_time\" content=\"2024-03-21T10:41:19+00:00\" \/>\n<meta property=\"og:image\" content=\"https:\/\/www.memo-media.de\/blog\/wp-content\/uploads\/2015\/04\/header1.jpg\" \/>\n\t<meta property=\"og:image:width\" content=\"1500\" \/>\n\t<meta property=\"og:image:height\" content=\"1149\" \/>\n\t<meta property=\"og:image:type\" content=\"image\/jpeg\" \/>\n<meta name=\"author\" content=\"Aljoscha Grabowski\" \/>\n<meta name=\"twitter:label1\" content=\"Verfasst von\" \/>\n\t<meta name=\"twitter:data1\" content=\"Aljoscha Grabowski\" \/>\n\t<meta name=\"twitter:label2\" content=\"Gesch\u00e4tzte Lesezeit\" \/>\n\t<meta name=\"twitter:data2\" content=\"5\u00a0Minuten\" \/>\n<script type=\"application\/ld+json\" class=\"yoast-schema-graph\">{\"@context\":\"https:\/\/schema.org\",\"@graph\":[{\"@type\":\"WebPage\",\"@id\":\"https:\/\/www.memo-media.de\/blog\/eventlocation-speicher-10-in-muenster\/\",\"url\":\"https:\/\/www.memo-media.de\/blog\/eventlocation-speicher-10-in-muenster\/\",\"name\":\"Eventlocation Speicher 10 in M\u00fcnster\",\"isPartOf\":{\"@id\":\"https:\/\/www.memo-media.de\/blog\/#website\"},\"datePublished\":\"2015-04-02T11:32:46+00:00\",\"dateModified\":\"2024-03-21T10:41:19+00:00\",\"author\":{\"@id\":\"https:\/\/www.memo-media.de\/blog\/#\/schema\/person\/d6e5cd0a1d6ebcd0d6a0dd6a691cad22\"},\"description\":\"Der Speicher 10 in der Speicherstadt in M\u00fcnster ist eine au\u00dfergew\u00f6hnliche Eventlocation. F\u00fcr den Blog f\u00fcr die Eventplanung haben wir uns dort umgesehen\",\"breadcrumb\":{\"@id\":\"https:\/\/www.memo-media.de\/blog\/eventlocation-speicher-10-in-muenster\/#breadcrumb\"},\"inLanguage\":\"de\",\"potentialAction\":[{\"@type\":\"ReadAction\",\"target\":[\"https:\/\/www.memo-media.de\/blog\/eventlocation-speicher-10-in-muenster\/\"]}]},{\"@type\":\"BreadcrumbList\",\"@id\":\"https:\/\/www.memo-media.de\/blog\/eventlocation-speicher-10-in-muenster\/#breadcrumb\",\"itemListElement\":[{\"@type\":\"ListItem\",\"position\":1,\"name\":\"Home\",\"item\":\"https:\/\/www.memo-media.de\/blog\/\"},{\"@type\":\"ListItem\",\"position\":2,\"name\":\"Speicher 10: Die au\u00dfergew\u00f6hnliche Eventlocation in M\u00fcnster\"}]},{\"@type\":\"WebSite\",\"@id\":\"https:\/\/www.memo-media.de\/blog\/#website\",\"url\":\"https:\/\/www.memo-media.de\/blog\/\",\"name\":\"memo-media Blog f\u00fcr die Eventplanung\",\"description\":\"News und Facts aus der Eventbranche f\u00fcr die Eventbranche\",\"potentialAction\":[{\"@type\":\"SearchAction\",\"target\":{\"@type\":\"EntryPoint\",\"urlTemplate\":\"https:\/\/www.memo-media.de\/blog\/?s={search_term_string}\"},\"query-input\":\"required name=search_term_string\"}],\"inLanguage\":\"de\"},{\"@type\":\"Person\",\"@id\":\"https:\/\/www.memo-media.de\/blog\/#\/schema\/person\/d6e5cd0a1d6ebcd0d6a0dd6a691cad22\",\"name\":\"Aljoscha Grabowski\",\"image\":{\"@type\":\"ImageObject\",\"inLanguage\":\"de\",\"@id\":\"https:\/\/www.memo-media.de\/blog\/#\/schema\/person\/image\/\",\"url\":\"https:\/\/www.memo-media.de\/blog\/wp-content\/uploads\/2014\/10\/aljoscha150x150.jpg\",\"contentUrl\":\"https:\/\/www.memo-media.de\/blog\/wp-content\/uploads\/2014\/10\/aljoscha150x150.jpg\",\"caption\":\"Aljoscha Grabowski\"},\"description\":\"Aljoscha Grabowski hat Online-Journalismus an der Hochschule Darmstadt studiert und ist als freiberuflicher Journalist, Texter und Blogger t\u00e4tig. Als solcher schreibt er f\u00fcr verschiedene Zeitungen, Zeitschriften und Online-Medien haupts\u00e4chlich \u00fcber Sport, Kultur und die Event-Branche. Wir haben den sympathischen Frankfurter auf der Best Of Events 2014 in Dortmund kennengelernt und ihn ins Boot geholt, weil er stets die richtigen Worte findet, um Produkte, Dienstleistungen und alles andere Erw\u00e4hnenswerte ins richtige Licht der Aufmerksamkeit zu r\u00fccken.\",\"sameAs\":[\"http:\/\/www.aljoscha-grabowski.de\"],\"url\":\"https:\/\/www.memo-media.de\/blog\/author\/aljoscha-grabowski\/\"}]}<\/script>\n<!-- \/ Yoast SEO Premium plugin. -->","yoast_head_json":{"title":"Eventlocation Speicher 10 in M\u00fcnster","description":"Der Speicher 10 in der Speicherstadt in M\u00fcnster ist eine au\u00dfergew\u00f6hnliche Eventlocation. F\u00fcr den Blog f\u00fcr die Eventplanung haben wir uns dort umgesehen","robots":{"index":"index","follow":"follow","max-snippet":"max-snippet:-1","max-image-preview":"max-image-preview:large","max-video-preview":"max-video-preview:-1"},"canonical":"https:\/\/www.memo-media.de\/blog\/eventlocation-speicher-10-in-muenster\/","og_locale":"de_DE","og_type":"article","og_title":"Speicher 10: Die au\u00dfergew\u00f6hnliche Eventlocation in M\u00fcnster","og_description":"Der Speicher 10 in der Speicherstadt in M\u00fcnster ist eine au\u00dfergew\u00f6hnliche Eventlocation. F\u00fcr den Blog f\u00fcr die Eventplanung haben wir uns dort umgesehen","og_url":"https:\/\/www.memo-media.de\/blog\/eventlocation-speicher-10-in-muenster\/","og_site_name":"memo-media Blog f\u00fcr die Eventplanung","article_published_time":"2015-04-02T11:32:46+00:00","article_modified_time":"2024-03-21T10:41:19+00:00","og_image":[{"width":1500,"height":1149,"url":"https:\/\/www.memo-media.de\/blog\/wp-content\/uploads\/2015\/04\/header1.jpg","type":"image\/jpeg"}],"author":"Aljoscha Grabowski","twitter_misc":{"Verfasst von":"Aljoscha Grabowski","Gesch\u00e4tzte Lesezeit":"5\u00a0Minuten"},"schema":{"@context":"https:\/\/schema.org","@graph":[{"@type":"WebPage","@id":"https:\/\/www.memo-media.de\/blog\/eventlocation-speicher-10-in-muenster\/","url":"https:\/\/www.memo-media.de\/blog\/eventlocation-speicher-10-in-muenster\/","name":"Eventlocation Speicher 10 in M\u00fcnster","isPartOf":{"@id":"https:\/\/www.memo-media.de\/blog\/#website"},"datePublished":"2015-04-02T11:32:46+00:00","dateModified":"2024-03-21T10:41:19+00:00","author":{"@id":"https:\/\/www.memo-media.de\/blog\/#\/schema\/person\/d6e5cd0a1d6ebcd0d6a0dd6a691cad22"},"description":"Der Speicher 10 in der Speicherstadt in M\u00fcnster ist eine au\u00dfergew\u00f6hnliche Eventlocation. F\u00fcr den Blog f\u00fcr die Eventplanung haben wir uns dort umgesehen","breadcrumb":{"@id":"https:\/\/www.memo-media.de\/blog\/eventlocation-speicher-10-in-muenster\/#breadcrumb"},"inLanguage":"de","potentialAction":[{"@type":"ReadAction","target":["https:\/\/www.memo-media.de\/blog\/eventlocation-speicher-10-in-muenster\/"]}]},{"@type":"BreadcrumbList","@id":"https:\/\/www.memo-media.de\/blog\/eventlocation-speicher-10-in-muenster\/#breadcrumb","itemListElement":[{"@type":"ListItem","position":1,"name":"Home","item":"https:\/\/www.memo-media.de\/blog\/"},{"@type":"ListItem","position":2,"name":"Speicher 10: Die au\u00dfergew\u00f6hnliche Eventlocation in M\u00fcnster"}]},{"@type":"WebSite","@id":"https:\/\/www.memo-media.de\/blog\/#website","url":"https:\/\/www.memo-media.de\/blog\/","name":"memo-media Blog f\u00fcr die Eventplanung","description":"News und Facts aus der Eventbranche f\u00fcr die Eventbranche","potentialAction":[{"@type":"SearchAction","target":{"@type":"EntryPoint","urlTemplate":"https:\/\/www.memo-media.de\/blog\/?s={search_term_string}"},"query-input":"required name=search_term_string"}],"inLanguage":"de"},{"@type":"Person","@id":"https:\/\/www.memo-media.de\/blog\/#\/schema\/person\/d6e5cd0a1d6ebcd0d6a0dd6a691cad22","name":"Aljoscha Grabowski","image":{"@type":"ImageObject","inLanguage":"de","@id":"https:\/\/www.memo-media.de\/blog\/#\/schema\/person\/image\/","url":"https:\/\/www.memo-media.de\/blog\/wp-content\/uploads\/2014\/10\/aljoscha150x150.jpg","contentUrl":"https:\/\/www.memo-media.de\/blog\/wp-content\/uploads\/2014\/10\/aljoscha150x150.jpg","caption":"Aljoscha Grabowski"},"description":"Aljoscha Grabowski hat Online-Journalismus an der Hochschule Darmstadt studiert und ist als freiberuflicher Journalist, Texter und Blogger t\u00e4tig. Als solcher schreibt er f\u00fcr verschiedene Zeitungen, Zeitschriften und Online-Medien haupts\u00e4chlich \u00fcber Sport, Kultur und die Event-Branche. Wir haben den sympathischen Frankfurter auf der Best Of Events 2014 in Dortmund kennengelernt und ihn ins Boot geholt, weil er stets die richtigen Worte findet, um Produkte, Dienstleistungen und alles andere Erw\u00e4hnenswerte ins richtige Licht der Aufmerksamkeit zu r\u00fccken.","sameAs":["http:\/\/www.aljoscha-grabowski.de"],"url":"https:\/\/www.memo-media.de\/blog\/author\/aljoscha-grabowski\/"}]}},"_links":{"self":[{"href":"https:\/\/www.memo-media.de\/blog\/wp-json\/wp\/v2\/posts\/1689"}],"collection":[{"href":"https:\/\/www.memo-media.de\/blog\/wp-json\/wp\/v2\/posts"}],"about":[{"href":"https:\/\/www.memo-media.de\/blog\/wp-json\/wp\/v2\/types\/post"}],"author":[{"embeddable":true,"href":"https:\/\/www.memo-media.de\/blog\/wp-json\/wp\/v2\/users\/13"}],"replies":[{"embeddable":true,"href":"https:\/\/www.memo-media.de\/blog\/wp-json\/wp\/v2\/comments?post=1689"}],"version-history":[{"count":15,"href":"https:\/\/www.memo-media.de\/blog\/wp-json\/wp\/v2\/posts\/1689\/revisions"}],"predecessor-version":[{"id":17150,"href":"https:\/\/www.memo-media.de\/blog\/wp-json\/wp\/v2\/posts\/1689\/revisions\/17150"}],"wp:featuredmedia":[{"embeddable":true,"href":"https:\/\/www.memo-media.de\/blog\/wp-json\/wp\/v2\/media\/1691"}],"wp:attachment":[{"href":"https:\/\/www.memo-media.de\/blog\/wp-json\/wp\/v2\/media?parent=1689"}],"wp:term":[{"taxonomy":"category","embeddable":true,"href":"https:\/\/www.memo-media.de\/blog\/wp-json\/wp\/v2\/categories?post=1689"},{"taxonomy":"post_tag","embeddable":true,"href":"https:\/\/www.memo-media.de\/blog\/wp-json\/wp\/v2\/tags?post=1689"}],"curies":[{"name":"wp","href":"https:\/\/api.w.org\/{rel}","templated":true}]}}