{"id":16881,"date":"2023-12-31T11:00:20","date_gmt":"2023-12-31T09:00:20","guid":{"rendered":"https:\/\/www.memo-media.de\/blog\/?p=16881"},"modified":"2024-08-14T12:35:15","modified_gmt":"2024-08-14T10:35:15","slug":"bundeskonferenz-zeigt-selbstbewusstsein","status":"publish","type":"post","link":"https:\/\/www.memo-media.de\/blog\/bundeskonferenz-zeigt-selbstbewusstsein\/","title":{"rendered":"BUNDESKONFERENZ ZEIGT SELBSTBEWUSSTSEIN"},"content":{"rendered":"<div class=\"page\" title=\"Page 12\">\n<div class=\"section\">\n<div class=\"layoutArea\">\n<div class=\"column\">\n<p><strong>Die Bundeskonferenz Veranstaltungswirtschaft am 14. November 2023 in Berlin<\/strong>\u00a0brachte ma\u00dfgebliche Branchenvertreter:innen im [memo_eintrag kundennummer=142952]Axica Kongress- und Tageszentrum[\/memo_eintrag] zusammen. Abgeordnete, Unternehmensexpert:innen und Verbandsvertreter:innen diskutierten intensiv u\u0308ber die zentralen Themen und Herausforderungen der Veranstaltungswirtschaft, um die Zukunft dieses sechstgro\u0308\u00dften Wirtschaftszweigs zu sichern.<\/p>\n<div class=\"page\" title=\"Page 12\">\n<div class=\"section\">\n<div class=\"layoutArea\">\n<div class=\"column\">\n<p>Die Teilnehmenden der Konferenz setzten sich nachdru\u0308cklich mit aktuellen Herausforderungen auseinander und priorisierten die politischen Forderungen der Branche. Die Deutsche Industrie- und Handelskammer (DIHK) war Partner der Konferenz, und Dr. Ilja Nothnagel, Mitglied der Hauptgescha\u0308ftsfu\u0308hrung der Kammer, ero\u0308ffnete die Veranstaltung, wa\u0308hrend DIHK-Pra\u0308sident Peter Adrian in einem offenen Brief den bedeutenden Beitrag der Branche wu\u0308rdigte.<\/p>\n<p>Das Forderungsmemorandum der Bundeskonferenz fasst die dra\u0308ngenden Themen wie Fachkra\u0308fte, Nachhaltigkeit, Finanzen und globale Krisen zusammen und pra\u0308sentiert Lo\u0308sungen zur Sta\u0308rkung der Veranstaltungswirtschaft. Priorisierte Forderungen umfassen politische Ma\u00dfnahmen fu\u0308r nachhaltige Kreislaufwirtschaft, flexible Arbeitszeiterfassung, einheitliche Kriterien fu\u0308r o\u0308ffentliche Ausschreibungen sowie Unterstu\u0308tzung bei der Digitalisierung und Einfu\u0308hrung einer Arbeitslosenversicherung fu\u0308r Soloselbststa\u0308ndige.<\/p>\n<div class=\"page\" title=\"Page 12\">\n<div class=\"section\">\n<div class=\"layoutArea\">\n<div class=\"column\">\n<div id=\"attachment_16886\" style=\"width: 310px\" class=\"wp-caption alignright\"><a href=\"https:\/\/www.memo-media.de\/blog\/wp-content\/uploads\/2024\/01\/panel-iii-scaled.jpg\"><img aria-describedby=\"caption-attachment-16886\" decoding=\"async\" loading=\"lazy\" class=\"size-medium wp-image-16886\" src=\"https:\/\/www.memo-media.de\/blog\/wp-content\/uploads\/2024\/01\/panel-iii-300x200.jpg\" alt=\"Die Abgeordnete Lena Werner, SPD, setzt sich f\u00fcr die Eventbranche ein\" width=\"300\" height=\"200\" srcset=\"https:\/\/www.memo-media.de\/blog\/wp-content\/uploads\/2024\/01\/panel-iii-300x200.jpg 300w, https:\/\/www.memo-media.de\/blog\/wp-content\/uploads\/2024\/01\/panel-iii-1024x682.jpg 1024w, https:\/\/www.memo-media.de\/blog\/wp-content\/uploads\/2024\/01\/panel-iii-768x512.jpg 768w, https:\/\/www.memo-media.de\/blog\/wp-content\/uploads\/2024\/01\/panel-iii-1536x1023.jpg 1536w, https:\/\/www.memo-media.de\/blog\/wp-content\/uploads\/2024\/01\/panel-iii-2048x1365.jpg 2048w, https:\/\/www.memo-media.de\/blog\/wp-content\/uploads\/2024\/01\/panel-iii-335x223.jpg 335w, https:\/\/www.memo-media.de\/blog\/wp-content\/uploads\/2024\/01\/panel-iii-1050x700.jpg 1050w\" sizes=\"(max-width: 300px) 100vw, 300px\" \/><\/a><p id=\"caption-attachment-16886\" class=\"wp-caption-text\">Die Abgeordnete Lena Werner, SPD, setzt sich f\u00fcr die Eventbranche ein<\/p><\/div>\n<p>Fu\u0308r den ehrenamtlichen Vertreteri:nnenrat kandidierte unter anderem erneut Marcel Fery, Chef des Technikdienstleiters [memo_eintrag kundennummer=122004]TSE AG [\/memo_eintrag]aus Berlin. Er erhofft sich, dass die Bundeskonferenz mit ihrer Arbeit die Aufmerksamkeit der Politik fu\u0308r die Veranstaltungsbranche, die sie wa\u0308hrend der Coronapandemie erreicht hat, erhalten kann: \u00bbDamit wir niemals wieder zur vergessenen Branche werden!\u00ab Die Berliner [memo_kategorie id=291]Eventmanagerin[\/memo_kategorie] Juliane Schulski, Bereichskoordination fu\u0308r das Projektteam UEFA\/EURO 2024, ist seit langem in der Veranstaltungsbranche verwurzelt: \u00bbIch liebe sie und mo\u0308chte weiterhin meinen Beitrag leisten, sie zu erhalten und sie weiterzuentwickeln.\u00ab Der erfahrene Musik-Agent [memo_eintrag kundennummer=170318]Mike P. Heisel[\/memo_eintrag] sieht die Branche \u00bbheute auch besser geru\u0308stet und vernetzt als vor 23 Monaten\u00ab. Fu\u0308r den Soloselbststa\u0308ndigen David Eilkelberg ist Corona durch neue Themen abgelo\u0308st worden, die die Veranstaltungsbranche ebenso stark bedrohen.<\/p>\n<div class=\"page\" title=\"Page 12\">\n<div class=\"section\">\n<div class=\"layoutArea\">\n<div class=\"column\">\n<p>Kerstin Meisner, memo-media Verlag und Verlegerin der showcases fasst ihre Motivation weiter im Rat mitzumachen und zu kandidieren, zusammen:<\/p>\n<blockquote><p>\u00bbNach zwei Jahren im Rat der Vertreter:innen\u00a0finde ich es wichtig, diese Interessensvertretung, die aus der Pandemie entstanden ist, fest zu etablieren. Wir sind der sechstgro\u0308\u00dfte Wirtschaftszweig Deutschlands und mu\u0308ssen auch als dieser von der Politik gesehen und behandelt werden.\u00ab<\/p><\/blockquote>\n<p>In den Rat der Vertreter:innen wurden insgesamt zehn Ratsmitglieder gewa\u0308hlt. Da sind dann Christian Eichenberger, David Eickelberg, [memo_eintrag kundennummer=122004]Marcel Fery[\/memo_eintrag], Mike P. Heisel, Kerstin Meisner, Alexander Ostermaier, Juliane Schulzki, [memo_eintrag kundennummer=510936]Tobias Naujoks[\/memo_eintrag], Jo\u0308rg Schoch und Bjo\u0308rn Kempe.<\/p>\n<p>Drei Panels am Nachmittag beleuchteten verschiedene Aspekte der Branche. Ein Panel diskutierte nachhaltige [memo_kategorie id=295]Konzepte[\/memo_kategorie] mit politischer Beteiligung, das zweite Panel beleuchtete Fach- und Arbeitskra\u0308fte und das dritte Panel betonte den Mehrwert der Veranstaltungswirtschaft als treibende Kraft fu\u0308r die Entwicklung von Sta\u0308dten, Regionen und anderen Wirtschaftszweigen.<\/p>\n<div class=\"page\" title=\"Page 12\">\n<div class=\"section\">\n<div class=\"layoutArea\">\n<div class=\"column\">\n<p><a href=\"https:\/\/www.memo-media.de\/blog\/wp-content\/uploads\/2024\/01\/sabine-loos-scaled.jpg\"><img decoding=\"async\" loading=\"lazy\" class=\" wp-image-16885 alignleft\" src=\"https:\/\/www.memo-media.de\/blog\/wp-content\/uploads\/2024\/01\/sabine-loos-300x200.jpg\" alt=\"\" width=\"248\" height=\"165\" srcset=\"https:\/\/www.memo-media.de\/blog\/wp-content\/uploads\/2024\/01\/sabine-loos-300x200.jpg 300w, https:\/\/www.memo-media.de\/blog\/wp-content\/uploads\/2024\/01\/sabine-loos-1024x683.jpg 1024w, https:\/\/www.memo-media.de\/blog\/wp-content\/uploads\/2024\/01\/sabine-loos-768x512.jpg 768w, https:\/\/www.memo-media.de\/blog\/wp-content\/uploads\/2024\/01\/sabine-loos-1536x1024.jpg 1536w, https:\/\/www.memo-media.de\/blog\/wp-content\/uploads\/2024\/01\/sabine-loos-2048x1365.jpg 2048w, https:\/\/www.memo-media.de\/blog\/wp-content\/uploads\/2024\/01\/sabine-loos-335x223.jpg 335w, https:\/\/www.memo-media.de\/blog\/wp-content\/uploads\/2024\/01\/sabine-loos-1050x700.jpg 1050w\" sizes=\"(max-width: 248px) 100vw, 248px\" \/><\/a>Auch [memo_eintrag kundennummer=124158]Sabine Loos[\/memo_eintrag], die Hauptgescha\u0308ftsfu\u0308hrerin der Westfallenhalle Unternehmensgruppe, zieht ein positives Fazit: \u00bbDie kontinuierliche und enge Zusammenarbeit der Akteure in der Veranstaltungswirtschaft ist zentral, um die branchenspezifischen Herausforderungen effektiv zu meistern und innovative Ansa\u0308tze fu\u0308r einen der Hauptarbeitgeber in Deutschland zu\u00a0entwickeln. In diesem Kontext spielt die Bundeskonferenz der Veranstaltungswirtschaft eine Schlu\u0308sselrolle, indem sie eine ausgezeichnete [memo_kategorie id=1259]Bu\u0308hne[\/memo_kategorie] fu\u0308r den Austausch von Know-how und Erfahrungen bietet. Daru\u0308ber hinaus stellt die [memo_eintrag kundennummer=123752]BOE INTERNATIONAL[\/memo_eintrag], die im Januar in Dortmund stattfindet, eine hervorragende Fortsetzung fu\u0308r Networking-Aktivita\u0308ten dar. Als traditioneller Jahresauftakt ermo\u0308glicht sie es den Fachleuten der Eventbranche, sich u\u0308ber die neuesten Branchentrends zu informieren und wichtige Gescha\u0308ftsverbindungen zu etablieren.\u00ab<\/p>\n<\/div>\n<\/div>\n<\/div>\n<\/div>\n<\/div>\n<\/div>\n<\/div>\n<\/div>\n<\/div>\n<\/div>\n<\/div>\n<\/div>\n<\/div>\n<\/div>\n<\/div>\n<\/div>\n<\/div>\n<\/div>\n<\/div>\n<\/div>\n","protected":false},"excerpt":{"rendered":"<p>Die Bundeskonferenz Veranstaltungswirtschaft am 14. November 2023 in Berlin\u00a0brachte ma\u00dfgebliche Branchenvertreter:innen im [memo_eintrag kundennummer=142952]Axica Kongress- und Tageszentrum[\/memo_eintrag] zusammen. Abgeordnete, Unternehmensexpert:innen&#8230;<\/p>\n","protected":false},"author":7,"featured_media":16884,"comment_status":"closed","ping_status":"open","sticky":false,"template":"","format":"standard","meta":[],"categories":[5],"tags":[2676,2589,2999,3030,2919],"yoast_head":"<!-- This site is optimized with the Yoast SEO Premium plugin v20.5 (Yoast SEO v20.5) - https:\/\/yoast.com\/wordpress\/plugins\/seo\/ -->\n<title>BUNDESKONFERENZ ZEIGT SELBSTBEWUSSTSEIN<\/title>\n<meta name=\"description\" content=\"Die Bundeskonferenz Veranstaltungswirtschaft am 14.11.2023 in Berlin brachte ma\u00dfgebliche Branchenvertreter:innen f\u00fcr Diskussionen zusammen.\" \/>\n<meta name=\"robots\" content=\"index, follow, max-snippet:-1, max-image-preview:large, max-video-preview:-1\" \/>\n<link rel=\"canonical\" href=\"https:\/\/www.memo-media.de\/blog\/bundeskonferenz-zeigt-selbstbewusstsein\/\" \/>\n<meta property=\"og:locale\" content=\"de_DE\" \/>\n<meta property=\"og:type\" content=\"article\" \/>\n<meta property=\"og:title\" content=\"BUNDESKONFERENZ ZEIGT SELBSTBEWUSSTSEIN\" \/>\n<meta property=\"og:description\" content=\"Die Bundeskonferenz Veranstaltungswirtschaft am 14.11.2023 in Berlin brachte ma\u00dfgebliche Branchenvertreter:innen f\u00fcr Diskussionen zusammen.\" \/>\n<meta property=\"og:url\" content=\"https:\/\/www.memo-media.de\/blog\/bundeskonferenz-zeigt-selbstbewusstsein\/\" \/>\n<meta property=\"og:site_name\" content=\"memo-media Blog f\u00fcr die Eventplanung\" \/>\n<meta property=\"article:published_time\" content=\"2023-12-31T09:00:20+00:00\" \/>\n<meta property=\"article:modified_time\" content=\"2024-08-14T10:35:15+00:00\" \/>\n<meta property=\"og:image\" content=\"https:\/\/www.memo-media.de\/blog\/wp-content\/uploads\/2024\/01\/rat-der-vertreter-innen_2023-scaled.jpg\" \/>\n\t<meta property=\"og:image:width\" content=\"2560\" \/>\n\t<meta property=\"og:image:height\" content=\"1706\" \/>\n\t<meta property=\"og:image:type\" content=\"image\/jpeg\" \/>\n<meta name=\"author\" content=\"Katja Kaul\" \/>\n<meta name=\"twitter:label1\" content=\"Verfasst von\" \/>\n\t<meta name=\"twitter:data1\" content=\"Katja Kaul\" \/>\n\t<meta name=\"twitter:label2\" content=\"Gesch\u00e4tzte Lesezeit\" \/>\n\t<meta name=\"twitter:data2\" content=\"4\u00a0Minuten\" \/>\n<script type=\"application\/ld+json\" class=\"yoast-schema-graph\">{\"@context\":\"https:\/\/schema.org\",\"@graph\":[{\"@type\":\"WebPage\",\"@id\":\"https:\/\/www.memo-media.de\/blog\/bundeskonferenz-zeigt-selbstbewusstsein\/\",\"url\":\"https:\/\/www.memo-media.de\/blog\/bundeskonferenz-zeigt-selbstbewusstsein\/\",\"name\":\"BUNDESKONFERENZ ZEIGT SELBSTBEWUSSTSEIN\",\"isPartOf\":{\"@id\":\"https:\/\/www.memo-media.de\/blog\/#website\"},\"datePublished\":\"2023-12-31T09:00:20+00:00\",\"dateModified\":\"2024-08-14T10:35:15+00:00\",\"author\":{\"@id\":\"https:\/\/www.memo-media.de\/blog\/#\/schema\/person\/c4cdf4166ded65c78e2fbbad17461f7b\"},\"description\":\"Die Bundeskonferenz Veranstaltungswirtschaft am 14.11.2023 in Berlin brachte ma\u00dfgebliche Branchenvertreter:innen f\u00fcr Diskussionen zusammen.\",\"breadcrumb\":{\"@id\":\"https:\/\/www.memo-media.de\/blog\/bundeskonferenz-zeigt-selbstbewusstsein\/#breadcrumb\"},\"inLanguage\":\"de\",\"potentialAction\":[{\"@type\":\"ReadAction\",\"target\":[\"https:\/\/www.memo-media.de\/blog\/bundeskonferenz-zeigt-selbstbewusstsein\/\"]}]},{\"@type\":\"BreadcrumbList\",\"@id\":\"https:\/\/www.memo-media.de\/blog\/bundeskonferenz-zeigt-selbstbewusstsein\/#breadcrumb\",\"itemListElement\":[{\"@type\":\"ListItem\",\"position\":1,\"name\":\"Home\",\"item\":\"https:\/\/www.memo-media.de\/blog\/\"},{\"@type\":\"ListItem\",\"position\":2,\"name\":\"BUNDESKONFERENZ ZEIGT SELBSTBEWUSSTSEIN\"}]},{\"@type\":\"WebSite\",\"@id\":\"https:\/\/www.memo-media.de\/blog\/#website\",\"url\":\"https:\/\/www.memo-media.de\/blog\/\",\"name\":\"memo-media Blog f\u00fcr die Eventplanung\",\"description\":\"News und Facts aus der Eventbranche f\u00fcr die Eventbranche\",\"potentialAction\":[{\"@type\":\"SearchAction\",\"target\":{\"@type\":\"EntryPoint\",\"urlTemplate\":\"https:\/\/www.memo-media.de\/blog\/?s={search_term_string}\"},\"query-input\":\"required name=search_term_string\"}],\"inLanguage\":\"de\"},{\"@type\":\"Person\",\"@id\":\"https:\/\/www.memo-media.de\/blog\/#\/schema\/person\/c4cdf4166ded65c78e2fbbad17461f7b\",\"name\":\"Katja Kaul\",\"image\":{\"@type\":\"ImageObject\",\"inLanguage\":\"de\",\"@id\":\"https:\/\/www.memo-media.de\/blog\/#\/schema\/person\/image\/\",\"url\":\"https:\/\/www.memo-media.de\/blog\/wp-content\/uploads\/2014\/04\/katja-kaul-150x150.jpg\",\"contentUrl\":\"https:\/\/www.memo-media.de\/blog\/wp-content\/uploads\/2014\/04\/katja-kaul-150x150.jpg\",\"caption\":\"Katja Kaul\"},\"description\":\"Katja Kaul stammt aus dem Ruhrgebiet und schreibt seit 2009 unter ihrem Pseudonym f\u00fcr showcases. Sie ist K\u00fcnstlerin und Dramaturgin und verf\u00fcgt \u00fcber umfangreiche Eventerfahrung.\",\"url\":\"https:\/\/www.memo-media.de\/blog\/author\/katja-kaul\/\"}]}<\/script>\n<!-- \/ Yoast SEO Premium plugin. -->","yoast_head_json":{"title":"BUNDESKONFERENZ ZEIGT SELBSTBEWUSSTSEIN","description":"Die Bundeskonferenz Veranstaltungswirtschaft am 14.11.2023 in Berlin brachte ma\u00dfgebliche Branchenvertreter:innen f\u00fcr Diskussionen zusammen.","robots":{"index":"index","follow":"follow","max-snippet":"max-snippet:-1","max-image-preview":"max-image-preview:large","max-video-preview":"max-video-preview:-1"},"canonical":"https:\/\/www.memo-media.de\/blog\/bundeskonferenz-zeigt-selbstbewusstsein\/","og_locale":"de_DE","og_type":"article","og_title":"BUNDESKONFERENZ ZEIGT SELBSTBEWUSSTSEIN","og_description":"Die Bundeskonferenz Veranstaltungswirtschaft am 14.11.2023 in Berlin brachte ma\u00dfgebliche Branchenvertreter:innen f\u00fcr Diskussionen zusammen.","og_url":"https:\/\/www.memo-media.de\/blog\/bundeskonferenz-zeigt-selbstbewusstsein\/","og_site_name":"memo-media Blog f\u00fcr die Eventplanung","article_published_time":"2023-12-31T09:00:20+00:00","article_modified_time":"2024-08-14T10:35:15+00:00","og_image":[{"width":2560,"height":1706,"url":"https:\/\/www.memo-media.de\/blog\/wp-content\/uploads\/2024\/01\/rat-der-vertreter-innen_2023-scaled.jpg","type":"image\/jpeg"}],"author":"Katja Kaul","twitter_misc":{"Verfasst von":"Katja Kaul","Gesch\u00e4tzte Lesezeit":"4\u00a0Minuten"},"schema":{"@context":"https:\/\/schema.org","@graph":[{"@type":"WebPage","@id":"https:\/\/www.memo-media.de\/blog\/bundeskonferenz-zeigt-selbstbewusstsein\/","url":"https:\/\/www.memo-media.de\/blog\/bundeskonferenz-zeigt-selbstbewusstsein\/","name":"BUNDESKONFERENZ ZEIGT SELBSTBEWUSSTSEIN","isPartOf":{"@id":"https:\/\/www.memo-media.de\/blog\/#website"},"datePublished":"2023-12-31T09:00:20+00:00","dateModified":"2024-08-14T10:35:15+00:00","author":{"@id":"https:\/\/www.memo-media.de\/blog\/#\/schema\/person\/c4cdf4166ded65c78e2fbbad17461f7b"},"description":"Die Bundeskonferenz Veranstaltungswirtschaft am 14.11.2023 in Berlin brachte ma\u00dfgebliche Branchenvertreter:innen f\u00fcr Diskussionen zusammen.","breadcrumb":{"@id":"https:\/\/www.memo-media.de\/blog\/bundeskonferenz-zeigt-selbstbewusstsein\/#breadcrumb"},"inLanguage":"de","potentialAction":[{"@type":"ReadAction","target":["https:\/\/www.memo-media.de\/blog\/bundeskonferenz-zeigt-selbstbewusstsein\/"]}]},{"@type":"BreadcrumbList","@id":"https:\/\/www.memo-media.de\/blog\/bundeskonferenz-zeigt-selbstbewusstsein\/#breadcrumb","itemListElement":[{"@type":"ListItem","position":1,"name":"Home","item":"https:\/\/www.memo-media.de\/blog\/"},{"@type":"ListItem","position":2,"name":"BUNDESKONFERENZ ZEIGT SELBSTBEWUSSTSEIN"}]},{"@type":"WebSite","@id":"https:\/\/www.memo-media.de\/blog\/#website","url":"https:\/\/www.memo-media.de\/blog\/","name":"memo-media Blog f\u00fcr die Eventplanung","description":"News und Facts aus der Eventbranche f\u00fcr die Eventbranche","potentialAction":[{"@type":"SearchAction","target":{"@type":"EntryPoint","urlTemplate":"https:\/\/www.memo-media.de\/blog\/?s={search_term_string}"},"query-input":"required name=search_term_string"}],"inLanguage":"de"},{"@type":"Person","@id":"https:\/\/www.memo-media.de\/blog\/#\/schema\/person\/c4cdf4166ded65c78e2fbbad17461f7b","name":"Katja Kaul","image":{"@type":"ImageObject","inLanguage":"de","@id":"https:\/\/www.memo-media.de\/blog\/#\/schema\/person\/image\/","url":"https:\/\/www.memo-media.de\/blog\/wp-content\/uploads\/2014\/04\/katja-kaul-150x150.jpg","contentUrl":"https:\/\/www.memo-media.de\/blog\/wp-content\/uploads\/2014\/04\/katja-kaul-150x150.jpg","caption":"Katja Kaul"},"description":"Katja Kaul stammt aus dem Ruhrgebiet und schreibt seit 2009 unter ihrem Pseudonym f\u00fcr showcases. Sie ist K\u00fcnstlerin und Dramaturgin und verf\u00fcgt \u00fcber umfangreiche Eventerfahrung.","url":"https:\/\/www.memo-media.de\/blog\/author\/katja-kaul\/"}]}},"_links":{"self":[{"href":"https:\/\/www.memo-media.de\/blog\/wp-json\/wp\/v2\/posts\/16881"}],"collection":[{"href":"https:\/\/www.memo-media.de\/blog\/wp-json\/wp\/v2\/posts"}],"about":[{"href":"https:\/\/www.memo-media.de\/blog\/wp-json\/wp\/v2\/types\/post"}],"author":[{"embeddable":true,"href":"https:\/\/www.memo-media.de\/blog\/wp-json\/wp\/v2\/users\/7"}],"replies":[{"embeddable":true,"href":"https:\/\/www.memo-media.de\/blog\/wp-json\/wp\/v2\/comments?post=16881"}],"version-history":[{"count":4,"href":"https:\/\/www.memo-media.de\/blog\/wp-json\/wp\/v2\/posts\/16881\/revisions"}],"predecessor-version":[{"id":17682,"href":"https:\/\/www.memo-media.de\/blog\/wp-json\/wp\/v2\/posts\/16881\/revisions\/17682"}],"wp:featuredmedia":[{"embeddable":true,"href":"https:\/\/www.memo-media.de\/blog\/wp-json\/wp\/v2\/media\/16884"}],"wp:attachment":[{"href":"https:\/\/www.memo-media.de\/blog\/wp-json\/wp\/v2\/media?parent=16881"}],"wp:term":[{"taxonomy":"category","embeddable":true,"href":"https:\/\/www.memo-media.de\/blog\/wp-json\/wp\/v2\/categories?post=16881"},{"taxonomy":"post_tag","embeddable":true,"href":"https:\/\/www.memo-media.de\/blog\/wp-json\/wp\/v2\/tags?post=16881"}],"curies":[{"name":"wp","href":"https:\/\/api.w.org\/{rel}","templated":true}]}}