{"id":16679,"date":"2023-09-08T11:00:17","date_gmt":"2023-09-08T09:00:17","guid":{"rendered":"https:\/\/www.memo-media.de\/blog\/?p=16679"},"modified":"2023-11-13T12:11:35","modified_gmt":"2023-11-13T10:11:35","slug":"vorstellung-des-rats-der-vertreterinnen-der-bundeskonferenz-veranstaltungswirtschaft-marcel-fery","status":"publish","type":"post","link":"https:\/\/www.memo-media.de\/blog\/vorstellung-des-rats-der-vertreterinnen-der-bundeskonferenz-veranstaltungswirtschaft-marcel-fery\/","title":{"rendered":"Vorstellung des Rats der Vertreter:innen der Bundeskonferenz Veranstaltungswirtschaft &#8211; Marcel Fery"},"content":{"rendered":"<p><strong>Marcel, erz\u00e4hl von dir &#8211; wie bist du zur Veranstaltungsbranche gekommen? Was sind deine pers\u00f6nlichen Ziele?\u00a0<\/strong><\/p>\n<p>Ich arbeite seit 1986 in der Branche. Zuerst als [memo_kategorie id=2600]Tontechniker[\/memo_kategorie], live und im Studio. Ich habe Schallplatten engineert und produziert und war auf verschiedenen Tourneen in Europa und den USA. Au\u00dferdem habe ich meine Firma aufgebaut. Zuerst Total Sound und jetzt die [memo_eintrag kundennummer=122004]TSE AG[\/memo_eintrag] zusammen mit Partnern. Parallel habe ich verschiedene Sachen studiert und dann meinen BWL-Abschluss gemacht. Die Zusammenarbeit mit Menschen macht mir Spa\u00df.<\/p>\n<p>Da unsere Branche ein People Business ist, macht sie halt oft Spa\u00df. Das treibt mich an. Durch die Mitarbeit in der [memo_eintrag kundennummer=168130]Alarmstufe Rot[\/memo_eintrag] habe ich f\u00fcr mich selbst gelernt, dass politisch-gesellschaftliches Engagement wirklich zu konkreten Ergebnissen f\u00fchren kann. Da ich schon immer politisch interessiert war, sehe hier M\u00f6glichkeiten, zu gestalten.<\/p>\n<p><strong>Was erhoffst du dir von der Mitarbeit bei der BUKO?\u00a0<\/strong><\/p>\n<p>Die [memo_eintrag kundennummer=168958]BUKO[\/memo_eintrag] ist f\u00fcr mich in gewisser Weise die Fortf\u00fchrung der Alarmstufe Rot. Eine Grassroots-Bewegung, die einen stark partizipativen Ansatz verfolgt. Es sind teilweise auch die gleichen Akteure. Ich erhoffe mir, dass wir gemeinsam die Aufmerksamkeit der Politik f\u00fcr die Veranstaltungsbranche, die wir w\u00e4hrend der Coronapandemie endlich erreicht haben, auch in den n\u00e4chsten Jahren erhalten k\u00f6nnen, damit wir nie wieder zur vergessenen Branche werden.<\/p>\n<p><strong>Die Veranstaltungsbranche ist f\u00fcr mich &#8230; <\/strong>die beste Branche der Welt. Du musst Dich weiterentwickeln, sonst gehst Du unter. Es gibt sehr direkte Ergebnisse und Erfolgserlebnisse und es wird nie langweilig!\u00a0Sonst w\u00fcrde ich das nicht 37 Jahre lang machen.<\/p>\n<p><strong>Lieber Marcel, vielen Dank f\u00fcr das Gespr\u00e4ch und Dein Engagement!<\/strong><\/p>\n","protected":false},"excerpt":{"rendered":"<p>Marcel, erz\u00e4hl von dir &#8211; wie bist du zur Veranstaltungsbranche gekommen? Was sind deine pers\u00f6nlichen Ziele?\u00a0 Ich arbeite seit 1986&#8230;<\/p>\n","protected":false},"author":19,"featured_media":16682,"comment_status":"closed","ping_status":"open","sticky":false,"template":"","format":"standard","meta":[],"categories":[4],"tags":[2676,2589,2993,1943],"yoast_head":"<!-- This site is optimized with the Yoast SEO Premium plugin v20.5 (Yoast SEO v20.5) - https:\/\/yoast.com\/wordpress\/plugins\/seo\/ -->\n<title>Vorstellung des Rats der Vertreter:innen der Bundeskonferenz Veranstaltungswirtschaft - Marcel Fery<\/title>\n<meta name=\"description\" content=\"Marcel Fery kl\u00e4rt in diesem Interview auf, woher er kommt und was seine Motivation ist, bei der Bundeskonferenz mitzuarbeiten.\" \/>\n<meta name=\"robots\" content=\"index, follow, max-snippet:-1, max-image-preview:large, max-video-preview:-1\" \/>\n<link rel=\"canonical\" href=\"https:\/\/www.memo-media.de\/blog\/vorstellung-des-rats-der-vertreterinnen-der-bundeskonferenz-veranstaltungswirtschaft-marcel-fery\/\" \/>\n<meta property=\"og:locale\" content=\"de_DE\" \/>\n<meta property=\"og:type\" content=\"article\" \/>\n<meta property=\"og:title\" content=\"Vorstellung des Rats der Vertreter:innen der Bundeskonferenz Veranstaltungswirtschaft - Marcel Fery\" \/>\n<meta property=\"og:description\" content=\"Marcel Fery kl\u00e4rt in diesem Interview auf, woher er kommt und was seine Motivation ist, bei der Bundeskonferenz mitzuarbeiten.\" \/>\n<meta property=\"og:url\" content=\"https:\/\/www.memo-media.de\/blog\/vorstellung-des-rats-der-vertreterinnen-der-bundeskonferenz-veranstaltungswirtschaft-marcel-fery\/\" \/>\n<meta property=\"og:site_name\" content=\"memo-media Blog f\u00fcr die Eventplanung\" \/>\n<meta property=\"article:published_time\" content=\"2023-09-08T09:00:17+00:00\" \/>\n<meta property=\"article:modified_time\" content=\"2023-11-13T10:11:35+00:00\" \/>\n<meta property=\"og:image\" content=\"https:\/\/www.memo-media.de\/blog\/wp-content\/uploads\/2023\/11\/bildschirmfoto-2023-11-13-um-10.52.58.png\" \/>\n\t<meta property=\"og:image:width\" content=\"562\" \/>\n\t<meta property=\"og:image:height\" content=\"562\" \/>\n\t<meta property=\"og:image:type\" content=\"image\/png\" \/>\n<meta name=\"author\" content=\"The Author\" \/>\n<meta name=\"twitter:label1\" content=\"Verfasst von\" \/>\n\t<meta name=\"twitter:data1\" content=\"The Author\" \/>\n\t<meta name=\"twitter:label2\" content=\"Gesch\u00e4tzte Lesezeit\" \/>\n\t<meta name=\"twitter:data2\" content=\"2\u00a0Minuten\" \/>\n<script type=\"application\/ld+json\" class=\"yoast-schema-graph\">{\"@context\":\"https:\/\/schema.org\",\"@graph\":[{\"@type\":\"WebPage\",\"@id\":\"https:\/\/www.memo-media.de\/blog\/vorstellung-des-rats-der-vertreterinnen-der-bundeskonferenz-veranstaltungswirtschaft-marcel-fery\/\",\"url\":\"https:\/\/www.memo-media.de\/blog\/vorstellung-des-rats-der-vertreterinnen-der-bundeskonferenz-veranstaltungswirtschaft-marcel-fery\/\",\"name\":\"Vorstellung des Rats der Vertreter:innen der Bundeskonferenz Veranstaltungswirtschaft - Marcel Fery\",\"isPartOf\":{\"@id\":\"https:\/\/www.memo-media.de\/blog\/#website\"},\"datePublished\":\"2023-09-08T09:00:17+00:00\",\"dateModified\":\"2023-11-13T10:11:35+00:00\",\"author\":{\"@id\":\"https:\/\/www.memo-media.de\/blog\/#\/schema\/person\/103cc184a077bbdc64c2ee4644ca450f\"},\"description\":\"Marcel Fery kl\u00e4rt in diesem Interview auf, woher er kommt und was seine Motivation ist, bei der Bundeskonferenz mitzuarbeiten.\",\"breadcrumb\":{\"@id\":\"https:\/\/www.memo-media.de\/blog\/vorstellung-des-rats-der-vertreterinnen-der-bundeskonferenz-veranstaltungswirtschaft-marcel-fery\/#breadcrumb\"},\"inLanguage\":\"de\",\"potentialAction\":[{\"@type\":\"ReadAction\",\"target\":[\"https:\/\/www.memo-media.de\/blog\/vorstellung-des-rats-der-vertreterinnen-der-bundeskonferenz-veranstaltungswirtschaft-marcel-fery\/\"]}]},{\"@type\":\"BreadcrumbList\",\"@id\":\"https:\/\/www.memo-media.de\/blog\/vorstellung-des-rats-der-vertreterinnen-der-bundeskonferenz-veranstaltungswirtschaft-marcel-fery\/#breadcrumb\",\"itemListElement\":[{\"@type\":\"ListItem\",\"position\":1,\"name\":\"Home\",\"item\":\"https:\/\/www.memo-media.de\/blog\/\"},{\"@type\":\"ListItem\",\"position\":2,\"name\":\"Vorstellung des Rats der Vertreter:innen der Bundeskonferenz Veranstaltungswirtschaft &#8211; Marcel Fery\"}]},{\"@type\":\"WebSite\",\"@id\":\"https:\/\/www.memo-media.de\/blog\/#website\",\"url\":\"https:\/\/www.memo-media.de\/blog\/\",\"name\":\"memo-media Blog f\u00fcr die Eventplanung\",\"description\":\"News und Facts aus der Eventbranche f\u00fcr die Eventbranche\",\"potentialAction\":[{\"@type\":\"SearchAction\",\"target\":{\"@type\":\"EntryPoint\",\"urlTemplate\":\"https:\/\/www.memo-media.de\/blog\/?s={search_term_string}\"},\"query-input\":\"required name=search_term_string\"}],\"inLanguage\":\"de\"},{\"@type\":\"Person\",\"@id\":\"https:\/\/www.memo-media.de\/blog\/#\/schema\/person\/103cc184a077bbdc64c2ee4644ca450f\",\"name\":\"The Author\",\"image\":{\"@type\":\"ImageObject\",\"inLanguage\":\"de\",\"@id\":\"https:\/\/www.memo-media.de\/blog\/#\/schema\/person\/image\/\",\"url\":\"https:\/\/secure.gravatar.com\/avatar\/7ac2d3edb138058d96c04f7e9f242c22?s=96&d=mm&r=g\",\"contentUrl\":\"https:\/\/secure.gravatar.com\/avatar\/7ac2d3edb138058d96c04f7e9f242c22?s=96&d=mm&r=g\",\"caption\":\"The Author\"},\"url\":\"https:\/\/www.memo-media.de\/blog\/author\/the-author\/\"}]}<\/script>\n<!-- \/ Yoast SEO Premium plugin. -->","yoast_head_json":{"title":"Vorstellung des Rats der Vertreter:innen der Bundeskonferenz Veranstaltungswirtschaft - Marcel Fery","description":"Marcel Fery kl\u00e4rt in diesem Interview auf, woher er kommt und was seine Motivation ist, bei der Bundeskonferenz mitzuarbeiten.","robots":{"index":"index","follow":"follow","max-snippet":"max-snippet:-1","max-image-preview":"max-image-preview:large","max-video-preview":"max-video-preview:-1"},"canonical":"https:\/\/www.memo-media.de\/blog\/vorstellung-des-rats-der-vertreterinnen-der-bundeskonferenz-veranstaltungswirtschaft-marcel-fery\/","og_locale":"de_DE","og_type":"article","og_title":"Vorstellung des Rats der Vertreter:innen der Bundeskonferenz Veranstaltungswirtschaft - Marcel Fery","og_description":"Marcel Fery kl\u00e4rt in diesem Interview auf, woher er kommt und was seine Motivation ist, bei der Bundeskonferenz mitzuarbeiten.","og_url":"https:\/\/www.memo-media.de\/blog\/vorstellung-des-rats-der-vertreterinnen-der-bundeskonferenz-veranstaltungswirtschaft-marcel-fery\/","og_site_name":"memo-media Blog f\u00fcr die Eventplanung","article_published_time":"2023-09-08T09:00:17+00:00","article_modified_time":"2023-11-13T10:11:35+00:00","og_image":[{"width":562,"height":562,"url":"https:\/\/www.memo-media.de\/blog\/wp-content\/uploads\/2023\/11\/bildschirmfoto-2023-11-13-um-10.52.58.png","type":"image\/png"}],"author":"The Author","twitter_misc":{"Verfasst von":"The Author","Gesch\u00e4tzte Lesezeit":"2\u00a0Minuten"},"schema":{"@context":"https:\/\/schema.org","@graph":[{"@type":"WebPage","@id":"https:\/\/www.memo-media.de\/blog\/vorstellung-des-rats-der-vertreterinnen-der-bundeskonferenz-veranstaltungswirtschaft-marcel-fery\/","url":"https:\/\/www.memo-media.de\/blog\/vorstellung-des-rats-der-vertreterinnen-der-bundeskonferenz-veranstaltungswirtschaft-marcel-fery\/","name":"Vorstellung des Rats der Vertreter:innen der Bundeskonferenz Veranstaltungswirtschaft - Marcel Fery","isPartOf":{"@id":"https:\/\/www.memo-media.de\/blog\/#website"},"datePublished":"2023-09-08T09:00:17+00:00","dateModified":"2023-11-13T10:11:35+00:00","author":{"@id":"https:\/\/www.memo-media.de\/blog\/#\/schema\/person\/103cc184a077bbdc64c2ee4644ca450f"},"description":"Marcel Fery kl\u00e4rt in diesem Interview auf, woher er kommt und was seine Motivation ist, bei der Bundeskonferenz mitzuarbeiten.","breadcrumb":{"@id":"https:\/\/www.memo-media.de\/blog\/vorstellung-des-rats-der-vertreterinnen-der-bundeskonferenz-veranstaltungswirtschaft-marcel-fery\/#breadcrumb"},"inLanguage":"de","potentialAction":[{"@type":"ReadAction","target":["https:\/\/www.memo-media.de\/blog\/vorstellung-des-rats-der-vertreterinnen-der-bundeskonferenz-veranstaltungswirtschaft-marcel-fery\/"]}]},{"@type":"BreadcrumbList","@id":"https:\/\/www.memo-media.de\/blog\/vorstellung-des-rats-der-vertreterinnen-der-bundeskonferenz-veranstaltungswirtschaft-marcel-fery\/#breadcrumb","itemListElement":[{"@type":"ListItem","position":1,"name":"Home","item":"https:\/\/www.memo-media.de\/blog\/"},{"@type":"ListItem","position":2,"name":"Vorstellung des Rats der Vertreter:innen der Bundeskonferenz Veranstaltungswirtschaft &#8211; Marcel Fery"}]},{"@type":"WebSite","@id":"https:\/\/www.memo-media.de\/blog\/#website","url":"https:\/\/www.memo-media.de\/blog\/","name":"memo-media Blog f\u00fcr die Eventplanung","description":"News und Facts aus der Eventbranche f\u00fcr die Eventbranche","potentialAction":[{"@type":"SearchAction","target":{"@type":"EntryPoint","urlTemplate":"https:\/\/www.memo-media.de\/blog\/?s={search_term_string}"},"query-input":"required name=search_term_string"}],"inLanguage":"de"},{"@type":"Person","@id":"https:\/\/www.memo-media.de\/blog\/#\/schema\/person\/103cc184a077bbdc64c2ee4644ca450f","name":"The Author","image":{"@type":"ImageObject","inLanguage":"de","@id":"https:\/\/www.memo-media.de\/blog\/#\/schema\/person\/image\/","url":"https:\/\/secure.gravatar.com\/avatar\/7ac2d3edb138058d96c04f7e9f242c22?s=96&d=mm&r=g","contentUrl":"https:\/\/secure.gravatar.com\/avatar\/7ac2d3edb138058d96c04f7e9f242c22?s=96&d=mm&r=g","caption":"The Author"},"url":"https:\/\/www.memo-media.de\/blog\/author\/the-author\/"}]}},"_links":{"self":[{"href":"https:\/\/www.memo-media.de\/blog\/wp-json\/wp\/v2\/posts\/16679"}],"collection":[{"href":"https:\/\/www.memo-media.de\/blog\/wp-json\/wp\/v2\/posts"}],"about":[{"href":"https:\/\/www.memo-media.de\/blog\/wp-json\/wp\/v2\/types\/post"}],"author":[{"embeddable":true,"href":"https:\/\/www.memo-media.de\/blog\/wp-json\/wp\/v2\/users\/19"}],"replies":[{"embeddable":true,"href":"https:\/\/www.memo-media.de\/blog\/wp-json\/wp\/v2\/comments?post=16679"}],"version-history":[{"count":5,"href":"https:\/\/www.memo-media.de\/blog\/wp-json\/wp\/v2\/posts\/16679\/revisions"}],"predecessor-version":[{"id":16685,"href":"https:\/\/www.memo-media.de\/blog\/wp-json\/wp\/v2\/posts\/16679\/revisions\/16685"}],"wp:featuredmedia":[{"embeddable":true,"href":"https:\/\/www.memo-media.de\/blog\/wp-json\/wp\/v2\/media\/16682"}],"wp:attachment":[{"href":"https:\/\/www.memo-media.de\/blog\/wp-json\/wp\/v2\/media?parent=16679"}],"wp:term":[{"taxonomy":"category","embeddable":true,"href":"https:\/\/www.memo-media.de\/blog\/wp-json\/wp\/v2\/categories?post=16679"},{"taxonomy":"post_tag","embeddable":true,"href":"https:\/\/www.memo-media.de\/blog\/wp-json\/wp\/v2\/tags?post=16679"}],"curies":[{"name":"wp","href":"https:\/\/api.w.org\/{rel}","templated":true}]}}