{"id":16603,"date":"2023-11-05T11:00:42","date_gmt":"2023-11-05T09:00:42","guid":{"rendered":"https:\/\/www.memo-media.de\/blog\/?p=16603"},"modified":"2023-10-16T11:30:23","modified_gmt":"2023-10-16T09:30:23","slug":"inklusion-zugang-schaffen-fuer-alle","status":"publish","type":"post","link":"https:\/\/www.memo-media.de\/blog\/inklusion-zugang-schaffen-fuer-alle\/","title":{"rendered":"Zugang schaffen f\u00fcr alle"},"content":{"rendered":"<div class=\"page\" title=\"Page 1\">\n<div class=\"section\">\n<div class=\"layoutArea\">\n<div class=\"column\">\n<p><em>Inklusion hei\u00dft, Kultur und Events fu\u0308r alle zuga\u0308nglich zu machen. Und das von allen Seiten. Also vor und auf der Bu\u0308hne und auch in den organisatorischen Strukturen. Wie sieht es darum aus und was muss noch getan werden? Fragen, die wir vier Expert:innen stellten.<\/em><\/p>\n<div class=\"page\" title=\"Page 1\">\n<div class=\"section\">\n<div class=\"layoutArea\">\n<div class=\"column\">\n<div id=\"attachment_16608\" style=\"width: 137px\" class=\"wp-caption alignleft\"><a href=\"https:\/\/www.memo-media.de\/blog\/wp-content\/uploads\/2023\/10\/silke_pan_ritratto.jpg\"><img aria-describedby=\"caption-attachment-16608\" decoding=\"async\" loading=\"lazy\" class=\"wp-image-16608\" src=\"https:\/\/www.memo-media.de\/blog\/wp-content\/uploads\/2023\/10\/silke_pan_ritratto-200x300.jpg\" alt=\"Silke Pan kann ihren Job als Artistin auch nach dem Unfall weiterhin aus\u00fcben.\" width=\"127\" height=\"191\" srcset=\"https:\/\/www.memo-media.de\/blog\/wp-content\/uploads\/2023\/10\/silke_pan_ritratto-200x300.jpg 200w, https:\/\/www.memo-media.de\/blog\/wp-content\/uploads\/2023\/10\/silke_pan_ritratto-683x1024.jpg 683w, https:\/\/www.memo-media.de\/blog\/wp-content\/uploads\/2023\/10\/silke_pan_ritratto-768x1151.jpg 768w, https:\/\/www.memo-media.de\/blog\/wp-content\/uploads\/2023\/10\/silke_pan_ritratto-1025x1536.jpg 1025w, https:\/\/www.memo-media.de\/blog\/wp-content\/uploads\/2023\/10\/silke_pan_ritratto-335x502.jpg 335w, https:\/\/www.memo-media.de\/blog\/wp-content\/uploads\/2023\/10\/silke_pan_ritratto-1050x1574.jpg 1050w, https:\/\/www.memo-media.de\/blog\/wp-content\/uploads\/2023\/10\/silke_pan_ritratto.jpg 1334w\" sizes=\"(max-width: 127px) 100vw, 127px\" \/><\/a><p id=\"caption-attachment-16608\" class=\"wp-caption-text\">Silke Pan kann ihren Job als Artistin auch nach dem Unfall weiterhin aus\u00fcben.<\/p><\/div>\n<p><strong>Silke Pan<\/strong> ist [memo_kategorie id=1275]Artistin[\/memo_kategorie] und das ist sie auch noch nach einem Unfall, der sie in den Rollstuhl zwang. Mit Handstandartistik begeistert sie in den Manegen Europas. Gerade steht Zirkus in Italien an. [memo_eintrag kundennummer=139456]Elisabeth Plum [\/memo_eintrag]ist ebenfalls Rollstuhlfahrerin. Sie konzentriert sich in ihrem Beruf auf das Wirken hinter den Kulissen: Sie ist Agentin der [memo_kategorie id=1421]Kabarettisten[\/memo_kategorie] Ju\u0308rgen Becker und Konrad Beikircher. Der in Wien lebende Regisseur und Choreograf Giorgio Madia inszeniert nicht nur [memo_kategorie id=848]Ballett[\/memo_kategorie] und die gro\u00dfe Oper, sondern auch die \u00bbPariete\u0301-Gala\u00ab mit behinderten und nichtbehinderten Artistinnen. [memo_eintrag kundennummer=163607]Michael Pigl[\/memo_eintrag] ist Gru\u0308nder des inklusiven Circus Sonnenstich in Berlin und Mitgru\u0308nder des Zentrum fu\u0308r bewegte Kunst, das auch ein guter Partner fu\u0308r Events ist.<\/p>\n<div class=\"page\" title=\"Page 2\">\n<div class=\"section\">\n<div class=\"layoutArea\">\n<div class=\"column\">\n<h3>Wie beurteilst Du die Sichtbarkeit von Menschen mit Behinderung in Film, Fernsehen und auf Bu\u0308hnen?<\/h3>\n<p><strong>Giorgio Madia:<\/strong> Ich kann die Auffu\u0308hrungen, die ich auf der ganzen Welt gesehen habe und in denen Inklusion in Mainstream-Theatern gezeigt wird, an einer Hand abza\u0308hlen. Der wunderbare Thomas Quasthoff und einige andere in den Hauptrollen bleiben aber Randfiguren. Weit davon entfernt, a\u0308hnlich wie bei der \u00bbGeschlechterquote\u00ab fu\u0308r Behinderungen eine gesetzliche Quote zu fordern, sollten sie meiner Meinung nach dennoch mindestens so oft dargestellt werden, wie sie in der Gesellschaft existieren. In meiner perso\u0308nlichen Perspektive, eine kreative Sicht, spielt die Einzigartigkeit eine herausragende Rolle. Die faszinierenden Entdeckungen, die ich in den letzten Jahren beim Schaffen von Inklusionstheater mit Ku\u0308nstlerinnen und Ku\u0308nstlern unterschiedlicher Fa\u0308higkeiten gemacht habe, inspirieren und motivieren mich.<\/p>\n<div class=\"page\" title=\"Page 2\">\n<div class=\"section\">\n<div class=\"layoutArea\">\n<div class=\"column\">\n<p><strong>Silke Pan:<\/strong> Bei einer ersten Begegnung mit behinderten Ku\u0308nstlerinnen und Ku\u0308nstlern gibt es oft eine gewisse Spannung. Das liegt wahrscheinlich daran, dass man die Behinderung dieser Person nicht kennt und dann vielleicht mit etwas Furcht oder Abneigung reagiert. Ich denke aber, dass die O\u0308ffentlichkeit oder die Medien intelligent genug sind, um das Talent von Ku\u0308nstlerinnen und Ku\u0308nstlern zu erkennen, unabha\u0308ngig davon, ob eine Behinderung vorliegt oder nicht. In erster Linie mu\u0308ssen Ku\u0308nstlerinnen und Ku\u0308nstler ja durch ihr Ko\u0308nnen und ihre Ausstrahlung u\u0308berzeugen. Allerdings sind manche Talente aufgrund einer Behinderung sublimiert und durch die U\u0308berwindung der Behinderung ko\u0308nnen starke Emotionen geschaffen werden. Die Zuschauenden genie\u00dfen es auch, den Kampf, die Willenskraft und die Entschlossenheit der Ku\u0308nstlerinnen und Ku\u0308nstler mit Behinderung zu sehen.<\/p>\n<div class=\"page\" title=\"Page 2\">\n<div class=\"section\">\n<div class=\"layoutArea\">\n<div class=\"column\">\n<blockquote><p>Ich kann die Auffu\u0308hrungen, die ich auf<br \/>\nder ganzen Welt gesehen habe und in denen Inklusion in Mainstream-Theatern gezeigt wird, an einer Hand abza\u0308hlen.<\/p><\/blockquote>\n<div class=\"page\" title=\"Page 2\">\n<div class=\"section\">\n<div class=\"layoutArea\">\n<div class=\"column\">\n<p><strong>Elisabeth Plum:<\/strong> Sagen wir mal so, es gibt heute mehr behinderte Menschen im Film und auf Bu\u0308hnen. Wer den Mu\u0308nsteraner Tatort liebt, fu\u0308r den ist Kleinwu\u0308chsigkeit quasi eine normale Spielart des menschlichen Seins geworden, so selbstversta\u0308ndlich und kompetent agiert die Rechtsmedizinerin Silke Haller (gespielt von ChrisTine Urspruch) neben dem eitlen Pathologie Professor Boerne (Jan Josef Liefers). Auch Tan Caglar ist als [memo_kategorie id=1416]Comedian[\/memo_kategorie] bundesweit unterwegs und als erster rollstuhlnutzender Fernseharzt in der popula\u0308ren TV-Serie \u00bbIn aller Freundschaft\u00ab ist das ein Schritt in die richtige Richtung.<\/p>\n<div class=\"page\" title=\"Page 3\">\n<div class=\"section\">\n<div class=\"layoutArea\">\n<div class=\"column\">\n<blockquote><p>Menschen mit Behinderungen und diversen Lebenshintergru\u0308nden mu\u0308ssen selbstversta\u0308ndlich in Film- und Fernsehrollen mitbesetzt werden.<\/p><\/blockquote>\n<div class=\"page\" title=\"Page 3\">\n<div class=\"section\">\n<div class=\"layoutArea\">\n<div class=\"column\">\n<p>Das sollte allerdings nicht daru\u0308ber hinwegta\u0308uschen, dass behinderte Menschen auf [memo_kategorie id=3404]Bu\u0308hnen[\/memo_kategorie] und in Fernsehstudios prozentual viel seltener zu sehen sind \u2013 gemessen an der Anzahl in der Bevo\u0308lkerung. Da sind es dann doch noch ein paar Schritte zur gleichberechtigten Teilhabe.<\/p>\n<p><strong>Michael Pigl:<\/strong> Die Special Olympics World Games waren fu\u0308r mich in diesem Sommer eine wunderbare Vorlage. Insbesondere der Fernsehsender Sky war fu\u0308r mich ein Vorbild: Die Berichterstattung lag vollkommen selbstversta\u0308ndlich in den Ha\u0308nden eines Tandems von einem Menschen mit und einem Menschen ohne Behinderung, das gemeinsam die Sportveranstaltungen kommentiert hat. Damit sind unterschiedliche Kompetenzen und Sichtweisen ganz selbstversta\u0308ndlich und gleichzeitig sehr unterhaltsam zusammengeflossen. Was fu\u0308r eine Lebendigkeit! Das kann beispielhaft fu\u0308r die Zukunft sein.<\/p>\n<div class=\"page\" title=\"Page 3\">\n<div class=\"section\">\n<div class=\"layoutArea\">\n<div class=\"column\">\n<h3>Was sind die wichtigsten Schritte fu\u0308r den Zugang des Publikums?<\/h3>\n<div id=\"attachment_16614\" style=\"width: 133px\" class=\"wp-caption alignleft\"><a href=\"https:\/\/www.memo-media.de\/blog\/wp-content\/uploads\/2023\/10\/elisabeth-plum-04-final-variante-2-chagen-willsch.jpg\"><img aria-describedby=\"caption-attachment-16614\" decoding=\"async\" loading=\"lazy\" class=\"wp-image-16614\" src=\"https:\/\/www.memo-media.de\/blog\/wp-content\/uploads\/2023\/10\/elisabeth-plum-04-final-variante-2-chagen-willsch-200x300.jpg\" alt=\"Elisabeth Plum ist Agentin der Kabarettisten J\u00fcrgen Becker und Konrad Beikircher.\" width=\"123\" height=\"184\" srcset=\"https:\/\/www.memo-media.de\/blog\/wp-content\/uploads\/2023\/10\/elisabeth-plum-04-final-variante-2-chagen-willsch-200x300.jpg 200w, https:\/\/www.memo-media.de\/blog\/wp-content\/uploads\/2023\/10\/elisabeth-plum-04-final-variante-2-chagen-willsch-682x1024.jpg 682w, https:\/\/www.memo-media.de\/blog\/wp-content\/uploads\/2023\/10\/elisabeth-plum-04-final-variante-2-chagen-willsch-768x1152.jpg 768w, https:\/\/www.memo-media.de\/blog\/wp-content\/uploads\/2023\/10\/elisabeth-plum-04-final-variante-2-chagen-willsch-1024x1536.jpg 1024w, https:\/\/www.memo-media.de\/blog\/wp-content\/uploads\/2023\/10\/elisabeth-plum-04-final-variante-2-chagen-willsch-335x503.jpg 335w, https:\/\/www.memo-media.de\/blog\/wp-content\/uploads\/2023\/10\/elisabeth-plum-04-final-variante-2-chagen-willsch-1050x1575.jpg 1050w, https:\/\/www.memo-media.de\/blog\/wp-content\/uploads\/2023\/10\/elisabeth-plum-04-final-variante-2-chagen-willsch.jpg 1181w\" sizes=\"(max-width: 123px) 100vw, 123px\" \/><\/a><p id=\"caption-attachment-16614\" class=\"wp-caption-text\">Elisabeth Plum ist Agentin der Kabarettisten J\u00fcrgen Becker und Konrad Beikircher.<\/p><\/div>\n<p><strong>EP:<\/strong> Es ist langweilig, es immer zu wiederholen, aber: [memo_kategorie id=2463]Rampen[\/memo_kategorie] und Aufzu\u0308ge, Rollstuhltoiletten, taktile Leitysteme fu\u0308r Blinde, Induktionsschleifen fu\u0308r Ho\u0308rgescha\u0308digte in Veranstaltungssta\u0308tten und Untertitel im Kino sind wichtige Schritte zur Inklusion. Mindestens genauso wichtig finde ich aber das Mindset. Wird echte Teilhabe wirklich angestrebt? Dann darf man zum Beispiel nicht Rollstuhlpla\u0308tze mit nur einer Begleitperson definieren, sondern man akzeptiert, dass auch Rollstuhlfahrer:innen mit mehreren Freunden eine Veranstaltung besuchen und zusammensitzen mo\u0308chten. Und wenn der Aufzug kaputt ist, tra\u0308gt man auch mal einen Rollstuhl hoch. Fast alles ist mo\u0308glich, wenn viele es wollen.<\/p>\n<p><strong>GM:<\/strong> Barrierefreiheit in jeder Hinsicht: in Bezug auf die Architektur und besonders auch bei der Kommunikation. Da mu\u0308ssen konsequent neue Wege beschritten werden.<\/p>\n<h3><span style=\"font-family: 'Open Sans';\">Was sind die wichtigsten Schritte fu\u0308r die Inklusion auf Bu\u0308hnen, vor der Kamera und auf der Leinwand?<\/span><\/h3>\n<div class=\"page\" title=\"Page 3\">\n<div class=\"section\">\n<div class=\"layoutArea\">\n<div class=\"column\">\n<p><strong>GM:<\/strong> Auch wenn es auf der Leinwand etwas besser ist als im Theater, liegt die Sichtbartkeit inklusiver Darstellerinnen und Darsteller in den Ha\u0308nden der Regisseur:innen und Produktionsfirmen. Teilweise schlagen sie selbst ihre Vision vor, teilweise gehen sie auf die Nachfrage des Publikums ein. Wir hatten das Glu\u0308ck, uns bei der gemeinnu\u0308tzigen Organisation <a href=\"https:\/\/via-berlin.de\">VIA Berlin<\/a> zu treffen, die als Institution beschlie\u00dft, in inklusive Kunst zu investieren, um mit meiner Hilfe eine Botschaft zu vermitteln, die sich alle zu Herzen nehmen sollten.<\/p>\n<div class=\"page\" title=\"Page 3\">\n<div class=\"section\">\n<div class=\"layoutArea\">\n<div class=\"column\">\n<p><strong>EP<\/strong>: Hier gilt dasselbe wie fu\u0308r die Inklusion im Publikum. Viele Bu\u0308hnen, [memo_kategorie id=163]Theater[\/memo_kategorie] und Fernsehstudios sind nicht barrierefrei und mit dieser Begru\u0308ndung werden behinderte Schauspielerinnen und Schauspieler immer wieder abgelehnt, weil der \u00bbBetreuungsaufwand\u00ab zu gro\u00df sei.<\/p>\n<div id=\"attachment_16620\" style=\"width: 310px\" class=\"wp-caption alignright\"><a href=\"https:\/\/www.memo-media.de\/blog\/wp-content\/uploads\/2023\/10\/giorgio-madia-yan-revazov-jpg-format-4-scaled.jpg\"><img aria-describedby=\"caption-attachment-16620\" decoding=\"async\" loading=\"lazy\" class=\"wp-image-16620 size-medium\" src=\"https:\/\/www.memo-media.de\/blog\/wp-content\/uploads\/2023\/10\/giorgio-madia-yan-revazov-jpg-format-4-300x200.jpg\" alt=\"Regisseur und Choreograf Giorgio Madia inszeniert die \u00bbPariet\u00e9-Gala\u00ab mit behinderten und nichtbehinderten Artistinnen und sorgt so f\u00fcr Inklusion.\" width=\"300\" height=\"200\" srcset=\"https:\/\/www.memo-media.de\/blog\/wp-content\/uploads\/2023\/10\/giorgio-madia-yan-revazov-jpg-format-4-300x200.jpg 300w, https:\/\/www.memo-media.de\/blog\/wp-content\/uploads\/2023\/10\/giorgio-madia-yan-revazov-jpg-format-4-1024x683.jpg 1024w, https:\/\/www.memo-media.de\/blog\/wp-content\/uploads\/2023\/10\/giorgio-madia-yan-revazov-jpg-format-4-768x512.jpg 768w, https:\/\/www.memo-media.de\/blog\/wp-content\/uploads\/2023\/10\/giorgio-madia-yan-revazov-jpg-format-4-1536x1024.jpg 1536w, https:\/\/www.memo-media.de\/blog\/wp-content\/uploads\/2023\/10\/giorgio-madia-yan-revazov-jpg-format-4-2048x1365.jpg 2048w, https:\/\/www.memo-media.de\/blog\/wp-content\/uploads\/2023\/10\/giorgio-madia-yan-revazov-jpg-format-4-335x223.jpg 335w, https:\/\/www.memo-media.de\/blog\/wp-content\/uploads\/2023\/10\/giorgio-madia-yan-revazov-jpg-format-4-1050x700.jpg 1050w\" sizes=\"(max-width: 300px) 100vw, 300px\" \/><\/a><p id=\"caption-attachment-16620\" class=\"wp-caption-text\">Regisseur und Choreograf Giorgio Madia inszeniert die \u00bbPariet\u00e9-Gala\u00ab mit behinderten und nichtbehinderten Artistinnen.<\/p><\/div>\n<p><strong>MP:<\/strong> Menschen mit Behinderungen und diversen Lebenshintergru\u0308nden mu\u0308ssen selbstversta\u0308ndlich in Film- und Fernsehrollen mitbesetzt werden. Und zwar nicht mit dem Fokus, dass sie \u00bbtrotz besonderer Einschra\u0308nkungen\u00ab ihr Leben meistern, sondern kraft ihrer Perso\u0308nlichkeit ihren Lebensweg gehen. Und auch nicht \u2013 wie es leider immer noch oft passiert \u2013 dafu\u0308r herhalten mu\u0308ssen, um mit Positiv-Stereotypen wie die von stets gut gelaunten Down-Syndrom-Menschen, unempathische, verkno\u0308cherte Menschen zu retten. Herausragend ist fu\u0308r mich die argentinische Serie \u00bb1 Meter 20\u00ab, die in sechs Teilen der 17-ja\u0308hrigen Hauptdarstellerin Juana folgt, die ganz frei und aktiv ihre Sexualita\u0308t erleben will. Dabei la\u0308sst sie sich nicht behindern \u2013 auch nicht von ihrem Rollstuhl. Gleichzeitig engagiert sie sich schulpolitisch im Kampf um Sexualkundeunterricht. Aus der Perspektive einer jungen Frau werden die Zuschauenden auf eine selbstversta\u0308ndliche Reise zu den Themen Inklusion, diverse Ko\u0308rperbilder, einvernehmlicher Sex und Selbstfindung mitgenommen. Ein wunderbarer Selbsterma\u0308chtigungsprozess!<\/p>\n<p><strong>SP:<\/strong> Inklusion bedeutet nicht, dass Ku\u0308nstlerinnen und Ku\u0308nstler, die ein durchschnittliches Niveau haben, als besonders dargestellt werden, nur weil sie eine Behinderung haben. Die Schwierigkeit fu\u0308r Ku\u0308nstlerinnen und Ku\u0308nstler mit Behinderung ist die gleiche wie fu\u0308r Nichtbehinderte: Sie mu\u0308ssen den Stil und die Performance finden, die den Erwartungen der Regie entsprechen, um damit die Qualita\u0308t der Auffu\u0308hrung oder des Films zu erho\u0308hen. Ein Regisseur oder eine Regisseurin wird Ku\u0308nstlerinnen und Ku\u0308nstler engagieren, wenn er bzw. sie an ihnen ein Interesse findet. Daraufhin wird man Lo\u0308sungen suchen, um Zuga\u0308nglichkeit zu schaffen, falls die Behinderung der Ku\u0308nstlerinnen oder Ku\u0308nstler dies erfordert.<\/p>\n<h3>Welche gesellschaftlichen und politischen Forderungen stellst Du?<\/h3>\n<p><strong>SP:<\/strong> Die Zuga\u0308nglichkeit sollte kein Hindernis mehr sein. Wenn eine Direktion an den Qualita\u0308ten einer Ku\u0308nstlerin oder eines Ku\u0308nstlers mit Behinderung interessiert ist, sollte diese in diesem Moment Barrierefreiheit herstellen ko\u0308nnen. Wenn man die Inklusion fo\u0308rdern will, sollte man die Unternehmer:innen nicht entmutigen, indem man sie alleine la\u0308sst. Man sollte ihnen Lo\u0308sungen zur Verfu\u0308gung stellen, um Ku\u0308nstlerinnen und Ku\u0308nstler mit Behinderung einstellen zu ko\u0308nnen.<\/p>\n<div class=\"page\" title=\"Page 3\">\n<div class=\"section\">\n<div class=\"layoutArea\">\n<div class=\"column\">\n<blockquote><p>Inklusion bedeutet nicht, dass Ku\u0308nstlerinnen und Ku\u0308nstler, die ein durchschnittliches Niveau haben, als besonders dargestellt werden, nur weil sie eine Behinderung haben.<\/p><\/blockquote>\n<div class=\"page\" title=\"Page 4\">\n<div class=\"section\">\n<div class=\"layoutArea\">\n<div class=\"column\">\n<p><strong>EP:<\/strong> Der Abbau diskriminierender Vorschriften der Versammlungssta\u0308ttenverordnung wa\u0308re ein Punkt. Die Umsetzung des Artikel 30 der UN-Behindertenrechtskonvention zur kulturellen Teilhabe. Dieser Artikel ist seit dem 26. Ma\u0308rz 2009 geltendes Recht in Deutschland. Hier geht es um die Auflo\u0308sung der Unterscheidung von Betroffenen (Menschen mit Behinderung) und Nichtbetroffenen (Menschen ohne Behinderung), denn Inklusion kann allen nutzen.<\/p>\n<p><strong>GM:<\/strong> Eine sta\u0308rkere institutionelle finanzielle Unterstu\u0308tzung wu\u0308rde die \u00bbgla\u0308serne Decke\u00ab durchbrechen, sodass in Zukunft gar kei- ne Unterstu\u0308tzung mehr notwendig wa\u0308re, wenn die Praxis zur Selbstversta\u0308ndlichkeit wird.<\/p>\n<div id=\"attachment_16609\" style=\"width: 159px\" class=\"wp-caption alignleft\"><a href=\"https:\/\/www.memo-media.de\/blog\/wp-content\/uploads\/2023\/10\/michael-pigl-credits-sandra-schuck-scaled.jpg\"><img aria-describedby=\"caption-attachment-16609\" decoding=\"async\" loading=\"lazy\" class=\" wp-image-16609\" src=\"https:\/\/www.memo-media.de\/blog\/wp-content\/uploads\/2023\/10\/michael-pigl-credits-sandra-schuck-225x300.jpg\" alt=\"Michael Pigl, der Gr\u00fcnder des inklusiven Circus Sonnenstich in Berlin.\" width=\"149\" height=\"199\" srcset=\"https:\/\/www.memo-media.de\/blog\/wp-content\/uploads\/2023\/10\/michael-pigl-credits-sandra-schuck-225x300.jpg 225w, https:\/\/www.memo-media.de\/blog\/wp-content\/uploads\/2023\/10\/michael-pigl-credits-sandra-schuck-768x1024.jpg 768w, https:\/\/www.memo-media.de\/blog\/wp-content\/uploads\/2023\/10\/michael-pigl-credits-sandra-schuck-1152x1536.jpg 1152w, https:\/\/www.memo-media.de\/blog\/wp-content\/uploads\/2023\/10\/michael-pigl-credits-sandra-schuck-1536x2048.jpg 1536w, https:\/\/www.memo-media.de\/blog\/wp-content\/uploads\/2023\/10\/michael-pigl-credits-sandra-schuck-335x447.jpg 335w, https:\/\/www.memo-media.de\/blog\/wp-content\/uploads\/2023\/10\/michael-pigl-credits-sandra-schuck-1050x1400.jpg 1050w, https:\/\/www.memo-media.de\/blog\/wp-content\/uploads\/2023\/10\/michael-pigl-credits-sandra-schuck-scaled.jpg 1920w\" sizes=\"(max-width: 149px) 100vw, 149px\" \/><\/a><p id=\"caption-attachment-16609\" class=\"wp-caption-text\">Michael Pigl, der Gr\u00fcnder des inklusiven Circus Sonnenstich in Berlin.<\/p><\/div>\n<p><strong>MP:<\/strong> Der Name Sonnen-STICH ist Programm. Die Artistinnen und Artisten fordern mit Humor und gro\u00dfem Ernst ihre Rechte ein. Sie wu\u0308nschen sich RESPEKT \u2013 und definieren das mit gro\u00dfer inhaltlicher Tiefe und Weisheit von ihren eigenen Worten. Und sie sehen sich als STICH fu\u0308r die Gesellschaft. Sie wissen um ihre Rechte \u2013 auf Bildung, Beruf, Anerkennung und Mitgestaltung. Zentral ist die ra\u0308umliche und finanzielle Ausstattung von Bildungs- und Kulturinstitutionen, die es ermo\u0308glicht, dass alle Menschen einen Schulabschluss und eine Ausbildung entlang ihrer Potenziale und Kompetenzen machen ko\u0308nnen. In unserem Zentrum fu\u0308r bewegte Kunst sind wir mit dem Projekt \u00bbDie Bewegungsbotschafter\u00ab mitten in der Durchfu\u0308hrung eines vierja\u0308hrigen beruflichen Qualifizierungsmodells fu\u0308r Menschen mit Trisomie 21. Dabei stehen wir kurz davor, einer 25-ja\u0308hrigen Artistin mit Trisomie 21 bereits ab Oktober 2023 eine feste Arbeitsstelle auf dem ersten Arbeitsmarkt einzurichten. Und wir arbeiten daran, fu\u0308r weitere Sonnenstich-Artist:innen Arbeitspla\u0308tze in unserem Zentrum fu\u0308r bewegte Kunst zu schaffen.<\/p>\n<\/div>\n<\/div>\n<\/div>\n<\/div>\n<\/div>\n<\/div>\n<\/div>\n<\/div>\n<\/div>\n<\/div>\n<\/div>\n<\/div>\n<\/div>\n<\/div>\n<\/div>\n<\/div>\n<\/div>\n<\/div>\n<\/div>\n<\/div>\n<\/div>\n<\/div>\n<\/div>\n<\/div>\n<\/div>\n<\/div>\n<\/div>\n<\/div>\n<\/div>\n<\/div>\n<\/div>\n<\/div>\n<\/div>\n<\/div>\n<\/div>\n<\/div>\n<\/div>\n<\/div>\n<\/div>\n<\/div>\n<\/div>\n<\/div>\n<\/div>\n<\/div>\n<\/div>\n<\/div>\n<\/div>\n<\/div>\n<\/div>\n<\/div>\n<\/div>\n<\/div>\n","protected":false},"excerpt":{"rendered":"<p>Inklusion hei\u00dft, Kultur und Events fu\u0308r alle zuga\u0308nglich zu machen. Und das von allen Seiten. Also vor und auf der&#8230;<\/p>\n","protected":false},"author":4,"featured_media":16625,"comment_status":"closed","ping_status":"open","sticky":false,"template":"","format":"standard","meta":[],"categories":[1367],"tags":[2980,885,2981,2979],"yoast_head":"<!-- This site is optimized with the Yoast SEO Premium plugin v20.5 (Yoast SEO v20.5) - https:\/\/yoast.com\/wordpress\/plugins\/seo\/ -->\n<title>Zugang schaffen f\u00fcr alle<\/title>\n<meta name=\"description\" content=\"Inklusion hei\u00dft, Kultur und Events f\u00fcr alle zug\u00e4nglich zu machen, von allen Seiten. Die vier Experten beantworten, wie gut es bisher gelingt.\" \/>\n<meta name=\"robots\" content=\"index, follow, max-snippet:-1, max-image-preview:large, max-video-preview:-1\" \/>\n<link rel=\"canonical\" href=\"https:\/\/www.memo-media.de\/blog\/inklusion-zugang-schaffen-fuer-alle\/\" \/>\n<meta property=\"og:locale\" content=\"de_DE\" \/>\n<meta property=\"og:type\" content=\"article\" \/>\n<meta property=\"og:title\" content=\"Zugang schaffen f\u00fcr alle\" \/>\n<meta property=\"og:description\" content=\"Inklusion hei\u00dft, Kultur und Events f\u00fcr alle zug\u00e4nglich zu machen, von allen Seiten. Die vier Experten beantworten, wie gut es bisher gelingt.\" \/>\n<meta property=\"og:url\" content=\"https:\/\/www.memo-media.de\/blog\/inklusion-zugang-schaffen-fuer-alle\/\" \/>\n<meta property=\"og:site_name\" content=\"memo-media Blog f\u00fcr die Eventplanung\" \/>\n<meta property=\"article:author\" content=\"https:\/\/www.facebook.com\/theartcore\" \/>\n<meta property=\"article:published_time\" content=\"2023-11-05T09:00:42+00:00\" \/>\n<meta property=\"article:modified_time\" content=\"2023-10-16T09:30:23+00:00\" \/>\n<meta property=\"og:image\" content=\"https:\/\/www.memo-media.de\/blog\/wp-content\/uploads\/2023\/10\/micha2023-sol.jpg\" \/>\n\t<meta property=\"og:image:width\" content=\"2048\" \/>\n\t<meta property=\"og:image:height\" content=\"1365\" \/>\n\t<meta property=\"og:image:type\" content=\"image\/jpeg\" \/>\n<meta name=\"author\" content=\"Andreas Sch\u00e4fer\" \/>\n<meta name=\"twitter:label1\" content=\"Verfasst von\" \/>\n\t<meta name=\"twitter:data1\" content=\"Andreas Sch\u00e4fer\" \/>\n\t<meta name=\"twitter:label2\" content=\"Gesch\u00e4tzte Lesezeit\" \/>\n\t<meta name=\"twitter:data2\" content=\"10\u00a0Minuten\" \/>\n<script type=\"application\/ld+json\" class=\"yoast-schema-graph\">{\"@context\":\"https:\/\/schema.org\",\"@graph\":[{\"@type\":\"WebPage\",\"@id\":\"https:\/\/www.memo-media.de\/blog\/inklusion-zugang-schaffen-fuer-alle\/\",\"url\":\"https:\/\/www.memo-media.de\/blog\/inklusion-zugang-schaffen-fuer-alle\/\",\"name\":\"Zugang schaffen f\u00fcr alle\",\"isPartOf\":{\"@id\":\"https:\/\/www.memo-media.de\/blog\/#website\"},\"datePublished\":\"2023-11-05T09:00:42+00:00\",\"dateModified\":\"2023-10-16T09:30:23+00:00\",\"author\":{\"@id\":\"https:\/\/www.memo-media.de\/blog\/#\/schema\/person\/47b954ab670be9899b70793ff6260866\"},\"description\":\"Inklusion hei\u00dft, Kultur und Events f\u00fcr alle zug\u00e4nglich zu machen, von allen Seiten. Die vier Experten beantworten, wie gut es bisher gelingt.\",\"breadcrumb\":{\"@id\":\"https:\/\/www.memo-media.de\/blog\/inklusion-zugang-schaffen-fuer-alle\/#breadcrumb\"},\"inLanguage\":\"de\",\"potentialAction\":[{\"@type\":\"ReadAction\",\"target\":[\"https:\/\/www.memo-media.de\/blog\/inklusion-zugang-schaffen-fuer-alle\/\"]}]},{\"@type\":\"BreadcrumbList\",\"@id\":\"https:\/\/www.memo-media.de\/blog\/inklusion-zugang-schaffen-fuer-alle\/#breadcrumb\",\"itemListElement\":[{\"@type\":\"ListItem\",\"position\":1,\"name\":\"Home\",\"item\":\"https:\/\/www.memo-media.de\/blog\/\"},{\"@type\":\"ListItem\",\"position\":2,\"name\":\"Zugang schaffen f\u00fcr alle\"}]},{\"@type\":\"WebSite\",\"@id\":\"https:\/\/www.memo-media.de\/blog\/#website\",\"url\":\"https:\/\/www.memo-media.de\/blog\/\",\"name\":\"memo-media Blog f\u00fcr die Eventplanung\",\"description\":\"News und Facts aus der Eventbranche f\u00fcr die Eventbranche\",\"potentialAction\":[{\"@type\":\"SearchAction\",\"target\":{\"@type\":\"EntryPoint\",\"urlTemplate\":\"https:\/\/www.memo-media.de\/blog\/?s={search_term_string}\"},\"query-input\":\"required name=search_term_string\"}],\"inLanguage\":\"de\"},{\"@type\":\"Person\",\"@id\":\"https:\/\/www.memo-media.de\/blog\/#\/schema\/person\/47b954ab670be9899b70793ff6260866\",\"name\":\"Andreas Sch\u00e4fer\",\"image\":{\"@type\":\"ImageObject\",\"inLanguage\":\"de\",\"@id\":\"https:\/\/www.memo-media.de\/blog\/#\/schema\/person\/image\/\",\"url\":\"https:\/\/www.memo-media.de\/blog\/wp-content\/uploads\/2014\/04\/andreas-schaefer-c-martin-fago-150x150.jpg\",\"contentUrl\":\"https:\/\/www.memo-media.de\/blog\/wp-content\/uploads\/2014\/04\/andreas-schaefer-c-martin-fago-150x150.jpg\",\"caption\":\"Andreas Sch\u00e4fer\"},\"description\":\"Andreas Sch\u00e4fer besuchte die Master Class von Robert Lewis am Europ\u00e4ischen Schauspielerinstitut. Seit 1990 Regie und Leitung bei internationalen Theater- und Kunstevents auf der EXPO2000, f\u00fcr die Fraunhofer Gesellschaft, Initiativkreis Ruhrgebiet, Else-Lasker-Sch\u00fcler-Gesellschaft, Friedrich-Ebert-Stiftung u.a. 2014 European Best Event Award in Silber f\u00fcr einen Kunstevent im Europaparlament f\u00fcr die Stiftung EFCNI. Transitraum Else, internationales literarisches Projekt der Else-Lasker-Sch\u00fcler-Gesellschaft und Astronautenkost in Kooperation mit diversen Goethe-Instituten und der Villa Aurora u.a. mit Inger Nilsson, Lainie Kazan und John Nettles u.a. in Stockholm, New York, London und weiterer Beteiligung von 65 internationalen K\u00fcnstler*innen. F\u00f6rderpreis Digitale Dramaturgie Kultursekretariat NRW 2020. Seit 2009 ist er zweiter Chefredakteur der showcases im memo-media-Verlag.\",\"sameAs\":[\"http:\/\/www.andreas-schaefer.eu\",\"https:\/\/www.facebook.com\/theartcore\"],\"url\":\"https:\/\/www.memo-media.de\/blog\/author\/andreas-schaefer\/\"}]}<\/script>\n<!-- \/ Yoast SEO Premium plugin. -->","yoast_head_json":{"title":"Zugang schaffen f\u00fcr alle","description":"Inklusion hei\u00dft, Kultur und Events f\u00fcr alle zug\u00e4nglich zu machen, von allen Seiten. Die vier Experten beantworten, wie gut es bisher gelingt.","robots":{"index":"index","follow":"follow","max-snippet":"max-snippet:-1","max-image-preview":"max-image-preview:large","max-video-preview":"max-video-preview:-1"},"canonical":"https:\/\/www.memo-media.de\/blog\/inklusion-zugang-schaffen-fuer-alle\/","og_locale":"de_DE","og_type":"article","og_title":"Zugang schaffen f\u00fcr alle","og_description":"Inklusion hei\u00dft, Kultur und Events f\u00fcr alle zug\u00e4nglich zu machen, von allen Seiten. Die vier Experten beantworten, wie gut es bisher gelingt.","og_url":"https:\/\/www.memo-media.de\/blog\/inklusion-zugang-schaffen-fuer-alle\/","og_site_name":"memo-media Blog f\u00fcr die Eventplanung","article_author":"https:\/\/www.facebook.com\/theartcore","article_published_time":"2023-11-05T09:00:42+00:00","article_modified_time":"2023-10-16T09:30:23+00:00","og_image":[{"width":2048,"height":1365,"url":"https:\/\/www.memo-media.de\/blog\/wp-content\/uploads\/2023\/10\/micha2023-sol.jpg","type":"image\/jpeg"}],"author":"Andreas Sch\u00e4fer","twitter_misc":{"Verfasst von":"Andreas Sch\u00e4fer","Gesch\u00e4tzte Lesezeit":"10\u00a0Minuten"},"schema":{"@context":"https:\/\/schema.org","@graph":[{"@type":"WebPage","@id":"https:\/\/www.memo-media.de\/blog\/inklusion-zugang-schaffen-fuer-alle\/","url":"https:\/\/www.memo-media.de\/blog\/inklusion-zugang-schaffen-fuer-alle\/","name":"Zugang schaffen f\u00fcr alle","isPartOf":{"@id":"https:\/\/www.memo-media.de\/blog\/#website"},"datePublished":"2023-11-05T09:00:42+00:00","dateModified":"2023-10-16T09:30:23+00:00","author":{"@id":"https:\/\/www.memo-media.de\/blog\/#\/schema\/person\/47b954ab670be9899b70793ff6260866"},"description":"Inklusion hei\u00dft, Kultur und Events f\u00fcr alle zug\u00e4nglich zu machen, von allen Seiten. Die vier Experten beantworten, wie gut es bisher gelingt.","breadcrumb":{"@id":"https:\/\/www.memo-media.de\/blog\/inklusion-zugang-schaffen-fuer-alle\/#breadcrumb"},"inLanguage":"de","potentialAction":[{"@type":"ReadAction","target":["https:\/\/www.memo-media.de\/blog\/inklusion-zugang-schaffen-fuer-alle\/"]}]},{"@type":"BreadcrumbList","@id":"https:\/\/www.memo-media.de\/blog\/inklusion-zugang-schaffen-fuer-alle\/#breadcrumb","itemListElement":[{"@type":"ListItem","position":1,"name":"Home","item":"https:\/\/www.memo-media.de\/blog\/"},{"@type":"ListItem","position":2,"name":"Zugang schaffen f\u00fcr alle"}]},{"@type":"WebSite","@id":"https:\/\/www.memo-media.de\/blog\/#website","url":"https:\/\/www.memo-media.de\/blog\/","name":"memo-media Blog f\u00fcr die Eventplanung","description":"News und Facts aus der Eventbranche f\u00fcr die Eventbranche","potentialAction":[{"@type":"SearchAction","target":{"@type":"EntryPoint","urlTemplate":"https:\/\/www.memo-media.de\/blog\/?s={search_term_string}"},"query-input":"required name=search_term_string"}],"inLanguage":"de"},{"@type":"Person","@id":"https:\/\/www.memo-media.de\/blog\/#\/schema\/person\/47b954ab670be9899b70793ff6260866","name":"Andreas Sch\u00e4fer","image":{"@type":"ImageObject","inLanguage":"de","@id":"https:\/\/www.memo-media.de\/blog\/#\/schema\/person\/image\/","url":"https:\/\/www.memo-media.de\/blog\/wp-content\/uploads\/2014\/04\/andreas-schaefer-c-martin-fago-150x150.jpg","contentUrl":"https:\/\/www.memo-media.de\/blog\/wp-content\/uploads\/2014\/04\/andreas-schaefer-c-martin-fago-150x150.jpg","caption":"Andreas Sch\u00e4fer"},"description":"Andreas Sch\u00e4fer besuchte die Master Class von Robert Lewis am Europ\u00e4ischen Schauspielerinstitut. Seit 1990 Regie und Leitung bei internationalen Theater- und Kunstevents auf der EXPO2000, f\u00fcr die Fraunhofer Gesellschaft, Initiativkreis Ruhrgebiet, Else-Lasker-Sch\u00fcler-Gesellschaft, Friedrich-Ebert-Stiftung u.a. 2014 European Best Event Award in Silber f\u00fcr einen Kunstevent im Europaparlament f\u00fcr die Stiftung EFCNI. Transitraum Else, internationales literarisches Projekt der Else-Lasker-Sch\u00fcler-Gesellschaft und Astronautenkost in Kooperation mit diversen Goethe-Instituten und der Villa Aurora u.a. mit Inger Nilsson, Lainie Kazan und John Nettles u.a. in Stockholm, New York, London und weiterer Beteiligung von 65 internationalen K\u00fcnstler*innen. F\u00f6rderpreis Digitale Dramaturgie Kultursekretariat NRW 2020. Seit 2009 ist er zweiter Chefredakteur der showcases im memo-media-Verlag.","sameAs":["http:\/\/www.andreas-schaefer.eu","https:\/\/www.facebook.com\/theartcore"],"url":"https:\/\/www.memo-media.de\/blog\/author\/andreas-schaefer\/"}]}},"_links":{"self":[{"href":"https:\/\/www.memo-media.de\/blog\/wp-json\/wp\/v2\/posts\/16603"}],"collection":[{"href":"https:\/\/www.memo-media.de\/blog\/wp-json\/wp\/v2\/posts"}],"about":[{"href":"https:\/\/www.memo-media.de\/blog\/wp-json\/wp\/v2\/types\/post"}],"author":[{"embeddable":true,"href":"https:\/\/www.memo-media.de\/blog\/wp-json\/wp\/v2\/users\/4"}],"replies":[{"embeddable":true,"href":"https:\/\/www.memo-media.de\/blog\/wp-json\/wp\/v2\/comments?post=16603"}],"version-history":[{"count":18,"href":"https:\/\/www.memo-media.de\/blog\/wp-json\/wp\/v2\/posts\/16603\/revisions"}],"predecessor-version":[{"id":16634,"href":"https:\/\/www.memo-media.de\/blog\/wp-json\/wp\/v2\/posts\/16603\/revisions\/16634"}],"wp:featuredmedia":[{"embeddable":true,"href":"https:\/\/www.memo-media.de\/blog\/wp-json\/wp\/v2\/media\/16625"}],"wp:attachment":[{"href":"https:\/\/www.memo-media.de\/blog\/wp-json\/wp\/v2\/media?parent=16603"}],"wp:term":[{"taxonomy":"category","embeddable":true,"href":"https:\/\/www.memo-media.de\/blog\/wp-json\/wp\/v2\/categories?post=16603"},{"taxonomy":"post_tag","embeddable":true,"href":"https:\/\/www.memo-media.de\/blog\/wp-json\/wp\/v2\/tags?post=16603"}],"curies":[{"name":"wp","href":"https:\/\/api.w.org\/{rel}","templated":true}]}}