{"id":16485,"date":"2023-09-01T09:50:29","date_gmt":"2023-09-01T07:50:29","guid":{"rendered":"https:\/\/www.memo-media.de\/blog\/?p=16485"},"modified":"2023-09-06T12:16:34","modified_gmt":"2023-09-06T10:16:34","slug":"duo-monalaura-emotionale-artistik","status":"publish","type":"post","link":"https:\/\/www.memo-media.de\/blog\/duo-monalaura-emotionale-artistik\/","title":{"rendered":"Duo monalaura \u2013 emotionale Artistik in der Luft &#038; am Boden"},"content":{"rendered":"<p><span data-contrast=\"auto\">\u201eDie Verbindung, die uns ausmacht, ist beyond words\u201c, sagt Laura. Dann ist es f\u00fcr einen Moment still im zoom-Raum. Ein Moment, der mir bewusst macht, dass der Name des Duos \u201e<a href=\"http:\/\/www.monalaura.de\/\" target=\"_blank\" rel=\"noopener\">monalaura<\/a>\u201c nicht besser h\u00e4tte gew\u00e4hlt sein k\u00f6nnen.\u00a0<\/span><span data-ccp-props=\"{&quot;201341983&quot;:0,&quot;335559739&quot;:160,&quot;335559740&quot;:259}\">\u00a0<\/span><\/p>\n<div id=\"attachment_16491\" style=\"width: 310px\" class=\"wp-caption alignright\"><a href=\"https:\/\/www.memo-media.de\/blog\/wp-content\/uploads\/2023\/08\/duo-monalaura_memo-media_emotionale-artistik_hamburg_lukasstelter.jpg\"><img aria-describedby=\"caption-attachment-16491\" decoding=\"async\" loading=\"lazy\" class=\"wp-image-16491 size-medium\" src=\"https:\/\/www.memo-media.de\/blog\/wp-content\/uploads\/2023\/08\/duo-monalaura_memo-media_emotionale-artistik_hamburg_lukasstelter-300x215.jpg\" alt=\"Duo monalaura \u2013 emotionale Artistik\" width=\"300\" height=\"215\" srcset=\"https:\/\/www.memo-media.de\/blog\/wp-content\/uploads\/2023\/08\/duo-monalaura_memo-media_emotionale-artistik_hamburg_lukasstelter-300x215.jpg 300w, https:\/\/www.memo-media.de\/blog\/wp-content\/uploads\/2023\/08\/duo-monalaura_memo-media_emotionale-artistik_hamburg_lukasstelter-1024x732.jpg 1024w, https:\/\/www.memo-media.de\/blog\/wp-content\/uploads\/2023\/08\/duo-monalaura_memo-media_emotionale-artistik_hamburg_lukasstelter-768x549.jpg 768w, https:\/\/www.memo-media.de\/blog\/wp-content\/uploads\/2023\/08\/duo-monalaura_memo-media_emotionale-artistik_hamburg_lukasstelter-1536x1099.jpg 1536w, https:\/\/www.memo-media.de\/blog\/wp-content\/uploads\/2023\/08\/duo-monalaura_memo-media_emotionale-artistik_hamburg_lukasstelter-2048x1465.jpg 2048w, https:\/\/www.memo-media.de\/blog\/wp-content\/uploads\/2023\/08\/duo-monalaura_memo-media_emotionale-artistik_hamburg_lukasstelter-335x240.jpg 335w, https:\/\/www.memo-media.de\/blog\/wp-content\/uploads\/2023\/08\/duo-monalaura_memo-media_emotionale-artistik_hamburg_lukasstelter-1050x751.jpg 1050w\" sizes=\"(max-width: 300px) 100vw, 300px\" \/><\/a><p id=\"caption-attachment-16491\" class=\"wp-caption-text\">Das Duo monalaura kommt aus Hamburg und kennt sich bereits seit dem Grundschulalter. (Foto: Lukas Stelter)<\/p><\/div>\n<p><span data-contrast=\"auto\">Denn: Wenn Mona und Laura auf der B\u00fchne performen, erlebt das Publikum mehr als emotionale Artistik. Es erlebt die pure Verschmelzung zweier Pers\u00f6nlichkeiten, die sich durch und durch kennen \u2013 und vertrauen. Genau das macht ihre Shows und vor allem ihren Erfolg aus.<\/span><span data-ccp-props=\"{&quot;201341983&quot;:0,&quot;335559739&quot;:160,&quot;335559740&quot;:259}\">\u00a0<\/span><\/p>\n<p><span data-contrast=\"auto\">In einem \u00fcber einst\u00fcndigen Zoom-Interview haben mich Laura und Mona auf eine Zeitreise durch ihre Geschichte mitgenommen. Sie verraten, warum der Start auf der <a href=\"https:\/\/www.eventbranchenverzeichnis.de\/details\/staatliche-ballettschule-berlin-21924.html\" target=\"_blank\" rel=\"noopener\">Artistenschule Berlin<\/a> sehr schwer war, wie sie mit zweifelnden Meinungen von au\u00dfen umgegangen sind und was sie mit ihren Shows vermitteln m\u00f6chten.<\/span><\/p>\n<h3>\u201eDas Einrad war in Hamburg damals so ein Ding.\u201c<\/h3>\n<div id=\"attachment_16490\" style=\"width: 310px\" class=\"wp-caption alignleft\"><a href=\"https:\/\/www.memo-media.de\/blog\/wp-content\/uploads\/2023\/08\/duo-monalaura_tribuehne_jugendzirkus.jpg\"><img aria-describedby=\"caption-attachment-16490\" decoding=\"async\" loading=\"lazy\" class=\"wp-image-16490 size-medium\" src=\"https:\/\/www.memo-media.de\/blog\/wp-content\/uploads\/2023\/08\/duo-monalaura_tribuehne_jugendzirkus-300x225.jpg\" alt=\"Duo monalaura Luftartistik Kinderzirkus TriB\u00fchne\" width=\"300\" height=\"225\" srcset=\"https:\/\/www.memo-media.de\/blog\/wp-content\/uploads\/2023\/08\/duo-monalaura_tribuehne_jugendzirkus-300x225.jpg 300w, https:\/\/www.memo-media.de\/blog\/wp-content\/uploads\/2023\/08\/duo-monalaura_tribuehne_jugendzirkus-1024x768.jpg 1024w, https:\/\/www.memo-media.de\/blog\/wp-content\/uploads\/2023\/08\/duo-monalaura_tribuehne_jugendzirkus-768x576.jpg 768w, https:\/\/www.memo-media.de\/blog\/wp-content\/uploads\/2023\/08\/duo-monalaura_tribuehne_jugendzirkus-1536x1152.jpg 1536w, https:\/\/www.memo-media.de\/blog\/wp-content\/uploads\/2023\/08\/duo-monalaura_tribuehne_jugendzirkus-2048x1536.jpg 2048w, https:\/\/www.memo-media.de\/blog\/wp-content\/uploads\/2023\/08\/duo-monalaura_tribuehne_jugendzirkus-72x54.jpg 72w, https:\/\/www.memo-media.de\/blog\/wp-content\/uploads\/2023\/08\/duo-monalaura_tribuehne_jugendzirkus-335x251.jpg 335w, https:\/\/www.memo-media.de\/blog\/wp-content\/uploads\/2023\/08\/duo-monalaura_tribuehne_jugendzirkus-1050x788.jpg 1050w\" sizes=\"(max-width: 300px) 100vw, 300px\" \/><\/a><p id=\"caption-attachment-16490\" class=\"wp-caption-text\">Ein Bild aus Monas und Lauras Artistik-Anf\u00e4ngen im Kinderzirkus &#8220;TriB\u00fchne&#8221;.<\/p><\/div>\n<p><span data-contrast=\"auto\">Obwohl Mona und Laura in verschiedenen Stadtteilen Hamburgs aufwuchsen, kreuzten sich ihre Wege bereits im Grundschulalter. Beide entdeckten unabh\u00e4ngig voneinander ihre Begeisterung f\u00fcr das Einradfahren. \u201eDas Einrad war in Hamburg damals so ein Ding. Alle coolen Kids fuhren damit rum\u201c, schmunzelt Laura. Mit acht Jahren landeten die beiden in demselben Kinderzirkus namens \u201d<\/span><span data-contrast=\"none\"><a href=\"https:\/\/tribuehne.net\/\" target=\"_blank\" rel=\"noopener\">TriB\u00fchne<\/a>\u201d<\/span><span data-contrast=\"auto\">, lernten sich so richtig aber erst ein Jahr sp\u00e4ter w\u00e4hrend eines Sommer-Camps des Zirkus kennen. \u201eWir waren die J\u00fcngsten in der Truppe und mussten vor allen anderen ins Bett. Ich erinnere mich noch genau, dass wir zusammen in einem Zelt eine Gute-Nacht-Geschichte vorgelesen bekamen\u201c, erz\u00e4hlt Mona. \u201eDas war der Start unserer Freundschaft.\u201c<\/span><\/p>\n<h3>Ihre Entscheidung, Artistik professionell weiterzumachen<\/h3>\n<p><span data-contrast=\"auto\">Ihre Freude an der Artistik wuchs \u00fcber die Jahre weit \u00fcber das Freizeithobby hinaus. So weit, dass sie sich nach Lauras Auslandsjahr in der 11. Klasse damit besch\u00e4ftigten, wie sie ihren Weg in der Artistik professionell weitergehen k\u00f6nnten. Ihr Weg f\u00fchrte sie zur Staatlichen Artistenschule nach Berlin. \u201eWir hatten keinen Plan B. Also haben wir w\u00e4hrend unserer Abi-Zeit so oft es ging trainiert, um an der Artistenschule angenommen zu werden. Da die frei verf\u00fcgbaren Trainingshallen tags\u00fcber durchweg belegt waren, trainierten wir nachts. Um acht Uhr morgens ging es dann nat\u00fcrlich trotzdem p\u00fcnktlich zur Schule\u201c, erinnert sich Laura.<\/span><\/p>\n<h3>Der Start auf der Artistenschule und der erste D\u00e4mpfer<\/h3>\n<div id=\"attachment_16496\" style=\"width: 310px\" class=\"wp-caption alignright\"><a href=\"https:\/\/www.memo-media.de\/blog\/wp-content\/uploads\/2023\/08\/09.11.202_berlin_daisyseilern_akrobatik3.jpg\"><img aria-describedby=\"caption-attachment-16496\" decoding=\"async\" loading=\"lazy\" class=\"wp-image-16496 size-medium\" src=\"https:\/\/www.memo-media.de\/blog\/wp-content\/uploads\/2023\/08\/09.11.202_berlin_daisyseilern_akrobatik3-300x200.jpg\" alt=\"Duo monalaura \u2013 emotionale Artistik f\u00fcr Events\" width=\"300\" height=\"200\" srcset=\"https:\/\/www.memo-media.de\/blog\/wp-content\/uploads\/2023\/08\/09.11.202_berlin_daisyseilern_akrobatik3-300x200.jpg 300w, https:\/\/www.memo-media.de\/blog\/wp-content\/uploads\/2023\/08\/09.11.202_berlin_daisyseilern_akrobatik3-1024x683.jpg 1024w, https:\/\/www.memo-media.de\/blog\/wp-content\/uploads\/2023\/08\/09.11.202_berlin_daisyseilern_akrobatik3-768x512.jpg 768w, https:\/\/www.memo-media.de\/blog\/wp-content\/uploads\/2023\/08\/09.11.202_berlin_daisyseilern_akrobatik3-1536x1024.jpg 1536w, https:\/\/www.memo-media.de\/blog\/wp-content\/uploads\/2023\/08\/09.11.202_berlin_daisyseilern_akrobatik3-2048x1365.jpg 2048w, https:\/\/www.memo-media.de\/blog\/wp-content\/uploads\/2023\/08\/09.11.202_berlin_daisyseilern_akrobatik3-335x223.jpg 335w, https:\/\/www.memo-media.de\/blog\/wp-content\/uploads\/2023\/08\/09.11.202_berlin_daisyseilern_akrobatik3-1050x700.jpg 1050w\" sizes=\"(max-width: 300px) 100vw, 300px\" \/><\/a><p id=\"caption-attachment-16496\" class=\"wp-caption-text\">Das Duo monalaura absolvierte die Ausbildung auf der Staatlichen Artistenschule Berlin. (Foto: Daisy Seilern)<\/p><\/div>\n<p><span data-contrast=\"auto\">Ihre Disziplin hat sich ausgezahlt. Nachdem Mona und Laura ihr Abi in der Tasche hatten, starteten sie als Quereinsteigerinnen ihre dreij\u00e4hrige Ausbildung auf der Artistenschule in Berlin. Dort erlebten sie jedoch erst mal einen ordentlichen D\u00e4mpfer. \u201eWir kannten bislang nur den Hobbyzirkus und bekamen in diesem Umfeld oft Komplimente f\u00fcr unser K\u00f6nnen. Dann festzustellen, wie weit uns die Sch\u00fclerinnen und Sch\u00fcler der Staatlichen Artistenschule voraus waren, war echt hart. Zumal wir drei Jahre \u00e4lter waren als alle anderen\u201c, so Mona.<\/span><\/p>\n<h3>\u201eWenn wir etwas wollen, k\u00f6nnen wir das schaffen!\u201c<\/h3>\n<div id=\"attachment_16494\" style=\"width: 310px\" class=\"wp-caption alignleft\"><a href=\"https:\/\/www.memo-media.de\/blog\/wp-content\/uploads\/2023\/08\/18.12.2022_berlin_annawyszomierska_duo-monalaura_memo-media_emotionale-artistik.jpg\"><img aria-describedby=\"caption-attachment-16494\" decoding=\"async\" loading=\"lazy\" class=\"wp-image-16494 size-medium\" src=\"https:\/\/www.memo-media.de\/blog\/wp-content\/uploads\/2023\/08\/18.12.2022_berlin_annawyszomierska_duo-monalaura_memo-media_emotionale-artistik-300x200.jpg\" alt=\"Duo monalaura Luftartistik\" width=\"300\" height=\"200\" srcset=\"https:\/\/www.memo-media.de\/blog\/wp-content\/uploads\/2023\/08\/18.12.2022_berlin_annawyszomierska_duo-monalaura_memo-media_emotionale-artistik-300x200.jpg 300w, https:\/\/www.memo-media.de\/blog\/wp-content\/uploads\/2023\/08\/18.12.2022_berlin_annawyszomierska_duo-monalaura_memo-media_emotionale-artistik-1024x683.jpg 1024w, https:\/\/www.memo-media.de\/blog\/wp-content\/uploads\/2023\/08\/18.12.2022_berlin_annawyszomierska_duo-monalaura_memo-media_emotionale-artistik-768x512.jpg 768w, https:\/\/www.memo-media.de\/blog\/wp-content\/uploads\/2023\/08\/18.12.2022_berlin_annawyszomierska_duo-monalaura_memo-media_emotionale-artistik-1536x1024.jpg 1536w, https:\/\/www.memo-media.de\/blog\/wp-content\/uploads\/2023\/08\/18.12.2022_berlin_annawyszomierska_duo-monalaura_memo-media_emotionale-artistik-2048x1365.jpg 2048w, https:\/\/www.memo-media.de\/blog\/wp-content\/uploads\/2023\/08\/18.12.2022_berlin_annawyszomierska_duo-monalaura_memo-media_emotionale-artistik-335x223.jpg 335w, https:\/\/www.memo-media.de\/blog\/wp-content\/uploads\/2023\/08\/18.12.2022_berlin_annawyszomierska_duo-monalaura_memo-media_emotionale-artistik-1050x700.jpg 1050w\" sizes=\"(max-width: 300px) 100vw, 300px\" \/><\/a><p id=\"caption-attachment-16494\" class=\"wp-caption-text\">Ein wichtiger Leitsatz der Artistinnen lautet: &#8220;Wenn wir etwas wollen, k\u00f6nnen wir das schaffen!&#8221; (Foto: Anna Wyszomierska)<\/p><\/div>\n<p><span data-contrast=\"auto\">Pl\u00f6tzlich war die Artistik nicht mehr nur noch mit unbeschwerter Freude verbunden. Die beiden standen unter Leistungsdruck. Ihr Privatleben? Nicht existent zu der Zeit. \u201eWir haben nat\u00fcrlich mitbekommen, dass unsere ganzen Freunde aus Hamburg auf Reisen gingen und Partys feierten. Das fiel f\u00fcr uns alles flach, da wir so diszipliniert und fokussiert trainierten\u201c, erg\u00e4nzt Laura. \u201eWir sagten uns immer wieder: Wenn wir etwas wollen, k\u00f6nnen wir das schaffen!\u201c Dieser Leitsatz trug die Artistinnen nicht blo\u00df durch die Ausbildungsphase. Er verankerte sich zu einer Philosophie, die <a href=\"https:\/\/www.instagram.com\/duomonalaura\/\" target=\"_blank\" rel=\"noopener\">die Marke monalaura<\/a> bis heute ma\u00dfgeblich pr\u00e4gt.<\/span><\/p>\n<h3>Zweifelnde Stimmen und monalauras Reaktion drauf<\/h3>\n<p><span data-contrast=\"auto\">Selbst nach ihrem Abschluss auf der Artistenschule sahen sich die beiden mit zweifelnden Stimmen konfrontiert. \u201eAls wir 2016 beim European Youth Circus in Wiesbaden unseren ersten gr\u00f6\u00dferen Preis gewonnen haben, bekamen wir von einigen Menschen gesagt, sie h\u00e4tten uns den Gewinn nicht zugetraut. Das war schon heftig\u201c, offenbart das Duo. Davon haben sich die beiden aber nicht runterziehen lassen. Ganz im Gegenteil. Sie hielten immer an ihrem Leitsatz und ihrer Vision fest. Und sie glaubten an sich und ihre Kunst.<\/span><\/p>\n<h3>Ihr erfolgreichstes Jahr und der memo-media-Sonderpreis<\/h3>\n<div id=\"attachment_16492\" style=\"width: 310px\" class=\"wp-caption alignright\"><a href=\"https:\/\/www.memo-media.de\/blog\/wp-content\/uploads\/2023\/08\/memo-eigen_memo-media-sonderpreis-gauklerfestung.jpg\"><img aria-describedby=\"caption-attachment-16492\" decoding=\"async\" loading=\"lazy\" class=\"wp-image-16492 size-medium\" src=\"https:\/\/www.memo-media.de\/blog\/wp-content\/uploads\/2023\/08\/memo-eigen_memo-media-sonderpreis-gauklerfestung-300x300.jpg\" alt=\"Duo monalaura memo-media-Sonderpreis\" width=\"300\" height=\"300\" srcset=\"https:\/\/www.memo-media.de\/blog\/wp-content\/uploads\/2023\/08\/memo-eigen_memo-media-sonderpreis-gauklerfestung-300x300.jpg 300w, https:\/\/www.memo-media.de\/blog\/wp-content\/uploads\/2023\/08\/memo-eigen_memo-media-sonderpreis-gauklerfestung-150x150.jpg 150w, https:\/\/www.memo-media.de\/blog\/wp-content\/uploads\/2023\/08\/memo-eigen_memo-media-sonderpreis-gauklerfestung-335x335.jpg 335w, https:\/\/www.memo-media.de\/blog\/wp-content\/uploads\/2023\/08\/memo-eigen_memo-media-sonderpreis-gauklerfestung.jpg 350w\" sizes=\"(max-width: 300px) 100vw, 300px\" \/><\/a><p id=\"caption-attachment-16492\" class=\"wp-caption-text\">Mona und Laura haben auf der Gauklerfestung 2023 den memo-media-Sonderpreis gewonnen.<\/p><\/div>\n<p><span data-contrast=\"auto\">Seit diesem Jahr sp\u00fcren die beiden besonders stark, dass die ganze Arbeit an ihrem Selbstbewusstsein fruchtet. \u201eWir bekommen genau die Auftr\u00e4ge, die wir uns immer gew\u00fcnscht haben und es kommt sogar vor, dass wir Anfragen ablehnen m\u00fcssen. Ein besonders sch\u00f6ner Moment war in diesem Jahr auf der <a href=\"https:\/\/www.instagram.com\/p\/CvVXYixM6nG\/?utm_source=ig_web_copy_link&amp;igshid=MzRlODBiNWFlZA==\" target=\"_blank\" rel=\"noopener\">Gauklerfestung in Koblenz<\/a> Teil der Gala-Show zu sein und dann auch noch den memo-media-Sonderpreis zu gewinnen. Wir k\u00f6nnen noch gar nicht realisieren, was gerade alles passiert\u201c, erg\u00e4nzt Laura.<\/span><\/p>\n<h3>Emotionale Artistik durch Offenheit und Freude am Prozess<\/h3>\n<p><span data-contrast=\"auto\">Was <a href=\"https:\/\/www.gfa.events\/artist\/monalaura\/\" target=\"_blank\" rel=\"noopener\">ihre Acts<\/a> ausmacht, ist Neuartigkeit. Sie schauen nicht nach rechts und links, wenn sie ihre Acts kreieren. Die Artistinnen lassen sich ganz bewusst auf den Lauf der Dinge ein und \u00f6ffnen sich daf\u00fcr, Momente und Inspirationen zu empfangen. \u201eWas unsere Herangehensweise bei neuen Acts zudem unterscheidet, ist, dass wir den Fokus nicht auf das Ergebnis richten. Unser Fokus liegt auf der Freude am Prozess. Wir gehen einfach mit dem Flow\u201c, so Laura. \u201eDas ist auf jeden Fall eine Nachwirkung unserer Zeit aus dem Hobbyzirkus. Dort ging es nie um die Show selbst, sondern um den Spa\u00df an der Artistik\u201c, erg\u00e4nzt Mona.<\/span><\/p>\n<h3>Heimweh kennt das Duo monalaura nicht<\/h3>\n<div id=\"attachment_16495\" style=\"width: 179px\" class=\"wp-caption alignleft\"><a href=\"https:\/\/www.memo-media.de\/blog\/wp-content\/uploads\/2023\/08\/duo_monalaura_memo-media.jpg\"><img aria-describedby=\"caption-attachment-16495\" decoding=\"async\" loading=\"lazy\" class=\"wp-image-16495 size-medium\" src=\"https:\/\/www.memo-media.de\/blog\/wp-content\/uploads\/2023\/08\/duo_monalaura_memo-media-169x300.jpg\" alt=\"Mona und Laura Backstage\" width=\"169\" height=\"300\" srcset=\"https:\/\/www.memo-media.de\/blog\/wp-content\/uploads\/2023\/08\/duo_monalaura_memo-media-169x300.jpg 169w, https:\/\/www.memo-media.de\/blog\/wp-content\/uploads\/2023\/08\/duo_monalaura_memo-media-576x1024.jpg 576w, https:\/\/www.memo-media.de\/blog\/wp-content\/uploads\/2023\/08\/duo_monalaura_memo-media-768x1366.jpg 768w, https:\/\/www.memo-media.de\/blog\/wp-content\/uploads\/2023\/08\/duo_monalaura_memo-media-864x1536.jpg 864w, https:\/\/www.memo-media.de\/blog\/wp-content\/uploads\/2023\/08\/duo_monalaura_memo-media-1152x2048.jpg 1152w, https:\/\/www.memo-media.de\/blog\/wp-content\/uploads\/2023\/08\/duo_monalaura_memo-media-335x596.jpg 335w, https:\/\/www.memo-media.de\/blog\/wp-content\/uploads\/2023\/08\/duo_monalaura_memo-media-1050x1867.jpg 1050w, https:\/\/www.memo-media.de\/blog\/wp-content\/uploads\/2023\/08\/duo_monalaura_memo-media.jpg 1181w\" sizes=\"(max-width: 169px) 100vw, 169px\" \/><\/a><p id=\"caption-attachment-16495\" class=\"wp-caption-text\">Lauras und Monas Verbindung ist mit Worten nicht zu beschreiben.<\/p><\/div>\n<p><span data-contrast=\"auto\">Es ist ihr unerm\u00fcdlicher Glaube an ihre Vision und die vielen gemeinsamen Jahre, die <a href=\"https:\/\/www.facebook.com\/p\/monalaura-100063534039834\/?locale=de_DE\" target=\"_blank\" rel=\"noopener\">das Duo monalaura<\/a> so einzigartig machen. \u201eWenn wir unterwegs sind, kennen wir kein Heimweh, weil wir gegenseitig das Zuhause des anderen sind. Wir erleben seit vielen Jahren alles gemeinsam miteinander \u2013 jeden Geburtstag, jeden Feiertag, jede Show. Wir haben 100%iges Vertrauen in die andere und funktionieren auch in Drucksituationen perfekt miteinander \u2013 und das sogar nonverbal\u201c, offenbaren die Artistinnen.<\/span><\/p>\n<h3>Nachhaltiges Standing als Artistik-Duo monalaura<\/h3>\n<p><span data-contrast=\"auto\">Die beiden sind sich sicher, dass der steinige Weg ausschlaggebend daf\u00fcr ist, sich ein nachhaltiges Standing in der Szene aufgebaut zu haben. Und dass ihre Marke genau deswegen inzwischen so klar definiert und bekannt ist. \u201eWir sind genau da, wo wir immer hinwollten\u201c, sagen die beiden. Und ich sp\u00fcre dabei ihr Selbstvertrauen und auch die Dankbarkeit f\u00fcr ihren bisherigen gemeinsamen Weg.<\/span><span data-ccp-props=\"{&quot;201341983&quot;:0,&quot;335559739&quot;:160,&quot;335559740&quot;:259}\">\u00a0<\/span><\/p>\n<p><span data-contrast=\"auto\">Mit ihrem kreativen Schaffen m\u00f6chten sie nicht nur ihr ausgepr\u00e4gtes Bewusstsein f\u00fcr ihre Selbstverantwortung, sondern vor allem ihre tiefe Verbindung kommunizieren. Genau die lassen sie ihr Publikum von Kopf bis Fu\u00df sp\u00fcren, wenn sie auf der B\u00fchne stehen. In meiner Wahrnehmung machen Mona und Laura keine Kunst. monalaura sind Kunst.<\/span><\/p>\n<p><strong>PS: \u00dcber GoFor!Artists kannst du das Duo monalaura ganz einfach <a href=\"https:\/\/www.gfa.events\/artist\/monalaura\/\" target=\"_blank\" rel=\"noopener\">f\u00fcr deinen Event anfragen<\/a>.<\/strong><\/p>\n","protected":false},"excerpt":{"rendered":"<p>\u201eDie Verbindung, die uns ausmacht, ist beyond words\u201c, sagt Laura. Dann ist es f\u00fcr einen Moment still im zoom-Raum. Ein&#8230;<\/p>\n","protected":false},"author":21,"featured_media":16499,"comment_status":"closed","ping_status":"open","sticky":false,"template":"","format":"standard","meta":[],"categories":[9,4],"tags":[2961,2955,2959,2960,2956,2957,1077,2958,2962],"yoast_head":"<!-- This site is optimized with the Yoast SEO Premium plugin v20.5 (Yoast SEO v20.5) - https:\/\/yoast.com\/wordpress\/plugins\/seo\/ -->\n<title>Duo monalaura \u2013 emotionale Artistik in der Luft &amp; am Boden<\/title>\n<meta name=\"description\" content=\"Emotionale Artistik in der Luft &amp; am Boden f\u00fcr Events. Was das Duo monalaura dabei so besonders macht, verraten wir im memo-media-Blog.\" \/>\n<meta name=\"robots\" content=\"index, follow, max-snippet:-1, max-image-preview:large, max-video-preview:-1\" \/>\n<link rel=\"canonical\" href=\"https:\/\/www.memo-media.de\/blog\/duo-monalaura-emotionale-artistik\/\" \/>\n<meta property=\"og:locale\" content=\"de_DE\" \/>\n<meta property=\"og:type\" content=\"article\" \/>\n<meta property=\"og:title\" content=\"Duo monalaura \u2013 emotionale Artistik in der Luft &amp; am Boden\" \/>\n<meta property=\"og:description\" content=\"Emotionale Artistik in der Luft &amp; am Boden f\u00fcr Events. Was das Duo monalaura dabei so besonders macht, verraten wir im memo-media-Blog.\" \/>\n<meta property=\"og:url\" content=\"https:\/\/www.memo-media.de\/blog\/duo-monalaura-emotionale-artistik\/\" \/>\n<meta property=\"og:site_name\" content=\"memo-media Blog f\u00fcr die Eventplanung\" \/>\n<meta property=\"article:published_time\" content=\"2023-09-01T07:50:29+00:00\" \/>\n<meta property=\"article:modified_time\" content=\"2023-09-06T10:16:34+00:00\" \/>\n<meta property=\"og:image\" content=\"https:\/\/www.memo-media.de\/blog\/wp-content\/uploads\/2023\/08\/24.05.2021_mseuropa2_marcelhohenstein_rope_duo-monalaura_emotionale-artistik.jpg\" \/>\n\t<meta property=\"og:image:width\" content=\"1050\" \/>\n\t<meta property=\"og:image:height\" content=\"804\" \/>\n\t<meta property=\"og:image:type\" content=\"image\/jpeg\" \/>\n<meta name=\"author\" content=\"Tabea Lettau\" \/>\n<meta name=\"twitter:label1\" content=\"Verfasst von\" \/>\n\t<meta name=\"twitter:data1\" content=\"Tabea Lettau\" \/>\n\t<meta name=\"twitter:label2\" content=\"Gesch\u00e4tzte Lesezeit\" \/>\n\t<meta name=\"twitter:data2\" content=\"8\u00a0Minuten\" \/>\n<script type=\"application\/ld+json\" class=\"yoast-schema-graph\">{\"@context\":\"https:\/\/schema.org\",\"@graph\":[{\"@type\":\"WebPage\",\"@id\":\"https:\/\/www.memo-media.de\/blog\/duo-monalaura-emotionale-artistik\/\",\"url\":\"https:\/\/www.memo-media.de\/blog\/duo-monalaura-emotionale-artistik\/\",\"name\":\"Duo monalaura \u2013 emotionale Artistik in der Luft & am Boden\",\"isPartOf\":{\"@id\":\"https:\/\/www.memo-media.de\/blog\/#website\"},\"datePublished\":\"2023-09-01T07:50:29+00:00\",\"dateModified\":\"2023-09-06T10:16:34+00:00\",\"author\":{\"@id\":\"https:\/\/www.memo-media.de\/blog\/#\/schema\/person\/b2be3eb5c595160c885d721d60aba2b3\"},\"description\":\"Emotionale Artistik in der Luft & am Boden f\u00fcr Events. Was das Duo monalaura dabei so besonders macht, verraten wir im memo-media-Blog.\",\"breadcrumb\":{\"@id\":\"https:\/\/www.memo-media.de\/blog\/duo-monalaura-emotionale-artistik\/#breadcrumb\"},\"inLanguage\":\"de\",\"potentialAction\":[{\"@type\":\"ReadAction\",\"target\":[\"https:\/\/www.memo-media.de\/blog\/duo-monalaura-emotionale-artistik\/\"]}]},{\"@type\":\"BreadcrumbList\",\"@id\":\"https:\/\/www.memo-media.de\/blog\/duo-monalaura-emotionale-artistik\/#breadcrumb\",\"itemListElement\":[{\"@type\":\"ListItem\",\"position\":1,\"name\":\"Home\",\"item\":\"https:\/\/www.memo-media.de\/blog\/\"},{\"@type\":\"ListItem\",\"position\":2,\"name\":\"Duo monalaura \u2013 emotionale Artistik in der Luft &#038; am Boden\"}]},{\"@type\":\"WebSite\",\"@id\":\"https:\/\/www.memo-media.de\/blog\/#website\",\"url\":\"https:\/\/www.memo-media.de\/blog\/\",\"name\":\"memo-media Blog f\u00fcr die Eventplanung\",\"description\":\"News und Facts aus der Eventbranche f\u00fcr die Eventbranche\",\"potentialAction\":[{\"@type\":\"SearchAction\",\"target\":{\"@type\":\"EntryPoint\",\"urlTemplate\":\"https:\/\/www.memo-media.de\/blog\/?s={search_term_string}\"},\"query-input\":\"required name=search_term_string\"}],\"inLanguage\":\"de\"},{\"@type\":\"Person\",\"@id\":\"https:\/\/www.memo-media.de\/blog\/#\/schema\/person\/b2be3eb5c595160c885d721d60aba2b3\",\"name\":\"Tabea Lettau\",\"image\":{\"@type\":\"ImageObject\",\"inLanguage\":\"de\",\"@id\":\"https:\/\/www.memo-media.de\/blog\/#\/schema\/person\/image\/\",\"url\":\"https:\/\/www.memo-media.de\/blog\/wp-content\/uploads\/2024\/02\/tabea_lettau_redakteurin_memo-media-150x150.jpg\",\"contentUrl\":\"https:\/\/www.memo-media.de\/blog\/wp-content\/uploads\/2024\/02\/tabea_lettau_redakteurin_memo-media-150x150.jpg\",\"caption\":\"Tabea Lettau\"},\"description\":\"Tabea Lettau hat an der Universit\u00e4t Siegen Kommunikations- und Wirtschaftswissenschaften studiert. Bereits w\u00e4hrend ihres Studiums machte sie sich als Redakteurin und Content-Managerin selbstst\u00e4ndig. Seit 2015 ist sie als Freiberuflerin Teil des memo-media-Teams und schreibt u. a. f\u00fcr den Blog, das Magazin showcases und den monatlichen memoLetter. Die inspirierenden Geschichten und Visionen der Menschen in der Eventbranche zu erfahren, erf\u00fcllt sie daran ganz besonders. Neben ihrer freiberuflichen T\u00e4tigkeit realisiert sie auch eigene Online-Projekte und hat zwei B\u00fccher geschrieben.\",\"url\":\"https:\/\/www.memo-media.de\/blog\/author\/tabea-lettau\/\"}]}<\/script>\n<!-- \/ Yoast SEO Premium plugin. -->","yoast_head_json":{"title":"Duo monalaura \u2013 emotionale Artistik in der Luft & am Boden","description":"Emotionale Artistik in der Luft & am Boden f\u00fcr Events. Was das Duo monalaura dabei so besonders macht, verraten wir im memo-media-Blog.","robots":{"index":"index","follow":"follow","max-snippet":"max-snippet:-1","max-image-preview":"max-image-preview:large","max-video-preview":"max-video-preview:-1"},"canonical":"https:\/\/www.memo-media.de\/blog\/duo-monalaura-emotionale-artistik\/","og_locale":"de_DE","og_type":"article","og_title":"Duo monalaura \u2013 emotionale Artistik in der Luft & am Boden","og_description":"Emotionale Artistik in der Luft & am Boden f\u00fcr Events. Was das Duo monalaura dabei so besonders macht, verraten wir im memo-media-Blog.","og_url":"https:\/\/www.memo-media.de\/blog\/duo-monalaura-emotionale-artistik\/","og_site_name":"memo-media Blog f\u00fcr die Eventplanung","article_published_time":"2023-09-01T07:50:29+00:00","article_modified_time":"2023-09-06T10:16:34+00:00","og_image":[{"width":1050,"height":804,"url":"https:\/\/www.memo-media.de\/blog\/wp-content\/uploads\/2023\/08\/24.05.2021_mseuropa2_marcelhohenstein_rope_duo-monalaura_emotionale-artistik.jpg","type":"image\/jpeg"}],"author":"Tabea Lettau","twitter_misc":{"Verfasst von":"Tabea Lettau","Gesch\u00e4tzte Lesezeit":"8\u00a0Minuten"},"schema":{"@context":"https:\/\/schema.org","@graph":[{"@type":"WebPage","@id":"https:\/\/www.memo-media.de\/blog\/duo-monalaura-emotionale-artistik\/","url":"https:\/\/www.memo-media.de\/blog\/duo-monalaura-emotionale-artistik\/","name":"Duo monalaura \u2013 emotionale Artistik in der Luft & am Boden","isPartOf":{"@id":"https:\/\/www.memo-media.de\/blog\/#website"},"datePublished":"2023-09-01T07:50:29+00:00","dateModified":"2023-09-06T10:16:34+00:00","author":{"@id":"https:\/\/www.memo-media.de\/blog\/#\/schema\/person\/b2be3eb5c595160c885d721d60aba2b3"},"description":"Emotionale Artistik in der Luft & am Boden f\u00fcr Events. Was das Duo monalaura dabei so besonders macht, verraten wir im memo-media-Blog.","breadcrumb":{"@id":"https:\/\/www.memo-media.de\/blog\/duo-monalaura-emotionale-artistik\/#breadcrumb"},"inLanguage":"de","potentialAction":[{"@type":"ReadAction","target":["https:\/\/www.memo-media.de\/blog\/duo-monalaura-emotionale-artistik\/"]}]},{"@type":"BreadcrumbList","@id":"https:\/\/www.memo-media.de\/blog\/duo-monalaura-emotionale-artistik\/#breadcrumb","itemListElement":[{"@type":"ListItem","position":1,"name":"Home","item":"https:\/\/www.memo-media.de\/blog\/"},{"@type":"ListItem","position":2,"name":"Duo monalaura \u2013 emotionale Artistik in der Luft &#038; am Boden"}]},{"@type":"WebSite","@id":"https:\/\/www.memo-media.de\/blog\/#website","url":"https:\/\/www.memo-media.de\/blog\/","name":"memo-media Blog f\u00fcr die Eventplanung","description":"News und Facts aus der Eventbranche f\u00fcr die Eventbranche","potentialAction":[{"@type":"SearchAction","target":{"@type":"EntryPoint","urlTemplate":"https:\/\/www.memo-media.de\/blog\/?s={search_term_string}"},"query-input":"required name=search_term_string"}],"inLanguage":"de"},{"@type":"Person","@id":"https:\/\/www.memo-media.de\/blog\/#\/schema\/person\/b2be3eb5c595160c885d721d60aba2b3","name":"Tabea Lettau","image":{"@type":"ImageObject","inLanguage":"de","@id":"https:\/\/www.memo-media.de\/blog\/#\/schema\/person\/image\/","url":"https:\/\/www.memo-media.de\/blog\/wp-content\/uploads\/2024\/02\/tabea_lettau_redakteurin_memo-media-150x150.jpg","contentUrl":"https:\/\/www.memo-media.de\/blog\/wp-content\/uploads\/2024\/02\/tabea_lettau_redakteurin_memo-media-150x150.jpg","caption":"Tabea Lettau"},"description":"Tabea Lettau hat an der Universit\u00e4t Siegen Kommunikations- und Wirtschaftswissenschaften studiert. Bereits w\u00e4hrend ihres Studiums machte sie sich als Redakteurin und Content-Managerin selbstst\u00e4ndig. Seit 2015 ist sie als Freiberuflerin Teil des memo-media-Teams und schreibt u. a. f\u00fcr den Blog, das Magazin showcases und den monatlichen memoLetter. Die inspirierenden Geschichten und Visionen der Menschen in der Eventbranche zu erfahren, erf\u00fcllt sie daran ganz besonders. Neben ihrer freiberuflichen T\u00e4tigkeit realisiert sie auch eigene Online-Projekte und hat zwei B\u00fccher geschrieben.","url":"https:\/\/www.memo-media.de\/blog\/author\/tabea-lettau\/"}]}},"_links":{"self":[{"href":"https:\/\/www.memo-media.de\/blog\/wp-json\/wp\/v2\/posts\/16485"}],"collection":[{"href":"https:\/\/www.memo-media.de\/blog\/wp-json\/wp\/v2\/posts"}],"about":[{"href":"https:\/\/www.memo-media.de\/blog\/wp-json\/wp\/v2\/types\/post"}],"author":[{"embeddable":true,"href":"https:\/\/www.memo-media.de\/blog\/wp-json\/wp\/v2\/users\/21"}],"replies":[{"embeddable":true,"href":"https:\/\/www.memo-media.de\/blog\/wp-json\/wp\/v2\/comments?post=16485"}],"version-history":[{"count":10,"href":"https:\/\/www.memo-media.de\/blog\/wp-json\/wp\/v2\/posts\/16485\/revisions"}],"predecessor-version":[{"id":16725,"href":"https:\/\/www.memo-media.de\/blog\/wp-json\/wp\/v2\/posts\/16485\/revisions\/16725"}],"wp:featuredmedia":[{"embeddable":true,"href":"https:\/\/www.memo-media.de\/blog\/wp-json\/wp\/v2\/media\/16499"}],"wp:attachment":[{"href":"https:\/\/www.memo-media.de\/blog\/wp-json\/wp\/v2\/media?parent=16485"}],"wp:term":[{"taxonomy":"category","embeddable":true,"href":"https:\/\/www.memo-media.de\/blog\/wp-json\/wp\/v2\/categories?post=16485"},{"taxonomy":"post_tag","embeddable":true,"href":"https:\/\/www.memo-media.de\/blog\/wp-json\/wp\/v2\/tags?post=16485"}],"curies":[{"name":"wp","href":"https:\/\/api.w.org\/{rel}","templated":true}]}}