{"id":16323,"date":"2023-07-18T09:34:18","date_gmt":"2023-07-18T07:34:18","guid":{"rendered":"https:\/\/www.memo-media.de\/blog\/?p=16323"},"modified":"2023-08-15T11:46:00","modified_gmt":"2023-08-15T09:46:00","slug":"der-mondpalast-von-wanne-eickel-als-location-fuer-die-firmenfeier-im-ruhrgebiet","status":"publish","type":"post","link":"https:\/\/www.memo-media.de\/blog\/der-mondpalast-von-wanne-eickel-als-location-fuer-die-firmenfeier-im-ruhrgebiet\/","title":{"rendered":"Der Mondpalast von Wanne-Eickel als Location f\u00fcr die Firmenfeier im Ruhrgebiet"},"content":{"rendered":"<p>Wer sich auf der Webseite des <a href=\"https:\/\/www.mondpalast.com\/\" target=\"_blank\" rel=\"noopener\">Mondpalastes von Wanne-Eickel<\/a> umschaut, der darf schon herzhaft lachen, bevor er das Volkstheater im Herzen des Ruhrgebiets \u00fcberhaupt betritt. Allein die Beschreibung der Kickerkom\u00f6die <a href=\"https:\/\/www.mondpalast.com\/detail\/ronaldo-julia\" target=\"_blank\" rel=\"noopener\">\u201eRonaldo und Julia\u201c<\/a>, die hier regelm\u00e4\u00dfig gespielt wird, klingt nach bester Medizin f\u00fcr die Lachmuskeln: Zwei Wirte und ihre Kneipen liegen Wand an Wand, doch sie vertreten zwei unvers\u00f6hnliche Glaubensrichtungen &#8211; Schalke und Dortmund! Zwischen Tochter Julia Kapulinski und Nachbarssohn \u201eRonaldo\u201c Montakowski funkt es trotzdem \u2013 \u201edie erfolgreichste Fu\u00dfballkom\u00f6die Deutschlands\u201c schrieb die WAZ, und die lustigste wahrscheinlich auch. Kein Wunder, denn \u201eLach dich gl\u00fccklich\u201c ist das offizielle Motto des Mondpalastes \u2013 und von diesem Motto k\u00f6nnen auch Firmenkunden profitieren, die eine Location f\u00fcr ihre Firmenfeier im Ruhrgebiet suchen. Denn Deutschlands gro\u00dfes Volkstheater ist seit 20 Jahren nicht nur f\u00fcr erstklassige Kom\u00f6dien bekannt, sondern auch als <a href=\"https:\/\/www.mondpalast.com\/ihr-besuch\" target=\"_blank\" rel=\"noopener\">vielseitiger Ort f\u00fcr Firmenfeiern und Kundenveranstaltungen<\/a>.<\/p>\n<h3>F\u00fcr jede Gr\u00f6\u00dfenordnung die richtige Location f\u00fcr die Firmenfeier im Ruhrgebiet<\/h3>\n<div id=\"attachment_16327\" style=\"width: 310px\" class=\"wp-caption alignleft\"><a href=\"https:\/\/www.memo-media.de\/blog\/wp-content\/uploads\/2023\/07\/csm_mondpalast-foyer_ae980fdee5_20230512075426_l.jpg\"><img aria-describedby=\"caption-attachment-16327\" decoding=\"async\" loading=\"lazy\" class=\"wp-image-16327 size-medium\" src=\"https:\/\/www.memo-media.de\/blog\/wp-content\/uploads\/2023\/07\/csm_mondpalast-foyer_ae980fdee5_20230512075426_l-300x200.jpg\" alt=\"Der richtige Rahmen f\u00fcr Firmenfeiern im Ruhrgebiet: Der Mondpalast von Wanne-Eickel. \" width=\"300\" height=\"200\" srcset=\"https:\/\/www.memo-media.de\/blog\/wp-content\/uploads\/2023\/07\/csm_mondpalast-foyer_ae980fdee5_20230512075426_l-300x200.jpg 300w, https:\/\/www.memo-media.de\/blog\/wp-content\/uploads\/2023\/07\/csm_mondpalast-foyer_ae980fdee5_20230512075426_l-768x512.jpg 768w, https:\/\/www.memo-media.de\/blog\/wp-content\/uploads\/2023\/07\/csm_mondpalast-foyer_ae980fdee5_20230512075426_l-335x223.jpg 335w, https:\/\/www.memo-media.de\/blog\/wp-content\/uploads\/2023\/07\/csm_mondpalast-foyer_ae980fdee5_20230512075426_l.jpg 1024w\" sizes=\"(max-width: 300px) 100vw, 300px\" \/><\/a><p id=\"caption-attachment-16327\" class=\"wp-caption-text\">Der richtige Rahmen f\u00fcr Firmenfeiern im Ruhrgebiet: Der Mondpalast von Wanne-Eickel.<\/p><\/div>\n<p>Und dabei muss nat\u00fcrlich gar nicht immer das Thema Humor im Mittelpunkt stehen. In erster Linie geht es um einen gelungenen Tag oder Abend f\u00fcr Kunden oder Mitarbeitende, um ein neues Produkt, ein Jubil\u00e4um oder Wissensvermittlung. Daf\u00fcr bietet der Mondpalast genau den richtigen Rahmen. Seit April dieses Jahres ist <a href=\"https:\/\/www.mondpalast.com\/ensemble\" target=\"_blank\" rel=\"noopener\">Marvin Boettcher<\/a> der neue Eigent\u00fcmer des Theaters, und wir haben uns in Wanne-Eickel mit dem Event-Experten getroffen.<\/p>\n<p>\u201eDer Mondpalast ist f\u00fcr alle Arten von Firmenfeiern die richtige Location im Ruhrgebiet\u201c, schw\u00e4rmt der Theaterdirektor. Denn ob es ein Theaterabend f\u00fcr 20 Teammitglieder ist, die vor der Vorstellung im separaten Raum vorz\u00fcglich speisen m\u00f6chten, oder ein exklusiv f\u00fcr das Unternehmen produzierte 30-min\u00fctige Theaterst\u00fcck f\u00fcr 500 G\u00e4ste im gro\u00dfen Saal und danach die ausgelassene Party im Foyer: Der Mondpalast bietet Veranstaltern von Firmenfeiern viele flexible M\u00f6glichkeiten. \u201eWer hier feiert, muss eigentlich nur noch den Mantel an der Garderobe abgeben, um den Rest k\u00fcmmern wir uns\u201c, sagt Marvin Boettcher.<\/p>\n<h3>Nicht an feste Dienstleister gebunden<\/h3>\n<div id=\"attachment_16328\" style=\"width: 310px\" class=\"wp-caption alignleft\"><a href=\"https:\/\/www.memo-media.de\/blog\/wp-content\/uploads\/2023\/07\/mondpalast.jpg\"><img aria-describedby=\"caption-attachment-16328\" decoding=\"async\" loading=\"lazy\" class=\"wp-image-16328 size-medium\" src=\"https:\/\/www.memo-media.de\/blog\/wp-content\/uploads\/2023\/07\/mondpalast-300x204.jpg\" alt=\"Das Team k\u00fcmmert sich um alles, was Firmenkunden brauchen. Inklusive gute Stimmung!\" width=\"300\" height=\"204\" srcset=\"https:\/\/www.memo-media.de\/blog\/wp-content\/uploads\/2023\/07\/mondpalast-300x204.jpg 300w, https:\/\/www.memo-media.de\/blog\/wp-content\/uploads\/2023\/07\/mondpalast-768x523.jpg 768w, https:\/\/www.memo-media.de\/blog\/wp-content\/uploads\/2023\/07\/mondpalast-335x228.jpg 335w, https:\/\/www.memo-media.de\/blog\/wp-content\/uploads\/2023\/07\/mondpalast.jpg 1000w\" sizes=\"(max-width: 300px) 100vw, 300px\" \/><\/a><p id=\"caption-attachment-16328\" class=\"wp-caption-text\">Das Team k\u00fcmmert sich um alles, was Firmenkunden brauchen. Inklusive gute Stimmung!<\/p><\/div>\n<p>Das hei\u00dft: Das Team des Mondpalastes nimmt seinen Kunden entweder als Komplettpaket Themen wie Catering, Unterhaltung, Eventausstattung &amp; Co. ab, k\u00fcmmert sich um einzelne Bausteine oder stellt nur die R\u00e4umlichkeiten als Location f\u00fcr die Firmenfeier im Ruhrgebiet zur Verf\u00fcgung. An bestimmte Partner gebunden ist man hier nicht, aber nat\u00fcrlich verf\u00fcgen Boettcher und sein Team \u00fcber ein gro\u00dfes Netzwerk erfahrener Event-Dienstleister, mit denen sie seit vielen Jahren zusammenarbeiten.<\/p>\n<p>Bei der Frage, was den Mondpalast als Location besonders macht, muss der Theatermacher nicht lange \u00fcberlegen: \u201eDie Anbindung ist hervorragend, denn Wanne-Eickel liegt im geografischen Mittelpunkt des Ruhrgebiets und ist damit f\u00fcr die meisten G\u00e4ste nicht weit. Und nat\u00fcrlich das besondere Ambiente: Unser Theatersaal bietet Platz f\u00fcr 500 G\u00e4ste \u2013 aber trotzdem herrscht immer Wohnzimmer-Atmosph\u00e4re.\u201c<\/p>\n<h3>Themen mit Leichtigkeit<\/h3>\n<div id=\"attachment_16329\" style=\"width: 310px\" class=\"wp-caption alignleft\"><a href=\"https:\/\/www.memo-media.de\/blog\/wp-content\/uploads\/2023\/07\/mondpalast2.jpg\"><img aria-describedby=\"caption-attachment-16329\" decoding=\"async\" loading=\"lazy\" class=\"wp-image-16329 size-medium\" src=\"https:\/\/www.memo-media.de\/blog\/wp-content\/uploads\/2023\/07\/mondpalast2-300x205.jpg\" alt=\"Mitten im Ruhrgebiet: Der Mondpalast von Wanne-Eickel. \" width=\"300\" height=\"205\" srcset=\"https:\/\/www.memo-media.de\/blog\/wp-content\/uploads\/2023\/07\/mondpalast2-300x205.jpg 300w, https:\/\/www.memo-media.de\/blog\/wp-content\/uploads\/2023\/07\/mondpalast2-768x524.jpg 768w, https:\/\/www.memo-media.de\/blog\/wp-content\/uploads\/2023\/07\/mondpalast2-335x228.jpg 335w, https:\/\/www.memo-media.de\/blog\/wp-content\/uploads\/2023\/07\/mondpalast2.jpg 1000w\" sizes=\"(max-width: 300px) 100vw, 300px\" \/><\/a><p id=\"caption-attachment-16329\" class=\"wp-caption-text\">Mitten im Ruhrgebiet: Der Mondpalast von Wanne-Eickel.<\/p><\/div>\n<p>Was den Mondpalast aber auch von anderen Locations unterscheidet, ist die lockere und positive Stimmung, die hier in der Luft liegt. Auch wenn unser Treffen nachmittags im leeren Haus stattfand, konnte man f\u00f6rmlich sp\u00fcren, wie hier am Vorabend gelacht wurde, wie viel Spa\u00df die Besucher haben und wie gut man hier abschalten kann vom Alltag. F\u00fcr Veranstalter ist das ein echter Gewinn, denn egal, ob in Deutschlands gro\u00dfem Volkstheater einfach ausgelassen gefeiert wird oder ob es um komplexere Themen wie eine Firmenfusion oder die Einf\u00fchrung eines erkl\u00e4rungsbed\u00fcrftigen Produktes geht: Leichtigkeit und Humor sind immer die besten Zutaten f\u00fcr eine gelungene Veranstaltung.<\/p>\n<p>&nbsp;<\/p>\n<p>Wer diese Zutaten auch f\u00fcr sein Event m\u00f6chte, klickt <a href=\"https:\/\/www.eventbranchenverzeichnis.de\/details\/mondpalast-von-wanne-eickel-55584.html\" target=\"_blank\" rel=\"noopener\">hier<\/a>.<\/p>\n","protected":false},"excerpt":{"rendered":"<p>Wer sich auf der Webseite des Mondpalastes von Wanne-Eickel umschaut, der darf schon herzhaft lachen, bevor er das Volkstheater im&#8230;<\/p>\n","protected":false},"author":29,"featured_media":16326,"comment_status":"closed","ping_status":"open","sticky":false,"template":"","format":"standard","meta":[],"categories":[11],"tags":[209,1033,79,2950,1117],"yoast_head":"<!-- This site is optimized with the Yoast SEO Premium plugin v20.5 (Yoast SEO v20.5) - https:\/\/yoast.com\/wordpress\/plugins\/seo\/ -->\n<title>Der Mondpalast von Wanne-Eickel als Location f\u00fcr die Firmenfeier im Ruhrgebiet<\/title>\n<meta name=\"description\" content=\"F\u00fcr jede Gr\u00f6\u00dfenordnung die richtige Location f\u00fcr die Firmenfeier im Ruhrgebiet: Der Mondpalast von Wanne-Eickel.\" \/>\n<meta name=\"robots\" content=\"index, follow, max-snippet:-1, max-image-preview:large, max-video-preview:-1\" \/>\n<link rel=\"canonical\" href=\"https:\/\/www.memo-media.de\/blog\/der-mondpalast-von-wanne-eickel-als-location-fuer-die-firmenfeier-im-ruhrgebiet\/\" \/>\n<meta property=\"og:locale\" content=\"de_DE\" \/>\n<meta property=\"og:type\" content=\"article\" \/>\n<meta property=\"og:title\" content=\"Der Mondpalast von Wanne-Eickel als Location f\u00fcr die Firmenfeier im Ruhrgebiet\" \/>\n<meta property=\"og:description\" content=\"F\u00fcr jede Gr\u00f6\u00dfenordnung die richtige Location f\u00fcr die Firmenfeier im Ruhrgebiet: Der Mondpalast von Wanne-Eickel.\" \/>\n<meta property=\"og:url\" content=\"https:\/\/www.memo-media.de\/blog\/der-mondpalast-von-wanne-eickel-als-location-fuer-die-firmenfeier-im-ruhrgebiet\/\" \/>\n<meta property=\"og:site_name\" content=\"memo-media Blog f\u00fcr die Eventplanung\" \/>\n<meta property=\"article:published_time\" content=\"2023-07-18T07:34:18+00:00\" \/>\n<meta property=\"article:modified_time\" content=\"2023-08-15T09:46:00+00:00\" \/>\n<meta property=\"og:image\" content=\"https:\/\/www.memo-media.de\/blog\/wp-content\/uploads\/2023\/07\/design-ohne-titel3.jpg\" \/>\n\t<meta property=\"og:image:width\" content=\"1050\" \/>\n\t<meta property=\"og:image:height\" content=\"804\" \/>\n\t<meta property=\"og:image:type\" content=\"image\/jpeg\" \/>\n<meta name=\"author\" content=\"Julia Gundelach\" \/>\n<meta name=\"twitter:label1\" content=\"Verfasst von\" \/>\n\t<meta name=\"twitter:data1\" content=\"Julia Gundelach\" \/>\n\t<meta name=\"twitter:label2\" content=\"Gesch\u00e4tzte Lesezeit\" \/>\n\t<meta name=\"twitter:data2\" content=\"4\u00a0Minuten\" \/>\n<script type=\"application\/ld+json\" class=\"yoast-schema-graph\">{\"@context\":\"https:\/\/schema.org\",\"@graph\":[{\"@type\":\"WebPage\",\"@id\":\"https:\/\/www.memo-media.de\/blog\/der-mondpalast-von-wanne-eickel-als-location-fuer-die-firmenfeier-im-ruhrgebiet\/\",\"url\":\"https:\/\/www.memo-media.de\/blog\/der-mondpalast-von-wanne-eickel-als-location-fuer-die-firmenfeier-im-ruhrgebiet\/\",\"name\":\"Der Mondpalast von Wanne-Eickel als Location f\u00fcr die Firmenfeier im Ruhrgebiet\",\"isPartOf\":{\"@id\":\"https:\/\/www.memo-media.de\/blog\/#website\"},\"datePublished\":\"2023-07-18T07:34:18+00:00\",\"dateModified\":\"2023-08-15T09:46:00+00:00\",\"author\":{\"@id\":\"https:\/\/www.memo-media.de\/blog\/#\/schema\/person\/b01cd365604b7a1226e889d3e8e6f56d\"},\"description\":\"F\u00fcr jede Gr\u00f6\u00dfenordnung die richtige Location f\u00fcr die Firmenfeier im Ruhrgebiet: Der Mondpalast von Wanne-Eickel.\",\"breadcrumb\":{\"@id\":\"https:\/\/www.memo-media.de\/blog\/der-mondpalast-von-wanne-eickel-als-location-fuer-die-firmenfeier-im-ruhrgebiet\/#breadcrumb\"},\"inLanguage\":\"de\",\"potentialAction\":[{\"@type\":\"ReadAction\",\"target\":[\"https:\/\/www.memo-media.de\/blog\/der-mondpalast-von-wanne-eickel-als-location-fuer-die-firmenfeier-im-ruhrgebiet\/\"]}]},{\"@type\":\"BreadcrumbList\",\"@id\":\"https:\/\/www.memo-media.de\/blog\/der-mondpalast-von-wanne-eickel-als-location-fuer-die-firmenfeier-im-ruhrgebiet\/#breadcrumb\",\"itemListElement\":[{\"@type\":\"ListItem\",\"position\":1,\"name\":\"Home\",\"item\":\"https:\/\/www.memo-media.de\/blog\/\"},{\"@type\":\"ListItem\",\"position\":2,\"name\":\"Der Mondpalast von Wanne-Eickel als Location f\u00fcr die Firmenfeier im Ruhrgebiet\"}]},{\"@type\":\"WebSite\",\"@id\":\"https:\/\/www.memo-media.de\/blog\/#website\",\"url\":\"https:\/\/www.memo-media.de\/blog\/\",\"name\":\"memo-media Blog f\u00fcr die Eventplanung\",\"description\":\"News und Facts aus der Eventbranche f\u00fcr die Eventbranche\",\"potentialAction\":[{\"@type\":\"SearchAction\",\"target\":{\"@type\":\"EntryPoint\",\"urlTemplate\":\"https:\/\/www.memo-media.de\/blog\/?s={search_term_string}\"},\"query-input\":\"required name=search_term_string\"}],\"inLanguage\":\"de\"},{\"@type\":\"Person\",\"@id\":\"https:\/\/www.memo-media.de\/blog\/#\/schema\/person\/b01cd365604b7a1226e889d3e8e6f56d\",\"name\":\"Julia Gundelach\",\"image\":{\"@type\":\"ImageObject\",\"inLanguage\":\"de\",\"@id\":\"https:\/\/www.memo-media.de\/blog\/#\/schema\/person\/image\/\",\"url\":\"https:\/\/www.memo-media.de\/blog\/wp-content\/uploads\/2021\/05\/julia-gundelach-150x150.jpg\",\"contentUrl\":\"https:\/\/www.memo-media.de\/blog\/wp-content\/uploads\/2021\/05\/julia-gundelach-150x150.jpg\",\"caption\":\"Julia Gundelach\"},\"description\":\"Julia Gundelach ist seit 2016 Teil des memo-media-Teams und bloggt am liebsten \u00fcber actionreiche Eventformate, die sie auch selbst mal testen darf. Als freie Redakteurin ist sie spezialisiert auf die Bereiche Marketing, PR und Werbung, aber auch auf neue Themen in der Veranstaltungswirtschaft. Zum Gl\u00fcck, denn eine buntere, vielf\u00e4ltigere und \u00fcberraschendere Welt, als das Event-Business kann sie sich nicht vorstellen!\",\"url\":\"https:\/\/www.memo-media.de\/blog\/author\/anna-steinberg\/\"}]}<\/script>\n<!-- \/ Yoast SEO Premium plugin. -->","yoast_head_json":{"title":"Der Mondpalast von Wanne-Eickel als Location f\u00fcr die Firmenfeier im Ruhrgebiet","description":"F\u00fcr jede Gr\u00f6\u00dfenordnung die richtige Location f\u00fcr die Firmenfeier im Ruhrgebiet: Der Mondpalast von Wanne-Eickel.","robots":{"index":"index","follow":"follow","max-snippet":"max-snippet:-1","max-image-preview":"max-image-preview:large","max-video-preview":"max-video-preview:-1"},"canonical":"https:\/\/www.memo-media.de\/blog\/der-mondpalast-von-wanne-eickel-als-location-fuer-die-firmenfeier-im-ruhrgebiet\/","og_locale":"de_DE","og_type":"article","og_title":"Der Mondpalast von Wanne-Eickel als Location f\u00fcr die Firmenfeier im Ruhrgebiet","og_description":"F\u00fcr jede Gr\u00f6\u00dfenordnung die richtige Location f\u00fcr die Firmenfeier im Ruhrgebiet: Der Mondpalast von Wanne-Eickel.","og_url":"https:\/\/www.memo-media.de\/blog\/der-mondpalast-von-wanne-eickel-als-location-fuer-die-firmenfeier-im-ruhrgebiet\/","og_site_name":"memo-media Blog f\u00fcr die Eventplanung","article_published_time":"2023-07-18T07:34:18+00:00","article_modified_time":"2023-08-15T09:46:00+00:00","og_image":[{"width":1050,"height":804,"url":"https:\/\/www.memo-media.de\/blog\/wp-content\/uploads\/2023\/07\/design-ohne-titel3.jpg","type":"image\/jpeg"}],"author":"Julia Gundelach","twitter_misc":{"Verfasst von":"Julia Gundelach","Gesch\u00e4tzte Lesezeit":"4\u00a0Minuten"},"schema":{"@context":"https:\/\/schema.org","@graph":[{"@type":"WebPage","@id":"https:\/\/www.memo-media.de\/blog\/der-mondpalast-von-wanne-eickel-als-location-fuer-die-firmenfeier-im-ruhrgebiet\/","url":"https:\/\/www.memo-media.de\/blog\/der-mondpalast-von-wanne-eickel-als-location-fuer-die-firmenfeier-im-ruhrgebiet\/","name":"Der Mondpalast von Wanne-Eickel als Location f\u00fcr die Firmenfeier im Ruhrgebiet","isPartOf":{"@id":"https:\/\/www.memo-media.de\/blog\/#website"},"datePublished":"2023-07-18T07:34:18+00:00","dateModified":"2023-08-15T09:46:00+00:00","author":{"@id":"https:\/\/www.memo-media.de\/blog\/#\/schema\/person\/b01cd365604b7a1226e889d3e8e6f56d"},"description":"F\u00fcr jede Gr\u00f6\u00dfenordnung die richtige Location f\u00fcr die Firmenfeier im Ruhrgebiet: Der Mondpalast von Wanne-Eickel.","breadcrumb":{"@id":"https:\/\/www.memo-media.de\/blog\/der-mondpalast-von-wanne-eickel-als-location-fuer-die-firmenfeier-im-ruhrgebiet\/#breadcrumb"},"inLanguage":"de","potentialAction":[{"@type":"ReadAction","target":["https:\/\/www.memo-media.de\/blog\/der-mondpalast-von-wanne-eickel-als-location-fuer-die-firmenfeier-im-ruhrgebiet\/"]}]},{"@type":"BreadcrumbList","@id":"https:\/\/www.memo-media.de\/blog\/der-mondpalast-von-wanne-eickel-als-location-fuer-die-firmenfeier-im-ruhrgebiet\/#breadcrumb","itemListElement":[{"@type":"ListItem","position":1,"name":"Home","item":"https:\/\/www.memo-media.de\/blog\/"},{"@type":"ListItem","position":2,"name":"Der Mondpalast von Wanne-Eickel als Location f\u00fcr die Firmenfeier im Ruhrgebiet"}]},{"@type":"WebSite","@id":"https:\/\/www.memo-media.de\/blog\/#website","url":"https:\/\/www.memo-media.de\/blog\/","name":"memo-media Blog f\u00fcr die Eventplanung","description":"News und Facts aus der Eventbranche f\u00fcr die Eventbranche","potentialAction":[{"@type":"SearchAction","target":{"@type":"EntryPoint","urlTemplate":"https:\/\/www.memo-media.de\/blog\/?s={search_term_string}"},"query-input":"required name=search_term_string"}],"inLanguage":"de"},{"@type":"Person","@id":"https:\/\/www.memo-media.de\/blog\/#\/schema\/person\/b01cd365604b7a1226e889d3e8e6f56d","name":"Julia Gundelach","image":{"@type":"ImageObject","inLanguage":"de","@id":"https:\/\/www.memo-media.de\/blog\/#\/schema\/person\/image\/","url":"https:\/\/www.memo-media.de\/blog\/wp-content\/uploads\/2021\/05\/julia-gundelach-150x150.jpg","contentUrl":"https:\/\/www.memo-media.de\/blog\/wp-content\/uploads\/2021\/05\/julia-gundelach-150x150.jpg","caption":"Julia Gundelach"},"description":"Julia Gundelach ist seit 2016 Teil des memo-media-Teams und bloggt am liebsten \u00fcber actionreiche Eventformate, die sie auch selbst mal testen darf. Als freie Redakteurin ist sie spezialisiert auf die Bereiche Marketing, PR und Werbung, aber auch auf neue Themen in der Veranstaltungswirtschaft. Zum Gl\u00fcck, denn eine buntere, vielf\u00e4ltigere und \u00fcberraschendere Welt, als das Event-Business kann sie sich nicht vorstellen!","url":"https:\/\/www.memo-media.de\/blog\/author\/anna-steinberg\/"}]}},"_links":{"self":[{"href":"https:\/\/www.memo-media.de\/blog\/wp-json\/wp\/v2\/posts\/16323"}],"collection":[{"href":"https:\/\/www.memo-media.de\/blog\/wp-json\/wp\/v2\/posts"}],"about":[{"href":"https:\/\/www.memo-media.de\/blog\/wp-json\/wp\/v2\/types\/post"}],"author":[{"embeddable":true,"href":"https:\/\/www.memo-media.de\/blog\/wp-json\/wp\/v2\/users\/29"}],"replies":[{"embeddable":true,"href":"https:\/\/www.memo-media.de\/blog\/wp-json\/wp\/v2\/comments?post=16323"}],"version-history":[{"count":3,"href":"https:\/\/www.memo-media.de\/blog\/wp-json\/wp\/v2\/posts\/16323\/revisions"}],"predecessor-version":[{"id":16330,"href":"https:\/\/www.memo-media.de\/blog\/wp-json\/wp\/v2\/posts\/16323\/revisions\/16330"}],"wp:featuredmedia":[{"embeddable":true,"href":"https:\/\/www.memo-media.de\/blog\/wp-json\/wp\/v2\/media\/16326"}],"wp:attachment":[{"href":"https:\/\/www.memo-media.de\/blog\/wp-json\/wp\/v2\/media?parent=16323"}],"wp:term":[{"taxonomy":"category","embeddable":true,"href":"https:\/\/www.memo-media.de\/blog\/wp-json\/wp\/v2\/categories?post=16323"},{"taxonomy":"post_tag","embeddable":true,"href":"https:\/\/www.memo-media.de\/blog\/wp-json\/wp\/v2\/tags?post=16323"}],"curies":[{"name":"wp","href":"https:\/\/api.w.org\/{rel}","templated":true}]}}