{"id":16256,"date":"2023-07-14T11:00:05","date_gmt":"2023-07-14T09:00:05","guid":{"rendered":"https:\/\/www.memo-media.de\/blog\/?p=16256"},"modified":"2023-06-30T15:55:01","modified_gmt":"2023-06-30T13:55:01","slug":"rabenmuetter-eine-artistische-auseinandersetzung","status":"publish","type":"post","link":"https:\/\/www.memo-media.de\/blog\/rabenmuetter-eine-artistische-auseinandersetzung\/","title":{"rendered":"Rabenm\u00fctter \u2014 Eine artistische Auseinandersetzung"},"content":{"rendered":"<div class=\"page\" title=\"Page 1\">\n<div class=\"section\">\n<div class=\"layoutArea\">\n<div class=\"column\">\n<p><strong>Lena Ries, Romy Seibt und Anke van Engelshoven<\/strong> kannten sich schon aus einem anderen gemeinsamen Projekt, bevor sie [memo_eintrag kundennummer=163808]Still Hungry[\/memo_eintrag] gru\u0308ndeten. Mit dem Programm \u00bbRaven\u00ab haben sie alle drei ihre Rolle als Mu\u0308tter und Vollblutartistinnen aufgearbeitet. Das Wort \u00bbRabenmutter\u00ab ist so gut wie nur in der deutschen Sprache zu finden, die Abqualifizierung berufsta\u0308tiger Mu\u0308tter aber keine rein deutsche Spezialita\u0308t.<\/p>\n<div class=\"page\" title=\"Page 1\">\n<div class=\"section\">\n<div class=\"layoutArea\">\n<div class=\"column\">\n<h3>Anke van Engelshoven<\/h3>\n<div id=\"attachment_16263\" style=\"width: 235px\" class=\"wp-caption alignright\"><a href=\"https:\/\/www.memo-media.de\/blog\/wp-content\/uploads\/2023\/06\/raven-by-still-hungry_produced-by-chamaeleon-berlin_foto-andy-phillipson-scaled.jpg\"><img aria-describedby=\"caption-attachment-16263\" decoding=\"async\" loading=\"lazy\" class=\"wp-image-16263 \" src=\"https:\/\/www.memo-media.de\/blog\/wp-content\/uploads\/2023\/06\/raven-by-still-hungry_produced-by-chamaeleon-berlin_foto-andy-phillipson-200x300.jpg\" alt=\"Lena Ries, Romy Seibt und Anke van Engelshoven mit ihrem Programm \u00bbRaven\u00ab\" width=\"225\" height=\"338\" srcset=\"https:\/\/www.memo-media.de\/blog\/wp-content\/uploads\/2023\/06\/raven-by-still-hungry_produced-by-chamaeleon-berlin_foto-andy-phillipson-200x300.jpg 200w, https:\/\/www.memo-media.de\/blog\/wp-content\/uploads\/2023\/06\/raven-by-still-hungry_produced-by-chamaeleon-berlin_foto-andy-phillipson-683x1024.jpg 683w, https:\/\/www.memo-media.de\/blog\/wp-content\/uploads\/2023\/06\/raven-by-still-hungry_produced-by-chamaeleon-berlin_foto-andy-phillipson-768x1152.jpg 768w, https:\/\/www.memo-media.de\/blog\/wp-content\/uploads\/2023\/06\/raven-by-still-hungry_produced-by-chamaeleon-berlin_foto-andy-phillipson-1024x1536.jpg 1024w, https:\/\/www.memo-media.de\/blog\/wp-content\/uploads\/2023\/06\/raven-by-still-hungry_produced-by-chamaeleon-berlin_foto-andy-phillipson-1365x2048.jpg 1365w, https:\/\/www.memo-media.de\/blog\/wp-content\/uploads\/2023\/06\/raven-by-still-hungry_produced-by-chamaeleon-berlin_foto-andy-phillipson-335x503.jpg 335w, https:\/\/www.memo-media.de\/blog\/wp-content\/uploads\/2023\/06\/raven-by-still-hungry_produced-by-chamaeleon-berlin_foto-andy-phillipson-1050x1575.jpg 1050w, https:\/\/www.memo-media.de\/blog\/wp-content\/uploads\/2023\/06\/raven-by-still-hungry_produced-by-chamaeleon-berlin_foto-andy-phillipson-scaled.jpg 1706w\" sizes=\"(max-width: 225px) 100vw, 225px\" \/><\/a><p id=\"caption-attachment-16263\" class=\"wp-caption-text\">Lena Ries, Romy Seibt und Anke van Engelshoven mit ihrem Programm \u00bbRaven\u00ab<\/p><\/div>\n<p>Sie schloss 2001 ihr Studium in der \u00bbEtage\u00ab ab und arbeitete fu\u0308r Produktionen wie den Cirque du Soleil, 7 Fingers, das Chama\u0308leon Theater und Wintergarten. Sie spezialisierte sich auf Strapatenartistik, [memo_kategorie id=1302]Trapez[\/memo_kategorie], Seiden und Ketten. Auch Romy Seibt absolvierte an der Hochschule fu\u0308r darstellende Kunst \u00bbDie Etage\u00ab in Berlin und spezialisierte sich auf Partnertrapez und Vertikalseil. Seitdem hat sie auf der ganzen Welt in vielen verschiedenen Produktionen gearbeitet, darunter beim Festival Japan, Daidogei World Cup, Cirque du Demain Paris, [memo_eintrag kundennummer=158062]GOP[\/memo_eintrag], Chama\u0308leon Theater, Urbanatix, Rockcircus Switzerland. Sie entwickelte au\u00dferdem eine einzigartige Technik mit dem Meteor, einem speziellen Jonglagegera\u0308t, das aus zwei Gewichten, die mit einem Seil verbunden sind, besteht. Lena Ries studierte in Kanada. 2004 machte sie ihren Abschluss an der National Circus School of Montreal und arbeitete weltweit in vielen internationalen Produktionen, wie Cirque Eloize, 7 Fingers, New Circus Asia, Tiger Lillies, [memo_eintrag kundennummer=122368]Chama\u0308leon Theater[\/memo_eintrag], GOP, Wintergarten. Sie arbeitet mit dem Areal Hoop, als Schlangenfrau und Ta\u0308nzerin.<\/p>\n<p>Die drei Ku\u0308nstlerinnen setzten sich zusammen und dann auseinander mit ihrer Rolle als Mutter und freiberuflicher Vollblutartistin und gesellschaftlicher Erwartung. Herausgekommen ist ein fantastisch feministisches abendfu\u0308llendes Programm, das theatrale Mittel und [memo_kategorie id=1905]Artistik[\/memo_kategorie] aufs Scho\u0308nste amalgamiert.<\/p>\n<div class=\"page\" title=\"Page 1\">\n<div class=\"section\">\n<div class=\"layoutArea\">\n<div class=\"column\">\n<h3>Die Reise beginnt auf dem Sofa. So auch fu\u0308r die drei Frauen.<\/h3>\n<p>Das Sofa stand auf der [memo_kategorie id=1258]Bu\u0308hne[\/memo_kategorie] des Chama\u0308leon-Variete\u0301-Theaters in Berlin, der Stadt, wo die drei auch zu Hause sind. Es war ein Residenzprogramm ausgeschrieben, fu\u0308r das Anke, Lena und Romy recht schnell ein Konzept entwickelten, denn sie wollten ein ganz perso\u0308nliches Stu\u0308ck machen. Anke: \u00bbWir wollten u\u0308ber die Schwierigkeit sprechen, unseren Beruf und das Mutterdasein zu verbinden. Dass wir alle drei Mu\u0308tter sind, verbindet uns. Es ist natu\u0308rlich in jedem Beruf schwierig, aber in unserem noch mal so ein bisschen spezieller, weil es einfach sehr ko\u0308rperlich ist und eigentlich bedeutet, dass man viel auf Tour ist oder abends arbeitet. Es ist spannend, das als Thematik zu nehmen. Denn natu\u0308rlich hatten wir das Gefu\u0308hl, wir ko\u0308nnen es irgendwie niemandem recht machen und werden auch sehr schnell von au\u00dfen verurteilt. Wie man\u2019s macht, ist es falsch: deshalb Rabenmu\u0308tter!\u00ab<\/p>\n<\/div>\n<\/div>\n<\/div>\n<div class=\"section\">\n<div class=\"layoutArea\">\n<div class=\"column\">\n<div id=\"attachment_16268\" style=\"width: 298px\" class=\"wp-caption alignleft\"><a href=\"https:\/\/www.memo-media.de\/blog\/wp-content\/uploads\/2023\/06\/13_raven_stillhungry_chamaeleon-berlin-ggmbh_danielporsdorf-scaled.jpg\"><img aria-describedby=\"caption-attachment-16268\" decoding=\"async\" loading=\"lazy\" class=\" wp-image-16268\" src=\"https:\/\/www.memo-media.de\/blog\/wp-content\/uploads\/2023\/06\/13_raven_stillhungry_chamaeleon-berlin-ggmbh_danielporsdorf-300x200.jpg\" alt=\"Die Resonanz auf Raven ist bis jetzt sehr gut gewesen\" width=\"288\" height=\"192\" srcset=\"https:\/\/www.memo-media.de\/blog\/wp-content\/uploads\/2023\/06\/13_raven_stillhungry_chamaeleon-berlin-ggmbh_danielporsdorf-300x200.jpg 300w, https:\/\/www.memo-media.de\/blog\/wp-content\/uploads\/2023\/06\/13_raven_stillhungry_chamaeleon-berlin-ggmbh_danielporsdorf-1024x681.jpg 1024w, https:\/\/www.memo-media.de\/blog\/wp-content\/uploads\/2023\/06\/13_raven_stillhungry_chamaeleon-berlin-ggmbh_danielporsdorf-768x511.jpg 768w, https:\/\/www.memo-media.de\/blog\/wp-content\/uploads\/2023\/06\/13_raven_stillhungry_chamaeleon-berlin-ggmbh_danielporsdorf-1536x1022.jpg 1536w, https:\/\/www.memo-media.de\/blog\/wp-content\/uploads\/2023\/06\/13_raven_stillhungry_chamaeleon-berlin-ggmbh_danielporsdorf-2048x1363.jpg 2048w, https:\/\/www.memo-media.de\/blog\/wp-content\/uploads\/2023\/06\/13_raven_stillhungry_chamaeleon-berlin-ggmbh_danielporsdorf-335x223.jpg 335w, https:\/\/www.memo-media.de\/blog\/wp-content\/uploads\/2023\/06\/13_raven_stillhungry_chamaeleon-berlin-ggmbh_danielporsdorf-1050x699.jpg 1050w\" sizes=\"(max-width: 288px) 100vw, 288px\" \/><\/a><p id=\"caption-attachment-16268\" class=\"wp-caption-text\">Die Resonanz auf Raven ist bis jetzt sehr gut gewesen<\/p><\/div>\n<p>Das Programm fand nicht nur im Chama\u0308leon eine erfreute Abnehmerin. Die drei gastierten seit 2018 bei den Ruhrfestspielen Recklinghausen, dem beru\u0308hmten Edinburgh Fringe Festival und in Kanada. In Schottland gab es honorige Preise. Gleich im Doppel. Sie wurden Siegerinnen beim Fringe First Award 2019 der Zeitung The Scotsman, und sie kamen auf Platz eins beim Winner of Three-Weeks Edinburgh Award 2019. Au\u00dferdem waren sie auf der Shortlist fu\u0308r den Total Theatre Award for Circus 2019.<\/p>\n<div class=\"page\" title=\"Page 2\">\n<div class=\"section\">\n<div class=\"layoutArea\">\n<div class=\"column\">\n<p>Die Raben kamen an. Auch in Kanada. Denn das Stu\u0308ck wird international verstanden. Anke van Engelshoven: \u00bbWir sprechen halt auch die Zirkusindustrie an mit unserem Stu\u0308ck. Es hat viele feministische Aspekte \u2013 zum Beispiel, dass es immer noch Gang und Ga\u0308be ist, dass Frauen in einem gewissen Alter von der Bildfla\u0308che verschwinden und dann einfach nicht mehr da sind. Dieser Anspruch an [memo_kategorie id=1275]Akrobatinnen[\/memo_kategorie], nicht nur ko\u0308rperlich, sondern auch sonst in allen Lebensentscheidungen extrem flexibel zu sein, um gewisse Jobs machen zu ko\u0308nnen, darum geht es in unserem Stu\u0308ck. Ja, und das ist natu\u0308rlich feministisch.\u00ab Folgerichtig gastierten sie mit \u00bbRaven\u00ab beim Femme Festival in Vancouver. Die anschlie\u00dfende Kanadatournee im April 2023 ergab sich u\u0308brigens daraus, dass sie in Edinburgh auch vor internationalen Bookern aufgetreten waren.<\/p>\n<p>Anke Engelshoven resu\u0308miert: \u00bbDie Resonanz auf Raven ist bis jetzt auch in anderen La\u0308ndern sehr gut gewesen. Wir haben die Erfahrung, dass sich die Zuschauer:innen ganz unterschiedlich von unserem Stu\u0308ck angesprochen fu\u0308hlen. Viele kommen danach zu uns und sind ganz erleichtert, dass wir so ehrlich u\u0308ber die Themen und Schattenseiten von Mutterschaft sprechen und fu\u0308hlen sich eingeladen, sich mitzuteilen oder miteinander ins Gespra\u0308ch zu kommen. Gerade andere Artistinnen sind oft sehr bewegt, dass wir die Schwierigkeiten als Frauen und Mu\u0308tter u\u0308ber 35 inden darstellenden Ku\u0308nsten zum Thema machen. Von vielen ju\u0308ngeren Artisten und Artistinnen haben wir das Feedback erhalten, dass wir ihren Horizont erweitern konnten, da sie sich oft noch gar nicht mit diesen Themen auseinandergesetzt haben.\u00ab<\/p>\n<\/div>\n<\/div>\n<\/div>\n<\/div>\n<\/div>\n<\/div>\n<\/div>\n<\/div>\n<\/div>\n<\/div>\n<\/div>\n<\/div>\n<\/div>\n<\/div>\n<\/div>\n<\/div>\n","protected":false},"excerpt":{"rendered":"<p>Lena Ries, Romy Seibt und Anke van Engelshoven kannten sich schon aus einem anderen gemeinsamen Projekt, bevor sie [memo_eintrag kundennummer=163808]Still&#8230;<\/p>\n","protected":false},"author":4,"featured_media":16264,"comment_status":"closed","ping_status":"open","sticky":false,"template":"","format":"standard","meta":[],"categories":[9,4],"tags":[2924,2922,2921,2923,2925],"yoast_head":"<!-- This site is optimized with the Yoast SEO Premium plugin v20.5 (Yoast SEO v20.5) - https:\/\/yoast.com\/wordpress\/plugins\/seo\/ -->\n<title>Rabenm\u00fctter \u2014 Eine artistische Auseinandersetzung<\/title>\n<meta name=\"description\" content=\"Lena Ries, Romy Seibt und Anke van Engelshoven mit ihrem Programm &quot;Raven&quot;, das Artistik und theatrale Mittel gekonnt vereint und begeistert.\" \/>\n<meta name=\"robots\" content=\"index, follow, max-snippet:-1, max-image-preview:large, max-video-preview:-1\" \/>\n<link rel=\"canonical\" href=\"https:\/\/www.memo-media.de\/blog\/rabenmuetter-eine-artistische-auseinandersetzung\/\" \/>\n<meta property=\"og:locale\" content=\"de_DE\" \/>\n<meta property=\"og:type\" content=\"article\" \/>\n<meta property=\"og:title\" content=\"Rabenm\u00fctter \u2014 Eine artistische Auseinandersetzung\" \/>\n<meta property=\"og:description\" content=\"Lena Ries, Romy Seibt und Anke van Engelshoven mit ihrem Programm &quot;Raven&quot;, das Artistik und theatrale Mittel gekonnt vereint und begeistert.\" \/>\n<meta property=\"og:url\" content=\"https:\/\/www.memo-media.de\/blog\/rabenmuetter-eine-artistische-auseinandersetzung\/\" \/>\n<meta property=\"og:site_name\" content=\"memo-media Blog f\u00fcr die Eventplanung\" \/>\n<meta property=\"article:author\" content=\"https:\/\/www.facebook.com\/theartcore\" \/>\n<meta property=\"article:published_time\" content=\"2023-07-14T09:00:05+00:00\" \/>\n<meta property=\"article:modified_time\" content=\"2023-06-30T13:55:01+00:00\" \/>\n<meta property=\"og:image\" content=\"https:\/\/www.memo-media.de\/blog\/wp-content\/uploads\/2023\/06\/raven-by-still-hungry_produced-by-chamaeleon-berlin_foto-gianluca-quaranta_1-scaled.jpg\" \/>\n\t<meta property=\"og:image:width\" content=\"2560\" \/>\n\t<meta property=\"og:image:height\" content=\"2048\" \/>\n\t<meta property=\"og:image:type\" content=\"image\/jpeg\" \/>\n<meta name=\"author\" content=\"Andreas Sch\u00e4fer\" \/>\n<meta name=\"twitter:label1\" content=\"Verfasst von\" \/>\n\t<meta name=\"twitter:data1\" content=\"Andreas Sch\u00e4fer\" \/>\n\t<meta name=\"twitter:label2\" content=\"Gesch\u00e4tzte Lesezeit\" \/>\n\t<meta name=\"twitter:data2\" content=\"5\u00a0Minuten\" \/>\n<script type=\"application\/ld+json\" class=\"yoast-schema-graph\">{\"@context\":\"https:\/\/schema.org\",\"@graph\":[{\"@type\":\"WebPage\",\"@id\":\"https:\/\/www.memo-media.de\/blog\/rabenmuetter-eine-artistische-auseinandersetzung\/\",\"url\":\"https:\/\/www.memo-media.de\/blog\/rabenmuetter-eine-artistische-auseinandersetzung\/\",\"name\":\"Rabenm\u00fctter \u2014 Eine artistische Auseinandersetzung\",\"isPartOf\":{\"@id\":\"https:\/\/www.memo-media.de\/blog\/#website\"},\"datePublished\":\"2023-07-14T09:00:05+00:00\",\"dateModified\":\"2023-06-30T13:55:01+00:00\",\"author\":{\"@id\":\"https:\/\/www.memo-media.de\/blog\/#\/schema\/person\/47b954ab670be9899b70793ff6260866\"},\"description\":\"Lena Ries, Romy Seibt und Anke van Engelshoven mit ihrem Programm \\\"Raven\\\", das Artistik und theatrale Mittel gekonnt vereint und begeistert.\",\"breadcrumb\":{\"@id\":\"https:\/\/www.memo-media.de\/blog\/rabenmuetter-eine-artistische-auseinandersetzung\/#breadcrumb\"},\"inLanguage\":\"de\",\"potentialAction\":[{\"@type\":\"ReadAction\",\"target\":[\"https:\/\/www.memo-media.de\/blog\/rabenmuetter-eine-artistische-auseinandersetzung\/\"]}]},{\"@type\":\"BreadcrumbList\",\"@id\":\"https:\/\/www.memo-media.de\/blog\/rabenmuetter-eine-artistische-auseinandersetzung\/#breadcrumb\",\"itemListElement\":[{\"@type\":\"ListItem\",\"position\":1,\"name\":\"Home\",\"item\":\"https:\/\/www.memo-media.de\/blog\/\"},{\"@type\":\"ListItem\",\"position\":2,\"name\":\"Rabenm\u00fctter \u2014 Eine artistische Auseinandersetzung\"}]},{\"@type\":\"WebSite\",\"@id\":\"https:\/\/www.memo-media.de\/blog\/#website\",\"url\":\"https:\/\/www.memo-media.de\/blog\/\",\"name\":\"memo-media Blog f\u00fcr die Eventplanung\",\"description\":\"News und Facts aus der Eventbranche f\u00fcr die Eventbranche\",\"potentialAction\":[{\"@type\":\"SearchAction\",\"target\":{\"@type\":\"EntryPoint\",\"urlTemplate\":\"https:\/\/www.memo-media.de\/blog\/?s={search_term_string}\"},\"query-input\":\"required name=search_term_string\"}],\"inLanguage\":\"de\"},{\"@type\":\"Person\",\"@id\":\"https:\/\/www.memo-media.de\/blog\/#\/schema\/person\/47b954ab670be9899b70793ff6260866\",\"name\":\"Andreas Sch\u00e4fer\",\"image\":{\"@type\":\"ImageObject\",\"inLanguage\":\"de\",\"@id\":\"https:\/\/www.memo-media.de\/blog\/#\/schema\/person\/image\/\",\"url\":\"https:\/\/www.memo-media.de\/blog\/wp-content\/uploads\/2014\/04\/andreas-schaefer-c-martin-fago-150x150.jpg\",\"contentUrl\":\"https:\/\/www.memo-media.de\/blog\/wp-content\/uploads\/2014\/04\/andreas-schaefer-c-martin-fago-150x150.jpg\",\"caption\":\"Andreas Sch\u00e4fer\"},\"description\":\"Andreas Sch\u00e4fer besuchte die Master Class von Robert Lewis am Europ\u00e4ischen Schauspielerinstitut. Seit 1990 Regie und Leitung bei internationalen Theater- und Kunstevents auf der EXPO2000, f\u00fcr die Fraunhofer Gesellschaft, Initiativkreis Ruhrgebiet, Else-Lasker-Sch\u00fcler-Gesellschaft, Friedrich-Ebert-Stiftung u.a. 2014 European Best Event Award in Silber f\u00fcr einen Kunstevent im Europaparlament f\u00fcr die Stiftung EFCNI. Transitraum Else, internationales literarisches Projekt der Else-Lasker-Sch\u00fcler-Gesellschaft und Astronautenkost in Kooperation mit diversen Goethe-Instituten und der Villa Aurora u.a. mit Inger Nilsson, Lainie Kazan und John Nettles u.a. in Stockholm, New York, London und weiterer Beteiligung von 65 internationalen K\u00fcnstler*innen. F\u00f6rderpreis Digitale Dramaturgie Kultursekretariat NRW 2020. Seit 2009 ist er zweiter Chefredakteur der showcases im memo-media-Verlag.\",\"sameAs\":[\"http:\/\/www.andreas-schaefer.eu\",\"https:\/\/www.facebook.com\/theartcore\"],\"url\":\"https:\/\/www.memo-media.de\/blog\/author\/andreas-schaefer\/\"}]}<\/script>\n<!-- \/ Yoast SEO Premium plugin. -->","yoast_head_json":{"title":"Rabenm\u00fctter \u2014 Eine artistische Auseinandersetzung","description":"Lena Ries, Romy Seibt und Anke van Engelshoven mit ihrem Programm \"Raven\", das Artistik und theatrale Mittel gekonnt vereint und begeistert.","robots":{"index":"index","follow":"follow","max-snippet":"max-snippet:-1","max-image-preview":"max-image-preview:large","max-video-preview":"max-video-preview:-1"},"canonical":"https:\/\/www.memo-media.de\/blog\/rabenmuetter-eine-artistische-auseinandersetzung\/","og_locale":"de_DE","og_type":"article","og_title":"Rabenm\u00fctter \u2014 Eine artistische Auseinandersetzung","og_description":"Lena Ries, Romy Seibt und Anke van Engelshoven mit ihrem Programm \"Raven\", das Artistik und theatrale Mittel gekonnt vereint und begeistert.","og_url":"https:\/\/www.memo-media.de\/blog\/rabenmuetter-eine-artistische-auseinandersetzung\/","og_site_name":"memo-media Blog f\u00fcr die Eventplanung","article_author":"https:\/\/www.facebook.com\/theartcore","article_published_time":"2023-07-14T09:00:05+00:00","article_modified_time":"2023-06-30T13:55:01+00:00","og_image":[{"width":2560,"height":2048,"url":"https:\/\/www.memo-media.de\/blog\/wp-content\/uploads\/2023\/06\/raven-by-still-hungry_produced-by-chamaeleon-berlin_foto-gianluca-quaranta_1-scaled.jpg","type":"image\/jpeg"}],"author":"Andreas Sch\u00e4fer","twitter_misc":{"Verfasst von":"Andreas Sch\u00e4fer","Gesch\u00e4tzte Lesezeit":"5\u00a0Minuten"},"schema":{"@context":"https:\/\/schema.org","@graph":[{"@type":"WebPage","@id":"https:\/\/www.memo-media.de\/blog\/rabenmuetter-eine-artistische-auseinandersetzung\/","url":"https:\/\/www.memo-media.de\/blog\/rabenmuetter-eine-artistische-auseinandersetzung\/","name":"Rabenm\u00fctter \u2014 Eine artistische Auseinandersetzung","isPartOf":{"@id":"https:\/\/www.memo-media.de\/blog\/#website"},"datePublished":"2023-07-14T09:00:05+00:00","dateModified":"2023-06-30T13:55:01+00:00","author":{"@id":"https:\/\/www.memo-media.de\/blog\/#\/schema\/person\/47b954ab670be9899b70793ff6260866"},"description":"Lena Ries, Romy Seibt und Anke van Engelshoven mit ihrem Programm \"Raven\", das Artistik und theatrale Mittel gekonnt vereint und begeistert.","breadcrumb":{"@id":"https:\/\/www.memo-media.de\/blog\/rabenmuetter-eine-artistische-auseinandersetzung\/#breadcrumb"},"inLanguage":"de","potentialAction":[{"@type":"ReadAction","target":["https:\/\/www.memo-media.de\/blog\/rabenmuetter-eine-artistische-auseinandersetzung\/"]}]},{"@type":"BreadcrumbList","@id":"https:\/\/www.memo-media.de\/blog\/rabenmuetter-eine-artistische-auseinandersetzung\/#breadcrumb","itemListElement":[{"@type":"ListItem","position":1,"name":"Home","item":"https:\/\/www.memo-media.de\/blog\/"},{"@type":"ListItem","position":2,"name":"Rabenm\u00fctter \u2014 Eine artistische Auseinandersetzung"}]},{"@type":"WebSite","@id":"https:\/\/www.memo-media.de\/blog\/#website","url":"https:\/\/www.memo-media.de\/blog\/","name":"memo-media Blog f\u00fcr die Eventplanung","description":"News und Facts aus der Eventbranche f\u00fcr die Eventbranche","potentialAction":[{"@type":"SearchAction","target":{"@type":"EntryPoint","urlTemplate":"https:\/\/www.memo-media.de\/blog\/?s={search_term_string}"},"query-input":"required name=search_term_string"}],"inLanguage":"de"},{"@type":"Person","@id":"https:\/\/www.memo-media.de\/blog\/#\/schema\/person\/47b954ab670be9899b70793ff6260866","name":"Andreas Sch\u00e4fer","image":{"@type":"ImageObject","inLanguage":"de","@id":"https:\/\/www.memo-media.de\/blog\/#\/schema\/person\/image\/","url":"https:\/\/www.memo-media.de\/blog\/wp-content\/uploads\/2014\/04\/andreas-schaefer-c-martin-fago-150x150.jpg","contentUrl":"https:\/\/www.memo-media.de\/blog\/wp-content\/uploads\/2014\/04\/andreas-schaefer-c-martin-fago-150x150.jpg","caption":"Andreas Sch\u00e4fer"},"description":"Andreas Sch\u00e4fer besuchte die Master Class von Robert Lewis am Europ\u00e4ischen Schauspielerinstitut. Seit 1990 Regie und Leitung bei internationalen Theater- und Kunstevents auf der EXPO2000, f\u00fcr die Fraunhofer Gesellschaft, Initiativkreis Ruhrgebiet, Else-Lasker-Sch\u00fcler-Gesellschaft, Friedrich-Ebert-Stiftung u.a. 2014 European Best Event Award in Silber f\u00fcr einen Kunstevent im Europaparlament f\u00fcr die Stiftung EFCNI. Transitraum Else, internationales literarisches Projekt der Else-Lasker-Sch\u00fcler-Gesellschaft und Astronautenkost in Kooperation mit diversen Goethe-Instituten und der Villa Aurora u.a. mit Inger Nilsson, Lainie Kazan und John Nettles u.a. in Stockholm, New York, London und weiterer Beteiligung von 65 internationalen K\u00fcnstler*innen. F\u00f6rderpreis Digitale Dramaturgie Kultursekretariat NRW 2020. Seit 2009 ist er zweiter Chefredakteur der showcases im memo-media-Verlag.","sameAs":["http:\/\/www.andreas-schaefer.eu","https:\/\/www.facebook.com\/theartcore"],"url":"https:\/\/www.memo-media.de\/blog\/author\/andreas-schaefer\/"}]}},"_links":{"self":[{"href":"https:\/\/www.memo-media.de\/blog\/wp-json\/wp\/v2\/posts\/16256"}],"collection":[{"href":"https:\/\/www.memo-media.de\/blog\/wp-json\/wp\/v2\/posts"}],"about":[{"href":"https:\/\/www.memo-media.de\/blog\/wp-json\/wp\/v2\/types\/post"}],"author":[{"embeddable":true,"href":"https:\/\/www.memo-media.de\/blog\/wp-json\/wp\/v2\/users\/4"}],"replies":[{"embeddable":true,"href":"https:\/\/www.memo-media.de\/blog\/wp-json\/wp\/v2\/comments?post=16256"}],"version-history":[{"count":14,"href":"https:\/\/www.memo-media.de\/blog\/wp-json\/wp\/v2\/posts\/16256\/revisions"}],"predecessor-version":[{"id":16298,"href":"https:\/\/www.memo-media.de\/blog\/wp-json\/wp\/v2\/posts\/16256\/revisions\/16298"}],"wp:featuredmedia":[{"embeddable":true,"href":"https:\/\/www.memo-media.de\/blog\/wp-json\/wp\/v2\/media\/16264"}],"wp:attachment":[{"href":"https:\/\/www.memo-media.de\/blog\/wp-json\/wp\/v2\/media?parent=16256"}],"wp:term":[{"taxonomy":"category","embeddable":true,"href":"https:\/\/www.memo-media.de\/blog\/wp-json\/wp\/v2\/categories?post=16256"},{"taxonomy":"post_tag","embeddable":true,"href":"https:\/\/www.memo-media.de\/blog\/wp-json\/wp\/v2\/tags?post=16256"}],"curies":[{"name":"wp","href":"https:\/\/api.w.org\/{rel}","templated":true}]}}